{"d":{"__metadata":{"id":"https://ws.parlament.ch/OData.svc/Subject(ID=25757L,Language='DE')","uri":"https://ws.parlament.ch/OData.svc/Subject(ID=25757L,Language='DE')","type":"itsystems.Pd.DataServices.DataModel.Subject"},"Meetings":{"__metadata":{"id":"https://ws.parlament.ch/OData.svc/Meeting(ID=1661L,Language='DE')","uri":"https://ws.parlament.ch/OData.svc/Meeting(ID=1661L,Language='DE')","type":"itsystems.Pd.DataServices.DataModel.Meeting"},"Sessions":{"__deferred":{"uri":"https://ws.parlament.ch/OData.svc/Meeting(ID=1661L,Language='DE')/Sessions"}},"Subjects":{"__deferred":{"uri":"https://ws.parlament.ch/OData.svc/Meeting(ID=1661L,Language='DE')/Subjects"}},"ID":"1661","Language":"DE","MeetingNumber":1,"IdSession":4912,"SessionNumber":12,"SessionName":"Fr\u00fchjahrssession 2014","Council":2,"CouncilName":"St\u00e4nderat","CouncilAbbreviation":"SR","Date":"\/Date(1393804800000)\/","Begin":"1615","Modified":"\/Date(1447070319267)\/","LegislativePeriodNumber":49,"PublicationStatus":"final","MeetingOrderText":"Erste Sitzung","SortOrder":1,"Location":"S"},"SubjectsBusiness":{"results":[{"__metadata":{"id":"https://ws.parlament.ch/OData.svc/SubjectBusiness(BusinessNumber=20130088,IdSubject=25757L,Language='DE')","uri":"https://ws.parlament.ch/OData.svc/SubjectBusiness(BusinessNumber=20130088,IdSubject=25757L,Language='DE')","type":"itsystems.Pd.DataServices.DataModel.SubjectBusiness"},"Subjects":{"__deferred":{"uri":"https://ws.parlament.ch/OData.svc/SubjectBusiness(BusinessNumber=20130088,IdSubject=25757L,Language='DE')/Subjects"}},"Businesses":{"__deferred":{"uri":"https://ws.parlament.ch/OData.svc/SubjectBusiness(BusinessNumber=20130088,IdSubject=25757L,Language='DE')/Businesses"}},"IdSubject":"25757","BusinessNumber":20130088,"Language":"DE","BusinessShortNumber":"13.088","Title":"Vernehmlassungsgesetz. \u00c4nderung","SortOrder":1,"PublishedNotes":"Erstrat - Premier Conseil\n","Modified":"\/Date(1447069580690)\/","TitleDE":"Vernehmlassungsgesetz.\n\u00c4nderung","TitleFR":"Loi sur la consultation.\nModification","TitleIT":null}]},"Transcripts":{"results":[{"__metadata":{"id":"https://ws.parlament.ch/OData.svc/Transcript(ID=150706L,Language='DE')","uri":"https://ws.parlament.ch/OData.svc/Transcript(ID=150706L,Language='DE')","type":"itsystems.Pd.DataServices.DataModel.Transcript"},"Subjects":{"__deferred":{"uri":"https://ws.parlament.ch/OData.svc/Transcript(ID=150706L,Language='DE')/Subjects"}},"MembersCouncil":{"__deferred":{"uri":"https://ws.parlament.ch/OData.svc/Transcript(ID=150706L,Language='DE')/MembersCouncil"}},"Businesses":{"__deferred":{"uri":"https://ws.parlament.ch/OData.svc/Transcript(ID=150706L,Language='DE')/Businesses"}},"ID":"150706","Language":"DE","IdSubject":"25757","VoteId":null,"PersonNumber":825,"Type":1,"Text":"<pd_text><p><b>Pr\u00e4sident </b>(Germann Hannes, Pr\u00e4sident): Frau Diener Lenz, ich stelle fest, dass die drei von Ihnen erw\u00e4hnten Postulate im Nationalrat abgeschrieben werden m\u00fcssen. Unser Rat hat dar\u00fcber nicht zu befinden.</p>\n</pd_text>","MeetingCouncilAbbreviation":"S","MeetingDate":"20140303","MeetingVerbalixOid":2417,"IdSession":"4912","SpeakerFirstName":"Hannes","SpeakerLastName":"Germann","SpeakerFullName":"Germann Hannes","SpeakerFunction":"P-M","CouncilId":2,"CouncilName":"St\u00e4nderat","CantonId":14,"CantonName":"Schaffhausen","CantonAbbreviation":"SH","ParlGroupName":"Fraktion der Schweizerischen Volkspartei","ParlGroupAbbreviation":"V","SortOrder":20,"Start":"\/Date(1393866355107)\/","End":"\/Date(1393866403100)\/","Function":"P-M","DisplaySpeaker":false,"LanguageOfText":null,"Modified":"\/Date(1510850382470)\/","StartTimeWithTimezone":"\/Date(1393866355107+0060)\/","EndTimeWithTimezone":"\/Date(1393866403100+0060)\/","VoteBusinessNumber":null,"VoteBusinessShortNumber":null,"VoteBusinessTitle":null},{"__metadata":{"id":"https://ws.parlament.ch/OData.svc/Transcript(ID=150707L,Language='DE')","uri":"https://ws.parlament.ch/OData.svc/Transcript(ID=150707L,Language='DE')","type":"itsystems.Pd.DataServices.DataModel.Transcript"},"Subjects":{"__deferred":{"uri":"https://ws.parlament.ch/OData.svc/Transcript(ID=150707L,Language='DE')/Subjects"}},"MembersCouncil":{"__deferred":{"uri":"https://ws.parlament.ch/OData.svc/Transcript(ID=150707L,Language='DE')/MembersCouncil"}},"Businesses":{"__deferred":{"uri":"https://ws.parlament.ch/OData.svc/Transcript(ID=150707L,Language='DE')/Businesses"}},"ID":"150707","Language":"DE","IdSubject":"25757","VoteId":null,"PersonNumber":61,"Type":1,"Text":"<pd_text><p>Es gibt zu diesem Gesch\u00e4ft noch drei Postulate, die abgeschrieben werden k\u00f6nnen. Sie sind mit diesem Gesch\u00e4ft verkn\u00fcpft. Es sind die Postulate 12.3649, 12.3650 und 12.3651. Der [PAGE 6] Bundesrat beantragt mit der Botschaft, diese parlamentarischen Vorst\u00f6sse abzuschreiben.</p>\n</pd_text>","MeetingCouncilAbbreviation":"S","MeetingDate":"20140303","MeetingVerbalixOid":2417,"IdSession":"4912","SpeakerFirstName":"Verena","SpeakerLastName":"Diener Lenz","SpeakerFullName":"Diener Lenz Verena","SpeakerFunction":"Mit-F","CouncilId":2,"CouncilName":"St\u00e4nderat","CantonId":1,"CantonName":"Z\u00fcrich","CantonAbbreviation":"ZH","ParlGroupName":"Gr\u00fcnliberale Fraktion","ParlGroupAbbreviation":"GL","SortOrder":19,"Start":"\/Date(1393866323827)\/","End":"\/Date(1393866355107)\/","Function":"*","DisplaySpeaker":true,"LanguageOfText":"DE","Modified":"\/Date(1510850382470)\/","StartTimeWithTimezone":"\/Date(1393866323827+0060)\/","EndTimeWithTimezone":"\/Date(1393866355107+0060)\/","VoteBusinessNumber":null,"VoteBusinessShortNumber":null,"VoteBusinessTitle":null},{"__metadata":{"id":"https://ws.parlament.ch/OData.svc/Transcript(ID=150708L,Language='DE')","uri":"https://ws.parlament.ch/OData.svc/Transcript(ID=150708L,Language='DE')","type":"itsystems.Pd.DataServices.DataModel.Transcript"},"Subjects":{"__deferred":{"uri":"https://ws.parlament.ch/OData.svc/Transcript(ID=150708L,Language='DE')/Subjects"}},"MembersCouncil":{"__deferred":{"uri":"https://ws.parlament.ch/OData.svc/Transcript(ID=150708L,Language='DE')/MembersCouncil"}},"Businesses":{"__deferred":{"uri":"https://ws.parlament.ch/OData.svc/Transcript(ID=150708L,Language='DE')/Businesses"}},"ID":"150708","Language":"DE","IdSubject":"25757","VoteId":"27","PersonNumber":null,"Type":2,"Text":"<pd_text><p><i>Gesamtabstimmung - Vote sur l'ensemble</i></p>\n<p>[NAM]</p>\n<p>F\u00fcr Annahme des Entwurfes ... 40 Stimmen</p>\n<p>(Einstimmigkeit)</p>\n<p>(0 Enthaltungen)</p>\n<p>[VS]</p>\n</pd_text>","MeetingCouncilAbbreviation":"S","MeetingDate":"20140303","MeetingVerbalixOid":2417,"IdSession":"4912","SpeakerFirstName":null,"SpeakerLastName":null,"SpeakerFullName":"","SpeakerFunction":null,"CouncilId":null,"CouncilName":null,"CantonId":null,"CantonName":null,"CantonAbbreviation":null,"ParlGroupName":null,"ParlGroupAbbreviation":null,"SortOrder":18,"Start":"\/Date(1393866286540)\/","End":"\/Date(1393866323827)\/","Function":null,"DisplaySpeaker":null,"LanguageOfText":null,"Modified":"\/Date(1510850382470)\/","StartTimeWithTimezone":"\/Date(1393866286540+0060)\/","EndTimeWithTimezone":"\/Date(1393866323827+0060)\/","VoteBusinessNumber":20130088,"VoteBusinessShortNumber":"13.088","VoteBusinessTitle":"Vernehmlassungsgesetz.\n\u00c4nderung"},{"__metadata":{"id":"https://ws.parlament.ch/OData.svc/Transcript(ID=150709L,Language='DE')","uri":"https://ws.parlament.ch/OData.svc/Transcript(ID=150709L,Language='DE')","type":"itsystems.Pd.DataServices.DataModel.Transcript"},"Subjects":{"__deferred":{"uri":"https://ws.parlament.ch/OData.svc/Transcript(ID=150709L,Language='DE')/Subjects"}},"MembersCouncil":{"__deferred":{"uri":"https://ws.parlament.ch/OData.svc/Transcript(ID=150709L,Language='DE')/MembersCouncil"}},"Businesses":{"__deferred":{"uri":"https://ws.parlament.ch/OData.svc/Transcript(ID=150709L,Language='DE')/Businesses"}},"ID":"150709","Language":"DE","IdSubject":"25757","VoteId":null,"PersonNumber":825,"Type":1,"Text":"<pd_text><p><i>Angenommen - Adopt\u00e9</i></p>\n<p>[VS]</p>\n<p><b>Art. 10</b></p>\n<p><i>Antrag der Kommission</i></p>\n<p>Zustimmung zum Entwurf des Bundesrates</p>\n<p><i>Proposition de la commission</i></p>\n<p>Adh\u00e9rer au projet du Conseil f\u00e9d\u00e9ral</p>\n<p>[VS]</p>\n<p><i>Angenommen - Adopt\u00e9</i></p>\n<p>[VS]</p>\n<p><b>Ziff. II</b></p>\n<p><i>Antrag der Kommission</i></p>\n<p>Zustimmung zum Entwurf des Bundesrates</p>\n<p>[VS]</p>\n<p><b>Ch. II</b></p>\n<p><i>Proposition de la commission</i></p>\n<p>Adh\u00e9rer au projet du Conseil f\u00e9d\u00e9ral</p>\n<p>[VS]</p>\n<p><i>Angenommen - Adopt\u00e9</i></p>\n<p>[VS]</p>\n</pd_text>","MeetingCouncilAbbreviation":"S","MeetingDate":"20140303","MeetingVerbalixOid":2417,"IdSession":"4912","SpeakerFirstName":"Hannes","SpeakerLastName":"Germann","SpeakerFullName":"Germann Hannes","SpeakerFunction":"P-M","CouncilId":2,"CouncilName":"St\u00e4nderat","CantonId":14,"CantonName":"Schaffhausen","CantonAbbreviation":"SH","ParlGroupName":"Fraktion der Schweizerischen Volkspartei","ParlGroupAbbreviation":"V","SortOrder":17,"Start":"\/Date(1393866206477)\/","End":"\/Date(1393866286540)\/","Function":"P-M","DisplaySpeaker":false,"LanguageOfText":null,"Modified":"\/Date(1510850382470)\/","StartTimeWithTimezone":"\/Date(1393866206477+0060)\/","EndTimeWithTimezone":"\/Date(1393866286540+0060)\/","VoteBusinessNumber":null,"VoteBusinessShortNumber":null,"VoteBusinessTitle":null},{"__metadata":{"id":"https://ws.parlament.ch/OData.svc/Transcript(ID=150710L,Language='DE')","uri":"https://ws.parlament.ch/OData.svc/Transcript(ID=150710L,Language='DE')","type":"itsystems.Pd.DataServices.DataModel.Transcript"},"Subjects":{"__deferred":{"uri":"https://ws.parlament.ch/OData.svc/Transcript(ID=150710L,Language='DE')/Subjects"}},"MembersCouncil":{"__deferred":{"uri":"https://ws.parlament.ch/OData.svc/Transcript(ID=150710L,Language='DE')/MembersCouncil"}},"Businesses":{"__deferred":{"uri":"https://ws.parlament.ch/OData.svc/Transcript(ID=150710L,Language='DE')/Businesses"}},"ID":"150710","Language":"DE","IdSubject":"25757","VoteId":null,"PersonNumber":61,"Type":1,"Text":"<pd_text><p>Hier hat die Kommission noch Pr\u00e4zisierungen vorgenommen. Das war ein Anliegen der Kantone. Sie sehen, dass der Bundesrat einfach festh\u00e4lt, die Vernehmlassungsvorlagen seien \u00f6ffentlich zug\u00e4nglich. Nun ist es aber so, dass die Frage, was letztendlich zu den Vernehmlassungsunterlagen geh\u00f6rt, immer wieder zu Spannungen gef\u00fchrt hat. Die Kommission h\u00e4lt nun fest, dass die Vernehmlassungsunterlagen sowie alle Dokumente, Stellungnahmen oder Gutachten, die im erl\u00e4uternden Bericht erw\u00e4hnt werden, der \u00d6ffentlichkeit zug\u00e4nglich gemacht werden m\u00fcssen. Es geht da vor allem um Stellungnahmen und um Gutachten, die in die Vernehmlassungsvorlage und in die Begr\u00fcndung eingeflossen sind. Es ist schwierig, in einer Vernehmlassung eine Stellungnahme abzugeben, wenn diese Unterlagen nicht zug\u00e4nglich sind. Wir haben diese \u00c4nderung in der Kommission einstimmig beschlossen.</p>\n</pd_text>","MeetingCouncilAbbreviation":"S","MeetingDate":"20140303","MeetingVerbalixOid":2417,"IdSession":"4912","SpeakerFirstName":"Verena","SpeakerLastName":"Diener Lenz","SpeakerFullName":"Diener Lenz Verena","SpeakerFunction":"Mit-F","CouncilId":2,"CouncilName":"St\u00e4nderat","CantonId":1,"CantonName":"Z\u00fcrich","CantonAbbreviation":"ZH","ParlGroupName":"Gr\u00fcnliberale Fraktion","ParlGroupAbbreviation":"GL","SortOrder":16,"Start":"\/Date(1393866137207)\/","End":"\/Date(1393866206477)\/","Function":"*","DisplaySpeaker":true,"LanguageOfText":"DE","Modified":"\/Date(1510850382470)\/","StartTimeWithTimezone":"\/Date(1393866137207+0060)\/","EndTimeWithTimezone":"\/Date(1393866206477+0060)\/","VoteBusinessNumber":null,"VoteBusinessShortNumber":null,"VoteBusinessTitle":null},{"__metadata":{"id":"https://ws.parlament.ch/OData.svc/Transcript(ID=150711L,Language='DE')","uri":"https://ws.parlament.ch/OData.svc/Transcript(ID=150711L,Language='DE')","type":"itsystems.Pd.DataServices.DataModel.Transcript"},"Subjects":{"__deferred":{"uri":"https://ws.parlament.ch/OData.svc/Transcript(ID=150711L,Language='DE')/Subjects"}},"MembersCouncil":{"__deferred":{"uri":"https://ws.parlament.ch/OData.svc/Transcript(ID=150711L,Language='DE')/MembersCouncil"}},"Businesses":{"__deferred":{"uri":"https://ws.parlament.ch/OData.svc/Transcript(ID=150711L,Language='DE')/Businesses"}},"ID":"150711","Language":"DE","IdSubject":"25757","VoteId":null,"PersonNumber":825,"Type":1,"Text":"<pd_text><p><i>Angenommen - Adopt\u00e9</i></p>\n<p>[VS]</p>\n<p><b>Art. 8 Abs. 2</b></p>\n<p><i>Antrag der Kommission</i></p>\n<p>Zustimmung zum Entwurf des Bundesrates</p>\n<p>[VS]</p>\n<p><b>Art. 8 al. 2</b></p>\n<p><i>Proposition de la commission</i></p>\n<p>Adh\u00e9rer au projet du Conseil f\u00e9d\u00e9ral</p>\n<p>[VS]</p>\n<p><i>Angenommen - Adopt\u00e9</i></p>\n<p>[VS]</p>\n<p><b>Art. 9 Abs. 1</b></p>\n<p><i>Antrag der Kommission</i></p>\n<p><i>Bst. a</i></p>\n<p>a. die Vernehmlassungsunterlagen sowie alle Dokumente, Stellungnahmen oder Gutachten, die im erl\u00e4uternden Bericht erw\u00e4hnt werden;</p>\n<p><i>Bst. b, c</i></p>\n<p>Zustimmung zum Entwurf des Bundesrates</p>\n<p>[VS]</p>\n<p><b>Art. 9 al. 1</b></p>\n<p><i>Proposition de la commission</i></p>\n<p><i>Let. a</i></p>\n<p>a. le dossier soumis \u00e0 consultation, ainsi que tous les documents, prises de position ou avis de droit mentionn\u00e9s dans le rapport explicatif;</p>\n<p><i>Let. b, c</i></p>\n<p>Adh\u00e9rer au projet du Conseil f\u00e9d\u00e9ral</p>\n</pd_text>","MeetingCouncilAbbreviation":"S","MeetingDate":"20140303","MeetingVerbalixOid":2417,"IdSession":"4912","SpeakerFirstName":"Hannes","SpeakerLastName":"Germann","SpeakerFullName":"Germann Hannes","SpeakerFunction":"P-M","CouncilId":2,"CouncilName":"St\u00e4nderat","CantonId":14,"CantonName":"Schaffhausen","CantonAbbreviation":"SH","ParlGroupName":"Fraktion der Schweizerischen Volkspartei","ParlGroupAbbreviation":"V","SortOrder":15,"Start":"\/Date(1393866107673)\/","End":"\/Date(1393866137207)\/","Function":"P-M","DisplaySpeaker":false,"LanguageOfText":null,"Modified":"\/Date(1510850382453)\/","StartTimeWithTimezone":"\/Date(1393866107673+0060)\/","EndTimeWithTimezone":"\/Date(1393866137207+0060)\/","VoteBusinessNumber":null,"VoteBusinessShortNumber":null,"VoteBusinessTitle":null},{"__metadata":{"id":"https://ws.parlament.ch/OData.svc/Transcript(ID=150712L,Language='DE')","uri":"https://ws.parlament.ch/OData.svc/Transcript(ID=150712L,Language='DE')","type":"itsystems.Pd.DataServices.DataModel.Transcript"},"Subjects":{"__deferred":{"uri":"https://ws.parlament.ch/OData.svc/Transcript(ID=150712L,Language='DE')/Subjects"}},"MembersCouncil":{"__deferred":{"uri":"https://ws.parlament.ch/OData.svc/Transcript(ID=150712L,Language='DE')/MembersCouncil"}},"Businesses":{"__deferred":{"uri":"https://ws.parlament.ch/OData.svc/Transcript(ID=150712L,Language='DE')/Businesses"}},"ID":"150712","Language":"DE","IdSubject":"25757","VoteId":null,"PersonNumber":61,"Type":1,"Text":"<pd_text><p>Sie sehen, dass der Bundesrat folgende Formulierung vorschl\u00e4gt: \"Duldet das Vorhaben keinen Aufschub, so kann die Frist verk\u00fcrzt werden. Die Dringlichkeit ist gegen\u00fcber den Vernehmlassungsadressaten sachlich zu begr\u00fcnden.\" Das habe ich schon beim Eintreten festgehalten. Der Kommission war es wichtig, hier noch ein Wort einzuf\u00fcgen, n\u00e4mlich \"ausnahmsweise\", um festzuhalten, dass es nicht zu einem regelm\u00e4ssigen Fall werden kann, dass die Fristen verk\u00fcrzt werden. Mit dem Begriff \"ausnahmsweise\" will die Kommission einfach festhalten, dass sie vom Grundsatz her die ordentlichen Vernehmlassungsfristen als wichtig und richtig erachtet und nur in Ausnahmef\u00e4llen darauf verzichtet werden kann.</p>\n</pd_text>","MeetingCouncilAbbreviation":"S","MeetingDate":"20140303","MeetingVerbalixOid":2417,"IdSession":"4912","SpeakerFirstName":"Verena","SpeakerLastName":"Diener Lenz","SpeakerFullName":"Diener Lenz Verena","SpeakerFunction":"Mit-F","CouncilId":2,"CouncilName":"St\u00e4nderat","CantonId":1,"CantonName":"Z\u00fcrich","CantonAbbreviation":"ZH","ParlGroupName":"Gr\u00fcnliberale Fraktion","ParlGroupAbbreviation":"GL","SortOrder":14,"Start":"\/Date(1393866054923)\/","End":"\/Date(1393866107673)\/","Function":"*","DisplaySpeaker":true,"LanguageOfText":"DE","Modified":"\/Date(1510850382453)\/","StartTimeWithTimezone":"\/Date(1393866054923+0060)\/","EndTimeWithTimezone":"\/Date(1393866107673+0060)\/","VoteBusinessNumber":null,"VoteBusinessShortNumber":null,"VoteBusinessTitle":null},{"__metadata":{"id":"https://ws.parlament.ch/OData.svc/Transcript(ID=150713L,Language='DE')","uri":"https://ws.parlament.ch/OData.svc/Transcript(ID=150713L,Language='DE')","type":"itsystems.Pd.DataServices.DataModel.Transcript"},"Subjects":{"__deferred":{"uri":"https://ws.parlament.ch/OData.svc/Transcript(ID=150713L,Language='DE')/Subjects"}},"MembersCouncil":{"__deferred":{"uri":"https://ws.parlament.ch/OData.svc/Transcript(ID=150713L,Language='DE')/MembersCouncil"}},"Businesses":{"__deferred":{"uri":"https://ws.parlament.ch/OData.svc/Transcript(ID=150713L,Language='DE')/Businesses"}},"ID":"150713","Language":"DE","IdSubject":"25757","VoteId":null,"PersonNumber":825,"Type":1,"Text":"<pd_text><p><i>Angenommen - Adopt\u00e9</i></p>\n<p>[VS]</p>\n<p><b>Art. 5</b></p>\n<p><i>Antrag der Kommission</i></p>\n<p><i>Abs. 1</i></p>\n<p>...</p>\n<p>a. ... bei Vorhaben nach Artikel 3 Absatz 1;</p>\n<p>b. ... bei Vorhaben nach Artikel 3 Absatz 2;</p>\n<p>...</p>\n<p><i>Abs. 2</i></p>\n<p>Streichen</p>\n<p><i>Abs. 3, 4</i></p>\n<p>Zustimmung zum Entwurf des Bundesrates</p>\n<p>[VS]</p>\n<p><b>Art. 5</b></p>\n<p><i>Proposition de la commission</i></p>\n<p><i>Al. 1</i></p>\n<p>...</p>\n<p>a. ... pour les projets vis\u00e9s \u00e0 l'article 3 alin\u00e9a 1;</p>\n<p>b. ... pour les projets vis\u00e9s \u00e0 l'article 3 alin\u00e9a 2;</p>\n<p>...</p>\n<p><i>Al. 2</i></p>\n<p>Biffer</p>\n<p><i>Al. 3, 4</i></p>\n<p>Adh\u00e9rer au projet du Conseil f\u00e9d\u00e9ral</p>\n<p>[VS]</p>\n<p><i>Angenommen - Adopt\u00e9</i></p>\n<p>[VS]</p>\n<p><b>Art. 6</b></p>\n<p><i>Antrag der Kommission</i></p>\n<p>Zustimmung zum Entwurf des Bundesrates</p>\n<p><i>Proposition de la commission</i></p>\n<p>Adh\u00e9rer au projet du Conseil f\u00e9d\u00e9ral</p>\n<p>[VS]</p>\n<p><i>Angenommen - Adopt\u00e9</i></p>\n<p>[VS]</p>\n<p><b>Art. 7</b></p>\n<p><i>Antrag der Kommission</i></p>\n<p><i>Abs. 1-3</i></p>\n<p>Zustimmung zum Entwurf des Bundesrates</p>\n<p><i>Abs. 4</i></p>\n<p>... Aufschub, so kann die Frist ausnahmsweise verk\u00fcrzt werden ...</p>\n<p>[VS]</p>\n<p><b>Art. 7</b></p>\n<p><i>Proposition de la commission</i></p>\n<p><i>Al. 1-3</i></p>\n<p>Adh\u00e9rer au projet du Conseil f\u00e9d\u00e9ral</p>\n<p><i>Al. 4</i></p>\n<p>... retard, le d\u00e9lai peut \u00eatre raccourci \u00e0 titre exceptionnel. Les faits ...</p>\n</pd_text>","MeetingCouncilAbbreviation":"S","MeetingDate":"20140303","MeetingVerbalixOid":2417,"IdSession":"4912","SpeakerFirstName":"Hannes","SpeakerLastName":"Germann","SpeakerFullName":"Germann Hannes","SpeakerFunction":"P-M","CouncilId":2,"CouncilName":"St\u00e4nderat","CantonId":14,"CantonName":"Schaffhausen","CantonAbbreviation":"SH","ParlGroupName":"Fraktion der Schweizerischen Volkspartei","ParlGroupAbbreviation":"V","SortOrder":13,"Start":"\/Date(1393866003590)\/","End":"\/Date(1393866054923)\/","Function":"P-M","DisplaySpeaker":false,"LanguageOfText":null,"Modified":"\/Date(1510850382453)\/","StartTimeWithTimezone":"\/Date(1393866003590+0060)\/","EndTimeWithTimezone":"\/Date(1393866054923+0060)\/","VoteBusinessNumber":null,"VoteBusinessShortNumber":null,"VoteBusinessTitle":null},{"__metadata":{"id":"https://ws.parlament.ch/OData.svc/Transcript(ID=150714L,Language='DE')","uri":"https://ws.parlament.ch/OData.svc/Transcript(ID=150714L,Language='DE')","type":"itsystems.Pd.DataServices.DataModel.Transcript"},"Subjects":{"__deferred":{"uri":"https://ws.parlament.ch/OData.svc/Transcript(ID=150714L,Language='DE')/Subjects"}},"MembersCouncil":{"__deferred":{"uri":"https://ws.parlament.ch/OData.svc/Transcript(ID=150714L,Language='DE')/MembersCouncil"}},"Businesses":{"__deferred":{"uri":"https://ws.parlament.ch/OData.svc/Transcript(ID=150714L,Language='DE')/Businesses"}},"ID":"150714","Language":"DE","IdSubject":"25757","VoteId":null,"PersonNumber":61,"Type":1,"Text":"<pd_text><p>Ausgangspunkt des vorliegenden Gesetzentwurfes sind die Empfehlungen der GPK des Nationalrates vom 7. September 2011 zur Verbesserung der Effizienz und der Transparenz des Vernehmlassungsverfahrens. Diese Empfehlungen nahmen auch die zentralen Anliegen und Kritikpunkte zum Vernehmlassungsverfahren auf, welche die Kantone in den letzten Jahren wiederholt eingebracht hatten. Der Bundesrat hat diese Anliegen weitgehend aufgenommen und in die heute vorliegende Gesetzgebung eingegliedert.</p>\n<p>Welches sind nun die wichtigsten \u00c4nderungen? Zuerst einmal will der Bundesrat keine Unterscheidung mehr in \"Vernehmlassung\" und \"Anh\u00f6rung\". Ziel ist ein klares Vernehmlassungsrecht, und darum soll k\u00fcnftig auf die M\u00f6glichkeit einer Anh\u00f6rung verzichtet werden - eine Forderung, die vor allem auch von den Kantonen immer wieder eingebracht wurde.</p>\n<p>Ein zweiter wichtiger Punkt ist die Frage der Fristverk\u00fcrzungen. Solche Verk\u00fcrzungen wurden in der Vergangenheit regelm\u00e4ssig kritisiert. Neu soll an eine Fristverk\u00fcrzung darum eine Begr\u00fcndungspflicht gekoppelt sein, und der Dringlichkeitsbedarf muss aufgezeigt werden. Die Fristen werden generell strikter geregelt. Im Minimum sollen drei Monate als Vernehmlassungsdauer gelten. Eine Verl\u00e4ngerung der Mindestfrist \u00fcber Ferien- und Feiertage ist vorgesehen: in der Zeit vom 15. Juli bis zum 15. August um drei Wochen, \u00fcber Weihnachten und Neujahr um zwei Wochen und \u00fcber Ostern um eine Woche.</p>\n<p>Ein dritter gewichtiger Punkt ist der Verzicht auf konferenzielle Verfahren. Der Bundesrat hat auch dieses Anliegen aufgenommen, indem er alle Vernehmlassungen k\u00fcnftig schriftlich machen will. Konferenziell k\u00f6nnen der Bundesrat und die Departemente nur noch m\u00fcndliche Sitzungen durchf\u00fchren, um Argumente auszutauschen, und dar\u00fcber muss es ein Protokoll und einen Bericht geben.</p>\n<p>Ein vierter wichtiger Punkt ist die Transparenz der Ergebnisse. K\u00fcnftig soll \u00fcber die Vernehmlassungsresultate ausf\u00fchrlich und zusammenfassend berichtet werden.</p>\n<p>Ein weiterer wichtiger Punkt war die Frage, wer das Recht auf Er\u00f6ffnung von Vernehmlassungen hat. Ihre Kommission - das sehen Sie bei Artikel 1 - hat diese Vernehmlassungsm\u00f6glichkeit breiter definiert als der Bundesrat. Ihre Kommission schl\u00e4gt Ihnen vor, dass sicher der Bundesrat, sicher auch ein Departement, ebenfalls die Bundeskanzlei oder eine parlamentarische Kommission die Er\u00f6ffnung von Vernehmlassungen vornehmen kann, aber auch - das hat Ihre Kommission in Artikel 1 festgehalten - eine zust\u00e4ndige Einheit der zentralen oder dezentralen Bundesverwaltung, wenn diese zur Rechtsetzung befugt ist. Wenn es um technische Fragen geht, kann die Vernehmlassung auch an ein entsprechendes Amt delegiert werden. In der Verordnung wird jedoch festgelegt, dass solche Vorlagen vorg\u00e4ngig der Bundeskanzlei unterbreitet werden m\u00fcssen, damit sie f\u00fcr die Vernehmlassung freigegeben werden k\u00f6nnen. [PAGE 3] </p>\n<p>Und damit ist auch schon festgehalten, dass eine Verordnung noch die notwendigen Details regeln wird. Den Kantonen ist dazu die M\u00f6glichkeit zur Mitwirkung zugesichert worden.</p>\n<p>Ihre Kommission ist einstimmig auf dieses Gesch\u00e4ft eingetreten und bittet Sie, dies ebenfalls zu tun.</p>\n</pd_text>","MeetingCouncilAbbreviation":"S","MeetingDate":"20140303","MeetingVerbalixOid":2417,"IdSession":"4912","SpeakerFirstName":"Verena","SpeakerLastName":"Diener Lenz","SpeakerFullName":"Diener Lenz Verena","SpeakerFunction":"Mit-F","CouncilId":2,"CouncilName":"St\u00e4nderat","CantonId":1,"CantonName":"Z\u00fcrich","CantonAbbreviation":"ZH","ParlGroupName":"Gr\u00fcnliberale Fraktion","ParlGroupAbbreviation":"GL","SortOrder":1,"Start":"\/Date(1393864528717)\/","End":"\/Date(1393864831343)\/","Function":"*","DisplaySpeaker":true,"LanguageOfText":"DE","Modified":"\/Date(1510850382437)\/","StartTimeWithTimezone":"\/Date(1393864528717+0060)\/","EndTimeWithTimezone":"\/Date(1393864831343+0060)\/","VoteBusinessNumber":null,"VoteBusinessShortNumber":null,"VoteBusinessTitle":null},{"__metadata":{"id":"https://ws.parlament.ch/OData.svc/Transcript(ID=150715L,Language='DE')","uri":"https://ws.parlament.ch/OData.svc/Transcript(ID=150715L,Language='DE')","type":"itsystems.Pd.DataServices.DataModel.Transcript"},"Subjects":{"__deferred":{"uri":"https://ws.parlament.ch/OData.svc/Transcript(ID=150715L,Language='DE')/Subjects"}},"MembersCouncil":{"__deferred":{"uri":"https://ws.parlament.ch/OData.svc/Transcript(ID=150715L,Language='DE')/MembersCouncil"}},"Businesses":{"__deferred":{"uri":"https://ws.parlament.ch/OData.svc/Transcript(ID=150715L,Language='DE')/Businesses"}},"ID":"150715","Language":"DE","IdSubject":"25757","VoteId":null,"PersonNumber":825,"Type":1,"Text":"<pd_text><p><i>Eintreten wird ohne Gegenantrag beschlossen</i></p>\n<p><i>L'entr\u00e9e en mati\u00e8re est d\u00e9cid\u00e9e sans opposition</i></p>\n<p>[VS]</p>\n<p>[VS]</p>\n<p><b>Bundesgesetz \u00fcber das Vernehmlassungsverfahren</b></p>\n<p><b>Loi f\u00e9d\u00e9rale sur la proc\u00e9dure de consultation</b></p>\n<p>[VS]</p>\n<p><i>Detailberatung - Discussion par article</i></p>\n<p>[VS]</p>\n<p><b>Titel und Ingress, Ziff. I Einleitung</b></p>\n<p><i>Antrag der Kommission</i></p>\n<p>Zustimmung zum Entwurf des Bundesrates</p>\n<p>[VS]</p>\n<p><b>Titre et pr\u00e9ambule, ch. I introduction</b></p>\n<p><i>Proposition de la commission</i></p>\n<p>Adh\u00e9rer au projet du Conseil f\u00e9d\u00e9ral</p>\n<p>[VS]</p>\n<p><i>Angenommen - Adopt\u00e9</i></p>\n<p>[VS]</p>\n<p><b>Art. 1</b></p>\n<p><i>Antrag der Kommission</i></p>\n<p><i>Abs. 1</i></p>\n<p>Unver\u00e4ndert</p>\n<p><i>Abs. 2</i></p>\n<p>Vernehmlassungsverfahren werden vom Bundesrat, von einem Departement, der Bundeskanzlei, von einer zust\u00e4ndigen Einheit der zentralen oder dezentralen Bundesverwaltung, wenn diese zur Rechtsetzung befugt ist, oder einer parlamentarischen Kommission er\u00f6ffnet.</p>\n<p>[VS]</p>\n<p><b>Art. 1</b></p>\n<p><i>Proposition de la commission</i></p>\n<p><i>Al. 1</i></p>\n<p>Inchang\u00e9</p>\n<p><i>Al. 2</i></p>\n<p>Les proc\u00e9dures de consultation sont ouvertes par le Conseil f\u00e9d\u00e9ral, par un d\u00e9partement, par la Chancellerie f\u00e9d\u00e9rale, par une unit\u00e9 comp\u00e9tente de l'administration f\u00e9d\u00e9rale centrale ou d\u00e9centralis\u00e9e, pour autant que la comp\u00e9tence d'\u00e9dicter des r\u00e8gles de droit lui ait \u00e9t\u00e9 d\u00e9l\u00e9gu\u00e9e, ou par une commission parlementaire.</p>\n</pd_text>","MeetingCouncilAbbreviation":"S","MeetingDate":"20140303","MeetingVerbalixOid":2417,"IdSession":"4912","SpeakerFirstName":"Hannes","SpeakerLastName":"Germann","SpeakerFullName":"Germann Hannes","SpeakerFunction":"P-M","CouncilId":2,"CouncilName":"St\u00e4nderat","CantonId":14,"CantonName":"Schaffhausen","CantonAbbreviation":"SH","ParlGroupName":"Fraktion der Schweizerischen Volkspartei","ParlGroupAbbreviation":"V","SortOrder":2,"Start":"\/Date(1393864831343)\/","End":"\/Date(1393864875457)\/","Function":"P-M","DisplaySpeaker":false,"LanguageOfText":null,"Modified":"\/Date(1510850382437)\/","StartTimeWithTimezone":"\/Date(1393864831343+0060)\/","EndTimeWithTimezone":"\/Date(1393864875457+0060)\/","VoteBusinessNumber":null,"VoteBusinessShortNumber":null,"VoteBusinessTitle":null},{"__metadata":{"id":"https://ws.parlament.ch/OData.svc/Transcript(ID=150716L,Language='DE')","uri":"https://ws.parlament.ch/OData.svc/Transcript(ID=150716L,Language='DE')","type":"itsystems.Pd.DataServices.DataModel.Transcript"},"Subjects":{"__deferred":{"uri":"https://ws.parlament.ch/OData.svc/Transcript(ID=150716L,Language='DE')/Subjects"}},"MembersCouncil":{"__deferred":{"uri":"https://ws.parlament.ch/OData.svc/Transcript(ID=150716L,Language='DE')/MembersCouncil"}},"Businesses":{"__deferred":{"uri":"https://ws.parlament.ch/OData.svc/Transcript(ID=150716L,Language='DE')/Businesses"}},"ID":"150716","Language":"DE","IdSubject":"25757","VoteId":null,"PersonNumber":61,"Type":1,"Text":"<pd_text><p>Ich habe mich dazu schon in meinem Eintretensvotum ge\u00e4ussert. Sie sehen, dass der geltende Gesetzestext wie folgt lautet: \"Vernehmlassungsverfahren werden vom Bundesrat oder von einer parlamentarischen Kommission er\u00f6ffnet.\" Auch aufgrund der Anh\u00f6rung der KdK hat Ihre Kommission hier folgende Formulierung vorgenommen, um eben auch wirklich zu pr\u00e4zisieren, was das Anliegen des Rates und der Kantone ist: \"Vernehmlassungsverfahren werden vom Bundesrat, von einem Departement, der Bundeskanzlei, von einer zust\u00e4ndigen Einheit der zentralen oder dezentralen Bundesverwaltung, wenn diese zur Rechtsetzung befugt ist, oder einer parlamentarischen Kommission er\u00f6ffnet.\" Ihrer Kommission war es einfach wichtig, hier pr\u00e4zise zu formulieren, wer die Kompetenz hat, ein Vernehmlassungsverfahren zu er\u00f6ffnen. Diese \u00dcberlegungen werden dann auch bei Artikel 5 wieder aufgenommen.</p>\n</pd_text>","MeetingCouncilAbbreviation":"S","MeetingDate":"20140303","MeetingVerbalixOid":2417,"IdSession":"4912","SpeakerFirstName":"Verena","SpeakerLastName":"Diener Lenz","SpeakerFullName":"Diener Lenz Verena","SpeakerFunction":"Mit-F","CouncilId":2,"CouncilName":"St\u00e4nderat","CantonId":1,"CantonName":"Z\u00fcrich","CantonAbbreviation":"ZH","ParlGroupName":"Gr\u00fcnliberale Fraktion","ParlGroupAbbreviation":"GL","SortOrder":3,"Start":"\/Date(1393864875457)\/","End":"\/Date(1393864941397)\/","Function":"*","DisplaySpeaker":true,"LanguageOfText":"DE","Modified":"\/Date(1510850382453)\/","StartTimeWithTimezone":"\/Date(1393864875457+0060)\/","EndTimeWithTimezone":"\/Date(1393864941397+0060)\/","VoteBusinessNumber":null,"VoteBusinessShortNumber":null,"VoteBusinessTitle":null},{"__metadata":{"id":"https://ws.parlament.ch/OData.svc/Transcript(ID=150717L,Language='DE')","uri":"https://ws.parlament.ch/OData.svc/Transcript(ID=150717L,Language='DE')","type":"itsystems.Pd.DataServices.DataModel.Transcript"},"Subjects":{"__deferred":{"uri":"https://ws.parlament.ch/OData.svc/Transcript(ID=150717L,Language='DE')/Subjects"}},"MembersCouncil":{"__deferred":{"uri":"https://ws.parlament.ch/OData.svc/Transcript(ID=150717L,Language='DE')/MembersCouncil"}},"Businesses":{"__deferred":{"uri":"https://ws.parlament.ch/OData.svc/Transcript(ID=150717L,Language='DE')/Businesses"}},"ID":"150717","Language":"DE","IdSubject":"25757","VoteId":null,"PersonNumber":825,"Type":1,"Text":"<pd_text><p><i>Angenommen - Adopt\u00e9</i></p>\n<p>[VS]</p>\n<p><b>Art. 3</b></p>\n<p><i>Antrag der Kommission</i></p>\n<p><i>Abs. 1</i></p>\n<p>...</p>\n<p>b. Gesetzesvorlagen im Sinne von Artikel 164 Absatz 1 der Bundesverfassung;</p>\n<p>...</p>\n<p><i>Abs. 2</i></p>\n<p>Zustimmung zum Entwurf des Bundesrates</p>\n<p>[VS]</p>\n<p><b>Art. 3</b></p>\n<p><i>Proposition de la commission</i></p>\n<p><i>Al. 1</i></p>\n<p>...</p>\n<p>b. les projets de loi au sens de l'article 164 alin\u00e9a 1 de la Constitution;</p>\n<p>...</p>\n<p><i>Al. 2</i></p>\n<p>Adh\u00e9rer au projet du Conseil f\u00e9d\u00e9ral</p>\n<p>[VS]</p>\n<p><i>Angenommen - Adopt\u00e9</i></p>\n<p>[VS]</p>\n<p><b>Art. 3a</b></p>\n<p><i>Antrag der Mehrheit</i></p>\n<p>Zustimmung zum Entwurf des Bundesrates</p>\n<p>[VS]</p>\n<p><i>Antrag der Minderheit</i></p>\n<p>(Comte, Abate, Cramer, F\u00f6hn, Minder)</p>\n<p><i>Bst. a, d</i></p>\n<p>Streichen</p>\n<p>[VS]</p>\n<p><b>Art. 3a</b></p>\n<p><i>Proposition de la majorit\u00e9</i></p>\n<p>Adh\u00e9rer au projet du Conseil f\u00e9d\u00e9ral</p>\n<p>[VS]</p>\n<p><i>Proposition de la minorit\u00e9</i></p>\n<p>(Comte, Abate, Cramer, F\u00f6hn, Minder)</p>\n<p><i>Let. a, d</i></p>\n<p>Biffer</p>\n</pd_text>","MeetingCouncilAbbreviation":"S","MeetingDate":"20140303","MeetingVerbalixOid":2417,"IdSession":"4912","SpeakerFirstName":"Hannes","SpeakerLastName":"Germann","SpeakerFullName":"Germann Hannes","SpeakerFunction":"P-M","CouncilId":2,"CouncilName":"St\u00e4nderat","CantonId":14,"CantonName":"Schaffhausen","CantonAbbreviation":"SH","ParlGroupName":"Fraktion der Schweizerischen Volkspartei","ParlGroupAbbreviation":"V","SortOrder":4,"Start":"\/Date(1393864941397)\/","End":"\/Date(1393864977087)\/","Function":"P-M","DisplaySpeaker":false,"LanguageOfText":null,"Modified":"\/Date(1510850382453)\/","StartTimeWithTimezone":"\/Date(1393864941397+0060)\/","EndTimeWithTimezone":"\/Date(1393864977087+0060)\/","VoteBusinessNumber":null,"VoteBusinessShortNumber":null,"VoteBusinessTitle":null},{"__metadata":{"id":"https://ws.parlament.ch/OData.svc/Transcript(ID=150718L,Language='DE')","uri":"https://ws.parlament.ch/OData.svc/Transcript(ID=150718L,Language='DE')","type":"itsystems.Pd.DataServices.DataModel.Transcript"},"Subjects":{"__deferred":{"uri":"https://ws.parlament.ch/OData.svc/Transcript(ID=150718L,Language='DE')/Subjects"}},"MembersCouncil":{"__deferred":{"uri":"https://ws.parlament.ch/OData.svc/Transcript(ID=150718L,Language='DE')/MembersCouncil"}},"Businesses":{"__deferred":{"uri":"https://ws.parlament.ch/OData.svc/Transcript(ID=150718L,Language='DE')/Businesses"}},"ID":"150718","Language":"DE","IdSubject":"25757","VoteId":null,"PersonNumber":61,"Type":1,"Text":"<pd_text><p>Sie sehen, dass die Minderheit Litera a und Litera d streichen will. Worum geht es bei Litera a und Litera d? Der ganze Artikel 3a steht ja unter der Pr\u00e4misse \"Verzicht auf ein Vernehmlassungsverfahren\", und Litera a h\u00e4lt fest, dass man dann auf eine Vernehmlassung verzichten kann, wenn das Inkrafttreten eines Erlasses oder die Ratifizierung eines v\u00f6lkerrechtlichen Vertrages keinen Aufschub duldet. Das ist politisch sicher heikel, und ich m\u00f6chte kurz zusammenfassen, warum die Mehrheit der Kommission der Meinung ist, dass man dem Entwurf des Bundesrates folgen soll.</p>\n<p>Wir haben vorhin geh\u00f6rt, wie die Fristen vorgesehen sind. Wir haben eine ordentliche Vernehmlassungsfrist von drei Monaten. Sie wird verl\u00e4ngert in der Sommerpause, \u00fcber Weihnachten und auch \u00fcber Ostern. Wenn nun ein Gesch\u00e4ft im Rahmen der Ratifizierung eines v\u00f6lkerrechtlichen Vertrages dringlich ist und Sie diese drei Monate plus eine allf\u00e4llige Verl\u00e4ngerung der Vernehmlassungsfrist haben, dann geht die Dringlichkeit am Schluss auf Kosten des Parlamentes, weil ja das Parlament die Debatte zur Ratifizierung des v\u00f6lkerrechtlichen Vertrages f\u00fchren wird. In einer G\u00fcterabw\u00e4gung war es der Kommissionsmehrheit wichtiger, dass gen\u00fcgend Zeit bleibt f\u00fcr die politischen Diskussionen im Plenum und in den Kommissionen, und sie war bereit - in Ausnahmef\u00e4llen selbstverst\u00e4ndlich, und nur in begr\u00fcndeten Ausnahmef\u00e4llen -, diesen Verzicht zuzulassen, damit die Priorit\u00e4t der Diskussion im Parlament nicht geschm\u00e4lert wird.</p>\n<p>Die Minderheit m\u00f6chte die Vernehmlassung zwingend behalten, mit dem Risiko, dass wegen dieses Zeitverlustes f\u00fcr die politische Diskussion im Parlament nachher nur noch unter hohem Zeitdruck entschieden werden kann oder dass unter Umst\u00e4nden sogar internationale Fristen nicht eingehalten werden k\u00f6nnen.</p>\n<p>Das waren die \u00dcberlegungen der Mehrheit, die Sie bittet, dem Bundesrat zu folgen und Litera a und Litera d nicht zu streichen. [PAGE 4] </p>\n</pd_text>","MeetingCouncilAbbreviation":"S","MeetingDate":"20140303","MeetingVerbalixOid":2417,"IdSession":"4912","SpeakerFirstName":"Verena","SpeakerLastName":"Diener Lenz","SpeakerFullName":"Diener Lenz Verena","SpeakerFunction":"Mit-F","CouncilId":2,"CouncilName":"St\u00e4nderat","CantonId":1,"CantonName":"Z\u00fcrich","CantonAbbreviation":"ZH","ParlGroupName":"Gr\u00fcnliberale Fraktion","ParlGroupAbbreviation":"GL","SortOrder":5,"Start":"\/Date(1393864977087)\/","End":"\/Date(1393865153047)\/","Function":"*","DisplaySpeaker":true,"LanguageOfText":"DE","Modified":"\/Date(1510850382453)\/","StartTimeWithTimezone":"\/Date(1393864977087+0060)\/","EndTimeWithTimezone":"\/Date(1393865153047+0060)\/","VoteBusinessNumber":null,"VoteBusinessShortNumber":null,"VoteBusinessTitle":null},{"__metadata":{"id":"https://ws.parlament.ch/OData.svc/Transcript(ID=150719L,Language='DE')","uri":"https://ws.parlament.ch/OData.svc/Transcript(ID=150719L,Language='DE')","type":"itsystems.Pd.DataServices.DataModel.Transcript"},"Subjects":{"__deferred":{"uri":"https://ws.parlament.ch/OData.svc/Transcript(ID=150719L,Language='DE')/Subjects"}},"MembersCouncil":{"__deferred":{"uri":"https://ws.parlament.ch/OData.svc/Transcript(ID=150719L,Language='DE')/MembersCouncil"}},"Businesses":{"__deferred":{"uri":"https://ws.parlament.ch/OData.svc/Transcript(ID=150719L,Language='DE')/Businesses"}},"ID":"150719","Language":"DE","IdSubject":"25757","VoteId":null,"PersonNumber":4026,"Type":1,"Text":"<pd_text><p>Le but principal de la r\u00e9vision qui nous est propos\u00e9e \u00e9tait de mettre en oeuvre un certain nombre de recommandations de la Commission de gestion du Conseil national. A l'article 3a on sort de ce cadre, puisque le Conseil f\u00e9d\u00e9ral a profit\u00e9 de cette r\u00e9vision pour introduire des \u00e9l\u00e9ments nouveaux, c'est-\u00e0-dire une liste des cas pour lesquels il renonce \u00e0 une proc\u00e9dure de consultation. Ces cas se font l'\u00e9cho d'une pratique qui existe actuellement, mais qui n'a jamais \u00e9t\u00e9 codifi\u00e9e - qui n'a jamais \u00e9t\u00e9 inscrite dans la loi - \u00e0 l'exception de la lettre b qui est d\u00e9j\u00e0 dans notre droit. Alors on pourrait se demander ce que \u00e7a change d'inscrire dans la loi une pratique qui existe d\u00e9j\u00e0. Aujourd'hui, lorsque le Conseil f\u00e9d\u00e9ral renonce dans un certain nombre de cas \u00e0 des consultations, il le fait sans doute d'une mani\u00e8re tr\u00e8s restrictive et prudente, puisqu'il n'y a pas de base l\u00e9gale qui le pr\u00e9voit. Si on inscrit cette pratique dans la loi, le risque est grand que le Conseil f\u00e9d\u00e9ral renonce dor\u00e9navant plus souvent \u00e0 envoyer des projets en consultation. Si une base l\u00e9gale claire permet au Conseil f\u00e9d\u00e9ral de renoncer \u00e0 des consultations, il le fera sans doute plus fr\u00e9quemment.</p>\n<p>La minorit\u00e9 vous propose de biffer deux lettres de l'article 3a. Pour ce qui est de la lettre a tout d'abord, on parle du cas o\u00f9 \"l'entr\u00e9e en vigueur d'un projet de loi ou la ratification d'un trait\u00e9 international ne souffre aucun retard\". Dans ce cas, il n'y a pas de raison de renoncer \u00e0 une consultation, il faut tout simplement faire usage de la facult\u00e9 de raccourcir les d\u00e9lais offerte par l'article 7 alin\u00e9a 4, qui pr\u00e9voit que \"si le projet ne souffre aucun retard, le d\u00e9lai peut \u00eatre raccourci \u00e0 titre exceptionnel\". Il n'y a donc pas de raison de renoncer totalement \u00e0 une consultation, il suffit de raccourcir le d\u00e9lai, si l'urgence l'exige.</p>\n<p>Pour ce qui est de la lettre d, il s'agit du cas o\u00f9 \"le projet porte sur un trait\u00e9 international qui ne contient aucun \u00e9l\u00e9ment nouveau important par rapport \u00e0 des trait\u00e9s d\u00e9j\u00e0 conclus avec d'autres partenaires et bien accept\u00e9s en Suisse\". Vous avez ici toute une s\u00e9rie de notions qui sont relativement abstraites. Qu'est-ce qu'un \"\u00e9l\u00e9ment nouveau important\"? Cela n\u00e9cessitera une interpr\u00e9tation. Qu'est-ce qu'un \"trait\u00e9 d\u00e9j\u00e0 conclu et bien accept\u00e9 en Suisse\"? Comment mesurer ce degr\u00e9 d'acceptation? On ouvre ici la porte \u00e0 une certaine appr\u00e9ciation de la part du Conseil f\u00e9d\u00e9ral et les risques d'une utilisation excessive sont pr\u00e9sents. La minorit\u00e9 vous propose de biffer ces deux cas. On a affaire, \u00e0 la lettre d, \u00e0 des situations qui sont relativement sensibles.</p>\n<p>Nos rapports avec les autres pays suscitent souvent des discussions politiques nourries. Il nous para\u00eet maladroit de vouloir introduire dans la loi ces deux exceptions alors que la proc\u00e9dure de consultation est un instrument extr\u00eamement important dans notre fonctionnement politique.</p>\n<p>Nous vous proposons d'en rester \u00e0 la pratique actuelle et de ne maintenir que les lettres b et c, et de ne pas ajouter les lettres a et d qui ne figuraient pas dans les recommandations de la Commission de gestion du Conseil national.</p>\n</pd_text>","MeetingCouncilAbbreviation":"S","MeetingDate":"20140303","MeetingVerbalixOid":2417,"IdSession":"4912","SpeakerFirstName":"Rapha\u00ebl","SpeakerLastName":"Comte","SpeakerFullName":"Comte Rapha\u00ebl","SpeakerFunction":"2VP-M","CouncilId":2,"CouncilName":"St\u00e4nderat","CantonId":24,"CantonName":"Neuenburg","CantonAbbreviation":"NE","ParlGroupName":"FDP-Liberale Fraktion","ParlGroupAbbreviation":"RL","SortOrder":6,"Start":"\/Date(1393865292430)\/","End":"\/Date(1393865486813)\/","Function":"Mit-M","DisplaySpeaker":true,"LanguageOfText":"FR","Modified":"\/Date(1510850382453)\/","StartTimeWithTimezone":"\/Date(1393865292430+0060)\/","EndTimeWithTimezone":"\/Date(1393865486813+0060)\/","VoteBusinessNumber":null,"VoteBusinessShortNumber":null,"VoteBusinessTitle":null},{"__metadata":{"id":"https://ws.parlament.ch/OData.svc/Transcript(ID=150720L,Language='DE')","uri":"https://ws.parlament.ch/OData.svc/Transcript(ID=150720L,Language='DE')","type":"itsystems.Pd.DataServices.DataModel.Transcript"},"Subjects":{"__deferred":{"uri":"https://ws.parlament.ch/OData.svc/Transcript(ID=150720L,Language='DE')/Subjects"}},"MembersCouncil":{"__deferred":{"uri":"https://ws.parlament.ch/OData.svc/Transcript(ID=150720L,Language='DE')/MembersCouncil"}},"Businesses":{"__deferred":{"uri":"https://ws.parlament.ch/OData.svc/Transcript(ID=150720L,Language='DE')/Businesses"}},"ID":"150720","Language":"DE","IdSubject":"25757","VoteId":null,"PersonNumber":321,"Type":1,"Text":"<pd_text><p>Ich bitte Sie, hier dem Antrag der Kommissionsminderheit zu folgen.</p>\n<p>Die Kommission hat sehr knapp entschieden, mit 6 zu 5 Stimmen, wenn ich es richtig in Erinnerung habe. Die Kommissionssprecherin hat zu Recht gesagt, dies sei ein politisch heikler Punkt. Gerade nach den letzten Abstimmungen muss ich sagen, dass es nicht nur ein heikler, sondern ein sehr, sehr heikler Punkt ist. Ich m\u00f6chte auch an den USA-Deal erinnern. Da wollte man auch etwas durchboxen, wobei es dann letztendlich auf einem anderen Weg auch eine L\u00f6sung gab.</p>\n<p>Es geht um nichts anderes als darum, auf die Vernehmlassung verzichten zu d\u00fcrfen, wenn das Inkrafttreten eines Erlasses oder die Ratifizierung eines v\u00f6lkerrechtlichen Vertrages keinen Aufschub duldet. V\u00f6lkerrechtliche Vertr\u00e4ge k\u00f6nnen aber politisch relevant und sehr tiefgreifend sein. Wir m\u00fcssen deshalb Buchstabe a unbedingt streichen - und auch Buchstabe d, bei dem es um das Gleiche geht: \"Gegenstand des Vorhabens ist ein v\u00f6lkerrechtlicher Vertrag, der ...\" Man muss n\u00e4mlich gen\u00fcgend Zeit f\u00fcr eine Vernehmlassung und, wie die Kommissionssprecherin zutreffend erw\u00e4hnt hat, auch f\u00fcr die politische Diskussion einr\u00e4umen.</p>\n<p>Ich bitte Sie auch im Hinblick auf die letzten Abstimmungen dringend, dem Antrag der Kommissionsminderheit zuzustimmen und die Buchstaben a und d von Artikel 3a zu streichen.</p>\n</pd_text>","MeetingCouncilAbbreviation":"S","MeetingDate":"20140303","MeetingVerbalixOid":2417,"IdSession":"4912","SpeakerFirstName":"Peter","SpeakerLastName":"F\u00f6hn","SpeakerFullName":"F\u00f6hn Peter","SpeakerFunction":"Mit-M","CouncilId":2,"CouncilName":"St\u00e4nderat","CantonId":5,"CantonName":"Schwyz","CantonAbbreviation":"SZ","ParlGroupName":"Fraktion der Schweizerischen Volkspartei","ParlGroupAbbreviation":"V","SortOrder":7,"Start":"\/Date(1393865486813)\/","End":"\/Date(1393865627310)\/","Function":"Mit-M","DisplaySpeaker":true,"LanguageOfText":"DE","Modified":"\/Date(1510850382453)\/","StartTimeWithTimezone":"\/Date(1393865486813+0060)\/","EndTimeWithTimezone":"\/Date(1393865627310+0060)\/","VoteBusinessNumber":null,"VoteBusinessShortNumber":null,"VoteBusinessTitle":null},{"__metadata":{"id":"https://ws.parlament.ch/OData.svc/Transcript(ID=150721L,Language='DE')","uri":"https://ws.parlament.ch/OData.svc/Transcript(ID=150721L,Language='DE')","type":"itsystems.Pd.DataServices.DataModel.Transcript"},"Subjects":{"__deferred":{"uri":"https://ws.parlament.ch/OData.svc/Transcript(ID=150721L,Language='DE')/Subjects"}},"MembersCouncil":{"__deferred":{"uri":"https://ws.parlament.ch/OData.svc/Transcript(ID=150721L,Language='DE')/MembersCouncil"}},"Businesses":{"__deferred":{"uri":"https://ws.parlament.ch/OData.svc/Transcript(ID=150721L,Language='DE')/Businesses"}},"ID":"150721","Language":"DE","IdSubject":"25757","VoteId":null,"PersonNumber":1310,"Type":1,"Text":"<pd_text><p>Ich nehme gerne Bezug auf diesen Artikel 3a. Warum hat der Bundesrat das vorgeschlagen? Warum soll ausnahmsweise - es geht ja nur um eine Ausnahme - darauf verzichtet werden, eine Vernehmlassung durchzuf\u00fchren? </p>\n<p>Einerseits geht es bei Buchstabe a um v\u00f6lkerrechtliche Vertr\u00e4ge, die keinen Aufschub dulden. Andererseits verweise ich hier auf Artikel 165 der Bundesverfassung betreffend dringliche Bundesgesetze. Der Bundesrat ist der Meinung, dass es besser w\u00e4re, wenn die entsprechende Zeit f\u00fcr die parlamentarische Debatte verwendet w\u00fcrde. Bei Buchstabe d geht es darum, dass auf ein Vernehmlassungsverfahren verzichtet wird, wenn keine neuen Erkenntnisse vorliegen und ein v\u00f6lkerrechtlicher Vertrag mit anderen v\u00f6lkerrechtlichen Vertr\u00e4gen identisch ist, die bereits abgeschlossen und akzeptiert worden sind. Der Bundesrat w\u00fcrde in der Botschaft ausweisen, warum er auf eine Vernehmlassung verzichtet. Ein Beispiel daf\u00fcr, dass es manchmal sehr knapp werden kann: In den Abkommen zu Schengen ist vereinbart worden, dass die Schweiz innerhalb von zwei Jahren entscheiden m\u00fcsse. Wie Sie wissen, ist das eine sehr knappe Frist f\u00fcr das Verfahren von der Vernehmlassung bis zur Schlussabstimmung des Parlamentes. Wenn dann noch eine Referendumsabstimmung dazukommt, sind zwei Jahre sehr sportlich. Bei Buchstabe d geht es beispielsweise um Rechtshilfeabkommen und Doppelbesteuerungsabkommen, bei denen sich gegen\u00fcber entsprechenden fr\u00fcheren Abkommen nichts mehr ge\u00e4ndert hat.</p>\n<p>Ich bitte Sie, der Mehrheit der Kommission zu folgen und den Minderheitsantrag abzulehnen.</p>\n</pd_text>","MeetingCouncilAbbreviation":"S","MeetingDate":"20140303","MeetingVerbalixOid":2417,"IdSession":"4912","SpeakerFirstName":"Corina","SpeakerLastName":"Casanova","SpeakerFullName":"Casanova Corina","SpeakerFunction":"BK-F","CouncilId":98,"CouncilName":"","CantonId":18,"CantonName":"Graub\u00fcnden","CantonAbbreviation":"GR","ParlGroupName":null,"ParlGroupAbbreviation":null,"SortOrder":8,"Start":"\/Date(1393865700487)\/","End":"\/Date(1393865833840)\/","Function":"BK-F","DisplaySpeaker":true,"LanguageOfText":"DE","Modified":"\/Date(1510850382453)\/","StartTimeWithTimezone":"\/Date(1393865700487+0060)\/","EndTimeWithTimezone":"\/Date(1393865833840+0060)\/","VoteBusinessNumber":null,"VoteBusinessShortNumber":null,"VoteBusinessTitle":null},{"__metadata":{"id":"https://ws.parlament.ch/OData.svc/Transcript(ID=150722L,Language='DE')","uri":"https://ws.parlament.ch/OData.svc/Transcript(ID=150722L,Language='DE')","type":"itsystems.Pd.DataServices.DataModel.Transcript"},"Subjects":{"__deferred":{"uri":"https://ws.parlament.ch/OData.svc/Transcript(ID=150722L,Language='DE')/Subjects"}},"MembersCouncil":{"__deferred":{"uri":"https://ws.parlament.ch/OData.svc/Transcript(ID=150722L,Language='DE')/MembersCouncil"}},"Businesses":{"__deferred":{"uri":"https://ws.parlament.ch/OData.svc/Transcript(ID=150722L,Language='DE')/Businesses"}},"ID":"150722","Language":"DE","IdSubject":"25757","VoteId":"25","PersonNumber":null,"Type":2,"Text":"<pd_text><p><i>Bst. a - Let. a</i></p>\n<p>[VS]</p>\n<p><i>Abstimmung - Vote</i></p>\n<p>F\u00fcr den Antrag der Mehrheit ... 22 Stimmen</p>\n<p>F\u00fcr den Antrag der Minderheit ... 18 Stimmen</p>\n<p>(0 Enthaltungen)</p>\n</pd_text>","MeetingCouncilAbbreviation":"S","MeetingDate":"20140303","MeetingVerbalixOid":2417,"IdSession":"4912","SpeakerFirstName":null,"SpeakerLastName":null,"SpeakerFullName":"","SpeakerFunction":null,"CouncilId":null,"CouncilName":null,"CantonId":null,"CantonName":null,"CantonAbbreviation":null,"ParlGroupName":null,"ParlGroupAbbreviation":null,"SortOrder":9,"Start":"\/Date(1393865833840)\/","End":"\/Date(1393865926493)\/","Function":null,"DisplaySpeaker":null,"LanguageOfText":null,"Modified":"\/Date(1510850382453)\/","StartTimeWithTimezone":"\/Date(1393865833840+0060)\/","EndTimeWithTimezone":"\/Date(1393865926493+0060)\/","VoteBusinessNumber":20130088,"VoteBusinessShortNumber":"13.088","VoteBusinessTitle":"Vernehmlassungsgesetz.\n\u00c4nderung"},{"__metadata":{"id":"https://ws.parlament.ch/OData.svc/Transcript(ID=150723L,Language='DE')","uri":"https://ws.parlament.ch/OData.svc/Transcript(ID=150723L,Language='DE')","type":"itsystems.Pd.DataServices.DataModel.Transcript"},"Subjects":{"__deferred":{"uri":"https://ws.parlament.ch/OData.svc/Transcript(ID=150723L,Language='DE')/Subjects"}},"MembersCouncil":{"__deferred":{"uri":"https://ws.parlament.ch/OData.svc/Transcript(ID=150723L,Language='DE')/MembersCouncil"}},"Businesses":{"__deferred":{"uri":"https://ws.parlament.ch/OData.svc/Transcript(ID=150723L,Language='DE')/Businesses"}},"ID":"150723","Language":"DE","IdSubject":"25757","VoteId":"26","PersonNumber":null,"Type":2,"Text":"<pd_text><p><i>Bst. d - Let. d</i></p>\n<p>[VS]</p>\n<p><i>Abstimmung - Vote</i></p>\n<p>F\u00fcr den Antrag der Mehrheit ... 20 Stimmen</p>\n<p>F\u00fcr den Antrag der Minderheit ... 19 Stimmen</p>\n<p>(1 Enthaltung)</p>\n<p>[VS]</p>\n<p><i>\u00dcbrige Bestimmungen angenommen</i></p>\n<p><i>Les autres dispositions sont adopt\u00e9es</i></p>\n</pd_text>","MeetingCouncilAbbreviation":"S","MeetingDate":"20140303","MeetingVerbalixOid":2417,"IdSession":"4912","SpeakerFirstName":null,"SpeakerLastName":null,"SpeakerFullName":"","SpeakerFunction":null,"CouncilId":null,"CouncilName":null,"CantonId":null,"CantonName":null,"CantonAbbreviation":null,"ParlGroupName":null,"ParlGroupAbbreviation":null,"SortOrder":10,"Start":null,"End":null,"Function":null,"DisplaySpeaker":null,"LanguageOfText":null,"Modified":"\/Date(1510850382453)\/","StartTimeWithTimezone":null,"EndTimeWithTimezone":null,"VoteBusinessNumber":20130088,"VoteBusinessShortNumber":"13.088","VoteBusinessTitle":"Vernehmlassungsgesetz.\n\u00c4nderung"},{"__metadata":{"id":"https://ws.parlament.ch/OData.svc/Transcript(ID=150724L,Language='DE')","uri":"https://ws.parlament.ch/OData.svc/Transcript(ID=150724L,Language='DE')","type":"itsystems.Pd.DataServices.DataModel.Transcript"},"Subjects":{"__deferred":{"uri":"https://ws.parlament.ch/OData.svc/Transcript(ID=150724L,Language='DE')/Subjects"}},"MembersCouncil":{"__deferred":{"uri":"https://ws.parlament.ch/OData.svc/Transcript(ID=150724L,Language='DE')/MembersCouncil"}},"Businesses":{"__deferred":{"uri":"https://ws.parlament.ch/OData.svc/Transcript(ID=150724L,Language='DE')/Businesses"}},"ID":"150724","Language":"DE","IdSubject":"25757","VoteId":null,"PersonNumber":825,"Type":1,"Text":"<pd_text><p><b>Art. 4</b></p>\n<p><i>Antrag der Kommission</i></p>\n<p><i>Abs. 2 Bst. a</i></p>\n<p>a. die Kantonsregierungen;</p>\n<p><i>Abs. 2 Bst. e, 4</i></p>\n<p>Zustimmung zum Entwurf des Bundesrates</p>\n<p>[VS]</p>\n<p><b>Art. 4</b></p>\n<p><i>Proposition de la commission</i></p>\n<p><i>Al. 2 let. a</i></p>\n<p>a. les gouvernements cantonaux;</p>\n<p><i>Al. 2 let. e, 4</i></p>\n<p>Adh\u00e9rer au projet du Conseil f\u00e9d\u00e9ral</p>\n</pd_text>","MeetingCouncilAbbreviation":"S","MeetingDate":"20140303","MeetingVerbalixOid":2417,"IdSession":"4912","SpeakerFirstName":"Hannes","SpeakerLastName":"Germann","SpeakerFullName":"Germann Hannes","SpeakerFunction":"P-M","CouncilId":2,"CouncilName":"St\u00e4nderat","CantonId":14,"CantonName":"Schaffhausen","CantonAbbreviation":"SH","ParlGroupName":"Fraktion der Schweizerischen Volkspartei","ParlGroupAbbreviation":"V","SortOrder":11,"Start":"\/Date(1393865926493)\/","End":"\/Date(1393865963930)\/","Function":"P-M","DisplaySpeaker":false,"LanguageOfText":null,"Modified":"\/Date(1510850382453)\/","StartTimeWithTimezone":"\/Date(1393865926493+0060)\/","EndTimeWithTimezone":"\/Date(1393865963930+0060)\/","VoteBusinessNumber":null,"VoteBusinessShortNumber":null,"VoteBusinessTitle":null},{"__metadata":{"id":"https://ws.parlament.ch/OData.svc/Transcript(ID=150725L,Language='DE')","uri":"https://ws.parlament.ch/OData.svc/Transcript(ID=150725L,Language='DE')","type":"itsystems.Pd.DataServices.DataModel.Transcript"},"Subjects":{"__deferred":{"uri":"https://ws.parlament.ch/OData.svc/Transcript(ID=150725L,Language='DE')/Subjects"}},"MembersCouncil":{"__deferred":{"uri":"https://ws.parlament.ch/OData.svc/Transcript(ID=150725L,Language='DE')/MembersCouncil"}},"Businesses":{"__deferred":{"uri":"https://ws.parlament.ch/OData.svc/Transcript(ID=150725L,Language='DE')/Businesses"}},"ID":"150725","Language":"DE","IdSubject":"25757","VoteId":null,"PersonNumber":61,"Type":1,"Text":"<pd_text><p>Bei Artikel 4 geht es um die Teilnahme. Sie sehen, dass die Kommission eine leichte Pr\u00e4zisierung vorgenommen hat. Zu Stellungnahmen sind nach Litera a die Kantone eingeladen. Ihre Kommission schl\u00e4gt vor, dass man hier \"die Kantonsregierungen\" festh\u00e4lt, und zwar einfach, um nicht irgendwelchen Fantasien Vorschub zu leisten, dass unter \"Kantonen\" [PAGE 5] auch noch andere Gremien gemeint sein k\u00f6nnten. Das war unbestritten.</p>\n</pd_text>","MeetingCouncilAbbreviation":"S","MeetingDate":"20140303","MeetingVerbalixOid":2417,"IdSession":"4912","SpeakerFirstName":"Verena","SpeakerLastName":"Diener Lenz","SpeakerFullName":"Diener Lenz Verena","SpeakerFunction":"Mit-F","CouncilId":2,"CouncilName":"St\u00e4nderat","CantonId":1,"CantonName":"Z\u00fcrich","CantonAbbreviation":"ZH","ParlGroupName":"Gr\u00fcnliberale Fraktion","ParlGroupAbbreviation":"GL","SortOrder":12,"Start":"\/Date(1393865963930)\/","End":"\/Date(1393866003590)\/","Function":"*","DisplaySpeaker":true,"LanguageOfText":"DE","Modified":"\/Date(1510850382453)\/","StartTimeWithTimezone":"\/Date(1393865963930+0060)\/","EndTimeWithTimezone":"\/Date(1393866003590+0060)\/","VoteBusinessNumber":null,"VoteBusinessShortNumber":null,"VoteBusinessTitle":null}]},"ID":"25757","Language":"DE","IdMeeting":"1661","VerbalixOid":429529,"SortOrder":4,"Modified":"\/Date(1510850382437)\/"}}