{"d":{"__metadata":{"id":"https://ws.parlament.ch/OData.svc/Subject(ID=25945L,Language='DE')","uri":"https://ws.parlament.ch/OData.svc/Subject(ID=25945L,Language='DE')","type":"itsystems.Pd.DataServices.DataModel.Subject"},"Meetings":{"__metadata":{"id":"https://ws.parlament.ch/OData.svc/Meeting(ID=1682L,Language='DE')","uri":"https://ws.parlament.ch/OData.svc/Meeting(ID=1682L,Language='DE')","type":"itsystems.Pd.DataServices.DataModel.Meeting"},"Sessions":{"__deferred":{"uri":"https://ws.parlament.ch/OData.svc/Meeting(ID=1682L,Language='DE')/Sessions"}},"Subjects":{"__deferred":{"uri":"https://ws.parlament.ch/OData.svc/Meeting(ID=1682L,Language='DE')/Subjects"}},"ID":"1682","Language":"DE","MeetingNumber":13,"IdSession":4819,"SessionNumber":19,"SessionName":"Sommersession 2011","Council":1,"CouncilName":"Nationalrat","CouncilAbbreviation":"NR","Date":"\/Date(1308182400000)\/","Begin":"1500","Modified":"\/Date(1447070327317)\/","LegislativePeriodNumber":48,"PublicationStatus":"final","MeetingOrderText":"Dreizehnte Sitzung","SortOrder":13,"Location":"N"},"SubjectsBusiness":{"results":[{"__metadata":{"id":"https://ws.parlament.ch/OData.svc/SubjectBusiness(BusinessNumber=20090069,IdSubject=25945L,Language='DE')","uri":"https://ws.parlament.ch/OData.svc/SubjectBusiness(BusinessNumber=20090069,IdSubject=25945L,Language='DE')","type":"itsystems.Pd.DataServices.DataModel.SubjectBusiness"},"Subjects":{"__deferred":{"uri":"https://ws.parlament.ch/OData.svc/SubjectBusiness(BusinessNumber=20090069,IdSubject=25945L,Language='DE')/Subjects"}},"Businesses":{"__deferred":{"uri":"https://ws.parlament.ch/OData.svc/SubjectBusiness(BusinessNumber=20090069,IdSubject=25945L,Language='DE')/Businesses"}},"IdSubject":"25945","BusinessNumber":20090069,"Language":"DE","BusinessShortNumber":"09.069","Title":"Bundesgesetz gegen den unlauteren Wettbewerb. \u00c4nderung","SortOrder":1,"PublishedNotes":"Differenzen - Divergences\n","Modified":"\/Date(1447069399443)\/","TitleDE":"Bundesgesetz\ngegen den unlauteren Wettbewerb.\n\u00c4nderung","TitleFR":"Loi\ncontre la concurrence d\u00e9loyale.\nModification","TitleIT":null}]},"Transcripts":{"results":[{"__metadata":{"id":"https://ws.parlament.ch/OData.svc/Transcript(ID=152572L,Language='DE')","uri":"https://ws.parlament.ch/OData.svc/Transcript(ID=152572L,Language='DE')","type":"itsystems.Pd.DataServices.DataModel.Transcript"},"Subjects":{"__deferred":{"uri":"https://ws.parlament.ch/OData.svc/Transcript(ID=152572L,Language='DE')/Subjects"}},"MembersCouncil":{"__deferred":{"uri":"https://ws.parlament.ch/OData.svc/Transcript(ID=152572L,Language='DE')/MembersCouncil"}},"Businesses":{"__deferred":{"uri":"https://ws.parlament.ch/OData.svc/Transcript(ID=152572L,Language='DE')/Businesses"}},"ID":"152572","Language":"DE","IdSubject":"25945","VoteId":null,"PersonNumber":1117,"Type":1,"Text":"<pd_text><p><i>Angenommen - Adopt\u00e9</i></p>\n</pd_text>","MeetingCouncilAbbreviation":"N","MeetingDate":"20110616","MeetingVerbalixOid":2075,"IdSession":"4819","SpeakerFirstName":"Jean-Ren\u00e9","SpeakerLastName":"Germanier","SpeakerFullName":"Germanier Jean-Ren\u00e9","SpeakerFunction":"P-M","CouncilId":1,"CouncilName":"Nationalrat","CantonId":23,"CantonName":"Wallis","CantonAbbreviation":"VS","ParlGroupName":"Freisinnig-demokratische Fraktion","ParlGroupAbbreviation":"RL","SortOrder":7,"Start":"\/Date(1308241878194)\/","End":"\/Date(1308241921402)\/","Function":"P-M","DisplaySpeaker":false,"LanguageOfText":null,"Modified":"\/Date(1774877697116)\/","StartTimeWithTimezone":"\/Date(1308241878193+0120)\/","EndTimeWithTimezone":"\/Date(1308241921403+0120)\/","VoteBusinessNumber":null,"VoteBusinessShortNumber":null,"VoteBusinessTitle":null},{"__metadata":{"id":"https://ws.parlament.ch/OData.svc/Transcript(ID=152573L,Language='DE')","uri":"https://ws.parlament.ch/OData.svc/Transcript(ID=152573L,Language='DE')","type":"itsystems.Pd.DataServices.DataModel.Transcript"},"Subjects":{"__deferred":{"uri":"https://ws.parlament.ch/OData.svc/Transcript(ID=152573L,Language='DE')/Subjects"}},"MembersCouncil":{"__deferred":{"uri":"https://ws.parlament.ch/OData.svc/Transcript(ID=152573L,Language='DE')/MembersCouncil"}},"Businesses":{"__deferred":{"uri":"https://ws.parlament.ch/OData.svc/Transcript(ID=152573L,Language='DE')/Businesses"}},"ID":"152573","Language":"DE","IdSubject":"25945","VoteId":null,"PersonNumber":508,"Type":1,"Text":"<pd_text><p>Ich bitte Sie, dem Antrag der Einigungskonferenz zuzustimmen.</p>\n<p>Sowohl f\u00fcr die KMU wie auch f\u00fcr die Konsumentinnen und Konsumenten wurden gegen\u00fcber der geltenden Rechtslage wichtige Verbesserungen erzielt. Ich darf diese schnell aufz\u00e4hlen: Der Adressbuchschwindel wird erheblich erschwert, das unlautere Schneeballsystem wird erfasst, die Informationspflichten im elektronischen Gesch\u00e4ftsverkehr werden verankert, Missbr\u00e4uche bei der Einl\u00f6sung von Gewinnen, Werbefahrten, Wettbewerben usw. werden erschwert, Missbr\u00e4uche beim Telefonmarketing werden verhindert. Der Bund kann k\u00fcnftig auch gegen unlautere Gesch\u00e4ftspraktiken vorgehen, wenn die Opfer im Inland ans\u00e4ssig sind, der Bund kann unlauter handelnde Firmen beim Namen nennen, wenn es das \u00f6ffentliche Interesse erfordert. Weiter werden die Rechtsgrundlagen f\u00fcr die internationale Zusammenarbeit verankert.</p>\n<p>Aus diesen Gr\u00fcnden bitte ich Sie, dem Entscheid der Einigungskonferenz zuzustimmen. Es ist eine gute L\u00f6sung. Ich bin froh \u00fcber die Worte von Herrn Nationalrat Fluri, auch wenn er sagte, dass es noch bessere Formulierungen gegeben h\u00e4tte. Das mag sein, aber insgesamt ist es eine ausgewogene Vorlage, die wirkliche Verbesserungen zugunsten der KMU und der Konsumentinnen und Konsumenten bringt.</p>\n</pd_text>","MeetingCouncilAbbreviation":"N","MeetingDate":"20110616","MeetingVerbalixOid":2075,"IdSession":"4819","SpeakerFirstName":"Johann N.","SpeakerLastName":"Schneider-Ammann","SpeakerFullName":"Schneider-Ammann Johann N.","SpeakerFunction":"BR-M","CouncilId":99,"CouncilName":"Bundesrat","CantonId":2,"CantonName":"Bern","CantonAbbreviation":"BE","ParlGroupName":null,"ParlGroupAbbreviation":null,"SortOrder":6,"Start":"\/Date(1308241778717)\/","End":"\/Date(1308241878194)\/","Function":"BR-M","DisplaySpeaker":true,"LanguageOfText":"DE","Modified":"\/Date(1774877697113)\/","StartTimeWithTimezone":"\/Date(1308241778717+0120)\/","EndTimeWithTimezone":"\/Date(1308241878193+0120)\/","VoteBusinessNumber":null,"VoteBusinessShortNumber":null,"VoteBusinessTitle":null},{"__metadata":{"id":"https://ws.parlament.ch/OData.svc/Transcript(ID=152574L,Language='DE')","uri":"https://ws.parlament.ch/OData.svc/Transcript(ID=152574L,Language='DE')","type":"itsystems.Pd.DataServices.DataModel.Transcript"},"Subjects":{"__deferred":{"uri":"https://ws.parlament.ch/OData.svc/Transcript(ID=152574L,Language='DE')/Subjects"}},"MembersCouncil":{"__deferred":{"uri":"https://ws.parlament.ch/OData.svc/Transcript(ID=152574L,Language='DE')/MembersCouncil"}},"Businesses":{"__deferred":{"uri":"https://ws.parlament.ch/OData.svc/Transcript(ID=152574L,Language='DE')/Businesses"}},"ID":"152574","Language":"DE","IdSubject":"25945","VoteId":null,"PersonNumber":1122,"Type":1,"Text":"<pd_text><p>Die FDP-Liberale Fraktion ist mit Artikel 8, wie er in der Einigungskonferenz beschlossen worden ist, nicht zufrieden: Wir h\u00e4tten uns eine noch bessere Formulierung vorgestellt, um die von uns stets konsequent abgelehnte abstrakte Normenkontrolle noch st\u00e4rker auszuschliessen. Aber im Gesamtkontext - ich verweise auch auf die Bemerkungen meines Vorredners und die Bemerkungen der Berichterstatter - wollen wir das reformierte UWG nicht an dieser einen Bestimmung aufh\u00e4ngen. Unsere Fraktion wird deshalb dem Gesamtwerk zustimmen.</p>\n<p>Noch eine Bemerkung zum St\u00e4nderat: Die zweite Kammer gestattet sich ja ab und zu auch, unsere Arbeit zu qualifizieren, ich gestatte mir deshalb eine Bemerkung zum Differenzbereinigungsverfahren. Unsere Diskussionspartner, der St\u00e4nderat und dessen Kommission waren in diesem Dialog, gelinde gesagt, sehr wortkarg. Ihre Stellungnahmen zu unseren Einwendungen und Entscheiden waren nicht sehr inhaltsschwer, ihre Entscheide waren eher vom st\u00e4nder\u00e4tlichen Korpsgeist als von sachlichen Argumenten gepr\u00e4gt. Dennoch k\u00f6nnen wir uns dem Antrag der Einigungskonferenz anschliessen. Wir wollen das Gesamtwerk nicht gef\u00e4hrden und stimmen dem Antrag deshalb zu.</p>\n</pd_text>","MeetingCouncilAbbreviation":"N","MeetingDate":"20110616","MeetingVerbalixOid":2075,"IdSession":"4819","SpeakerFirstName":"Kurt","SpeakerLastName":"Fluri","SpeakerFullName":"Fluri Kurt","SpeakerFunction":"Mit-M","CouncilId":1,"CouncilName":"Nationalrat","CantonId":11,"CantonName":"Solothurn","CantonAbbreviation":"SO","ParlGroupName":"Freisinnig-demokratische Fraktion","ParlGroupAbbreviation":"RL","SortOrder":5,"Start":"\/Date(1308241671647)\/","End":"\/Date(1308241778717)\/","Function":"Mit-M","DisplaySpeaker":true,"LanguageOfText":"DE","Modified":"\/Date(1774877697112)\/","StartTimeWithTimezone":"\/Date(1308241671647+0120)\/","EndTimeWithTimezone":"\/Date(1308241778717+0120)\/","VoteBusinessNumber":null,"VoteBusinessShortNumber":null,"VoteBusinessTitle":null},{"__metadata":{"id":"https://ws.parlament.ch/OData.svc/Transcript(ID=152575L,Language='DE')","uri":"https://ws.parlament.ch/OData.svc/Transcript(ID=152575L,Language='DE')","type":"itsystems.Pd.DataServices.DataModel.Transcript"},"Subjects":{"__deferred":{"uri":"https://ws.parlament.ch/OData.svc/Transcript(ID=152575L,Language='DE')/Subjects"}},"MembersCouncil":{"__deferred":{"uri":"https://ws.parlament.ch/OData.svc/Transcript(ID=152575L,Language='DE')/MembersCouncil"}},"Businesses":{"__deferred":{"uri":"https://ws.parlament.ch/OData.svc/Transcript(ID=152575L,Language='DE')/Businesses"}},"ID":"152575","Language":"DE","IdSubject":"25945","VoteId":null,"PersonNumber":1159,"Type":1,"Text":"<pd_text><p>Ich m\u00f6chte in Erinnerung rufen, was wir mit dieser Gesetzesrevision \u00fcberhaupt wollten. Es gab drei Zielsetzungen. Erstens ging es um die Aufnahme der neuen Verkaufsmethoden unter den Lauterkeitsschutz. Zweitens ging es um eine bessere Rechtsdurchsetzung. Hier muss ich anf\u00fcgen: Bessere Rechtsdurchsetzung heisst nicht neue Rechtsauslegung, das war nicht die Zielsetzung. Gerade bei Artikel 8 wird aber eine neue Rechtsauslegung formuliert. Drittens ging es um die Verbesserung der Zusammenarbeit mit ausl\u00e4ndischen Beh\u00f6rden. Das waren die Zielsetzungen.</p>\n<p>Eine abstrakte Normenkontrolle der allgemeinen Gesch\u00e4ftsbedingungen, wie sie jetzt in der Einigungskonferenz f\u00fcr Artikel 8 beschlossen wurde, wollte die SVP nicht. Wir haben das immer wieder betont. Wir wollten urspr\u00fcnglich am geltenden Recht festhalten. Die SVP-Delegation hat dann dem Kompromissantrag Fluri zugestimmt, in der Hoffnung, der St\u00e4nderat k\u00f6nne diesem in der Einigungskonferenz folgen. Leider waren die Vertreter des St\u00e4nderates nicht dazu zu bewegen. Sie begr\u00fcndeten ihr Festhalten mit der einstimmigen Beschlussfassung im St\u00e4nderat. Wir hatten in der Einigungskonferenz also keine materielle Auseinandersetzung. Die SVP-Fraktion kann mit dieser Dialogverweigerung nicht leben. Der Kompromissvorschlag von Kollege Fluri scheint uns sachgerecht, logisch und zielorientiert zu sein. Die \u00c4nderung in Artikel 8 gem\u00e4ss Einigungskonferenz ist f\u00fcr die SVP-Fraktion nicht einfach eine Nebens\u00e4chlichkeit. Es war nie das Ziel, Artikel 8 in dieser Form zu \u00e4ndern. Der Beschluss des St\u00e4nderates geht uns zu weit, weshalb einige von uns der L\u00f6sung der Einigungskonferenz nicht zustimmen werden.</p>\n</pd_text>","MeetingCouncilAbbreviation":"N","MeetingDate":"20110616","MeetingVerbalixOid":2075,"IdSession":"4819","SpeakerFirstName":"Pirmin","SpeakerLastName":"Schwander","SpeakerFullName":"Schwander Pirmin","SpeakerFunction":"Mit-M","CouncilId":1,"CouncilName":"Nationalrat","CantonId":5,"CantonName":"Schwyz","CantonAbbreviation":"SZ","ParlGroupName":"Fraktion der Schweizerischen Volkspartei","ParlGroupAbbreviation":"V","SortOrder":4,"Start":"\/Date(1308241538858)\/","End":"\/Date(1308241671647)\/","Function":"Mit-M","DisplaySpeaker":true,"LanguageOfText":"DE","Modified":"\/Date(1774877697110)\/","StartTimeWithTimezone":"\/Date(1308241538857+0120)\/","EndTimeWithTimezone":"\/Date(1308241671647+0120)\/","VoteBusinessNumber":null,"VoteBusinessShortNumber":null,"VoteBusinessTitle":null},{"__metadata":{"id":"https://ws.parlament.ch/OData.svc/Transcript(ID=152576L,Language='DE')","uri":"https://ws.parlament.ch/OData.svc/Transcript(ID=152576L,Language='DE')","type":"itsystems.Pd.DataServices.DataModel.Transcript"},"Subjects":{"__deferred":{"uri":"https://ws.parlament.ch/OData.svc/Transcript(ID=152576L,Language='DE')/Subjects"}},"MembersCouncil":{"__deferred":{"uri":"https://ws.parlament.ch/OData.svc/Transcript(ID=152576L,Language='DE')/MembersCouncil"}},"Businesses":{"__deferred":{"uri":"https://ws.parlament.ch/OData.svc/Transcript(ID=152576L,Language='DE')/Businesses"}},"ID":"152576","Language":"DE","IdSubject":"25945","VoteId":null,"PersonNumber":1139,"Type":1,"Text":"<pd_text><p>Bei der Revision des Gesetzes gegen den unlauteren Wettbewerb ist uns in der Differenzbereinigung ein strittiger Artikel verblieben, das ist Artikel 8. Ich m\u00f6chte kurz die Geschichte dieses Artikels rekapitulieren. </p>\n<p>Der Bundesrat hat bei der Verwendung missbr\u00e4uchlicher Gesch\u00e4ftsbedingungen eine neue Formulierung vorgeschlagen, die auch eine abstrakte inhaltliche Kontrolle seitens der Gerichte erm\u00f6glichen w\u00fcrde. Der Nationalrat seinerseits hat am geltenden Recht festgehalten, dies in zwei Beschl\u00fcssen und mit deutlichen Mehrheiten. Der St\u00e4nderat hingegen hat einen Kompromissvorschlag ausgearbeitet, der nur die Konsumentinnen und Konsumenten, nicht aber den Gesch\u00e4ftsverkehr erfasst. Von uns, das heisst von der Kommission f\u00fcr Rechtsfragen des Nationalrates, wurde ein weiterer Kompromissvorschlag formuliert - er wurde dann auch von einer deutlichen Mehrheit dieses Rates angenommen -, der dem St\u00e4nderat Entgegenkommen signalisierte. </p>\n<p>In der Einigungskonferenz, die gestern Morgen mit der RK-SR und einer Delegation der RK-NR stattfand, hat schliesslich die st\u00e4nder\u00e4tliche Fassung mit 15 zu 10 Stimmen obsiegt. Ich bitte Sie im Namen der Kommission, dem Beschluss der Einigungskonferenz zu folgen. </p>\n</pd_text>","MeetingCouncilAbbreviation":"N","MeetingDate":"20110616","MeetingVerbalixOid":2075,"IdSession":"4819","SpeakerFirstName":"Christa","SpeakerLastName":"Markwalder","SpeakerFullName":"Markwalder Christa","SpeakerFunction":"Mit-F","CouncilId":1,"CouncilName":"Nationalrat","CantonId":2,"CantonName":"Bern","CantonAbbreviation":"BE","ParlGroupName":"Freisinnig-demokratische Fraktion","ParlGroupAbbreviation":"RL","SortOrder":3,"Start":"\/Date(1308241437758)\/","End":"\/Date(1308241538858)\/","Function":"*","DisplaySpeaker":true,"LanguageOfText":"DE","Modified":"\/Date(1774877697109)\/","StartTimeWithTimezone":"\/Date(1308241437757+0120)\/","EndTimeWithTimezone":"\/Date(1308241538857+0120)\/","VoteBusinessNumber":null,"VoteBusinessShortNumber":null,"VoteBusinessTitle":null},{"__metadata":{"id":"https://ws.parlament.ch/OData.svc/Transcript(ID=152577L,Language='DE')","uri":"https://ws.parlament.ch/OData.svc/Transcript(ID=152577L,Language='DE')","type":"itsystems.Pd.DataServices.DataModel.Transcript"},"Subjects":{"__deferred":{"uri":"https://ws.parlament.ch/OData.svc/Transcript(ID=152577L,Language='DE')/Subjects"}},"MembersCouncil":{"__deferred":{"uri":"https://ws.parlament.ch/OData.svc/Transcript(ID=152577L,Language='DE')/MembersCouncil"}},"Businesses":{"__deferred":{"uri":"https://ws.parlament.ch/OData.svc/Transcript(ID=152577L,Language='DE')/Businesses"}},"ID":"152577","Language":"DE","IdSubject":"25945","VoteId":null,"PersonNumber":1120,"Type":1,"Text":"<pd_text><p>La r\u00e9vision de la loi contre la concurrence d\u00e9loyale a occup\u00e9 notre conseil \u00e0 plusieurs reprises au cours de cette session. En dernier lieu, c'est la Conf\u00e9rence de conciliation qui a d\u00fb trancher le diff\u00e9rend qu'il y avait entre le Conseil des Etats et notre conseil.</p>\n<p>C'est ainsi que, le 15 juin 2011, lors de la Conf\u00e9rence de conciliation, par 15 voix contre 10, la solution du Conseil des Etats a \u00e9t\u00e9 retenue. Elle donne la possibilit\u00e9 au juge d'examiner la conformit\u00e9 des conditions g\u00e9n\u00e9rales annex\u00e9es \u00e0 un contrat de mani\u00e8re compl\u00e8te et en soi. La solution que nous retenions a donc \u00e9t\u00e9 \u00e9cart\u00e9e.</p>\n<p>Je vous invite \u00e0 approuver la solution que vous propose la Conf\u00e9rence de conciliation, en vous rappelant quand m\u00eame que la r\u00e9vision de la loi contre la concurrence d\u00e9loyale ne [PAGE 1227] touche pas seulement l'aspect des conditions g\u00e9n\u00e9rales, mais qu'elle r\u00e9glemente \u00e9galement l'aspect des inscriptions dans les r\u00e9pertoires et de publication d'annonces qui ont un caract\u00e8re d\u00e9loyal, qui touche beaucoup les PME en Suisse.</p>\n<p>Il y a \u00e9galement un autre point qui a \u00e9t\u00e9 r\u00e9gl\u00e9 au cours de cette r\u00e9vision de loi: celui du caract\u00e8re d\u00e9loyal des syst\u00e8mes de boule de neige. Par l'acceptation de la solution de la Conf\u00e9rence de conciliation, ce probl\u00e8me sera \u00e9galement r\u00e9gl\u00e9.</p>\n<p>Tous ces \u00e9l\u00e9ments font que, finalement, la solution de la Conf\u00e9rence de conciliation doit \u00eatre accept\u00e9e. Cela permet l'adoption de l'ensemble de la r\u00e9vision de la loi.</p>\n</pd_text>","MeetingCouncilAbbreviation":"N","MeetingDate":"20110616","MeetingVerbalixOid":2075,"IdSession":"4819","SpeakerFirstName":"Carlo","SpeakerLastName":"Sommaruga","SpeakerFullName":"Sommaruga Carlo","SpeakerFunction":"Mit-M","CouncilId":1,"CouncilName":"Nationalrat","CantonId":25,"CantonName":"Genf","CantonAbbreviation":"GE","ParlGroupName":"Sozialdemokratische Fraktion","ParlGroupAbbreviation":"S","SortOrder":2,"Start":"\/Date(1308241317988)\/","End":"\/Date(1308241437758)\/","Function":"*","DisplaySpeaker":true,"LanguageOfText":"FR","Modified":"\/Date(1774877697107)\/","StartTimeWithTimezone":"\/Date(1308241317987+0120)\/","EndTimeWithTimezone":"\/Date(1308241437757+0120)\/","VoteBusinessNumber":null,"VoteBusinessShortNumber":null,"VoteBusinessTitle":null},{"__metadata":{"id":"https://ws.parlament.ch/OData.svc/Transcript(ID=152578L,Language='DE')","uri":"https://ws.parlament.ch/OData.svc/Transcript(ID=152578L,Language='DE')","type":"itsystems.Pd.DataServices.DataModel.Transcript"},"Subjects":{"__deferred":{"uri":"https://ws.parlament.ch/OData.svc/Transcript(ID=152578L,Language='DE')/Subjects"}},"MembersCouncil":{"__deferred":{"uri":"https://ws.parlament.ch/OData.svc/Transcript(ID=152578L,Language='DE')/MembersCouncil"}},"Businesses":{"__deferred":{"uri":"https://ws.parlament.ch/OData.svc/Transcript(ID=152578L,Language='DE')/Businesses"}},"ID":"152578","Language":"DE","IdSubject":"25945","VoteId":null,"PersonNumber":1117,"Type":1,"Text":"<pd_text><p><b>Bundesgesetz gegen den unlauteren Wettbewerb </b></p>\n<p><b>Loi f\u00e9d\u00e9rale contre la concurrence d\u00e9loyale </b></p>\n<p>[VS]</p>\n<p><b>Art. 8</b></p>\n<p><i>Antrag der Einigungskonferenz</i></p>\n<p>Zustimmung zum Beschluss des St\u00e4nderates</p>\n<p>[VS]</p>\n<p><b>Art. 8</b></p>\n<p><i>Proposition de la Conf\u00e9rence de conciliation</i></p>\n<p>Adh\u00e9rer \u00e0 la d\u00e9cision du Conseil des Etats</p>\n</pd_text>","MeetingCouncilAbbreviation":"N","MeetingDate":"20110616","MeetingVerbalixOid":2075,"IdSession":"4819","SpeakerFirstName":"Jean-Ren\u00e9","SpeakerLastName":"Germanier","SpeakerFullName":"Germanier Jean-Ren\u00e9","SpeakerFunction":"P-M","CouncilId":1,"CouncilName":"Nationalrat","CantonId":23,"CantonName":"Wallis","CantonAbbreviation":"VS","ParlGroupName":"Freisinnig-demokratische Fraktion","ParlGroupAbbreviation":"RL","SortOrder":1,"Start":"\/Date(1308241266887)\/","End":"\/Date(1308241317988)\/","Function":"P-M","DisplaySpeaker":false,"LanguageOfText":null,"Modified":"\/Date(1774877697106)\/","StartTimeWithTimezone":"\/Date(1308241266887+0120)\/","EndTimeWithTimezone":"\/Date(1308241317987+0120)\/","VoteBusinessNumber":null,"VoteBusinessShortNumber":null,"VoteBusinessTitle":null}]},"ID":"25945","Language":"DE","IdMeeting":"1682","VerbalixOid":359280,"SortOrder":2,"Modified":"\/Date(1774877697104)\/"}}