{"d":{"__metadata":{"id":"https://ws.parlament.ch/OData.svc/Subject(ID=26032L,Language='DE')","uri":"https://ws.parlament.ch/OData.svc/Subject(ID=26032L,Language='DE')","type":"itsystems.Pd.DataServices.DataModel.Subject"},"Meetings":{"__metadata":{"id":"https://ws.parlament.ch/OData.svc/Meeting(ID=1684L,Language='DE')","uri":"https://ws.parlament.ch/OData.svc/Meeting(ID=1684L,Language='DE')","type":"itsystems.Pd.DataServices.DataModel.Meeting"},"Sessions":{"__deferred":{"uri":"https://ws.parlament.ch/OData.svc/Meeting(ID=1684L,Language='DE')/Sessions"}},"Subjects":{"__deferred":{"uri":"https://ws.parlament.ch/OData.svc/Meeting(ID=1684L,Language='DE')/Subjects"}},"ID":"1684","Language":"DE","MeetingNumber":13,"IdSession":4820,"SessionNumber":20,"SessionName":"Herbstsession 2011","Council":2,"CouncilName":"St\u00e4nderat","CouncilAbbreviation":"SR","Date":"\/Date(1317254400000)\/","Begin":"0815","Modified":"\/Date(1447070329090)\/","LegislativePeriodNumber":48,"PublicationStatus":"final","MeetingOrderText":"Dreizehnte Sitzung","SortOrder":13,"Location":"S"},"SubjectsBusiness":{"results":[{"__metadata":{"id":"https://ws.parlament.ch/OData.svc/SubjectBusiness(BusinessNumber=20090074,IdSubject=26032L,Language='DE')","uri":"https://ws.parlament.ch/OData.svc/SubjectBusiness(BusinessNumber=20090074,IdSubject=26032L,Language='DE')","type":"itsystems.Pd.DataServices.DataModel.SubjectBusiness"},"Subjects":{"__deferred":{"uri":"https://ws.parlament.ch/OData.svc/SubjectBusiness(BusinessNumber=20090074,IdSubject=26032L,Language='DE')/Subjects"}},"Businesses":{"__deferred":{"uri":"https://ws.parlament.ch/OData.svc/SubjectBusiness(BusinessNumber=20090074,IdSubject=26032L,Language='DE')/Businesses"}},"IdSubject":"26032","BusinessNumber":20090074,"Language":"DE","BusinessShortNumber":"09.074","Title":"Bauspar-Initiative sowie Eigene vier W\u00e4nde dank Bausparen. Volksinitiativen","SortOrder":1,"PublishedNotes":"Differenzen - Divergences\n","Modified":"\/Date(1447069399553)\/","TitleDE":"Bauspar-Initiative\nsowie \"Eigene vier W\u00e4nde\ndank Bausparen\".\nVolksinitiativen","TitleFR":"Initiative sur l'\u00e9pargne-logement\net \"Acc\u00e9der \u00e0 la propri\u00e9t\u00e9\ngr\u00e2ce \u00e0 l'\u00e9pargne-logement\".\nInitiatives populaires","TitleIT":null}]},"Transcripts":{"results":[{"__metadata":{"id":"https://ws.parlament.ch/OData.svc/Transcript(ID=152966L,Language='DE')","uri":"https://ws.parlament.ch/OData.svc/Transcript(ID=152966L,Language='DE')","type":"itsystems.Pd.DataServices.DataModel.Transcript"},"Subjects":{"__deferred":{"uri":"https://ws.parlament.ch/OData.svc/Transcript(ID=152966L,Language='DE')/Subjects"}},"MembersCouncil":{"__deferred":{"uri":"https://ws.parlament.ch/OData.svc/Transcript(ID=152966L,Language='DE')/MembersCouncil"}},"Businesses":{"__deferred":{"uri":"https://ws.parlament.ch/OData.svc/Transcript(ID=152966L,Language='DE')/Businesses"}},"ID":"152966","Language":"DE","IdSubject":"26032","VoteId":null,"PersonNumber":372,"Type":1,"Text":"<pd_text><p><i>Abstimmung - Vote</i></p>\n<p>F\u00fcr den Antrag der Minderheit ... 24 Stimmen</p>\n<p>F\u00fcr den Antrag der Mehrheit ... 16 Stimmen</p>\n<p>[VS]</p>\n<p><b>Pr\u00e4sident </b>(Inderkum Hansheiri, Pr\u00e4sident): Auch die Vorlage 2 wird somit Volk und St\u00e4nden ohne Empfehlung der Bundesversammlung unterbreitet werden.</p>\n<p>[PAGE 1001] </p>\n</pd_text>","MeetingCouncilAbbreviation":"S","MeetingDate":"20110929","MeetingVerbalixOid":2121,"IdSession":"4820","SpeakerFirstName":"Hansheiri","SpeakerLastName":"Inderkum","SpeakerFullName":"Inderkum Hansheiri","SpeakerFunction":"P-M","CouncilId":2,"CouncilName":"St\u00e4nderat","CantonId":4,"CantonName":"Uri","CantonAbbreviation":"UR","ParlGroupName":"Fraktion CVP/EVP/glp","ParlGroupAbbreviation":"M-E","SortOrder":5,"Start":"\/Date(1317284912007)\/","End":"\/Date(1317285071660)\/","Function":"P-M","DisplaySpeaker":false,"LanguageOfText":null,"Modified":"\/Date(1510850279530)\/","StartTimeWithTimezone":"\/Date(1317284912007+0120)\/","EndTimeWithTimezone":"\/Date(1317285071660+0120)\/","VoteBusinessNumber":null,"VoteBusinessShortNumber":null,"VoteBusinessTitle":null},{"__metadata":{"id":"https://ws.parlament.ch/OData.svc/Transcript(ID=152967L,Language='DE')","uri":"https://ws.parlament.ch/OData.svc/Transcript(ID=152967L,Language='DE')","type":"itsystems.Pd.DataServices.DataModel.Transcript"},"Subjects":{"__deferred":{"uri":"https://ws.parlament.ch/OData.svc/Transcript(ID=152967L,Language='DE')/Subjects"}},"MembersCouncil":{"__deferred":{"uri":"https://ws.parlament.ch/OData.svc/Transcript(ID=152967L,Language='DE')/MembersCouncil"}},"Businesses":{"__deferred":{"uri":"https://ws.parlament.ch/OData.svc/Transcript(ID=152967L,Language='DE')/Businesses"}},"ID":"152967","Language":"DE","IdSubject":"26032","VoteId":null,"PersonNumber":3934,"Type":1,"Text":"<pd_text><p>Ich m\u00f6chte Sie auch im Namen des Bundesrates bitten, ebenfalls diese zweite Initiative zur Ablehnung zu empfehlen. Auch sie hat M\u00e4ngel. Sie hat weniger M\u00e4ngel als die Bauspar-Initiative, die auch noch harmonisierungswidrig gewesen w\u00e4re, aber auch sie hat M\u00e4ngel. Sie waren sich, wir waren uns alle im Klaren und einig darin, dass diese Initiative des Hauseigent\u00fcmerverbandes grosse M\u00e4ngel in Bezug auf die verfassungsrechtlichen Fragen, in Bezug auf die sozialpolitische Wirksamkeit und auch in Bezug auf die Umsetzbarkeit hat. Sie haben sich darum entschieden, einen indirekten Gegenvorschlag zu erarbeiten. Der konnte dann nicht mehr weiterverfolgt werden, aber das \u00e4ndert ja an der urspr\u00fcnglichen Begr\u00fcndung nichts, dass diese HEV-Initiative verfassungsrechtlich fragw\u00fcrdig ist, dass sie sozialpolitisch fragw\u00fcrdig ist und dass die Umsetzung nur mit grossem Aufwand m\u00f6glich ist. Ich m\u00f6chte Sie wirklich bitten, jetzt einfach konsequent bei der Haltung zu bleiben, die Sie, wie ich meine, zu Recht einmal eingenommen haben. </p>\n<p>Ich m\u00f6chte Ihnen auch noch kurz etwas zur Frage der Abstimmungsempfehlungen sagen, weil Herr Germann darauf hingewiesen hat. Er hat gesagt, man sei sich immer einig darin gewesen, dass der Bundesrat im Falle einer Nichtstellungnahme des Parlamentes nichts zu sagen h\u00e4tte, also wenn das Parlament keine Empfehlung abgeben w\u00fcrde. Das wurde anl\u00e4sslich einer Kommissionssitzung so gesagt, mit Hinweis auf das Parlamentsgesetz, in dem es heisst, dass der Bundesrat keine Empfehlung abgeben darf, die der Empfehlung des Parlamentes widerspricht, also im Gegensatz zur Empfehlung des Parlamentes steht.</p>\n<p>Wir haben \u00fcberpr\u00fcft, ob keine Empfehlung abzugeben bzw. nichts zu sagen dann auch heisst, dass der Bundesrat nichts gegen nichts zu sagen zu sagen hat. <i>(Heiterkeit) </i>Ja, minus mal minus ergibt plus. Ich habe diese Abkl\u00e4rungen sowohl bei meinem Rechtsdienst als auch beim Bundesamt f\u00fcr Justiz veranlasst, und wir sind \u00fcbereinstimmend zur Meinung gekommen, dass sich der Bundesrat, wenn das Parlament nichts sagt und er etwas sagt, nicht auf einen Gegenstandpunkt zum Nichtssagen des Parlamentes stellt.</p>\n<p>Der Bundesrat darf durchaus eine Meinung haben, auch wenn das Parlament keine Meinung hat und es die Initiative nicht zur Ablehnung empfiehlt. Insofern steht es dem Bundesrat frei, in den Abstimmungserl\u00e4uterungen zu begr\u00fcnden, wie er zu dieser Ablehnung gekommen ist bzw. was die Ursache seiner Botschaft war.</p>\n<p>Nat\u00fcrlich m\u00fcssen wir im Bundesrat noch die rechtliche Situation diskutieren; wir haben das noch nicht getan. Man muss diskutieren, ob alle anderen Voraussetzungen nach Parlamentsgesetz eingehalten sind. Aber nur die Tatsache, dass Sie keine Empfehlung abgeben, heisst nicht, dass sich der Bundesrat in diesem Fall in keiner Art und Weise \u00e4ussern d\u00fcrfte. Wenn dies der Bundesrat nicht macht, werden es sicher die Kantone machen; mit Ausnahme von zwei Kantonen haben sich alle schon sehr klar ge\u00e4ussert.</p>\n</pd_text>","MeetingCouncilAbbreviation":"S","MeetingDate":"20110929","MeetingVerbalixOid":2121,"IdSession":"4820","SpeakerFirstName":"Eveline","SpeakerLastName":"Widmer-Schlumpf","SpeakerFullName":"Widmer-Schlumpf Eveline","SpeakerFunction":"VPBR-F","CouncilId":99,"CouncilName":"Bundesrat","CantonId":18,"CantonName":"Graub\u00fcnden","CantonAbbreviation":"GR","ParlGroupName":null,"ParlGroupAbbreviation":null,"SortOrder":4,"Start":"\/Date(1317284701713)\/","End":"\/Date(1317284912007)\/","Function":"VPBR-F","DisplaySpeaker":true,"LanguageOfText":"DE","Modified":"\/Date(1510850279530)\/","StartTimeWithTimezone":"\/Date(1317284701713+0120)\/","EndTimeWithTimezone":"\/Date(1317284912007+0120)\/","VoteBusinessNumber":null,"VoteBusinessShortNumber":null,"VoteBusinessTitle":null},{"__metadata":{"id":"https://ws.parlament.ch/OData.svc/Transcript(ID=152968L,Language='DE')","uri":"https://ws.parlament.ch/OData.svc/Transcript(ID=152968L,Language='DE')","type":"itsystems.Pd.DataServices.DataModel.Transcript"},"Subjects":{"__deferred":{"uri":"https://ws.parlament.ch/OData.svc/Transcript(ID=152968L,Language='DE')/Subjects"}},"MembersCouncil":{"__deferred":{"uri":"https://ws.parlament.ch/OData.svc/Transcript(ID=152968L,Language='DE')/MembersCouncil"}},"Businesses":{"__deferred":{"uri":"https://ws.parlament.ch/OData.svc/Transcript(ID=152968L,Language='DE')/Businesses"}},"ID":"152968","Language":"DE","IdSubject":"26032","VoteId":null,"PersonNumber":374,"Type":1,"Text":"<pd_text><p>Pour la derni\u00e8re fois sur ce sujet j'esp\u00e8re, j'aimerais vous rappeler que notre conseil a toujours recommand\u00e9 au peuple et aux cantons de rejeter l'initiative. Alors, ind\u00e9pendamment de ce que sont nos opinions individuelles, j'aimerais vous poser les questions suivantes: Pensez-vous qu'il est vraiment honn\u00eate de dire au peuple suisse que le Parlement est pour ce projet alors qu'une chambre s'y est toujours oppos\u00e9e? Est-il juste qu'on donne une consigne de vote positive seulement sur la base d'une d\u00e9cision de la Conf\u00e9rence de conciliation? Au fond, la Conf\u00e9rence de conciliation est con\u00e7ue pour chercher des solutions de compromis entre deux textes de loi qui sont divergents. Mais ici, pour une recommandation au sujet d'une initiative populaire, c'est soit oui, soit non. Il ne peut pas y avoir de conciliation; il n'y a pas de solution de compromis.</p>\n<p>Je vous propose d'avoir la m\u00eame attitude que le Conseil national pour le projet 1. Le Conseil national rejette la proposition de la Conf\u00e9rence de conciliation et reste coh\u00e9rent avec lui-m\u00eame, ce qui est acceptable et honorable. Je propose de faire exactement la m\u00eame chose et de rester coh\u00e9rents avec ce que nous avons toujours dit ici. D'ailleurs, nous avons toujours dit que ces initiatives n'\u00e9taient pas bonnes, \u00e0 tel point que nous avions d\u00e9cid\u00e9 de faire un contre-projet. Si celui-ci est caduc, c'est pour d'autres raisons. Mais je crois que nous n'avons pas le droit aujourd'hui de recommander au peuple et aux cantons d'accepter l'initiative alors que nous nous y sommes toujours oppos\u00e9s.</p>\n</pd_text>","MeetingCouncilAbbreviation":"S","MeetingDate":"20110929","MeetingVerbalixOid":2121,"IdSession":"4820","SpeakerFirstName":"Dick","SpeakerLastName":"Marty","SpeakerFullName":"Marty Dick","SpeakerFunction":"Mit-M","CouncilId":2,"CouncilName":"St\u00e4nderat","CantonId":27,"CantonName":"Tessin","CantonAbbreviation":"TI","ParlGroupName":"Freisinnig-demokratische Fraktion","ParlGroupAbbreviation":"RL","SortOrder":3,"Start":"\/Date(1317284583607)\/","End":"\/Date(1317284701713)\/","Function":"Mit-M","DisplaySpeaker":true,"LanguageOfText":"FR","Modified":"\/Date(1510850279513)\/","StartTimeWithTimezone":"\/Date(1317284583607+0120)\/","EndTimeWithTimezone":"\/Date(1317284701713+0120)\/","VoteBusinessNumber":null,"VoteBusinessShortNumber":null,"VoteBusinessTitle":null},{"__metadata":{"id":"https://ws.parlament.ch/OData.svc/Transcript(ID=152969L,Language='DE')","uri":"https://ws.parlament.ch/OData.svc/Transcript(ID=152969L,Language='DE')","type":"itsystems.Pd.DataServices.DataModel.Transcript"},"Subjects":{"__deferred":{"uri":"https://ws.parlament.ch/OData.svc/Transcript(ID=152969L,Language='DE')/Subjects"}},"MembersCouncil":{"__deferred":{"uri":"https://ws.parlament.ch/OData.svc/Transcript(ID=152969L,Language='DE')/MembersCouncil"}},"Businesses":{"__deferred":{"uri":"https://ws.parlament.ch/OData.svc/Transcript(ID=152969L,Language='DE')/Businesses"}},"ID":"152969","Language":"DE","IdSubject":"26032","VoteId":null,"PersonNumber":825,"Type":1,"Text":"<pd_text><p>Es liegt Ihnen nun tats\u00e4chlich nur noch die Vorlage 2 vor. Die Einigungskonferenz beantragt Ihnen, dass die Bundesversammlung die Initiative \"Eigene vier W\u00e4nde dank Bausparen\" Volk und St\u00e4nden zur Annahme empfiehlt. Der Entscheid in der Einigungskonferenz ist mit 14 zu 10 Stimmen bei 1 Enthaltung gefallen.</p>\n<p>Eine positive Stellungnahme des Parlamentes h\u00e4tte zumindest den Vorteil, dass sie einer allenfalls ablehnenden Stellungnahme des Bundesrates gegen\u00fcberstehen w\u00fcrde. Frau Bundesr\u00e4tin Widmer-Schlumpf hat n\u00e4mlich gestern zu unser aller \u00dcberraschung angek\u00fcndigt, der Bundesrat werde doch Stellung beziehen, und dies, nachdem die Meinung eigentlich war, es gebe gar keine Empfehlung aus der Bundesversammlung.</p>\n<p>Kurz und gut: Die Einigungskonferenz empfiehlt Ihnen, der Mehrheit zu folgen.</p>\n</pd_text>","MeetingCouncilAbbreviation":"S","MeetingDate":"20110929","MeetingVerbalixOid":2121,"IdSession":"4820","SpeakerFirstName":"Hannes","SpeakerLastName":"Germann","SpeakerFullName":"Germann Hannes","SpeakerFunction":"Mit-M","CouncilId":2,"CouncilName":"St\u00e4nderat","CantonId":14,"CantonName":"Schaffhausen","CantonAbbreviation":"SH","ParlGroupName":"Fraktion der Schweizerischen Volkspartei","ParlGroupAbbreviation":"V","SortOrder":2,"Start":"\/Date(1317284501517)\/","End":"\/Date(1317284583560)\/","Function":"*","DisplaySpeaker":true,"LanguageOfText":"DE","Modified":"\/Date(1510850279513)\/","StartTimeWithTimezone":"\/Date(1317284501517+0120)\/","EndTimeWithTimezone":"\/Date(1317284583560+0120)\/","VoteBusinessNumber":null,"VoteBusinessShortNumber":null,"VoteBusinessTitle":null},{"__metadata":{"id":"https://ws.parlament.ch/OData.svc/Transcript(ID=152970L,Language='DE')","uri":"https://ws.parlament.ch/OData.svc/Transcript(ID=152970L,Language='DE')","type":"itsystems.Pd.DataServices.DataModel.Transcript"},"Subjects":{"__deferred":{"uri":"https://ws.parlament.ch/OData.svc/Transcript(ID=152970L,Language='DE')/Subjects"}},"MembersCouncil":{"__deferred":{"uri":"https://ws.parlament.ch/OData.svc/Transcript(ID=152970L,Language='DE')/MembersCouncil"}},"Businesses":{"__deferred":{"uri":"https://ws.parlament.ch/OData.svc/Transcript(ID=152970L,Language='DE')/Businesses"}},"ID":"152970","Language":"DE","IdSubject":"26032","VoteId":null,"PersonNumber":372,"Type":1,"Text":"<pd_text><p><b>1. Bundesbeschluss \u00fcber die Volksinitiative \"f\u00fcr ein steuerlich beg\u00fcnstigtes Bausparen zum Erwerb von selbstgenutztem Wohneigentum und zur Finanzierung von baulichen Energiespar- und Umweltschutzmassnahmen (Bauspar-Initiative)\" </b></p>\n<p><b>1. Arr\u00eat\u00e9 f\u00e9d\u00e9ral concernant l'initiative populaire \"pour un traitement fiscal privil\u00e9gi\u00e9 de l'\u00e9pargne-logement destin\u00e9e \u00e0 l'acquisition d'une habitation \u00e0 usage personnel ou au financement de travaux visant \u00e0 \u00e9conomiser l'\u00e9nergie ou \u00e0 pr\u00e9server l'environnement (Initiative sur l'\u00e9pargne-logement)\" </b></p>\n<p>[VS]</p>\n<p><b>Pr\u00e4sident </b>(Inderkum Hansheiri, Pr\u00e4sident): In Bezug auf die Vorlage 1 ist die Ausgangslage die folgende: Der Nationalrat [PAGE 1000] als Erstrat hat am 28. September 2011 den Antrag der Einigungskonferenz zu Artikel 2 verworfen. Dieser Antrag wird somit unter Hinweis auf Artikel 93 Absatz 1 des Parlamentsgesetzes vom St\u00e4nderat nicht behandelt. Das bedeutet, dass die Bundesversammlung bei dieser Initiative keine Empfehlung abgeben wird.</p>\n<p>[VS]</p>\n<p>[VS]</p>\n<p><b>2. Bundesbeschluss \u00fcber die Volksinitiative \"Eigene vier W\u00e4nde dank Bausparen\" </b></p>\n<p><b>2. Arr\u00eat\u00e9 f\u00e9d\u00e9ral concernant l'initiative populaire \"Acc\u00e9der \u00e0 la propri\u00e9t\u00e9 gr\u00e2ce \u00e0 l'\u00e9pargne-logement\" </b></p>\n<p>[VS]</p>\n<p><b>Art. 2</b></p>\n<p><i>Antrag der Einigungskonferenz </i></p>\n<p><i>Mehrheit</i></p>\n<p>Zustimmung zum Beschluss des Nationalrates</p>\n<p>[VS]</p>\n<p><i>Minderheit</i></p>\n<p>(F\u00e4ssler, Marty Dick, de Buman, Fehr Hans-J\u00fcrg, Leutenegger Oberholzer)</p>\n<p>Ablehnung des Antrages der Einigungskonferenz</p>\n<p>[VS]</p>\n<p><b>Art. 2</b></p>\n<p><i>Proposition de la Conf\u00e9rence de conciliation</i></p>\n<p><i>Majorit\u00e9</i></p>\n<p>Adh\u00e9rer \u00e0 la d\u00e9cision du Conseil national</p>\n<p>[VS]</p>\n<p><i>Minorit\u00e9</i></p>\n<p>(F\u00e4ssler, Marty Dick, de Buman, Fehr Hans-J\u00fcrg, Leutenegger Oberholzer)</p>\n<p>Rejeter la proposition de la Conf\u00e9rence de conciliation </p>\n</pd_text>","MeetingCouncilAbbreviation":"S","MeetingDate":"20110929","MeetingVerbalixOid":2121,"IdSession":"4820","SpeakerFirstName":"Hansheiri","SpeakerLastName":"Inderkum","SpeakerFullName":"Inderkum Hansheiri","SpeakerFunction":"P-M","CouncilId":2,"CouncilName":"St\u00e4nderat","CantonId":4,"CantonName":"Uri","CantonAbbreviation":"UR","ParlGroupName":"Fraktion CVP/EVP/glp","ParlGroupAbbreviation":"M-E","SortOrder":1,"Start":"\/Date(1317284412113)\/","End":"\/Date(1317284501517)\/","Function":"P-M","DisplaySpeaker":false,"LanguageOfText":null,"Modified":"\/Date(1510850279513)\/","StartTimeWithTimezone":"\/Date(1317284412113+0120)\/","EndTimeWithTimezone":"\/Date(1317284501517+0120)\/","VoteBusinessNumber":null,"VoteBusinessShortNumber":null,"VoteBusinessTitle":null}]},"ID":"26032","Language":"DE","IdMeeting":"1684","VerbalixOid":366549,"SortOrder":2,"Modified":"\/Date(1510850279513)\/"}}