{"d":{"__metadata":{"id":"https://ws.parlament.ch/OData.svc/Subject(ID=26050L,Language='DE')","uri":"https://ws.parlament.ch/OData.svc/Subject(ID=26050L,Language='DE')","type":"itsystems.Pd.DataServices.DataModel.Subject"},"Meetings":{"__metadata":{"id":"https://ws.parlament.ch/OData.svc/Meeting(ID=1684L,Language='DE')","uri":"https://ws.parlament.ch/OData.svc/Meeting(ID=1684L,Language='DE')","type":"itsystems.Pd.DataServices.DataModel.Meeting"},"Sessions":{"__deferred":{"uri":"https://ws.parlament.ch/OData.svc/Meeting(ID=1684L,Language='DE')/Sessions"}},"Subjects":{"__deferred":{"uri":"https://ws.parlament.ch/OData.svc/Meeting(ID=1684L,Language='DE')/Subjects"}},"ID":"1684","Language":"DE","MeetingNumber":13,"IdSession":4820,"SessionNumber":20,"SessionName":"Herbstsession 2011","Council":2,"CouncilName":"St\u00e4nderat","CouncilAbbreviation":"SR","Date":"\/Date(1317254400000)\/","Begin":"0815","Modified":"\/Date(1447070329090)\/","LegislativePeriodNumber":48,"PublicationStatus":"final","MeetingOrderText":"Dreizehnte Sitzung","SortOrder":13,"Location":"S"},"SubjectsBusiness":{"results":[{"__metadata":{"id":"https://ws.parlament.ch/OData.svc/SubjectBusiness(BusinessNumber=20113331,IdSubject=26050L,Language='DE')","uri":"https://ws.parlament.ch/OData.svc/SubjectBusiness(BusinessNumber=20113331,IdSubject=26050L,Language='DE')","type":"itsystems.Pd.DataServices.DataModel.SubjectBusiness"},"Subjects":{"__deferred":{"uri":"https://ws.parlament.ch/OData.svc/SubjectBusiness(BusinessNumber=20113331,IdSubject=26050L,Language='DE')/Subjects"}},"Businesses":{"__deferred":{"uri":"https://ws.parlament.ch/OData.svc/SubjectBusiness(BusinessNumber=20113331,IdSubject=26050L,Language='DE')/Businesses"}},"IdSubject":"26050","BusinessNumber":20113331,"Language":"DE","BusinessShortNumber":"11.3331","Title":"Baureife KEV-Projekte f\u00f6rdern","SortOrder":1,"PublishedNotes":null,"Modified":"\/Date(1447069504866)\/","TitleDE":"Motion H\u00e4berli-Koller Brigitte.\nBaureife KEV-Projekte\nf\u00f6rdern","TitleFR":"Motion H\u00e4berli-Koller Brigitte.\nPromouvoir les projets RPC\npr\u00eats \u00e0 \u00eatre r\u00e9alis\u00e9s","TitleIT":null}]},"Transcripts":{"results":[{"__metadata":{"id":"https://ws.parlament.ch/OData.svc/Transcript(ID=153013L,Language='DE')","uri":"https://ws.parlament.ch/OData.svc/Transcript(ID=153013L,Language='DE')","type":"itsystems.Pd.DataServices.DataModel.Transcript"},"Subjects":{"__deferred":{"uri":"https://ws.parlament.ch/OData.svc/Transcript(ID=153013L,Language='DE')/Subjects"}},"MembersCouncil":{"__deferred":{"uri":"https://ws.parlament.ch/OData.svc/Transcript(ID=153013L,Language='DE')/MembersCouncil"}},"Businesses":{"__deferred":{"uri":"https://ws.parlament.ch/OData.svc/Transcript(ID=153013L,Language='DE')/Businesses"}},"ID":"153013","Language":"DE","IdSubject":"26050","VoteId":null,"PersonNumber":1256,"Type":1,"Text":"<pd_text><p><i>Antrag der Mehrheit</i></p>\n<p>Ablehnung der Motion</p>\n<p>[VS]</p>\n<p><i>Antrag der Minderheit</i></p>\n<p>(Cramer, Berberat, Diener Lenz)</p>\n<p>Annahme der Motion</p>\n<p>[VS]</p>\n<p><i>Proposition de la majorit\u00e9</i></p>\n<p>Rejeter la motion</p>\n<p>[VS]</p>\n<p><i>Proposition de la minorit\u00e9 </i></p>\n<p>(Cramer, Berberat, Diener Lenz)</p>\n<p>Adopter la motion</p>\n<p>[VS]</p>\n<p><i>Abstimmung - Vote </i></p>\n<p>F\u00fcr Annahme der Motion ... 21 Stimmen </p>\n<p>Dagegen ... 20 Stimmen </p>\n</pd_text>","MeetingCouncilAbbreviation":"S","MeetingDate":"20110929","MeetingVerbalixOid":2121,"IdSession":"4820","SpeakerFirstName":"Hans","SpeakerLastName":"Altherr","SpeakerFullName":"Altherr Hans","SpeakerFunction":"1VP-M","CouncilId":2,"CouncilName":"St\u00e4nderat","CantonId":15,"CantonName":"Appenzell A.-Rh.","CantonAbbreviation":"AR","ParlGroupName":"Freisinnig-demokratische Fraktion","ParlGroupAbbreviation":"RL","SortOrder":1,"Start":"\/Date(1317292403393)\/","End":"\/Date(1317292470227)\/","Function":"1VP-M","DisplaySpeaker":false,"LanguageOfText":null,"Modified":"\/Date(1510850279607)\/","StartTimeWithTimezone":"\/Date(1317292403393+0120)\/","EndTimeWithTimezone":"\/Date(1317292470227+0120)\/","VoteBusinessNumber":null,"VoteBusinessShortNumber":null,"VoteBusinessTitle":null}]},"ID":"26050","Language":"DE","IdMeeting":"1684","VerbalixOid":366618,"SortOrder":4,"Modified":"\/Date(1510850279607)\/"}}