{"d":{"__metadata":{"id":"https://ws.parlament.ch/OData.svc/Subject(ID=26061L,Language='DE')","uri":"https://ws.parlament.ch/OData.svc/Subject(ID=26061L,Language='DE')","type":"itsystems.Pd.DataServices.DataModel.Subject"},"Meetings":{"__metadata":{"id":"https://ws.parlament.ch/OData.svc/Meeting(ID=1685L,Language='DE')","uri":"https://ws.parlament.ch/OData.svc/Meeting(ID=1685L,Language='DE')","type":"itsystems.Pd.DataServices.DataModel.Meeting"},"Sessions":{"__deferred":{"uri":"https://ws.parlament.ch/OData.svc/Meeting(ID=1685L,Language='DE')/Sessions"}},"Subjects":{"__deferred":{"uri":"https://ws.parlament.ch/OData.svc/Meeting(ID=1685L,Language='DE')/Subjects"}},"ID":"1685","Language":"DE","MeetingNumber":14,"IdSession":4820,"SessionNumber":20,"SessionName":"Herbstsession 2011","Council":2,"CouncilName":"St\u00e4nderat","CouncilAbbreviation":"SR","Date":"\/Date(1317340800000)\/","Begin":"0815","Modified":"\/Date(1447070329403)\/","LegislativePeriodNumber":48,"PublicationStatus":"final","MeetingOrderText":"Vierzehnte Sitzung","SortOrder":14,"Location":"S"},"SubjectsBusiness":{"results":[{"__metadata":{"id":"https://ws.parlament.ch/OData.svc/SubjectBusiness(BusinessNumber=20110400,IdSubject=26061L,Language='DE')","uri":"https://ws.parlament.ch/OData.svc/SubjectBusiness(BusinessNumber=20110400,IdSubject=26061L,Language='DE')","type":"itsystems.Pd.DataServices.DataModel.SubjectBusiness"},"Subjects":{"__deferred":{"uri":"https://ws.parlament.ch/OData.svc/SubjectBusiness(BusinessNumber=20110400,IdSubject=26061L,Language='DE')/Subjects"}},"Businesses":{"__deferred":{"uri":"https://ws.parlament.ch/OData.svc/SubjectBusiness(BusinessNumber=20110400,IdSubject=26061L,Language='DE')/Businesses"}},"IdSubject":"26061","BusinessNumber":20110400,"Language":"DE","BusinessShortNumber":"11.400","Title":"Anzahl Richterstellen am Bundesgericht ab 2012","SortOrder":1,"PublishedNotes":"Schlussabstimmung - Vote final\n","Modified":"\/Date(1447069493820)\/","TitleDE":"Parlamentarische Initiative\nRK-NR.\nAnzahl Richterstellen\nam Bundesgericht ab 2012","TitleFR":"Initiative parlementaire\nCAJ-CN.\nNombre de postes de juges\nau Tribunal f\u00e9d\u00e9ral \u00e0 partir de 2012","TitleIT":null}]},"Transcripts":{"results":[{"__metadata":{"id":"https://ws.parlament.ch/OData.svc/Transcript(ID=153027L,Language='DE')","uri":"https://ws.parlament.ch/OData.svc/Transcript(ID=153027L,Language='DE')","type":"itsystems.Pd.DataServices.DataModel.Transcript"},"Subjects":{"__deferred":{"uri":"https://ws.parlament.ch/OData.svc/Transcript(ID=153027L,Language='DE')/Subjects"}},"MembersCouncil":{"__deferred":{"uri":"https://ws.parlament.ch/OData.svc/Transcript(ID=153027L,Language='DE')/MembersCouncil"}},"Businesses":{"__deferred":{"uri":"https://ws.parlament.ch/OData.svc/Transcript(ID=153027L,Language='DE')/Businesses"}},"ID":"153027","Language":"DE","IdSubject":"26061","VoteId":null,"PersonNumber":372,"Type":1,"Text":"<pd_text><p><b>Verordnung der Bundesversammlung \u00fcber die Richterstellen am Bundesgericht </b></p>\n<p><b>Ordonnance de l'Assembl\u00e9e f\u00e9d\u00e9rale sur les postes de juges au Tribunal f\u00e9d\u00e9ral </b></p>\n<p>[VS]</p>\n<p><i>Abstimmung - Vote</i></p>\n<p>F\u00fcr Annahme des Entwurfes ... 44 Stimmen</p>\n<p>(Einstimmigkeit)</p>\n<p>(0 Enthaltungen)</p>\n</pd_text>","MeetingCouncilAbbreviation":"S","MeetingDate":"20110930","MeetingVerbalixOid":2122,"IdSession":"4820","SpeakerFirstName":"Hansheiri","SpeakerLastName":"Inderkum","SpeakerFullName":"Inderkum Hansheiri","SpeakerFunction":"P-M","CouncilId":2,"CouncilName":"St\u00e4nderat","CantonId":4,"CantonName":"Uri","CantonAbbreviation":"UR","ParlGroupName":"Fraktion CVP/EVP/glp","ParlGroupAbbreviation":"M-E","SortOrder":1,"Start":"\/Date(1317370744937)\/","End":"\/Date(1317370758433)\/","Function":"P-M","DisplaySpeaker":false,"LanguageOfText":null,"Modified":"\/Date(1510850280310)\/","StartTimeWithTimezone":"\/Date(1317370744937+0120)\/","EndTimeWithTimezone":"\/Date(1317370758433+0120)\/","VoteBusinessNumber":null,"VoteBusinessShortNumber":null,"VoteBusinessTitle":null}]},"ID":"26061","Language":"DE","IdMeeting":"1685","VerbalixOid":367350,"SortOrder":14,"Modified":"\/Date(1510850280310)\/"}}