{"d":{"__metadata":{"id":"https://ws.parlament.ch/OData.svc/Subject(ID=26073L,Language='DE')","uri":"https://ws.parlament.ch/OData.svc/Subject(ID=26073L,Language='DE')","type":"itsystems.Pd.DataServices.DataModel.Subject"},"Meetings":{"__metadata":{"id":"https://ws.parlament.ch/OData.svc/Meeting(ID=1686L,Language='DE')","uri":"https://ws.parlament.ch/OData.svc/Meeting(ID=1686L,Language='DE')","type":"itsystems.Pd.DataServices.DataModel.Meeting"},"Sessions":{"__deferred":{"uri":"https://ws.parlament.ch/OData.svc/Meeting(ID=1686L,Language='DE')/Sessions"}},"Subjects":{"__deferred":{"uri":"https://ws.parlament.ch/OData.svc/Meeting(ID=1686L,Language='DE')/Subjects"}},"ID":"1686","Language":"DE","MeetingNumber":2,"IdSession":4820,"SessionNumber":20,"SessionName":"Herbstsession 2011","Council":2,"CouncilName":"St\u00e4nderat","CouncilAbbreviation":"SR","Date":"\/Date(1315872000000)\/","Begin":"0815","Modified":"\/Date(1447070329757)\/","LegislativePeriodNumber":48,"PublicationStatus":"final","MeetingOrderText":"Zweite Sitzung","SortOrder":2,"Location":"S"},"SubjectsBusiness":{"results":[{"__metadata":{"id":"https://ws.parlament.ch/OData.svc/SubjectBusiness(BusinessNumber=20110021,IdSubject=26073L,Language='DE')","uri":"https://ws.parlament.ch/OData.svc/SubjectBusiness(BusinessNumber=20110021,IdSubject=26073L,Language='DE')","type":"itsystems.Pd.DataServices.DataModel.SubjectBusiness"},"Subjects":{"__deferred":{"uri":"https://ws.parlament.ch/OData.svc/SubjectBusiness(BusinessNumber=20110021,IdSubject=26073L,Language='DE')/Subjects"}},"Businesses":{"__deferred":{"uri":"https://ws.parlament.ch/OData.svc/SubjectBusiness(BusinessNumber=20110021,IdSubject=26073L,Language='DE')/Businesses"}},"IdSubject":"26073","BusinessNumber":20110021,"Language":"DE","BusinessShortNumber":"11.021","Title":"Soziale Sicherheit. Abkommen mit Japan","SortOrder":1,"PublishedNotes":"Zweitrat - Deuxi\u00e8me Conseil\n","Modified":"\/Date(1447069491210)\/","TitleDE":"Soziale Sicherheit.\nAbkommen mit Japan","TitleFR":"S\u00e9curit\u00e9 sociale.\nConvention avec le Japon","TitleIT":null}]},"Transcripts":{"results":[{"__metadata":{"id":"https://ws.parlament.ch/OData.svc/Transcript(ID=153114L,Language='DE')","uri":"https://ws.parlament.ch/OData.svc/Transcript(ID=153114L,Language='DE')","type":"itsystems.Pd.DataServices.DataModel.Transcript"},"Subjects":{"__deferred":{"uri":"https://ws.parlament.ch/OData.svc/Transcript(ID=153114L,Language='DE')/Subjects"}},"MembersCouncil":{"__deferred":{"uri":"https://ws.parlament.ch/OData.svc/Transcript(ID=153114L,Language='DE')/MembersCouncil"}},"Businesses":{"__deferred":{"uri":"https://ws.parlament.ch/OData.svc/Transcript(ID=153114L,Language='DE')/Businesses"}},"ID":"153114","Language":"DE","IdSubject":"26073","VoteId":null,"PersonNumber":372,"Type":1,"Text":"<pd_text><p><i>Eintreten wird ohne Gegenantrag beschlossen</i></p>\n<p><i>L'entr\u00e9e en mati\u00e8re est d\u00e9cid\u00e9e sans opposition</i></p>\n<p>[VS]</p>\n<p>[VS]</p>\n<p><b>Bundesbeschluss \u00fcber die Genehmigung des Abkommens zwischen der Schweizerischen Eidgenossenschaft und Japan \u00fcber soziale Sicherheit </b></p>\n<p><b>Arr\u00eat\u00e9 f\u00e9d\u00e9ral portant approbation de la convention de s\u00e9curit\u00e9 sociale entre la Conf\u00e9d\u00e9ration suisse et le Japon </b></p>\n<p>[VS]</p>\n<p><i>Detailberatung - Discussion par article</i></p>\n<p>[VS]</p>\n<p><b>Titel und Ingress, Art. 1, 2</b></p>\n<p><i>Antrag der Kommission</i></p>\n<p>Zustimmung zum Beschluss des Nationalrates</p>\n<p>[VS]</p>\n<p><b>Titre et pr\u00e9ambule, art. 1, 2</b></p>\n<p><i>Proposition de la commission</i></p>\n<p>Adh\u00e9rer \u00e0 la d\u00e9cision du Conseil national</p>\n<p>[VS]</p>\n<p><i>Angenommen - Adopt\u00e9</i></p>\n<p>[VS]</p>\n<p><i>Gesamtabstimmung - Vote sur l'ensemble</i></p>\n<p>F\u00fcr Annahme des Entwurfes ... 30 Stimmen</p>\n<p>(Einstimmigkeit)</p>\n<p>(0 Enthaltungen)</p>\n</pd_text>","MeetingCouncilAbbreviation":"S","MeetingDate":"20110913","MeetingVerbalixOid":2110,"IdSession":"4820","SpeakerFirstName":"Hansheiri","SpeakerLastName":"Inderkum","SpeakerFullName":"Inderkum Hansheiri","SpeakerFunction":"P-M","CouncilId":2,"CouncilName":"St\u00e4nderat","CantonId":4,"CantonName":"Uri","CantonAbbreviation":"UR","ParlGroupName":"Fraktion CVP/EVP/glp","ParlGroupAbbreviation":"M-E","SortOrder":4,"Start":"\/Date(1315910452053)\/","End":"\/Date(1315910532957)\/","Function":"P-M","DisplaySpeaker":false,"LanguageOfText":null,"Modified":"\/Date(1510850278060)\/","StartTimeWithTimezone":"\/Date(1315910452053+0120)\/","EndTimeWithTimezone":"\/Date(1315910532957+0120)\/","VoteBusinessNumber":null,"VoteBusinessShortNumber":null,"VoteBusinessTitle":null},{"__metadata":{"id":"https://ws.parlament.ch/OData.svc/Transcript(ID=153115L,Language='DE')","uri":"https://ws.parlament.ch/OData.svc/Transcript(ID=153115L,Language='DE')","type":"itsystems.Pd.DataServices.DataModel.Transcript"},"Subjects":{"__deferred":{"uri":"https://ws.parlament.ch/OData.svc/Transcript(ID=153115L,Language='DE')/Subjects"}},"MembersCouncil":{"__deferred":{"uri":"https://ws.parlament.ch/OData.svc/Transcript(ID=153115L,Language='DE')/MembersCouncil"}},"Businesses":{"__deferred":{"uri":"https://ws.parlament.ch/OData.svc/Transcript(ID=153115L,Language='DE')/Businesses"}},"ID":"153115","Language":"DE","IdSubject":"26073","VoteId":null,"PersonNumber":1116,"Type":1,"Text":"<pd_text><p>Permettez-moi d'insister sur les origines de cette convention. C'est dans le cadre des discussions relatives \u00e0 l'Accord de libre-\u00e9change et de partenariat \u00e9conomique entre la Suisse et le Japon que la volont\u00e9 de passer une convention de s\u00e9curit\u00e9 sociale entre la Conf\u00e9d\u00e9ration suisse et le Japon s'est inscrite. Il faut insister sur l'importance des relations avec le Japon, o\u00f9 le nombre de Suisses est quand m\u00eame relativement important. De plus, ce partenaire est le deuxi\u00e8me de la Suisse en Asie apr\u00e8s la Chine.</p>\n<p>Et puis, sur le fond, le rapporteur de la commission a donn\u00e9 les \u00e9l\u00e9ments importants. L'essentiel est clairement d'\u00e9viter la double charge des salari\u00e9s et des employeurs li\u00e9e au cumul de l'obligation de verser des cotisations dans les deux Etats. Avec cette convention de s\u00e9curit\u00e9 sociale, cette double charge est supprim\u00e9e.</p>\n<p>Evidemment, rien que cela, m\u00eame s'il y a d'autres points dans cette convention, est d\u00e9j\u00e0 un \u00e9l\u00e9ment suffisant pour que vous entriez en mati\u00e8re et que vous donniez la possibilit\u00e9 au Conseil f\u00e9d\u00e9ral de la ratifier. </p>\n</pd_text>","MeetingCouncilAbbreviation":"S","MeetingDate":"20110913","MeetingVerbalixOid":2110,"IdSession":"4820","SpeakerFirstName":"Didier","SpeakerLastName":"Burkhalter","SpeakerFullName":"Burkhalter Didier","SpeakerFunction":"BR-M","CouncilId":99,"CouncilName":"Bundesrat","CantonId":24,"CantonName":"Neuenburg","CantonAbbreviation":"NE","ParlGroupName":null,"ParlGroupAbbreviation":null,"SortOrder":3,"Start":"\/Date(1315910380530)\/","End":"\/Date(1315910452053)\/","Function":"BR-M","DisplaySpeaker":true,"LanguageOfText":"FR","Modified":"\/Date(1510850278060)\/","StartTimeWithTimezone":"\/Date(1315910380530+0120)\/","EndTimeWithTimezone":"\/Date(1315910452053+0120)\/","VoteBusinessNumber":null,"VoteBusinessShortNumber":null,"VoteBusinessTitle":null},{"__metadata":{"id":"https://ws.parlament.ch/OData.svc/Transcript(ID=153116L,Language='DE')","uri":"https://ws.parlament.ch/OData.svc/Transcript(ID=153116L,Language='DE')","type":"itsystems.Pd.DataServices.DataModel.Transcript"},"Subjects":{"__deferred":{"uri":"https://ws.parlament.ch/OData.svc/Transcript(ID=153116L,Language='DE')/Subjects"}},"MembersCouncil":{"__deferred":{"uri":"https://ws.parlament.ch/OData.svc/Transcript(ID=153116L,Language='DE')/MembersCouncil"}},"Businesses":{"__deferred":{"uri":"https://ws.parlament.ch/OData.svc/Transcript(ID=153116L,Language='DE')/Businesses"}},"ID":"153116","Language":"DE","IdSubject":"26073","VoteId":null,"PersonNumber":1162,"Type":1,"Text":"<pd_text><p>Im Rahmen der bilateralen Konsultationen \u00fcber den Abschluss des am 1. September 2009 in Kraft getretenen Freihandelsabkommens zwischen der Schweiz und Japan wurde von japanischer Seite auf eine unerw\u00fcnschte Doppelbelastung im Bereich der Sozialversicherungen hingewiesen. Dabei geht es um die Beitragspflicht bei der Rentenversicherung von Arbeitnehmerinnen und Arbeitnehmern, die vor\u00fcbergehend in den anderen Staat entsandt werden. Das Problem besteht darin, dass die geleisteten Beitr\u00e4ge im Staat der vor\u00fcbergehenden Erwerbst\u00e4tigkeit keinen Rentenanspruch begr\u00fcnden.</p>\n<p>Erhebungen bei Schweizer Unternehmen haben ergeben, dass diese Doppelbelastung den wirtschaftlichen Austausch zwischen den beiden Staaten erschwert und unn\u00f6tig belastet. Ohne ein Abkommen k\u00f6nnen Auslandschweizerinnen und Auslandschweizer in Japan aufgrund der hohen Mindestversicherungszeit von 25 Jahren praktisch keinen Anspruch auf eine japanische Altersrente begr\u00fcnden. Betroffen [PAGE 753] davon sind rund 1500 Schweizerinnen und Schweizer in Japan, diesem f\u00fcr die Schweiz wichtigen asiatischen Handelspartner.</p>\n<p>Auf der anderen Seite betrifft dies rund 9200 japanische Staatsangeh\u00f6rige, die im Register der Alters- und Hinterlassenenversicherung sowie der Invalidenversicherung eingetragen sind. Sie verf\u00fcgen zwar \u00fcber Beitragszeiten in der Schweiz, haben aber derzeit nur einen eingeschr\u00e4nkten Anspruch auf AHV- und IV-Leistungen. Sie k\u00f6nnen insbesondere nur dann eine Rente beziehen, wenn sie in der Schweiz wohnen. Andernfalls haben sie lediglich Anspruch auf die R\u00fcckerstattung der AHV-Beitr\u00e4ge.</p>\n<p>Es ist zudem durchaus m\u00f6glich, dass sich k\u00fcnftig noch weitere Unternehmen schweizerischer Herkunft in Japan niederlassen werden. Die Zahl derjenigen, die von diesem Sozialversicherungsabkommen profitieren k\u00f6nnten, wird sich wahrscheinlich in den kommenden Jahren noch weiter erh\u00f6hen.</p>\n<p>Die staatlichen Sozialversicherungen Japans sind f\u00fcr alle Erwerbst\u00e4tigen obligatorisch. Sie umfassen die Risiken Krankheit, Arbeitsunf\u00e4lle, Berufskrankheiten, Mutterschaft, Alter und Tod sowie Arbeitslosigkeit. Sie werden ebenfalls mit Beitr\u00e4gen der Arbeitgeberinnen und Arbeitgeber, der Arbeitnehmerinnen und Arbeitnehmer sowie durch staatliche Zusch\u00fcsse finanziert. Der globale Beitragssatz betr\u00e4gt je nach Alter zwischen 25 und 27 Prozent des Bruttoeinkommens.</p>\n<p>In \u00dcbereinstimmung mit den allgemeinen internationalen Grunds\u00e4tzen bringt das Abkommen eine weitgehende Gleichbehandlung der Staatsangeh\u00f6rigen beider Vertragsstaaten in den vom Abkommen erfassten Versicherungszweigen. Die Gleichstellung erstreckt sich auf die Zahlung von Geldleistungen an Versicherte mit Wohnsitz im Ausland. Artikel 5 garantiert die Zahlung von Leistungen unabh\u00e4ngig vom Wohnort. Die Schweiz hat zu einigen Leistungen Vorbehalte angebracht. So werden beispielsweise Invalidenrenten f\u00fcr Personen, deren Invalidit\u00e4tsgrad unter 50 Prozent liegt, was also einen Anspruch auf eine Viertelsrente begr\u00fcndet, sowie ausserordentliche Renten und Hilflosenentsch\u00e4digungen der AHV/IV nur in der Schweiz ausbezahlt.</p>\n<p>Der Nationalrat hat diesem Abkommen in der Sommersession am 16. Juni 2011 einstimmig zugestimmt. Unsere SGK hat es anl\u00e4sslich der Sitzung vom 18. August behandelt und ohne Diskussion unserem Rat \u00fcberwiesen.</p>\n<p>Ich beantrage Ihnen namens der einstimmigen Kommission, auf diese Vorlage einzutreten und ihr ebenfalls zuzustimmen.</p>\n</pd_text>","MeetingCouncilAbbreviation":"S","MeetingDate":"20110913","MeetingVerbalixOid":2110,"IdSession":"4820","SpeakerFirstName":"Alex","SpeakerLastName":"Kuprecht","SpeakerFullName":"Kuprecht Alex","SpeakerFunction":"Mit-M","CouncilId":2,"CouncilName":"St\u00e4nderat","CantonId":5,"CantonName":"Schwyz","CantonAbbreviation":"SZ","ParlGroupName":"Fraktion der Schweizerischen Volkspartei","ParlGroupAbbreviation":"V","SortOrder":2,"Start":"\/Date(1315910155723)\/","End":"\/Date(1315910380530)\/","Function":"*","DisplaySpeaker":true,"LanguageOfText":"DE","Modified":"\/Date(1510850278060)\/","StartTimeWithTimezone":"\/Date(1315910155723+0120)\/","EndTimeWithTimezone":"\/Date(1315910380530+0120)\/","VoteBusinessNumber":null,"VoteBusinessShortNumber":null,"VoteBusinessTitle":null},{"__metadata":{"id":"https://ws.parlament.ch/OData.svc/Transcript(ID=153117L,Language='DE')","uri":"https://ws.parlament.ch/OData.svc/Transcript(ID=153117L,Language='DE')","type":"itsystems.Pd.DataServices.DataModel.Transcript"},"Subjects":{"__deferred":{"uri":"https://ws.parlament.ch/OData.svc/Transcript(ID=153117L,Language='DE')/Subjects"}},"MembersCouncil":{"__deferred":{"uri":"https://ws.parlament.ch/OData.svc/Transcript(ID=153117L,Language='DE')/MembersCouncil"}},"Businesses":{"__deferred":{"uri":"https://ws.parlament.ch/OData.svc/Transcript(ID=153117L,Language='DE')/Businesses"}},"ID":"153117","Language":"DE","IdSubject":"26073","VoteId":null,"PersonNumber":372,"Type":1,"Text":"<pd_text><p><b>Pr\u00e4sident </b>(Inderkum Hansheiri, Pr\u00e4sident): Sie haben einen schriftlichen Bericht der Kommission erhalten.</p>\n</pd_text>","MeetingCouncilAbbreviation":"S","MeetingDate":"20110913","MeetingVerbalixOid":2110,"IdSession":"4820","SpeakerFirstName":"Hansheiri","SpeakerLastName":"Inderkum","SpeakerFullName":"Inderkum Hansheiri","SpeakerFunction":"P-M","CouncilId":2,"CouncilName":"St\u00e4nderat","CantonId":4,"CantonName":"Uri","CantonAbbreviation":"UR","ParlGroupName":"Fraktion CVP/EVP/glp","ParlGroupAbbreviation":"M-E","SortOrder":1,"Start":"\/Date(1315910139390)\/","End":"\/Date(1315910155723)\/","Function":"P-M","DisplaySpeaker":false,"LanguageOfText":null,"Modified":"\/Date(1510850278043)\/","StartTimeWithTimezone":"\/Date(1315910139390+0120)\/","EndTimeWithTimezone":"\/Date(1315910155723+0120)\/","VoteBusinessNumber":null,"VoteBusinessShortNumber":null,"VoteBusinessTitle":null}]},"ID":"26073","Language":"DE","IdMeeting":"1686","VerbalixOid":361293,"SortOrder":4,"Modified":"\/Date(1510850278043)\/"}}