{"d":{"__metadata":{"id":"https://ws.parlament.ch/OData.svc/Subject(ID=26086L,Language='DE')","uri":"https://ws.parlament.ch/OData.svc/Subject(ID=26086L,Language='DE')","type":"itsystems.Pd.DataServices.DataModel.Subject"},"Meetings":{"__metadata":{"id":"https://ws.parlament.ch/OData.svc/Meeting(ID=1687L,Language='DE')","uri":"https://ws.parlament.ch/OData.svc/Meeting(ID=1687L,Language='DE')","type":"itsystems.Pd.DataServices.DataModel.Meeting"},"Sessions":{"__deferred":{"uri":"https://ws.parlament.ch/OData.svc/Meeting(ID=1687L,Language='DE')/Sessions"}},"Subjects":{"__deferred":{"uri":"https://ws.parlament.ch/OData.svc/Meeting(ID=1687L,Language='DE')/Subjects"}},"ID":"1687","Language":"DE","MeetingNumber":10,"IdSession":4820,"SessionNumber":20,"SessionName":"Herbstsession 2011","Council":1,"CouncilName":"Nationalrat","CouncilAbbreviation":"NR","Date":"\/Date(1316649600000)\/","Begin":"0800","Modified":"\/Date(1447070330273)\/","LegislativePeriodNumber":48,"PublicationStatus":"final","MeetingOrderText":"Zehnte Sitzung","SortOrder":10,"Location":"N"},"SubjectsBusiness":{"results":[{"__metadata":{"id":"https://ws.parlament.ch/OData.svc/SubjectBusiness(BusinessNumber=20090074,IdSubject=26086L,Language='DE')","uri":"https://ws.parlament.ch/OData.svc/SubjectBusiness(BusinessNumber=20090074,IdSubject=26086L,Language='DE')","type":"itsystems.Pd.DataServices.DataModel.SubjectBusiness"},"Subjects":{"__deferred":{"uri":"https://ws.parlament.ch/OData.svc/SubjectBusiness(BusinessNumber=20090074,IdSubject=26086L,Language='DE')/Subjects"}},"Businesses":{"__deferred":{"uri":"https://ws.parlament.ch/OData.svc/SubjectBusiness(BusinessNumber=20090074,IdSubject=26086L,Language='DE')/Businesses"}},"IdSubject":"26086","BusinessNumber":20090074,"Language":"DE","BusinessShortNumber":"09.074","Title":"Bauspar-Initiative sowie Eigene vier W\u00e4nde dank Bausparen. Volksinitiativen","SortOrder":1,"PublishedNotes":"Differenzen - Divergences\n","Modified":"\/Date(1447069399553)\/","TitleDE":"Bauspar-Initiative\nsowie \"Eigene vier W\u00e4nde\ndank Bausparen\".\nVolksinitiativen","TitleFR":"Initiative sur l'\u00e9pargne-logement\net \"Acc\u00e9der \u00e0 la propri\u00e9t\u00e9\ngr\u00e2ce \u00e0 l'\u00e9pargne-logement\".\nInitiatives populaires","TitleIT":null}]},"Transcripts":{"results":[{"__metadata":{"id":"https://ws.parlament.ch/OData.svc/Transcript(ID=153243L,Language='DE')","uri":"https://ws.parlament.ch/OData.svc/Transcript(ID=153243L,Language='DE')","type":"itsystems.Pd.DataServices.DataModel.Transcript"},"Subjects":{"__deferred":{"uri":"https://ws.parlament.ch/OData.svc/Transcript(ID=153243L,Language='DE')/Subjects"}},"MembersCouncil":{"__deferred":{"uri":"https://ws.parlament.ch/OData.svc/Transcript(ID=153243L,Language='DE')/MembersCouncil"}},"Businesses":{"__deferred":{"uri":"https://ws.parlament.ch/OData.svc/Transcript(ID=153243L,Language='DE')/Businesses"}},"ID":"153243","Language":"DE","IdSubject":"26086","VoteId":"6277","PersonNumber":null,"Type":2,"Text":"<pd_text><p><i>Abstimmung - Vote</i></p>\n<p>[NAM]</p>\n<p>F\u00fcr den Antrag der Mehrheit ... 101 Stimmen</p>\n<p>F\u00fcr den Antrag der Minderheit ... 61 Stimmen</p>\n<p>[VS]</p>\n<p>[VS]</p>\n<p><b>Le pr\u00e9sident </b>(Germanier Jean-Ren\u00e9, pr\u00e9sident): Vous avez maintenu les divergences. L'objet retourne au Conseil des Etats.</p>\n</pd_text>","MeetingCouncilAbbreviation":"N","MeetingDate":"20110922","MeetingVerbalixOid":2101,"IdSession":"4820","SpeakerFirstName":null,"SpeakerLastName":null,"SpeakerFullName":"","SpeakerFunction":null,"CouncilId":null,"CouncilName":null,"CantonId":null,"CantonName":null,"CantonAbbreviation":null,"ParlGroupName":null,"ParlGroupAbbreviation":null,"SortOrder":13,"Start":null,"End":null,"Function":null,"DisplaySpeaker":null,"LanguageOfText":"DE","Modified":"\/Date(1774877676740)\/","StartTimeWithTimezone":null,"EndTimeWithTimezone":null,"VoteBusinessNumber":20090074,"VoteBusinessShortNumber":"09.074","VoteBusinessTitle":"Bauspar-Initiative\nsowie \"Eigene vier W\u00e4nde\ndank Bausparen\".\nVolksinitiativen"},{"__metadata":{"id":"https://ws.parlament.ch/OData.svc/Transcript(ID=153244L,Language='DE')","uri":"https://ws.parlament.ch/OData.svc/Transcript(ID=153244L,Language='DE')","type":"itsystems.Pd.DataServices.DataModel.Transcript"},"Subjects":{"__deferred":{"uri":"https://ws.parlament.ch/OData.svc/Transcript(ID=153244L,Language='DE')/Subjects"}},"MembersCouncil":{"__deferred":{"uri":"https://ws.parlament.ch/OData.svc/Transcript(ID=153244L,Language='DE')/MembersCouncil"}},"Businesses":{"__deferred":{"uri":"https://ws.parlament.ch/OData.svc/Transcript(ID=153244L,Language='DE')/Businesses"}},"ID":"153244","Language":"DE","IdSubject":"26086","VoteId":null,"PersonNumber":1117,"Type":1,"Text":"<pd_text><p><b>Le pr\u00e9sident </b>(Germanier Jean-Ren\u00e9, pr\u00e9sident): Aux articles 2 des projets 1 et 2, il y a une proposition de la minorit\u00e9 F\u00e4ssler. Nous faisons un seul d\u00e9bat sur la proposition de la minorit\u00e9 aux articles pr\u00e9cit\u00e9s, mais nous nous prononcerons dans deux votes distincts.</p>\n</pd_text>","MeetingCouncilAbbreviation":"N","MeetingDate":"20110922","MeetingVerbalixOid":2101,"IdSession":"4820","SpeakerFirstName":"Jean-Ren\u00e9","SpeakerLastName":"Germanier","SpeakerFullName":"Germanier Jean-Ren\u00e9","SpeakerFunction":"P-M","CouncilId":1,"CouncilName":"Nationalrat","CantonId":23,"CantonName":"Wallis","CantonAbbreviation":"VS","ParlGroupName":"Freisinnig-demokratische Fraktion","ParlGroupAbbreviation":"RL","SortOrder":1,"Start":"\/Date(1316678414979)\/","End":"\/Date(1316678527510)\/","Function":"P-M","DisplaySpeaker":false,"LanguageOfText":null,"Modified":"\/Date(1774877676720)\/","StartTimeWithTimezone":"\/Date(1316678414980+0120)\/","EndTimeWithTimezone":"\/Date(1316678527510+0120)\/","VoteBusinessNumber":null,"VoteBusinessShortNumber":null,"VoteBusinessTitle":null},{"__metadata":{"id":"https://ws.parlament.ch/OData.svc/Transcript(ID=153245L,Language='DE')","uri":"https://ws.parlament.ch/OData.svc/Transcript(ID=153245L,Language='DE')","type":"itsystems.Pd.DataServices.DataModel.Transcript"},"Subjects":{"__deferred":{"uri":"https://ws.parlament.ch/OData.svc/Transcript(ID=153245L,Language='DE')/Subjects"}},"MembersCouncil":{"__deferred":{"uri":"https://ws.parlament.ch/OData.svc/Transcript(ID=153245L,Language='DE')/MembersCouncil"}},"Businesses":{"__deferred":{"uri":"https://ws.parlament.ch/OData.svc/Transcript(ID=153245L,Language='DE')/Businesses"}},"ID":"153245","Language":"DE","IdSubject":"26086","VoteId":null,"PersonNumber":395,"Type":1,"Text":"<pd_text><p>Wir sind in diesem Rat zum dritten Mal mit diesen beiden Volksinitiativen besch\u00e4ftigt. Ich m\u00f6chte Sie auch diesmal bitten, dem Volk beide Initiativen zur Ablehnung zu empfehlen. Inhaltlich hat sich seit dem letzten Mal nichts ge\u00e4ndert. Formell hat sich ge\u00e4ndert, dass der St\u00e4nderat in der Zwischenzeit den Gegenvorschlag, der noch das beste Projekt gewesen w\u00e4re, bachab geschickt hat. Damit haben wir die beiden Initiativen, aber keinen Gegenvorschlag mehr.</p>\n<p>Ich m\u00f6chte Sie jetzt bitten, sich unserer Minderheit und damit endg\u00fcltig dem St\u00e4nderat und dem Bundesrat anzuschliessen, damit wir mit einer Empfehlung in die Volksabstimmung gehen k\u00f6nnen.</p>\n</pd_text>","MeetingCouncilAbbreviation":"N","MeetingDate":"20110922","MeetingVerbalixOid":2101,"IdSession":"4820","SpeakerFirstName":"Hildegard","SpeakerLastName":"F\u00e4ssler-Osterwalder","SpeakerFullName":"F\u00e4ssler-Osterwalder Hildegard","SpeakerFunction":"Mit-F","CouncilId":1,"CouncilName":"Nationalrat","CantonId":17,"CantonName":"St. Gallen","CantonAbbreviation":"SG","ParlGroupName":"Sozialdemokratische Fraktion","ParlGroupAbbreviation":"S","SortOrder":2,"Start":"\/Date(1316678527510)\/","End":"\/Date(1316678592274)\/","Function":"Mit-F","DisplaySpeaker":true,"LanguageOfText":"DE","Modified":"\/Date(1774877676722)\/","StartTimeWithTimezone":"\/Date(1316678527510+0120)\/","EndTimeWithTimezone":"\/Date(1316678592273+0120)\/","VoteBusinessNumber":null,"VoteBusinessShortNumber":null,"VoteBusinessTitle":null},{"__metadata":{"id":"https://ws.parlament.ch/OData.svc/Transcript(ID=153246L,Language='DE')","uri":"https://ws.parlament.ch/OData.svc/Transcript(ID=153246L,Language='DE')","type":"itsystems.Pd.DataServices.DataModel.Transcript"},"Subjects":{"__deferred":{"uri":"https://ws.parlament.ch/OData.svc/Transcript(ID=153246L,Language='DE')/Subjects"}},"MembersCouncil":{"__deferred":{"uri":"https://ws.parlament.ch/OData.svc/Transcript(ID=153246L,Language='DE')/MembersCouncil"}},"Businesses":{"__deferred":{"uri":"https://ws.parlament.ch/OData.svc/Transcript(ID=153246L,Language='DE')/Businesses"}},"ID":"153246","Language":"DE","IdSubject":"26086","VoteId":null,"PersonNumber":100,"Type":1,"Text":"<pd_text><p>Im Namen der FDP-Liberalen Fraktion empfehle ich Ihnen, an unseren Beschl\u00fcssen zu beiden Initiativen festzuhalten.</p>\n</pd_text>","MeetingCouncilAbbreviation":"N","MeetingDate":"20110922","MeetingVerbalixOid":2101,"IdSession":"4820","SpeakerFirstName":"Hans Rudolf","SpeakerLastName":"Gysin","SpeakerFullName":"Gysin Hans Rudolf","SpeakerFunction":"Mit-M","CouncilId":1,"CouncilName":"Nationalrat","CantonId":13,"CantonName":"Basel-Landschaft","CantonAbbreviation":"BL","ParlGroupName":"Freisinnig-demokratische Fraktion","ParlGroupAbbreviation":"RL","SortOrder":3,"Start":"\/Date(1316678592274)\/","End":"\/Date(1316678624724)\/","Function":"Mit-M","DisplaySpeaker":true,"LanguageOfText":"DE","Modified":"\/Date(1774877676724)\/","StartTimeWithTimezone":"\/Date(1316678592273+0120)\/","EndTimeWithTimezone":"\/Date(1316678624723+0120)\/","VoteBusinessNumber":null,"VoteBusinessShortNumber":null,"VoteBusinessTitle":null},{"__metadata":{"id":"https://ws.parlament.ch/OData.svc/Transcript(ID=153247L,Language='DE')","uri":"https://ws.parlament.ch/OData.svc/Transcript(ID=153247L,Language='DE')","type":"itsystems.Pd.DataServices.DataModel.Transcript"},"Subjects":{"__deferred":{"uri":"https://ws.parlament.ch/OData.svc/Transcript(ID=153247L,Language='DE')/Subjects"}},"MembersCouncil":{"__deferred":{"uri":"https://ws.parlament.ch/OData.svc/Transcript(ID=153247L,Language='DE')/MembersCouncil"}},"Businesses":{"__deferred":{"uri":"https://ws.parlament.ch/OData.svc/Transcript(ID=153247L,Language='DE')/Businesses"}},"ID":"153247","Language":"DE","IdSubject":"26086","VoteId":null,"PersonNumber":404,"Type":1,"Text":"<pd_text><p>Ich beantrage Ihnen im Namen der SVP-Fraktion Festhalten am Beschluss des Nationalrates, das heisst, beide Initiativen zur Annahme zu empfehlen. Es ist f\u00fcr uns wichtig, dass dieses Bausparen mindestens im Nationalrat unterst\u00fctzt wird und dass der Nationalrat diesen Initiativen zustimmt. </p>\n</pd_text>","MeetingCouncilAbbreviation":"N","MeetingDate":"20110922","MeetingVerbalixOid":2101,"IdSession":"4820","SpeakerFirstName":"Caspar","SpeakerLastName":"Baader","SpeakerFullName":"Baader Caspar","SpeakerFunction":"Mit-M","CouncilId":1,"CouncilName":"Nationalrat","CantonId":13,"CantonName":"Basel-Landschaft","CantonAbbreviation":"BL","ParlGroupName":"Fraktion der Schweizerischen Volkspartei","ParlGroupAbbreviation":"V","SortOrder":4,"Start":"\/Date(1316678635877)\/","End":"\/Date(1316678667597)\/","Function":"Mit-M","DisplaySpeaker":true,"LanguageOfText":"DE","Modified":"\/Date(1774877676725)\/","StartTimeWithTimezone":"\/Date(1316678635877+0120)\/","EndTimeWithTimezone":"\/Date(1316678667597+0120)\/","VoteBusinessNumber":null,"VoteBusinessShortNumber":null,"VoteBusinessTitle":null},{"__metadata":{"id":"https://ws.parlament.ch/OData.svc/Transcript(ID=153248L,Language='DE')","uri":"https://ws.parlament.ch/OData.svc/Transcript(ID=153248L,Language='DE')","type":"itsystems.Pd.DataServices.DataModel.Transcript"},"Subjects":{"__deferred":{"uri":"https://ws.parlament.ch/OData.svc/Transcript(ID=153248L,Language='DE')/Subjects"}},"MembersCouncil":{"__deferred":{"uri":"https://ws.parlament.ch/OData.svc/Transcript(ID=153248L,Language='DE')/MembersCouncil"}},"Businesses":{"__deferred":{"uri":"https://ws.parlament.ch/OData.svc/Transcript(ID=153248L,Language='DE')/Businesses"}},"ID":"153248","Language":"DE","IdSubject":"26086","VoteId":null,"PersonNumber":3934,"Type":1,"Text":"<pd_text><p>Im Auftrag des Bundesrates m\u00f6chte ich Ihnen beantragen, beide Initiativen dem Volk zur Ablehnung zu empfehlen. Beide Initiativen haben die gleichen M\u00e4ngel. Sie haben einen Mangel an sozialpolitischer Wirksamkeit - das habe ich bereits verschiedentlich ausgef\u00fchrt -, und sie stellen vor allem die Rechtsgleichheit infrage. Wir haben bereits Abz\u00fcge f\u00fcr Leute, die das verm\u00f6gen, ein weiterer Abzug w\u00fcrde das verfassungsm\u00e4ssige Gebot der Rechtsgleichheit verletzen. Schliesslich besteht ein Problem bei der Besteuerungskompetenz im interkantonalen Verh\u00e4ltnis. Es w\u00fcrde einen riesigen Aufwand brauchen, die entsprechenden Instrumente einzuf\u00fchren, damit das \u00fcberhaupt umgesetzt werden k\u00f6nnte. </p>\n<p>Ich m\u00f6chte Sie bitten, die beiden Initiativen zur Ablehnung zu empfehlen.</p>\n</pd_text>","MeetingCouncilAbbreviation":"N","MeetingDate":"20110922","MeetingVerbalixOid":2101,"IdSession":"4820","SpeakerFirstName":"Eveline","SpeakerLastName":"Widmer-Schlumpf","SpeakerFullName":"Widmer-Schlumpf Eveline","SpeakerFunction":"VPBR-F","CouncilId":99,"CouncilName":"Bundesrat","CantonId":18,"CantonName":"Graub\u00fcnden","CantonAbbreviation":"GR","ParlGroupName":null,"ParlGroupAbbreviation":null,"SortOrder":5,"Start":"\/Date(1316678667597)\/","End":"\/Date(1316678723615)\/","Function":"VPBR-F","DisplaySpeaker":true,"LanguageOfText":"DE","Modified":"\/Date(1774877676727)\/","StartTimeWithTimezone":"\/Date(1316678667597+0120)\/","EndTimeWithTimezone":"\/Date(1316678723617+0120)\/","VoteBusinessNumber":null,"VoteBusinessShortNumber":null,"VoteBusinessTitle":null},{"__metadata":{"id":"https://ws.parlament.ch/OData.svc/Transcript(ID=153249L,Language='DE')","uri":"https://ws.parlament.ch/OData.svc/Transcript(ID=153249L,Language='DE')","type":"itsystems.Pd.DataServices.DataModel.Transcript"},"Subjects":{"__deferred":{"uri":"https://ws.parlament.ch/OData.svc/Transcript(ID=153249L,Language='DE')/Subjects"}},"MembersCouncil":{"__deferred":{"uri":"https://ws.parlament.ch/OData.svc/Transcript(ID=153249L,Language='DE')/MembersCouncil"}},"Businesses":{"__deferred":{"uri":"https://ws.parlament.ch/OData.svc/Transcript(ID=153249L,Language='DE')/Businesses"}},"ID":"153249","Language":"DE","IdSubject":"26086","VoteId":null,"PersonNumber":100,"Type":1,"Text":"<pd_text><p>Frau Bundesr\u00e4tin, ich m\u00f6chte Ihnen eine Frage stellen. Wenn sich nun die R\u00e4te nicht einigen k\u00f6nnen, die Initiativen zur Annahme zu empfehlen, dann ist ja klar, dass die Bundesversammlung zu den beiden Abstimmungen keine Empfehlung abgibt. Was bedeutet es f\u00fcr den Bundesrat bez\u00fcglich seiner Empfehlung, wenn das Parlament keine Empfehlung abgibt?</p>\n</pd_text>","MeetingCouncilAbbreviation":"N","MeetingDate":"20110922","MeetingVerbalixOid":2101,"IdSession":"4820","SpeakerFirstName":"Hans Rudolf","SpeakerLastName":"Gysin","SpeakerFullName":"Gysin Hans Rudolf","SpeakerFunction":"Mit-M","CouncilId":1,"CouncilName":"Nationalrat","CantonId":13,"CantonName":"Basel-Landschaft","CantonAbbreviation":"BL","ParlGroupName":"Freisinnig-demokratische Fraktion","ParlGroupAbbreviation":"RL","SortOrder":6,"Start":"\/Date(1316678723615)\/","End":"\/Date(1316678778914)\/","Function":"Mit-M","DisplaySpeaker":true,"LanguageOfText":"DE","Modified":"\/Date(1774877676728)\/","StartTimeWithTimezone":"\/Date(1316678723617+0120)\/","EndTimeWithTimezone":"\/Date(1316678778913+0120)\/","VoteBusinessNumber":null,"VoteBusinessShortNumber":null,"VoteBusinessTitle":null},{"__metadata":{"id":"https://ws.parlament.ch/OData.svc/Transcript(ID=153250L,Language='DE')","uri":"https://ws.parlament.ch/OData.svc/Transcript(ID=153250L,Language='DE')","type":"itsystems.Pd.DataServices.DataModel.Transcript"},"Subjects":{"__deferred":{"uri":"https://ws.parlament.ch/OData.svc/Transcript(ID=153250L,Language='DE')/Subjects"}},"MembersCouncil":{"__deferred":{"uri":"https://ws.parlament.ch/OData.svc/Transcript(ID=153250L,Language='DE')/MembersCouncil"}},"Businesses":{"__deferred":{"uri":"https://ws.parlament.ch/OData.svc/Transcript(ID=153250L,Language='DE')/Businesses"}},"ID":"153250","Language":"DE","IdSubject":"26086","VoteId":null,"PersonNumber":3934,"Type":1,"Text":"<pd_text><p>Wenn das Parlament keine Empfehlung abgibt, gibt auch der Bundesrat keine Empfehlung ab. Dann werden diese beiden Initiativen einfach dem Volk zur Abstimmung vorgelegt. Dann werden die Kantone - davon gehe ich aus - die Auffassung der \u00f6ffentlichen Hand vertreten.</p>\n</pd_text>","MeetingCouncilAbbreviation":"N","MeetingDate":"20110922","MeetingVerbalixOid":2101,"IdSession":"4820","SpeakerFirstName":"Eveline","SpeakerLastName":"Widmer-Schlumpf","SpeakerFullName":"Widmer-Schlumpf Eveline","SpeakerFunction":"VPBR-F","CouncilId":99,"CouncilName":"Bundesrat","CantonId":18,"CantonName":"Graub\u00fcnden","CantonAbbreviation":"GR","ParlGroupName":null,"ParlGroupAbbreviation":null,"SortOrder":7,"Start":"\/Date(1316678778914)\/","End":"\/Date(1316678796546)\/","Function":"VPBR-F","DisplaySpeaker":true,"LanguageOfText":"DE","Modified":"\/Date(1774877676730)\/","StartTimeWithTimezone":"\/Date(1316678778913+0120)\/","EndTimeWithTimezone":"\/Date(1316678796547+0120)\/","VoteBusinessNumber":null,"VoteBusinessShortNumber":null,"VoteBusinessTitle":null},{"__metadata":{"id":"https://ws.parlament.ch/OData.svc/Transcript(ID=153251L,Language='DE')","uri":"https://ws.parlament.ch/OData.svc/Transcript(ID=153251L,Language='DE')","type":"itsystems.Pd.DataServices.DataModel.Transcript"},"Subjects":{"__deferred":{"uri":"https://ws.parlament.ch/OData.svc/Transcript(ID=153251L,Language='DE')/Subjects"}},"MembersCouncil":{"__deferred":{"uri":"https://ws.parlament.ch/OData.svc/Transcript(ID=153251L,Language='DE')/MembersCouncil"}},"Businesses":{"__deferred":{"uri":"https://ws.parlament.ch/OData.svc/Transcript(ID=153251L,Language='DE')/Businesses"}},"ID":"153251","Language":"DE","IdSubject":"26086","VoteId":null,"PersonNumber":361,"Type":1,"Text":"<pd_text><p>Der St\u00e4nderat hat beide Initiativen erneut abgelehnt. Allerdings darf man sagen, dass die Kommission des St\u00e4nderates immerhin zur zweiten Vorlage sehr knapp eine Ja-Empfehlung abgegeben hat und dass die Ablehnung im St\u00e4nderat dann mit 17 zu 16 Stimmen \u00e4usserst knapp ausgefallen ist. Irgendwo bewegt sich im \"St\u00f6ckli\" etwas in Richtung Nationalrat, was sehr erfreulich ist.</p>\n<p>Ihre WAK hat die Situation analysiert und kommt zu keinem anderen Schluss als bisher: Wir empfehlen Ihnen mit 16 zu 10 Stimmen, die Bauspar-Initiative dem Volk zur Annahme zu empfehlen. Ebenso empfehlen wir Ihnen mit 16 zu 10 Stimmen, die Initiative des Hauseigent\u00fcmerverbandes dem Volk zur Annahme zu empfehlen.</p>\n<p>Wie geht es weiter? Wenn sich der St\u00e4nderat uns anschliesst, umso sch\u00f6ner und umso besser, dann gibt es eine Ja-Empfehlung; wenn nicht, gibt es eine Einigungskonferenz. Wenn wir auch dort keine L\u00f6sung finden, was sich langsam abzeichnet, dann werden wir, wie die Frau Bundesr\u00e4tin gesagt hat, keine Empfehlung abgeben. In der Kommission wurde best\u00e4tigt, dass es sich dann nicht so verh\u00e4lt, dass der Bundesrat keine Empfehlung macht, sondern dass er keine machen darf. Das ist die Situation, so geht es dann weiter.</p>\n</pd_text>","MeetingCouncilAbbreviation":"N","MeetingDate":"20110922","MeetingVerbalixOid":2101,"IdSession":"4820","SpeakerFirstName":"Georges","SpeakerLastName":"Theiler","SpeakerFullName":"Theiler Georges","SpeakerFunction":"Mit-M","CouncilId":1,"CouncilName":"Nationalrat","CantonId":3,"CantonName":"Luzern","CantonAbbreviation":"LU","ParlGroupName":"Freisinnig-demokratische Fraktion","ParlGroupAbbreviation":"RL","SortOrder":8,"Start":"\/Date(1316678796546)\/","End":"\/Date(1316678901461)\/","Function":"*","DisplaySpeaker":true,"LanguageOfText":"DE","Modified":"\/Date(1774877676731)\/","StartTimeWithTimezone":"\/Date(1316678796547+0120)\/","EndTimeWithTimezone":"\/Date(1316678901460+0120)\/","VoteBusinessNumber":null,"VoteBusinessShortNumber":null,"VoteBusinessTitle":null},{"__metadata":{"id":"https://ws.parlament.ch/OData.svc/Transcript(ID=153252L,Language='DE')","uri":"https://ws.parlament.ch/OData.svc/Transcript(ID=153252L,Language='DE')","type":"itsystems.Pd.DataServices.DataModel.Transcript"},"Subjects":{"__deferred":{"uri":"https://ws.parlament.ch/OData.svc/Transcript(ID=153252L,Language='DE')/Subjects"}},"MembersCouncil":{"__deferred":{"uri":"https://ws.parlament.ch/OData.svc/Transcript(ID=153252L,Language='DE')/MembersCouncil"}},"Businesses":{"__deferred":{"uri":"https://ws.parlament.ch/OData.svc/Transcript(ID=153252L,Language='DE')/Businesses"}},"ID":"153252","Language":"DE","IdSubject":"26086","VoteId":null,"PersonNumber":1119,"Type":1,"Text":"<pd_text><p>C'est la troisi\u00e8me discussion sur cet objet. Le Conseil des Etats a maintenu sa position et souhaite donner comme mot d'ordre de rejeter ces deux initiatives.</p>\n<p>La commission s'est clairement prononc\u00e9e, par 16 voix contre 10, pour soutenir ces deux initiatives et donc pour maintenir sa position. On l'a entendu, en cas de d\u00e9saccord entre les deux Chambres f\u00e9d\u00e9rales \u00e0 la fin du processus, il n'y aura aucune recommandation de vote; et dans ce cas-l\u00e0, le Conseil f\u00e9d\u00e9ral ne pourra pas non plus donner de recommandation de vote.</p>\n<p>Je vous demande de maintenir notre position et de recommander au peuple et aux cantons de voter oui \u00e0 ces deux initiatives.</p>\n<p>[VS]</p>\n<p>[PAGE 1600] </p>\n</pd_text>","MeetingCouncilAbbreviation":"N","MeetingDate":"20110922","MeetingVerbalixOid":2101,"IdSession":"4820","SpeakerFirstName":"Jean-Fran\u00e7ois","SpeakerLastName":"Rime","SpeakerFullName":"Rime Jean-Fran\u00e7ois","SpeakerFunction":"Mit-M","CouncilId":1,"CouncilName":"Nationalrat","CantonId":10,"CantonName":"Freiburg","CantonAbbreviation":"FR","ParlGroupName":"Fraktion der Schweizerischen Volkspartei","ParlGroupAbbreviation":"V","SortOrder":9,"Start":"\/Date(1316678901461)\/","End":"\/Date(1316678950112)\/","Function":"*","DisplaySpeaker":true,"LanguageOfText":"FR","Modified":"\/Date(1774877676733)\/","StartTimeWithTimezone":"\/Date(1316678901460+0120)\/","EndTimeWithTimezone":"\/Date(1316678950113+0120)\/","VoteBusinessNumber":null,"VoteBusinessShortNumber":null,"VoteBusinessTitle":null},{"__metadata":{"id":"https://ws.parlament.ch/OData.svc/Transcript(ID=153253L,Language='DE')","uri":"https://ws.parlament.ch/OData.svc/Transcript(ID=153253L,Language='DE')","type":"itsystems.Pd.DataServices.DataModel.Transcript"},"Subjects":{"__deferred":{"uri":"https://ws.parlament.ch/OData.svc/Transcript(ID=153253L,Language='DE')/Subjects"}},"MembersCouncil":{"__deferred":{"uri":"https://ws.parlament.ch/OData.svc/Transcript(ID=153253L,Language='DE')/MembersCouncil"}},"Businesses":{"__deferred":{"uri":"https://ws.parlament.ch/OData.svc/Transcript(ID=153253L,Language='DE')/Businesses"}},"ID":"153253","Language":"DE","IdSubject":"26086","VoteId":null,"PersonNumber":1117,"Type":1,"Text":"<pd_text><p><b>1. Bundesbeschluss \u00fcber die Volksinitiative \"f\u00fcr ein steuerlich beg\u00fcnstigtes Bausparen zum Erwerb von selbstgenutztem Wohneigentum und zur Finanzierung von baulichen Energiespar- und Umweltschutzmassnahmen (Bauspar-Initiative)\" </b></p>\n<p><b>1. Arr\u00eat\u00e9 f\u00e9d\u00e9ral concernant l'initiative populaire \"pour un traitement fiscal privil\u00e9gi\u00e9 de l'\u00e9pargne-logement destin\u00e9e \u00e0 l'acquisition d'une habitation \u00e0 usage personnel ou au financement de travaux visant \u00e0 \u00e9conomiser l'\u00e9nergie ou \u00e0 pr\u00e9server l'environnement (Initiative sur l'\u00e9pargne-logement)\" </b></p>\n<p>[VS]</p>\n<p><b>Art. 2</b></p>\n<p><i>Antrag der Mehrheit</i></p>\n<p>Festhalten</p>\n<p>[VS]</p>\n<p><i>Antrag der Minderheit</i></p>\n<p>(F\u00e4ssler, de Buman, Fehr Hans-J\u00fcrg, Kiener Nellen, Leutenegger Oberholzer, Meier-Schatz, Schelbert, Steiert, von Graffenried, Zisyadis)</p>\n<p>Zustimmung zum Beschluss des St\u00e4nderates</p>\n<p>[VS]</p>\n<p><b>Art. 2</b></p>\n<p><i>Proposition de la majorit\u00e9</i></p>\n<p>Maintenir</p>\n<p>[VS]</p>\n<p><i>Proposition de la minorit\u00e9</i></p>\n<p>(F\u00e4ssler, de Buman, Fehr Hans-J\u00fcrg, Kiener Nellen, Leutenegger Oberholzer, Meier-Schatz, Schelbert, Steiert, von Graffenried, Zisyadis)</p>\n<p>Adh\u00e9rer \u00e0 la d\u00e9cision du Conseil des Etats</p>\n</pd_text>","MeetingCouncilAbbreviation":"N","MeetingDate":"20110922","MeetingVerbalixOid":2101,"IdSession":"4820","SpeakerFirstName":"Jean-Ren\u00e9","SpeakerLastName":"Germanier","SpeakerFullName":"Germanier Jean-Ren\u00e9","SpeakerFunction":"P-M","CouncilId":1,"CouncilName":"Nationalrat","CantonId":23,"CantonName":"Wallis","CantonAbbreviation":"VS","ParlGroupName":"Freisinnig-demokratische Fraktion","ParlGroupAbbreviation":"RL","SortOrder":10,"Start":"\/Date(1316678950112)\/","End":"\/Date(1316679096686)\/","Function":"P-M","DisplaySpeaker":false,"LanguageOfText":null,"Modified":"\/Date(1774877676734)\/","StartTimeWithTimezone":"\/Date(1316678950113+0120)\/","EndTimeWithTimezone":"\/Date(1316679096687+0120)\/","VoteBusinessNumber":null,"VoteBusinessShortNumber":null,"VoteBusinessTitle":null},{"__metadata":{"id":"https://ws.parlament.ch/OData.svc/Transcript(ID=153254L,Language='DE')","uri":"https://ws.parlament.ch/OData.svc/Transcript(ID=153254L,Language='DE')","type":"itsystems.Pd.DataServices.DataModel.Transcript"},"Subjects":{"__deferred":{"uri":"https://ws.parlament.ch/OData.svc/Transcript(ID=153254L,Language='DE')/Subjects"}},"MembersCouncil":{"__deferred":{"uri":"https://ws.parlament.ch/OData.svc/Transcript(ID=153254L,Language='DE')/MembersCouncil"}},"Businesses":{"__deferred":{"uri":"https://ws.parlament.ch/OData.svc/Transcript(ID=153254L,Language='DE')/Businesses"}},"ID":"153254","Language":"DE","IdSubject":"26086","VoteId":"6276","PersonNumber":null,"Type":2,"Text":"<pd_text><p><i>Abstimmung - Vote</i></p>\n<p>[NAM]</p>\n<p>F\u00fcr den Antrag der Mehrheit ... 100 Stimmen</p>\n<p>F\u00fcr den Antrag der Minderheit ... 60 Stimmen</p>\n<p>[VS]</p>\n</pd_text>","MeetingCouncilAbbreviation":"N","MeetingDate":"20110922","MeetingVerbalixOid":2101,"IdSession":"4820","SpeakerFirstName":null,"SpeakerLastName":null,"SpeakerFullName":"","SpeakerFunction":null,"CouncilId":null,"CouncilName":null,"CantonId":null,"CantonName":null,"CantonAbbreviation":null,"ParlGroupName":null,"ParlGroupAbbreviation":null,"SortOrder":11,"Start":"\/Date(1316679096686)\/","End":"\/Date(1316679096686)\/","Function":null,"DisplaySpeaker":null,"LanguageOfText":"DE","Modified":"\/Date(1774877676736)\/","StartTimeWithTimezone":"\/Date(1316679096687+0120)\/","EndTimeWithTimezone":"\/Date(1316679096687+0120)\/","VoteBusinessNumber":20090074,"VoteBusinessShortNumber":"09.074","VoteBusinessTitle":"Bauspar-Initiative\nsowie \"Eigene vier W\u00e4nde\ndank Bausparen\".\nVolksinitiativen"},{"__metadata":{"id":"https://ws.parlament.ch/OData.svc/Transcript(ID=153255L,Language='DE')","uri":"https://ws.parlament.ch/OData.svc/Transcript(ID=153255L,Language='DE')","type":"itsystems.Pd.DataServices.DataModel.Transcript"},"Subjects":{"__deferred":{"uri":"https://ws.parlament.ch/OData.svc/Transcript(ID=153255L,Language='DE')/Subjects"}},"MembersCouncil":{"__deferred":{"uri":"https://ws.parlament.ch/OData.svc/Transcript(ID=153255L,Language='DE')/MembersCouncil"}},"Businesses":{"__deferred":{"uri":"https://ws.parlament.ch/OData.svc/Transcript(ID=153255L,Language='DE')/Businesses"}},"ID":"153255","Language":"DE","IdSubject":"26086","VoteId":null,"PersonNumber":null,"Type":3,"Text":"<pd_text><p><b>2. Bundesbeschluss \u00fcber die Volksinitiative \"Eigene vier W\u00e4nde dank Bausparen\" </b></p>\n<p><b>2. Arr\u00eat\u00e9 f\u00e9d\u00e9ral concernant l'initiative populaire \"Acc\u00e9der \u00e0 la propri\u00e9t\u00e9 gr\u00e2ce \u00e0 l'\u00e9pargne-logement\" </b></p>\n<p>[VS]</p>\n<p><b>Art. 2</b></p>\n<p><i>Antrag der Mehrheit</i></p>\n<p>Festhalten</p>\n<p>[VS]</p>\n<p><i>Antrag der Minderheit</i></p>\n<p>(F\u00e4ssler, de Buman, Fehr Hans-J\u00fcrg, Kiener Nellen, Leutenegger Oberholzer, Meier-Schatz, Schelbert, Steiert, von Graffenried, Zisyadis)</p>\n<p>Zustimmung zum Beschluss des St\u00e4nderates</p>\n<p>[VS]</p>\n<p><b>Art. 2</b></p>\n<p><i>Proposition de la majorit\u00e9</i></p>\n<p>Maintenir</p>\n<p>[VS]</p>\n<p><i>Proposition de la minorit\u00e9</i></p>\n<p>(F\u00e4ssler, de Buman, Fehr Hans-J\u00fcrg, Kiener Nellen, Leutenegger Oberholzer, Meier-Schatz, Schelbert, Steiert, von Graffenried, Zisyadis)</p>\n<p>Adh\u00e9rer \u00e0 la d\u00e9cision du Conseil des Etats</p>\n</pd_text>","MeetingCouncilAbbreviation":"N","MeetingDate":"20110922","MeetingVerbalixOid":2101,"IdSession":"4820","SpeakerFirstName":null,"SpeakerLastName":null,"SpeakerFullName":"","SpeakerFunction":null,"CouncilId":null,"CouncilName":null,"CantonId":null,"CantonName":null,"CantonAbbreviation":null,"ParlGroupName":null,"ParlGroupAbbreviation":null,"SortOrder":12,"Start":null,"End":null,"Function":null,"DisplaySpeaker":null,"LanguageOfText":"DE","Modified":"\/Date(1774877676737)\/","StartTimeWithTimezone":null,"EndTimeWithTimezone":null,"VoteBusinessNumber":null,"VoteBusinessShortNumber":null,"VoteBusinessTitle":null}]},"ID":"26086","Language":"DE","IdMeeting":"1687","VerbalixOid":364159,"SortOrder":1,"Modified":"\/Date(1447070330350)\/"}}