{"d":{"__metadata":{"id":"https://ws.parlament.ch/OData.svc/Subject(ID=2651L,Language='DE')","uri":"https://ws.parlament.ch/OData.svc/Subject(ID=2651L,Language='DE')","type":"itsystems.Pd.DataServices.DataModel.Subject"},"Meetings":{"__metadata":{"id":"https://ws.parlament.ch/OData.svc/Meeting(ID=184L,Language='DE')","uri":"https://ws.parlament.ch/OData.svc/Meeting(ID=184L,Language='DE')","type":"itsystems.Pd.DataServices.DataModel.Meeting"},"Sessions":{"__deferred":{"uri":"https://ws.parlament.ch/OData.svc/Meeting(ID=184L,Language='DE')/Sessions"}},"Subjects":{"__deferred":{"uri":"https://ws.parlament.ch/OData.svc/Meeting(ID=184L,Language='DE')/Subjects"}},"ID":"184","Language":"DE","MeetingNumber":6,"IdSession":4608,"SessionNumber":8,"SessionName":"Sommersession 2001","Council":2,"CouncilName":"St\u00e4nderat","CouncilAbbreviation":"SR","Date":"\/Date(992304000000)\/","Begin":"0800","Modified":"\/Date(1447069758090)\/","LegislativePeriodNumber":46,"PublicationStatus":"final","MeetingOrderText":"Sechste Sitzung","SortOrder":6,"Location":"S"},"SubjectsBusiness":{"results":[{"__metadata":{"id":"https://ws.parlament.ch/OData.svc/SubjectBusiness(BusinessNumber=20000301,IdSubject=2651L,Language='DE')","uri":"https://ws.parlament.ch/OData.svc/SubjectBusiness(BusinessNumber=20000301,IdSubject=2651L,Language='DE')","type":"itsystems.Pd.DataServices.DataModel.SubjectBusiness"},"Subjects":{"__deferred":{"uri":"https://ws.parlament.ch/OData.svc/SubjectBusiness(BusinessNumber=20000301,IdSubject=2651L,Language='DE')/Subjects"}},"Businesses":{"__deferred":{"uri":"https://ws.parlament.ch/OData.svc/SubjectBusiness(BusinessNumber=20000301,IdSubject=2651L,Language='DE')/Businesses"}},"IdSubject":"2651","BusinessNumber":20000301,"Language":"DE","BusinessShortNumber":"00.301","Title":"Einf\u00fchrung der Entgeltlichkeit der Rechtsmittelverfahren im Sozialversicherungsbereich","SortOrder":1,"PublishedNotes":"Zweitrat - Deuxi\u00e8me Conseil\n","Modified":"\/Date(1447069113750)\/","TitleDE":"Standesinitiative Aargau.\nSozialversicherungsbereich.\nEinf\u00fchrung der Entgeltlichkeit\nder Rechtsmittelverfahren","TitleFR":"Initiative cantonale Argovie.\nAssurances sociales.\nSupprimer la gratuit\u00e9\ndes proc\u00e9dures de recours","TitleIT":null},{"__metadata":{"id":"https://ws.parlament.ch/OData.svc/SubjectBusiness(BusinessNumber=20000315,IdSubject=2651L,Language='DE')","uri":"https://ws.parlament.ch/OData.svc/SubjectBusiness(BusinessNumber=20000315,IdSubject=2651L,Language='DE')","type":"itsystems.Pd.DataServices.DataModel.SubjectBusiness"},"Subjects":{"__deferred":{"uri":"https://ws.parlament.ch/OData.svc/SubjectBusiness(BusinessNumber=20000315,IdSubject=2651L,Language='DE')/Subjects"}},"Businesses":{"__deferred":{"uri":"https://ws.parlament.ch/OData.svc/SubjectBusiness(BusinessNumber=20000315,IdSubject=2651L,Language='DE')/Businesses"}},"IdSubject":"2651","BusinessNumber":20000315,"Language":"DE","BusinessShortNumber":"00.315","Title":"Arbeitsrecht. Einf\u00fchrung der Entgeltlichkeit der Verfahren","SortOrder":2,"PublishedNotes":"Erstrat - Premier Conseil\n","Modified":"\/Date(1447069114150)\/","TitleDE":"Standesinitiative Aargau.\nArbeitsrecht.\nEinf\u00fchrung der Entgeltlichkeit\nder Verfahren","TitleFR":"Initiative cantonale Argovie.\nDroit du travail.\nSupprimer\nla gratuit\u00e9 des proc\u00e9dures","TitleIT":null},{"__metadata":{"id":"https://ws.parlament.ch/OData.svc/SubjectBusiness(BusinessNumber=20013038,IdSubject=2651L,Language='DE')","uri":"https://ws.parlament.ch/OData.svc/SubjectBusiness(BusinessNumber=20013038,IdSubject=2651L,Language='DE')","type":"itsystems.Pd.DataServices.DataModel.SubjectBusiness"},"Subjects":{"__deferred":{"uri":"https://ws.parlament.ch/OData.svc/SubjectBusiness(BusinessNumber=20013038,IdSubject=2651L,Language='DE')/Subjects"}},"Businesses":{"__deferred":{"uri":"https://ws.parlament.ch/OData.svc/SubjectBusiness(BusinessNumber=20013038,IdSubject=2651L,Language='DE')/Businesses"}},"IdSubject":"2651","BusinessNumber":20013038,"Language":"DE","BusinessShortNumber":"01.3038","Title":"Justizreform. Entlastung der Gerichte von Bund und Kantonen","SortOrder":3,"PublishedNotes":null,"Modified":"\/Date(1447069152163)\/","TitleDE":"Postulat RK-SR (00.301).\nJustizreform.\nEntlastung der Gerichte\nvon Bund und Kantonen","TitleFR":"Postulat CAJ-CE (00.301).\nR\u00e9forme de la justice.\nD\u00e9charge des tribunaux\nf\u00e9d\u00e9raux et cantonaux","TitleIT":null}]},"Transcripts":{"results":[{"__metadata":{"id":"https://ws.parlament.ch/OData.svc/Transcript(ID=13585L,Language='DE')","uri":"https://ws.parlament.ch/OData.svc/Transcript(ID=13585L,Language='DE')","type":"itsystems.Pd.DataServices.DataModel.Transcript"},"Subjects":{"__deferred":{"uri":"https://ws.parlament.ch/OData.svc/Transcript(ID=13585L,Language='DE')/Subjects"}},"MembersCouncil":{"__deferred":{"uri":"https://ws.parlament.ch/OData.svc/Transcript(ID=13585L,Language='DE')/MembersCouncil"}},"Businesses":{"__deferred":{"uri":"https://ws.parlament.ch/OData.svc/Transcript(ID=13585L,Language='DE')/Businesses"}},"ID":"13585","Language":"DE","IdSubject":"2651","VoteId":null,"PersonNumber":378,"Type":1,"Text":"<pd_text><p><b>00.301</b></p>\n<p>[VS]</p>\n<p><b>La pr\u00e9sidente</b> (Saudan Fran\u00e7oise, pr\u00e9sidente): La commission propose, par 7 voix contre 2 et avec 1 abstention, de ne pas donner suite \u00e0 l'initiative.</p>\n<p>[VS]</p>\n<p><i>Angenommen - Adopt\u00e9</i></p>\n<p>[VS]</p>\n<p><b>01.3038</b></p>\n<p>[VS]</p>\n<p><b>La pr\u00e9sidente</b> (Saudan Fran\u00e7oise, pr\u00e9sidente): La commission propose, par 6 voix contre 3, de transmettre le postulat.</p>\n<p>[VS]</p>\n<p><i>\u00dcberwiesen - Transmis</i></p>\n<p>[VS]</p>\n<p><b>00.315</b></p>\n<p>[VS]</p>\n<p><b>La pr\u00e9sidente</b> (Saudan Fran\u00e7oise, pr\u00e9sidente): La commission propose, par 4 voix sans opposition et avec 4 abstentions, de ne pas donner suite \u00e0 l'initiative.</p>\n<p>[VS]</p>\n<p><i>Angenommen - Adopt\u00e9</i></p>\n</pd_text>","MeetingCouncilAbbreviation":"S","MeetingDate":"20010612","MeetingVerbalixOid":821,"IdSession":"4608","SpeakerFirstName":"Fran\u00e7oise","SpeakerLastName":"Saudan","SpeakerFullName":"Saudan Fran\u00e7oise","SpeakerFunction":"P-F","CouncilId":2,"CouncilName":"St\u00e4nderat","CantonId":25,"CantonName":"Genf","CantonAbbreviation":"GE","ParlGroupName":"Freisinnig-demokratische Fraktion","ParlGroupAbbreviation":"RL","SortOrder":3,"Start":"\/Date(992339412797)\/","End":"\/Date(992339447187)\/","Function":"","DisplaySpeaker":false,"LanguageOfText":null,"Modified":"\/Date(1510849277440)\/","StartTimeWithTimezone":"\/Date(992339412797+0120)\/","EndTimeWithTimezone":"\/Date(992339447187+0120)\/","VoteBusinessNumber":null,"VoteBusinessShortNumber":null,"VoteBusinessTitle":null},{"__metadata":{"id":"https://ws.parlament.ch/OData.svc/Transcript(ID=13586L,Language='DE')","uri":"https://ws.parlament.ch/OData.svc/Transcript(ID=13586L,Language='DE')","type":"itsystems.Pd.DataServices.DataModel.Transcript"},"Subjects":{"__deferred":{"uri":"https://ws.parlament.ch/OData.svc/Transcript(ID=13586L,Language='DE')/Subjects"}},"MembersCouncil":{"__deferred":{"uri":"https://ws.parlament.ch/OData.svc/Transcript(ID=13586L,Language='DE')/MembersCouncil"}},"Businesses":{"__deferred":{"uri":"https://ws.parlament.ch/OData.svc/Transcript(ID=13586L,Language='DE')/Businesses"}},"ID":"13586","Language":"DE","IdSubject":"2651","VoteId":null,"PersonNumber":541,"Type":1,"Text":"<pd_text><p>Ich darf annehmen, dass Sie auf einige Bemerkungen zum Hintergrund dieser Standesinitiativen Anspruch haben. Ich teile die Auffassung der Kommission, dass sie heute durch die gesetzgeberische Entwicklung beim Bund \u00fcberholt sind, bitte Sie aber, das entsprechende Postulat zu \u00fcberweisen.</p>\n<p>Worum geht es in der Sache? Es geht um die Justizreform. Es geht nicht, wie teilweise geltend gemacht wurde, um eine asoziale Haltung des Kantons Aargau. Ich darf mit einer gewissen Befriedigung darauf hinweisen, dass das Aargauer Volk am letzten Sonntag mit \u00fcberzeugender Mehrheit und mit Unterst\u00fctzung fast aller Parteien ein Sozial- und Pr\u00e4ventionsgesetz gutgeheissen hat, das in der Schweiz nicht ganz selbstverst\u00e4ndlich ist.</p>\n<p>Die beiden Standesinitiativen sind nicht aus einer Laune des Augenblicks geboren worden. Diese Standesinitiativen haben einen Hintergrund. Darum ist es etwas erstaunlich, wie sich im Nationalrat gewisse Ratsmitglieder erlaubt haben, meinem Kanton Noten zu erteilen; das hat er nicht verdient. Es geht nicht um den Zugang zur Justiz an sich. Es geht h\u00f6chstens um die finanzielle Belastung, und diese kann aufgefangen werden. Ich erinnere an die unentgeltliche Rechtspflege. Ich erinnere an die M\u00f6glichkeit, die H\u00f6he der Geb\u00fchren zu beschr\u00e4nken.</p>\n<p>Worum ging es in der Diskussion, auch in der Kommission? Es ging um drei Dinge: um die Justizreform, um die g\u00fctliche Einigung im erstinstanzlichen Verfahren und schliesslich um die Rolle der Standesinitiative.</p>\n<p>Zur Justizreform: Die beiden Standesinitiativen stammen aus einer kantonsinternen Diskussion. Ein Kanton kann vern\u00fcnftigerweise seine Justiz nicht reformieren, wenn er sich nicht mit dem gr\u00f6ssten Brocken der Belastung auseinander setzt: Das  Versicherungsgericht als Teil des Obergerichtes im Kanton Aargau ist wahrscheinlich auch in anderen [PAGE 285] Kantonen mit rund einem Drittel der Richterpensen, rund einem Drittel der Gerichtsschreiberpensen und fast einem Drittel der Fallzahlen belastet.</p>\n<p>Der Kanton hat die Justizreform umfassend angegangen. Der Grosse Rat hat in einem Gesamtbericht vom Herbst 1999 Leits\u00e4tze beschlossen, die hinter diesen Standesinitiativen stehen, etwa den Leitsatz \"Niemand soll Gerichts- und Verwaltungsinstanzen \u00fcber Geb\u00fchr und damit zulasten anderer in Anspruch nehmen k\u00f6nnen\" oder den Leitsatz \"Rechtsmittelverfahren sollen in keinem Bereich stets uneingeschr\u00e4nkt kostenlos zur Verf\u00fcgung stehen\". Rechtsschutz ist ein knappes Gut und steht nur beschr\u00e4nkt zur Verf\u00fcgung, vor allem wenn man Qualit\u00e4tsanspr\u00fcche stellt. Wenn wir den Leuten, die effektiv Rechtsschutz brauchen, diesen zukommen lassen, dann m\u00fcssen wir die Gerichte entlasten.</p>\n<p>Das betrifft nicht nur die Kantone. Wir diskutieren jetzt in der Kommission f\u00fcr Rechtsfragen \u00fcber dieses Instrument der Kostenpflicht auch bei der Reform des Bundesgerichtes. Auch dort brauchen wir dieses Instrument.</p>\n<p>Wenn der Bund den Kantonen vorschreibt, dass die Verfahren kostenlos angeboten werden m\u00fcssen, selber aber beansprucht, die Kostenpflicht aufrechtzuerhalten, bedeutet das, dass der Bund Justizlasten auf die Kantone abschiebt. Das ist der Hintergrund. Das Anliegen ist also sachlich begr\u00fcndet und dasselbe, das der Bundesrat in der Bundesgerichtsreform aufgegriffen hat.</p>\n<p>Zum Postulat 01.3038: Die Kostenpflicht erleichtert eine g\u00fctliche Einigung, das lehrt uns einfach die Praxis. Diese g\u00fctlichen Einigungen tragen wesentlich zur Entlastung der Gerichte bei. Das Motto \"Konferieren statt prozessieren\" ist sinnvoll; denken Sie beispielsweise an unsere Diskussion \u00fcber die Neat-Verfahren im Kanton Uri; das gilt aber auch bei vielen Alltagskonflikten. Wenn es uns dort nicht gelingt, mit g\u00fctlicher Einigung die Verfahren auf die erste Instanz zu begrenzen, dann wird noch lange kein Neat-Baubeginn m\u00f6glich sein. In der ersten Instanz gelten eben andere Randbedingungen als im Beschwerdeverfahren.</p>\n<p>Diese Bewegung zur alternativen Streitbeilegung, die \"Alternative Dispute Resolution\" aus Amerika, kommt unter dem Titel der Mediation auch in der Schweiz mehr und mehr vor. Unser Rat hat auf Antrag von Kollege Studer vor kurzer Zeit eine entsprechende Bestimmung ins Jugendstrafrecht aufgenommen. In \u00d6sterreich und Deutschland ist man in dieser Beziehung recht weit.</p>\n<p>Man kann zu diesem Postulat die Frage stellen: Was darf der Bund vorschreiben? Das Postulat meint selbstverst\u00e4ndlich all jene F\u00e4lle, wo das Bundesrecht diese Vorschrift auch wirklich aufnehmen darf, also f\u00fcr die Bundesbeh\u00f6rden und f\u00fcr die Kantone, die Bundesrecht anwenden. Der Bundesgesetzgeber hat solche erstinstanzlichen Verfahren bereits im Sozialversicherungs-, im Arbeits- und im Mietrecht aufgenommen. Das Gleiche muss aber auch f\u00fcr den Umweltschutz im Bereich des Bundesrechtes gelten, f\u00fcr die bundesrechtlichen Zust\u00e4ndigkeiten im Verkehr oder f\u00fcr die k\u00fcnftigen Ordnungen im Strafprozess und im Zivilprozess; auch das ist m\u00f6glich.</p>\n<p>Eine abschliessende Bemerkung zur Behandlung der Standesinitiativen: Zum Zeitpunkt der Einreichung waren diese Standesinitiativen mindestens sachlich noch begr\u00fcndet. Es ist die lange Dauer der Behandlung dieser Standesinitiativen, die zu diesem Problem gef\u00fchrt hat. Im Januar 2000 w\u00e4re es absolut m\u00f6glich gewesen, dieses Anliegen noch in den Allgemeinen Teil des Sozialversicherungsrechtes aufzunehmen. Man hat das nicht gemacht. Man h\u00e4tte mit gutem Willen und Entgegenkommen wirklich darauf eingehen k\u00f6nnen. Wir m\u00fcssen uns also im Zusammenhang mit der Revision des Parlamentsgesetzes \u00fcberlegen, ob es nicht Formen gibt, mit Standesinitiativen etwas bundesfreundlicher, etwas f\u00f6deralistischer umzugehen, als das hier geschehen ist.</p>\n<p>Ich bitte Sie also, den Standesinitiativen, weil sie \u00fcberholt sind, keine Folge zu geben, das Postulat aber zu \u00fcberweisen.</p>\n</pd_text>","MeetingCouncilAbbreviation":"S","MeetingDate":"20010612","MeetingVerbalixOid":821,"IdSession":"4608","SpeakerFirstName":"Thomas","SpeakerLastName":"Pfisterer","SpeakerFullName":"Pfisterer Thomas","SpeakerFunction":"","CouncilId":2,"CouncilName":"St\u00e4nderat","CantonId":19,"CantonName":"Aargau","CantonAbbreviation":"AG","ParlGroupName":"Freisinnig-demokratische Fraktion","ParlGroupAbbreviation":"RL","SortOrder":2,"Start":"\/Date(992338949377)\/","End":"\/Date(992339412797)\/","Function":"","DisplaySpeaker":true,"LanguageOfText":"DE","Modified":"\/Date(1510849277440)\/","StartTimeWithTimezone":"\/Date(992338949377+0120)\/","EndTimeWithTimezone":"\/Date(992339412797+0120)\/","VoteBusinessNumber":null,"VoteBusinessShortNumber":null,"VoteBusinessTitle":null},{"__metadata":{"id":"https://ws.parlament.ch/OData.svc/Transcript(ID=13587L,Language='DE')","uri":"https://ws.parlament.ch/OData.svc/Transcript(ID=13587L,Language='DE')","type":"itsystems.Pd.DataServices.DataModel.Transcript"},"Subjects":{"__deferred":{"uri":"https://ws.parlament.ch/OData.svc/Transcript(ID=13587L,Language='DE')/Subjects"}},"MembersCouncil":{"__deferred":{"uri":"https://ws.parlament.ch/OData.svc/Transcript(ID=13587L,Language='DE')/MembersCouncil"}},"Businesses":{"__deferred":{"uri":"https://ws.parlament.ch/OData.svc/Transcript(ID=13587L,Language='DE')/Businesses"}},"ID":"13587","Language":"DE","IdSubject":"2651","VoteId":null,"PersonNumber":530,"Type":1,"Text":"<pd_text><p>Erlauben Sie mir eine Vorbemerkung: Nachdem das B\u00fcro die beiden Standesinitiativen Aargau und das Kommissionspostulat gemeinsam behandeln l\u00e4sst, werde ich ebenfalls \u00fcber alle drei Vorlagen orientieren und Antrag stellen. </p>\n<p>Zuerst zur Einf\u00fchrung der Entgeltlichkeit der Rechtsmittelverfahren im Sozialversicherungsbereich (00.301): Der Nationalrat hat diese Standesinitiative am 30. November 2000 mit 72 zu 61 Stimmen abgelehnt. Unsere Kommission f\u00fcr Rechtsfragen schl\u00e4gt Ihnen mit 7 zu 2 Stimmen bei 1 Enthaltung ebenfalls vor, dieser Initiative keine Folge zu geben. Warum?</p>\n<p>Das Parlament hat am 6. Oktober des letzten Jahres im Allgemeinen Teil des Sozialversicherungsrechtes den Grundsatz der Unentgeltlichkeit der Verfahren vor kantonalen Gerichten im Sozialversicherungsbereich und die Einf\u00fchrung eines erstinstanzlichen Einspracheverfahrens gutgeheissen. Die Kommission f\u00fcr Rechtsfragen zweifelt daran, dass sich das Initiativziel, n\u00e4mlich die Anzahl der Verfahren zu verringern und die Gerichte damit zu entlasten, mit der Abschaffung der Kostenlosigkeit der Verfahren allein erreichen l\u00e4sst. Noch n\u00e4her abzukl\u00e4ren ist, ob zwischen der Unentgeltlichkeit der Verfahren und der Zunahme der Beschwerden ein Zusammenhang besteht. Es ist n\u00f6tig, die M\u00f6glichkeiten zur Entlastung sowohl der eidgen\u00f6ssischen als auch der kantonalen Gerichte gesamthaft zu pr\u00fcfen. </p>\n<p>Bevor ich weiter auf dieses Anliegen eingehe, m\u00f6chte ich, wie eingangs erw\u00e4hnt, kurz auf die Standesinitiative Aargau 00.315, \"Arbeitsrecht. Einf\u00fchrung der Entgeltlichkeit der Verfahren\", eingehen. Die eidgen\u00f6ssischen R\u00e4te stimmten in der letzten Wintersession einer Revision von Artikel 343 des Obligationenrechtes zu. Mit deren Inkrafttreten am 1. Juni dieses Jahres wird die Streitwertgrenze f\u00fcr Verfahren im Arbeitsrecht neu auf 30 000 Franken erh\u00f6ht. Nach Auffassung der Kommission f\u00fcr Rechtsfragen w\u00e4re es nicht sinnvoll, einer Standesinitiative Folge zu geben, die dem erst vor kurzem gef\u00e4llten Entscheid entgegenl\u00e4uft. Zudem finden wir es besser, die Frage der Unentgeltlichkeit von Verfahren im Zusammenhang mit der Bundesgerichtsreform zu pr\u00fcfen. Das Anliegen, mit der Kostenpflicht die Gerichte zu entlasten, ist auf viel Sympathie, insbesondere auch bei mir, gestossen; aber es muss in einen gr\u00f6sseren Zusammenhang gestellt werden. Welches waren demnach unsere \u00dcberlegungen?</p>\n<p>Obschon wir in der Kommission verbreitet die Meinung vertreten, die M\u00f6glichkeit der Entgeltlichkeit in den Rechtsmittelverfahren sei zu pr\u00fcfen, betrachten wir den Zeitpunkt der Weiterbehandlung dieser Initiative als nicht ideal, weil diese Fragen im Rahmen der Bundesgerichtsreform ganzheitlich behandelt werden sollten.</p>\n<p>Aus diesem Grund haben wir das Postulat 01.3038 an den Bundesrat vorbereitet. Darin bitten wir den Bundesrat, zu pr\u00fcfen und Bericht dar\u00fcber zu erstatten, einerseits ob und wie erstinstanzliche Verfahren ausgebaut oder eingef\u00fchrt werden k\u00f6nnen, die unentgeltlich sind und die Vermittlung, Schlichtung, Mediation usw. erm\u00f6glichen, sowie andererseits ob und wie daf\u00fcr alle Beschwerdeverfahren des Bundesrechtes vor Kantons- und Bundesbeh\u00f6rden entgeltlich auszugestalten sind.</p>\n<p>Bei den erstinstanzlichen Verfahren von Bund und Kantonen sollen m\u00f6glichst g\u00fctliche Einigungen zustande kommen, sodass Beschwerdeverfahren vermieden werden k\u00f6nnen. Diese w\u00e4ren unentgeltlich. Bei den Beschwerdeverfahren, sowohl bei kantonalen als auch bei Bundesinstanzen, k\u00f6nnte eine Kostenpflicht eingef\u00fchrt werden. Diese Kostenpflicht - beispielsweise f\u00fcr die Sozialversicherung - k\u00f6nnte jedoch in der H\u00f6he begrenzt werden.</p>\n<p>Namens der Kommission f\u00fcr Rechtsfragen bitte ich Sie erstens, den beiden Standesinitiativen keine Folge zu geben, und zweitens, diese wichtigen Anliegen mittels des vorgeschlagenen Postulates durch den Bundesrat ganzheitlich pr\u00fcfen zu lassen.</p>\n</pd_text>","MeetingCouncilAbbreviation":"S","MeetingDate":"20010612","MeetingVerbalixOid":821,"IdSession":"4608","SpeakerFirstName":"Marianne","SpeakerLastName":"Slongo","SpeakerFullName":"Slongo Marianne","SpeakerFunction":"","CouncilId":2,"CouncilName":"St\u00e4nderat","CantonId":7,"CantonName":"Nidwalden","CantonAbbreviation":"NW","ParlGroupName":"Christlichdemokratische Fraktion","ParlGroupAbbreviation":"M-E","SortOrder":1,"Start":"\/Date(992338649030)\/","End":"\/Date(992338949377)\/","Function":"*","DisplaySpeaker":true,"LanguageOfText":"DE","Modified":"\/Date(1510849277423)\/","StartTimeWithTimezone":"\/Date(992338649030+0120)\/","EndTimeWithTimezone":"\/Date(992338949377+0120)\/","VoteBusinessNumber":null,"VoteBusinessShortNumber":null,"VoteBusinessTitle":null}]},"ID":"2651","Language":"DE","IdMeeting":"184","VerbalixOid":31735,"SortOrder":5,"Modified":"\/Date(1510849277423)\/"}}