{"d":{"__metadata":{"id":"https://ws.parlament.ch/OData.svc/Subject(ID=2676L,Language='DE')","uri":"https://ws.parlament.ch/OData.svc/Subject(ID=2676L,Language='DE')","type":"itsystems.Pd.DataServices.DataModel.Subject"},"Meetings":{"__metadata":{"id":"https://ws.parlament.ch/OData.svc/Meeting(ID=189L,Language='DE')","uri":"https://ws.parlament.ch/OData.svc/Meeting(ID=189L,Language='DE')","type":"itsystems.Pd.DataServices.DataModel.Meeting"},"Sessions":{"__deferred":{"uri":"https://ws.parlament.ch/OData.svc/Meeting(ID=189L,Language='DE')/Sessions"}},"Subjects":{"__deferred":{"uri":"https://ws.parlament.ch/OData.svc/Meeting(ID=189L,Language='DE')/Subjects"}},"ID":"189","Language":"DE","MeetingNumber":11,"IdSession":4608,"SessionNumber":8,"SessionName":"Sommersession 2001","Council":2,"CouncilName":"St\u00e4nderat","CouncilAbbreviation":"SR","Date":"\/Date(992995200000)\/","Begin":"0815","Modified":"\/Date(1447069759313)\/","LegislativePeriodNumber":46,"PublicationStatus":"final","MeetingOrderText":"Elfte Sitzung","SortOrder":11,"Location":"S"},"SubjectsBusiness":{"results":[{"__metadata":{"id":"https://ws.parlament.ch/OData.svc/SubjectBusiness(BusinessNumber=20013207,IdSubject=2676L,Language='DE')","uri":"https://ws.parlament.ch/OData.svc/SubjectBusiness(BusinessNumber=20013207,IdSubject=2676L,Language='DE')","type":"itsystems.Pd.DataServices.DataModel.SubjectBusiness"},"Subjects":{"__deferred":{"uri":"https://ws.parlament.ch/OData.svc/SubjectBusiness(BusinessNumber=20013207,IdSubject=2676L,Language='DE')/Subjects"}},"Businesses":{"__deferred":{"uri":"https://ws.parlament.ch/OData.svc/SubjectBusiness(BusinessNumber=20013207,IdSubject=2676L,Language='DE')/Businesses"}},"IdSubject":"2676","BusinessNumber":20013207,"Language":"DE","BusinessShortNumber":"01.3207","Title":"Unterst\u00fctzung von Grossanl\u00e4ssen durch den Bund. Schaffung eines Rahmengesetzes","SortOrder":1,"PublishedNotes":null,"Modified":"\/Date(1447069155736)\/","TitleDE":"Postulat GPK-SR.\nUnterst\u00fctzung von Grossanl\u00e4ssen\ndurch den Bund. Schaffung \neines Rahmengesetzes","TitleFR":"Postulat CdG-CE.\nSoutien de grands projets\npar la Conf\u00e9d\u00e9ration. Mise en place\nd'un cadre juridique","TitleIT":null}]},"Transcripts":{"results":[{"__metadata":{"id":"https://ws.parlament.ch/OData.svc/Transcript(ID=13865L,Language='DE')","uri":"https://ws.parlament.ch/OData.svc/Transcript(ID=13865L,Language='DE')","type":"itsystems.Pd.DataServices.DataModel.Transcript"},"Subjects":{"__deferred":{"uri":"https://ws.parlament.ch/OData.svc/Transcript(ID=13865L,Language='DE')/Subjects"}},"MembersCouncil":{"__deferred":{"uri":"https://ws.parlament.ch/OData.svc/Transcript(ID=13865L,Language='DE')/MembersCouncil"}},"Businesses":{"__deferred":{"uri":"https://ws.parlament.ch/OData.svc/Transcript(ID=13865L,Language='DE')/Businesses"}},"ID":"13865","Language":"DE","IdSubject":"2676","VoteId":null,"PersonNumber":378,"Type":1,"Text":"<pd_text><p><i>\u00dcberwiesen - Transmis</i></p>\n<p>[PAGE 435] </p>\n</pd_text>","MeetingCouncilAbbreviation":"S","MeetingDate":"20010620","MeetingVerbalixOid":826,"IdSession":"4608","SpeakerFirstName":"Fran\u00e7oise","SpeakerLastName":"Saudan","SpeakerFullName":"Saudan Fran\u00e7oise","SpeakerFunction":"P-F","CouncilId":2,"CouncilName":"St\u00e4nderat","CantonId":25,"CantonName":"Genf","CantonAbbreviation":"GE","ParlGroupName":"Freisinnig-demokratische Fraktion","ParlGroupAbbreviation":"RL","SortOrder":3,"Start":"\/Date(993039870177)\/","End":"\/Date(993039881533)\/","Function":"","DisplaySpeaker":false,"LanguageOfText":null,"Modified":"\/Date(1510849280283)\/","StartTimeWithTimezone":"\/Date(993039870177+0120)\/","EndTimeWithTimezone":"\/Date(993039881533+0120)\/","VoteBusinessNumber":null,"VoteBusinessShortNumber":null,"VoteBusinessTitle":null},{"__metadata":{"id":"https://ws.parlament.ch/OData.svc/Transcript(ID=13866L,Language='DE')","uri":"https://ws.parlament.ch/OData.svc/Transcript(ID=13866L,Language='DE')","type":"itsystems.Pd.DataServices.DataModel.Transcript"},"Subjects":{"__deferred":{"uri":"https://ws.parlament.ch/OData.svc/Transcript(ID=13866L,Language='DE')/Subjects"}},"MembersCouncil":{"__deferred":{"uri":"https://ws.parlament.ch/OData.svc/Transcript(ID=13866L,Language='DE')/MembersCouncil"}},"Businesses":{"__deferred":{"uri":"https://ws.parlament.ch/OData.svc/Transcript(ID=13866L,Language='DE')/Businesses"}},"ID":"13866","Language":"DE","IdSubject":"2676","VoteId":null,"PersonNumber":429,"Type":1,"Text":"<pd_text><p>Nachdem Herr Briner den Bundesrat zutreffend zitiert hat, w\u00fcrde sich mein Votum eigentlich er\u00fcbrigen. Ich kann zus\u00e4tzlich aber noch darauf hinweisen, dass es schon gewisse Vorgaben in Spezialgesetzen gibt. Das ist der Grund daf\u00fcr, weshalb wir als Sofortmassnahme pr\u00fcfen werden, ob wir das, was z. B. im Finanzhaushaltgesetz oder in den Verordnungen steht, schon in eine Art Richtlinie oder Weisung umgiessen k\u00f6nnten, die dann sofort zur Verf\u00fcgung st\u00fcnde. </p>\n<p>Weiter ist aber offen, ob f\u00fcr die sehr unterschiedlichen Anl\u00e4sse ein einziges gleiches Gesetz angemessen w\u00e4re oder nicht. Wir werden diesen Pr\u00fcfungsauftrag umfassend wahrnehmen und Ihnen zu gegebener Zeit \u00fcber die Resultate berichten.</p>\n<p>In diesem Sinne sind wir gerne bereit, das Postulat entgegenzunehmen.</p>\n</pd_text>","MeetingCouncilAbbreviation":"S","MeetingDate":"20010620","MeetingVerbalixOid":826,"IdSession":"4608","SpeakerFirstName":"Kaspar","SpeakerLastName":"Villiger","SpeakerFullName":"Villiger Kaspar","SpeakerFunction":"BR-M","CouncilId":99,"CouncilName":"Bundesrat","CantonId":3,"CantonName":"Luzern","CantonAbbreviation":"LU","ParlGroupName":null,"ParlGroupAbbreviation":null,"SortOrder":2,"Start":"\/Date(993039814973)\/","End":"\/Date(993039870177)\/","Function":"","DisplaySpeaker":true,"LanguageOfText":"DE","Modified":"\/Date(1510849280283)\/","StartTimeWithTimezone":"\/Date(993039814973+0120)\/","EndTimeWithTimezone":"\/Date(993039870177+0120)\/","VoteBusinessNumber":null,"VoteBusinessShortNumber":null,"VoteBusinessTitle":null},{"__metadata":{"id":"https://ws.parlament.ch/OData.svc/Transcript(ID=13867L,Language='DE')","uri":"https://ws.parlament.ch/OData.svc/Transcript(ID=13867L,Language='DE')","type":"itsystems.Pd.DataServices.DataModel.Transcript"},"Subjects":{"__deferred":{"uri":"https://ws.parlament.ch/OData.svc/Transcript(ID=13867L,Language='DE')/Subjects"}},"MembersCouncil":{"__deferred":{"uri":"https://ws.parlament.ch/OData.svc/Transcript(ID=13867L,Language='DE')/MembersCouncil"}},"Businesses":{"__deferred":{"uri":"https://ws.parlament.ch/OData.svc/Transcript(ID=13867L,Language='DE')/Businesses"}},"ID":"13867","Language":"DE","IdSubject":"2676","VoteId":null,"PersonNumber":528,"Type":1,"Text":"<pd_text><p>Aufgrund der Untersuchung der Probleme bei der Vorbereitung und Organisation der Expo.01 hat die GPK dem Bundesrat in einem umfangreichen Bericht verschiedene Empfehlungen abgegeben. In einem Postulat l\u00e4dt sie den Bundesrat ein, zu pr\u00fcfen, ob ein Rahmenerlass \u00fcber die Unterst\u00fctzung von Grossanl\u00e4ssen durch den Bund zu schaffen ist. Weshalb ein Rahmenerlass?</p>\n<p>Wir fordern einen Rahmenerlass f\u00fcr die Regelung der Rolle, der politischen Verantwortung, der Einflussm\u00f6glichkeiten und der Instrumente des Bundes bei der Vorbereitung und Begleitung von Grossanl\u00e4ssen. Das j\u00fcngste Beispiel - der Expo.01 - zeigt, dass dem Parlament keine gen\u00fcgenden Entscheidgrundlagen vorgelegt worden sind. Insbesondere aber waren Rolle und Verantwortung des Bundes als des gr\u00f6ssten Geldgebers von Anfang an unklar. Daraus resultierten ein geringer Einfluss und eine Verunsicherung in der Gesch\u00e4ftsf\u00fchrung der Bundesvertreter. Wegen dieser unklaren Rolle konnte es geschehen, dass sich der Bund in eine faktische politische Verantwortung hineinman\u00f6vrieren liess, die beim Beschluss im Jahr 1996 zur Durchf\u00fchrung der Landesausstellung verkannt worden war.</p>\n<p>In einem Rahmenerlass k\u00f6nnte die Rolle des Geldgebers und Mitorganisators Bund in allgemeiner Weise umschrieben und gekl\u00e4rt werden. Ein Rahmenerlass dient im \u00dcbrigen der Regelung der Voraussetzungen und Bedingungen, unter denen sich der Bund f\u00fcr einen Grossanlass engagiert.</p>\n<p>Der Bund engagiert sich national und international in zunehmendem Ausmass an Grossprojekten. Im Bereich der Landesausstellungen hat die von der GPK initiierte Untersuchung des Bundesarchivs ergeben, dass die Bedeutung des Bundes bei der direkten Finanzierung der Landesausstellungen kontinuierlich zugenommen hat, in Form von Subventionen, Beitr\u00e4gen an Ausstellungsprojekte und Defizitgarantien.</p>\n<p>Grossanl\u00e4sse sind nicht nur die rund alle 25 Jahre stattfindenden Landesausstellungen. In diese Kategorie fallen auch Olympische Winterspiele, falls sich der Bund daran beteiligt. In Sichtweite sind auch die Fussball-Europameisterschaften 2008, das drittgr\u00f6sste Sportereignis \u00fcberhaupt. Hier ist ein Projekt \u00d6sterreich/Schweiz konzeptionell in Bearbeitung; es w\u00fcrden, wie mir versichert wurde, bereits Lehren aus unserem Bericht mit seinen Forderungen gezogen. Unliebsame Erfahrungen waren bei den 700-Jahr-Feiern der Eidgenossenschaft feststellbar - ebenso die \"Tradition der Budget\u00fcberschreitungen\" bei der Teilnahme an Weltausstellungen.</p>\n<p>Angesichts dieses zunehmenden Engagements ist die F\u00fchrungsrolle des Bundes gefordert. Er muss seine Kriterien und Voraussetzungen f\u00fcr ein Engagement offen legen. Der Bund muss und darf sich in Zukunft nicht damit begn\u00fcgen, in eine L\u00fccke zu springen, die ja meist eine Finanzierungsl\u00fccke ist.</p>\n<p>Unter die Regelung der Voraussetzungen geh\u00f6rt auch die Frage der Zusammenarbeit mit den Projektpartnern. Gerade bei Kulturprojekten sind die Verh\u00e4ltnisse zwischen Kultur, Politik und Wirtschaft bekanntlich sehr komplex. Deshalb braucht es einen Rahmenerlass, um eine gesetzliche Grundlage f\u00fcr zuk\u00fcnftige Projekte zu schaffen. Das Fehlen einer gesetzlichen Grundlage f\u00fcr die Unterst\u00fctzung der Expo.01 wurde bereits bei der parlamentarischen Beratung des Bundesbeitrages im Jahre 1996 bem\u00e4ngelt. In der Zwischenzeit gibt es zwar einen verfassungsm\u00e4ssigen Auftrag des Bundes f\u00fcr die Unterst\u00fctzung von Kulturprojekten von gesamtschweizerischer Bedeutung, aber ein Rahmenerlass w\u00fcrde die Gelegenheit bieten, diese Verfassungsbestimmung zu konkretisieren und in einen Kontext mit anderen Bereichen ausserhalb der Kulturprojekte zu stellen.</p>\n<p>Der Bundesrat hat sich am 30. Mai 2001 dazu bereit erkl\u00e4rt, das Postulat entgegenzunehmen. Er ist auch bereit - habe ich in der Zwischenzeit erfahren -, den drei Empfehlungen der GPK Folge zu leisten. In einer diesbez\u00fcglichen Pressemitteilung stellt der Bundesrat fest, dass es in letzter Zeit Probleme im Zusammenhang mit verschiedenen Grossveranstaltungen mit Bundesbeteiligung gegeben hat, insbesondere in Bezug auf die Transparenz des finanziellen Gesamtengagements, das Sponsoring, die Kredit- und Kostenverwaltung und die direkte Verrechnung von Einnahmen und Ausgaben. Der Bundesrat stellt auch fest, dass im Zeitpunkt der Ausarbeitung einer Botschaft an das Parlament vielfach Umst\u00e4nde wie bestimmte Kostenelemente, die Finanzierung und die Risikofaktoren nicht definitiv bekannt sind. Bundesrat und Parlament m\u00fcssen sich aber auf m\u00f6glichst vollst\u00e4ndige Entscheidgrundlagen verlassen k\u00f6nnen.</p>\n<p>Die GPK hat f\u00fcr ihr Anliegen bewusst \"nur\" die Form des Postulates gew\u00e4hlt, damit dieses m\u00f6glichst umfassend gepr\u00fcft werden kann und die Massnahmen rasch umgesetzt werden k\u00f6nnen.</p>\n<p>In diesem Sinne dankt Ihnen die einstimmige GPK, wenn Sie unserem Antrag auf \u00dcberweisung des Postulates Folge leisten. </p>\n</pd_text>","MeetingCouncilAbbreviation":"S","MeetingDate":"20010620","MeetingVerbalixOid":826,"IdSession":"4608","SpeakerFirstName":"Peter","SpeakerLastName":"Briner","SpeakerFullName":"Briner Peter","SpeakerFunction":"","CouncilId":2,"CouncilName":"St\u00e4nderat","CantonId":14,"CantonName":"Schaffhausen","CantonAbbreviation":"SH","ParlGroupName":"Freisinnig-demokratische Fraktion","ParlGroupAbbreviation":"RL","SortOrder":1,"Start":"\/Date(993039459080)\/","End":"\/Date(993039814973)\/","Function":"*","DisplaySpeaker":true,"LanguageOfText":"DE","Modified":"\/Date(1510849280283)\/","StartTimeWithTimezone":"\/Date(993039459080+0120)\/","EndTimeWithTimezone":"\/Date(993039814973+0120)\/","VoteBusinessNumber":null,"VoteBusinessShortNumber":null,"VoteBusinessTitle":null}]},"ID":"2676","Language":"DE","IdMeeting":"189","VerbalixOid":33217,"SortOrder":4,"Modified":"\/Date(1510849280267)\/"}}