{"d":{"__metadata":{"id":"https://ws.parlament.ch/OData.svc/Subject(ID=26837L,Language='DE')","uri":"https://ws.parlament.ch/OData.svc/Subject(ID=26837L,Language='DE')","type":"itsystems.Pd.DataServices.DataModel.Subject"},"Meetings":{"__metadata":{"id":"https://ws.parlament.ch/OData.svc/Meeting(ID=1698L,Language='DE')","uri":"https://ws.parlament.ch/OData.svc/Meeting(ID=1698L,Language='DE')","type":"itsystems.Pd.DataServices.DataModel.Meeting"},"Sessions":{"__deferred":{"uri":"https://ws.parlament.ch/OData.svc/Meeting(ID=1698L,Language='DE')/Sessions"}},"Subjects":{"__deferred":{"uri":"https://ws.parlament.ch/OData.svc/Meeting(ID=1698L,Language='DE')/Subjects"}},"ID":"1698","Language":"DE","MeetingNumber":15,"IdSession":4802,"SessionNumber":2,"SessionName":"Fr\u00fchjahrssession 2008","Council":1,"CouncilName":"Nationalrat","CouncilAbbreviation":"NR","Date":"\/Date(1205971200000)\/","Begin":"0800","Modified":"\/Date(1447070336270)\/","LegislativePeriodNumber":48,"PublicationStatus":"final","MeetingOrderText":"F\u00fcnfzehnte Sitzung","SortOrder":15,"Location":"N"},"SubjectsBusiness":{"results":[{"__metadata":{"id":"https://ws.parlament.ch/OData.svc/SubjectBusiness(BusinessNumber=20063666,IdSubject=26837L,Language='DE')","uri":"https://ws.parlament.ch/OData.svc/SubjectBusiness(BusinessNumber=20063666,IdSubject=26837L,Language='DE')","type":"itsystems.Pd.DataServices.DataModel.SubjectBusiness"},"Subjects":{"__deferred":{"uri":"https://ws.parlament.ch/OData.svc/SubjectBusiness(BusinessNumber=20063666,IdSubject=26837L,Language='DE')/Subjects"}},"Businesses":{"__deferred":{"uri":"https://ws.parlament.ch/OData.svc/SubjectBusiness(BusinessNumber=20063666,IdSubject=26837L,Language='DE')/Businesses"}},"IdSubject":"26837","BusinessNumber":20063666,"Language":"DE","BusinessShortNumber":"06.3666","Title":"Instrumente des Bundesrates zur strategischen F\u00fchrung und gesetzliche Grundlagen","SortOrder":1,"PublishedNotes":null,"Modified":"\/Date(1447069316740)\/","TitleDE":"Motion GPK-SR.\nInstrumente\ndes Bundesrates\nzur strategischen F\u00fchrung\nund gesetzliche Grundlagen","TitleFR":"Motion CdG-CE.\nInstruments\nde conduite strat\u00e9gique\ndu Conseil f\u00e9d\u00e9ral\net bases l\u00e9gales","TitleIT":null}]},"Transcripts":{"results":[{"__metadata":{"id":"https://ws.parlament.ch/OData.svc/Transcript(ID=154799L,Language='DE')","uri":"https://ws.parlament.ch/OData.svc/Transcript(ID=154799L,Language='DE')","type":"itsystems.Pd.DataServices.DataModel.Transcript"},"Subjects":{"__deferred":{"uri":"https://ws.parlament.ch/OData.svc/Transcript(ID=154799L,Language='DE')/Subjects"}},"MembersCouncil":{"__deferred":{"uri":"https://ws.parlament.ch/OData.svc/Transcript(ID=154799L,Language='DE')/MembersCouncil"}},"Businesses":{"__deferred":{"uri":"https://ws.parlament.ch/OData.svc/Transcript(ID=154799L,Language='DE')/Businesses"}},"ID":"154799","Language":"DE","IdSubject":"26837","VoteId":null,"PersonNumber":453,"Type":1,"Text":"<pd_text><p>La commission propose d'adopter la motion. Le Conseil f\u00e9d\u00e9ral est pr\u00eat \u00e0 l'accepter.</p>\n<p>[VS]</p>\n<p><i>Angenommen - Adopt\u00e9</i></p>\n</pd_text>","MeetingCouncilAbbreviation":"N","MeetingDate":"20080320","MeetingVerbalixOid":1655,"IdSession":"4802","SpeakerFirstName":"Andr\u00e9","SpeakerLastName":"Bugnon","SpeakerFullName":"Bugnon Andr\u00e9","SpeakerFunction":"P-M","CouncilId":1,"CouncilName":"Nationalrat","CantonId":22,"CantonName":"Waadt","CantonAbbreviation":"VD","ParlGroupName":"Fraktion der Schweizerischen Volkspartei","ParlGroupAbbreviation":"V","SortOrder":3,"Start":"\/Date(1206000340526)\/","End":"\/Date(1206000370542)\/","Function":"P-M","DisplaySpeaker":true,"LanguageOfText":"FR","Modified":"\/Date(1774877895897)\/","StartTimeWithTimezone":"\/Date(1206000340527+0060)\/","EndTimeWithTimezone":"\/Date(1206000370543+0060)\/","VoteBusinessNumber":null,"VoteBusinessShortNumber":null,"VoteBusinessTitle":null},{"__metadata":{"id":"https://ws.parlament.ch/OData.svc/Transcript(ID=154800L,Language='DE')","uri":"https://ws.parlament.ch/OData.svc/Transcript(ID=154800L,Language='DE')","type":"itsystems.Pd.DataServices.DataModel.Transcript"},"Subjects":{"__deferred":{"uri":"https://ws.parlament.ch/OData.svc/Transcript(ID=154800L,Language='DE')/Subjects"}},"MembersCouncil":{"__deferred":{"uri":"https://ws.parlament.ch/OData.svc/Transcript(ID=154800L,Language='DE')/MembersCouncil"}},"Businesses":{"__deferred":{"uri":"https://ws.parlament.ch/OData.svc/Transcript(ID=154800L,Language='DE')/Businesses"}},"ID":"154800","Language":"DE","IdSubject":"26837","VoteId":null,"PersonNumber":1337,"Type":1,"Text":"<pd_text><p>Ausgangslage f\u00fcr die beiden vorliegenden Motionen war der Bericht der GPK des St\u00e4nderates \u00fcber die Entwicklungszusammenarbeit. Mit der Motion 06.3666 verlangt die GPK des St\u00e4nderates vom Bundesrat, die F\u00fchrungsinstrumente auf dem Gebiet der internationalen Zusammenarbeit und die gesetzlichen Grundlagen einer kritischen Pr\u00fcfung zu unterziehen. Der Bundesrat wird aufgefordert, die Zweckm\u00e4ssigkeit der Vorlage eines Aktualisierungsentwurfes f\u00fcr das Bundesgesetz \u00fcber die internationale Entwicklungszusammenarbeit und humanit\u00e4re Hilfe zu pr\u00fcfen. Die Deza und die weiteren zust\u00e4ndigen Stellen werden damit aufgefordert, ihre gesetzlichen Grundlagen zu evaluieren. Das Ziel dieser Motion ist eine einheitliche Strategie, und daraus sollten sich dann auch die erwarteten Verbesserungsm\u00f6glichkeiten in der Praxis ergeben. </p>\n<p>Diese Motion war im Plenum der GPK unseres Rates unbestritten. Die GPK empfiehlt Ihnen mit 13 zu 0 Stimmen bei 1 Enthaltung die Annahme.</p>\n</pd_text>","MeetingCouncilAbbreviation":"N","MeetingDate":"20080320","MeetingVerbalixOid":1655,"IdSession":"4802","SpeakerFirstName":"Ida","SpeakerLastName":"Glanzmann-Hunkeler","SpeakerFullName":"Glanzmann-Hunkeler Ida","SpeakerFunction":"Mit-F","CouncilId":1,"CouncilName":"Nationalrat","CantonId":3,"CantonName":"Luzern","CantonAbbreviation":"LU","ParlGroupName":"Fraktion CVP/EVP/glp","ParlGroupAbbreviation":"M-E","SortOrder":2,"Start":"\/Date(1206000255230)\/","End":"\/Date(1206000340526)\/","Function":"*","DisplaySpeaker":true,"LanguageOfText":"DE","Modified":"\/Date(1774877895893)\/","StartTimeWithTimezone":"\/Date(1206000255230+0060)\/","EndTimeWithTimezone":"\/Date(1206000340527+0060)\/","VoteBusinessNumber":null,"VoteBusinessShortNumber":null,"VoteBusinessTitle":null},{"__metadata":{"id":"https://ws.parlament.ch/OData.svc/Transcript(ID=154801L,Language='DE')","uri":"https://ws.parlament.ch/OData.svc/Transcript(ID=154801L,Language='DE')","type":"itsystems.Pd.DataServices.DataModel.Transcript"},"Subjects":{"__deferred":{"uri":"https://ws.parlament.ch/OData.svc/Transcript(ID=154801L,Language='DE')/Subjects"}},"MembersCouncil":{"__deferred":{"uri":"https://ws.parlament.ch/OData.svc/Transcript(ID=154801L,Language='DE')/MembersCouncil"}},"Businesses":{"__deferred":{"uri":"https://ws.parlament.ch/OData.svc/Transcript(ID=154801L,Language='DE')/Businesses"}},"ID":"154801","Language":"DE","IdSubject":"26837","VoteId":null,"PersonNumber":1123,"Type":1,"Text":"<pd_text><p>Cette motion fait suite au rapport d\u00e9pos\u00e9 par la Commission de gestion du Conseil des Etats en automne 2006, rapport relatif \u00e0 l'examen de la coh\u00e9rence et de la conduite strat\u00e9gique des activit\u00e9s de la Direction du d\u00e9veloppement et de la coop\u00e9ration (DDC). Les conclusions de ce rapport ont mis en \u00e9vidence la qualit\u00e9 du travail r\u00e9alis\u00e9 par la DDC et par le Secr\u00e9tariat d'Etat \u00e0 l'\u00e9conomie. Elles ont mis aussi l'accent sur des am\u00e9liorations souhaitables concernant deux domaines: la vue d'ensemble sur l'aide au d\u00e9veloppement au-del\u00e0 des deux d\u00e9partements concern\u00e9s - il s'agit donc d'am\u00e9liorer la coordination; la transparence \u00e0 l'\u00e9gard du Parlement - il s'agit d'am\u00e9liorer l'efficacit\u00e9 des outils disponibles.</p>\n<p>La motion contient cinq points en relation avec un examen critique des bases l\u00e9gales, ainsi que des instruments de conduite strat\u00e9gique de la coop\u00e9ration internationale:</p>\n<p>1. opportunit\u00e9 d'actualiser la loi sur la coop\u00e9ration au d\u00e9veloppement et l'aide humanitaire internationale;</p>\n<p>2. mesures visant \u00e0 plus de transparence dans le syst\u00e8me des cr\u00e9dits-cadres de la coop\u00e9ration internationale;</p>\n<p>3. strat\u00e9gie commune pour la DDC et le SECO;</p>\n<p>4. application des conventions d'objectifs dans le cadre de la coop\u00e9ration internationale pour mieux int\u00e9grer ces questions dans la politique \u00e9trang\u00e8re de la Suisse;</p>\n<p>5. mise en place dans le prochain message sur la coop\u00e9ration au d\u00e9veloppement 2008-2011 d'objectifs strat\u00e9giques, de mani\u00e8re \u00e0 mieux se mettre d'accord sur les grandes options de la politique de coop\u00e9ration.</p>\n<p>Le Conseil des Etats a adopt\u00e9 cette motion le 6 juin 2007. La Commission de gestion de notre conseil l'a \u00e9galement adopt\u00e9e par 13 voix contre 0 et 1 abstention.</p>\n<p>Elle vous invite \u00e0 en faire de m\u00eame.</p>\n</pd_text>","MeetingCouncilAbbreviation":"N","MeetingDate":"20080320","MeetingVerbalixOid":1655,"IdSession":"4802","SpeakerFirstName":"Pierre-Fran\u00e7ois","SpeakerLastName":"Veillon","SpeakerFullName":"Veillon Pierre-Fran\u00e7ois","SpeakerFunction":"Mit-M","CouncilId":1,"CouncilName":"Nationalrat","CantonId":22,"CantonName":"Waadt","CantonAbbreviation":"VD","ParlGroupName":"Fraktion der Schweizerischen Volkspartei","ParlGroupAbbreviation":"V","SortOrder":1,"Start":"\/Date(1206000122261)\/","End":"\/Date(1206000255230)\/","Function":"*","DisplaySpeaker":true,"LanguageOfText":"FR","Modified":"\/Date(1774877895890)\/","StartTimeWithTimezone":"\/Date(1206000122260+0060)\/","EndTimeWithTimezone":"\/Date(1206000255230+0060)\/","VoteBusinessNumber":null,"VoteBusinessShortNumber":null,"VoteBusinessTitle":null}]},"ID":"26837","Language":"DE","IdMeeting":"1698","VerbalixOid":267477,"SortOrder":1,"Modified":"\/Date(1447070336647)\/"}}