{"d":{"__metadata":{"id":"https://ws.parlament.ch/OData.svc/Subject(ID=27175L,Language='DE')","uri":"https://ws.parlament.ch/OData.svc/Subject(ID=27175L,Language='DE')","type":"itsystems.Pd.DataServices.DataModel.Subject"},"Meetings":{"__metadata":{"id":"https://ws.parlament.ch/OData.svc/Meeting(ID=1712L,Language='DE')","uri":"https://ws.parlament.ch/OData.svc/Meeting(ID=1712L,Language='DE')","type":"itsystems.Pd.DataServices.DataModel.Meeting"},"Sessions":{"__deferred":{"uri":"https://ws.parlament.ch/OData.svc/Meeting(ID=1712L,Language='DE')/Sessions"}},"Subjects":{"__deferred":{"uri":"https://ws.parlament.ch/OData.svc/Meeting(ID=1712L,Language='DE')/Subjects"}},"ID":"1712","Language":"DE","MeetingNumber":15,"IdSession":4912,"SessionNumber":12,"SessionName":"Fr\u00fchjahrssession 2014","Council":2,"CouncilName":"St\u00e4nderat","CouncilAbbreviation":"SR","Date":"\/Date(1395360000000)\/","Begin":"0815","Modified":"\/Date(1447070342157)\/","LegislativePeriodNumber":49,"PublicationStatus":"final","MeetingOrderText":"F\u00fcnfzehnte Sitzung","SortOrder":15,"Location":"S"},"SubjectsBusiness":{"results":[{"__metadata":{"id":"https://ws.parlament.ch/OData.svc/SubjectBusiness(BusinessNumber=20110431,IdSubject=27175L,Language='DE')","uri":"https://ws.parlament.ch/OData.svc/SubjectBusiness(BusinessNumber=20110431,IdSubject=27175L,Language='DE')","type":"itsystems.Pd.DataServices.DataModel.SubjectBusiness"},"Subjects":{"__deferred":{"uri":"https://ws.parlament.ch/OData.svc/SubjectBusiness(BusinessNumber=20110431,IdSubject=27175L,Language='DE')/Subjects"}},"Businesses":{"__deferred":{"uri":"https://ws.parlament.ch/OData.svc/SubjectBusiness(BusinessNumber=20110431,IdSubject=27175L,Language='DE')/Businesses"}},"IdSubject":"27175","BusinessNumber":20110431,"Language":"DE","BusinessShortNumber":"11.431","Title":"Rehabilitierung administrativ versorgter Menschen","SortOrder":1,"PublishedNotes":"Schlussabstimmung - Vote final\n","Modified":"\/Date(1447069494456)\/","TitleDE":"Parlamentarische Initiative\nRechsteiner Paul.\nRehabilitierung\nadministrativ versorgter Menschen","TitleFR":"Initiative parlementaire\nRechsteiner Paul.\nR\u00e9habilitation des personnes\nplac\u00e9es par d\u00e9cision administrative","TitleIT":null}]},"Transcripts":{"results":[{"__metadata":{"id":"https://ws.parlament.ch/OData.svc/Transcript(ID=156034L,Language='DE')","uri":"https://ws.parlament.ch/OData.svc/Transcript(ID=156034L,Language='DE')","type":"itsystems.Pd.DataServices.DataModel.Transcript"},"Subjects":{"__deferred":{"uri":"https://ws.parlament.ch/OData.svc/Transcript(ID=156034L,Language='DE')/Subjects"}},"MembersCouncil":{"__deferred":{"uri":"https://ws.parlament.ch/OData.svc/Transcript(ID=156034L,Language='DE')/MembersCouncil"}},"Businesses":{"__deferred":{"uri":"https://ws.parlament.ch/OData.svc/Transcript(ID=156034L,Language='DE')/Businesses"}},"ID":"156034","Language":"DE","IdSubject":"27175","VoteId":"151","PersonNumber":null,"Type":2,"Text":"<pd_text><p><b>Bundesgesetz \u00fcber die Rehabilitierung administrativ versorgter Menschen</b></p>\n<p><b>Loi f\u00e9d\u00e9rale sur la r\u00e9habilitation des personnes plac\u00e9es par d\u00e9cision administrative</b></p>\n<p>[VS]</p>\n<p><i>Abstimmung - Vote</i></p>\n<p>[NAM]</p>\n<p>F\u00fcr Annahme des Entwurfes ... 42 Stimmen</p>\n<p>(Einstimmigkeit)</p>\n<p>(0 Enthaltungen)</p>\n<p>[PAGE 375] </p>\n</pd_text>","MeetingCouncilAbbreviation":"S","MeetingDate":"20140321","MeetingVerbalixOid":2448,"IdSession":"4912","SpeakerFirstName":null,"SpeakerLastName":null,"SpeakerFullName":"","SpeakerFunction":null,"CouncilId":null,"CouncilName":null,"CantonId":null,"CantonName":null,"CantonAbbreviation":null,"ParlGroupName":null,"ParlGroupAbbreviation":null,"SortOrder":1,"Start":null,"End":null,"Function":null,"DisplaySpeaker":null,"LanguageOfText":null,"Modified":"\/Date(1510850593647)\/","StartTimeWithTimezone":null,"EndTimeWithTimezone":null,"VoteBusinessNumber":20110431,"VoteBusinessShortNumber":"11.431","VoteBusinessTitle":"Parlamentarische Initiative\nRechsteiner Paul.\nRehabilitierung\nadministrativ versorgter Menschen"}]},"ID":"27175","Language":"DE","IdMeeting":"1712","VerbalixOid":435505,"SortOrder":3,"Modified":"\/Date(1510850593647)\/"}}