{"d":{"__metadata":{"id":"https://ws.parlament.ch/OData.svc/Subject(ID=27283L,Language='DE')","uri":"https://ws.parlament.ch/OData.svc/Subject(ID=27283L,Language='DE')","type":"itsystems.Pd.DataServices.DataModel.Subject"},"Meetings":{"__metadata":{"id":"https://ws.parlament.ch/OData.svc/Meeting(ID=1721L,Language='DE')","uri":"https://ws.parlament.ch/OData.svc/Meeting(ID=1721L,Language='DE')","type":"itsystems.Pd.DataServices.DataModel.Meeting"},"Sessions":{"__deferred":{"uri":"https://ws.parlament.ch/OData.svc/Meeting(ID=1721L,Language='DE')/Sessions"}},"Subjects":{"__deferred":{"uri":"https://ws.parlament.ch/OData.svc/Meeting(ID=1721L,Language='DE')/Subjects"}},"ID":"1721","Language":"DE","MeetingNumber":14,"IdSession":4916,"SessionNumber":16,"SessionName":"Wintersession 2014","Council":2,"CouncilName":"St\u00e4nderat","CouncilAbbreviation":"SR","Date":"\/Date(1418342400000)\/","Begin":"0815","Modified":"\/Date(1447070344500)\/","LegislativePeriodNumber":49,"PublicationStatus":"final","MeetingOrderText":"Vierzehnte Sitzung","SortOrder":14,"Location":"S"},"SubjectsBusiness":{"results":[{"__metadata":{"id":"https://ws.parlament.ch/OData.svc/SubjectBusiness(BusinessNumber=20130107,IdSubject=27283L,Language='DE')","uri":"https://ws.parlament.ch/OData.svc/SubjectBusiness(BusinessNumber=20130107,IdSubject=27283L,Language='DE')","type":"itsystems.Pd.DataServices.DataModel.SubjectBusiness"},"Subjects":{"__deferred":{"uri":"https://ws.parlament.ch/OData.svc/SubjectBusiness(BusinessNumber=20130107,IdSubject=27283L,Language='DE')/Subjects"}},"Businesses":{"__deferred":{"uri":"https://ws.parlament.ch/OData.svc/SubjectBusiness(BusinessNumber=20130107,IdSubject=27283L,Language='DE')/Businesses"}},"IdSubject":"27283","BusinessNumber":20130107,"Language":"DE","BusinessShortNumber":"13.107","Title":"Millionen-Erbschaften besteuern f\u00fcr unsere AHV (Erbschaftssteuerreform). Volksinitiative","SortOrder":1,"PublishedNotes":"Schlussabstimmung - Vote final\n","Modified":"\/Date(1447069581316)\/","TitleDE":"Millionen-Erbschaften\nbesteuern f\u00fcr unsere AHV\n(Erbschaftssteuerreform).\nVolksinitiative","TitleFR":"Imposer les successions\nde plusieurs millions\npour financer notre AVS\n(R\u00e9forme de la fiscalit\u00e9 successorale).\nInitiative populaire","TitleIT":null}]},"Transcripts":{"results":[{"__metadata":{"id":"https://ws.parlament.ch/OData.svc/Transcript(ID=156649L,Language='DE')","uri":"https://ws.parlament.ch/OData.svc/Transcript(ID=156649L,Language='DE')","type":"itsystems.Pd.DataServices.DataModel.Transcript"},"Subjects":{"__deferred":{"uri":"https://ws.parlament.ch/OData.svc/Transcript(ID=156649L,Language='DE')/Subjects"}},"MembersCouncil":{"__deferred":{"uri":"https://ws.parlament.ch/OData.svc/Transcript(ID=156649L,Language='DE')/MembersCouncil"}},"Businesses":{"__deferred":{"uri":"https://ws.parlament.ch/OData.svc/Transcript(ID=156649L,Language='DE')/Businesses"}},"ID":"156649","Language":"DE","IdSubject":"27283","VoteId":"622","PersonNumber":null,"Type":2,"Text":"<pd_text><p><i>Abstimmung - Vote</i></p>\n<p>[NAM]</p>\n<p>F\u00fcr Annahme des Entwurfes ... 34 Stimmen</p>\n<p>Dagegen ... 9 Stimmen</p>\n<p>(2 Enthaltungen)</p>\n<p>[PAGE 1333] </p>\n</pd_text>","MeetingCouncilAbbreviation":"S","MeetingDate":"20141212","MeetingVerbalixOid":2558,"IdSession":"4916","SpeakerFirstName":null,"SpeakerLastName":null,"SpeakerFullName":"","SpeakerFunction":null,"CouncilId":null,"CouncilName":null,"CantonId":null,"CantonName":null,"CantonAbbreviation":null,"ParlGroupName":null,"ParlGroupAbbreviation":null,"SortOrder":6,"Start":null,"End":null,"Function":null,"DisplaySpeaker":null,"LanguageOfText":null,"Modified":"\/Date(1510850394047)\/","StartTimeWithTimezone":null,"EndTimeWithTimezone":null,"VoteBusinessNumber":20130107,"VoteBusinessShortNumber":"13.107","VoteBusinessTitle":"Millionen-Erbschaften\nbesteuern f\u00fcr unsere AHV\n(Erbschaftssteuerreform).\nVolksinitiative"},{"__metadata":{"id":"https://ws.parlament.ch/OData.svc/Transcript(ID=156650L,Language='DE')","uri":"https://ws.parlament.ch/OData.svc/Transcript(ID=156650L,Language='DE')","type":"itsystems.Pd.DataServices.DataModel.Transcript"},"Subjects":{"__deferred":{"uri":"https://ws.parlament.ch/OData.svc/Transcript(ID=156650L,Language='DE')/Subjects"}},"MembersCouncil":{"__deferred":{"uri":"https://ws.parlament.ch/OData.svc/Transcript(ID=156650L,Language='DE')/MembersCouncil"}},"Businesses":{"__deferred":{"uri":"https://ws.parlament.ch/OData.svc/Transcript(ID=156650L,Language='DE')/Businesses"}},"ID":"156650","Language":"DE","IdSubject":"27283","VoteId":null,"PersonNumber":null,"Type":3,"Text":"<pd_text><p><i>Angenommen - Adopt\u00e9</i></p>\n<p>[VS]</p>\n</pd_text>","MeetingCouncilAbbreviation":"S","MeetingDate":"20141212","MeetingVerbalixOid":2558,"IdSession":"4916","SpeakerFirstName":null,"SpeakerLastName":null,"SpeakerFullName":"","SpeakerFunction":null,"CouncilId":null,"CouncilName":null,"CantonId":null,"CantonName":null,"CantonAbbreviation":null,"ParlGroupName":null,"ParlGroupAbbreviation":null,"SortOrder":5,"Start":"\/Date(1418372633193)\/","End":"\/Date(1418373122370)\/","Function":null,"DisplaySpeaker":null,"LanguageOfText":"DE","Modified":"\/Date(1510850394047)\/","StartTimeWithTimezone":"\/Date(1418372633193+0060)\/","EndTimeWithTimezone":"\/Date(1418373122370+0060)\/","VoteBusinessNumber":null,"VoteBusinessShortNumber":null,"VoteBusinessTitle":null},{"__metadata":{"id":"https://ws.parlament.ch/OData.svc/Transcript(ID=156651L,Language='DE')","uri":"https://ws.parlament.ch/OData.svc/Transcript(ID=156651L,Language='DE')","type":"itsystems.Pd.DataServices.DataModel.Transcript"},"Subjects":{"__deferred":{"uri":"https://ws.parlament.ch/OData.svc/Transcript(ID=156651L,Language='DE')/Subjects"}},"MembersCouncil":{"__deferred":{"uri":"https://ws.parlament.ch/OData.svc/Transcript(ID=156651L,Language='DE')/MembersCouncil"}},"Businesses":{"__deferred":{"uri":"https://ws.parlament.ch/OData.svc/Transcript(ID=156651L,Language='DE')/Businesses"}},"ID":"156651","Language":"DE","IdSubject":"27283","VoteId":null,"PersonNumber":540,"Type":1,"Text":"<pd_text><p>Anche a nome della sottocommissione di lingua italiana della Commissione di redazione confermo quanto detto dal nostro presidente Berberat. Per quanto riguarda l'articolo 197 numero 9 capoverso 2 lettera b primo periodo, il testo dell'iniziativa va effettivamente corretto in quanto non corrispondente al testo tedesco e francese. La lettera b infatti parla di \"imposta sulle successioni\". La disposizione recita: \"l'imposta sulle successioni \u00e8 riscossa non appena l'importo di cui all'articolo 129a capoverso 3 lettera a \u00e8 superato.\" Questa traduzione non corrisponde n\u00e9 al testo tedesco che parla di \"Schenkungssteuer\" n\u00e9 al testo francese che parla di \"l'imp\u00f4t sur les donations\". La correzione in lingua italiana impone dunque di dire, alla lettera b, \"l'imposta sulle donazioni che \u00e8 riscossa non appena l'importo di l'importo di cui all'articolo 129a capoverso 3 lettera a \u00e8 superato\". Quindi, la correzione - \"l'imposta sulle donazioni\" - figurer\u00e0 come tale nel documento corretto dall'Assemblea federale il 12 dicembre 2014. </p>\n</pd_text>","MeetingCouncilAbbreviation":"S","MeetingDate":"20141212","MeetingVerbalixOid":2558,"IdSession":"4916","SpeakerFirstName":"Filippo","SpeakerLastName":"Lombardi","SpeakerFullName":"Lombardi Filippo","SpeakerFunction":"Mit-M","CouncilId":2,"CouncilName":"St\u00e4nderat","CantonId":27,"CantonName":"Tessin","CantonAbbreviation":"TI","ParlGroupName":"Fraktion CVP-EVP","ParlGroupAbbreviation":"M-E","SortOrder":4,"Start":"\/Date(1418372548617)\/","End":"\/Date(1418372633193)\/","Function":"*","DisplaySpeaker":true,"LanguageOfText":"IT","Modified":"\/Date(1510850394047)\/","StartTimeWithTimezone":"\/Date(1418372548617+0060)\/","EndTimeWithTimezone":"\/Date(1418372633193+0060)\/","VoteBusinessNumber":null,"VoteBusinessShortNumber":null,"VoteBusinessTitle":null},{"__metadata":{"id":"https://ws.parlament.ch/OData.svc/Transcript(ID=156652L,Language='DE')","uri":"https://ws.parlament.ch/OData.svc/Transcript(ID=156652L,Language='DE')","type":"itsystems.Pd.DataServices.DataModel.Transcript"},"Subjects":{"__deferred":{"uri":"https://ws.parlament.ch/OData.svc/Transcript(ID=156652L,Language='DE')/Subjects"}},"MembersCouncil":{"__deferred":{"uri":"https://ws.parlament.ch/OData.svc/Transcript(ID=156652L,Language='DE')/MembersCouncil"}},"Businesses":{"__deferred":{"uri":"https://ws.parlament.ch/OData.svc/Transcript(ID=156652L,Language='DE')/Businesses"}},"ID":"156652","Language":"DE","IdSubject":"27283","VoteId":null,"PersonNumber":3916,"Type":1,"Text":"<pd_text><p><b>Le pr\u00e9sident</b> (H\u00eache Claude, pr\u00e9sident): Monsieur Berberat, je vous remercie pour ces pr\u00e9cisions tr\u00e8s utiles pour l'ensemble des membres, y compris pour le pr\u00e9sident.</p>\n</pd_text>","MeetingCouncilAbbreviation":"S","MeetingDate":"20141212","MeetingVerbalixOid":2558,"IdSession":"4916","SpeakerFirstName":"Claude","SpeakerLastName":"H\u00eache","SpeakerFullName":"H\u00eache Claude","SpeakerFunction":"P-M","CouncilId":2,"CouncilName":"St\u00e4nderat","CantonId":26,"CantonName":"Jura","CantonAbbreviation":"JU","ParlGroupName":"Sozialdemokratische Fraktion","ParlGroupAbbreviation":"S","SortOrder":3,"Start":"\/Date(1418372957777)\/","End":"\/Date(1418372966537)\/","Function":"P-M","DisplaySpeaker":false,"LanguageOfText":null,"Modified":"\/Date(1510850394047)\/","StartTimeWithTimezone":"\/Date(1418372957777+0060)\/","EndTimeWithTimezone":"\/Date(1418372966537+0060)\/","VoteBusinessNumber":null,"VoteBusinessShortNumber":null,"VoteBusinessTitle":null},{"__metadata":{"id":"https://ws.parlament.ch/OData.svc/Transcript(ID=156653L,Language='DE')","uri":"https://ws.parlament.ch/OData.svc/Transcript(ID=156653L,Language='DE')","type":"itsystems.Pd.DataServices.DataModel.Transcript"},"Subjects":{"__deferred":{"uri":"https://ws.parlament.ch/OData.svc/Transcript(ID=156653L,Language='DE')/Subjects"}},"MembersCouncil":{"__deferred":{"uri":"https://ws.parlament.ch/OData.svc/Transcript(ID=156653L,Language='DE')/MembersCouncil"}},"Businesses":{"__deferred":{"uri":"https://ws.parlament.ch/OData.svc/Transcript(ID=156653L,Language='DE')/Businesses"}},"ID":"156653","Language":"DE","IdSubject":"27283","VoteId":null,"PersonNumber":305,"Type":1,"Text":"<pd_text><p>Premi\u00e8rement, je pr\u00e9cise que la Commission de r\u00e9daction a examin\u00e9 et v\u00e9rifi\u00e9 tous les textes qui vont \u00eatre soumis au vote final et en a \u00e9tabli une version d\u00e9finitive que vous avez re\u00e7ue par courriel hier. Donc le travail prescrit a \u00e9t\u00e9 fait.</p>\n<p>Deuxi\u00e8mement, je souhaite vous dire quelques mots concernant l'initiative populaire \"Imposer les successions de plusieurs millions pour financer notre AVS (R\u00e9forme de la fiscalit\u00e9 successorale)\".</p>\n<p>Les textes en fran\u00e7ais et en italien de l'initiative contiennent des erreurs de traduction manifestes. Le Conseil f\u00e9d\u00e9ral a d\u00e9j\u00e0 relev\u00e9 l'erreur de traduction du texte fran\u00e7ais dans son message du 13 d\u00e9cembre 2013: \"Dans le texte allemand de l'initiative, 'Nachlass' est utilis\u00e9 comme synonyme de 'Erbschaft'. Dans le texte fran\u00e7ais de celle-ci, le terme de 'legs' est utilis\u00e9 en plus de celui de 'succession'.\" (FF 2014 134)</p>\n<p>En droit civil, les termes \"succession\" et \"legs\" ne sont pas synonymes. \"Legs\" correspond \u00e0 l'allemand \"Verm\u00e4chtnis\" et \u00e0 l'italien \"legato\" - voir les articles 484 et suivants du Code civil. \"Nachlass\" devrait en revanche \u00eatre traduit en fran\u00e7ais par \"succession\".</p>\n<p>La Commission de r\u00e9daction consid\u00e8re ainsi qu'il est n\u00e9cessaire de corriger cette erreur de traduction manifeste dans le texte fran\u00e7ais. C'est exceptionnel, mais il s'agit vraiment d'une erreur manifeste.</p>\n<p>L'erreur de traduction du texte italien \u00e0 l'article 197 chiffre 9 alin\u00e9a 2 lettre b premi\u00e8re phrase a \u00e9t\u00e9 d\u00e9couverte il y a seulement une semaine. Dans la premi\u00e8re phrase, le terme allemand de \"Schenkungssteuer\" a \u00e9t\u00e9 malencontreusement traduit par le terme italien rendant \"Erbschaftssteuer\".</p>\n<p>Ces deux corrections permettent de soumettre au vote du peuple et des cantons un texte \u00e9quivalent dans les trois langues. Elles seront signal\u00e9es dans l'acte au moyen d'une note de bas de page indiquant: \"Corrig\u00e9 dans tout l'article par l'Assembl\u00e9e f\u00e9d\u00e9rale le 12 d\u00e9cembre 2014\". La Chancellerie f\u00e9d\u00e9rale, l'Office f\u00e9d\u00e9ral de la justice et le comit\u00e9 d'initiative ont \u00e9t\u00e9 consult\u00e9s et n'ont pas manifest\u00e9 d'opposition \u00e0 la solution propos\u00e9e.</p>\n<p>Je vous signale en outre que le Conseil national vient d'accepter cette proposition de modification.</p>\n<p>Si, \u00e0 la suite des explications donn\u00e9es au nom de la Commission de r\u00e9daction, la nouvelle version n'est pas contest\u00e9e non plus dans notre conseil, c'est la version corrig\u00e9e du texte qui fera l'objet du vote final.</p>\n</pd_text>","MeetingCouncilAbbreviation":"S","MeetingDate":"20141212","MeetingVerbalixOid":2558,"IdSession":"4916","SpeakerFirstName":"Didier","SpeakerLastName":"Berberat","SpeakerFullName":"Berberat Didier","SpeakerFunction":"Mit-M","CouncilId":2,"CouncilName":"St\u00e4nderat","CantonId":24,"CantonName":"Neuenburg","CantonAbbreviation":"NE","ParlGroupName":"Sozialdemokratische Fraktion","ParlGroupAbbreviation":"S","SortOrder":2,"Start":"\/Date(1418372419153)\/","End":"\/Date(1418372548617)\/","Function":"*","DisplaySpeaker":true,"LanguageOfText":"FR","Modified":"\/Date(1510850394047)\/","StartTimeWithTimezone":"\/Date(1418372419153+0060)\/","EndTimeWithTimezone":"\/Date(1418372548617+0060)\/","VoteBusinessNumber":null,"VoteBusinessShortNumber":null,"VoteBusinessTitle":null},{"__metadata":{"id":"https://ws.parlament.ch/OData.svc/Transcript(ID=156654L,Language='DE')","uri":"https://ws.parlament.ch/OData.svc/Transcript(ID=156654L,Language='DE')","type":"itsystems.Pd.DataServices.DataModel.Transcript"},"Subjects":{"__deferred":{"uri":"https://ws.parlament.ch/OData.svc/Transcript(ID=156654L,Language='DE')/Subjects"}},"MembersCouncil":{"__deferred":{"uri":"https://ws.parlament.ch/OData.svc/Transcript(ID=156654L,Language='DE')/MembersCouncil"}},"Businesses":{"__deferred":{"uri":"https://ws.parlament.ch/OData.svc/Transcript(ID=156654L,Language='DE')/Businesses"}},"ID":"156654","Language":"DE","IdSubject":"27283","VoteId":null,"PersonNumber":3916,"Type":1,"Text":"<pd_text><p><b>Bundesbeschluss \u00fcber die Volksinitiative \"Millionen-Erbschaften besteuern f\u00fcr unsere AHV (Erbschaftssteuerreform)\"</b></p>\n<p><b>Arr\u00eat\u00e9 f\u00e9d\u00e9ral relatif \u00e0 l'initiative populaire \"Imposer les successions de plusieurs millions pour financer notre AVS (R\u00e9forme de la fiscalit\u00e9 successorale)\"</b></p>\n<p>[VS]</p>\n<p><i>Antrag der Redaktionskommission</i></p>\n<p>Berichtigung von \u00dcbersetzungsfehlern</p>\n<p>1. Die \u00c4nderung betrifft nur den franz\u00f6sischen Text</p>\n<p>2. Die \u00c4nderung betrifft nur den italienischen Text</p>\n<p>[VS]</p>\n<p><i>Proposition de la Commission de r\u00e9daction</i></p>\n<p>Correction ult\u00e9rieure d'erreurs de traduction</p>\n<p>1. A l'article 129a alin\u00e9as 2, 3 lettre a et 5 \"legs\" est remplac\u00e9 par \"succession\", \u00e0 l'alin\u00e9a 3 lettres b et c \"parts de legs\" est remplac\u00e9 par \"parts successorales\", et \u00e0 l'article 197 chiffre 9 alin\u00e9as 1 et 2 lettre a \"legs\" est remplac\u00e9 par \"succession\".</p>\n<p>2. La modification ne concerne que le texte italien</p>\n<p>La correction sera signal\u00e9e par une note de bas de page: \"Corrig\u00e9 dans tout l'article par l'Assembl\u00e9e f\u00e9d\u00e9rale le 12 d\u00e9cembre 2014.\"</p>\n</pd_text>","MeetingCouncilAbbreviation":"S","MeetingDate":"20141212","MeetingVerbalixOid":2558,"IdSession":"4916","SpeakerFirstName":"Claude","SpeakerLastName":"H\u00eache","SpeakerFullName":"H\u00eache Claude","SpeakerFunction":"P-M","CouncilId":2,"CouncilName":"St\u00e4nderat","CantonId":26,"CantonName":"Jura","CantonAbbreviation":"JU","ParlGroupName":"Sozialdemokratische Fraktion","ParlGroupAbbreviation":"S","SortOrder":1,"Start":"\/Date(1418372398223)\/","End":"\/Date(1418372419153)\/","Function":"P-M","DisplaySpeaker":false,"LanguageOfText":null,"Modified":"\/Date(1510850394033)\/","StartTimeWithTimezone":"\/Date(1418372398223+0060)\/","EndTimeWithTimezone":"\/Date(1418372419153+0060)\/","VoteBusinessNumber":null,"VoteBusinessShortNumber":null,"VoteBusinessTitle":null}]},"ID":"27283","Language":"DE","IdMeeting":"1721","VerbalixOid":455354,"SortOrder":2,"Modified":"\/Date(1510850394033)\/"}}