{"d":{"__metadata":{"id":"https://ws.parlament.ch/OData.svc/Subject(ID=27421L,Language='DE')","uri":"https://ws.parlament.ch/OData.svc/Subject(ID=27421L,Language='DE')","type":"itsystems.Pd.DataServices.DataModel.Subject"},"Meetings":{"__metadata":{"id":"https://ws.parlament.ch/OData.svc/Meeting(ID=1724L,Language='DE')","uri":"https://ws.parlament.ch/OData.svc/Meeting(ID=1724L,Language='DE')","type":"itsystems.Pd.DataServices.DataModel.Meeting"},"Sessions":{"__deferred":{"uri":"https://ws.parlament.ch/OData.svc/Meeting(ID=1724L,Language='DE')/Sessions"}},"Subjects":{"__deferred":{"uri":"https://ws.parlament.ch/OData.svc/Meeting(ID=1724L,Language='DE')/Subjects"}},"ID":"1724","Language":"DE","MeetingNumber":6,"IdSession":4915,"SessionNumber":15,"SessionName":"Herbstsession 2014","Council":2,"CouncilName":"St\u00e4nderat","CouncilAbbreviation":"SR","Date":"\/Date(1410825600000)\/","Begin":"0815","Modified":"\/Date(1447070346203)\/","LegislativePeriodNumber":49,"PublicationStatus":"final","MeetingOrderText":"Sechste Sitzung","SortOrder":6,"Location":"S"},"SubjectsBusiness":{"results":[{"__metadata":{"id":"https://ws.parlament.ch/OData.svc/SubjectBusiness(BusinessNumber=20140028,IdSubject=27421L,Language='DE')","uri":"https://ws.parlament.ch/OData.svc/SubjectBusiness(BusinessNumber=20140028,IdSubject=27421L,Language='DE')","type":"itsystems.Pd.DataServices.DataModel.SubjectBusiness"},"Subjects":{"__deferred":{"uri":"https://ws.parlament.ch/OData.svc/SubjectBusiness(BusinessNumber=20140028,IdSubject=27421L,Language='DE')/Subjects"}},"Businesses":{"__deferred":{"uri":"https://ws.parlament.ch/OData.svc/SubjectBusiness(BusinessNumber=20140028,IdSubject=27421L,Language='DE')/Businesses"}},"IdSubject":"27421","BusinessNumber":20140028,"Language":"DE","BusinessShortNumber":"14.028","Title":"Agglomerationsverkehr. Freigabe der Mittel ab 2015","SortOrder":1,"PublishedNotes":"Zweitrat - Deuxi\u00e8me Conseil\n","Modified":"\/Date(1447069624046)\/","TitleDE":"Agglomerationsverkehr.\nFreigabe der Mittel ab 2015","TitleFR":"Trafic d'agglom\u00e9ration. Lib\u00e9ration\ndes cr\u00e9dits \u00e0 partir de 2015","TitleIT":null}]},"Transcripts":{"results":[{"__metadata":{"id":"https://ws.parlament.ch/OData.svc/Transcript(ID=157084L,Language='DE')","uri":"https://ws.parlament.ch/OData.svc/Transcript(ID=157084L,Language='DE')","type":"itsystems.Pd.DataServices.DataModel.Transcript"},"Subjects":{"__deferred":{"uri":"https://ws.parlament.ch/OData.svc/Transcript(ID=157084L,Language='DE')/Subjects"}},"MembersCouncil":{"__deferred":{"uri":"https://ws.parlament.ch/OData.svc/Transcript(ID=157084L,Language='DE')/MembersCouncil"}},"Businesses":{"__deferred":{"uri":"https://ws.parlament.ch/OData.svc/Transcript(ID=157084L,Language='DE')/Businesses"}},"ID":"157084","Language":"DE","IdSubject":"27421","VoteId":"376","PersonNumber":null,"Type":2,"Text":"<pd_text><p><i>Gesamtabstimmung - Vote sur l'ensemble</i></p>\n<p>[NAM]</p>\n<p>F\u00fcr Annahme des Entwurfes ... 43 Stimmen</p>\n<p>(Einstimmigkeit)</p>\n<p>(0 Enthaltungen)</p>\n</pd_text>","MeetingCouncilAbbreviation":"S","MeetingDate":"20140916","MeetingVerbalixOid":2507,"IdSession":"4915","SpeakerFirstName":null,"SpeakerLastName":null,"SpeakerFullName":"","SpeakerFunction":null,"CouncilId":null,"CouncilName":null,"CantonId":null,"CantonName":null,"CantonAbbreviation":null,"ParlGroupName":null,"ParlGroupAbbreviation":null,"SortOrder":10,"Start":"\/Date(1410859804777)\/","End":"\/Date(1410859839103)\/","Function":null,"DisplaySpeaker":null,"LanguageOfText":null,"Modified":"\/Date(1510850387907)\/","StartTimeWithTimezone":"\/Date(1410859804777+0120)\/","EndTimeWithTimezone":"\/Date(1410859839103+0120)\/","VoteBusinessNumber":20140028,"VoteBusinessShortNumber":"14.028","VoteBusinessTitle":"Agglomerationsverkehr.\nFreigabe der Mittel ab 2015"},{"__metadata":{"id":"https://ws.parlament.ch/OData.svc/Transcript(ID=157085L,Language='DE')","uri":"https://ws.parlament.ch/OData.svc/Transcript(ID=157085L,Language='DE')","type":"itsystems.Pd.DataServices.DataModel.Transcript"},"Subjects":{"__deferred":{"uri":"https://ws.parlament.ch/OData.svc/Transcript(ID=157085L,Language='DE')/Subjects"}},"MembersCouncil":{"__deferred":{"uri":"https://ws.parlament.ch/OData.svc/Transcript(ID=157085L,Language='DE')/MembersCouncil"}},"Businesses":{"__deferred":{"uri":"https://ws.parlament.ch/OData.svc/Transcript(ID=157085L,Language='DE')/Businesses"}},"ID":"157085","Language":"DE","IdSubject":"27421","VoteId":null,"PersonNumber":825,"Type":1,"Text":"<pd_text><p><i>Angenommen - Adopt\u00e9</i></p>\n<p>[VS]</p>\n<p><b>Art. 3</b></p>\n<p><i>Antrag der Kommission</i></p>\n<p>Zustimmung zum Beschluss des Nationalrates</p>\n<p><i>Proposition de la commission</i></p>\n<p>Adh\u00e9rer \u00e0 la d\u00e9cision du Conseil national</p>\n<p>[VS]</p>\n<p><i>Angenommen - Adopt\u00e9</i></p>\n<p>[VS]</p>\n</pd_text>","MeetingCouncilAbbreviation":"S","MeetingDate":"20140916","MeetingVerbalixOid":2507,"IdSession":"4915","SpeakerFirstName":"Hannes","SpeakerLastName":"Germann","SpeakerFullName":"Germann Hannes","SpeakerFunction":"P-M","CouncilId":2,"CouncilName":"St\u00e4nderat","CantonId":14,"CantonName":"Schaffhausen","CantonAbbreviation":"SH","ParlGroupName":"Fraktion der Schweizerischen Volkspartei","ParlGroupAbbreviation":"V","SortOrder":9,"Start":"\/Date(1410859775150)\/","End":"\/Date(1410859804777)\/","Function":"P-M","DisplaySpeaker":false,"LanguageOfText":null,"Modified":"\/Date(1510850387907)\/","StartTimeWithTimezone":"\/Date(1410859775150+0120)\/","EndTimeWithTimezone":"\/Date(1410859804777+0120)\/","VoteBusinessNumber":null,"VoteBusinessShortNumber":null,"VoteBusinessTitle":null},{"__metadata":{"id":"https://ws.parlament.ch/OData.svc/Transcript(ID=157086L,Language='DE')","uri":"https://ws.parlament.ch/OData.svc/Transcript(ID=157086L,Language='DE')","type":"itsystems.Pd.DataServices.DataModel.Transcript"},"Subjects":{"__deferred":{"uri":"https://ws.parlament.ch/OData.svc/Transcript(ID=157086L,Language='DE')/Subjects"}},"MembersCouncil":{"__deferred":{"uri":"https://ws.parlament.ch/OData.svc/Transcript(ID=157086L,Language='DE')/MembersCouncil"}},"Businesses":{"__deferred":{"uri":"https://ws.parlament.ch/OData.svc/Transcript(ID=157086L,Language='DE')/Businesses"}},"ID":"157086","Language":"DE","IdSubject":"27421","VoteId":null,"PersonNumber":488,"Type":1,"Text":"<pd_text><p>Ich m\u00f6chte nur einen kleinen Hinweis anbringen, um diejenigen Agglomerationen zu tr\u00f6sten, die sich streng an die Vorgaben gehalten haben und jetzt nicht dabei sind. Wir wissen, dass die H\u00e4lfte der Agglomerationsprogramme der ersten Generation noch nicht einmal im Realisierungsstadium ist. Das zeigt, dass auch hier das Motto gilt: Man meldet das Programm einmal an, es gibt Aktivit\u00e4ten und Hektik, es kommt der Kredit des Bundes - und erst dann beginnt man mit den eigentlichen planerischen Arbeiten. Deshalb denke ich auch an diejenigen Regionen, die es ein St\u00fcck weit umgekehrt machen. Wenn man die Planung in den Regionen schneller vorantreibt, kommt man vielleicht viel schneller in die Realisierungsphase. Es zeigt auch die Problematik auf, zu der es kommt, sobald der Bund Beitr\u00e4ge in Aussicht stellt: Jede Region, die sich nicht engagiert, ist ja dumm. Trotzdem muss man sagen: Es braucht Qualit\u00e4t, es braucht die Einhaltung von Vorgaben, es braucht Kontrollen. Wir alle sind dazu angehalten, daf\u00fcr zu schauen, dass mit dem gleichen Massstab, mit der gleichen Elle gemessen wird. Ich bin sicher, dass uns diese \u00dcbung bei der n\u00e4chsten Generation von Programmen hilft, diese Werte umzusetzen und daf\u00fcr zu sorgen, dass Regionen, die jetzt nicht ber\u00fccksichtigt worden sind, dann effektiv beim n\u00e4chsten Mal mit tollen, qualitativ hochwertigen Programmen zum Zuge kommen.</p>\n</pd_text>","MeetingCouncilAbbreviation":"S","MeetingDate":"20140916","MeetingVerbalixOid":2507,"IdSession":"4915","SpeakerFirstName":"Doris","SpeakerLastName":"Leuthard","SpeakerFullName":"Leuthard Doris","SpeakerFunction":"BR-F","CouncilId":99,"CouncilName":"Bundesrat","CantonId":19,"CantonName":"Aargau","CantonAbbreviation":"AG","ParlGroupName":null,"ParlGroupAbbreviation":null,"SortOrder":8,"Start":"\/Date(1410859667807)\/","End":"\/Date(1410859775150)\/","Function":"BR-F","DisplaySpeaker":true,"LanguageOfText":"DE","Modified":"\/Date(1510850387890)\/","StartTimeWithTimezone":"\/Date(1410859667807+0120)\/","EndTimeWithTimezone":"\/Date(1410859775150+0120)\/","VoteBusinessNumber":null,"VoteBusinessShortNumber":null,"VoteBusinessTitle":null},{"__metadata":{"id":"https://ws.parlament.ch/OData.svc/Transcript(ID=157087L,Language='DE')","uri":"https://ws.parlament.ch/OData.svc/Transcript(ID=157087L,Language='DE')","type":"itsystems.Pd.DataServices.DataModel.Transcript"},"Subjects":{"__deferred":{"uri":"https://ws.parlament.ch/OData.svc/Transcript(ID=157087L,Language='DE')/Subjects"}},"MembersCouncil":{"__deferred":{"uri":"https://ws.parlament.ch/OData.svc/Transcript(ID=157087L,Language='DE')/MembersCouncil"}},"Businesses":{"__deferred":{"uri":"https://ws.parlament.ch/OData.svc/Transcript(ID=157087L,Language='DE')/Businesses"}},"ID":"157087","Language":"DE","IdSubject":"27421","VoteId":null,"PersonNumber":172,"Type":1,"Text":"<pd_text><p>Ich kann es noch etwas anders sagen: Das mit Davos ist ein St\u00fcck weit das Ergebnis ostschweizerischer Bescheidenheit, Herr Engler. Das Rheintal ist genauso betroffen. Es sind die beiden Projekte, bei denen nach den Regeln gespielt worden ist, und diejenigen, die in Bescheidenheit und Zur\u00fcckhaltung nach den Regeln spielen, sehen jetzt das Ergebnis.</p>\n<p>Weshalb habe ich trotzdem auf einen Minderheitsantrag verzichtet? Es ist so, dass signalisiert und zugesichert worden ist, dass diese Projekte in der n\u00e4chsten Runde dabei sein werden. Es gibt bei diesen Projekten einen Optimierungsbedarf inhaltlicher Natur, grunds\u00e4tzlich haben sie aber das Potenzial, bewilligt zu werden. Es gibt positive Signale, dass diese Ostschweizer Projekte in die n\u00e4chste Runde aufgenommen werden. </p>\n<p>Auch hier gilt der Vorbehalt der Finanzierung \u00fcber den NAF. Das ist das Gleiche wie vorhin bei den Autobahnen: Am Schluss muss die Finanzierung stehen. Es braucht - im Zusammenhang mit der neuen Finanzierungsgrundlage, die wir schaffen - wieder ein klares Bekenntnis zu diesem Erfolgsmodell der Agglomerationsprogramme, das ist die Voraussetzung f\u00fcr alles. Wenn diese Voraussetzung aber gegeben ist - das ist eine Aufgabe, die wir zu l\u00f6sen haben -, sind diese Projekte dann mit dabei bzw. m\u00fcssen mit dabei sein. </p>\n</pd_text>","MeetingCouncilAbbreviation":"S","MeetingDate":"20140916","MeetingVerbalixOid":2507,"IdSession":"4915","SpeakerFirstName":"Paul","SpeakerLastName":"Rechsteiner","SpeakerFullName":"Rechsteiner Paul","SpeakerFunction":"Mit-M","CouncilId":2,"CouncilName":"St\u00e4nderat","CantonId":17,"CantonName":"St. Gallen","CantonAbbreviation":"SG","ParlGroupName":"Sozialdemokratische Fraktion","ParlGroupAbbreviation":"S","SortOrder":7,"Start":"\/Date(1410859579253)\/","End":"\/Date(1410859667807)\/","Function":"Mit-M","DisplaySpeaker":true,"LanguageOfText":"DE","Modified":"\/Date(1510850387890)\/","StartTimeWithTimezone":"\/Date(1410859579253+0120)\/","EndTimeWithTimezone":"\/Date(1410859667807+0120)\/","VoteBusinessNumber":null,"VoteBusinessShortNumber":null,"VoteBusinessTitle":null},{"__metadata":{"id":"https://ws.parlament.ch/OData.svc/Transcript(ID=157088L,Language='DE')","uri":"https://ws.parlament.ch/OData.svc/Transcript(ID=157088L,Language='DE')","type":"itsystems.Pd.DataServices.DataModel.Transcript"},"Subjects":{"__deferred":{"uri":"https://ws.parlament.ch/OData.svc/Transcript(ID=157088L,Language='DE')/Subjects"}},"MembersCouncil":{"__deferred":{"uri":"https://ws.parlament.ch/OData.svc/Transcript(ID=157088L,Language='DE')/MembersCouncil"}},"Businesses":{"__deferred":{"uri":"https://ws.parlament.ch/OData.svc/Transcript(ID=157088L,Language='DE')/Businesses"}},"ID":"157088","Language":"DE","IdSubject":"27421","VoteId":null,"PersonNumber":361,"Type":1,"Text":"<pd_text><p>Herr Engler hat hier nat\u00fcrlich schon den Finger auf den wunden Punkt gelegt, und ich gratuliere ihm, dass er die Vorlagen anderer Kommissionen so gut studiert. Auch ich habe in der Kommission den Finger auf den wunden Punkt gelegt und entsprechende Antr\u00e4ge gestellt, dass man das Projekt Interlaken herauskippt, bei Basel die Mittel nicht erh\u00f6ht und Chablais nicht hineinnimmt. Wir haben die Diskussion gef\u00fchrt, und die Verwaltung - ich weiss nicht mehr, ob die Frau Bundesr\u00e4tin anwesend war, ich glaube, sie war anwesend - hat uns dringend davon abgeraten, diese Themen aufzunehmen. Beim Projekt Interlaken hat sie uns klar gesagt, die Gesamtwirkung sei nicht gen\u00fcgend und zudem fehle noch ein entsprechendes touristisches Konzept. Beim Projekt Basel ist es eigentlich noch schlimmer. Da hat man gesagt, es sei gar keine Baureife vorhanden. Man hat es trotzdem beschlossen. Und beim letzten Punkt, Chablais, hat man gesagt, die Wirksamkeit sei nicht gegeben.</p>\n<p>Ich sage Ihnen jetzt nicht, wie der Nationalrat abgestimmt hat, aber ich erlaube mir zu sagen, wie in der Kommission abgestimmt wurde: beim ersten Projekt mit 11 zu 2 Stimmen, beim zweiten mit 11 zu 1 Stimmen und beim dritten [PAGE 807] auch mit 11 zu 1 Stimmen. Jetzt k\u00f6nnen Sie meinen Ausf\u00fchrungen vielleicht doch entnehmen - ohne dass ich das Kommissionsgeheimnis ritze -, dass m\u00f6glicherweise ich diese Einzelmaske dargestellt habe.</p>\n<p>Ich teile Ihre Meinung, Herr Engler, hundertprozentig: Die Kommission war inkonsequent. Das mag jetzt meine Kolleginnen und Kollegen st\u00f6ren, wenn ich das sage, aber ich erlaube mir das. Diese drei Projekte geh\u00f6ren nicht in die Vorlage. Ich habe darauf verzichtet, eine Minderheitsantrag einzureichen - wenn man derart zur\u00fcckgebunden wird. Aber daf\u00fcr war ich mit der Bundesr\u00e4tin ganz allein der gleichen Meinung, und das hat mich noch lange gefreut.</p>\n</pd_text>","MeetingCouncilAbbreviation":"S","MeetingDate":"20140916","MeetingVerbalixOid":2507,"IdSession":"4915","SpeakerFirstName":"Georges","SpeakerLastName":"Theiler","SpeakerFullName":"Theiler Georges","SpeakerFunction":"Mit-M","CouncilId":2,"CouncilName":"St\u00e4nderat","CantonId":3,"CantonName":"Luzern","CantonAbbreviation":"LU","ParlGroupName":"FDP-Liberale Fraktion","ParlGroupAbbreviation":"RL","SortOrder":6,"Start":"\/Date(1410859439847)\/","End":"\/Date(1410859579253)\/","Function":"Mit-M","DisplaySpeaker":true,"LanguageOfText":"DE","Modified":"\/Date(1510850387890)\/","StartTimeWithTimezone":"\/Date(1410859439847+0120)\/","EndTimeWithTimezone":"\/Date(1410859579253+0120)\/","VoteBusinessNumber":null,"VoteBusinessShortNumber":null,"VoteBusinessTitle":null},{"__metadata":{"id":"https://ws.parlament.ch/OData.svc/Transcript(ID=157089L,Language='DE')","uri":"https://ws.parlament.ch/OData.svc/Transcript(ID=157089L,Language='DE')","type":"itsystems.Pd.DataServices.DataModel.Transcript"},"Subjects":{"__deferred":{"uri":"https://ws.parlament.ch/OData.svc/Transcript(ID=157089L,Language='DE')/Subjects"}},"MembersCouncil":{"__deferred":{"uri":"https://ws.parlament.ch/OData.svc/Transcript(ID=157089L,Language='DE')/MembersCouncil"}},"Businesses":{"__deferred":{"uri":"https://ws.parlament.ch/OData.svc/Transcript(ID=157089L,Language='DE')/Businesses"}},"ID":"157089","Language":"DE","IdSubject":"27421","VoteId":null,"PersonNumber":3917,"Type":1,"Text":"<pd_text><p>Es ist in der Tat so, dass die Ausweitung auf zwei neue Agglomerationsprogramme plus die Erh\u00f6hung des Betrags f\u00fcr die Region Basel in der Kommission eingehend und ausf\u00fchrlich besprochen wurden. Warum ist nun die Kommission dem Nationalrat gefolgt?</p>\n<p>1. Wir haben gesagt, es handle sich um einen relativ kleinen Betrag. Die Erh\u00f6hung um 18 Millionen Franken ist eine Erh\u00f6hung um ungef\u00e4hr 1 Prozent.</p>\n<p>2. In unserer Kommission wurden keine weiteren Begehren mehr gestellt. Es ist klar: Das soll keine Begr\u00fcndung daf\u00fcr sein, dass wir dem Nationalrat gefolgt sind. Nachdem keine weiteren Begehren mehr gestellt wurden, sind wir im Prinzip den Beschl\u00fcssen des Nationalrates gefolgt.</p>\n<p>Wir haben die einzelnen Projekte noch n\u00e4her angeschaut. Von Gesetzes wegen sind vier Kriterien vorgegeben. Es ist in der Tat so - das muss man zugeben -, dass gewisse Kriterien geritzt werden. Nehmen wir zum Beispiel die Region Chablais. Das ist ein relativ komplexes Gebiet, das sich \u00fcber zwei Kantone erstreckt. Es ist auch ein Gebiet, das sich enorm entwickelt. Auch da kann man sagen, dass gewisse Kriterien nur knapp erf\u00fcllt sind. Es handelt sich um 2,9 Millionen Franken.</p>\n<p>Ich m\u00f6chte noch kurz aufzeigen, wie der Nationalrat abgestimmt hat. Im Fall Interlaken hat der Nationalrat mit 141 zu 41 Stimmen bei 4 Enthaltungen zugestimmt; bei der Erh\u00f6hung um 7,84 Millionen Franken f\u00fcr die Region Basel hat er mit 128 zu 54 Stimmen bei 4 Enthaltungen zugestimmt; bei der Region Chablais hat er mit 153 zu 31 Stimmen bei 2 Enthaltungen zugestimmt. Die Kommission ist jeweils grossmehrheitlich den Beschl\u00fcssen des Nationalrates gefolgt.</p>\n<p>In der Tat ist die Anmerkung von Kollege Engler richtig, dass hier vielleicht gewisse Kriterien - ich w\u00fcrde mal so sagen - geritzt wurden. Es lagen aber keine neuen Antr\u00e4ge vor. Das kurz als Erkl\u00e4rung vonseiten der Kommission.</p>\n</pd_text>","MeetingCouncilAbbreviation":"S","MeetingDate":"20140916","MeetingVerbalixOid":2507,"IdSession":"4915","SpeakerFirstName":"Ren\u00e9","SpeakerLastName":"Imoberdorf","SpeakerFullName":"Imoberdorf Ren\u00e9","SpeakerFunction":"Mit-M","CouncilId":2,"CouncilName":"St\u00e4nderat","CantonId":23,"CantonName":"Wallis","CantonAbbreviation":"VS","ParlGroupName":"Fraktion CVP-EVP","ParlGroupAbbreviation":"M-E","SortOrder":5,"Start":"\/Date(1410859243700)\/","End":"\/Date(1410859439847)\/","Function":"*","DisplaySpeaker":true,"LanguageOfText":"DE","Modified":"\/Date(1510850387890)\/","StartTimeWithTimezone":"\/Date(1410859243700+0120)\/","EndTimeWithTimezone":"\/Date(1410859439847+0120)\/","VoteBusinessNumber":null,"VoteBusinessShortNumber":null,"VoteBusinessTitle":null},{"__metadata":{"id":"https://ws.parlament.ch/OData.svc/Transcript(ID=157090L,Language='DE')","uri":"https://ws.parlament.ch/OData.svc/Transcript(ID=157090L,Language='DE')","type":"itsystems.Pd.DataServices.DataModel.Transcript"},"Subjects":{"__deferred":{"uri":"https://ws.parlament.ch/OData.svc/Transcript(ID=157090L,Language='DE')/Subjects"}},"MembersCouncil":{"__deferred":{"uri":"https://ws.parlament.ch/OData.svc/Transcript(ID=157090L,Language='DE')/MembersCouncil"}},"Businesses":{"__deferred":{"uri":"https://ws.parlament.ch/OData.svc/Transcript(ID=157090L,Language='DE')/Businesses"}},"ID":"157090","Language":"DE","IdSubject":"27421","VoteId":null,"PersonNumber":4055,"Type":1,"Text":"<pd_text><p>Ich habe zuhanden der Kommission - nicht zuhanden des Bundesrates - eine Frage zu Artikel 2.</p>\n<p>Vielleicht erinnern Sie sich: Im Zusammenhang mit den Programmen der ersten Generation hatte ich mich zu Wort gemeldet und argumentiert, es k\u00f6nne doch nicht richtig sein, dass die l\u00e4ndlichen Agglomerationen nach denselben Kriterien beurteilt w\u00fcrden wie die st\u00e4dtischen. Man erkl\u00e4rte mir dann - ich hatte zu dieser Frage auch zwei, drei Gespr\u00e4che mit Vertretern der Verwaltung -, dass dem nicht so sei. Es w\u00fcrden in einer Kosten-Nutzen-Evaluation vielmehr auch die schwierigeren Bedingungen der l\u00e4ndlichen Agglomerationen ber\u00fccksichtigt, und zwar insofern, als die Verkehrsfrequenzen und auch die erh\u00f6hten Kosten f\u00fcr die Realisierung von Verkehrsinfrastrukturen einbezogen w\u00fcrden. Ich gab mich mit dieser Antwort zufrieden.</p>\n<p>Wenn ich jetzt in der aufschlussreichen Botschaft auf Seite 2545 die Einsch\u00e4tzung der Agglomerationsprogramme hinsichtlich ihrer Wirkung, ihres Nutzens und der Kosten sehe, muss ich sagen: Man kann aus diesem Diagramm unschwer ersehen, wo gute Kosten-Nutzen-Relationen bestehen und wo nicht. Es f\u00e4llt bei dieser Darstellung auch auf, dass einem Agglomerationsprogramm aus meinem Kanton genauso wie dem Agglomerationsprogramm Chablais eine ungen\u00fcgende Wirkung zugemessen wird. Jetzt frage ich die Vertreter der Kommission, wie die Kommission dazu kommt - wo doch die Spielregeln an und f\u00fcr sich klar sind und doch auch dem Gebot der Gleichbehandlung der Regionen und der Agglomerationsprogramme Gen\u00fcge getan werden soll -, eines der Agglomerationsprogramme mit erkl\u00e4rtermassen schlechter Wirkung in die Finanzierung aufzunehmen und das entsprechende Programm einer anderen Region nicht. F\u00fcr mich geht das nicht auf. Entweder gelten die Spielregeln - und das bedeutet, dass auch der Grundsatz der Gleichbehandlung der Regionen gelten muss -, oder es kommt zu einer \u00dcbung, bei der es darum geht, m\u00f6glichst stark und gut zu lobbyieren. Man erh\u00e4lt dann Zugang zu einem Topf, obwohl man eigentlich die Kriterien nicht erf\u00fcllt. Mich interessieren die Beweggr\u00fcnde der Kommission: Was hat sie dazu bewogen, dem Nationalrat nachzugeben und sich nicht an die eigenen Spielregeln zu halten?</p>\n</pd_text>","MeetingCouncilAbbreviation":"S","MeetingDate":"20140916","MeetingVerbalixOid":2507,"IdSession":"4915","SpeakerFirstName":"Stefan","SpeakerLastName":"Engler","SpeakerFullName":"Engler Stefan","SpeakerFunction":"Mit-M","CouncilId":2,"CouncilName":"St\u00e4nderat","CantonId":18,"CantonName":"Graub\u00fcnden","CantonAbbreviation":"GR","ParlGroupName":"Fraktion CVP-EVP","ParlGroupAbbreviation":"M-E","SortOrder":4,"Start":"\/Date(1410859065293)\/","End":"\/Date(1410859243700)\/","Function":"Mit-M","DisplaySpeaker":true,"LanguageOfText":"DE","Modified":"\/Date(1510850387890)\/","StartTimeWithTimezone":"\/Date(1410859065293+0120)\/","EndTimeWithTimezone":"\/Date(1410859243700+0120)\/","VoteBusinessNumber":null,"VoteBusinessShortNumber":null,"VoteBusinessTitle":null},{"__metadata":{"id":"https://ws.parlament.ch/OData.svc/Transcript(ID=157091L,Language='DE')","uri":"https://ws.parlament.ch/OData.svc/Transcript(ID=157091L,Language='DE')","type":"itsystems.Pd.DataServices.DataModel.Transcript"},"Subjects":{"__deferred":{"uri":"https://ws.parlament.ch/OData.svc/Transcript(ID=157091L,Language='DE')/Subjects"}},"MembersCouncil":{"__deferred":{"uri":"https://ws.parlament.ch/OData.svc/Transcript(ID=157091L,Language='DE')/MembersCouncil"}},"Businesses":{"__deferred":{"uri":"https://ws.parlament.ch/OData.svc/Transcript(ID=157091L,Language='DE')/Businesses"}},"ID":"157091","Language":"DE","IdSubject":"27421","VoteId":null,"PersonNumber":825,"Type":1,"Text":"<pd_text><p><i>Eintreten wird ohne Gegenantrag beschlossen</i></p>\n<p><i>L'entr\u00e9e en mati\u00e8re est d\u00e9cid\u00e9e sans opposition</i></p>\n<p>[VS]</p>\n<p>[VS]</p>\n<p><b>Bundesbeschluss \u00fcber die Freigabe der Mittel ab 2015 f\u00fcr das Programm Agglomerationsverkehr</b></p>\n<p><b>Arr\u00eat\u00e9 f\u00e9d\u00e9ral sur la lib\u00e9ration des cr\u00e9dits du programme en faveur du trafic d'agglom\u00e9ration \u00e0 partir de 2015</b></p>\n<p>[VS]</p>\n<p><i>Detailberatung - Discussion par article</i></p>\n<p>[VS]</p>\n<p><b>Titel und Ingress, Art. 1</b></p>\n<p><i>Antrag der Kommission</i></p>\n<p>Zustimmung zum Beschluss des Nationalrates</p>\n<p>[VS]</p>\n<p><b>Titre et pr\u00e9ambule, art. 1</b></p>\n<p><i>Proposition de la commission</i></p>\n<p>Adh\u00e9rer \u00e0 la d\u00e9cision du Conseil national</p>\n<p>[VS]</p>\n<p><i>Angenommen - Adopt\u00e9</i></p>\n<p>[VS]</p>\n<p><b>Art. 2</b></p>\n<p><i>Antrag der Kommission</i></p>\n<p>Zustimmung zum Beschluss des Nationalrates</p>\n<p><i>Proposition de la commission</i></p>\n<p>Adh\u00e9rer \u00e0 la d\u00e9cision du Conseil national</p>\n</pd_text>","MeetingCouncilAbbreviation":"S","MeetingDate":"20140916","MeetingVerbalixOid":2507,"IdSession":"4915","SpeakerFirstName":"Hannes","SpeakerLastName":"Germann","SpeakerFullName":"Germann Hannes","SpeakerFunction":"P-M","CouncilId":2,"CouncilName":"St\u00e4nderat","CantonId":14,"CantonName":"Schaffhausen","CantonAbbreviation":"SH","ParlGroupName":"Fraktion der Schweizerischen Volkspartei","ParlGroupAbbreviation":"V","SortOrder":3,"Start":"\/Date(1410859011037)\/","End":"\/Date(1410859065293)\/","Function":"P-M","DisplaySpeaker":false,"LanguageOfText":null,"Modified":"\/Date(1510850387890)\/","StartTimeWithTimezone":"\/Date(1410859011037+0120)\/","EndTimeWithTimezone":"\/Date(1410859065293+0120)\/","VoteBusinessNumber":null,"VoteBusinessShortNumber":null,"VoteBusinessTitle":null},{"__metadata":{"id":"https://ws.parlament.ch/OData.svc/Transcript(ID=157092L,Language='DE')","uri":"https://ws.parlament.ch/OData.svc/Transcript(ID=157092L,Language='DE')","type":"itsystems.Pd.DataServices.DataModel.Transcript"},"Subjects":{"__deferred":{"uri":"https://ws.parlament.ch/OData.svc/Transcript(ID=157092L,Language='DE')/Subjects"}},"MembersCouncil":{"__deferred":{"uri":"https://ws.parlament.ch/OData.svc/Transcript(ID=157092L,Language='DE')/MembersCouncil"}},"Businesses":{"__deferred":{"uri":"https://ws.parlament.ch/OData.svc/Transcript(ID=157092L,Language='DE')/Businesses"}},"ID":"157092","Language":"DE","IdSubject":"27421","VoteId":null,"PersonNumber":488,"Type":1,"Text":"<pd_text><p>Ich mache es kurz. Der Kommissionssprecher hat dargelegt, was Sie hier als Beschluss vorliegend haben. R\u00fcckblickend nochmals Folgendes: Die Agglomerationsengagements des Bundes sind auch mit dem Infrastrukturfonds gezimmert worden. Im Jahr 2006 hat man 2,56 Milliarden Franken freigegeben, im Jahr 2010 kam eine erste Tranche an Agglomerationsprojekten, und jetzt folgt, wiederum im Vierjahresturnus, die zweite Programmbotschaft. Das heisst: Sie haben dann von den reservierten 6 Milliarden Franken praktisch alles verpflichtet - es bleibt noch eine kleine Reserve -, also zehn Jahre fr\u00fcher als eigentlich vorgesehen.</p>\n<p>Uns macht das ein bisschen Sorgen. Nat\u00fcrlich: Wenn der Bund sich engagiert und finanzielle Mittel bereitstellt, engagiert man sich auch in den Regionen. Da werden Pl\u00e4ne realisiert. Bei dieser zweiten Generation wurden denn auch 41 Agglomerationsprogramme pr\u00e4sentiert, mit W\u00fcnschen an den Bund im Umfang von 20 Milliarden Franken. Sie sehen nat\u00fcrlich auch hier, wie schwierig unsere Rolle ist; Sie sehen auch, dass wir diese Eingaben nach klaren Kriterien beurteilen m\u00fcssen. Wir m\u00fcssen die gesetzgeberischen Vorgaben genau einhalten, sonst schiessen nat\u00fcrlich die Begehrlichkeiten ins Kraut. Insofern bin ich froh, dass Ihre Kommission und auch der Nationalrat nicht das ganze System v\u00f6llig auf den Kopf gestellt haben, auch wenn Sie bei Interlaken, Chablais und Basel nochmals Modifikationen vorgenommen haben, die der Bundesrat so nicht vorgesehen hatte. </p>\n<p>Es gibt Spielregeln, und die gelten: Die Programme werden eingereicht, und innerhalb der Programme gibt es dann Massnahmen. Die 41 Programme haben 2269 Einzelmassnahmen. Wir bitten einfach, dass man auch k\u00fcnftig bei den mehrstufigen Pr\u00fcfprozessen wirklich daran festh\u00e4lt. Es geht um die Programme und nicht um einzelne Massnahmen. Es [PAGE 806] ist mir schon wichtig f\u00fcr die Zukunft, dass man diesen Grundsatz respektiert, weil wir sonst den ganzen iterativen Prozess nur schwerlich f\u00fchren k\u00f6nnen. Man muss dabei nat\u00fcrlich auch Artikel 17d Absatz 3 des Bundesgesetzes \u00fcber die Verwendung der zweckgebundenen Mineral\u00f6lsteuer respektieren. Dort heisst es n\u00e4mlich: \"Den Vorrang haben Agglomerationsprogramme, die zur L\u00f6sung der gr\u00f6ssten Verkehrs- und Umweltprobleme beitragen.\" Das ist nicht einfach umzusetzen, aber es ist ein ganz wichtiger Grundsatz. </p>\n<p>Also wird es auch hier bei den Agglomerationsprogrammen k\u00fcnftig um die Frage gehen - wenn der Bund weiterhin engagiert bleiben will, wenn die Agglomerationen weiterhin auf Bundesbeitr\u00e4ge z\u00e4hlen wollen -, wie es im neuen NAF gel\u00f6st sein wird, wie viel Mittel dort strassenseitig bereitgestellt werden. Beim Bahninfrastrukturfonds haben Sie schon die schienenseitige Finanzierung f\u00fcr die Agglomerationsprogramme geregelt. Aber Sie werden sich im n\u00e4chsten Jahr auch damit befassen, wie Sie k\u00fcnftig diese W\u00fcnsche kanalisieren. Wir werden uns auch nochmals dar\u00fcber unterhalten m\u00fcssen, was eine Agglomeration ist. </p>\n</pd_text>","MeetingCouncilAbbreviation":"S","MeetingDate":"20140916","MeetingVerbalixOid":2507,"IdSession":"4915","SpeakerFirstName":"Doris","SpeakerLastName":"Leuthard","SpeakerFullName":"Leuthard Doris","SpeakerFunction":"BR-F","CouncilId":99,"CouncilName":"Bundesrat","CantonId":19,"CantonName":"Aargau","CantonAbbreviation":"AG","ParlGroupName":null,"ParlGroupAbbreviation":null,"SortOrder":2,"Start":"\/Date(1410858746953)\/","End":"\/Date(1410859011037)\/","Function":"BR-F","DisplaySpeaker":true,"LanguageOfText":"DE","Modified":"\/Date(1510850387890)\/","StartTimeWithTimezone":"\/Date(1410858746953+0120)\/","EndTimeWithTimezone":"\/Date(1410859011037+0120)\/","VoteBusinessNumber":null,"VoteBusinessShortNumber":null,"VoteBusinessTitle":null},{"__metadata":{"id":"https://ws.parlament.ch/OData.svc/Transcript(ID=157093L,Language='DE')","uri":"https://ws.parlament.ch/OData.svc/Transcript(ID=157093L,Language='DE')","type":"itsystems.Pd.DataServices.DataModel.Transcript"},"Subjects":{"__deferred":{"uri":"https://ws.parlament.ch/OData.svc/Transcript(ID=157093L,Language='DE')/Subjects"}},"MembersCouncil":{"__deferred":{"uri":"https://ws.parlament.ch/OData.svc/Transcript(ID=157093L,Language='DE')/MembersCouncil"}},"Businesses":{"__deferred":{"uri":"https://ws.parlament.ch/OData.svc/Transcript(ID=157093L,Language='DE')/Businesses"}},"ID":"157093","Language":"DE","IdSubject":"27421","VoteId":null,"PersonNumber":3917,"Type":1,"Text":"<pd_text><p>Am 26. Februar 2014 hat der Bundesrat die Botschaft zum Bundesbeschluss \u00fcber die Freigabe der Mittel f\u00fcr das Programm Agglomerationsverkehr ab 2015 verabschiedet, der Nationalrat hat das Gesch\u00e4ft in der Sommersession 2014 beraten und die Vorlage - mit drei Anpassungen - mit 167 zu 14 Stimmen bei 5 Enthaltungen genehmigt. </p>\n<p>2006 hatte der Bundesrat f\u00fcr die Verbesserung der Verkehrsinfrastrukturen von St\u00e4dten und Agglomerationen 6 Milliarden Franken aus dem Infrastrukturfonds bereitgestellt. Zweimal wurden bereits Kredite freigegeben: 2006 gab das Parlament 2,56 Milliarden Franken f\u00fcr dringende und baureife Projekte des Agglomerationsverkehrs frei, 2010 stellte es weitere 1,51 Milliarden Franken f\u00fcr die erste Generation der Agglomerationsprogramme Verkehr und Siedlung zur Verf\u00fcgung. Mit dieser Vorlage sollen nun 1,68 Milliarden Franken f\u00fcr die Elemente der zweiten Generation freigegeben werden. Damit verbleiben f\u00fcr zuk\u00fcnftige Beitr\u00e4ge an Agglomerationsprogramme von 6 Milliarden Franken noch 250 Millionen Franken. </p>\n<p>Beim Bundesamt f\u00fcr Raumentwicklung wurden 41 Agglomerationsprogramme der zweiten Generation mit einem Investitionsvolumen von insgesamt 20 Milliarden Franken eingereicht. Damit \u00fcbersteigen die Bed\u00fcrfnisse der Agglomerationen die vorhandenen Mittel des Bundes bei Weitem. Bei der Auswahl folgte der Bund einer Kosten-Nutzen-Analyse anhand der vier gesetzlich vorgegebenen Kriterien. Zudem m\u00fcssen die Massnahmen vor 2019 bau- und finanzierungsreif sein. Die 1,68 Milliarden Franken fliessen in 36 grosse, mittlere und kleinere Agglomerationen, der Bund \u00fcbernimmt zwischen 30 und 40 Prozent der Kosten von Verkehrsinfrastrukturprojekten. Die Agglomerationsprogramme verlangen eine Zusammenarbeit zwischen Kantonen, St\u00e4dten, Gemeinden und teilweise Regionen angrenzender L\u00e4nder sowie eine angemessene Beteiligung der Bev\u00f6lkerung. </p>\n<p>Wie schon gesagt, verbleiben f\u00fcr zuk\u00fcnftige Beitr\u00e4ge des Bundes an Agglomerationsprogramme noch 250 Millionen Franken. F\u00fcr eine dritte und f\u00fcr folgende Generationen fehlt damit die finanzielle Basis. Der Bundesrat will die k\u00fcnftige Mitfinanzierung im Agglomerationsverkehr mit dem neuen Nationalstrassen- und Agglomerationsverkehrsfonds (NAF) sicherstellen. Das ist von gr\u00f6sster Bedeutung, weil davon ausgegangen werden kann, dass die Bev\u00f6lkerung und die Zahl der Arbeitspl\u00e4tze auch in Zukunft in den urbanen R\u00e4umen am st\u00e4rksten wachsen werden.</p>\n<p>In den Agglomerationsr\u00e4umen \u00fcberlagern sich lokale, regionale und nationale Netze. 85 bis 90 Prozent aller Staus entstehen in den Agglomerationsr\u00e4umen.</p>\n<p>Der Nationalrat hiess das Agglomerationsprogramm, das der Bundesrat vorgeschlagen hat, gut; er nahm jedoch zwei weitere Infrastrukturprojekte ins Programm auf und erh\u00f6hte den Betrag f\u00fcr die Region Basel um 7,84 Millionen Franken. Auch die Region Interlaken und das Chablais sollen k\u00fcnftig in den Genuss von Bundesgeldern kommen. Der Nationalrat sprach verschiedenen Projekten in diesen Regionen maximal 7,28 bzw. 2,9 Millionen Franken zu. Damit vergr\u00f6sserte der Nationalrat den finanziellen Umfang der dritten Tranche des Agglomerationsprogrammes um 18 Millionen Franken und von 1,68 Milliarden Franken auf 1,69 Milliarden. Insgesamt 38 Projekte sollen damit unterst\u00fctzt werden.</p>\n<p>Ihre Kommission hat die Vorlage am 12. August 2014 beraten. Eingehend diskutiert wurde insbesondere \u00fcber die Kriterien, die f\u00fcr die Unterst\u00fctzung von Projekten massgebend sind. Weiter zeigten sich einzelne Mitglieder unzufrieden, dass einige wenige Kantone nicht einmal \u00fcber eine einzige Agglomeration verf\u00fcgen. Die Definition der Agglomeration wird derzeit vom Bundesamt f\u00fcr Statistik \u00fcberpr\u00fcft. Gem\u00e4ss Auskunft der Verwaltung kann momentan noch nicht gesagt werden, wie das Resultat ausfallen und ob es mehr oder weniger Agglomerationen geben wird.</p>\n<p>Die Kommission ist ohne Gegenantrag auf den Entwurf eingetreten und empfiehlt Ihnen einstimmig, in der Gesamtabstimmung dem Beschluss des Nationalrates zuzustimmen.</p>\n</pd_text>","MeetingCouncilAbbreviation":"S","MeetingDate":"20140916","MeetingVerbalixOid":2507,"IdSession":"4915","SpeakerFirstName":"Ren\u00e9","SpeakerLastName":"Imoberdorf","SpeakerFullName":"Imoberdorf Ren\u00e9","SpeakerFunction":"Mit-M","CouncilId":2,"CouncilName":"St\u00e4nderat","CantonId":23,"CantonName":"Wallis","CantonAbbreviation":"VS","ParlGroupName":"Fraktion CVP-EVP","ParlGroupAbbreviation":"M-E","SortOrder":1,"Start":"\/Date(1410858462063)\/","End":"\/Date(1410858746953)\/","Function":"*","DisplaySpeaker":true,"LanguageOfText":"DE","Modified":"\/Date(1510850387890)\/","StartTimeWithTimezone":"\/Date(1410858462063+0120)\/","EndTimeWithTimezone":"\/Date(1410858746953+0120)\/","VoteBusinessNumber":null,"VoteBusinessShortNumber":null,"VoteBusinessTitle":null}]},"ID":"27421","Language":"DE","IdMeeting":"1724","VerbalixOid":445551,"SortOrder":3,"Modified":"\/Date(1510850387877)\/"}}