{"d":{"__metadata":{"id":"https://ws.parlament.ch/OData.svc/Subject(ID=27497L,Language='DE')","uri":"https://ws.parlament.ch/OData.svc/Subject(ID=27497L,Language='DE')","type":"itsystems.Pd.DataServices.DataModel.Subject"},"Meetings":{"__metadata":{"id":"https://ws.parlament.ch/OData.svc/Meeting(ID=1732L,Language='DE')","uri":"https://ws.parlament.ch/OData.svc/Meeting(ID=1732L,Language='DE')","type":"itsystems.Pd.DataServices.DataModel.Meeting"},"Sessions":{"__deferred":{"uri":"https://ws.parlament.ch/OData.svc/Meeting(ID=1732L,Language='DE')/Sessions"}},"Subjects":{"__deferred":{"uri":"https://ws.parlament.ch/OData.svc/Meeting(ID=1732L,Language='DE')/Subjects"}},"ID":"1732","Language":"DE","MeetingNumber":14,"IdSession":4915,"SessionNumber":15,"SessionName":"Herbstsession 2014","Council":2,"CouncilName":"St\u00e4nderat","CouncilAbbreviation":"SR","Date":"\/Date(1411689600000)\/","Begin":"0815","Modified":"\/Date(1447070349280)\/","LegislativePeriodNumber":49,"PublicationStatus":"final","MeetingOrderText":"Vierzehnte Sitzung","SortOrder":14,"Location":"S"},"SubjectsBusiness":{"results":[{"__metadata":{"id":"https://ws.parlament.ch/OData.svc/SubjectBusiness(BusinessNumber=20130048,IdSubject=27497L,Language='DE')","uri":"https://ws.parlament.ch/OData.svc/SubjectBusiness(BusinessNumber=20130048,IdSubject=27497L,Language='DE')","type":"itsystems.Pd.DataServices.DataModel.SubjectBusiness"},"Subjects":{"__deferred":{"uri":"https://ws.parlament.ch/OData.svc/SubjectBusiness(BusinessNumber=20130048,IdSubject=27497L,Language='DE')/Subjects"}},"Businesses":{"__deferred":{"uri":"https://ws.parlament.ch/OData.svc/SubjectBusiness(BusinessNumber=20130048,IdSubject=27497L,Language='DE')/Businesses"}},"IdSubject":"27497","BusinessNumber":20130048,"Language":"DE","BusinessShortNumber":"13.048","Title":"Bundesgesetz \u00fcber Radio und Fernsehen. \u00c4nderung","SortOrder":1,"PublishedNotes":"Schlussabstimmung - Vote final\n","Modified":"\/Date(1447069579276)\/","TitleDE":"Bundesgesetz \u00fcber Radio\nund Fernsehen. \u00c4nderung","TitleFR":"Loi sur la radio et la t\u00e9l\u00e9vision.\nModification","TitleIT":null}]},"Transcripts":{"results":[{"__metadata":{"id":"https://ws.parlament.ch/OData.svc/Transcript(ID=157869L,Language='DE')","uri":"https://ws.parlament.ch/OData.svc/Transcript(ID=157869L,Language='DE')","type":"itsystems.Pd.DataServices.DataModel.Transcript"},"Subjects":{"__deferred":{"uri":"https://ws.parlament.ch/OData.svc/Transcript(ID=157869L,Language='DE')/Subjects"}},"MembersCouncil":{"__deferred":{"uri":"https://ws.parlament.ch/OData.svc/Transcript(ID=157869L,Language='DE')/MembersCouncil"}},"Businesses":{"__deferred":{"uri":"https://ws.parlament.ch/OData.svc/Transcript(ID=157869L,Language='DE')/Businesses"}},"ID":"157869","Language":"DE","IdSubject":"27497","VoteId":"444","PersonNumber":null,"Type":2,"Text":"<pd_text><p><b>Bundesgesetz \u00fcber Radio und Fernsehen</b></p>\n<p><b>Loi f\u00e9d\u00e9rale sur la radio et la t\u00e9l\u00e9vision</b></p>\n<p>[VS]</p>\n<p><i>Abstimmung - Vote</i></p>\n<p>[NAM]</p>\n<p>F\u00fcr Annahme des Entwurfes ... 28 Stimmen</p>\n<p>Dagegen ... 14 Stimmen</p>\n<p>(3 Enthaltungen)</p>\n</pd_text>","MeetingCouncilAbbreviation":"S","MeetingDate":"20140926","MeetingVerbalixOid":2526,"IdSession":"4915","SpeakerFirstName":null,"SpeakerLastName":null,"SpeakerFullName":"","SpeakerFunction":null,"CouncilId":null,"CouncilName":null,"CantonId":null,"CantonName":null,"CantonAbbreviation":null,"ParlGroupName":null,"ParlGroupAbbreviation":null,"SortOrder":1,"Start":null,"End":null,"Function":null,"DisplaySpeaker":null,"LanguageOfText":null,"Modified":"\/Date(1510850388937)\/","StartTimeWithTimezone":null,"EndTimeWithTimezone":null,"VoteBusinessNumber":20130048,"VoteBusinessShortNumber":"13.048","VoteBusinessTitle":"Bundesgesetz \u00fcber Radio\nund Fernsehen. \u00c4nderung"}]},"ID":"27497","Language":"DE","IdMeeting":"1732","VerbalixOid":448876,"SortOrder":9,"Modified":"\/Date(1510850388937)\/"}}