{"d":{"__metadata":{"id":"https://ws.parlament.ch/OData.svc/Subject(ID=27971L,Language='DE')","uri":"https://ws.parlament.ch/OData.svc/Subject(ID=27971L,Language='DE')","type":"itsystems.Pd.DataServices.DataModel.Subject"},"Meetings":{"__metadata":{"id":"https://ws.parlament.ch/OData.svc/Meeting(ID=1749L,Language='DE')","uri":"https://ws.parlament.ch/OData.svc/Meeting(ID=1749L,Language='DE')","type":"itsystems.Pd.DataServices.DataModel.Meeting"},"Sessions":{"__deferred":{"uri":"https://ws.parlament.ch/OData.svc/Meeting(ID=1749L,Language='DE')/Sessions"}},"Subjects":{"__deferred":{"uri":"https://ws.parlament.ch/OData.svc/Meeting(ID=1749L,Language='DE')/Subjects"}},"ID":"1749","Language":"DE","MeetingNumber":9,"IdSession":4909,"SessionNumber":9,"SessionName":"Sommersession 2013","Council":2,"CouncilName":"St\u00e4nderat","CouncilAbbreviation":"SR","Date":"\/Date(1371081600000)\/","Begin":"0815","Modified":"\/Date(1447070355813)\/","LegislativePeriodNumber":49,"PublicationStatus":"final","MeetingOrderText":"Neunte Sitzung","SortOrder":9,"Location":"S"},"SubjectsBusiness":{"results":[{"__metadata":{"id":"https://ws.parlament.ch/OData.svc/SubjectBusiness(BusinessNumber=20120323,IdSubject=27971L,Language='DE')","uri":"https://ws.parlament.ch/OData.svc/SubjectBusiness(BusinessNumber=20120323,IdSubject=27971L,Language='DE')","type":"itsystems.Pd.DataServices.DataModel.SubjectBusiness"},"Subjects":{"__deferred":{"uri":"https://ws.parlament.ch/OData.svc/SubjectBusiness(BusinessNumber=20120323,IdSubject=27971L,Language='DE')/Subjects"}},"Businesses":{"__deferred":{"uri":"https://ws.parlament.ch/OData.svc/SubjectBusiness(BusinessNumber=20120323,IdSubject=27971L,Language='DE')/Businesses"}},"IdSubject":"27971","BusinessNumber":20120323,"Language":"DE","BusinessShortNumber":"12.323","Title":"Ausbau der Autobahn A1 in Genf","SortOrder":1,"PublishedNotes":"Sistierung - Suspension\n","Modified":"\/Date(1447069536296)\/","TitleDE":"Standesinitiative Genf.\nAusbau der Autobahn A1 in Genf","TitleFR":"Initiative cantonale Gen\u00e8ve.\nElargissement\nde l'autoroute A1 \u00e0 Gen\u00e8ve","TitleIT":null}]},"Transcripts":{"results":[{"__metadata":{"id":"https://ws.parlament.ch/OData.svc/Transcript(ID=159455L,Language='DE')","uri":"https://ws.parlament.ch/OData.svc/Transcript(ID=159455L,Language='DE')","type":"itsystems.Pd.DataServices.DataModel.Transcript"},"Subjects":{"__deferred":{"uri":"https://ws.parlament.ch/OData.svc/Transcript(ID=159455L,Language='DE')/Subjects"}},"MembersCouncil":{"__deferred":{"uri":"https://ws.parlament.ch/OData.svc/Transcript(ID=159455L,Language='DE')/MembersCouncil"}},"Businesses":{"__deferred":{"uri":"https://ws.parlament.ch/OData.svc/Transcript(ID=159455L,Language='DE')/Businesses"}},"ID":"159455","Language":"DE","IdSubject":"27971","VoteId":null,"PersonNumber":540,"Type":1,"Text":"<pd_text><p><i>Angenommen - Adopt\u00e9</i></p>\n<p>[VS]</p>\n<p>[VS]</p>\n<p>[VS]</p>\n<p><i>Schluss der Sitzung um 12.45 Uhr</i></p>\n<p><i>La s\u00e9ance est lev\u00e9e \u00e0 12 h 45</i></p>\n<p>[PAGE 558] </p>\n<p>[VS]</p>\n<p>[VS]</p>\n<p>[VS]</p>\n<p>[VS]</p>\n<p>[VS]</p>\n</pd_text>","MeetingCouncilAbbreviation":"S","MeetingDate":"20130613","MeetingVerbalixOid":2338,"IdSession":"4909","SpeakerFirstName":"Filippo","SpeakerLastName":"Lombardi","SpeakerFullName":"Lombardi Filippo","SpeakerFunction":"P-M","CouncilId":2,"CouncilName":"St\u00e4nderat","CantonId":27,"CantonName":"Tessin","CantonAbbreviation":"TI","ParlGroupName":"Fraktion CVP-EVP","ParlGroupAbbreviation":"M-E","SortOrder":4,"Start":"\/Date(1371127228067)\/","End":"\/Date(1371127260993)\/","Function":"P-M","DisplaySpeaker":false,"LanguageOfText":null,"Modified":"\/Date(1510850306093)\/","StartTimeWithTimezone":"\/Date(1371127228067+0120)\/","EndTimeWithTimezone":"\/Date(1371127260993+0120)\/","VoteBusinessNumber":null,"VoteBusinessShortNumber":null,"VoteBusinessTitle":null},{"__metadata":{"id":"https://ws.parlament.ch/OData.svc/Transcript(ID=159456L,Language='DE')","uri":"https://ws.parlament.ch/OData.svc/Transcript(ID=159456L,Language='DE')","type":"itsystems.Pd.DataServices.DataModel.Transcript"},"Subjects":{"__deferred":{"uri":"https://ws.parlament.ch/OData.svc/Transcript(ID=159456L,Language='DE')/Subjects"}},"MembersCouncil":{"__deferred":{"uri":"https://ws.parlament.ch/OData.svc/Transcript(ID=159456L,Language='DE')/MembersCouncil"}},"Businesses":{"__deferred":{"uri":"https://ws.parlament.ch/OData.svc/Transcript(ID=159456L,Language='DE')/Businesses"}},"ID":"159456","Language":"DE","IdSubject":"27971","VoteId":null,"PersonNumber":3914,"Type":1,"Text":"<pd_text><p> Avec ma coll\u00e8gue genevoise, Madame Liliane Maury Pasquier, nous souhaitons tout d'abord remercier la commission pour l'attention avec laquelle elle a trait\u00e9 cet objet et pour la qualit\u00e9 de l'accueil qu'elle a r\u00e9serv\u00e9 \u00e0 la d\u00e9l\u00e9gation genevoise qui est venue pr\u00e9senter \u00e0 la commission les difficult\u00e9s relev\u00e9es. </p>\n<p>Vous aurez bien compris que nous sommes dans la probl\u00e9matique des goulets d'\u00e9tranglement. Je n'entends pas sous-estimer les difficult\u00e9s de circulation qu'il y a \u00e0 Romanshorn, mais les autorit\u00e9s f\u00e9d\u00e9rales qui sont venues sur place ont pu constater qu'\u00e0 Gen\u00e8ve, la probl\u00e9matique des goulets d'\u00e9tranglement \u00e9tait particuli\u00e8rement aigu\u00eb et qu'en d\u00e9finitive il s'agissait de supprimer quelques bouchons. </p>\n<p>Je tiens \u00e0 dire que la solution choisie par la commission est paradoxalement celle qui montre que le canton de Gen\u00e8ve a \u00e9t\u00e9 entendu et que l'on va entreprendre des travaux le plus rapidement possible. On pourrait avoir l'impression qu'une suspension aurait pour cons\u00e9quence d'allonger le traitement d'un objet, mais dans le cas pr\u00e9sent, en r\u00e9alit\u00e9, si j'ai bien compris l'id\u00e9e de la commission, cela aura pour cons\u00e9quence plut\u00f4t d'acc\u00e9l\u00e9rer le traitement de cette question. En suspendant l'examen de l'initiative cantonale, on pourra d\u00e9j\u00e0 en 2014 aborder la probl\u00e9matique de cet \u00e9largissement routier.</p>\n<p>Nous vous en remercions et recommandons \u00e0 votre sollicitude cet objet dont la teneur refl\u00e8te une pr\u00e9occupation r\u00e9elle.</p>\n</pd_text>","MeetingCouncilAbbreviation":"S","MeetingDate":"20130613","MeetingVerbalixOid":2338,"IdSession":"4909","SpeakerFirstName":"Robert","SpeakerLastName":"Cramer","SpeakerFullName":"Cramer Robert","SpeakerFunction":"Mit-M","CouncilId":2,"CouncilName":"St\u00e4nderat","CantonId":25,"CantonName":"Genf","CantonAbbreviation":"GE","ParlGroupName":"Gr\u00fcne Fraktion","ParlGroupAbbreviation":"G","SortOrder":3,"Start":"\/Date(1371127102600)\/","End":"\/Date(1371127228067)\/","Function":"Mit-M","DisplaySpeaker":true,"LanguageOfText":"FR","Modified":"\/Date(1510850306093)\/","StartTimeWithTimezone":"\/Date(1371127102600+0120)\/","EndTimeWithTimezone":"\/Date(1371127228067+0120)\/","VoteBusinessNumber":null,"VoteBusinessShortNumber":null,"VoteBusinessTitle":null},{"__metadata":{"id":"https://ws.parlament.ch/OData.svc/Transcript(ID=159457L,Language='DE')","uri":"https://ws.parlament.ch/OData.svc/Transcript(ID=159457L,Language='DE')","type":"itsystems.Pd.DataServices.DataModel.Transcript"},"Subjects":{"__deferred":{"uri":"https://ws.parlament.ch/OData.svc/Transcript(ID=159457L,Language='DE')/Subjects"}},"MembersCouncil":{"__deferred":{"uri":"https://ws.parlament.ch/OData.svc/Transcript(ID=159457L,Language='DE')/MembersCouncil"}},"Businesses":{"__deferred":{"uri":"https://ws.parlament.ch/OData.svc/Transcript(ID=159457L,Language='DE')/Businesses"}},"ID":"159457","Language":"DE","IdSubject":"27971","VoteId":null,"PersonNumber":3916,"Type":1,"Text":"<pd_text><p>La pr\u00e9sente initiative cantonale invite le Conseil f\u00e9d\u00e9ral \u00e0 inscrire l'\u00e9largissement de l'autoroute A1 comme projet prioritaire dans le programme d'\u00e9limination des goulets d'\u00e9tranglement du r\u00e9seau des routes nationales.</p>\n<p>Je dois, pour des questions de transparence, indiquer qu'en commission, le texte de l'initiative a soulev\u00e9 la question de savoir si cela concernait l'autoroute de Gen\u00e8ve \u00e0 Romanshorn ou uniquement la p\u00e9riph\u00e9rie de Gen\u00e8ve. Les explications donn\u00e9es par les auteurs montrent qu'il s'agit d'un projet genevois.</p>\n<p>Si les membres de la commission sont bien conscients des probl\u00e8mes auxquels la R\u00e9publique et Canton de Gen\u00e8ve doit faire face en mati\u00e8re de trafic routier, ils sont \u00e9galement convaincus que des mesures similaires sont aussi n\u00e9cessaires dans d'autres r\u00e9gions de notre pays. Par cons\u00e9quent, pour conserver une vue d'ensemble des besoins du pays et garantir un maximum de coh\u00e9rence dans nos d\u00e9cisions, la commission vous propose de ne pas traiter l'initiative du canton de Gen\u00e8ve jusqu'\u00e0 ce que le Conseil f\u00e9d\u00e9ral lui ait pr\u00e9sent\u00e9 son message sur le deuxi\u00e8me programme d'\u00e9limination des goulets d'\u00e9tranglement du r\u00e9seau des routes nationales, message que le gouvernement a mis en consultation le 10 avril 2013 et qui devrait nous \u00eatre transmis vraisemblablement en 2014.</p>\n<p>Pour toutes ces raisons, la commission vous propose, par 10 voix contre 1, de suspendre l'examen pr\u00e9alable de cette initiative cantonale.</p>\n</pd_text>","MeetingCouncilAbbreviation":"S","MeetingDate":"20130613","MeetingVerbalixOid":2338,"IdSession":"4909","SpeakerFirstName":"Claude","SpeakerLastName":"H\u00eache","SpeakerFullName":"H\u00eache Claude","SpeakerFunction":"2VP-M","CouncilId":2,"CouncilName":"St\u00e4nderat","CantonId":26,"CantonName":"Jura","CantonAbbreviation":"JU","ParlGroupName":"Sozialdemokratische Fraktion","ParlGroupAbbreviation":"S","SortOrder":2,"Start":"\/Date(1371126993950)\/","End":"\/Date(1371127102600)\/","Function":"*","DisplaySpeaker":true,"LanguageOfText":"FR","Modified":"\/Date(1510850306093)\/","StartTimeWithTimezone":"\/Date(1371126993950+0120)\/","EndTimeWithTimezone":"\/Date(1371127102600+0120)\/","VoteBusinessNumber":null,"VoteBusinessShortNumber":null,"VoteBusinessTitle":null},{"__metadata":{"id":"https://ws.parlament.ch/OData.svc/Transcript(ID=159458L,Language='DE')","uri":"https://ws.parlament.ch/OData.svc/Transcript(ID=159458L,Language='DE')","type":"itsystems.Pd.DataServices.DataModel.Transcript"},"Subjects":{"__deferred":{"uri":"https://ws.parlament.ch/OData.svc/Transcript(ID=159458L,Language='DE')/Subjects"}},"MembersCouncil":{"__deferred":{"uri":"https://ws.parlament.ch/OData.svc/Transcript(ID=159458L,Language='DE')/MembersCouncil"}},"Businesses":{"__deferred":{"uri":"https://ws.parlament.ch/OData.svc/Transcript(ID=159458L,Language='DE')/Businesses"}},"ID":"159458","Language":"DE","IdSubject":"27971","VoteId":null,"PersonNumber":540,"Type":1,"Text":"<pd_text><p><b>Il presidente</b> (Lombardi Filippo, presidente): Avete ricevuto un rapporto scritto della commissione. La commissione propone con 10 voti contro 1 di sospendere la trattazione dell'iniziativa cantonale per un periodo prevedibilmente superiore a un anno ai sensi dell'articolo 87 capoverso 3 della legge sul Parlamento.</p>\n</pd_text>","MeetingCouncilAbbreviation":"S","MeetingDate":"20130613","MeetingVerbalixOid":2338,"IdSession":"4909","SpeakerFirstName":"Filippo","SpeakerLastName":"Lombardi","SpeakerFullName":"Lombardi Filippo","SpeakerFunction":"P-M","CouncilId":2,"CouncilName":"St\u00e4nderat","CantonId":27,"CantonName":"Tessin","CantonAbbreviation":"TI","ParlGroupName":"Fraktion CVP-EVP","ParlGroupAbbreviation":"M-E","SortOrder":1,"Start":"\/Date(1371126977023)\/","End":"\/Date(1371126993950)\/","Function":"P-M","DisplaySpeaker":false,"LanguageOfText":null,"Modified":"\/Date(1510850306077)\/","StartTimeWithTimezone":"\/Date(1371126977023+0120)\/","EndTimeWithTimezone":"\/Date(1371126993950+0120)\/","VoteBusinessNumber":null,"VoteBusinessShortNumber":null,"VoteBusinessTitle":null}]},"ID":"27971","Language":"DE","IdMeeting":"1749","VerbalixOid":409028,"SortOrder":15,"Modified":"\/Date(1510850306077)\/"}}