{"d":{"__metadata":{"id":"https://ws.parlament.ch/OData.svc/Subject(ID=28317L,Language='DE')","uri":"https://ws.parlament.ch/OData.svc/Subject(ID=28317L,Language='DE')","type":"itsystems.Pd.DataServices.DataModel.Subject"},"Meetings":{"__metadata":{"id":"https://ws.parlament.ch/OData.svc/Meeting(ID=1765L,Language='DE')","uri":"https://ws.parlament.ch/OData.svc/Meeting(ID=1765L,Language='DE')","type":"itsystems.Pd.DataServices.DataModel.Meeting"},"Sessions":{"__deferred":{"uri":"https://ws.parlament.ch/OData.svc/Meeting(ID=1765L,Language='DE')/Sessions"}},"Subjects":{"__deferred":{"uri":"https://ws.parlament.ch/OData.svc/Meeting(ID=1765L,Language='DE')/Subjects"}},"ID":"1765","Language":"DE","MeetingNumber":6,"IdSession":4819,"SessionNumber":19,"SessionName":"Sommersession 2011","Council":2,"CouncilName":"St\u00e4nderat","CouncilAbbreviation":"SR","Date":"\/Date(1307404800000)\/","Begin":"0815","Modified":"\/Date(1447070362800)\/","LegislativePeriodNumber":48,"PublicationStatus":"final","MeetingOrderText":"Sechste Sitzung","SortOrder":6,"Location":"S"},"SubjectsBusiness":{"results":[{"__metadata":{"id":"https://ws.parlament.ch/OData.svc/SubjectBusiness(BusinessNumber=20093480,IdSubject=28317L,Language='DE')","uri":"https://ws.parlament.ch/OData.svc/SubjectBusiness(BusinessNumber=20093480,IdSubject=28317L,Language='DE')","type":"itsystems.Pd.DataServices.DataModel.SubjectBusiness"},"Subjects":{"__deferred":{"uri":"https://ws.parlament.ch/OData.svc/SubjectBusiness(BusinessNumber=20093480,IdSubject=28317L,Language='DE')/Subjects"}},"Businesses":{"__deferred":{"uri":"https://ws.parlament.ch/OData.svc/SubjectBusiness(BusinessNumber=20093480,IdSubject=28317L,Language='DE')/Businesses"}},"IdSubject":"28317","BusinessNumber":20093480,"Language":"DE","BusinessShortNumber":"09.3480","Title":"Private Sicherheitsdienste. Gesamtschweizerisch gleichwertiges Zulassungs- und Kontrollsystem","SortOrder":2,"PublishedNotes":null,"Modified":"\/Date(1447069418123)\/","TitleDE":"Motion Chopard-Acklin Max.\nPrivate Sicherheitsdienste.\nGesamtschweizerisch gleichwertiges\nZulassungs- und Kontrollsystem","TitleFR":"Motion Chopard-Acklin Max.\nServices de s\u00e9curit\u00e9 priv\u00e9s.\nSyst\u00e8me national uniforme\nd'autorisation et de contr\u00f4le","TitleIT":null},{"__metadata":{"id":"https://ws.parlament.ch/OData.svc/SubjectBusiness(BusinessNumber=20103808,IdSubject=28317L,Language='DE')","uri":"https://ws.parlament.ch/OData.svc/SubjectBusiness(BusinessNumber=20103808,IdSubject=28317L,Language='DE')","type":"itsystems.Pd.DataServices.DataModel.SubjectBusiness"},"Subjects":{"__deferred":{"uri":"https://ws.parlament.ch/OData.svc/SubjectBusiness(BusinessNumber=20103808,IdSubject=28317L,Language='DE')/Subjects"}},"Businesses":{"__deferred":{"uri":"https://ws.parlament.ch/OData.svc/SubjectBusiness(BusinessNumber=20103808,IdSubject=28317L,Language='DE')/Businesses"}},"IdSubject":"28317","BusinessNumber":20103808,"Language":"DE","BusinessShortNumber":"10.3808","Title":"Verbot von Privatarmeen in der Schweiz","SortOrder":1,"PublishedNotes":null,"Modified":"\/Date(1447069471800)\/","TitleDE":"Motion Lang Josef.\nVerbot von Privatarmeen\nin der Schweiz","TitleFR":"Motion Lang Josef.\nInterdire les arm\u00e9es priv\u00e9es\nen Suisse","TitleIT":null}]},"Transcripts":{"results":[{"__metadata":{"id":"https://ws.parlament.ch/OData.svc/Transcript(ID=161388L,Language='DE')","uri":"https://ws.parlament.ch/OData.svc/Transcript(ID=161388L,Language='DE')","type":"itsystems.Pd.DataServices.DataModel.Transcript"},"Subjects":{"__deferred":{"uri":"https://ws.parlament.ch/OData.svc/Transcript(ID=161388L,Language='DE')/Subjects"}},"MembersCouncil":{"__deferred":{"uri":"https://ws.parlament.ch/OData.svc/Transcript(ID=161388L,Language='DE')/MembersCouncil"}},"Businesses":{"__deferred":{"uri":"https://ws.parlament.ch/OData.svc/Transcript(ID=161388L,Language='DE')/Businesses"}},"ID":"161388","Language":"DE","IdSubject":"28317","VoteId":null,"PersonNumber":372,"Type":1,"Text":"<pd_text><p><b>Pr\u00e4sident </b>(Inderkum Hansheiri, Pr\u00e4sident): Es liegt zu beiden Motionen je ein schriftlicher Bericht der Kommission vor. Die Kommission und der Bundesrat beantragen, die Motion 10.3808 anzunehmen und die Motion 09.3480 abzulehnen.</p>\n<p>[VS]</p>\n<p><b>10.3808</b></p>\n<p><i>Angenommen - Adopt\u00e9</i></p>\n<p>[VS]</p>\n<p><b>09.3480</b></p>\n<p><i>Abgelehnt - Rejet\u00e9</i></p>\n</pd_text>","MeetingCouncilAbbreviation":"S","MeetingDate":"20110607","MeetingVerbalixOid":2082,"IdSession":"4819","SpeakerFirstName":"Hansheiri","SpeakerLastName":"Inderkum","SpeakerFullName":"Inderkum Hansheiri","SpeakerFunction":"P-M","CouncilId":2,"CouncilName":"St\u00e4nderat","CantonId":4,"CantonName":"Uri","CantonAbbreviation":"UR","ParlGroupName":"Fraktion CVP/EVP/glp","ParlGroupAbbreviation":"M-E","SortOrder":4,"Start":"\/Date(1307451687390)\/","End":"\/Date(1307451746440)\/","Function":"P-M","DisplaySpeaker":false,"LanguageOfText":null,"Modified":"\/Date(1510850314093)\/","StartTimeWithTimezone":"\/Date(1307451687390+0120)\/","EndTimeWithTimezone":"\/Date(1307451746440+0120)\/","VoteBusinessNumber":null,"VoteBusinessShortNumber":null,"VoteBusinessTitle":null},{"__metadata":{"id":"https://ws.parlament.ch/OData.svc/Transcript(ID=161389L,Language='DE')","uri":"https://ws.parlament.ch/OData.svc/Transcript(ID=161389L,Language='DE')","type":"itsystems.Pd.DataServices.DataModel.Transcript"},"Subjects":{"__deferred":{"uri":"https://ws.parlament.ch/OData.svc/Transcript(ID=161389L,Language='DE')/Subjects"}},"MembersCouncil":{"__deferred":{"uri":"https://ws.parlament.ch/OData.svc/Transcript(ID=161389L,Language='DE')/MembersCouncil"}},"Businesses":{"__deferred":{"uri":"https://ws.parlament.ch/OData.svc/Transcript(ID=161389L,Language='DE')/Businesses"}},"ID":"161389","Language":"DE","IdSubject":"28317","VoteId":null,"PersonNumber":512,"Type":1,"Text":"<pd_text><p>Wie der Kommissionssprecher ausgef\u00fchrt hat, findet der Bundesrat es richtig, dass man jetzt das Ergebnis der Harmonisierungsbestrebungen der Kantone mit diesen beiden Konkordaten abwartet. Das ist einer der Gr\u00fcnde, weshalb der Bundesrat die [PAGE 489] Motion 09.3480 zur Ablehnung empfiehlt. Der zweite Grund: Der Motion\u00e4r verlangt, dass Polizeiaufgaben nicht an Private delegiert werden d\u00fcrfen. Aber ein solches Verbot ist - ich glaube, es ist wichtig, dass wir das festhalten - weder notwendig noch angemessen, weil eine Delegation von staatlichen Sicherheitsaufgaben in jedem Fall ausgeschlossen ist, wenn es daf\u00fcr keine ausreichende formell-gesetzliche Grundlage gibt. </p>\n<p>Das sind die zwei Gr\u00fcnde, die den Bundesrat dazu bewogen haben, Ihnen die Motion zur Ablehnung zu empfehlen.</p>\n</pd_text>","MeetingCouncilAbbreviation":"S","MeetingDate":"20110607","MeetingVerbalixOid":2082,"IdSession":"4819","SpeakerFirstName":"Simonetta","SpeakerLastName":"Sommaruga","SpeakerFullName":"Sommaruga Simonetta","SpeakerFunction":"BR-F","CouncilId":99,"CouncilName":"Bundesrat","CantonId":2,"CantonName":"Bern","CantonAbbreviation":"BE","ParlGroupName":null,"ParlGroupAbbreviation":null,"SortOrder":3,"Start":"\/Date(1307451632910)\/","End":"\/Date(1307451687390)\/","Function":"BR-F","DisplaySpeaker":true,"LanguageOfText":"DE","Modified":"\/Date(1510850314077)\/","StartTimeWithTimezone":"\/Date(1307451632910+0120)\/","EndTimeWithTimezone":"\/Date(1307451687390+0120)\/","VoteBusinessNumber":null,"VoteBusinessShortNumber":null,"VoteBusinessTitle":null},{"__metadata":{"id":"https://ws.parlament.ch/OData.svc/Transcript(ID=161390L,Language='DE')","uri":"https://ws.parlament.ch/OData.svc/Transcript(ID=161390L,Language='DE')","type":"itsystems.Pd.DataServices.DataModel.Transcript"},"Subjects":{"__deferred":{"uri":"https://ws.parlament.ch/OData.svc/Transcript(ID=161390L,Language='DE')/Subjects"}},"MembersCouncil":{"__deferred":{"uri":"https://ws.parlament.ch/OData.svc/Transcript(ID=161390L,Language='DE')/MembersCouncil"}},"Businesses":{"__deferred":{"uri":"https://ws.parlament.ch/OData.svc/Transcript(ID=161390L,Language='DE')/Businesses"}},"ID":"161390","Language":"DE","IdSubject":"28317","VoteId":null,"PersonNumber":85,"Type":1,"Text":"<pd_text><p>Nach dem Votum von Herrn Kollege Reimann komme ich als Kommissionssprecher doch noch zum Einsatz. Das Erste: Warum haben wir die Motion Chopard-Acklin abgelehnt? Herr Chopard-Acklin verlangt ein gesamtschweizerisch gleichwertiges Zulassungs- und Kontrollsystem f\u00fcr private Sicherheitsfirmen. Es bestehen in der Schweiz inzwischen zwei Konkordate, ein deutsch- und ein westschweizerisches, denen sich die Kantone anschliessen k\u00f6nnen. Die Kompetenz bleibt bei den Kantonen, und das soll - so unsere \u00dcberzeugung - so bleiben. Da nun f\u00fcr alle Kantone die M\u00f6glichkeit besteht, einem Konkordat beizutreten, sind die Regelungen stark vereinheitlicht. Darum ist der Vorstoss als solcher \u00fcberfl\u00fcssig.</p>\n<p>Das Zweite: Die B\u00fcrgerwehren sind nicht Gegenstand dieses Vorstosses. B\u00fcrgerwehren unterscheiden sich von privaten Sicherheitsfirmen in der Gewerbsm\u00e4ssigkeit. W\u00e4hrenddem eine Sicherheitsfirma ihre Dienste allen in einer Region oder landesweit anbietet, ist die B\u00fcrgerwehr eine Selbsthilfe von B\u00fcrgern in einer bestimmten Region, in einem Quartier oder in einer Strasse. Diese Leute arbeiten unentgeltlich und nicht gewerbsm\u00e4ssig. Wenn sie gegen Entgelt arbeiten und ihre Dienste auf diese Weise anbieten, ben\u00f6tigen sie ebenfalls eine Bewilligung. </p>\n<p>Im \u00dcbrigen kann man \u00fcber B\u00fcrgerwehren durchaus geteilter Meinung sein. Solange sie vern\u00fcnftig den Schutz eines Quartiers oder den Schutz von Frauen oder Kindern in diesem Gebiet sicherstellen, haben sie ganz sicher ihre Berechtigung. Aber sie d\u00fcrfen das Gewaltmonopol nicht f\u00fcr sich beanspruchen und d\u00fcrfen ganz sicher nicht bewaffnet t\u00e4tig sein und gegen\u00fcber Personen Gewalt anwenden, es sei denn im Sinne eines Notstandes, indem sie einen \u00dcbelt\u00e4ter festhalten und diesen vor\u00fcbergehend seiner Freiheit berauben. Die Kommission hat sich nicht dar\u00fcber unterhalten; B\u00fcrgerwehren sind nicht Gegenstand der Motion Chopard-Acklin und sind darum im Zusammenhang mit diesem Vorstoss auch nicht behandelt worden. Soweit sie sich in vern\u00fcnftigem Mass dem Schutz des eigenen Quartiers verschreiben, k\u00f6nnen wir nichts dagegen haben, d. h., sofern sie das Gewaltmonopol des Staates respektieren und h\u00f6chstens in beschr\u00e4nktem Mass im Sinne eines Notstandes, zum Schutz einer Frau, eines Kindes usw., Gewalt anwenden.</p>\n</pd_text>","MeetingCouncilAbbreviation":"S","MeetingDate":"20110607","MeetingVerbalixOid":2082,"IdSession":"4819","SpeakerFirstName":"Bruno","SpeakerLastName":"Frick","SpeakerFullName":"Frick Bruno","SpeakerFunction":"Mit-M","CouncilId":2,"CouncilName":"St\u00e4nderat","CantonId":5,"CantonName":"Schwyz","CantonAbbreviation":"SZ","ParlGroupName":"Fraktion CVP/EVP/glp","ParlGroupAbbreviation":"M-E","SortOrder":2,"Start":"\/Date(1307451448727)\/","End":"\/Date(1307451632910)\/","Function":"*","DisplaySpeaker":true,"LanguageOfText":"DE","Modified":"\/Date(1510850314077)\/","StartTimeWithTimezone":"\/Date(1307451448727+0120)\/","EndTimeWithTimezone":"\/Date(1307451632910+0120)\/","VoteBusinessNumber":null,"VoteBusinessShortNumber":null,"VoteBusinessTitle":null},{"__metadata":{"id":"https://ws.parlament.ch/OData.svc/Transcript(ID=161391L,Language='DE')","uri":"https://ws.parlament.ch/OData.svc/Transcript(ID=161391L,Language='DE')","type":"itsystems.Pd.DataServices.DataModel.Transcript"},"Subjects":{"__deferred":{"uri":"https://ws.parlament.ch/OData.svc/Transcript(ID=161391L,Language='DE')/Subjects"}},"MembersCouncil":{"__deferred":{"uri":"https://ws.parlament.ch/OData.svc/Transcript(ID=161391L,Language='DE')/MembersCouncil"}},"Businesses":{"__deferred":{"uri":"https://ws.parlament.ch/OData.svc/Transcript(ID=161391L,Language='DE')/Businesses"}},"ID":"161391","Language":"DE","IdSubject":"28317","VoteId":null,"PersonNumber":173,"Type":1,"Text":"<pd_text><p>Ich m\u00f6chte mich auf einen Aspekt beziehen - auf den Aspekt der privaten Sicherheitsdienstleistungen in der Schweiz -, der in den beiden Berichten eben nicht erw\u00e4hnt worden ist; ich bitte Sie deshalb um Verst\u00e4ndnis, dass ich kurz das Wort dazu ergreife. </p>\n<p>Ich denke an die privaten Sicherheitsgruppierungen, die landl\u00e4ufig unter dem Namen \"B\u00fcrgerwehren\" bekannt sind - wobei mir dieser Name allerdings nicht ganz gl\u00fccklich gew\u00e4hlt zu sein scheint. Diese Gruppierungen sind unbewaffnet, rekrutieren sich aus Freiwilligen und unterst\u00fctzen die Zivilbev\u00f6lkerung in ihrem Sicherheitsbed\u00fcrfnis. In den USA und anderen L\u00e4ndern, wo sich die Sicherheitslage in gewissen Quartieren oder \u00f6ffentlichen R\u00e4umen zunehmend verschlechtert hat, geh\u00f6ren solche privaten Sicherheitsdienste schon mehr oder weniger zum Alltag. Bei uns in der Schweiz sind die Meinungen dazu noch eher geteilt. Einerseits tragen diese zivilen Sicherheitspatrouillen, oder wie immer man sie bezeichnen will, insbesondere pr\u00e4ventiv zur Erh\u00f6hung der Sicherheit bei, etwa zum Schutz vor Einbr\u00fcchen, vor Einsch\u00fcchterungen, vor sexuellen oder anderen Gewalttaten; andererseits erwartet man in der Bev\u00f6lkerung eigentlich, dass diese Sicherheitsleistungen in erster Linie und in vermehrtem Ausmass von der Polizei erbracht werden. </p>\n<p>Bis heute sind in unserem Land solche privaten Wehren eher wenig verbreitet, aber das k\u00f6nnte sich je nach Sicherheitslage \u00e4ndern. Ich weiss nun nicht, wieweit f\u00fcr solche B\u00fcrgerwehren rechtliche Grundlagen bestehen, deshalb h\u00e4tte ich der Motion Chopard-Acklin zugestimmt, wenn ein entsprechender Antrag vorgelegen h\u00e4tte - in der Erwartung eben, dass auch den sogenannten B\u00fcrgerwehren die geb\u00fchrende Aufmerksamkeit zukommt. So oder so erwarte ich grunds\u00e4tzlich keine Einschr\u00e4nkung solcher privater Sicherheitsb\u00fcrgerwehr-Dienstleistungen, aber wenn n\u00f6tig Regeln f\u00fcr ihre Zulassung, allenfalls f\u00fcr die Bewaffnung und ebenso und vor allem f\u00fcr das Zusammenwirken solcher B\u00fcrgerwehren mit den \u00f6rtlichen Polizeidiensten.</p>\n</pd_text>","MeetingCouncilAbbreviation":"S","MeetingDate":"20110607","MeetingVerbalixOid":2082,"IdSession":"4819","SpeakerFirstName":"Maximilian","SpeakerLastName":"Reimann","SpeakerFullName":"Reimann Maximilian","SpeakerFunction":"Mit-M","CouncilId":2,"CouncilName":"St\u00e4nderat","CantonId":19,"CantonName":"Aargau","CantonAbbreviation":"AG","ParlGroupName":"Fraktion der Schweizerischen Volkspartei","ParlGroupAbbreviation":"V","SortOrder":1,"Start":"\/Date(1307451289557)\/","End":"\/Date(1307451448727)\/","Function":"Mit-M","DisplaySpeaker":true,"LanguageOfText":"DE","Modified":"\/Date(1510850314077)\/","StartTimeWithTimezone":"\/Date(1307451289557+0120)\/","EndTimeWithTimezone":"\/Date(1307451448727+0120)\/","VoteBusinessNumber":null,"VoteBusinessShortNumber":null,"VoteBusinessTitle":null}]},"ID":"28317","Language":"DE","IdMeeting":"1765","VerbalixOid":355769,"SortOrder":12,"Modified":"\/Date(1510850314077)\/"}}