{"d":{"__metadata":{"id":"https://ws.parlament.ch/OData.svc/Subject(ID=28535L,Language='DE')","uri":"https://ws.parlament.ch/OData.svc/Subject(ID=28535L,Language='DE')","type":"itsystems.Pd.DataServices.DataModel.Subject"},"Meetings":{"__metadata":{"id":"https://ws.parlament.ch/OData.svc/Meeting(ID=1770L,Language='DE')","uri":"https://ws.parlament.ch/OData.svc/Meeting(ID=1770L,Language='DE')","type":"itsystems.Pd.DataServices.DataModel.Meeting"},"Sessions":{"__deferred":{"uri":"https://ws.parlament.ch/OData.svc/Meeting(ID=1770L,Language='DE')/Sessions"}},"Subjects":{"__deferred":{"uri":"https://ws.parlament.ch/OData.svc/Meeting(ID=1770L,Language='DE')/Subjects"}},"ID":"1770","Language":"DE","MeetingNumber":16,"IdSession":4619,"SessionNumber":19,"SessionName":"Sommersession 2003","Council":1,"CouncilName":"Nationalrat","CouncilAbbreviation":"NR","Date":"\/Date(1056067200000)\/","Begin":"0800","Modified":"\/Date(1447070365790)\/","LegislativePeriodNumber":46,"PublicationStatus":"final","MeetingOrderText":"Sechzehnte Sitzung","SortOrder":16,"Location":"N"},"SubjectsBusiness":{"results":[{"__metadata":{"id":"https://ws.parlament.ch/OData.svc/SubjectBusiness(BusinessNumber=20010025,IdSubject=28535L,Language='DE')","uri":"https://ws.parlament.ch/OData.svc/SubjectBusiness(BusinessNumber=20010025,IdSubject=28535L,Language='DE')","type":"itsystems.Pd.DataServices.DataModel.SubjectBusiness"},"Subjects":{"__deferred":{"uri":"https://ws.parlament.ch/OData.svc/SubjectBusiness(BusinessNumber=20010025,IdSubject=28535L,Language='DE')/Subjects"}},"Businesses":{"__deferred":{"uri":"https://ws.parlament.ch/OData.svc/SubjectBusiness(BusinessNumber=20010025,IdSubject=28535L,Language='DE')/Businesses"}},"IdSubject":"28535","BusinessNumber":20010025,"Language":"DE","BusinessShortNumber":"01.025","Title":"\"Lebenslange Verwahrung f\u00fcr nicht therapierbare, extrem gef\u00e4hrliche Sexual- und Gewaltstraft\u00e4ter\". Volksinitiative","SortOrder":1,"PublishedNotes":"Schlussabstimmung - Vote final\n","Modified":"\/Date(1447069143180)\/","TitleDE":"Lebenslange Verwahrung\nf\u00fcr nicht therapierbare,\nextrem gef\u00e4hrliche\nSexual- und Gewaltstraft\u00e4ter.\nVolksinitiative","TitleFR":"Internement \u00e0 vie\npour les d\u00e9linquants sexuels\nou violents jug\u00e9s tr\u00e8s dangereux\net non amendables.\nInitiative populaire","TitleIT":null}]},"Transcripts":{"results":[{"__metadata":{"id":"https://ws.parlament.ch/OData.svc/Transcript(ID=162024L,Language='DE')","uri":"https://ws.parlament.ch/OData.svc/Transcript(ID=162024L,Language='DE')","type":"itsystems.Pd.DataServices.DataModel.Transcript"},"Subjects":{"__deferred":{"uri":"https://ws.parlament.ch/OData.svc/Transcript(ID=162024L,Language='DE')/Subjects"}},"MembersCouncil":{"__deferred":{"uri":"https://ws.parlament.ch/OData.svc/Transcript(ID=162024L,Language='DE')/MembersCouncil"}},"Businesses":{"__deferred":{"uri":"https://ws.parlament.ch/OData.svc/Transcript(ID=162024L,Language='DE')/Businesses"}},"ID":"162024","Language":"DE","IdSubject":"28535","VoteId":null,"PersonNumber":311,"Type":1,"Text":"<pd_text><p><b>Bundesbeschluss \u00fcber die Volksinitiative \"Lebenslange Verwahrung f\u00fcr nicht therapierbare, extrem gef\u00e4hrliche Sexual- und Gewaltstraft\u00e4ter\" </b></p>\n<p><b>Arr\u00eat\u00e9 f\u00e9d\u00e9ral concernant l'initiative populaire \"Internement \u00e0 vie pour les d\u00e9linquants sexuels ou violents jug\u00e9s tr\u00e8s dangereux et non amendables\" </b></p>\n<p>[VS]</p>\n<p><i>Abstimmung - Vote</i></p>\n<p>F\u00fcr Annahme des Entwurfes .... 134 Stimmen</p>\n<p>Dagegen .... 38 Stimmen</p>\n</pd_text>","MeetingCouncilAbbreviation":"N","MeetingDate":"20030620","MeetingVerbalixOid":1074,"IdSession":"4619","SpeakerFirstName":"Yves","SpeakerLastName":"Christen","SpeakerFullName":"Christen Yves","SpeakerFunction":"P-M","CouncilId":1,"CouncilName":"Nationalrat","CantonId":22,"CantonName":"Waadt","CantonAbbreviation":"VD","ParlGroupName":"Freisinnig-demokratische Fraktion","ParlGroupAbbreviation":"RL","SortOrder":1,"Start":"\/Date(1056104870434)\/","End":"\/Date(1056104959450)\/","Function":"","DisplaySpeaker":false,"LanguageOfText":null,"Modified":"\/Date(1774878136932)\/","StartTimeWithTimezone":"\/Date(1056104870433+0120)\/","EndTimeWithTimezone":"\/Date(1056104959450+0120)\/","VoteBusinessNumber":null,"VoteBusinessShortNumber":null,"VoteBusinessTitle":null}]},"ID":"28535","Language":"DE","IdMeeting":"1770","VerbalixOid":86958,"SortOrder":131,"Modified":"\/Date(1774878136926)\/"}}