{"d":{"__metadata":{"id":"https://ws.parlament.ch/OData.svc/Subject(ID=28537L,Language='DE')","uri":"https://ws.parlament.ch/OData.svc/Subject(ID=28537L,Language='DE')","type":"itsystems.Pd.DataServices.DataModel.Subject"},"Meetings":{"__metadata":{"id":"https://ws.parlament.ch/OData.svc/Meeting(ID=1770L,Language='DE')","uri":"https://ws.parlament.ch/OData.svc/Meeting(ID=1770L,Language='DE')","type":"itsystems.Pd.DataServices.DataModel.Meeting"},"Sessions":{"__deferred":{"uri":"https://ws.parlament.ch/OData.svc/Meeting(ID=1770L,Language='DE')/Sessions"}},"Subjects":{"__deferred":{"uri":"https://ws.parlament.ch/OData.svc/Meeting(ID=1770L,Language='DE')/Subjects"}},"ID":"1770","Language":"DE","MeetingNumber":16,"IdSession":4619,"SessionNumber":19,"SessionName":"Sommersession 2003","Council":1,"CouncilName":"Nationalrat","CouncilAbbreviation":"NR","Date":"\/Date(1056067200000)\/","Begin":"0800","Modified":"\/Date(1447070365790)\/","LegislativePeriodNumber":46,"PublicationStatus":"final","MeetingOrderText":"Sechzehnte Sitzung","SortOrder":16,"Location":"N"},"SubjectsBusiness":{"results":[{"__metadata":{"id":"https://ws.parlament.ch/OData.svc/SubjectBusiness(BusinessNumber=19990464,IdSubject=28537L,Language='DE')","uri":"https://ws.parlament.ch/OData.svc/SubjectBusiness(BusinessNumber=19990464,IdSubject=28537L,Language='DE')","type":"itsystems.Pd.DataServices.DataModel.SubjectBusiness"},"Subjects":{"__deferred":{"uri":"https://ws.parlament.ch/OData.svc/SubjectBusiness(BusinessNumber=19990464,IdSubject=28537L,Language='DE')/Subjects"}},"Businesses":{"__deferred":{"uri":"https://ws.parlament.ch/OData.svc/SubjectBusiness(BusinessNumber=19990464,IdSubject=28537L,Language='DE')/Businesses"}},"IdSubject":"28537","BusinessNumber":19990464,"Language":"DE","BusinessShortNumber":"99.464","Title":"Rehabilitierung der Fl\u00fcchtlingsretter und der K\u00e4mpfer gegen Nationalsozialismus und Faschismus","SortOrder":1,"PublishedNotes":"Schlussabstimmung - Vote final\n","Modified":"\/Date(1447069098840)\/","TitleDE":"Parlamentarische Initiative\nRechsteiner Paul.\nRehabilitierung der Fl\u00fcchtlingsretter\nund der K\u00e4mpfer\ngegen Nationalsozialismus\nund Faschismus","TitleFR":"Initiative parlementaire\nRechsteiner Paul.\nR\u00e9habilitation des personnes\nayant sauv\u00e9 des r\u00e9fugi\u00e9s\nou lutt\u00e9 contre le nazisme\net le fascisme","TitleIT":null}]},"Transcripts":{"results":[{"__metadata":{"id":"https://ws.parlament.ch/OData.svc/Transcript(ID=162026L,Language='DE')","uri":"https://ws.parlament.ch/OData.svc/Transcript(ID=162026L,Language='DE')","type":"itsystems.Pd.DataServices.DataModel.Transcript"},"Subjects":{"__deferred":{"uri":"https://ws.parlament.ch/OData.svc/Transcript(ID=162026L,Language='DE')/Subjects"}},"MembersCouncil":{"__deferred":{"uri":"https://ws.parlament.ch/OData.svc/Transcript(ID=162026L,Language='DE')/MembersCouncil"}},"Businesses":{"__deferred":{"uri":"https://ws.parlament.ch/OData.svc/Transcript(ID=162026L,Language='DE')/Businesses"}},"ID":"162026","Language":"DE","IdSubject":"28537","VoteId":null,"PersonNumber":311,"Type":1,"Text":"<pd_text><p><b>Bundesgesetz \u00fcber die Aufhebung von Strafurteilen gegen Fl\u00fcchtlingshelfer zur Zeit des Nationalsozialismus </b></p>\n<p><b>Loi f\u00e9d\u00e9rale sur l'annulation des jugements p\u00e9naux prononc\u00e9s contre des personnes qui, \u00e0 l'\u00e9poque du nazisme, ont aid\u00e9 des victimes des pers\u00e9cutions \u00e0 fuir </b></p>\n<p>[VS]</p>\n<p><i>Abstimmung - Vote</i></p>\n<p>F\u00fcr Annahme des Entwurfes .... 166 Stimmen</p>\n<p>(Einstimmigkeit)</p>\n</pd_text>","MeetingCouncilAbbreviation":"N","MeetingDate":"20030620","MeetingVerbalixOid":1074,"IdSession":"4619","SpeakerFirstName":"Yves","SpeakerLastName":"Christen","SpeakerFullName":"Christen Yves","SpeakerFunction":"P-M","CouncilId":1,"CouncilName":"Nationalrat","CantonId":22,"CantonName":"Waadt","CantonAbbreviation":"VD","ParlGroupName":"Freisinnig-demokratische Fraktion","ParlGroupAbbreviation":"RL","SortOrder":1,"Start":"\/Date(1056103714254)\/","End":"\/Date(1056104267201)\/","Function":"","DisplaySpeaker":false,"LanguageOfText":"FR","Modified":"\/Date(1774878136908)\/","StartTimeWithTimezone":"\/Date(1056103714253+0120)\/","EndTimeWithTimezone":"\/Date(1056104267200+0120)\/","VoteBusinessNumber":null,"VoteBusinessShortNumber":null,"VoteBusinessTitle":null}]},"ID":"28537","Language":"DE","IdMeeting":"1770","VerbalixOid":86948,"SortOrder":128,"Modified":"\/Date(1774878136903)\/"}}