{"d":{"__metadata":{"id":"https://ws.parlament.ch/OData.svc/Subject(ID=28538L,Language='DE')","uri":"https://ws.parlament.ch/OData.svc/Subject(ID=28538L,Language='DE')","type":"itsystems.Pd.DataServices.DataModel.Subject"},"Meetings":{"__metadata":{"id":"https://ws.parlament.ch/OData.svc/Meeting(ID=1770L,Language='DE')","uri":"https://ws.parlament.ch/OData.svc/Meeting(ID=1770L,Language='DE')","type":"itsystems.Pd.DataServices.DataModel.Meeting"},"Sessions":{"__deferred":{"uri":"https://ws.parlament.ch/OData.svc/Meeting(ID=1770L,Language='DE')/Sessions"}},"Subjects":{"__deferred":{"uri":"https://ws.parlament.ch/OData.svc/Meeting(ID=1770L,Language='DE')/Subjects"}},"ID":"1770","Language":"DE","MeetingNumber":16,"IdSession":4619,"SessionNumber":19,"SessionName":"Sommersession 2003","Council":1,"CouncilName":"Nationalrat","CouncilAbbreviation":"NR","Date":"\/Date(1056067200000)\/","Begin":"0800","Modified":"\/Date(1447070365790)\/","LegislativePeriodNumber":46,"PublicationStatus":"final","MeetingOrderText":"Sechzehnte Sitzung","SortOrder":16,"Location":"N"},"SubjectsBusiness":{"results":[{"__metadata":{"id":"https://ws.parlament.ch/OData.svc/SubjectBusiness(BusinessNumber=20000088,IdSubject=28538L,Language='DE')","uri":"https://ws.parlament.ch/OData.svc/SubjectBusiness(BusinessNumber=20000088,IdSubject=28538L,Language='DE')","type":"itsystems.Pd.DataServices.DataModel.SubjectBusiness"},"Subjects":{"__deferred":{"uri":"https://ws.parlament.ch/OData.svc/SubjectBusiness(BusinessNumber=20000088,IdSubject=28538L,Language='DE')/Subjects"}},"Businesses":{"__deferred":{"uri":"https://ws.parlament.ch/OData.svc/SubjectBusiness(BusinessNumber=20000088,IdSubject=28538L,Language='DE')/Businesses"}},"IdSubject":"28538","BusinessNumber":20000088,"Language":"DE","BusinessShortNumber":"00.088","Title":"Verwendung von DNA-Profilen. Bundesgesetz","SortOrder":1,"PublishedNotes":"Schlussabstimmung - Vote final\n","Modified":"\/Date(1447069113236)\/","TitleDE":"Verwendung von DNA-Profilen.\nBundesgesetz","TitleFR":"Utilisation de profils d'ADN.\nLoi f\u00e9d\u00e9rale","TitleIT":null}]},"Transcripts":{"results":[{"__metadata":{"id":"https://ws.parlament.ch/OData.svc/Transcript(ID=162027L,Language='DE')","uri":"https://ws.parlament.ch/OData.svc/Transcript(ID=162027L,Language='DE')","type":"itsystems.Pd.DataServices.DataModel.Transcript"},"Subjects":{"__deferred":{"uri":"https://ws.parlament.ch/OData.svc/Transcript(ID=162027L,Language='DE')/Subjects"}},"MembersCouncil":{"__deferred":{"uri":"https://ws.parlament.ch/OData.svc/Transcript(ID=162027L,Language='DE')/MembersCouncil"}},"Businesses":{"__deferred":{"uri":"https://ws.parlament.ch/OData.svc/Transcript(ID=162027L,Language='DE')/Businesses"}},"ID":"162027","Language":"DE","IdSubject":"28538","VoteId":null,"PersonNumber":311,"Type":1,"Text":"<pd_text><p><b>Bundesgesetz \u00fcber die Verwendung von DNA-Profilen im Strafverfahren und zur Identifizierung von unbekannten und vermissten Personen </b></p>\n<p><b>Loi f\u00e9d\u00e9rale sur l'utilisation de profils d'ADN dans le cadre d'une proc\u00e9dure p\u00e9nale et sur l'identification de personnes inconnues ou disparues </b></p>\n<p>[VS]</p>\n<p><i>Abstimmung - Vote</i></p>\n<p>F\u00fcr Annahme des Entwurfes .... 124 Stimmen</p>\n<p>Dagegen .... 18 Stimmen</p>\n<p>[PAGE 1243] </p>\n</pd_text>","MeetingCouncilAbbreviation":"N","MeetingDate":"20030620","MeetingVerbalixOid":1074,"IdSession":"4619","SpeakerFirstName":"Yves","SpeakerLastName":"Christen","SpeakerFullName":"Christen Yves","SpeakerFunction":"P-M","CouncilId":1,"CouncilName":"Nationalrat","CantonId":22,"CantonName":"Waadt","CantonAbbreviation":"VD","ParlGroupName":"Freisinnig-demokratische Fraktion","ParlGroupAbbreviation":"RL","SortOrder":1,"Start":"\/Date(1056104267201)\/","End":"\/Date(1056104364826)\/","Function":"","DisplaySpeaker":false,"LanguageOfText":null,"Modified":"\/Date(1774878136912)\/","StartTimeWithTimezone":"\/Date(1056104267200+0120)\/","EndTimeWithTimezone":"\/Date(1056104364827+0120)\/","VoteBusinessNumber":null,"VoteBusinessShortNumber":null,"VoteBusinessTitle":null}]},"ID":"28538","Language":"DE","IdMeeting":"1770","VerbalixOid":86951,"SortOrder":129,"Modified":"\/Date(1774878136908)\/"}}