{"d":{"__metadata":{"id":"https://ws.parlament.ch/OData.svc/Subject(ID=28540L,Language='DE')","uri":"https://ws.parlament.ch/OData.svc/Subject(ID=28540L,Language='DE')","type":"itsystems.Pd.DataServices.DataModel.Subject"},"Meetings":{"__metadata":{"id":"https://ws.parlament.ch/OData.svc/Meeting(ID=1770L,Language='DE')","uri":"https://ws.parlament.ch/OData.svc/Meeting(ID=1770L,Language='DE')","type":"itsystems.Pd.DataServices.DataModel.Meeting"},"Sessions":{"__deferred":{"uri":"https://ws.parlament.ch/OData.svc/Meeting(ID=1770L,Language='DE')/Sessions"}},"Subjects":{"__deferred":{"uri":"https://ws.parlament.ch/OData.svc/Meeting(ID=1770L,Language='DE')/Subjects"}},"ID":"1770","Language":"DE","MeetingNumber":16,"IdSession":4619,"SessionNumber":19,"SessionName":"Sommersession 2003","Council":1,"CouncilName":"Nationalrat","CouncilAbbreviation":"NR","Date":"\/Date(1056067200000)\/","Begin":"0800","Modified":"\/Date(1447070365790)\/","LegislativePeriodNumber":46,"PublicationStatus":"final","MeetingOrderText":"Sechzehnte Sitzung","SortOrder":16,"Location":"N"},"SubjectsBusiness":{"results":[{"__metadata":{"id":"https://ws.parlament.ch/OData.svc/SubjectBusiness(BusinessNumber=20020047,IdSubject=28540L,Language='DE')","uri":"https://ws.parlament.ch/OData.svc/SubjectBusiness(BusinessNumber=20020047,IdSubject=28540L,Language='DE')","type":"itsystems.Pd.DataServices.DataModel.SubjectBusiness"},"Subjects":{"__deferred":{"uri":"https://ws.parlament.ch/OData.svc/SubjectBusiness(BusinessNumber=20020047,IdSubject=28540L,Language='DE')/Subjects"}},"Businesses":{"__deferred":{"uri":"https://ws.parlament.ch/OData.svc/SubjectBusiness(BusinessNumber=20020047,IdSubject=28540L,Language='DE')/Businesses"}},"IdSubject":"28540","BusinessNumber":20020047,"Language":"DE","BusinessShortNumber":"02.047","Title":"Informationssystem f\u00fcr den Ausl\u00e4nder- und den Asylbereich","SortOrder":1,"PublishedNotes":"Schlussabstimmung - Vote final\n","Modified":"\/Date(1447069172686)\/","TitleDE":"Informationssystem\nf\u00fcr den Ausl\u00e4nder-\nund den Asylbereich","TitleFR":"Syst\u00e8me d'information\ncommun aux domaines\ndes \u00e9trangers et de l'asile","TitleIT":null}]},"Transcripts":{"results":[{"__metadata":{"id":"https://ws.parlament.ch/OData.svc/Transcript(ID=162029L,Language='DE')","uri":"https://ws.parlament.ch/OData.svc/Transcript(ID=162029L,Language='DE')","type":"itsystems.Pd.DataServices.DataModel.Transcript"},"Subjects":{"__deferred":{"uri":"https://ws.parlament.ch/OData.svc/Transcript(ID=162029L,Language='DE')/Subjects"}},"MembersCouncil":{"__deferred":{"uri":"https://ws.parlament.ch/OData.svc/Transcript(ID=162029L,Language='DE')/MembersCouncil"}},"Businesses":{"__deferred":{"uri":"https://ws.parlament.ch/OData.svc/Transcript(ID=162029L,Language='DE')/Businesses"}},"ID":"162029","Language":"DE","IdSubject":"28540","VoteId":null,"PersonNumber":311,"Type":1,"Text":"<pd_text><p><b>Bundesgesetz \u00fcber das Informationssystem f\u00fcr den Ausl\u00e4nder- und den Asylbereich </b></p>\n<p><b>Loi f\u00e9d\u00e9rale sur le syst\u00e8me d'information commun aux domaines des \u00e9trangers et de l'asile </b></p>\n<p>[VS]</p>\n<p><i>Abstimmung - Vote</i></p>\n<p>F\u00fcr Annahme des Entwurfes .... 167 Stimmen</p>\n<p>(Einstimmigkeit)</p>\n<p>[PAGE 1246] </p>\n</pd_text>","MeetingCouncilAbbreviation":"N","MeetingDate":"20030620","MeetingVerbalixOid":1074,"IdSession":"4619","SpeakerFirstName":"Yves","SpeakerLastName":"Christen","SpeakerFullName":"Christen Yves","SpeakerFunction":"P-M","CouncilId":1,"CouncilName":"Nationalrat","CantonId":22,"CantonName":"Waadt","CantonAbbreviation":"VD","ParlGroupName":"Freisinnig-demokratische Fraktion","ParlGroupAbbreviation":"RL","SortOrder":1,"Start":"\/Date(1056105648928)\/","End":"\/Date(1056105710803)\/","Function":"","DisplaySpeaker":false,"LanguageOfText":null,"Modified":"\/Date(1774878136955)\/","StartTimeWithTimezone":"\/Date(1056105648927+0120)\/","EndTimeWithTimezone":"\/Date(1056105710803+0120)\/","VoteBusinessNumber":null,"VoteBusinessShortNumber":null,"VoteBusinessTitle":null}]},"ID":"28540","Language":"DE","IdMeeting":"1770","VerbalixOid":86973,"SortOrder":135,"Modified":"\/Date(1774878136950)\/"}}