{"d":{"__metadata":{"id":"https://ws.parlament.ch/OData.svc/Subject(ID=28542L,Language='DE')","uri":"https://ws.parlament.ch/OData.svc/Subject(ID=28542L,Language='DE')","type":"itsystems.Pd.DataServices.DataModel.Subject"},"Meetings":{"__metadata":{"id":"https://ws.parlament.ch/OData.svc/Meeting(ID=1770L,Language='DE')","uri":"https://ws.parlament.ch/OData.svc/Meeting(ID=1770L,Language='DE')","type":"itsystems.Pd.DataServices.DataModel.Meeting"},"Sessions":{"__deferred":{"uri":"https://ws.parlament.ch/OData.svc/Meeting(ID=1770L,Language='DE')/Sessions"}},"Subjects":{"__deferred":{"uri":"https://ws.parlament.ch/OData.svc/Meeting(ID=1770L,Language='DE')/Subjects"}},"ID":"1770","Language":"DE","MeetingNumber":16,"IdSession":4619,"SessionNumber":19,"SessionName":"Sommersession 2003","Council":1,"CouncilName":"Nationalrat","CouncilAbbreviation":"NR","Date":"\/Date(1056067200000)\/","Begin":"0800","Modified":"\/Date(1447070365790)\/","LegislativePeriodNumber":46,"PublicationStatus":"final","MeetingOrderText":"Sechzehnte Sitzung","SortOrder":16,"Location":"N"},"SubjectsBusiness":{"results":[{"__metadata":{"id":"https://ws.parlament.ch/OData.svc/SubjectBusiness(BusinessNumber=20010077,IdSubject=28542L,Language='DE')","uri":"https://ws.parlament.ch/OData.svc/SubjectBusiness(BusinessNumber=20010077,IdSubject=28542L,Language='DE')","type":"itsystems.Pd.DataServices.DataModel.SubjectBusiness"},"Subjects":{"__deferred":{"uri":"https://ws.parlament.ch/OData.svc/SubjectBusiness(BusinessNumber=20010077,IdSubject=28542L,Language='DE')/Subjects"}},"Businesses":{"__deferred":{"uri":"https://ws.parlament.ch/OData.svc/SubjectBusiness(BusinessNumber=20010077,IdSubject=28542L,Language='DE')/Businesses"}},"IdSubject":"28542","BusinessNumber":20010077,"Language":"DE","BusinessShortNumber":"01.077","Title":"Kulturg\u00fctertransfergesetz","SortOrder":1,"PublishedNotes":"Schlussabstimmung - Vote final\n","Modified":"\/Date(1447069145253)\/","TitleDE":"Kulturg\u00fctertransfergesetz","TitleFR":"Loi sur le transfert\ndes biens culturels","TitleIT":null}]},"Transcripts":{"results":[{"__metadata":{"id":"https://ws.parlament.ch/OData.svc/Transcript(ID=162031L,Language='DE')","uri":"https://ws.parlament.ch/OData.svc/Transcript(ID=162031L,Language='DE')","type":"itsystems.Pd.DataServices.DataModel.Transcript"},"Subjects":{"__deferred":{"uri":"https://ws.parlament.ch/OData.svc/Transcript(ID=162031L,Language='DE')/Subjects"}},"MembersCouncil":{"__deferred":{"uri":"https://ws.parlament.ch/OData.svc/Transcript(ID=162031L,Language='DE')/MembersCouncil"}},"Businesses":{"__deferred":{"uri":"https://ws.parlament.ch/OData.svc/Transcript(ID=162031L,Language='DE')/Businesses"}},"ID":"162031","Language":"DE","IdSubject":"28542","VoteId":null,"PersonNumber":311,"Type":1,"Text":"<pd_text><p><i>Abstimmung - Vote</i></p>\n<p>F\u00fcr Annahme des Entwurfes .... 135 Stimmen</p>\n<p>Dagegen .... 22 Stimmen</p>\n</pd_text>","MeetingCouncilAbbreviation":"N","MeetingDate":"20030620","MeetingVerbalixOid":1074,"IdSession":"4619","SpeakerFirstName":"Yves","SpeakerLastName":"Christen","SpeakerFullName":"Christen Yves","SpeakerFunction":"P-M","CouncilId":1,"CouncilName":"Nationalrat","CantonId":22,"CantonName":"Waadt","CantonAbbreviation":"VD","ParlGroupName":"Freisinnig-demokratische Fraktion","ParlGroupAbbreviation":"RL","SortOrder":3,"Start":"\/Date(1056105163841)\/","End":"\/Date(1056105252537)\/","Function":"","DisplaySpeaker":false,"LanguageOfText":null,"Modified":"\/Date(1774878136946)\/","StartTimeWithTimezone":"\/Date(1056105163840+0120)\/","EndTimeWithTimezone":"\/Date(1056105252537+0120)\/","VoteBusinessNumber":null,"VoteBusinessShortNumber":null,"VoteBusinessTitle":null},{"__metadata":{"id":"https://ws.parlament.ch/OData.svc/Transcript(ID=162032L,Language='DE')","uri":"https://ws.parlament.ch/OData.svc/Transcript(ID=162032L,Language='DE')","type":"itsystems.Pd.DataServices.DataModel.Transcript"},"Subjects":{"__deferred":{"uri":"https://ws.parlament.ch/OData.svc/Transcript(ID=162032L,Language='DE')/Subjects"}},"MembersCouncil":{"__deferred":{"uri":"https://ws.parlament.ch/OData.svc/Transcript(ID=162032L,Language='DE')/MembersCouncil"}},"Businesses":{"__deferred":{"uri":"https://ws.parlament.ch/OData.svc/Transcript(ID=162032L,Language='DE')/Businesses"}},"ID":"162032","Language":"DE","IdSubject":"28542","VoteId":null,"PersonNumber":343,"Type":1,"Text":"<pd_text><p>Im Namen der SP-Fraktion halte ich Folgendes fest: Die schamlosen Pl\u00fcnderungen im Irak haben in aller Deutlichkeit gezeigt, wie \u00fcberf\u00e4llig ein griffiges Kulturg\u00fctertransfergesetz mit Ratifizierung der Unesco-Konvention 1970 f\u00fcr die Schweiz, f\u00fcr den guten Ruf des f\u00fcnftgr\u00f6ssten Kunsthandelsplatzes, ist. Die SP-Fraktion hat sich daf\u00fcr eingesetzt, dass der nationalr\u00e4tliche Kniefall vor gewissen Kreisen des Kunsthandels r\u00fcckg\u00e4ngig gemacht wird und dass die Verj\u00e4hrungsfrist von 30 Jahren und die Entsch\u00e4digung gem\u00e4ss Kaufpreis f\u00fcr gutgl\u00e4ubig erworbenes gestohlenes Kulturgut diese Woche durchgekommen sind.</p>\n<p>Das wirksamste Instrument gegen illegalen Kulturg\u00fctertransfer allerdings fehlt in diesem Gesetz: die Meldepflicht gem\u00e4ss Geldw\u00e4schereigesetz bei Verdacht auf Raubgut. Wir erwarten darum jetzt vom Bundesrat, dass er der deutlichen Aufforderung beider R\u00e4te nachkommt, die Revision des Geldw\u00e4schereigesetzes voranzutreiben, diese dem Parlament mit Verankerung der Meldepflicht rasch vorzulegen und so mit der EU gleichzuziehen. Wir erwarten, dass der Bundesrat das Kulturg\u00fctertransfergesetz mit der Verordnung auf Anfang 2004 in Kraft setzt und dass erste bilaterale Vertr\u00e4ge auf diesen Zeitpunkt hin vorbereitet sind.</p>\n<p>Die SP-Fraktion stimmt mit diesen flankierenden Bemerkungen dem Gesetz zu.</p>\n</pd_text>","MeetingCouncilAbbreviation":"N","MeetingDate":"20030620","MeetingVerbalixOid":1074,"IdSession":"4619","SpeakerFirstName":"Vreni","SpeakerLastName":"M\u00fcller-Hemmi","SpeakerFullName":"M\u00fcller-Hemmi Vreni","SpeakerFunction":"","CouncilId":1,"CouncilName":"Nationalrat","CantonId":1,"CantonName":"Z\u00fcrich","CantonAbbreviation":"ZH","ParlGroupName":"Sozialdemokratische Fraktion","ParlGroupAbbreviation":"S","SortOrder":2,"Start":"\/Date(1056105049544)\/","End":"\/Date(1056105163841)\/","Function":"","DisplaySpeaker":true,"LanguageOfText":"DE","Modified":"\/Date(1774878136942)\/","StartTimeWithTimezone":"\/Date(1056105049543+0120)\/","EndTimeWithTimezone":"\/Date(1056105163840+0120)\/","VoteBusinessNumber":null,"VoteBusinessShortNumber":null,"VoteBusinessTitle":null},{"__metadata":{"id":"https://ws.parlament.ch/OData.svc/Transcript(ID=162033L,Language='DE')","uri":"https://ws.parlament.ch/OData.svc/Transcript(ID=162033L,Language='DE')","type":"itsystems.Pd.DataServices.DataModel.Transcript"},"Subjects":{"__deferred":{"uri":"https://ws.parlament.ch/OData.svc/Transcript(ID=162033L,Language='DE')/Subjects"}},"MembersCouncil":{"__deferred":{"uri":"https://ws.parlament.ch/OData.svc/Transcript(ID=162033L,Language='DE')/MembersCouncil"}},"Businesses":{"__deferred":{"uri":"https://ws.parlament.ch/OData.svc/Transcript(ID=162033L,Language='DE')/Businesses"}},"ID":"162033","Language":"DE","IdSubject":"28542","VoteId":null,"PersonNumber":311,"Type":1,"Text":"<pd_text><p><b>1. Bundesgesetz \u00fcber den internationalen Kulturg\u00fctertransfer </b></p>\n<p><b>1. Loi f\u00e9d\u00e9rale sur le transfert international des biens culturels </b></p>\n</pd_text>","MeetingCouncilAbbreviation":"N","MeetingDate":"20030620","MeetingVerbalixOid":1074,"IdSession":"4619","SpeakerFirstName":"Yves","SpeakerLastName":"Christen","SpeakerFullName":"Christen Yves","SpeakerFunction":"P-M","CouncilId":1,"CouncilName":"Nationalrat","CantonId":22,"CantonName":"Waadt","CantonAbbreviation":"VD","ParlGroupName":"Freisinnig-demokratische Fraktion","ParlGroupAbbreviation":"RL","SortOrder":1,"Start":"\/Date(1056105036247)\/","End":"\/Date(1056105049544)\/","Function":"","DisplaySpeaker":false,"LanguageOfText":null,"Modified":"\/Date(1774878136939)\/","StartTimeWithTimezone":"\/Date(1056105036247+0120)\/","EndTimeWithTimezone":"\/Date(1056105049543+0120)\/","VoteBusinessNumber":null,"VoteBusinessShortNumber":null,"VoteBusinessTitle":null}]},"ID":"28542","Language":"DE","IdMeeting":"1770","VerbalixOid":86965,"SortOrder":133,"Modified":"\/Date(1774878136936)\/"}}