{"d":{"__metadata":{"id":"https://ws.parlament.ch/OData.svc/Subject(ID=29016L,Language='DE')","uri":"https://ws.parlament.ch/OData.svc/Subject(ID=29016L,Language='DE')","type":"itsystems.Pd.DataServices.DataModel.Subject"},"Meetings":{"__metadata":{"id":"https://ws.parlament.ch/OData.svc/Meeting(ID=1782L,Language='DE')","uri":"https://ws.parlament.ch/OData.svc/Meeting(ID=1782L,Language='DE')","type":"itsystems.Pd.DataServices.DataModel.Meeting"},"Sessions":{"__deferred":{"uri":"https://ws.parlament.ch/OData.svc/Meeting(ID=1782L,Language='DE')/Sessions"}},"Subjects":{"__deferred":{"uri":"https://ws.parlament.ch/OData.svc/Meeting(ID=1782L,Language='DE')/Subjects"}},"ID":"1782","Language":"DE","MeetingNumber":6,"IdSession":4912,"SessionNumber":12,"SessionName":"Fr\u00fchjahrssession 2014","Council":2,"CouncilName":"St\u00e4nderat","CouncilAbbreviation":"SR","Date":"\/Date(1394496000000)\/","Begin":"0815","Modified":"\/Date(1447070371633)\/","LegislativePeriodNumber":49,"PublicationStatus":"final","MeetingOrderText":"Sechste Sitzung","SortOrder":6,"Location":"S"},"SubjectsBusiness":{"results":[{"__metadata":{"id":"https://ws.parlament.ch/OData.svc/SubjectBusiness(BusinessNumber=20130052,IdSubject=29016L,Language='DE')","uri":"https://ws.parlament.ch/OData.svc/SubjectBusiness(BusinessNumber=20130052,IdSubject=29016L,Language='DE')","type":"itsystems.Pd.DataServices.DataModel.SubjectBusiness"},"Subjects":{"__deferred":{"uri":"https://ws.parlament.ch/OData.svc/SubjectBusiness(BusinessNumber=20130052,IdSubject=29016L,Language='DE')/Subjects"}},"Businesses":{"__deferred":{"uri":"https://ws.parlament.ch/OData.svc/SubjectBusiness(BusinessNumber=20130052,IdSubject=29016L,Language='DE')/Businesses"}},"IdSubject":"29016","BusinessNumber":20130052,"Language":"DE","BusinessShortNumber":"13.052","Title":"Vermittlung schweizerischer Bildung im Ausland. Bundesgesetz","SortOrder":1,"PublishedNotes":"Differenzen - Divergences\n","Modified":"\/Date(1447069579400)\/","TitleDE":"Vermittlung schweizerischer Bildung\nim Ausland. Bundesgesetz","TitleFR":"Transmission de la formation suisse\n\u00e0 l'\u00e9tranger. Loi f\u00e9d\u00e9rale","TitleIT":null}]},"Transcripts":{"results":[{"__metadata":{"id":"https://ws.parlament.ch/OData.svc/Transcript(ID=163516L,Language='DE')","uri":"https://ws.parlament.ch/OData.svc/Transcript(ID=163516L,Language='DE')","type":"itsystems.Pd.DataServices.DataModel.Transcript"},"Subjects":{"__deferred":{"uri":"https://ws.parlament.ch/OData.svc/Transcript(ID=163516L,Language='DE')/Subjects"}},"MembersCouncil":{"__deferred":{"uri":"https://ws.parlament.ch/OData.svc/Transcript(ID=163516L,Language='DE')/MembersCouncil"}},"Businesses":{"__deferred":{"uri":"https://ws.parlament.ch/OData.svc/Transcript(ID=163516L,Language='DE')/Businesses"}},"ID":"163516","Language":"DE","IdSubject":"29016","VoteId":null,"PersonNumber":825,"Type":1,"Text":"<pd_text><p><i>Angenommen - Adopt\u00e9</i></p>\n</pd_text>","MeetingCouncilAbbreviation":"S","MeetingDate":"20140311","MeetingVerbalixOid":2427,"IdSession":"4912","SpeakerFirstName":"Hannes","SpeakerLastName":"Germann","SpeakerFullName":"Germann Hannes","SpeakerFunction":"P-M","CouncilId":2,"CouncilName":"St\u00e4nderat","CantonId":14,"CantonName":"Schaffhausen","CantonAbbreviation":"SH","ParlGroupName":"Fraktion der Schweizerischen Volkspartei","ParlGroupAbbreviation":"V","SortOrder":4,"Start":"\/Date(1394539534283)\/","End":"\/Date(1394539558720)\/","Function":"P-M","DisplaySpeaker":false,"LanguageOfText":null,"Modified":"\/Date(1510850322577)\/","StartTimeWithTimezone":"\/Date(1394539534283+0060)\/","EndTimeWithTimezone":"\/Date(1394539558720+0060)\/","VoteBusinessNumber":null,"VoteBusinessShortNumber":null,"VoteBusinessTitle":null},{"__metadata":{"id":"https://ws.parlament.ch/OData.svc/Transcript(ID=163517L,Language='DE')","uri":"https://ws.parlament.ch/OData.svc/Transcript(ID=163517L,Language='DE')","type":"itsystems.Pd.DataServices.DataModel.Transcript"},"Subjects":{"__deferred":{"uri":"https://ws.parlament.ch/OData.svc/Transcript(ID=163517L,Language='DE')/Subjects"}},"MembersCouncil":{"__deferred":{"uri":"https://ws.parlament.ch/OData.svc/Transcript(ID=163517L,Language='DE')/MembersCouncil"}},"Businesses":{"__deferred":{"uri":"https://ws.parlament.ch/OData.svc/Transcript(ID=163517L,Language='DE')/Businesses"}},"ID":"163517","Language":"DE","IdSubject":"29016","VoteId":null,"PersonNumber":1161,"Type":1,"Text":"<pd_text><p>Effectivement, la divergence qui subsistait et qui vient d'\u00eatre supprim\u00e9e par votre commission, ne nous pose pas de probl\u00e8me. Je crois que l'id\u00e9e \u00e9tait de pouvoir garantir l'admission dans les \u00e9coles suisses \u00e0 l'\u00e9tranger de tous les enfants de nationalit\u00e9 suisse int\u00e9ress\u00e9s remplissant les conditions requises. Cette proposition a \u00e9t\u00e9 pr\u00e9sent\u00e9e au Conseil national \u00e0 la suite de la discussion sur la pertinence d'une limite de dix pour cent des \u00e9l\u00e8ves de nationalit\u00e9 suisse dans les \u00e9coles, ce qui dans le fond ne poserait pas de probl\u00e8me par rapport \u00e0 la situation actuelle mais pourrait \u00e0 l'avenir en poser en termes de qualit\u00e9.</p>\n<p>Effectivement, un nouvel \u00e9l\u00e9ment apparu depuis, puisque Madame Savary le mentionne, concerne l'int\u00e9gration de la loi sur la transmission de la formation suisse \u00e0 l'\u00e9tranger dans la loi sur les Suisses de l'\u00e9tranger. Je vous avais d\u00e9j\u00e0 [PAGE 148] indiqu\u00e9 que ce d\u00e9bat devrait avoir lieu un jour au Parlement. Vous avez la possibilit\u00e9 de le faire si vous le souhaitez. C'est techniquement r\u00e9alisable - nous en avions parl\u00e9. Par contre, nous avons d\u00e9sormais la position du Conseil f\u00e9d\u00e9ral \u00e0 ce sujet, prise dans le cadre de la loi sur les Suisses de l'\u00e9tranger. Ce dernier vous propose de renoncer \u00e0 cette int\u00e9gration, partant de l'id\u00e9e que nous avons affaire \u00e0 des textes qui sont de nature tr\u00e8s diff\u00e9rente. La loi sur la transmission de la formation suisse \u00e0 l'\u00e9tranger est une loi qui est tr\u00e8s d\u00e9taill\u00e9e, une loi d'organisation, qui n'a pas les m\u00eames sujets et les m\u00eames objets que la loi sur les Suisses de l'\u00e9tranger, qui est un peu plus g\u00e9n\u00e9rale. En termes de rigueur de conception l\u00e9gislative, il serait pr\u00e9f\u00e9rable d'avoir deux lois plut\u00f4t qu'une loi int\u00e9gr\u00e9e. Je suis tr\u00e8s au clair sur le fait que cela ne change strictement rien \u00e0 l'harmonisation des travaux. Il est \u00e9videmment tr\u00e8s important pour nous que la coordination avec le D\u00e9partement f\u00e9d\u00e9ral des affaires \u00e9trang\u00e8res se passe au mieux dans ce domaine. Il s'agit m\u00eame d'une coordination qui est inscrite dans la loi et qui n'a pas pos\u00e9 de difficult\u00e9s particuli\u00e8res jusqu'ici et qui n'en posera pas non plus \u00e0 l'avenir. Cela n'emp\u00eache pas non plus, \u00e9videmment, la cr\u00e9ation d'un guichet unique pour ce qui concerne l'acc\u00e8s aux services des Suisses de l'\u00e9tranger.</p>\n<p>Cette d\u00e9cision a \u00e9t\u00e9 prise tr\u00e8s r\u00e9cemment par le Conseil f\u00e9d\u00e9ral. Voil\u00e0 la position que je voulais vous communiquer puisque vous l'avez mentionn\u00e9e. Techniquement, une int\u00e9gration reste r\u00e9alisable. C'est \u00e0 vous qu'il appartiendra d'en juger. </p>\n</pd_text>","MeetingCouncilAbbreviation":"S","MeetingDate":"20140311","MeetingVerbalixOid":2427,"IdSession":"4912","SpeakerFirstName":"Alain","SpeakerLastName":"Berset","SpeakerFullName":"Berset Alain","SpeakerFunction":"BR-M","CouncilId":99,"CouncilName":"Bundesrat","CantonId":10,"CantonName":"Freiburg","CantonAbbreviation":"FR","ParlGroupName":null,"ParlGroupAbbreviation":null,"SortOrder":3,"Start":"\/Date(1394539363370)\/","End":"\/Date(1394539534283)\/","Function":"BR-M","DisplaySpeaker":true,"LanguageOfText":"FR","Modified":"\/Date(1510850322577)\/","StartTimeWithTimezone":"\/Date(1394539363370+0060)\/","EndTimeWithTimezone":"\/Date(1394539534283+0060)\/","VoteBusinessNumber":null,"VoteBusinessShortNumber":null,"VoteBusinessTitle":null},{"__metadata":{"id":"https://ws.parlament.ch/OData.svc/Transcript(ID=163518L,Language='DE')","uri":"https://ws.parlament.ch/OData.svc/Transcript(ID=163518L,Language='DE')","type":"itsystems.Pd.DataServices.DataModel.Transcript"},"Subjects":{"__deferred":{"uri":"https://ws.parlament.ch/OData.svc/Transcript(ID=163518L,Language='DE')/Subjects"}},"MembersCouncil":{"__deferred":{"uri":"https://ws.parlament.ch/OData.svc/Transcript(ID=163518L,Language='DE')/MembersCouncil"}},"Businesses":{"__deferred":{"uri":"https://ws.parlament.ch/OData.svc/Transcript(ID=163518L,Language='DE')/Businesses"}},"ID":"163518","Language":"DE","IdSubject":"29016","VoteId":null,"PersonNumber":1148,"Type":1,"Text":"<pd_text><p>C'est en effet une toute petite divergence que la commission a examin\u00e9e ce matin \u00e0 propos de la loi sur la transmission de la formation suisse \u00e0 l'\u00e9tranger. A l'unanimit\u00e9, la commission a accept\u00e9 d'adh\u00e9rer \u00e0 la d\u00e9cision du Conseil national \u00e0 l'article 3 alin\u00e9a 1 lettre p. Cette disposition pr\u00e9voit d'inciter les \u00e9coles suisses \u00e0 l'\u00e9tranger \u00e0 accepter le maximum d'enfants suisses et \u00e0 \u00e9viter par cons\u00e9quent que les \u00e9coles s'arr\u00eatent au taux plancher fix\u00e9 dans la loi.</p>\n<p>La commission a jug\u00e9 que c'\u00e9tait une proposition remplie de bon sens qui ne pouvait que correspondre aux objectifs g\u00e9n\u00e9raux de ce projet de loi. Elle vous invite sans h\u00e9sitation \u00e0 aller de l'avant en \u00e9liminant cette divergence pour que le projet soit pr\u00eat pour le vote final le 21 mars prochain.</p>\n<p>Par ailleurs, ce matin, la commission a abord\u00e9 la question du lien entre la loi sur la transmission de la formation suisse \u00e0 l'\u00e9tranger et la loi sur les Suisses de l'\u00e9tranger. Elle a discut\u00e9 de la fa\u00e7on d'agir. Comme le Conseil f\u00e9d\u00e9ral, ainsi que vous avez pu le dire dans le Bulletin officiel, propose de renoncer \u00e0 inscrire des articles de la loi sur la transmission de la formation suisse \u00e0 l'\u00e9tranger dans la loi sur les Suisses de l'\u00e9tranger, la commission s'est aussi prononc\u00e9e en faveur du projet du Conseil f\u00e9d\u00e9ral sur cette question. Nous y reviendrons bien \u00e9videmment le 17 mars prochain, mais je souhaitais en toute transparence vous faire part de cette discussion et de cette d\u00e9cision.</p>\n</pd_text>","MeetingCouncilAbbreviation":"S","MeetingDate":"20140311","MeetingVerbalixOid":2427,"IdSession":"4912","SpeakerFirstName":"G\u00e9raldine","SpeakerLastName":"Savary","SpeakerFullName":"Savary G\u00e9raldine","SpeakerFunction":"Mit-F","CouncilId":2,"CouncilName":"St\u00e4nderat","CantonId":22,"CantonName":"Waadt","CantonAbbreviation":"VD","ParlGroupName":"Sozialdemokratische Fraktion","ParlGroupAbbreviation":"S","SortOrder":2,"Start":"\/Date(1394539244173)\/","End":"\/Date(1394539363370)\/","Function":"*","DisplaySpeaker":true,"LanguageOfText":"FR","Modified":"\/Date(1510850322577)\/","StartTimeWithTimezone":"\/Date(1394539244173+0060)\/","EndTimeWithTimezone":"\/Date(1394539363370+0060)\/","VoteBusinessNumber":null,"VoteBusinessShortNumber":null,"VoteBusinessTitle":null},{"__metadata":{"id":"https://ws.parlament.ch/OData.svc/Transcript(ID=163519L,Language='DE')","uri":"https://ws.parlament.ch/OData.svc/Transcript(ID=163519L,Language='DE')","type":"itsystems.Pd.DataServices.DataModel.Transcript"},"Subjects":{"__deferred":{"uri":"https://ws.parlament.ch/OData.svc/Transcript(ID=163519L,Language='DE')/Subjects"}},"MembersCouncil":{"__deferred":{"uri":"https://ws.parlament.ch/OData.svc/Transcript(ID=163519L,Language='DE')/MembersCouncil"}},"Businesses":{"__deferred":{"uri":"https://ws.parlament.ch/OData.svc/Transcript(ID=163519L,Language='DE')/Businesses"}},"ID":"163519","Language":"DE","IdSubject":"29016","VoteId":null,"PersonNumber":825,"Type":1,"Text":"<pd_text><p><b>Bundesgesetz \u00fcber die Vermittlung schweizerischer Bildung im Ausland</b></p>\n<p><b>Loi f\u00e9d\u00e9rale sur la transmission de la formation suisse \u00e0 l'\u00e9tranger</b></p>\n<p>[VS]</p>\n<p><b>Art. 3 Abs. 1 Bst. p</b></p>\n<p><i>Antrag der Kommission</i></p>\n<p>Zustimmung zum Beschluss des Nationalrates</p>\n<p>[VS]</p>\n<p><b>Art. 3 al. 1 let. p</b></p>\n<p><i>Proposition de la commission</i></p>\n<p>Adh\u00e9rer \u00e0 la d\u00e9cision du Conseil national</p>\n</pd_text>","MeetingCouncilAbbreviation":"S","MeetingDate":"20140311","MeetingVerbalixOid":2427,"IdSession":"4912","SpeakerFirstName":"Hannes","SpeakerLastName":"Germann","SpeakerFullName":"Germann Hannes","SpeakerFunction":"P-M","CouncilId":2,"CouncilName":"St\u00e4nderat","CantonId":14,"CantonName":"Schaffhausen","CantonAbbreviation":"SH","ParlGroupName":"Fraktion der Schweizerischen Volkspartei","ParlGroupAbbreviation":"V","SortOrder":1,"Start":"\/Date(1394539212670)\/","End":"\/Date(1394539244173)\/","Function":"P-M","DisplaySpeaker":false,"LanguageOfText":null,"Modified":"\/Date(1510850322577)\/","StartTimeWithTimezone":"\/Date(1394539212670+0060)\/","EndTimeWithTimezone":"\/Date(1394539244173+0060)\/","VoteBusinessNumber":null,"VoteBusinessShortNumber":null,"VoteBusinessTitle":null}]},"ID":"29016","Language":"DE","IdMeeting":"1782","VerbalixOid":431966,"SortOrder":3,"Modified":"\/Date(1510850322577)\/"}}