{"d":{"__metadata":{"id":"https://ws.parlament.ch/OData.svc/Subject(ID=29018L,Language='DE')","uri":"https://ws.parlament.ch/OData.svc/Subject(ID=29018L,Language='DE')","type":"itsystems.Pd.DataServices.DataModel.Subject"},"Meetings":{"__metadata":{"id":"https://ws.parlament.ch/OData.svc/Meeting(ID=1783L,Language='DE')","uri":"https://ws.parlament.ch/OData.svc/Meeting(ID=1783L,Language='DE')","type":"itsystems.Pd.DataServices.DataModel.Meeting"},"Sessions":{"__deferred":{"uri":"https://ws.parlament.ch/OData.svc/Meeting(ID=1783L,Language='DE')/Sessions"}},"Subjects":{"__deferred":{"uri":"https://ws.parlament.ch/OData.svc/Meeting(ID=1783L,Language='DE')/Subjects"}},"ID":"1783","Language":"DE","MeetingNumber":16,"IdSession":4912,"SessionNumber":12,"SessionName":"Fr\u00fchjahrssession 2014","Council":1,"CouncilName":"Nationalrat","CouncilAbbreviation":"NR","Date":"\/Date(1395273600000)\/","Begin":"1500","Modified":"\/Date(1447070371967)\/","LegislativePeriodNumber":49,"PublicationStatus":"final","MeetingOrderText":"Sechzehnte Sitzung","SortOrder":16,"Location":"N"},"SubjectsBusiness":{"results":[{"__metadata":{"id":"https://ws.parlament.ch/OData.svc/SubjectBusiness(BusinessNumber=20110417,IdSubject=29018L,Language='DE')","uri":"https://ws.parlament.ch/OData.svc/SubjectBusiness(BusinessNumber=20110417,IdSubject=29018L,Language='DE')","type":"itsystems.Pd.DataServices.DataModel.SubjectBusiness"},"Subjects":{"__deferred":{"uri":"https://ws.parlament.ch/OData.svc/SubjectBusiness(BusinessNumber=20110417,IdSubject=29018L,Language='DE')/Subjects"}},"Businesses":{"__deferred":{"uri":"https://ws.parlament.ch/OData.svc/SubjectBusiness(BusinessNumber=20110417,IdSubject=29018L,Language='DE')/Businesses"}},"IdSubject":"29018","BusinessNumber":20110417,"Language":"DE","BusinessShortNumber":"11.417","Title":"Einschr\u00e4nkung der Suspensionsverf\u00fcgungen","SortOrder":1,"PublishedNotes":"Vorpr\u00fcfung - Examen pr\u00e9alable\n","Modified":"\/Date(1447069494156)\/","TitleDE":"Parlamentarische Initiative\nHeer Alfred.\nEinschr\u00e4nkung\nder Suspensionsverf\u00fcgungen","TitleFR":"Initiative parlementaire\nHeer Alfred.\nD\u00e9cisions de suspension pour raisons\nfamiliales. Que les criminels\ncessent d'en profiter!","TitleIT":null}]},"Transcripts":{"results":[{"__metadata":{"id":"https://ws.parlament.ch/OData.svc/Transcript(ID=163547L,Language='DE')","uri":"https://ws.parlament.ch/OData.svc/Transcript(ID=163547L,Language='DE')","type":"itsystems.Pd.DataServices.DataModel.Transcript"},"Subjects":{"__deferred":{"uri":"https://ws.parlament.ch/OData.svc/Transcript(ID=163547L,Language='DE')/Subjects"}},"MembersCouncil":{"__deferred":{"uri":"https://ws.parlament.ch/OData.svc/Transcript(ID=163547L,Language='DE')/MembersCouncil"}},"Businesses":{"__deferred":{"uri":"https://ws.parlament.ch/OData.svc/Transcript(ID=163547L,Language='DE')/Businesses"}},"ID":"163547","Language":"DE","IdSubject":"29018","VoteId":null,"PersonNumber":490,"Type":1,"Text":"<pd_text><p><i>Zur\u00fcckgezogen - Retir\u00e9</i></p>\n</pd_text>","MeetingCouncilAbbreviation":"N","MeetingDate":"20140320","MeetingVerbalixOid":2445,"IdSession":"4912","SpeakerFirstName":"Ruedi","SpeakerLastName":"Lustenberger","SpeakerFullName":"Lustenberger Ruedi","SpeakerFunction":"P-M","CouncilId":1,"CouncilName":"Nationalrat","CantonId":3,"CantonName":"Luzern","CantonAbbreviation":"LU","ParlGroupName":"Fraktion CVP-EVP","ParlGroupAbbreviation":"M-E","SortOrder":3,"Start":"\/Date(1395337037697)\/","End":"\/Date(1395337084475)\/","Function":"P-M","DisplaySpeaker":false,"LanguageOfText":null,"Modified":"\/Date(1774877530230)\/","StartTimeWithTimezone":"\/Date(1395337037697+0060)\/","EndTimeWithTimezone":"\/Date(1395337084477+0060)\/","VoteBusinessNumber":null,"VoteBusinessShortNumber":null,"VoteBusinessTitle":null},{"__metadata":{"id":"https://ws.parlament.ch/OData.svc/Transcript(ID=163548L,Language='DE')","uri":"https://ws.parlament.ch/OData.svc/Transcript(ID=163548L,Language='DE')","type":"itsystems.Pd.DataServices.DataModel.Transcript"},"Subjects":{"__deferred":{"uri":"https://ws.parlament.ch/OData.svc/Transcript(ID=163548L,Language='DE')/Subjects"}},"MembersCouncil":{"__deferred":{"uri":"https://ws.parlament.ch/OData.svc/Transcript(ID=163548L,Language='DE')/MembersCouncil"}},"Businesses":{"__deferred":{"uri":"https://ws.parlament.ch/OData.svc/Transcript(ID=163548L,Language='DE')/Businesses"}},"ID":"163548","Language":"DE","IdSubject":"29018","VoteId":null,"PersonNumber":3887,"Type":1,"Text":"<pd_text><p>Bei dieser parlamentarischen Initiative geht es darum, die Suspensionsverf\u00fcgungen einzuschr\u00e4nken. Das heisst, Personen, welche mit einem Landesverweis belegt sind, sollen nicht mehr so einfach in die Schweiz einreisen k\u00f6nnen, wie das heute der Fall ist. Es gab ja verschiedene Vorf\u00e4lle in unserem Land, wo kriminelle Personen, die ausgeschafft worden und mit einem Landesverweis belegt waren, f\u00fcr Familienbesuche zur\u00fcck in die Schweiz einreisen konnten und dann delinquiert haben.</p>\n<p>Nachdem in den vorangehenden Beratungen zum Gesch\u00e4ft 13.056 Artikel 67 Absatz 5 des Ausl\u00e4ndergesetzes im Sinne der parlamentarischen Initiative versch\u00e4rft wurde, kann ich bekanntgeben, dass ich diese parlamentarische Initiative zur\u00fcckziehe, da sie in ihrem Sinne und Geiste erf\u00fcllt ist.</p>\n</pd_text>","MeetingCouncilAbbreviation":"N","MeetingDate":"20140320","MeetingVerbalixOid":2445,"IdSession":"4912","SpeakerFirstName":"Alfred","SpeakerLastName":"Heer","SpeakerFullName":"Heer Alfred","SpeakerFunction":"Mit-M","CouncilId":1,"CouncilName":"Nationalrat","CantonId":1,"CantonName":"Z\u00fcrich","CantonAbbreviation":"ZH","ParlGroupName":"Fraktion der Schweizerischen Volkspartei","ParlGroupAbbreviation":"V","SortOrder":2,"Start":"\/Date(1395336980247)\/","End":"\/Date(1395337037697)\/","Function":"Mit-M","DisplaySpeaker":true,"LanguageOfText":"DE","Modified":"\/Date(1774877530228)\/","StartTimeWithTimezone":"\/Date(1395336980247+0060)\/","EndTimeWithTimezone":"\/Date(1395337037697+0060)\/","VoteBusinessNumber":null,"VoteBusinessShortNumber":null,"VoteBusinessTitle":null},{"__metadata":{"id":"https://ws.parlament.ch/OData.svc/Transcript(ID=163549L,Language='DE')","uri":"https://ws.parlament.ch/OData.svc/Transcript(ID=163549L,Language='DE')","type":"itsystems.Pd.DataServices.DataModel.Transcript"},"Subjects":{"__deferred":{"uri":"https://ws.parlament.ch/OData.svc/Transcript(ID=163549L,Language='DE')/Subjects"}},"MembersCouncil":{"__deferred":{"uri":"https://ws.parlament.ch/OData.svc/Transcript(ID=163549L,Language='DE')/MembersCouncil"}},"Businesses":{"__deferred":{"uri":"https://ws.parlament.ch/OData.svc/Transcript(ID=163549L,Language='DE')/Businesses"}},"ID":"163549","Language":"DE","IdSubject":"29018","VoteId":null,"PersonNumber":490,"Type":1,"Text":"<pd_text><p><b>Pr\u00e4sident </b>(Lustenberger Ruedi, Pr\u00e4sident): Es liegt ein schriftlicher Bericht der Kommission vor. Die Kommission beantragt, der Initiative keine Folge zu geben.</p>\n</pd_text>","MeetingCouncilAbbreviation":"N","MeetingDate":"20140320","MeetingVerbalixOid":2445,"IdSession":"4912","SpeakerFirstName":"Ruedi","SpeakerLastName":"Lustenberger","SpeakerFullName":"Lustenberger Ruedi","SpeakerFunction":"P-M","CouncilId":1,"CouncilName":"Nationalrat","CantonId":3,"CantonName":"Luzern","CantonAbbreviation":"LU","ParlGroupName":"Fraktion CVP-EVP","ParlGroupAbbreviation":"M-E","SortOrder":1,"Start":"\/Date(1395336927508)\/","End":"\/Date(1395336980247)\/","Function":"P-M","DisplaySpeaker":false,"LanguageOfText":null,"Modified":"\/Date(1774877530226)\/","StartTimeWithTimezone":"\/Date(1395336927507+0060)\/","EndTimeWithTimezone":"\/Date(1395336980247+0060)\/","VoteBusinessNumber":null,"VoteBusinessShortNumber":null,"VoteBusinessTitle":null}]},"ID":"29018","Language":"DE","IdMeeting":"1783","VerbalixOid":435319,"SortOrder":3,"Modified":"\/Date(1774877530225)\/"}}