{"d":{"__metadata":{"id":"https://ws.parlament.ch/OData.svc/Subject(ID=2919L,Language='DE')","uri":"https://ws.parlament.ch/OData.svc/Subject(ID=2919L,Language='DE')","type":"itsystems.Pd.DataServices.DataModel.Subject"},"Meetings":{"__metadata":{"id":"https://ws.parlament.ch/OData.svc/Meeting(ID=209L,Language='DE')","uri":"https://ws.parlament.ch/OData.svc/Meeting(ID=209L,Language='DE')","type":"itsystems.Pd.DataServices.DataModel.Meeting"},"Sessions":{"__deferred":{"uri":"https://ws.parlament.ch/OData.svc/Meeting(ID=209L,Language='DE')/Sessions"}},"Subjects":{"__deferred":{"uri":"https://ws.parlament.ch/OData.svc/Meeting(ID=209L,Language='DE')/Subjects"}},"ID":"209","Language":"DE","MeetingNumber":17,"IdSession":4609,"SessionNumber":9,"SessionName":"Herbstsession 2001","Council":1,"CouncilName":"Nationalrat","CouncilAbbreviation":"NR","Date":"\/Date(1002240000000)\/","Begin":"0800","Modified":"\/Date(1447069766500)\/","LegislativePeriodNumber":46,"PublicationStatus":"final","MeetingOrderText":"Siebzehnte Sitzung","SortOrder":17,"Location":"N"},"SubjectsBusiness":{"results":[{"__metadata":{"id":"https://ws.parlament.ch/OData.svc/SubjectBusiness(BusinessNumber=20000093,IdSubject=2919L,Language='DE')","uri":"https://ws.parlament.ch/OData.svc/SubjectBusiness(BusinessNumber=20000093,IdSubject=2919L,Language='DE')","type":"itsystems.Pd.DataServices.DataModel.SubjectBusiness"},"Subjects":{"__deferred":{"uri":"https://ws.parlament.ch/OData.svc/SubjectBusiness(BusinessNumber=20000093,IdSubject=2919L,Language='DE')/Subjects"}},"Businesses":{"__deferred":{"uri":"https://ws.parlament.ch/OData.svc/SubjectBusiness(BusinessNumber=20000093,IdSubject=2919L,Language='DE')/Businesses"}},"IdSubject":"2919","BusinessNumber":20000093,"Language":"DE","BusinessShortNumber":"00.093","Title":"\"F\u00fcr den Beitritt der Schweiz zur UNO\". Volksinitiative","SortOrder":1,"PublishedNotes":"Schlussabstimmung - Vote final\n","Modified":"\/Date(1447069113376)\/","TitleDE":"F\u00fcr den Beitritt\nder Schweiz zur Uno. \nVolksinitiative","TitleFR":"Adh\u00e9sion\nde la Suisse \u00e0 l'ONU.\nInitiative populaire","TitleIT":null}]},"Transcripts":{"results":[{"__metadata":{"id":"https://ws.parlament.ch/OData.svc/Transcript(ID=15342L,Language='DE')","uri":"https://ws.parlament.ch/OData.svc/Transcript(ID=15342L,Language='DE')","type":"itsystems.Pd.DataServices.DataModel.Transcript"},"Subjects":{"__deferred":{"uri":"https://ws.parlament.ch/OData.svc/Transcript(ID=15342L,Language='DE')/Subjects"}},"MembersCouncil":{"__deferred":{"uri":"https://ws.parlament.ch/OData.svc/Transcript(ID=15342L,Language='DE')/MembersCouncil"}},"Businesses":{"__deferred":{"uri":"https://ws.parlament.ch/OData.svc/Transcript(ID=15342L,Language='DE')/Businesses"}},"ID":"15342","Language":"DE","IdSubject":"2919","VoteId":"1594","PersonNumber":null,"Type":2,"Text":"<pd_text><p><i>Abstimmung - Vote </i></p>\n<p>[NAM]</p>\n<p>F\u00fcr Annahme des Entwurfes .... 147 Stimmen</p>\n<p>Dagegen .... 39 Stimmen</p>\n</pd_text>","MeetingCouncilAbbreviation":"N","MeetingDate":"20011005","MeetingVerbalixOid":846,"IdSession":"4609","SpeakerFirstName":null,"SpeakerLastName":null,"SpeakerFullName":"","SpeakerFunction":null,"CouncilId":null,"CouncilName":null,"CantonId":null,"CantonName":null,"CantonAbbreviation":null,"ParlGroupName":null,"ParlGroupAbbreviation":null,"SortOrder":2,"Start":"\/Date(1002271394519)\/","End":"\/Date(1002271394519)\/","Function":null,"DisplaySpeaker":null,"LanguageOfText":"DE","Modified":"\/Date(1774878223019)\/","StartTimeWithTimezone":"\/Date(1002271394520+0120)\/","EndTimeWithTimezone":"\/Date(1002271394520+0120)\/","VoteBusinessNumber":20000093,"VoteBusinessShortNumber":"00.093","VoteBusinessTitle":"F\u00fcr den Beitritt\nder Schweiz zur Uno. \nVolksinitiative"},{"__metadata":{"id":"https://ws.parlament.ch/OData.svc/Transcript(ID=15343L,Language='DE')","uri":"https://ws.parlament.ch/OData.svc/Transcript(ID=15343L,Language='DE')","type":"itsystems.Pd.DataServices.DataModel.Transcript"},"Subjects":{"__deferred":{"uri":"https://ws.parlament.ch/OData.svc/Transcript(ID=15343L,Language='DE')/Subjects"}},"MembersCouncil":{"__deferred":{"uri":"https://ws.parlament.ch/OData.svc/Transcript(ID=15343L,Language='DE')/MembersCouncil"}},"Businesses":{"__deferred":{"uri":"https://ws.parlament.ch/OData.svc/Transcript(ID=15343L,Language='DE')/Businesses"}},"ID":"15343","Language":"DE","IdSubject":"2919","VoteId":null,"PersonNumber":111,"Type":1,"Text":"<pd_text><p><b>Bundesbeschluss \u00fcber die Volksinitiative \"f\u00fcr den Beitritt der Schweiz zur Organisation der Vereinten Nationen (Uno)\"  </b></p>\n<p><b>Arr\u00eat\u00e9 f\u00e9d\u00e9ral sur l'initiative populaire \"pour l'adh\u00e9sion de la Suisse \u00e0 l'Organisation des Nations Unies (ONU)\"  </b></p>\n</pd_text>","MeetingCouncilAbbreviation":"N","MeetingDate":"20011005","MeetingVerbalixOid":846,"IdSession":"4609","SpeakerFirstName":"Peter","SpeakerLastName":"Hess","SpeakerFullName":"Hess Peter","SpeakerFunction":"P-M","CouncilId":1,"CouncilName":"Nationalrat","CantonId":9,"CantonName":"Zug","CantonAbbreviation":"ZG","ParlGroupName":"Christlichdemokratische Fraktion","ParlGroupAbbreviation":"M-E","SortOrder":1,"Start":"\/Date(1002271307825)\/","End":"\/Date(1002271394519)\/","Function":"","DisplaySpeaker":false,"LanguageOfText":null,"Modified":"\/Date(1774878223014)\/","StartTimeWithTimezone":"\/Date(1002271307827+0120)\/","EndTimeWithTimezone":"\/Date(1002271394520+0120)\/","VoteBusinessNumber":null,"VoteBusinessShortNumber":null,"VoteBusinessTitle":null}]},"ID":"2919","Language":"DE","IdMeeting":"209","VerbalixOid":39167,"SortOrder":127,"Modified":"\/Date(1774878223010)\/"}}