{"d":{"__metadata":{"id":"https://ws.parlament.ch/OData.svc/Subject(ID=29605L,Language='DE')","uri":"https://ws.parlament.ch/OData.svc/Subject(ID=29605L,Language='DE')","type":"itsystems.Pd.DataServices.DataModel.Subject"},"Meetings":{"__metadata":{"id":"https://ws.parlament.ch/OData.svc/Meeting(ID=1816L,Language='DE')","uri":"https://ws.parlament.ch/OData.svc/Meeting(ID=1816L,Language='DE')","type":"itsystems.Pd.DataServices.DataModel.Meeting"},"Sessions":{"__deferred":{"uri":"https://ws.parlament.ch/OData.svc/Meeting(ID=1816L,Language='DE')/Sessions"}},"Subjects":{"__deferred":{"uri":"https://ws.parlament.ch/OData.svc/Meeting(ID=1816L,Language='DE')/Subjects"}},"ID":"1816","Language":"DE","MeetingNumber":7,"IdSession":4915,"SessionNumber":15,"SessionName":"Herbstsession 2014","Council":1,"CouncilName":"Nationalrat","CouncilAbbreviation":"NR","Date":"\/Date(1410825600000)\/","Begin":"0800","Modified":"\/Date(1447070383557)\/","LegislativePeriodNumber":49,"PublicationStatus":"final","MeetingOrderText":"Siebte Sitzung","SortOrder":7,"Location":"N"},"SubjectsBusiness":{"results":[{"__metadata":{"id":"https://ws.parlament.ch/OData.svc/SubjectBusiness(BusinessNumber=20123894,IdSubject=29605L,Language='DE')","uri":"https://ws.parlament.ch/OData.svc/SubjectBusiness(BusinessNumber=20123894,IdSubject=29605L,Language='DE')","type":"itsystems.Pd.DataServices.DataModel.SubjectBusiness"},"Subjects":{"__deferred":{"uri":"https://ws.parlament.ch/OData.svc/SubjectBusiness(BusinessNumber=20123894,IdSubject=29605L,Language='DE')/Subjects"}},"Businesses":{"__deferred":{"uri":"https://ws.parlament.ch/OData.svc/SubjectBusiness(BusinessNumber=20123894,IdSubject=29605L,Language='DE')/Businesses"}},"IdSubject":"29605","BusinessNumber":20123894,"Language":"DE","BusinessShortNumber":"12.3894","Title":"Unternehmensbesteuerung. Sicherstellen, dass der gesamte Gesch\u00e4ftsgewinn besteuert wird","SortOrder":1,"PublishedNotes":null,"Modified":"\/Date(1447069559983)\/","TitleDE":"Motion Amarelle Cesla.\nUnternehmensbesteuerung.\nSicherstellen, dass der gesamte\nGesch\u00e4ftsgewinn besteuert wird","TitleFR":"Motion Amarelle Cesla.\nImposition des entreprises.\nConsacrer une garantie\nde fiscalisation de tout revenu op\u00e9r\u00e9","TitleIT":null}]},"Transcripts":{"results":[{"__metadata":{"id":"https://ws.parlament.ch/OData.svc/Transcript(ID=166577L,Language='DE')","uri":"https://ws.parlament.ch/OData.svc/Transcript(ID=166577L,Language='DE')","type":"itsystems.Pd.DataServices.DataModel.Transcript"},"Subjects":{"__deferred":{"uri":"https://ws.parlament.ch/OData.svc/Transcript(ID=166577L,Language='DE')/Subjects"}},"MembersCouncil":{"__deferred":{"uri":"https://ws.parlament.ch/OData.svc/Transcript(ID=166577L,Language='DE')/MembersCouncil"}},"Businesses":{"__deferred":{"uri":"https://ws.parlament.ch/OData.svc/Transcript(ID=166577L,Language='DE')/Businesses"}},"ID":"166577","Language":"DE","IdSubject":"29605","VoteId":null,"PersonNumber":1139,"Type":1,"Text":"<pd_text><p><b>Pr\u00e4sidentin </b>(Markwalder Christa, zweite Vizepr\u00e4sidentin): Die Motion wurde von Frau Amarelle zur\u00fcckgezogen. </p>\n<p>[VS]</p>\n<p><i>Zur\u00fcckgezogen - Retir\u00e9</i></p>\n</pd_text>","MeetingCouncilAbbreviation":"N","MeetingDate":"20140916","MeetingVerbalixOid":2506,"IdSession":"4915","SpeakerFirstName":"Christa","SpeakerLastName":"Markwalder","SpeakerFullName":"Markwalder Christa","SpeakerFunction":"2VP-F","CouncilId":1,"CouncilName":"Nationalrat","CantonId":2,"CantonName":"Bern","CantonAbbreviation":"BE","ParlGroupName":"FDP-Liberale Fraktion","ParlGroupAbbreviation":"RL","SortOrder":2,"Start":"\/Date(1410866182483)\/","End":"\/Date(1410866184050)\/","Function":"2VP-F","DisplaySpeaker":false,"LanguageOfText":null,"Modified":"\/Date(1774877486715)\/","StartTimeWithTimezone":"\/Date(1410866182483+0120)\/","EndTimeWithTimezone":"\/Date(1410866184050+0120)\/","VoteBusinessNumber":null,"VoteBusinessShortNumber":null,"VoteBusinessTitle":null},{"__metadata":{"id":"https://ws.parlament.ch/OData.svc/Transcript(ID=166578L,Language='DE')","uri":"https://ws.parlament.ch/OData.svc/Transcript(ID=166578L,Language='DE')","type":"itsystems.Pd.DataServices.DataModel.Transcript"},"Subjects":{"__deferred":{"uri":"https://ws.parlament.ch/OData.svc/Transcript(ID=166578L,Language='DE')/Subjects"}},"MembersCouncil":{"__deferred":{"uri":"https://ws.parlament.ch/OData.svc/Transcript(ID=166578L,Language='DE')/MembersCouncil"}},"Businesses":{"__deferred":{"uri":"https://ws.parlament.ch/OData.svc/Transcript(ID=166578L,Language='DE')/Businesses"}},"ID":"166578","Language":"DE","IdSubject":"29605","VoteId":null,"PersonNumber":4107,"Type":1,"Text":"<pd_text><p>Cette motion d\u00e9pos\u00e9e en septembre 2012 a pour but une r\u00e9vision l\u00e9gislative visant \u00e0 garantir une fiscalisation de tout revenu op\u00e9r\u00e9, pour \u00e9viter les types d'abus de soci\u00e9t\u00e9s b\u00e9n\u00e9ficiant d'un statut sp\u00e9cial. Cette motion est devenue sans objet, et je vais donc la retirer \u00e9tant donn\u00e9 que le Conseil f\u00e9d\u00e9ral a d\u00e9cid\u00e9 de r\u00e9former et de supprimer les statuts sp\u00e9ciaux et qu'il s'est engag\u00e9 dans la r\u00e9forme de l'imposition des entreprises III. </p>\n<p>A ce propos, je tiens \u00e0 signaler que le groupe socialiste reste tr\u00e8s attentif \u00e0 la situation et qu'il veillera \u00e0 ce que les recettes des collectivit\u00e9s publiques ne soient pas pr\u00e9t\u00e9rit\u00e9es par cette r\u00e9forme. A d\u00e9faut, il est \u00e9videmment tr\u00e8s probable, \u00e0 la suite de l'exp\u00e9rience de la r\u00e9forme de l'imposition des entreprises II, que les forces politiques de gauche combattront la r\u00e9forme de l'imposition des entreprises III, par r\u00e9f\u00e9rendum s'il le faut. </p>\n</pd_text>","MeetingCouncilAbbreviation":"N","MeetingDate":"20140916","MeetingVerbalixOid":2506,"IdSession":"4915","SpeakerFirstName":"Cesla","SpeakerLastName":"Amarelle","SpeakerFullName":"Amarelle Cesla","SpeakerFunction":"Mit-F","CouncilId":1,"CouncilName":"Nationalrat","CantonId":22,"CantonName":"Waadt","CantonAbbreviation":"VD","ParlGroupName":"Sozialdemokratische Fraktion","ParlGroupAbbreviation":"S","SortOrder":1,"Start":"\/Date(1410866126346)\/","End":"\/Date(1410866182483)\/","Function":"Mit-F","DisplaySpeaker":true,"LanguageOfText":"FR","Modified":"\/Date(1774877486712)\/","StartTimeWithTimezone":"\/Date(1410866126347+0120)\/","EndTimeWithTimezone":"\/Date(1410866182483+0120)\/","VoteBusinessNumber":null,"VoteBusinessShortNumber":null,"VoteBusinessTitle":null}]},"ID":"29605","Language":"DE","IdMeeting":"1816","VerbalixOid":445873,"SortOrder":11,"Modified":"\/Date(1774877486710)\/"}}