{"d":{"__metadata":{"id":"https://ws.parlament.ch/OData.svc/Subject(ID=30229L,Language='DE')","uri":"https://ws.parlament.ch/OData.svc/Subject(ID=30229L,Language='DE')","type":"itsystems.Pd.DataServices.DataModel.Subject"},"Meetings":{"__metadata":{"id":"https://ws.parlament.ch/OData.svc/Meeting(ID=1825L,Language='DE')","uri":"https://ws.parlament.ch/OData.svc/Meeting(ID=1825L,Language='DE')","type":"itsystems.Pd.DataServices.DataModel.Meeting"},"Sessions":{"__deferred":{"uri":"https://ws.parlament.ch/OData.svc/Meeting(ID=1825L,Language='DE')/Sessions"}},"Subjects":{"__deferred":{"uri":"https://ws.parlament.ch/OData.svc/Meeting(ID=1825L,Language='DE')/Subjects"}},"ID":"1825","Language":"DE","MeetingNumber":13,"IdSession":4809,"SessionNumber":9,"SessionName":"Sommersession 2009","Council":2,"CouncilName":"St\u00e4nderat","CouncilAbbreviation":"SR","Date":"\/Date(1244592000000)\/","Begin":"0820","Modified":"\/Date(1447070390213)\/","LegislativePeriodNumber":48,"PublicationStatus":"final","MeetingOrderText":"Dreizehnte Sitzung","SortOrder":13,"Location":"S"},"SubjectsBusiness":{"results":[{"__metadata":{"id":"https://ws.parlament.ch/OData.svc/SubjectBusiness(BusinessNumber=20030411,IdSubject=30229L,Language='DE')","uri":"https://ws.parlament.ch/OData.svc/SubjectBusiness(BusinessNumber=20030411,IdSubject=30229L,Language='DE')","type":"itsystems.Pd.DataServices.DataModel.SubjectBusiness"},"Subjects":{"__deferred":{"uri":"https://ws.parlament.ch/OData.svc/SubjectBusiness(BusinessNumber=20030411,IdSubject=30229L,Language='DE')/Subjects"}},"Businesses":{"__deferred":{"uri":"https://ws.parlament.ch/OData.svc/SubjectBusiness(BusinessNumber=20030411,IdSubject=30229L,Language='DE')/Businesses"}},"IdSubject":"30229","BusinessNumber":20030411,"Language":"DE","BusinessShortNumber":"03.411","Title":"Wiederzulassung von Formel-1-Autorennen","SortOrder":1,"PublishedNotes":"Differenzen - Divergences\n","Modified":"\/Date(1447069205866)\/","TitleDE":"Parlamentarische Initiative\nGiezendanner Ulrich.\nWiederzulassung\nvon Formel-1-Autorennen","TitleFR":"Initiative parlementaire\nGiezendanner Ulrich.\nLever l'interdiction\ndes courses de formule 1","TitleIT":null}]},"Transcripts":{"results":[{"__metadata":{"id":"https://ws.parlament.ch/OData.svc/Transcript(ID=167776L,Language='DE')","uri":"https://ws.parlament.ch/OData.svc/Transcript(ID=167776L,Language='DE')","type":"itsystems.Pd.DataServices.DataModel.Transcript"},"Subjects":{"__deferred":{"uri":"https://ws.parlament.ch/OData.svc/Transcript(ID=167776L,Language='DE')/Subjects"}},"MembersCouncil":{"__deferred":{"uri":"https://ws.parlament.ch/OData.svc/Transcript(ID=167776L,Language='DE')/MembersCouncil"}},"Businesses":{"__deferred":{"uri":"https://ws.parlament.ch/OData.svc/Transcript(ID=167776L,Language='DE')/Businesses"}},"ID":"167776","Language":"DE","IdSubject":"30229","VoteId":null,"PersonNumber":1161,"Type":1,"Text":"<pd_text><p>La proposition de la minorit\u00e9 a \u00e9t\u00e9 retir\u00e9e.</p>\n<p>[VS]</p>\n<p><i>Angenommen gem\u00e4ss Antrag der Mehrheit</i></p>\n<p><i>Adopt\u00e9 selon la proposition de la majorit\u00e9</i></p>\n<p>[VS]</p>\n<p><b>Le pr\u00e9sident </b>(Berset Alain, pr\u00e9sident): L'objet est ainsi d\u00e9finitivement liquid\u00e9.</p>\n</pd_text>","MeetingCouncilAbbreviation":"S","MeetingDate":"20090610","MeetingVerbalixOid":1828,"IdSession":"4809","SpeakerFirstName":"Alain","SpeakerLastName":"Berset","SpeakerFullName":"Berset Alain","SpeakerFunction":"P-M","CouncilId":2,"CouncilName":"St\u00e4nderat","CantonId":10,"CantonName":"Freiburg","CantonAbbreviation":"FR","ParlGroupName":"Sozialdemokratische Fraktion","ParlGroupAbbreviation":"S","SortOrder":6,"Start":"\/Date(1244627147443)\/","End":"\/Date(1244627170083)\/","Function":"P-M","DisplaySpeaker":true,"LanguageOfText":"FR","Modified":"\/Date(1510850445457)\/","StartTimeWithTimezone":"\/Date(1244627147443+0120)\/","EndTimeWithTimezone":"\/Date(1244627170083+0120)\/","VoteBusinessNumber":null,"VoteBusinessShortNumber":null,"VoteBusinessTitle":null},{"__metadata":{"id":"https://ws.parlament.ch/OData.svc/Transcript(ID=167777L,Language='DE')","uri":"https://ws.parlament.ch/OData.svc/Transcript(ID=167777L,Language='DE')","type":"itsystems.Pd.DataServices.DataModel.Transcript"},"Subjects":{"__deferred":{"uri":"https://ws.parlament.ch/OData.svc/Transcript(ID=167777L,Language='DE')/Subjects"}},"MembersCouncil":{"__deferred":{"uri":"https://ws.parlament.ch/OData.svc/Transcript(ID=167777L,Language='DE')/MembersCouncil"}},"Businesses":{"__deferred":{"uri":"https://ws.parlament.ch/OData.svc/Transcript(ID=167777L,Language='DE')/Businesses"}},"ID":"167777","Language":"DE","IdSubject":"30229","VoteId":null,"PersonNumber":134,"Type":1,"Text":"<pd_text><p>Ich meinerseits bin sowohl vom Inhalt Ihrer Beratungen als auch vom atemberaubenden Tempo, das schon fast Formel-1-Geschwindigkeit annimmt, entz\u00fcckt und schliesse mich Ihnen gerne an.</p>\n</pd_text>","MeetingCouncilAbbreviation":"S","MeetingDate":"20090610","MeetingVerbalixOid":1828,"IdSession":"4809","SpeakerFirstName":"Moritz","SpeakerLastName":"Leuenberger","SpeakerFullName":"Leuenberger Moritz","SpeakerFunction":"BR-M","CouncilId":99,"CouncilName":"Bundesrat","CantonId":1,"CantonName":"Z\u00fcrich","CantonAbbreviation":"ZH","ParlGroupName":null,"ParlGroupAbbreviation":null,"SortOrder":5,"Start":"\/Date(1244627123663)\/","End":"\/Date(1244627147443)\/","Function":"BR-M","DisplaySpeaker":true,"LanguageOfText":"DE","Modified":"\/Date(1510850445457)\/","StartTimeWithTimezone":"\/Date(1244627123663+0120)\/","EndTimeWithTimezone":"\/Date(1244627147443+0120)\/","VoteBusinessNumber":null,"VoteBusinessShortNumber":null,"VoteBusinessTitle":null},{"__metadata":{"id":"https://ws.parlament.ch/OData.svc/Transcript(ID=167778L,Language='DE')","uri":"https://ws.parlament.ch/OData.svc/Transcript(ID=167778L,Language='DE')","type":"itsystems.Pd.DataServices.DataModel.Transcript"},"Subjects":{"__deferred":{"uri":"https://ws.parlament.ch/OData.svc/Transcript(ID=167778L,Language='DE')/Subjects"}},"MembersCouncil":{"__deferred":{"uri":"https://ws.parlament.ch/OData.svc/Transcript(ID=167778L,Language='DE')/MembersCouncil"}},"Businesses":{"__deferred":{"uri":"https://ws.parlament.ch/OData.svc/Transcript(ID=167778L,Language='DE')/Businesses"}},"ID":"167778","Language":"DE","IdSubject":"30229","VoteId":null,"PersonNumber":277,"Type":1,"Text":"<pd_text><p>Ich habe am Sonntagnachmittag ein breitformuliertes Votum vorbereitet. Im Sinne der K\u00fcrze der Debatte m\u00f6chte ich unseren ehemaligen Kollegen Kaspar Rhyner zitieren, der nach einer langen Debatte \u00fcber den Ausbau der Botschaft in Berlin um die Mittagszeit herum, etwa um halb ein Uhr, gesagt hat, er verzichte auf sein Votum, das \u00fcbrigens eines der besten des Morgens gewesen w\u00e4re. Ich schliesse mich seiner Aussage an, obwohl ich so bescheiden bin zu sagen, es w\u00e4re lediglich ein Durchschnittsvotum gewesen. Aber da Einstimmigkeit herrscht, verzichte ich darauf. Wir sind damit einstimmig der Meinung, dass wir nicht auf das Gesch\u00e4ft eintreten sollten. Dies betrifft vor allem die Thematik der Formel-1-Rennen; \u00fcber andere Dinge kann man getrost zweierlei Meinung sein. </p>\n<p>Ich bitte Sie, der Mehrheit Ihrer Kommission zu folgen.</p>\n</pd_text>","MeetingCouncilAbbreviation":"S","MeetingDate":"20090610","MeetingVerbalixOid":1828,"IdSession":"4809","SpeakerFirstName":"Peter","SpeakerLastName":"Bieri","SpeakerFullName":"Bieri Peter","SpeakerFunction":"Mit-M","CouncilId":2,"CouncilName":"St\u00e4nderat","CantonId":9,"CantonName":"Zug","CantonAbbreviation":"ZG","ParlGroupName":"Christlichdemokratische Fraktion","ParlGroupAbbreviation":"M-E","SortOrder":4,"Start":"\/Date(1244627051920)\/","End":"\/Date(1244627123663)\/","Function":"*","DisplaySpeaker":true,"LanguageOfText":"DE","Modified":"\/Date(1510850445457)\/","StartTimeWithTimezone":"\/Date(1244627051920+0120)\/","EndTimeWithTimezone":"\/Date(1244627123663+0120)\/","VoteBusinessNumber":null,"VoteBusinessShortNumber":null,"VoteBusinessTitle":null},{"__metadata":{"id":"https://ws.parlament.ch/OData.svc/Transcript(ID=167779L,Language='DE')","uri":"https://ws.parlament.ch/OData.svc/Transcript(ID=167779L,Language='DE')","type":"itsystems.Pd.DataServices.DataModel.Transcript"},"Subjects":{"__deferred":{"uri":"https://ws.parlament.ch/OData.svc/Transcript(ID=167779L,Language='DE')/Subjects"}},"MembersCouncil":{"__deferred":{"uri":"https://ws.parlament.ch/OData.svc/Transcript(ID=167779L,Language='DE')/MembersCouncil"}},"Businesses":{"__deferred":{"uri":"https://ws.parlament.ch/OData.svc/Transcript(ID=167779L,Language='DE')/Businesses"}},"ID":"167779","Language":"DE","IdSubject":"30229","VoteId":null,"PersonNumber":276,"Type":1,"Text":"<pd_text><p>Die Minderheit, bestehend aus Herrn Hess und mir, hat sich heute an einer Sondersitzung nochmals mit der Frage auseinandergesetzt. Wir sind nach wie vor der Meinung, dass die Erstellung und der Betrieb von Rundstrecken auch wirtschaftlich Sinn machen k\u00f6nnte. Eigentlich ist es nicht einsichtig, warum man ein Motorfahrzeugrennen von Punkt A nach Punkt B machen kann, nicht aber ein Rennen im Kreise herum. Nun hat sich die ganze Frage allzu sehr auf die Formel 1 fokussiert - eine v\u00f6llig unrealistische Idee - und ist damit auch weg von jeder sachlichen Diskussion. Die Kommission hat denn auch mit allen gegen 2 Stimmen das Vorhaben abgelehnt, nachdem es der Rat schon einmal abgelehnt hatte.</p>\n<p>Nun gibt es oder gab es einmal in unserem Rat gute Sitten. Eine der guten Sitten bestand darin, dass man keine Minderheitsantr\u00e4ge stellt, wenn man nur zu zweit ist. Damit tr\u00e4gt man auch zur Verhandlungs\u00f6konomie in diesem Rat bei. Ich m\u00f6chte zumindest signalisieren, dass man solche Sitten in diesem Rat wieder einf\u00fchren m\u00fcsste, damit wir nicht st\u00e4ndig Nachmittagssitzungen abhalten m\u00fcssen. Ich werde deshalb wegen Hoffnungslosigkeit, aber auch im Interesse der Verhandlungs\u00f6konomie den Minderheitsantrag zur\u00fcckziehen. Ich habe mir nat\u00fcrlich auch \u00fcberlegt, ob ich einen R\u00fcckweisungsantrag stellen solle. Herr Freitag hat heute ja einen gewaltigen Erfolg mit einem solchen gehabt. Ich pers\u00f6nlich habe damit nicht sehr gute Erfahrungen gemacht und verzichte deshalb auf einen R\u00fcckweisungsantrag.</p>\n<p>Der Minderheitsantrag ist zur\u00fcckgezogen.</p>\n</pd_text>","MeetingCouncilAbbreviation":"S","MeetingDate":"20090610","MeetingVerbalixOid":1828,"IdSession":"4809","SpeakerFirstName":"Christoffel","SpeakerLastName":"Br\u00e4ndli","SpeakerFullName":"Br\u00e4ndli Christoffel","SpeakerFunction":"Mit-M","CouncilId":2,"CouncilName":"St\u00e4nderat","CantonId":18,"CantonName":"Graub\u00fcnden","CantonAbbreviation":"GR","ParlGroupName":"Fraktion der Schweizerischen Volkspartei","ParlGroupAbbreviation":"V","SortOrder":3,"Start":"\/Date(1244626932057)\/","End":"\/Date(1244627051920)\/","Function":"Mit-M","DisplaySpeaker":true,"LanguageOfText":"DE","Modified":"\/Date(1510850445457)\/","StartTimeWithTimezone":"\/Date(1244626932057+0120)\/","EndTimeWithTimezone":"\/Date(1244627051920+0120)\/","VoteBusinessNumber":null,"VoteBusinessShortNumber":null,"VoteBusinessTitle":null},{"__metadata":{"id":"https://ws.parlament.ch/OData.svc/Transcript(ID=167780L,Language='DE')","uri":"https://ws.parlament.ch/OData.svc/Transcript(ID=167780L,Language='DE')","type":"itsystems.Pd.DataServices.DataModel.Transcript"},"Subjects":{"__deferred":{"uri":"https://ws.parlament.ch/OData.svc/Transcript(ID=167780L,Language='DE')/Subjects"}},"MembersCouncil":{"__deferred":{"uri":"https://ws.parlament.ch/OData.svc/Transcript(ID=167780L,Language='DE')/MembersCouncil"}},"Businesses":{"__deferred":{"uri":"https://ws.parlament.ch/OData.svc/Transcript(ID=167780L,Language='DE')/Businesses"}},"ID":"167780","Language":"DE","IdSubject":"30229","VoteId":null,"PersonNumber":277,"Type":1,"Text":"<pd_text><p>In Absprache mit Herrn Br\u00e4ndli, der die Minderheit vertritt, schlage ich Ihnen vor, dass zuerst Herr Br\u00e4ndli f\u00fcr die Minderheit spricht. Aufgrund der \u00c4usserungen, die er mir gegen\u00fcber gemacht hat, k\u00f6nnte damit die Debatte eventuell etwas verk\u00fcrzt werden. Das ist sicher auch im Sinne des Ratspr\u00e4sidenten.</p>\n</pd_text>","MeetingCouncilAbbreviation":"S","MeetingDate":"20090610","MeetingVerbalixOid":1828,"IdSession":"4809","SpeakerFirstName":"Peter","SpeakerLastName":"Bieri","SpeakerFullName":"Bieri Peter","SpeakerFunction":"Mit-M","CouncilId":2,"CouncilName":"St\u00e4nderat","CantonId":9,"CantonName":"Zug","CantonAbbreviation":"ZG","ParlGroupName":"Christlichdemokratische Fraktion","ParlGroupAbbreviation":"M-E","SortOrder":2,"Start":"\/Date(1244626904557)\/","End":"\/Date(1244626932057)\/","Function":"*","DisplaySpeaker":true,"LanguageOfText":"DE","Modified":"\/Date(1510850445457)\/","StartTimeWithTimezone":"\/Date(1244626904557+0120)\/","EndTimeWithTimezone":"\/Date(1244626932057+0120)\/","VoteBusinessNumber":null,"VoteBusinessShortNumber":null,"VoteBusinessTitle":null},{"__metadata":{"id":"https://ws.parlament.ch/OData.svc/Transcript(ID=167781L,Language='DE')","uri":"https://ws.parlament.ch/OData.svc/Transcript(ID=167781L,Language='DE')","type":"itsystems.Pd.DataServices.DataModel.Transcript"},"Subjects":{"__deferred":{"uri":"https://ws.parlament.ch/OData.svc/Transcript(ID=167781L,Language='DE')/Subjects"}},"MembersCouncil":{"__deferred":{"uri":"https://ws.parlament.ch/OData.svc/Transcript(ID=167781L,Language='DE')/MembersCouncil"}},"Businesses":{"__deferred":{"uri":"https://ws.parlament.ch/OData.svc/Transcript(ID=167781L,Language='DE')/Businesses"}},"ID":"167781","Language":"DE","IdSubject":"30229","VoteId":null,"PersonNumber":1161,"Type":1,"Text":"<pd_text><p><i>Antrag der Mehrheit</i></p>\n<p>Festhalten</p>\n<p>(= Nichteintreten)</p>\n<p>[VS]</p>\n<p><i>Antrag der Minderheit</i></p>\n<p>(Br\u00e4ndli, Hess)</p>\n<p>Zustimmung zum Beschluss des Nationalrates</p>\n<p>(= Eintreten)</p>\n<p>[VS]</p>\n<p><i>Proposition de la majorit\u00e9</i></p>\n<p>Maintenir</p>\n<p>(= Ne pas entrer en mati\u00e8re)</p>\n<p>[VS]</p>\n<p><i>Proposition de la minorit\u00e9</i></p>\n<p>(Br\u00e4ndli, Hess)</p>\n<p>Adh\u00e9rer \u00e0 la d\u00e9cision du Conseil national</p>\n<p>(= Entrer en mati\u00e8re)</p>\n</pd_text>","MeetingCouncilAbbreviation":"S","MeetingDate":"20090610","MeetingVerbalixOid":1828,"IdSession":"4809","SpeakerFirstName":"Alain","SpeakerLastName":"Berset","SpeakerFullName":"Berset Alain","SpeakerFunction":"P-M","CouncilId":2,"CouncilName":"St\u00e4nderat","CantonId":10,"CantonName":"Freiburg","CantonAbbreviation":"FR","ParlGroupName":"Sozialdemokratische Fraktion","ParlGroupAbbreviation":"S","SortOrder":1,"Start":"\/Date(1244626871733)\/","End":"\/Date(1244626904557)\/","Function":"P-M","DisplaySpeaker":false,"LanguageOfText":null,"Modified":"\/Date(1510850445457)\/","StartTimeWithTimezone":"\/Date(1244626871733+0120)\/","EndTimeWithTimezone":"\/Date(1244626904557+0120)\/","VoteBusinessNumber":null,"VoteBusinessShortNumber":null,"VoteBusinessTitle":null}]},"ID":"30229","Language":"DE","IdMeeting":"1825","VerbalixOid":303341,"SortOrder":7,"Modified":"\/Date(1510850445440)\/"}}