{"d":{"__metadata":{"id":"https://ws.parlament.ch/OData.svc/Subject(ID=30230L,Language='DE')","uri":"https://ws.parlament.ch/OData.svc/Subject(ID=30230L,Language='DE')","type":"itsystems.Pd.DataServices.DataModel.Subject"},"Meetings":{"__metadata":{"id":"https://ws.parlament.ch/OData.svc/Meeting(ID=1825L,Language='DE')","uri":"https://ws.parlament.ch/OData.svc/Meeting(ID=1825L,Language='DE')","type":"itsystems.Pd.DataServices.DataModel.Meeting"},"Sessions":{"__deferred":{"uri":"https://ws.parlament.ch/OData.svc/Meeting(ID=1825L,Language='DE')/Sessions"}},"Subjects":{"__deferred":{"uri":"https://ws.parlament.ch/OData.svc/Meeting(ID=1825L,Language='DE')/Subjects"}},"ID":"1825","Language":"DE","MeetingNumber":13,"IdSession":4809,"SessionNumber":9,"SessionName":"Sommersession 2009","Council":2,"CouncilName":"St\u00e4nderat","CouncilAbbreviation":"SR","Date":"\/Date(1244592000000)\/","Begin":"0820","Modified":"\/Date(1447070390213)\/","LegislativePeriodNumber":48,"PublicationStatus":"final","MeetingOrderText":"Dreizehnte Sitzung","SortOrder":13,"Location":"S"},"SubjectsBusiness":{"results":[{"__metadata":{"id":"https://ws.parlament.ch/OData.svc/SubjectBusiness(BusinessNumber=20080067,IdSubject=30230L,Language='DE')","uri":"https://ws.parlament.ch/OData.svc/SubjectBusiness(BusinessNumber=20080067,IdSubject=30230L,Language='DE')","type":"itsystems.Pd.DataServices.DataModel.SubjectBusiness"},"Subjects":{"__deferred":{"uri":"https://ws.parlament.ch/OData.svc/SubjectBusiness(BusinessNumber=20080067,IdSubject=30230L,Language='DE')/Subjects"}},"Businesses":{"__deferred":{"uri":"https://ws.parlament.ch/OData.svc/SubjectBusiness(BusinessNumber=20080067,IdSubject=30230L,Language='DE')/Businesses"}},"IdSubject":"30230","BusinessNumber":20080067,"Language":"DE","BusinessShortNumber":"08.067","Title":"Immunit\u00e4t von Nationalrat M\u00f6rgeli. Gesuch um Aufhebung","SortOrder":1,"PublishedNotes":"Zweitrat - Deuxi\u00e8me Conseil\n","Modified":"\/Date(1447069362243)\/","TitleDE":"Immunit\u00e4t\nvon Nationalrat M\u00f6rgeli.\nGesuch um Aufhebung","TitleFR":"Immunit\u00e9 de M. M\u00f6rgeli,\nconseiller national.\nDemande de lev\u00e9e","TitleIT":null}]},"Transcripts":{"results":[{"__metadata":{"id":"https://ws.parlament.ch/OData.svc/Transcript(ID=167782L,Language='DE')","uri":"https://ws.parlament.ch/OData.svc/Transcript(ID=167782L,Language='DE')","type":"itsystems.Pd.DataServices.DataModel.Transcript"},"Subjects":{"__deferred":{"uri":"https://ws.parlament.ch/OData.svc/Transcript(ID=167782L,Language='DE')/Subjects"}},"MembersCouncil":{"__deferred":{"uri":"https://ws.parlament.ch/OData.svc/Transcript(ID=167782L,Language='DE')/MembersCouncil"}},"Businesses":{"__deferred":{"uri":"https://ws.parlament.ch/OData.svc/Transcript(ID=167782L,Language='DE')/Businesses"}},"ID":"167782","Language":"DE","IdSubject":"30230","VoteId":null,"PersonNumber":1161,"Type":1,"Text":"<pd_text><p><i>Angenommen - Adopt\u00e9</i></p>\n<p>[VS]</p>\n<p><b>Le pr\u00e9sident </b>(Berset Alain, pr\u00e9sident): L'objet est ainsi liquid\u00e9.</p>\n</pd_text>","MeetingCouncilAbbreviation":"S","MeetingDate":"20090610","MeetingVerbalixOid":1828,"IdSession":"4809","SpeakerFirstName":"Alain","SpeakerLastName":"Berset","SpeakerFullName":"Berset Alain","SpeakerFunction":"P-M","CouncilId":2,"CouncilName":"St\u00e4nderat","CantonId":10,"CantonName":"Freiburg","CantonAbbreviation":"FR","ParlGroupName":"Sozialdemokratische Fraktion","ParlGroupAbbreviation":"S","SortOrder":3,"Start":"\/Date(1244628489457)\/","End":"\/Date(1244628518297)\/","Function":"P-M","DisplaySpeaker":false,"LanguageOfText":null,"Modified":"\/Date(1510850445487)\/","StartTimeWithTimezone":"\/Date(1244628489457+0120)\/","EndTimeWithTimezone":"\/Date(1244628518297+0120)\/","VoteBusinessNumber":null,"VoteBusinessShortNumber":null,"VoteBusinessTitle":null},{"__metadata":{"id":"https://ws.parlament.ch/OData.svc/Transcript(ID=167783L,Language='DE')","uri":"https://ws.parlament.ch/OData.svc/Transcript(ID=167783L,Language='DE')","type":"itsystems.Pd.DataServices.DataModel.Transcript"},"Subjects":{"__deferred":{"uri":"https://ws.parlament.ch/OData.svc/Transcript(ID=167783L,Language='DE')/Subjects"}},"MembersCouncil":{"__deferred":{"uri":"https://ws.parlament.ch/OData.svc/Transcript(ID=167783L,Language='DE')/MembersCouncil"}},"Businesses":{"__deferred":{"uri":"https://ws.parlament.ch/OData.svc/Transcript(ID=167783L,Language='DE')/Businesses"}},"ID":"167783","Language":"DE","IdSubject":"30230","VoteId":null,"PersonNumber":531,"Type":1,"Text":"<pd_text><p>Die Kommission beantragt Ihnen, die Immunit\u00e4t von Nationalrat M\u00f6rgeli nicht aufzuheben.</p>\n<p>F\u00fcr die Begr\u00fcndung verweise ich auf den schriftlichen Bericht unserer Kommission f\u00fcr Rechtsfragen. Auch hier sind die besonderen Umst\u00e4nde dieses Falles zu ber\u00fccksichtigen. Auch hier liegt ein Verstoss gegen die Ratsvorschriften vor. Dieser Verstoss ist jedoch insofern nachvollziehbar, als sich bereits mehrere Personen \u00f6ffentlich zu dieser Angelegenheit ge\u00e4ussert hatten, und dies noch bevor Nationalrat M\u00f6rgeli die Presse informierte. Wir finden somit auch in diesem Fall, dass die H\u00fcrde f\u00fcr die Aufhebung der parlamentarischen Immunit\u00e4t hoch anzusetzen ist. Dies f\u00fchrt auch hier zum Antrag, dass die Immunit\u00e4t von Nationalrat M\u00f6rgeli nicht aufzuheben ist. Auch der Nationalrat hat Herrn M\u00f6rgelis Immunit\u00e4t nicht aufgehoben.</p>\n</pd_text>","MeetingCouncilAbbreviation":"S","MeetingDate":"20090610","MeetingVerbalixOid":1828,"IdSession":"4809","SpeakerFirstName":"Hansruedi","SpeakerLastName":"Stadler","SpeakerFullName":"Stadler Hansruedi","SpeakerFunction":"Mit-M","CouncilId":2,"CouncilName":"St\u00e4nderat","CantonId":4,"CantonName":"Uri","CantonAbbreviation":"UR","ParlGroupName":"Fraktion CVP/EVP/glp","ParlGroupAbbreviation":"M-E","SortOrder":2,"Start":"\/Date(1244628430337)\/","End":"\/Date(1244628489457)\/","Function":"*","DisplaySpeaker":true,"LanguageOfText":"DE","Modified":"\/Date(1510850445487)\/","StartTimeWithTimezone":"\/Date(1244628430337+0120)\/","EndTimeWithTimezone":"\/Date(1244628489457+0120)\/","VoteBusinessNumber":null,"VoteBusinessShortNumber":null,"VoteBusinessTitle":null},{"__metadata":{"id":"https://ws.parlament.ch/OData.svc/Transcript(ID=167784L,Language='DE')","uri":"https://ws.parlament.ch/OData.svc/Transcript(ID=167784L,Language='DE')","type":"itsystems.Pd.DataServices.DataModel.Transcript"},"Subjects":{"__deferred":{"uri":"https://ws.parlament.ch/OData.svc/Transcript(ID=167784L,Language='DE')/Subjects"}},"MembersCouncil":{"__deferred":{"uri":"https://ws.parlament.ch/OData.svc/Transcript(ID=167784L,Language='DE')/MembersCouncil"}},"Businesses":{"__deferred":{"uri":"https://ws.parlament.ch/OData.svc/Transcript(ID=167784L,Language='DE')/Businesses"}},"ID":"167784","Language":"DE","IdSubject":"30230","VoteId":null,"PersonNumber":1161,"Type":1,"Text":"<pd_text><p><i>Antrag der Kommission</i></p>\n<p>Eintreten und die Immunit\u00e4t nicht aufheben</p>\n<p>[VS]</p>\n<p><i>Proposition de la commission</i></p>\n<p>Entrer en mati\u00e8re et ne pas lever l'immunit\u00e9</p>\n<p>[VS]</p>\n<p><b>Le pr\u00e9sident </b>(Berset Alain, pr\u00e9sident): Un rapport \u00e9crit de la commission vous a \u00e9t\u00e9 remis.</p>\n<p>[PAGE 638] </p>\n</pd_text>","MeetingCouncilAbbreviation":"S","MeetingDate":"20090610","MeetingVerbalixOid":1828,"IdSession":"4809","SpeakerFirstName":"Alain","SpeakerLastName":"Berset","SpeakerFullName":"Berset Alain","SpeakerFunction":"P-M","CouncilId":2,"CouncilName":"St\u00e4nderat","CantonId":10,"CantonName":"Freiburg","CantonAbbreviation":"FR","ParlGroupName":"Sozialdemokratische Fraktion","ParlGroupAbbreviation":"S","SortOrder":1,"Start":"\/Date(1244628408713)\/","End":"\/Date(1244628430337)\/","Function":"P-M","DisplaySpeaker":false,"LanguageOfText":null,"Modified":"\/Date(1510850445487)\/","StartTimeWithTimezone":"\/Date(1244628408713+0120)\/","EndTimeWithTimezone":"\/Date(1244628430337+0120)\/","VoteBusinessNumber":null,"VoteBusinessShortNumber":null,"VoteBusinessTitle":null}]},"ID":"30230","Language":"DE","IdMeeting":"1825","VerbalixOid":303410,"SortOrder":13,"Modified":"\/Date(1510850445487)\/"}}