{"d":{"__metadata":{"id":"https://ws.parlament.ch/OData.svc/Subject(ID=30294L,Language='DE')","uri":"https://ws.parlament.ch/OData.svc/Subject(ID=30294L,Language='DE')","type":"itsystems.Pd.DataServices.DataModel.Subject"},"Meetings":{"__metadata":{"id":"https://ws.parlament.ch/OData.svc/Meeting(ID=1832L,Language='DE')","uri":"https://ws.parlament.ch/OData.svc/Meeting(ID=1832L,Language='DE')","type":"itsystems.Pd.DataServices.DataModel.Meeting"},"Sessions":{"__deferred":{"uri":"https://ws.parlament.ch/OData.svc/Meeting(ID=1832L,Language='DE')/Sessions"}},"Subjects":{"__deferred":{"uri":"https://ws.parlament.ch/OData.svc/Meeting(ID=1832L,Language='DE')/Subjects"}},"ID":"1832","Language":"DE","MeetingNumber":8,"IdSession":4915,"SessionNumber":15,"SessionName":"Herbstsession 2014","Council":1,"CouncilName":"Nationalrat","CouncilAbbreviation":"NR","Date":"\/Date(1410912000000)\/","Begin":"0800","Modified":"\/Date(1447070392160)\/","LegislativePeriodNumber":49,"PublicationStatus":"final","MeetingOrderText":"Achte Sitzung","SortOrder":8,"Location":"N"},"SubjectsBusiness":{"results":[{"__metadata":{"id":"https://ws.parlament.ch/OData.svc/SubjectBusiness(BusinessNumber=20123896,IdSubject=30294L,Language='DE')","uri":"https://ws.parlament.ch/OData.svc/SubjectBusiness(BusinessNumber=20123896,IdSubject=30294L,Language='DE')","type":"itsystems.Pd.DataServices.DataModel.SubjectBusiness"},"Subjects":{"__deferred":{"uri":"https://ws.parlament.ch/OData.svc/SubjectBusiness(BusinessNumber=20123896,IdSubject=30294L,Language='DE')/Subjects"}},"Businesses":{"__deferred":{"uri":"https://ws.parlament.ch/OData.svc/SubjectBusiness(BusinessNumber=20123896,IdSubject=30294L,Language='DE')/Businesses"}},"IdSubject":"30294","BusinessNumber":20123896,"Language":"DE","BusinessShortNumber":"12.3896","Title":"Unternehmensbesteuerung. Transparente Kontrollmechanismen vorsehen","SortOrder":1,"PublishedNotes":null,"Modified":"\/Date(1447069560020)\/","TitleDE":"Motion Amarelle Cesla.\nUnternehmensbesteuerung.\nTransparente\nKontrollmechanismen vorsehen","TitleFR":"Motion Amarelle Cesla.\nImposition des entreprises.\nConsacrer des m\u00e9canismes\nde contr\u00f4le transparents","TitleIT":null}]},"Transcripts":{"results":[{"__metadata":{"id":"https://ws.parlament.ch/OData.svc/Transcript(ID=168192L,Language='DE')","uri":"https://ws.parlament.ch/OData.svc/Transcript(ID=168192L,Language='DE')","type":"itsystems.Pd.DataServices.DataModel.Transcript"},"Subjects":{"__deferred":{"uri":"https://ws.parlament.ch/OData.svc/Transcript(ID=168192L,Language='DE')/Subjects"}},"MembersCouncil":{"__deferred":{"uri":"https://ws.parlament.ch/OData.svc/Transcript(ID=168192L,Language='DE')/MembersCouncil"}},"Businesses":{"__deferred":{"uri":"https://ws.parlament.ch/OData.svc/Transcript(ID=168192L,Language='DE')/Businesses"}},"ID":"168192","Language":"DE","IdSubject":"30294","VoteId":null,"PersonNumber":504,"Type":1,"Text":"<pd_text><p><i>Zur\u00fcckgezogen - Retir\u00e9</i></p>\n</pd_text>","MeetingCouncilAbbreviation":"N","MeetingDate":"20140917","MeetingVerbalixOid":2508,"IdSession":"4915","SpeakerFirstName":"St\u00e9phane","SpeakerLastName":"Rossini","SpeakerFullName":"Rossini St\u00e9phane","SpeakerFunction":"1VP-M","CouncilId":1,"CouncilName":"Nationalrat","CantonId":23,"CantonName":"Wallis","CantonAbbreviation":"VS","ParlGroupName":"Sozialdemokratische Fraktion","ParlGroupAbbreviation":"S","SortOrder":2,"Start":"\/Date(1410951993273)\/","End":"\/Date(1410951999809)\/","Function":"1VP-M","DisplaySpeaker":false,"LanguageOfText":null,"Modified":"\/Date(1774877487795)\/","StartTimeWithTimezone":"\/Date(1410951993273+0120)\/","EndTimeWithTimezone":"\/Date(1410951999810+0120)\/","VoteBusinessNumber":null,"VoteBusinessShortNumber":null,"VoteBusinessTitle":null},{"__metadata":{"id":"https://ws.parlament.ch/OData.svc/Transcript(ID=168193L,Language='DE')","uri":"https://ws.parlament.ch/OData.svc/Transcript(ID=168193L,Language='DE')","type":"itsystems.Pd.DataServices.DataModel.Transcript"},"Subjects":{"__deferred":{"uri":"https://ws.parlament.ch/OData.svc/Transcript(ID=168193L,Language='DE')/Subjects"}},"MembersCouncil":{"__deferred":{"uri":"https://ws.parlament.ch/OData.svc/Transcript(ID=168193L,Language='DE')/MembersCouncil"}},"Businesses":{"__deferred":{"uri":"https://ws.parlament.ch/OData.svc/Transcript(ID=168193L,Language='DE')/Businesses"}},"ID":"168193","Language":"DE","IdSubject":"30294","VoteId":null,"PersonNumber":4107,"Type":1,"Text":"<pd_text><p>Ces questions font l'objet d'un examen de la part du Conseil f\u00e9d\u00e9ral dans le cadre de la r\u00e9forme de l'imposition des entreprises III. C'est la raison pour laquelle, et \u00e9tant donn\u00e9 que son d\u00e9p\u00f4t date de septembre 2012, je retire ma motion.</p>\n</pd_text>","MeetingCouncilAbbreviation":"N","MeetingDate":"20140917","MeetingVerbalixOid":2508,"IdSession":"4915","SpeakerFirstName":"Cesla","SpeakerLastName":"Amarelle","SpeakerFullName":"Amarelle Cesla","SpeakerFunction":"Mit-F","CouncilId":1,"CouncilName":"Nationalrat","CantonId":22,"CantonName":"Waadt","CantonAbbreviation":"VD","ParlGroupName":"Sozialdemokratische Fraktion","ParlGroupAbbreviation":"S","SortOrder":1,"Start":"\/Date(1410951972137)\/","End":"\/Date(1410951993273)\/","Function":"Mit-F","DisplaySpeaker":true,"LanguageOfText":"FR","Modified":"\/Date(1774877487792)\/","StartTimeWithTimezone":"\/Date(1410951972137+0120)\/","EndTimeWithTimezone":"\/Date(1410951993273+0120)\/","VoteBusinessNumber":null,"VoteBusinessShortNumber":null,"VoteBusinessTitle":null}]},"ID":"30294","Language":"DE","IdMeeting":"1832","VerbalixOid":446100,"SortOrder":17,"Modified":"\/Date(1774877487790)\/"}}