{"d":{"__metadata":{"id":"https://ws.parlament.ch/OData.svc/Subject(ID=30341L,Language='DE')","uri":"https://ws.parlament.ch/OData.svc/Subject(ID=30341L,Language='DE')","type":"itsystems.Pd.DataServices.DataModel.Subject"},"Meetings":{"__metadata":{"id":"https://ws.parlament.ch/OData.svc/Meeting(ID=1837L,Language='DE')","uri":"https://ws.parlament.ch/OData.svc/Meeting(ID=1837L,Language='DE')","type":"itsystems.Pd.DataServices.DataModel.Meeting"},"Sessions":{"__deferred":{"uri":"https://ws.parlament.ch/OData.svc/Meeting(ID=1837L,Language='DE')/Sessions"}},"Subjects":{"__deferred":{"uri":"https://ws.parlament.ch/OData.svc/Meeting(ID=1837L,Language='DE')/Subjects"}},"ID":"1837","Language":"DE","MeetingNumber":3,"IdSession":4917,"SessionNumber":17,"SessionName":"Fr\u00fchjahrssession 2015","Council":1,"CouncilName":"Nationalrat","CouncilAbbreviation":"NR","Date":"\/Date(1425427200000)\/","Begin":"0800","Modified":"\/Date(1447070394353)\/","LegislativePeriodNumber":49,"PublicationStatus":"final","MeetingOrderText":"Dritte Sitzung","SortOrder":3,"Location":"N"},"SubjectsBusiness":{"results":[{"__metadata":{"id":"https://ws.parlament.ch/OData.svc/SubjectBusiness(BusinessNumber=20153003,IdSubject=30341L,Language='DE')","uri":"https://ws.parlament.ch/OData.svc/SubjectBusiness(BusinessNumber=20153003,IdSubject=30341L,Language='DE')","type":"itsystems.Pd.DataServices.DataModel.SubjectBusiness"},"Subjects":{"__deferred":{"uri":"https://ws.parlament.ch/OData.svc/SubjectBusiness(BusinessNumber=20153003,IdSubject=30341L,Language='DE')/Subjects"}},"Businesses":{"__deferred":{"uri":"https://ws.parlament.ch/OData.svc/SubjectBusiness(BusinessNumber=20153003,IdSubject=30341L,Language='DE')/Businesses"}},"IdSubject":"30341","BusinessNumber":20153003,"Language":"DE","BusinessShortNumber":"15.3003","Title":"Alternierende Obhut. Kl\u00e4rung der Rechtsgrundlagen und L\u00f6sungsvorschl\u00e4ge","SortOrder":1,"PublishedNotes":null,"Modified":"\/Date(1447069671430)\/","TitleDE":"Postulat RK-NR.\nAlternierende Obhut.\nKl\u00e4rung der Rechtsgrundlagen\nund L\u00f6sungsvorschl\u00e4ge","TitleFR":"Postulat CAJ-CN.\nGarde altern\u00e9e.\nClarification des r\u00e8gles l\u00e9gales\net pistes de solutions","TitleIT":null}]},"Transcripts":{"results":[{"__metadata":{"id":"https://ws.parlament.ch/OData.svc/Transcript(ID=168813L,Language='DE')","uri":"https://ws.parlament.ch/OData.svc/Transcript(ID=168813L,Language='DE')","type":"itsystems.Pd.DataServices.DataModel.Transcript"},"Subjects":{"__deferred":{"uri":"https://ws.parlament.ch/OData.svc/Transcript(ID=168813L,Language='DE')/Subjects"}},"MembersCouncil":{"__deferred":{"uri":"https://ws.parlament.ch/OData.svc/Transcript(ID=168813L,Language='DE')/MembersCouncil"}},"Businesses":{"__deferred":{"uri":"https://ws.parlament.ch/OData.svc/Transcript(ID=168813L,Language='DE')/Businesses"}},"ID":"168813","Language":"DE","IdSubject":"30341","VoteId":null,"PersonNumber":1139,"Type":1,"Text":"<pd_text><p><b>Pr\u00e4sidentin </b>(Markwalder Christa, erste Vizepr\u00e4sidentin): Das Postulat wurde soeben im Rahmen der Beratungen zum Gesch\u00e4ft 13.101 behandelt. Die Kommission und der Bundesrat beantragen die Annahme des Postulates.</p>\n<p>[VS]</p>\n<p><i>Angenommen - Adopt\u00e9</i></p>\n<p><i>[PAGE 89] </i></p>\n</pd_text>","MeetingCouncilAbbreviation":"N","MeetingDate":"20150304","MeetingVerbalixOid":2567,"IdSession":"4917","SpeakerFirstName":"Christa","SpeakerLastName":"Markwalder","SpeakerFullName":"Markwalder Christa","SpeakerFunction":"1VP-F","CouncilId":1,"CouncilName":"Nationalrat","CantonId":2,"CantonName":"Bern","CantonAbbreviation":"BE","ParlGroupName":"FDP-Liberale Fraktion","ParlGroupAbbreviation":"RL","SortOrder":1,"Start":"\/Date(1425467337701)\/","End":"\/Date(1425467376424)\/","Function":"1VP-F","DisplaySpeaker":false,"LanguageOfText":null,"Modified":"\/Date(1774877452204)\/","StartTimeWithTimezone":"\/Date(1425467337700+0060)\/","EndTimeWithTimezone":"\/Date(1425467376423+0060)\/","VoteBusinessNumber":null,"VoteBusinessShortNumber":null,"VoteBusinessTitle":null}]},"ID":"30341","Language":"DE","IdMeeting":"1837","VerbalixOid":457103,"SortOrder":6,"Modified":"\/Date(1774877452201)\/"}}