{"d":{"__metadata":{"id":"https://ws.parlament.ch/OData.svc/Subject(ID=30432L,Language='DE')","uri":"https://ws.parlament.ch/OData.svc/Subject(ID=30432L,Language='DE')","type":"itsystems.Pd.DataServices.DataModel.Subject"},"Meetings":{"__metadata":{"id":"https://ws.parlament.ch/OData.svc/Meeting(ID=1842L,Language='DE')","uri":"https://ws.parlament.ch/OData.svc/Meeting(ID=1842L,Language='DE')","type":"itsystems.Pd.DataServices.DataModel.Meeting"},"Sessions":{"__deferred":{"uri":"https://ws.parlament.ch/OData.svc/Meeting(ID=1842L,Language='DE')/Sessions"}},"Subjects":{"__deferred":{"uri":"https://ws.parlament.ch/OData.svc/Meeting(ID=1842L,Language='DE')/Subjects"}},"ID":"1842","Language":"DE","MeetingNumber":9,"IdSession":4909,"SessionNumber":9,"SessionName":"Sommersession 2013","Council":1,"CouncilName":"Nationalrat","CouncilAbbreviation":"NR","Date":"\/Date(1371081600000)\/","Begin":"0800","Modified":"\/Date(1447070396573)\/","LegislativePeriodNumber":49,"PublicationStatus":"final","MeetingOrderText":"Neunte Sitzung","SortOrder":9,"Location":"N"},"SubjectsBusiness":{"results":[{"__metadata":{"id":"https://ws.parlament.ch/OData.svc/SubjectBusiness(BusinessNumber=20120093,IdSubject=30432L,Language='DE')","uri":"https://ws.parlament.ch/OData.svc/SubjectBusiness(BusinessNumber=20120093,IdSubject=30432L,Language='DE')","type":"itsystems.Pd.DataServices.DataModel.SubjectBusiness"},"Subjects":{"__deferred":{"uri":"https://ws.parlament.ch/OData.svc/SubjectBusiness(BusinessNumber=20120093,IdSubject=30432L,Language='DE')/Subjects"}},"Businesses":{"__deferred":{"uri":"https://ws.parlament.ch/OData.svc/SubjectBusiness(BusinessNumber=20120093,IdSubject=30432L,Language='DE')/Businesses"}},"IdSubject":"30432","BusinessNumber":20120093,"Language":"DE","BusinessShortNumber":"12.093","Title":"IWF. Kreditvereinbarungen. Verl\u00e4ngerung der Teilnahme der Schweiz","SortOrder":1,"PublishedNotes":"Zweitrat - Deuxi\u00e8me Conseil\n","Modified":"\/Date(1447069535080)\/","TitleDE":"IWF. Kreditvereinbarungen.\nVerl\u00e4ngerung der Teilnahme\nder Schweiz","TitleFR":"FMI. Accords g\u00e9n\u00e9raux d'emprunt.\nProlongation de la participation\nde la Suisse","TitleIT":null}]},"Transcripts":{"results":[{"__metadata":{"id":"https://ws.parlament.ch/OData.svc/Transcript(ID=169416L,Language='DE')","uri":"https://ws.parlament.ch/OData.svc/Transcript(ID=169416L,Language='DE')","type":"itsystems.Pd.DataServices.DataModel.Transcript"},"Subjects":{"__deferred":{"uri":"https://ws.parlament.ch/OData.svc/Transcript(ID=169416L,Language='DE')/Subjects"}},"MembersCouncil":{"__deferred":{"uri":"https://ws.parlament.ch/OData.svc/Transcript(ID=169416L,Language='DE')/MembersCouncil"}},"Businesses":{"__deferred":{"uri":"https://ws.parlament.ch/OData.svc/Transcript(ID=169416L,Language='DE')/Businesses"}},"ID":"169416","Language":"DE","IdSubject":"30432","VoteId":"9030","PersonNumber":null,"Type":2,"Text":"<pd_text><p><i>Gesamtabstimmung - Vote sur l'ensemble</i></p>\n<p>[NAM]</p>\n<p>F\u00fcr Annahme des Entwurfes ... 121 Stimmen</p>\n<p>Dagegen ... 44 Stimmen</p>\n</pd_text>","MeetingCouncilAbbreviation":"N","MeetingDate":"20130613","MeetingVerbalixOid":2337,"IdSession":"4909","SpeakerFirstName":null,"SpeakerLastName":null,"SpeakerFullName":"","SpeakerFunction":null,"CouncilId":null,"CouncilName":null,"CantonId":null,"CantonName":null,"CantonAbbreviation":null,"ParlGroupName":null,"ParlGroupAbbreviation":null,"SortOrder":11,"Start":null,"End":null,"Function":null,"DisplaySpeaker":null,"LanguageOfText":"DE","Modified":"\/Date(1774877570291)\/","StartTimeWithTimezone":null,"EndTimeWithTimezone":null,"VoteBusinessNumber":20120093,"VoteBusinessShortNumber":"12.093","VoteBusinessTitle":"IWF. Kreditvereinbarungen.\nVerl\u00e4ngerung der Teilnahme\nder Schweiz"},{"__metadata":{"id":"https://ws.parlament.ch/OData.svc/Transcript(ID=169417L,Language='DE')","uri":"https://ws.parlament.ch/OData.svc/Transcript(ID=169417L,Language='DE')","type":"itsystems.Pd.DataServices.DataModel.Transcript"},"Subjects":{"__deferred":{"uri":"https://ws.parlament.ch/OData.svc/Transcript(ID=169417L,Language='DE')/Subjects"}},"MembersCouncil":{"__deferred":{"uri":"https://ws.parlament.ch/OData.svc/Transcript(ID=169417L,Language='DE')/MembersCouncil"}},"Businesses":{"__deferred":{"uri":"https://ws.parlament.ch/OData.svc/Transcript(ID=169417L,Language='DE')/Businesses"}},"ID":"169417","Language":"DE","IdSubject":"30432","VoteId":null,"PersonNumber":null,"Type":3,"Text":"<pd_text><p><b>Art. 2</b></p>\n<p><i>Antrag der Kommission</i></p>\n<p>Zustimmung zum Beschluss des St\u00e4nderates</p>\n<p><i>Proposition de la commission</i></p>\n<p>Adh\u00e9rer \u00e0 la d\u00e9cision du Conseil des Etats</p>\n<p>[VS]</p>\n<p><i>Angenommen - Adopt\u00e9</i></p>\n<p>[VS]</p>\n</pd_text>","MeetingCouncilAbbreviation":"N","MeetingDate":"20130613","MeetingVerbalixOid":2337,"IdSession":"4909","SpeakerFirstName":null,"SpeakerLastName":null,"SpeakerFullName":"","SpeakerFunction":null,"CouncilId":null,"CouncilName":null,"CantonId":null,"CantonName":null,"CantonAbbreviation":null,"ParlGroupName":null,"ParlGroupAbbreviation":null,"SortOrder":10,"Start":null,"End":null,"Function":null,"DisplaySpeaker":null,"LanguageOfText":"DE","Modified":"\/Date(1774877570288)\/","StartTimeWithTimezone":null,"EndTimeWithTimezone":null,"VoteBusinessNumber":null,"VoteBusinessShortNumber":null,"VoteBusinessTitle":null},{"__metadata":{"id":"https://ws.parlament.ch/OData.svc/Transcript(ID=169418L,Language='DE')","uri":"https://ws.parlament.ch/OData.svc/Transcript(ID=169418L,Language='DE')","type":"itsystems.Pd.DataServices.DataModel.Transcript"},"Subjects":{"__deferred":{"uri":"https://ws.parlament.ch/OData.svc/Transcript(ID=169418L,Language='DE')/Subjects"}},"MembersCouncil":{"__deferred":{"uri":"https://ws.parlament.ch/OData.svc/Transcript(ID=169418L,Language='DE')/MembersCouncil"}},"Businesses":{"__deferred":{"uri":"https://ws.parlament.ch/OData.svc/Transcript(ID=169418L,Language='DE')/Businesses"}},"ID":"169418","Language":"DE","IdSubject":"30432","VoteId":"9029","PersonNumber":null,"Type":2,"Text":"<pd_text><p><i>Abstimmung - Vote</i></p>\n<p>[NAM]</p>\n<p>F\u00fcr den Antrag der Mehrheit ... 119 Stimmen</p>\n<p>F\u00fcr den Antrag der Minderheit ... 44 Stimmen</p>\n</pd_text>","MeetingCouncilAbbreviation":"N","MeetingDate":"20130613","MeetingVerbalixOid":2337,"IdSession":"4909","SpeakerFirstName":null,"SpeakerLastName":null,"SpeakerFullName":"","SpeakerFunction":null,"CouncilId":null,"CouncilName":null,"CantonId":null,"CantonName":null,"CantonAbbreviation":null,"ParlGroupName":null,"ParlGroupAbbreviation":null,"SortOrder":9,"Start":"\/Date(1371121766631)\/","End":"\/Date(1371121787752)\/","Function":null,"DisplaySpeaker":null,"LanguageOfText":"DE","Modified":"\/Date(1774877570288)\/","StartTimeWithTimezone":"\/Date(1371121766630+0120)\/","EndTimeWithTimezone":"\/Date(1371121787753+0120)\/","VoteBusinessNumber":20120093,"VoteBusinessShortNumber":"12.093","VoteBusinessTitle":"IWF. Kreditvereinbarungen.\nVerl\u00e4ngerung der Teilnahme\nder Schweiz"},{"__metadata":{"id":"https://ws.parlament.ch/OData.svc/Transcript(ID=169419L,Language='DE')","uri":"https://ws.parlament.ch/OData.svc/Transcript(ID=169419L,Language='DE')","type":"itsystems.Pd.DataServices.DataModel.Transcript"},"Subjects":{"__deferred":{"uri":"https://ws.parlament.ch/OData.svc/Transcript(ID=169419L,Language='DE')/Subjects"}},"MembersCouncil":{"__deferred":{"uri":"https://ws.parlament.ch/OData.svc/Transcript(ID=169419L,Language='DE')/MembersCouncil"}},"Businesses":{"__deferred":{"uri":"https://ws.parlament.ch/OData.svc/Transcript(ID=169419L,Language='DE')/Businesses"}},"ID":"169419","Language":"DE","IdSubject":"30432","VoteId":null,"PersonNumber":490,"Type":1,"Text":"<pd_text><p><b>Pr\u00e4sident </b>(Lustenberger Ruedi, erster Vizepr\u00e4sident): Der Berichterstatter franz\u00f6sischer Sprache, Herr Neirynck, verzichtet auf das Wort. </p>\n<p>Die BDP-Fraktion unterst\u00fctzt den Antrag der Mehrheit. </p>\n</pd_text>","MeetingCouncilAbbreviation":"N","MeetingDate":"20130613","MeetingVerbalixOid":2337,"IdSession":"4909","SpeakerFirstName":"Ruedi","SpeakerLastName":"Lustenberger","SpeakerFullName":"Lustenberger Ruedi","SpeakerFunction":"1VP-M","CouncilId":1,"CouncilName":"Nationalrat","CantonId":3,"CantonName":"Luzern","CantonAbbreviation":"LU","ParlGroupName":"Fraktion CVP-EVP","ParlGroupAbbreviation":"M-E","SortOrder":8,"Start":"\/Date(1371121630657)\/","End":"\/Date(1371121766631)\/","Function":"1VP-M","DisplaySpeaker":false,"LanguageOfText":null,"Modified":"\/Date(1774877570286)\/","StartTimeWithTimezone":"\/Date(1371121630657+0120)\/","EndTimeWithTimezone":"\/Date(1371121766630+0120)\/","VoteBusinessNumber":null,"VoteBusinessShortNumber":null,"VoteBusinessTitle":null},{"__metadata":{"id":"https://ws.parlament.ch/OData.svc/Transcript(ID=169420L,Language='DE')","uri":"https://ws.parlament.ch/OData.svc/Transcript(ID=169420L,Language='DE')","type":"itsystems.Pd.DataServices.DataModel.Transcript"},"Subjects":{"__deferred":{"uri":"https://ws.parlament.ch/OData.svc/Transcript(ID=169420L,Language='DE')/Subjects"}},"MembersCouncil":{"__deferred":{"uri":"https://ws.parlament.ch/OData.svc/Transcript(ID=169420L,Language='DE')/MembersCouncil"}},"Businesses":{"__deferred":{"uri":"https://ws.parlament.ch/OData.svc/Transcript(ID=169420L,Language='DE')/Businesses"}},"ID":"169420","Language":"DE","IdSubject":"30432","VoteId":null,"PersonNumber":464,"Type":1,"Text":"<pd_text><p>Wir haben in der APK intensiv \u00fcber diese Kompetenzabtretung diskutiert, wie das \u00fcbrigens auch in der st\u00e4nder\u00e4tlichen Kommission gemacht wurde, weil wir durchaus sensibel sind bei der Frage der Kompetenzen in der Aussenpolitik. Normalerweise neigen wir dazu, etwas mehr Kompetenzen bekommen zu wollen, beispielsweise in den Konsultationsprozessen, wenn es um internationale Vertr\u00e4ge geht. Wir haben das also intensiv diskutiert, haben uns grossmehrheitlich aber davon \u00fcberzeugen lassen, dass diese Kompetenzabtretung sinnvoll ist. </p>\n<p>Dem Kollegen Stamm m\u00f6chte ich sagen, dass sich im St\u00e4nderat auch seine sieben Parteifreunde \u00fcberzeugen liessen. Der St\u00e4nderat hat n\u00e4mlich diesem Gesch\u00e4ft und auch diesen beiden Bestimmungen einstimmig zugestimmt.</p>\n<p>Warum haben wir uns \u00fcberzeugen lassen? Materiell gesehen - ich habe es in meinem Eintretensvotum schon erkl\u00e4rt - ist es eine Scheinkompetenz des Parlamentes. Die grossen Darlehen an den IWF unter dem Titel \"Neue Kreditvereinbarungen\" gew\u00e4hrt und verl\u00e4ngert der Bundesrat. Diese Kompetenz haben wir ihm einmal gegeben. Aus historischen Gr\u00fcnden ist die kleine Kompetenz \u00fcber die kleinen Kreditgew\u00e4hrungen im Rahmen der Allgemeinen Kreditvereinbarungen beim Parlament geblieben. Das ist eine Verfahrensdifferenz, die durch nichts zu erkl\u00e4ren ist. Wir sind der Meinung, dass wir beim einen Darlehen das gleiche Verfahren wie beim anderen anwenden sollten. Weil der Bundesrat dort, wo es um viel Geld geht, schon zust\u00e4ndig ist, soll er auch zust\u00e4ndig sein, wo es um wenig Geld geht. Es macht keinen Sinn, Scheinkompetenzen beim Parlament zu belassen. Wir haben lieber richtige Kompetenzen, richtige Einflussm\u00f6glichkeiten. Das ist hier nicht der Fall.</p>\n<p>Darum bitte ich Sie, den Antrag der Minderheit Stamm abzulehnen und der Kommissionsmehrheit, dem Bundesrat und dem St\u00e4nderat zu folgen.</p>\n</pd_text>","MeetingCouncilAbbreviation":"N","MeetingDate":"20130613","MeetingVerbalixOid":2337,"IdSession":"4909","SpeakerFirstName":"Hans-J\u00fcrg","SpeakerLastName":"Fehr","SpeakerFullName":"Fehr Hans-J\u00fcrg","SpeakerFunction":"Mit-M","CouncilId":1,"CouncilName":"Nationalrat","CantonId":14,"CantonName":"Schaffhausen","CantonAbbreviation":"SH","ParlGroupName":"Sozialdemokratische Fraktion","ParlGroupAbbreviation":"S","SortOrder":7,"Start":"\/Date(1371121486483)\/","End":"\/Date(1371121630657)\/","Function":"*","DisplaySpeaker":true,"LanguageOfText":"DE","Modified":"\/Date(1774877570284)\/","StartTimeWithTimezone":"\/Date(1371121486483+0120)\/","EndTimeWithTimezone":"\/Date(1371121630657+0120)\/","VoteBusinessNumber":null,"VoteBusinessShortNumber":null,"VoteBusinessTitle":null},{"__metadata":{"id":"https://ws.parlament.ch/OData.svc/Transcript(ID=169421L,Language='DE')","uri":"https://ws.parlament.ch/OData.svc/Transcript(ID=169421L,Language='DE')","type":"itsystems.Pd.DataServices.DataModel.Transcript"},"Subjects":{"__deferred":{"uri":"https://ws.parlament.ch/OData.svc/Transcript(ID=169421L,Language='DE')/Subjects"}},"MembersCouncil":{"__deferred":{"uri":"https://ws.parlament.ch/OData.svc/Transcript(ID=169421L,Language='DE')/MembersCouncil"}},"Businesses":{"__deferred":{"uri":"https://ws.parlament.ch/OData.svc/Transcript(ID=169421L,Language='DE')/Businesses"}},"ID":"169421","Language":"DE","IdSubject":"30432","VoteId":null,"PersonNumber":3934,"Type":1,"Text":"<pd_text><p>Die NKV, Herr Nationalrat Stamm, sind mehr als zehnmal so gross wie die AKV. Diese NKV sind das Dach, \u00fcber welche die AKV auch nicht hinausgehen bzw. in der diese immer enthalten sind. Bei den NKV ist der Bundesrat f\u00fcr die Verl\u00e4ngerung und f\u00fcr jegliche Handlungen in diesem Zusammenhang zust\u00e4ndig. Es ist schon etwas schwer einzusehen, dass bei den AKV, die nicht die gleiche Bedeutung haben wie die NKV, dieses Prozedere immer vom Bundesparlament durchgef\u00fchrt werden sollte. Sie sagen zu Recht, dass das schnell gehe - auf Ihrer Seite. Auf der anderen Seite haben wir aber wenig Zeit. Die Verl\u00e4ngerung wird beim IWF jeweils im November beschlossen, sodass wir im Dezember die Botschaft haben m\u00fcssen. Wir sind, ganz pragmatisch, der Auffassung, dass es wenig Sinn macht, das jeweils ins Parlament zu bringen.</p>\n<p>Wir m\u00f6chten Sie deshalb bitten, die AKV den NKV - dort ist die Kompetenz beim Bundesrat - anzupassen; nur aus dem obgenannten Grund. Wir haben, denke ich, noch gr\u00f6ssere Diskussionen \u00fcber die Kompetenzaufteilung zwischen [PAGE 981] Parlament und Bundesrat als diese hier. Ich meine aber, dass eine Gleichschaltung der AKV mit den NKV gerechtfertigt ist.</p>\n</pd_text>","MeetingCouncilAbbreviation":"N","MeetingDate":"20130613","MeetingVerbalixOid":2337,"IdSession":"4909","SpeakerFirstName":"Eveline","SpeakerLastName":"Widmer-Schlumpf","SpeakerFullName":"Widmer-Schlumpf Eveline","SpeakerFunction":"BR-F","CouncilId":99,"CouncilName":"Bundesrat","CantonId":18,"CantonName":"Graub\u00fcnden","CantonAbbreviation":"GR","ParlGroupName":null,"ParlGroupAbbreviation":null,"SortOrder":6,"Start":"\/Date(1371121400223)\/","End":"\/Date(1371121486483)\/","Function":"BR-F","DisplaySpeaker":true,"LanguageOfText":"DE","Modified":"\/Date(1774877570283)\/","StartTimeWithTimezone":"\/Date(1371121400223+0120)\/","EndTimeWithTimezone":"\/Date(1371121486483+0120)\/","VoteBusinessNumber":null,"VoteBusinessShortNumber":null,"VoteBusinessTitle":null},{"__metadata":{"id":"https://ws.parlament.ch/OData.svc/Transcript(ID=169422L,Language='DE')","uri":"https://ws.parlament.ch/OData.svc/Transcript(ID=169422L,Language='DE')","type":"itsystems.Pd.DataServices.DataModel.Transcript"},"Subjects":{"__deferred":{"uri":"https://ws.parlament.ch/OData.svc/Transcript(ID=169422L,Language='DE')/Subjects"}},"MembersCouncil":{"__deferred":{"uri":"https://ws.parlament.ch/OData.svc/Transcript(ID=169422L,Language='DE')/MembersCouncil"}},"Businesses":{"__deferred":{"uri":"https://ws.parlament.ch/OData.svc/Transcript(ID=169422L,Language='DE')/Businesses"}},"ID":"169422","Language":"DE","IdSubject":"30432","VoteId":null,"PersonNumber":214,"Type":1,"Text":"<pd_text><p>In diesem Artikel geht es darum, dass wir die Kompetenz, die bisher beim Parlament lag, an den Bundesrat \u00fcbertragen. Es wurde gesagt: Es geht um die Allgemeinen Kreditvereinbarungen. </p>\n<p>Die ganze Systematik des IWF ist ausserordentlich kompliziert. Das zeigt sich unter anderem dann, wenn wir in der APK jeweils diese Diskussionen \u00fcber Allgemeine Kreditvereinbarungen und Neue Kreditvereinbarungen haben. Das zeigt sich auch, wenn wir uns Fragen stellen wie: \"Welches sind die Kreditlinien?\", \"Welches Land ist wo wie stark engagiert?\" Das ist ausserordentlich kompliziert. Ich versuche aber, einfach zu bleiben. </p>\n<p>Wir sind bei der Basis, bei den Allgemeinen Kreditvereinbarungen. Wie die Frau Bundesr\u00e4tin gesagt hat, waren wir, die Schweiz, schon sehr fr\u00fch dabei, n\u00e4mlich 1983. Wenn jemand, z. B. die SVP, generell gegen die Allgemeinen Kreditvereinbarungen opponiert h\u00e4tte, w\u00e4re das gleichbedeutend gewesen mit der Aussage: \"Wir haben im IWF \u00fcberhaupt nichts zu suchen, wir wollen auch bei der Basis nicht mitmachen.\" Das haben wir aber nicht gemacht. Wir haben nicht infrage gestellt, dass die Allgemeinen Kreditvereinbarungen verl\u00e4ngert werden.</p>\n<p>Ich frage Sie aber: Weshalb soll man dieses Thema an den Bundesrat delegieren? Bei diesem Gesch\u00e4ft ergeben sich im Parlament keine Probleme. Das zeigt sich ja gerade auch daran, dass es jetzt problemlos m\u00f6glich ist, das Parlament zu begr\u00fcssen. Weshalb soll denn jetzt das Parlament \u00fcbergangen werden, wenn die Teilnahme an den Kreditvereinbarungen abgelaufen ist und sich das n\u00e4chste Mal, in ein paar Jahren, wieder die Frage stellt, ob man verl\u00e4ngern soll oder nicht? Es ist doch problemlos m\u00f6glich, dies im Parlament zu tun. Es spricht doch \u00fcberhaupt nichts daf\u00fcr, dass man nun neu delegiert: \"Der Bundesrat wird erm\u00e4chtigt, \u00fcber weitere Verl\u00e4ngerungen zu entscheiden.\" Weshalb denn das? Gibt es irgendeinen Grund daf\u00fcr, dass wir uns das aus den H\u00e4nden nehmen lassen und es an den Bundesrat delegieren? Das habe ich nicht verstanden.</p>\n<p>In der Kommission war der Ablauf so, dass der Antrag, den ich Ihnen hier stelle, von einer anderen politischen Gruppierung kam. Aufgrund der Diskussion wurde dieser Antrag im letzten Moment zur\u00fcckgezogen. Dann habe ich mich gemeldet und gesagt: \"Nein, das Anliegen ist so wichtig, dass ich dieses - die Kompetenz beim Parlament zu behalten - noch einmal aufnehme\". Deshalb bin ich hier als Mitglied einer Minderheit aufgef\u00fchrt. Das soeben von mir Ge\u00e4usserte zeigt aber, dass sich auch Mitglieder der anderen Parteien gefragt haben: Weshalb wird das so ge\u00e4ndert?</p>\n<p>Zusammengefasst: Ich bitte Sie, diesem Minderheitsantrag zuzustimmen. Damit geben Sie diese Kompetenz nicht dem Bundesrat. Ich sehe nicht ein, weshalb wir das tun sollten.</p>\n</pd_text>","MeetingCouncilAbbreviation":"N","MeetingDate":"20130613","MeetingVerbalixOid":2337,"IdSession":"4909","SpeakerFirstName":"Luzi","SpeakerLastName":"Stamm","SpeakerFullName":"Stamm Luzi","SpeakerFunction":"Mit-M","CouncilId":1,"CouncilName":"Nationalrat","CantonId":19,"CantonName":"Aargau","CantonAbbreviation":"AG","ParlGroupName":"Fraktion der Schweizerischen Volkspartei","ParlGroupAbbreviation":"V","SortOrder":5,"Start":"\/Date(1371121212184)\/","End":"\/Date(1371121400223)\/","Function":"Mit-M","DisplaySpeaker":true,"LanguageOfText":"DE","Modified":"\/Date(1774877570281)\/","StartTimeWithTimezone":"\/Date(1371121212183+0120)\/","EndTimeWithTimezone":"\/Date(1371121400223+0120)\/","VoteBusinessNumber":null,"VoteBusinessShortNumber":null,"VoteBusinessTitle":null},{"__metadata":{"id":"https://ws.parlament.ch/OData.svc/Transcript(ID=169423L,Language='DE')","uri":"https://ws.parlament.ch/OData.svc/Transcript(ID=169423L,Language='DE')","type":"itsystems.Pd.DataServices.DataModel.Transcript"},"Subjects":{"__deferred":{"uri":"https://ws.parlament.ch/OData.svc/Transcript(ID=169423L,Language='DE')/Subjects"}},"MembersCouncil":{"__deferred":{"uri":"https://ws.parlament.ch/OData.svc/Transcript(ID=169423L,Language='DE')/MembersCouncil"}},"Businesses":{"__deferred":{"uri":"https://ws.parlament.ch/OData.svc/Transcript(ID=169423L,Language='DE')/Businesses"}},"ID":"169423","Language":"DE","IdSubject":"30432","VoteId":null,"PersonNumber":490,"Type":1,"Text":"<pd_text><p><i>Eintreten wird ohne Gegenantrag beschlossen</i></p>\n<p><i>L'entr\u00e9e en mati\u00e8re est d\u00e9cid\u00e9e sans opposition</i></p>\n<p>[VS]</p>\n<p>[VS]</p>\n<p><b>Bundesbeschluss \u00fcber die Verl\u00e4ngerung der Teilnahme der Schweiz an den Allgemeinen Kreditvereinbarungen des Internationalen W\u00e4hrungsfonds</b></p>\n<p><b>Arr\u00eat\u00e9 f\u00e9d\u00e9ral concernant le renouvellement de la participation de la Suisse aux Accords g\u00e9n\u00e9raux d'emprunt du Fonds mon\u00e9taire international</b></p>\n<p>[VS]</p>\n<p><i>Detailberatung - Discussion par article</i></p>\n<p>[VS]</p>\n<p><b>Titel und Ingress</b></p>\n<p><i>Antrag der Kommission</i></p>\n<p>Zustimmung zum Beschluss des St\u00e4nderates</p>\n<p>[VS]</p>\n<p><b>Titre et pr\u00e9ambule</b></p>\n<p><i>Proposition de la commission</i></p>\n<p>Adh\u00e9rer \u00e0 la d\u00e9cision du Conseil des Etats</p>\n<p>[VS]</p>\n<p><i>Angenommen - Adopt\u00e9</i></p>\n<p>[VS]</p>\n<p><b>Art. 1</b></p>\n<p><i>Antrag der Mehrheit</i></p>\n<p>Zustimmung zum Beschluss des St\u00e4nderates</p>\n<p>[VS]</p>\n<p><i>Antrag der Minderheit</i></p>\n<p>(Stamm, M\u00f6rgeli)</p>\n<p><i>Abs. 2, 3</i></p>\n<p>Streichen</p>\n<p>[VS]</p>\n<p><b>Art. 1</b></p>\n<p><i>Proposition de la majorit\u00e9</i></p>\n<p>Adh\u00e9rer \u00e0 la d\u00e9cision du Conseil des Etats</p>\n<p>[VS]</p>\n<p><i>Proposition de la minorit\u00e9</i></p>\n<p>(Stamm, M\u00f6rgeli)</p>\n<p><i>Al. 2, 3</i></p>\n<p>Biffer</p>\n</pd_text>","MeetingCouncilAbbreviation":"N","MeetingDate":"20130613","MeetingVerbalixOid":2337,"IdSession":"4909","SpeakerFirstName":"Ruedi","SpeakerLastName":"Lustenberger","SpeakerFullName":"Lustenberger Ruedi","SpeakerFunction":"1VP-M","CouncilId":1,"CouncilName":"Nationalrat","CantonId":3,"CantonName":"Luzern","CantonAbbreviation":"LU","ParlGroupName":"Fraktion CVP-EVP","ParlGroupAbbreviation":"M-E","SortOrder":4,"Start":"\/Date(1371121168869)\/","End":"\/Date(1371121212184)\/","Function":"1VP-M","DisplaySpeaker":false,"LanguageOfText":null,"Modified":"\/Date(1774877570280)\/","StartTimeWithTimezone":"\/Date(1371121168870+0120)\/","EndTimeWithTimezone":"\/Date(1371121212183+0120)\/","VoteBusinessNumber":null,"VoteBusinessShortNumber":null,"VoteBusinessTitle":null},{"__metadata":{"id":"https://ws.parlament.ch/OData.svc/Transcript(ID=169424L,Language='DE')","uri":"https://ws.parlament.ch/OData.svc/Transcript(ID=169424L,Language='DE')","type":"itsystems.Pd.DataServices.DataModel.Transcript"},"Subjects":{"__deferred":{"uri":"https://ws.parlament.ch/OData.svc/Transcript(ID=169424L,Language='DE')/Subjects"}},"MembersCouncil":{"__deferred":{"uri":"https://ws.parlament.ch/OData.svc/Transcript(ID=169424L,Language='DE')/MembersCouncil"}},"Businesses":{"__deferred":{"uri":"https://ws.parlament.ch/OData.svc/Transcript(ID=169424L,Language='DE')/Businesses"}},"ID":"169424","Language":"DE","IdSubject":"30432","VoteId":null,"PersonNumber":3934,"Type":1,"Text":"<pd_text><p>Wir haben es hier mit einem Gesch\u00e4ft zu tun, das keine hohen Wellen werfen sollte. Ich m\u00f6chte mich darum kurzhalten. </p>\n<p>Es geht um die AKV, denen wir 1983 als elftes Vollmitglied beigetreten sind. Wir sind auch bei den NKV mit dabei, sie sind seit 1998 in Kraft; es sind heute 40 Staaten dabei. Die NKV und die AKV stehen in einem direkten Verh\u00e4ltnis zueinander. Wir k\u00f6nnen uns insgesamt nicht mit einem h\u00f6heren Betrag verpflichten, als es der Rahmen der NKV erlaubt. Von daher gibt es materiell keine grossen Diskussionen. Die Frage ist, ob die Schweiz sich weiterhin an den AKV beteiligen und damit weiterhin als elftes Vollmitglied zu den gr\u00f6ssten Industriestaaten geh\u00f6ren will. Wenn die Schweiz nicht weitermachen wollte, w\u00e4re eine K\u00fcndigung notwendig. Es w\u00e4re ein politisches Zeichen, das wir nicht begr\u00fcssen w\u00fcrden und deshalb auch nicht setzen wollen. Wir sind der Auffassung, dass wir die AKV verl\u00e4ngern sollten, wie das unseres Wissens die andern Staaten auch tun. Es stellen sich die Frage der Verl\u00e4ngerung, die Frage der Situierung der Kompetenz beim Bundesrat oder ihrer Belassung beim Parlament sowie die Frage der Situierung der Kompetenz zur Aufl\u00f6sung beim Bundesrat oder beim Parlament. Diese d\u00fcrfen Sie ohne grosse Sorgen dem Bundesrat \u00fcberlassen, zumal es nicht mit finanziellen Zusatzverpflichtungen verbunden ist. </p>\n<p>Ich beantrage Ihnen daher, dem St\u00e4nderat zu folgen und der Vorlage zuzustimmen.</p>\n</pd_text>","MeetingCouncilAbbreviation":"N","MeetingDate":"20130613","MeetingVerbalixOid":2337,"IdSession":"4909","SpeakerFirstName":"Eveline","SpeakerLastName":"Widmer-Schlumpf","SpeakerFullName":"Widmer-Schlumpf Eveline","SpeakerFunction":"BR-F","CouncilId":99,"CouncilName":"Bundesrat","CantonId":18,"CantonName":"Graub\u00fcnden","CantonAbbreviation":"GR","ParlGroupName":null,"ParlGroupAbbreviation":null,"SortOrder":3,"Start":"\/Date(1371121056945)\/","End":"\/Date(1371121168869)\/","Function":"BR-F","DisplaySpeaker":true,"LanguageOfText":"DE","Modified":"\/Date(1774877570279)\/","StartTimeWithTimezone":"\/Date(1371121056947+0120)\/","EndTimeWithTimezone":"\/Date(1371121168870+0120)\/","VoteBusinessNumber":null,"VoteBusinessShortNumber":null,"VoteBusinessTitle":null},{"__metadata":{"id":"https://ws.parlament.ch/OData.svc/Transcript(ID=169425L,Language='DE')","uri":"https://ws.parlament.ch/OData.svc/Transcript(ID=169425L,Language='DE')","type":"itsystems.Pd.DataServices.DataModel.Transcript"},"Subjects":{"__deferred":{"uri":"https://ws.parlament.ch/OData.svc/Transcript(ID=169425L,Language='DE')/Subjects"}},"MembersCouncil":{"__deferred":{"uri":"https://ws.parlament.ch/OData.svc/Transcript(ID=169425L,Language='DE')/MembersCouncil"}},"Businesses":{"__deferred":{"uri":"https://ws.parlament.ch/OData.svc/Transcript(ID=169425L,Language='DE')/Businesses"}},"ID":"169425","Language":"DE","IdSubject":"30432","VoteId":null,"PersonNumber":464,"Type":1,"Text":"<pd_text><p>Mit dem vorliegenden Bundesbeschluss beantragen Ihnen der Bundesrat und die Aussenpolitische Kommission, die Teilnahme der Schweiz an den Allgemeinen Kreditvereinbarungen (AKV) des Internationalen W\u00e4hrungsfonds um weitere f\u00fcnf Jahre zu verl\u00e4ngern. Wir beantragen Ihnen dar\u00fcber hinaus, die Verl\u00e4ngerungskompetenz daf\u00fcr an den Bundesrat abzutreten, sodass er nach dem Ablauf der F\u00fcnfjahresfrist \u00fcber weitere Verl\u00e4ngerungen entscheiden w\u00fcrde. </p>\n<p>In der Kommission gab die Hauptsache, also die Verl\u00e4ngerung der Kreditgew\u00e4hrung, weniger zu reden als die Nebensache, n\u00e4mlich diese Kompetenzabtretung. Das schl\u00e4gt sich auch darin nieder, dass das Eintreten ebenso unbestritten war wie Absatz 1 von Artikel 1 dieses Bundesbeschlusses, dass es bei den Abs\u00e4tzen 2 und 3 aber eine Minderheit gibt.</p>\n<p>Um diese auf den ersten Blick etwas merkw\u00fcrdige Konstellation zu verstehen, muss ich kurz auf die finanzielle Konstruktion des IWF und die diversen Verbindungskan\u00e4le der Schweiz zu ihm eingehen. Der IWF verf\u00fcgt einerseits \u00fcber Eigenkapital, die sogenannten Quoten, deren Summe k\u00fcrzlich auf 682 Milliarden Franken verdoppelt wurde. Die Mitgliedl\u00e4nder, darunter die Schweiz, \u00fcbertragen dem IWF ihren Quotenanteil unbefristet und leisten der einzahlenden Nationalbank Staatsgarantie daf\u00fcr. Zus\u00e4tzlich stellen die Mitgliedl\u00e4nder dem IWF zeitlich befristete Kredite zur Verf\u00fcgung - in Form der AKV und in Form der Neuen Kreditvereinbarung (NKV). Die Schweiz ist wiederum via Nationalbank an beiden Vereinbarungen beteiligt, leistet daf\u00fcr aber keine Staatsgarantie. </p>\n<p>Nun ist wichtig zu wissen, dass sich diese beiden Vereinbarungen zueinander wie kommunizierende R\u00f6hren verhalten. Die maximale Kreditzusage erfolgt unter dem Titel der NKV, ist im Falle der Schweiz aber aufgeteilt auf die AKV und die NKV, und zwar etwa im Verh\u00e4ltnis von 1 zu 10. Das heisst, dass wir dem IWF im Rahmen der AKV 1,5 Milliarden und im Rahmen der NKV etwa 14 Milliarden Franken zur Verf\u00fcgung stellen. Am Gesamtbetrag - und das ist nun wichtig - von ungef\u00e4hr 15,5 Milliarden w\u00fcrde sich aber selbst dann nichts \u00e4ndern, wenn wir jetzt beschliessen w\u00fcrden, aus den AKV auszusteigen. Daraus folgt, dass der in Artikel 1 Absatz 1 zu fassende Verl\u00e4ngerungsbeschluss materiell unbedeutend ist. Wir k\u00f6nnen den laufenden Kredit verl\u00e4ngern, wie wir Ihnen beantragen; t\u00e4ten wir es nicht, m\u00fcsste der Bundesrat das NKV-Darlehen um diesen Betrag aufstocken, weil eben die Gesamtverpflichtung fixiert ist.</p>\n<p>Dieser Mechanismus d\u00fcrfte es Ihnen leicht machen, Absatz 1 anzunehmen. Die Bedeutungslosigkeit unseres Beschlusses erkl\u00e4rt nat\u00fcrlich, warum wir die Verl\u00e4ngerungskompetenz nicht l\u00e4nger beanspruchen. Sie ist de facto eben l\u00e4ngst beim Bundesrat: Es liegt n\u00e4mlich in seiner Zust\u00e4ndigkeit, die Darlehen an die NKV zu gew\u00e4hren. Er verwaltet sozusagen die grosse Kasse; wir verwalten die kleine Kasse, die erst noch in der grossen schon enthalten ist. Wir sind in der Kommission zum Schluss gekommen, dass uns als Parlament hier lediglich eine Scheinkompetenz zukommt. Indem wir Ihnen beantragen, weitere Kreditverl\u00e4ngerungen dem Bundesrat zu \u00fcberlassen, sorgen wir f\u00fcr die Gleichbehandlung der AKV mit den NKV und beseitigen so einen durch nichts zu begr\u00fcndenden Verfahrensunterschied. [PAGE 980] </p>\n<p>Die Kommission ist, wie ich Ihnen schon sagte, ohne Gegenantrag auf das Gesch\u00e4ft eingetreten und hat ihm mit 14 zu 3 Stimmen bei 3 Enthaltungen zugestimmt. Die Minderheit Stamm will keine Kompetenzabtretung an den Bundesrat; der entsprechende Antrag wurde mit 12 zu 3 Stimmen bei 5 Enthaltungen abgelehnt.</p>\n<p>Ich bitte Sie, den Beschl\u00fcssen Ihrer Kommission zu folgen, die auch die Beschl\u00fcsse des St\u00e4nderates sind und den Antr\u00e4gen des Bundesrates entsprechen.</p>\n</pd_text>","MeetingCouncilAbbreviation":"N","MeetingDate":"20130613","MeetingVerbalixOid":2337,"IdSession":"4909","SpeakerFirstName":"Hans-J\u00fcrg","SpeakerLastName":"Fehr","SpeakerFullName":"Fehr Hans-J\u00fcrg","SpeakerFunction":"Mit-M","CouncilId":1,"CouncilName":"Nationalrat","CantonId":14,"CantonName":"Schaffhausen","CantonAbbreviation":"SH","ParlGroupName":"Sozialdemokratische Fraktion","ParlGroupAbbreviation":"S","SortOrder":2,"Start":"\/Date(1371120710450)\/","End":"\/Date(1371121056945)\/","Function":"*","DisplaySpeaker":true,"LanguageOfText":"DE","Modified":"\/Date(1774877570277)\/","StartTimeWithTimezone":"\/Date(1371120710450+0120)\/","EndTimeWithTimezone":"\/Date(1371121056947+0120)\/","VoteBusinessNumber":null,"VoteBusinessShortNumber":null,"VoteBusinessTitle":null},{"__metadata":{"id":"https://ws.parlament.ch/OData.svc/Transcript(ID=169426L,Language='DE')","uri":"https://ws.parlament.ch/OData.svc/Transcript(ID=169426L,Language='DE')","type":"itsystems.Pd.DataServices.DataModel.Transcript"},"Subjects":{"__deferred":{"uri":"https://ws.parlament.ch/OData.svc/Transcript(ID=169426L,Language='DE')/Subjects"}},"MembersCouncil":{"__deferred":{"uri":"https://ws.parlament.ch/OData.svc/Transcript(ID=169426L,Language='DE')/MembersCouncil"}},"Businesses":{"__deferred":{"uri":"https://ws.parlament.ch/OData.svc/Transcript(ID=169426L,Language='DE')/Businesses"}},"ID":"169426","Language":"DE","IdSubject":"30432","VoteId":null,"PersonNumber":498,"Type":1,"Text":"<pd_text><p>Le pr\u00e9sent projet propose de reconduire la participation de la Suisse aux Accords g\u00e9n\u00e9raux d'emprunt (AGE) du Fonds mon\u00e9taire international. Il pr\u00e9voit en outre de donner au Conseil f\u00e9d\u00e9ral la comp\u00e9tence de d\u00e9cider, apr\u00e8s entente avec la Banque nationale, de prolonger ou non les AGE.</p>\n<p>Les AGE permettent au Fonds mon\u00e9taire international, en cas de manque de liquidit\u00e9s, de disposer d'une r\u00e9serve de 17 milliards de droits de tirage sp\u00e9ciaux, soit de 24,3 milliards de francs suisses. Les AGE ont \u00e9t\u00e9 conclus en 1962; ils sont approuv\u00e9s pour une dur\u00e9e de cinq ans. La ligne de cr\u00e9dit maximale garantie par la Suisse en vertu des deux accords d'emprunt consid\u00e9r\u00e9s dans leur ensemble correspond \u00e0 15,6 milliards de francs.</p>\n<p>A partir des ann\u00e9es 1960, la collaboration au sein du Groupe des Dix, li\u00e9e \u00e0 la participation aux AGE, a \u00e9t\u00e9 essentielle pour la politique financi\u00e8re et mon\u00e9taire internationale de la Suisse. M\u00eame si le Groupe des Dix n'est pas actif pour le moment, il r\u00e9unit les pays cr\u00e9anciers industrialis\u00e9s les plus importants du monde, qui assument la responsabilit\u00e9 du bon fonctionnement du syst\u00e8me mon\u00e9taire international. En tant que membre du Groupe des Dix, la Suisse a pu participer \u00e0 des groupes similaires au sein d'autres institutions financi\u00e8res importantes comme les groupes de travail de l'OCDE, le Comit\u00e9 de B\u00e2le sur le contr\u00f4le bancaire de la Banque des r\u00e8glements internationaux ou le Conseil de stabilit\u00e9 financi\u00e8re. D'une mani\u00e8re g\u00e9n\u00e9rale, le retrait de la Suisse des AGE pourrait \u00eatre interpr\u00e9t\u00e9 comme la volont\u00e9 de se retirer de divers organismes financiers internationaux.</p>\n<p>Le Conseil des Etats a approuv\u00e9, sans opposition, la prolongation de cinq ans.</p>\n<p>Votre commission est entr\u00e9e en mati\u00e8re, sans opposition, sur le projet du Conseil f\u00e9d\u00e9ral concernant le renouvellement de la participation de la Suisse aux AGE. Ledit projet pr\u00e9voit de reconduire la participation de la Suisse \u00e0 ces accords pour une p\u00e9riode de cinq ans. Par 12 voix contre 3 et 5 abstentions, la commission a rejet\u00e9 une proposition qui visait \u00e0 biffer les alin\u00e9as du projet accordant au Conseil f\u00e9d\u00e9ral l'autorisation de se prononcer \u00e0 l'avenir sur la prorogation de la participation de la Suisse aux AGE.</p>\n<p>Au vote sur l'ensemble, la commission a approuv\u00e9 le projet, par 14 voix contre 3 et 3 abstentions.</p>\n</pd_text>","MeetingCouncilAbbreviation":"N","MeetingDate":"20130613","MeetingVerbalixOid":2337,"IdSession":"4909","SpeakerFirstName":"Jacques","SpeakerLastName":"Neirynck","SpeakerFullName":"Neirynck Jacques","SpeakerFunction":"Mit-M","CouncilId":1,"CouncilName":"Nationalrat","CantonId":22,"CantonName":"Waadt","CantonAbbreviation":"VD","ParlGroupName":"Fraktion CVP-EVP","ParlGroupAbbreviation":"M-E","SortOrder":1,"Start":"\/Date(1371120518753)\/","End":"\/Date(1371120710450)\/","Function":"*","DisplaySpeaker":true,"LanguageOfText":"FR","Modified":"\/Date(1774877570274)\/","StartTimeWithTimezone":"\/Date(1371120518753+0120)\/","EndTimeWithTimezone":"\/Date(1371120710450+0120)\/","VoteBusinessNumber":null,"VoteBusinessShortNumber":null,"VoteBusinessTitle":null}]},"ID":"30432","Language":"DE","IdMeeting":"1842","VerbalixOid":408935,"SortOrder":8,"Modified":"\/Date(1774877570273)\/"}}