{"d":{"__metadata":{"id":"https://ws.parlament.ch/OData.svc/Subject(ID=30629L,Language='DE')","uri":"https://ws.parlament.ch/OData.svc/Subject(ID=30629L,Language='DE')","type":"itsystems.Pd.DataServices.DataModel.Subject"},"Meetings":{"__metadata":{"id":"https://ws.parlament.ch/OData.svc/Meeting(ID=1866L,Language='DE')","uri":"https://ws.parlament.ch/OData.svc/Meeting(ID=1866L,Language='DE')","type":"itsystems.Pd.DataServices.DataModel.Meeting"},"Sessions":{"__deferred":{"uri":"https://ws.parlament.ch/OData.svc/Meeting(ID=1866L,Language='DE')/Sessions"}},"Subjects":{"__deferred":{"uri":"https://ws.parlament.ch/OData.svc/Meeting(ID=1866L,Language='DE')/Subjects"}},"ID":"1866","Language":"DE","MeetingNumber":14,"IdSession":4919,"SessionNumber":19,"SessionName":"Sommersession 2015","Council":2,"CouncilName":"St\u00e4nderat","CouncilAbbreviation":"SR","Date":"\/Date(1434672000000)\/","Begin":"0815","Modified":"\/Date(1447070404877)\/","LegislativePeriodNumber":49,"PublicationStatus":"final","MeetingOrderText":"Vierzehnte Sitzung","SortOrder":14,"Location":"S"},"SubjectsBusiness":{"results":[{"__metadata":{"id":"https://ws.parlament.ch/OData.svc/SubjectBusiness(BusinessNumber=20140066,IdSubject=30629L,Language='DE')","uri":"https://ws.parlament.ch/OData.svc/SubjectBusiness(BusinessNumber=20140066,IdSubject=30629L,Language='DE')","type":"itsystems.Pd.DataServices.DataModel.SubjectBusiness"},"Subjects":{"__deferred":{"uri":"https://ws.parlament.ch/OData.svc/SubjectBusiness(BusinessNumber=20140066,IdSubject=30629L,Language='DE')/Subjects"}},"Businesses":{"__deferred":{"uri":"https://ws.parlament.ch/OData.svc/SubjectBusiness(BusinessNumber=20140066,IdSubject=30629L,Language='DE')/Businesses"}},"IdSubject":"30629","BusinessNumber":20140066,"Language":"DE","BusinessShortNumber":"14.066","Title":"Ressourcen- und Lastenausgleich zwischen Bund und Kantonen 2016-2019","SortOrder":1,"PublishedNotes":"Schlussabstimmung - Vote final\n","Modified":"\/Date(1447069625096)\/","TitleDE":"Ressourcen- und\nLastenausgleich\nzwischen Bund und Kantonen\n2016-2019","TitleFR":"P\u00e9r\u00e9quation des ressources\net des charges\nentre la Conf\u00e9d\u00e9ration et les cantons\n2016-2019","TitleIT":null}]},"Transcripts":{"results":[{"__metadata":{"id":"https://ws.parlament.ch/OData.svc/Transcript(ID=171696L,Language='DE')","uri":"https://ws.parlament.ch/OData.svc/Transcript(ID=171696L,Language='DE')","type":"itsystems.Pd.DataServices.DataModel.Transcript"},"Subjects":{"__deferred":{"uri":"https://ws.parlament.ch/OData.svc/Transcript(ID=171696L,Language='DE')/Subjects"}},"MembersCouncil":{"__deferred":{"uri":"https://ws.parlament.ch/OData.svc/Transcript(ID=171696L,Language='DE')/MembersCouncil"}},"Businesses":{"__deferred":{"uri":"https://ws.parlament.ch/OData.svc/Transcript(ID=171696L,Language='DE')/Businesses"}},"ID":"171696","Language":"DE","IdSubject":"30629","VoteId":"920","PersonNumber":null,"Type":2,"Text":"<pd_text><p><b>2. Bundesbeschluss \u00fcber die Festlegung der Grundbeitr\u00e4ge des Lastenausgleichs f\u00fcr die Beitragsperiode 2016-2019</b></p>\n<p><b>2. Arr\u00eat\u00e9 f\u00e9d\u00e9ral concernant la d\u00e9termination des contributions de base \u00e0 la compensation des charges pour la p\u00e9riode de contribution 2016-2019</b></p>\n<p>[VS]</p>\n<p><i>Abstimmung - Vote</i></p>\n<p>[NAM]</p>\n<p>F\u00fcr Annahme des Entwurfes ... 41 Stimmen</p>\n<p>(Einstimmigkeit)</p>\n<p>(4 Enthaltungen)</p>\n</pd_text>","MeetingCouncilAbbreviation":"S","MeetingDate":"20150619","MeetingVerbalixOid":2631,"IdSession":"4919","SpeakerFirstName":null,"SpeakerLastName":null,"SpeakerFullName":"","SpeakerFunction":null,"CouncilId":null,"CouncilName":null,"CantonId":null,"CantonName":null,"CantonAbbreviation":null,"ParlGroupName":null,"ParlGroupAbbreviation":null,"SortOrder":2,"Start":null,"End":null,"Function":null,"DisplaySpeaker":null,"LanguageOfText":null,"Modified":"\/Date(1510850447157)\/","StartTimeWithTimezone":null,"EndTimeWithTimezone":null,"VoteBusinessNumber":20140066,"VoteBusinessShortNumber":"14.066","VoteBusinessTitle":"Ressourcen- und\nLastenausgleich\nzwischen Bund und Kantonen\n2016-2019"},{"__metadata":{"id":"https://ws.parlament.ch/OData.svc/Transcript(ID=171697L,Language='DE')","uri":"https://ws.parlament.ch/OData.svc/Transcript(ID=171697L,Language='DE')","type":"itsystems.Pd.DataServices.DataModel.Transcript"},"Subjects":{"__deferred":{"uri":"https://ws.parlament.ch/OData.svc/Transcript(ID=171697L,Language='DE')/Subjects"}},"MembersCouncil":{"__deferred":{"uri":"https://ws.parlament.ch/OData.svc/Transcript(ID=171697L,Language='DE')/MembersCouncil"}},"Businesses":{"__deferred":{"uri":"https://ws.parlament.ch/OData.svc/Transcript(ID=171697L,Language='DE')/Businesses"}},"ID":"171697","Language":"DE","IdSubject":"30629","VoteId":"919","PersonNumber":null,"Type":2,"Text":"<pd_text><p><b>1. Bundesbeschluss \u00fcber die Festlegung der Grundbeitr\u00e4ge des Ressourcenausgleichs f\u00fcr die Beitragsperiode 2016-2019</b></p>\n<p><b>1. Arr\u00eat\u00e9 f\u00e9d\u00e9ral concernant la d\u00e9termination des contributions de base \u00e0 la p\u00e9r\u00e9quation des ressources pour la p\u00e9riode de contribution 2016-2019</b></p>\n<p>[VS]</p>\n<p><i>Abstimmung - Vote</i></p>\n<p>[NAM]</p>\n<p>F\u00fcr Annahme des Entwurfes ... 30 Stimmen</p>\n<p>Dagegen ... 10 Stimmen</p>\n<p>(5 Enthaltungen)</p>\n<p>[VS]</p>\n</pd_text>","MeetingCouncilAbbreviation":"S","MeetingDate":"20150619","MeetingVerbalixOid":2631,"IdSession":"4919","SpeakerFirstName":null,"SpeakerLastName":null,"SpeakerFullName":"","SpeakerFunction":null,"CouncilId":null,"CouncilName":null,"CantonId":null,"CantonName":null,"CantonAbbreviation":null,"ParlGroupName":null,"ParlGroupAbbreviation":null,"SortOrder":1,"Start":null,"End":null,"Function":null,"DisplaySpeaker":null,"LanguageOfText":null,"Modified":"\/Date(1510850447157)\/","StartTimeWithTimezone":null,"EndTimeWithTimezone":null,"VoteBusinessNumber":20140066,"VoteBusinessShortNumber":"14.066","VoteBusinessTitle":"Ressourcen- und\nLastenausgleich\nzwischen Bund und Kantonen\n2016-2019"}]},"ID":"30629","Language":"DE","IdMeeting":"1866","VerbalixOid":473093,"SortOrder":13,"Modified":"\/Date(1510850447157)\/"}}