{"d":{"__metadata":{"id":"https://ws.parlament.ch/OData.svc/Subject(ID=30792L,Language='DE')","uri":"https://ws.parlament.ch/OData.svc/Subject(ID=30792L,Language='DE')","type":"itsystems.Pd.DataServices.DataModel.Subject"},"Meetings":{"__metadata":{"id":"https://ws.parlament.ch/OData.svc/Meeting(ID=1877L,Language='DE')","uri":"https://ws.parlament.ch/OData.svc/Meeting(ID=1877L,Language='DE')","type":"itsystems.Pd.DataServices.DataModel.Meeting"},"Sessions":{"__deferred":{"uri":"https://ws.parlament.ch/OData.svc/Meeting(ID=1877L,Language='DE')/Sessions"}},"Subjects":{"__deferred":{"uri":"https://ws.parlament.ch/OData.svc/Meeting(ID=1877L,Language='DE')/Subjects"}},"ID":"1877","Language":"DE","MeetingNumber":13,"IdSession":4912,"SessionNumber":12,"SessionName":"Fr\u00fchjahrssession 2014","Council":1,"CouncilName":"Nationalrat","CouncilAbbreviation":"NR","Date":"\/Date(1395187200000)\/","Begin":"0815","Modified":"\/Date(1447070408257)\/","LegislativePeriodNumber":49,"PublicationStatus":"final","MeetingOrderText":"Dreizehnte Sitzung","SortOrder":13,"Location":"N"},"SubjectsBusiness":{"results":[{"__metadata":{"id":"https://ws.parlament.ch/OData.svc/SubjectBusiness(BusinessNumber=20134141,IdSubject=30792L,Language='DE')","uri":"https://ws.parlament.ch/OData.svc/SubjectBusiness(BusinessNumber=20134141,IdSubject=30792L,Language='DE')","type":"itsystems.Pd.DataServices.DataModel.SubjectBusiness"},"Subjects":{"__deferred":{"uri":"https://ws.parlament.ch/OData.svc/SubjectBusiness(BusinessNumber=20134141,IdSubject=30792L,Language='DE')/Subjects"}},"Businesses":{"__deferred":{"uri":"https://ws.parlament.ch/OData.svc/SubjectBusiness(BusinessNumber=20134141,IdSubject=30792L,Language='DE')/Businesses"}},"IdSubject":"30792","BusinessNumber":20134141,"Language":"DE","BusinessShortNumber":"13.4141","Title":"IT-Projekte des Bundes. Quo vaditis?","SortOrder":1,"PublishedNotes":null,"Modified":"\/Date(1447069608350)\/","TitleDE":"Postulat FDP-Liberale Fraktion.\nIT-Projekte des Bundes.\nQuo vaditis?","TitleFR":"Postulat groupe lib\u00e9ral-radical.\nProjets informatiques\nde la Conf\u00e9d\u00e9ration. O\u00f9 va-t-on?","TitleIT":null}]},"Transcripts":{"results":[{"__metadata":{"id":"https://ws.parlament.ch/OData.svc/Transcript(ID=172767L,Language='DE')","uri":"https://ws.parlament.ch/OData.svc/Transcript(ID=172767L,Language='DE')","type":"itsystems.Pd.DataServices.DataModel.Transcript"},"Subjects":{"__deferred":{"uri":"https://ws.parlament.ch/OData.svc/Transcript(ID=172767L,Language='DE')/Subjects"}},"MembersCouncil":{"__deferred":{"uri":"https://ws.parlament.ch/OData.svc/Transcript(ID=172767L,Language='DE')/MembersCouncil"}},"Businesses":{"__deferred":{"uri":"https://ws.parlament.ch/OData.svc/Transcript(ID=172767L,Language='DE')/Businesses"}},"ID":"172767","Language":"DE","IdSubject":"30792","VoteId":null,"PersonNumber":490,"Type":1,"Text":"<pd_text><p><b>Pr\u00e4sident </b>(Lustenberger Ruedi, Pr\u00e4sident): Die Diskussion hat im Rahmen der aktuellen Debatte zum Beschaffungswesen (14.9006) stattgefunden.</p>\n<p>Der Bundesrat beantragt die Annahme des Postulates; es liegt kein anderer Antrag vor.</p>\n<p>[VS]</p>\n<p><i>Angenommen - Adopt\u00e9</i></p>\n</pd_text>","MeetingCouncilAbbreviation":"N","MeetingDate":"20140319","MeetingVerbalixOid":2439,"IdSession":"4912","SpeakerFirstName":"Ruedi","SpeakerLastName":"Lustenberger","SpeakerFullName":"Lustenberger Ruedi","SpeakerFunction":"P-M","CouncilId":1,"CouncilName":"Nationalrat","CantonId":3,"CantonName":"Luzern","CantonAbbreviation":"LU","ParlGroupName":"Fraktion CVP-EVP","ParlGroupAbbreviation":"M-E","SortOrder":1,"Start":"\/Date(1395223627994)\/","End":"\/Date(1395223697430)\/","Function":"P-M","DisplaySpeaker":false,"LanguageOfText":null,"Modified":"\/Date(1774877527859)\/","StartTimeWithTimezone":"\/Date(1395223627993+0060)\/","EndTimeWithTimezone":"\/Date(1395223697430+0060)\/","VoteBusinessNumber":null,"VoteBusinessShortNumber":null,"VoteBusinessTitle":null}]},"ID":"30792","Language":"DE","IdMeeting":"1877","VerbalixOid":434260,"SortOrder":9,"Modified":"\/Date(1774877527857)\/"}}