{"d":{"__metadata":{"id":"https://ws.parlament.ch/OData.svc/Subject(ID=30938L,Language='DE')","uri":"https://ws.parlament.ch/OData.svc/Subject(ID=30938L,Language='DE')","type":"itsystems.Pd.DataServices.DataModel.Subject"},"Meetings":{"__metadata":{"id":"https://ws.parlament.ch/OData.svc/Meeting(ID=1894L,Language='DE')","uri":"https://ws.parlament.ch/OData.svc/Meeting(ID=1894L,Language='DE')","type":"itsystems.Pd.DataServices.DataModel.Meeting"},"Sessions":{"__deferred":{"uri":"https://ws.parlament.ch/OData.svc/Meeting(ID=1894L,Language='DE')/Sessions"}},"Subjects":{"__deferred":{"uri":"https://ws.parlament.ch/OData.svc/Meeting(ID=1894L,Language='DE')/Subjects"}},"ID":"1894","Language":"DE","MeetingNumber":12,"IdSession":4916,"SessionNumber":16,"SessionName":"Wintersession 2014","Council":1,"CouncilName":"Nationalrat","CouncilAbbreviation":"NR","Date":"\/Date(1418169600000)\/","Begin":"1500","Modified":"\/Date(1447070413707)\/","LegislativePeriodNumber":49,"PublicationStatus":"final","MeetingOrderText":"Zw\u00f6lfte Sitzung","SortOrder":12,"Location":"N"},"SubjectsBusiness":{"results":[{"__metadata":{"id":"https://ws.parlament.ch/OData.svc/SubjectBusiness(BusinessNumber=20120427,IdSubject=30938L,Language='DE')","uri":"https://ws.parlament.ch/OData.svc/SubjectBusiness(BusinessNumber=20120427,IdSubject=30938L,Language='DE')","type":"itsystems.Pd.DataServices.DataModel.SubjectBusiness"},"Subjects":{"__deferred":{"uri":"https://ws.parlament.ch/OData.svc/SubjectBusiness(BusinessNumber=20120427,IdSubject=30938L,Language='DE')/Subjects"}},"Businesses":{"__deferred":{"uri":"https://ws.parlament.ch/OData.svc/SubjectBusiness(BusinessNumber=20120427,IdSubject=30938L,Language='DE')/Businesses"}},"IdSubject":"30938","BusinessNumber":20120427,"Language":"DE","BusinessShortNumber":"12.427","Title":"Legislaturplanungsbericht","SortOrder":1,"PublishedNotes":"Erstrat - Premier Conseil\n","Modified":"\/Date(1447069536876)\/","TitleDE":"Parlamentarische Initiative Fraktion\nder Schweizerischen Volkspartei.\nLegislaturplanungsbericht","TitleFR":"Initiative parlementaire groupe\nde l'Union d\u00e9mocratique du Centre.\nRapport sur le programme\nde la l\u00e9gislature","TitleIT":null},{"__metadata":{"id":"https://ws.parlament.ch/OData.svc/SubjectBusiness(BusinessNumber=20120432,IdSubject=30938L,Language='DE')","uri":"https://ws.parlament.ch/OData.svc/SubjectBusiness(BusinessNumber=20120432,IdSubject=30938L,Language='DE')","type":"itsystems.Pd.DataServices.DataModel.SubjectBusiness"},"Subjects":{"__deferred":{"uri":"https://ws.parlament.ch/OData.svc/SubjectBusiness(BusinessNumber=20120432,IdSubject=30938L,Language='DE')/Subjects"}},"Businesses":{"__deferred":{"uri":"https://ws.parlament.ch/OData.svc/SubjectBusiness(BusinessNumber=20120432,IdSubject=30938L,Language='DE')/Businesses"}},"IdSubject":"30938","BusinessNumber":20120432,"Language":"DE","BusinessShortNumber":"12.432","Title":"Regierungs- statt Legislaturprogramm","SortOrder":2,"PublishedNotes":"Erstrat - Premier Conseil\n","Modified":"\/Date(1447069536973)\/","TitleDE":"Parlamentarische Initiative\nCVP/EVP-Fraktion.\nRegierungs- statt Legislaturprogramm","TitleFR":"Initiative parlementaire\ngroupe PDC/PEV.\nProgramme de gouvernement\nau lieu du programme de la l\u00e9gislature","TitleIT":null}]},"Transcripts":{"results":[{"__metadata":{"id":"https://ws.parlament.ch/OData.svc/Transcript(ID=174171L,Language='DE')","uri":"https://ws.parlament.ch/OData.svc/Transcript(ID=174171L,Language='DE')","type":"itsystems.Pd.DataServices.DataModel.Transcript"},"Subjects":{"__deferred":{"uri":"https://ws.parlament.ch/OData.svc/Transcript(ID=174171L,Language='DE')/Subjects"}},"MembersCouncil":{"__deferred":{"uri":"https://ws.parlament.ch/OData.svc/Transcript(ID=174171L,Language='DE')/MembersCouncil"}},"Businesses":{"__deferred":{"uri":"https://ws.parlament.ch/OData.svc/Transcript(ID=174171L,Language='DE')/Businesses"}},"ID":"174171","Language":"DE","IdSubject":"30938","VoteId":"11283","PersonNumber":null,"Type":2,"Text":"<pd_text><p><i>Gesamtabstimmung - Vote sur l'ensemble</i></p>\n<p>[NAM]</p>\n<p>F\u00fcr Annahme des Entwurfes ... 99 Stimmen</p>\n<p>Dagegen ... 82 Stimmen</p>\n<p>(2 Enthaltungen)</p>\n<p>[PAGE 2295] </p>\n</pd_text>","MeetingCouncilAbbreviation":"N","MeetingDate":"20141210","MeetingVerbalixOid":2554,"IdSession":"4916","SpeakerFirstName":null,"SpeakerLastName":null,"SpeakerFullName":"","SpeakerFunction":null,"CouncilId":null,"CouncilName":null,"CantonId":null,"CantonName":null,"CantonAbbreviation":null,"ParlGroupName":null,"ParlGroupAbbreviation":null,"SortOrder":22,"Start":"\/Date(1418226366254)\/","End":"\/Date(1418226510140)\/","Function":null,"DisplaySpeaker":null,"LanguageOfText":null,"Modified":"\/Date(1774877477606)\/","StartTimeWithTimezone":"\/Date(1418226366253+0060)\/","EndTimeWithTimezone":"\/Date(1418226510140+0060)\/","VoteBusinessNumber":20120427,"VoteBusinessShortNumber":"12.427","VoteBusinessTitle":"Parlamentarische Initiative Fraktion\nder Schweizerischen Volkspartei.\nLegislaturplanungsbericht"},{"__metadata":{"id":"https://ws.parlament.ch/OData.svc/Transcript(ID=174172L,Language='DE')","uri":"https://ws.parlament.ch/OData.svc/Transcript(ID=174172L,Language='DE')","type":"itsystems.Pd.DataServices.DataModel.Transcript"},"Subjects":{"__deferred":{"uri":"https://ws.parlament.ch/OData.svc/Transcript(ID=174172L,Language='DE')/Subjects"}},"MembersCouncil":{"__deferred":{"uri":"https://ws.parlament.ch/OData.svc/Transcript(ID=174172L,Language='DE')/MembersCouncil"}},"Businesses":{"__deferred":{"uri":"https://ws.parlament.ch/OData.svc/Transcript(ID=174172L,Language='DE')/Businesses"}},"ID":"174172","Language":"DE","IdSubject":"30938","VoteId":null,"PersonNumber":504,"Type":1,"Text":"<pd_text><p><b>2. Gesch\u00e4ftsreglement des Nationalrates (Verfahren der Legislaturplanung)</b></p>\n<p><b>2. R\u00e8glement du Conseil national (Proc\u00e9dure applicable au programme de la l\u00e9gislature)</b></p>\n<p>[VS]</p>\n<p><i>Detailberatung - Discussion par article</i></p>\n<p>[VS]</p>\n<p><b>Titel und Ingress, Ziff. I Einleitung</b></p>\n<p><i>Antrag der Kommission: BBl</i></p>\n<p>[VS]</p>\n<p><b>Titre et pr\u00e9ambule, ch. I introduction</b></p>\n<p><i>Proposition de la commission: FF</i></p>\n<p>[VS]</p>\n<p><i>Angenommen - Adopt\u00e9</i></p>\n<p>[VS]</p>\n<p><b>Art. 13</b></p>\n<p><i>Neuer Antrag der Mehrheit</i></p>\n<p>... zur Vorberatung der Botschaft des Bundesrates \u00fcber die Legislaturplanung bestellt.</p>\n<p>[VS]</p>\n<p><i>Neuer Antrag der Minderheit</i></p>\n<p>(Moret, Schneeberger)</p>\n<p>Unver\u00e4ndert</p>\n<p>[VS]</p>\n<p><b>Art. 13</b></p>\n<p><i>Nouvelle proposition de la majorit\u00e9</i></p>\n<p>... \u00e0 l'examen pr\u00e9alable du message du Conseil f\u00e9d\u00e9ral sur le programme de la l\u00e9gislature.</p>\n<p>[VS]</p>\n<p><i>Nouvelle proposition de la minorit\u00e9</i></p>\n<p>(Moret, Schneeberger)</p>\n<p>Inchang\u00e9</p>\n<p>[VS]</p>\n<p><i>Angenommen gem\u00e4ss neuem Antrag der Mehrheit</i></p>\n<p><i>Adopt\u00e9 selon la nouvelle proposition de la majorit\u00e9</i></p>\n<p>[VS]</p>\n<p><b>Art. 33a</b></p>\n<p><i>Antrag der Kommission: BBl</i></p>\n<p>[VS]</p>\n<p><b>Art. 33a</b></p>\n<p><i>Proposition de la commission: FF</i></p>\n<p>[VS]</p>\n<p><i>Angenommen - Adopt\u00e9</i></p>\n<p>[VS]</p>\n<p><b>Art. 33abis</b></p>\n<p><i>Neuer Antrag der Mehrheit</i></p>\n<p>Streichen</p>\n<p>[VS]</p>\n<p><i>Neuer Antrag der Minderheit</i></p>\n<p>(Moret, Schneeberger)</p>\n<p>Streichen</p>\n<p>[VS]</p>\n<p><b>Art. 33abis</b></p>\n<p><i>Nouvelle proposition de la majorit\u00e9</i></p>\n<p>Biffer</p>\n<p>[VS]</p>\n<p><i>Nouvelle proposition de la minorit\u00e9</i></p>\n<p>(Moret, Schneeberger)</p>\n<p>Biffer</p>\n<p>[VS]</p>\n<p><i>Angenommen gem\u00e4ss neuem Antrag der Mehrheit</i></p>\n<p><i>Adopt\u00e9 selon la nouvelle proposition de la majorit\u00e9</i></p>\n<p>[VS]</p>\n<p><b>Art. 33b</b></p>\n<p><i>Neuer Antrag der Mehrheit</i></p>\n<p><i>Abs. 1-3</i></p>\n<p>Unver\u00e4ndert</p>\n<p><i>Abs. 4</i></p>\n<p>Zustimmung zum Entwurf SPK-NR</p>\n<p>[VS]</p>\n<p><i>Neuer Antrag der Minderheit</i></p>\n<p>(Moret, Schneeberger)</p>\n<p>Aufheben</p>\n<p>[VS]</p>\n<p><b>Art. 33b</b></p>\n<p><i>Nouvelle proposition de la majorit\u00e9</i></p>\n<p><i>Al. 1-3</i></p>\n<p>Inchang\u00e9</p>\n<p><i>Al. 4</i></p>\n<p>Adh\u00e9rer au projet CIP-CN</p>\n<p>[VS]</p>\n<p><i>Nouvelle proposition de la minorit\u00e9</i></p>\n<p>(Moret, Schneeberger)</p>\n<p>Abroger</p>\n<p>[VS]</p>\n<p><i>Angenommen gem\u00e4ss neuem Antrag der Mehrheit</i></p>\n<p><i>Adopt\u00e9 selon la nouvelle proposition de la majorit\u00e9</i></p>\n<p>[VS]</p>\n<p><b>Art. 33c</b></p>\n<p><i>Neuer Antrag der Mehrheit</i></p>\n<p><i>Abs. 1</i></p>\n<p>... und Detailberatung der Antr\u00e4ge aus der Kommission) wird ...</p>\n<p><i>Abs. 2</i></p>\n<p>Unver\u00e4ndert</p>\n<p><i>Abs. 3</i></p>\n<p>Zustimmung zum Entwurf SPK-NR</p>\n<p>[VS]</p>\n<p><i>Neuer Antrag der Minderheit</i></p>\n<p>(Moret, Schneeberger)</p>\n<p>Aufheben</p>\n<p>[VS]</p>\n<p><b>Art. 33c</b></p>\n<p><i>Nouvelle proposition de la majorit\u00e9</i></p>\n<p><i>Al. 1</i></p>\n<p>... et discussion des propositions de la commission doit faire l'objet ...</p>\n<p><i>Al. 2</i></p>\n<p>Inchang\u00e9</p>\n<p><i>Al. 3</i></p>\n<p>Adh\u00e9rer au projet CIP-CN</p>\n<p>[VS]</p>\n<p><i>Nouvelle proposition de la minorit\u00e9</i></p>\n<p>(Moret, Schneeberger)</p>\n<p>Abroger</p>\n<p>[VS]</p>\n<p><i>Angenommen gem\u00e4ss neuem Antrag der Mehrheit</i></p>\n<p><i>Adopt\u00e9 selon la nouvelle proposition de la majorit\u00e9</i></p>\n<p>[VS]</p>\n<p><b>Art. 47 Abs. 2, 3; Ziff. II</b></p>\n<p><i>Antrag der Kommission: BBl</i></p>\n<p>[VS]</p>\n<p><b>Art. 47 al. 2, 3; ch. II</b></p>\n<p><i>Proposition de la commission: FF</i></p>\n<p>[VS]</p>\n<p><i>Angenommen - Adopt\u00e9</i></p>\n<p>[VS]</p>\n</pd_text>","MeetingCouncilAbbreviation":"N","MeetingDate":"20141210","MeetingVerbalixOid":2554,"IdSession":"4916","SpeakerFirstName":"St\u00e9phane","SpeakerLastName":"Rossini","SpeakerFullName":"Rossini St\u00e9phane","SpeakerFunction":"P-M","CouncilId":1,"CouncilName":"Nationalrat","CantonId":23,"CantonName":"Wallis","CantonAbbreviation":"VS","ParlGroupName":"Sozialdemokratische Fraktion","ParlGroupAbbreviation":"S","SortOrder":21,"Start":"\/Date(1418226291582)\/","End":"\/Date(1418226366254)\/","Function":"P-M","DisplaySpeaker":false,"LanguageOfText":null,"Modified":"\/Date(1774877477603)\/","StartTimeWithTimezone":"\/Date(1418226291583+0060)\/","EndTimeWithTimezone":"\/Date(1418226366253+0060)\/","VoteBusinessNumber":null,"VoteBusinessShortNumber":null,"VoteBusinessTitle":null},{"__metadata":{"id":"https://ws.parlament.ch/OData.svc/Transcript(ID=174173L,Language='DE')","uri":"https://ws.parlament.ch/OData.svc/Transcript(ID=174173L,Language='DE')","type":"itsystems.Pd.DataServices.DataModel.Transcript"},"Subjects":{"__deferred":{"uri":"https://ws.parlament.ch/OData.svc/Transcript(ID=174173L,Language='DE')/Subjects"}},"MembersCouncil":{"__deferred":{"uri":"https://ws.parlament.ch/OData.svc/Transcript(ID=174173L,Language='DE')/MembersCouncil"}},"Businesses":{"__deferred":{"uri":"https://ws.parlament.ch/OData.svc/Transcript(ID=174173L,Language='DE')/Businesses"}},"ID":"174173","Language":"DE","IdSubject":"30938","VoteId":"11282","PersonNumber":null,"Type":2,"Text":"<pd_text><p><i>Gesamtabstimmung - Vote sur l'ensemble</i></p>\n<p>[NAM]</p>\n<p>F\u00fcr Annahme des Entwurfes ... 100 Stimmen</p>\n<p>Dagegen ... 83 Stimmen</p>\n<p>(0 Enthaltungen)</p>\n<p>[VS] [PAGE 2294] </p>\n</pd_text>","MeetingCouncilAbbreviation":"N","MeetingDate":"20141210","MeetingVerbalixOid":2554,"IdSession":"4916","SpeakerFirstName":null,"SpeakerLastName":null,"SpeakerFullName":"","SpeakerFunction":null,"CouncilId":null,"CouncilName":null,"CantonId":null,"CantonName":null,"CantonAbbreviation":null,"ParlGroupName":null,"ParlGroupAbbreviation":null,"SortOrder":20,"Start":"\/Date(1418226291582)\/","End":"\/Date(1418226291582)\/","Function":null,"DisplaySpeaker":null,"LanguageOfText":null,"Modified":"\/Date(1774877477602)\/","StartTimeWithTimezone":"\/Date(1418226291583+0060)\/","EndTimeWithTimezone":"\/Date(1418226291583+0060)\/","VoteBusinessNumber":20120427,"VoteBusinessShortNumber":"12.427","VoteBusinessTitle":"Parlamentarische Initiative Fraktion\nder Schweizerischen Volkspartei.\nLegislaturplanungsbericht"},{"__metadata":{"id":"https://ws.parlament.ch/OData.svc/Transcript(ID=174174L,Language='DE')","uri":"https://ws.parlament.ch/OData.svc/Transcript(ID=174174L,Language='DE')","type":"itsystems.Pd.DataServices.DataModel.Transcript"},"Subjects":{"__deferred":{"uri":"https://ws.parlament.ch/OData.svc/Transcript(ID=174174L,Language='DE')/Subjects"}},"MembersCouncil":{"__deferred":{"uri":"https://ws.parlament.ch/OData.svc/Transcript(ID=174174L,Language='DE')/MembersCouncil"}},"Businesses":{"__deferred":{"uri":"https://ws.parlament.ch/OData.svc/Transcript(ID=174174L,Language='DE')/Businesses"}},"ID":"174174","Language":"DE","IdSubject":"30938","VoteId":null,"PersonNumber":504,"Type":1,"Text":"<pd_text><p><b>Art. 74 Abs. 3</b></p>\n<p><i>Neuer Antrag der Minderheit</i></p>\n<p>(Moret, Schneeberger)</p>\n<p>... bei der Gew\u00e4hrleistung kantonaler Verfassungen sowie beim Finanzplan.</p>\n<p>[VS]</p>\n<p><b>Art. 74 al. 3</b></p>\n<p><i>Nouvelle proposition de la minorit\u00e9</i></p>\n<p>(Moret, Schneeberger)</p>\n<p>... les comptes, le plan financier ...</p>\n<p>[VS]</p>\n<p><b>Le pr\u00e9sident</b> (Rossini St\u00e9phane, pr\u00e9sident): La proposition de la minorit\u00e9 est caduque suite au vote intervenu \u00e0 l'article 146.</p>\n<p>[VS]</p>\n<p><b>Art. 75 Abs. 4</b></p>\n<p><i>Neuer Antrag der Mehrheit</i></p>\n<p>Zustimmung zum Entwurf SPK-NR</p>\n<p>[VS]</p>\n<p><i>Neuer Antrag der Minderheit</i></p>\n<p>(Moret, Schneeberger)</p>\n<p>Der Entwurf des Bundesbeschlusses \u00fcber den Finanzplan und der Bericht \u00fcber die Legislaturplanung k\u00f6nnen nicht zur\u00fcckgewiesen werden.</p>\n<p>[VS]</p>\n<p><b>Art. 75 al. 4</b></p>\n<p><i>Nouvelle proposition de la majorit\u00e9</i></p>\n<p>Adh\u00e9rer au projet CIP-CN</p>\n<p>[VS]</p>\n<p><i>Nouvelle proposition de la minorit\u00e9</i></p>\n<p>(Moret, Schneeberger)</p>\n<p>Le projet d'arr\u00eat\u00e9 f\u00e9d\u00e9ral sur le plan financier et le rapport sur le programme de la l\u00e9gislature ne peuvent \u00eatre renvoy\u00e9s.</p>\n<p>[VS]</p>\n<p><i>Angenommen gem\u00e4ss neuem Antrag der Mehrheit</i></p>\n<p><i>Adopt\u00e9 selon la nouvelle proposition de la majorit\u00e9</i></p>\n<p>[VS]</p>\n<p><b>Art. 94a</b></p>\n<p><i>Neuer Antrag der Mehrheit</i></p>\n<p><i>Abs. 1bis</i></p>\n<p>Streichen</p>\n<p>[VS]</p>\n<p><i>Neuer Antrag der Minderheit</i></p>\n<p>(Moret, Schneeberger)</p>\n<p><i>Titel</i></p>\n<p>Differenzregelung beim Finanzplan</p>\n<p><i>Abs. 1</i></p>\n<p>Aufheben</p>\n<p><i>Abs. 1bis</i></p>\n<p>Streichen</p>\n<p><i>Abs. 2</i></p>\n<p>Beim Bundesbeschluss \u00fcber den Finanzplan ...</p>\n<p>[VS]</p>\n<p><b>Art. 94a</b></p>\n<p><i>Nouvelle proposition de la majorit\u00e9</i></p>\n<p><i>Al. 1bis</i></p>\n<p>Biffer</p>\n<p>[VS]</p>\n<p><i>Nouvelle proposition de la minorit\u00e9</i></p>\n<p>(Moret, Schneeberger)</p>\n<p><i>Titre</i></p>\n<p>Divergences sur le plan financier</p>\n<p><i>Al. 1</i></p>\n<p>Abroger</p>\n<p><i>Al. 1bis</i></p>\n<p>Biffer</p>\n<p><i>Al. 2</i></p>\n<p>Si l'arr\u00eat\u00e9 f\u00e9d\u00e9ral sur le plan financier fait l'objet ...</p>\n<p>[VS]</p>\n<p><i>Angenommen gem\u00e4ss neuem Antrag der Mehrheit</i></p>\n<p><i>Adopt\u00e9 selon la nouvelle proposition de la majorit\u00e9</i></p>\n<p>[VS]</p>\n<p><b>Art. 147 Abs. 2</b></p>\n<p><i>Neuer Antrag der Mehrheit</i></p>\n<p>Unver\u00e4ndert</p>\n<p>[VS]</p>\n<p><i>Neuer Antrag der Minderheit</i></p>\n<p>(Moret, Schneeberger)</p>\n<p>Aufheben</p>\n<p>[VS]</p>\n<p><b>Art. 147 al. 2</b></p>\n<p><i>Nouvelle proposition de la majorit\u00e9</i></p>\n<p>Inchang\u00e9</p>\n<p>[VS]</p>\n<p><i>Nouvelle proposition de la minorit\u00e9</i></p>\n<p>(Moret, Schneeberger)</p>\n<p>Abroger</p>\n<p>[VS]</p>\n<p><i>Angenommen gem\u00e4ss neuem Antrag der Mehrheit</i></p>\n<p><i>Adopt\u00e9 selon la nouvelle proposition de la majorit\u00e9</i></p>\n<p>[VS]</p>\n<p><b>Ziff. II</b></p>\n<p><i>Antrag der Kommission: BBl</i></p>\n<p>[VS]</p>\n<p><b>Ch. II</b></p>\n<p><i>Proposition de la commission: FF</i></p>\n<p>[VS]</p>\n<p><i>Angenommen - Adopt\u00e9</i></p>\n<p>[VS]</p>\n</pd_text>","MeetingCouncilAbbreviation":"N","MeetingDate":"20141210","MeetingVerbalixOid":2554,"IdSession":"4916","SpeakerFirstName":"St\u00e9phane","SpeakerLastName":"Rossini","SpeakerFullName":"Rossini St\u00e9phane","SpeakerFunction":"P-M","CouncilId":1,"CouncilName":"Nationalrat","CantonId":23,"CantonName":"Wallis","CantonAbbreviation":"VS","ParlGroupName":"Sozialdemokratische Fraktion","ParlGroupAbbreviation":"S","SortOrder":19,"Start":"\/Date(1418226235877)\/","End":"\/Date(1418226291582)\/","Function":"P-M","DisplaySpeaker":false,"LanguageOfText":null,"Modified":"\/Date(1774877477600)\/","StartTimeWithTimezone":"\/Date(1418226235877+0060)\/","EndTimeWithTimezone":"\/Date(1418226291583+0060)\/","VoteBusinessNumber":null,"VoteBusinessShortNumber":null,"VoteBusinessTitle":null},{"__metadata":{"id":"https://ws.parlament.ch/OData.svc/Transcript(ID=174175L,Language='DE')","uri":"https://ws.parlament.ch/OData.svc/Transcript(ID=174175L,Language='DE')","type":"itsystems.Pd.DataServices.DataModel.Transcript"},"Subjects":{"__deferred":{"uri":"https://ws.parlament.ch/OData.svc/Transcript(ID=174175L,Language='DE')/Subjects"}},"MembersCouncil":{"__deferred":{"uri":"https://ws.parlament.ch/OData.svc/Transcript(ID=174175L,Language='DE')/MembersCouncil"}},"Businesses":{"__deferred":{"uri":"https://ws.parlament.ch/OData.svc/Transcript(ID=174175L,Language='DE')/Businesses"}},"ID":"174175","Language":"DE","IdSubject":"30938","VoteId":"11281","PersonNumber":null,"Type":2,"Text":"<pd_text><p><i>Abstimmung - Vote</i></p>\n<p>[NAM]</p>\n<p>F\u00fcr den neuen Antrag der Mehrheit ... 98 Stimmen</p>\n<p>F\u00fcr den neuen Antrag der Minderheit ... 83 Stimmen</p>\n<p>(0 Enthaltungen)</p>\n</pd_text>","MeetingCouncilAbbreviation":"N","MeetingDate":"20141210","MeetingVerbalixOid":2554,"IdSession":"4916","SpeakerFirstName":null,"SpeakerLastName":null,"SpeakerFullName":"","SpeakerFunction":null,"CouncilId":null,"CouncilName":null,"CantonId":null,"CantonName":null,"CantonAbbreviation":null,"ParlGroupName":null,"ParlGroupAbbreviation":null,"SortOrder":18,"Start":"\/Date(1418226235877)\/","End":"\/Date(1418226235877)\/","Function":null,"DisplaySpeaker":null,"LanguageOfText":null,"Modified":"\/Date(1774877477598)\/","StartTimeWithTimezone":"\/Date(1418226235877+0060)\/","EndTimeWithTimezone":"\/Date(1418226235877+0060)\/","VoteBusinessNumber":20120427,"VoteBusinessShortNumber":"12.427","VoteBusinessTitle":"Parlamentarische Initiative Fraktion\nder Schweizerischen Volkspartei.\nLegislaturplanungsbericht"},{"__metadata":{"id":"https://ws.parlament.ch/OData.svc/Transcript(ID=174176L,Language='DE')","uri":"https://ws.parlament.ch/OData.svc/Transcript(ID=174176L,Language='DE')","type":"itsystems.Pd.DataServices.DataModel.Transcript"},"Subjects":{"__deferred":{"uri":"https://ws.parlament.ch/OData.svc/Transcript(ID=174176L,Language='DE')/Subjects"}},"MembersCouncil":{"__deferred":{"uri":"https://ws.parlament.ch/OData.svc/Transcript(ID=174176L,Language='DE')/MembersCouncil"}},"Businesses":{"__deferred":{"uri":"https://ws.parlament.ch/OData.svc/Transcript(ID=174176L,Language='DE')/Businesses"}},"ID":"174176","Language":"DE","IdSubject":"30938","VoteId":null,"PersonNumber":504,"Type":1,"Text":"<pd_text><p><b>Le pr\u00e9sident</b> (Rossini St\u00e9phane, pr\u00e9sident): Le Conseil f\u00e9d\u00e9ral a retir\u00e9 sa proposition de non-entr\u00e9e en mati\u00e8re. La proposition de renvoi du groupe UDC a \u00e9galement \u00e9t\u00e9 retir\u00e9e. </p>\n<p>[VS]</p>\n<p><i>Eintreten wird ohne Gegenantrag beschlossen</i></p>\n<p><i>L'entr\u00e9e en mati\u00e8re est d\u00e9cid\u00e9e sans opposition</i></p>\n<p>[VS]</p>\n<p>[VS]</p>\n<p><b>1. Bundesgesetz \u00fcber die Bundesversammlung (Verfahren der Legislaturplanung)</b></p>\n<p><b>1. Loi sur l'Assembl\u00e9e f\u00e9d\u00e9rale (Proc\u00e9dure applicable au programme de la l\u00e9gislature)</b></p>\n<p>[VS]</p>\n<p><i>Detailberatung - Discussion par article</i></p>\n<p>[VS]</p>\n<p><b>Titel und Ingress, Ziff. I Einleitung</b></p>\n<p><i>Antrag der Kommission: BBl</i></p>\n<p>[VS]</p>\n<p><b>Titre et pr\u00e9ambule, ch. I introduction</b></p>\n<p><i>Proposition de la commission: FF</i></p>\n<p>[VS]</p>\n<p><i>Angenommen - Adopt\u00e9</i></p>\n<p>[VS]</p>\n<p><b>Art. 146</b></p>\n<p><i>Neuer Antrag der Mehrheit</i></p>\n<p><i>Abs. 1</i></p>\n<p>Zu Beginn der Legislaturperiode unterbreitet der Bundesrat der Bundesversammlung eine Botschaft \u00fcber seine Legislaturplanung in der Form eines einfachen Bundesbeschlusses zur Kenntnisnahme.</p>\n<p><i>Abs. 2</i></p>\n<p>Die Botschaft definiert die politischen Leitlinien und die Ziele der Legislaturplanung des Bundesrates und ordnet diesen die vom Bundesrat geplanten Entw\u00fcrfe f\u00fcr Erlasse der Bundesversammlung sowie weitere Massnahmen zu, welche zur Zielerreichung erforderlich sind.</p>\n<p><i>Abs. 5</i></p>\n<p>Die Bundesversammlung kann den einfachen Bundesbeschluss erg\u00e4nzen mit Auftr\u00e4gen f\u00fcr eine \u00c4nderung der Legislaturplanung.</p>\n<p>[VS]</p>\n<p><i>Neuer Antrag der Minderheit</i></p>\n<p>(Moret, Schneeberger)</p>\n<p><i>Abs. 1</i></p>\n<p>Zu Beginn der Legislaturperiode unterbreitet der Bundesrat der Bundesversammlung einen Bericht \u00fcber seine Legislaturplanung zur Kenntnisnahme.</p>\n<p><i>Abs. 2</i></p>\n<p>Der Bericht definiert ... (Rest gem\u00e4ss Antrag der Mehrheit)</p>\n<p><i>Abs. 3</i></p>\n<p>Im Bericht \u00fcber die Legislaturplanung werden den Zielen Indikatoren zugeordnet, mit denen die Zielerreichung \u00fcberpr\u00fcft werden kann. Der Bericht enth\u00e4lt auch eine Lageanalyse, die sich auf Indikatoren abst\u00fctzt. Zudem gibt er einen ...</p>\n<p><i>Abs. 4</i></p>\n<p>Im Bericht wird ...</p>\n<p><i>Abs. 5</i></p>\n<p>Streichen</p>\n<p>[VS]</p>\n<p><b>Art. 146</b></p>\n<p><i>Nouvelle proposition de la majorit\u00e9</i></p>\n<p><i>Al. 1</i></p>\n<p>Au d\u00e9but de chaque l\u00e9gislature, le Conseil f\u00e9d\u00e9ral soumet \u00e0 l'Assembl\u00e9e f\u00e9d\u00e9rale un message sur son programme de la l\u00e9gislature sous la forme d'un arr\u00eat\u00e9 f\u00e9d\u00e9ral simple, pour qu'elle en prenne acte.</p>\n<p><i>Al. 2</i></p>\n<p>Le message d\u00e9finit les lignes directrices de la politique et les objectifs du programme de la l\u00e9gislature \u00e9tabli par le Conseil f\u00e9d\u00e9ral; il indique en outre, pour chaque objectif, les projets d'actes de l'Assembl\u00e9e f\u00e9d\u00e9rale pr\u00e9vus par le Conseil f\u00e9d\u00e9ral ainsi que les autres mesures qui sont n\u00e9cessaires pour atteindre ces objectifs. [PAGE 2293] </p>\n<p><i>Al. 5</i></p>\n<p>L'Assembl\u00e9e f\u00e9d\u00e9rale peut compl\u00e9ter l'arr\u00eat\u00e9 f\u00e9d\u00e9ral simple par des mandats visant \u00e0 modifier le programme de la l\u00e9gislature.</p>\n<p>[VS]</p>\n<p><i>Nouvelle proposition de la minorit\u00e9</i></p>\n<p>(Moret, Schneeberger)</p>\n<p><i>Al. 1</i></p>\n<p>Au d\u00e9but de chaque l\u00e9gislature, le Conseil f\u00e9d\u00e9ral soumet \u00e0 l'Assembl\u00e9e f\u00e9d\u00e9rale un rapport sur son programme de la l\u00e9gislature, pour qu'elle en prenne acte.</p>\n<p><i>Al. 2</i></p>\n<p>Le rapport final ...</p>\n<p><i>Al. 3</i></p>\n<p>Dans le rapport sur le programme de la l\u00e9gislature, les objectifs sont accompagn\u00e9s d'indicateurs permettant d'\u00e9valuer le degr\u00e9 de r\u00e9alisation des objectifs. Le rapport contient \u00e9galement une analyse de la situation reposant sur les indicateurs. De plus, le rapport pr\u00e9sente ...</p>\n<p><i>Abs. 4</i></p>\n<p>Le rapport pr\u00e9sente ...</p>\n<p><i>Al. 5</i></p>\n<p>Biffer</p>\n<p>[VS]</p>\n<p><b>Le pr\u00e9sident</b> (Rossini St\u00e9phane, pr\u00e9sident): Le vote suivant vaut \u00e9galement pour toutes les autres propositions de la minorit\u00e9 Moret.</p>\n</pd_text>","MeetingCouncilAbbreviation":"N","MeetingDate":"20141210","MeetingVerbalixOid":2554,"IdSession":"4916","SpeakerFirstName":"St\u00e9phane","SpeakerLastName":"Rossini","SpeakerFullName":"Rossini St\u00e9phane","SpeakerFunction":"P-M","CouncilId":1,"CouncilName":"Nationalrat","CantonId":23,"CantonName":"Wallis","CantonAbbreviation":"VS","ParlGroupName":"Sozialdemokratische Fraktion","ParlGroupAbbreviation":"S","SortOrder":17,"Start":"\/Date(1418226125809)\/","End":"\/Date(1418226235877)\/","Function":"P-M","DisplaySpeaker":false,"LanguageOfText":null,"Modified":"\/Date(1774877477596)\/","StartTimeWithTimezone":"\/Date(1418226125810+0060)\/","EndTimeWithTimezone":"\/Date(1418226235877+0060)\/","VoteBusinessNumber":null,"VoteBusinessShortNumber":null,"VoteBusinessTitle":null},{"__metadata":{"id":"https://ws.parlament.ch/OData.svc/Transcript(ID=174177L,Language='DE')","uri":"https://ws.parlament.ch/OData.svc/Transcript(ID=174177L,Language='DE')","type":"itsystems.Pd.DataServices.DataModel.Transcript"},"Subjects":{"__deferred":{"uri":"https://ws.parlament.ch/OData.svc/Transcript(ID=174177L,Language='DE')/Subjects"}},"MembersCouncil":{"__deferred":{"uri":"https://ws.parlament.ch/OData.svc/Transcript(ID=174177L,Language='DE')/MembersCouncil"}},"Businesses":{"__deferred":{"uri":"https://ws.parlament.ch/OData.svc/Transcript(ID=174177L,Language='DE')/Businesses"}},"ID":"174177","Language":"DE","IdSubject":"30938","VoteId":null,"PersonNumber":478,"Type":1,"Text":"<pd_text><p>In aller K\u00fcrze drei Punkte:</p>\n<p>1. Von der Minderheitssprecherin ist gesagt worden, das Problem sei mit dem Mehrheitsvorschlag nicht effizient gel\u00f6st. Ineffizient ist es, wenn wir gem\u00e4ss Minderheit eine Spezialkommission einsetzen, die Sitzungen durchf\u00fchrt, und die Vorlage im Parlament debattieren und am Schluss der Debatte den Bericht zur Kenntnis nehmen, ohne irgendetwas beschliessen zu k\u00f6nnen. Das ist totale Besch\u00e4ftigungstherapie, eigentlich ohne Sinn und total ineffizient. </p>\n<p>2. Die Version der Mehrheit sieht den gleichen Vorgang wie bei der Finanzplanung vor. Das Vorgehen bei der Finanzplanung haben wir in diesem Rat in der Herbstsession beschlossen. Es gibt keinen vern\u00fcnftigen Grund, bei der Legislaturplanung ein komplett anderes Verfahren zu w\u00e4hlen als bei der Finanzplanung.</p>\n<p>3. Ich m\u00f6chte Sie angesichts der klaren Abstimmung in der Kommission mit 20 zu 2 Stimmen noch einmal bitten, die Vorlage zu unterst\u00fctzen, das heisst, einzutreten und der Mehrheit zuzustimmen.</p>\n</pd_text>","MeetingCouncilAbbreviation":"N","MeetingDate":"20141210","MeetingVerbalixOid":2554,"IdSession":"4916","SpeakerFirstName":"Rudolf","SpeakerLastName":"Joder","SpeakerFullName":"Joder Rudolf","SpeakerFunction":"Mit-M","CouncilId":1,"CouncilName":"Nationalrat","CantonId":2,"CantonName":"Bern","CantonAbbreviation":"BE","ParlGroupName":"Fraktion der Schweizerischen Volkspartei","ParlGroupAbbreviation":"V","SortOrder":16,"Start":"\/Date(1418226034754)\/","End":"\/Date(1418226125809)\/","Function":"*","DisplaySpeaker":true,"LanguageOfText":"DE","Modified":"\/Date(1774877477594)\/","StartTimeWithTimezone":"\/Date(1418226034753+0060)\/","EndTimeWithTimezone":"\/Date(1418226125810+0060)\/","VoteBusinessNumber":null,"VoteBusinessShortNumber":null,"VoteBusinessTitle":null},{"__metadata":{"id":"https://ws.parlament.ch/OData.svc/Transcript(ID=174178L,Language='DE')","uri":"https://ws.parlament.ch/OData.svc/Transcript(ID=174178L,Language='DE')","type":"itsystems.Pd.DataServices.DataModel.Transcript"},"Subjects":{"__deferred":{"uri":"https://ws.parlament.ch/OData.svc/Transcript(ID=174178L,Language='DE')/Subjects"}},"MembersCouncil":{"__deferred":{"uri":"https://ws.parlament.ch/OData.svc/Transcript(ID=174178L,Language='DE')/MembersCouncil"}},"Businesses":{"__deferred":{"uri":"https://ws.parlament.ch/OData.svc/Transcript(ID=174178L,Language='DE')/Businesses"}},"ID":"174178","Language":"DE","IdSubject":"30938","VoteId":null,"PersonNumber":1310,"Type":1,"Text":"<pd_text><p>Der Bundesrat dankt der vorberatenden Kommission f\u00fcr die Arbeiten und f\u00fcr die Erarbeitung des Kompromisses, der noch gemacht worden ist. F\u00fcr den Bundesrat ist es wichtig, dass er dem Parlament ein Regierungsprogramm unterbreiten kann; das hat er immer gemacht. In diesem Regierungsprogramm ist auch eine Bilanz der vorangehenden Legislatur zu allen Punkten enthalten, die erreicht worden sind. Wichtig ist f\u00fcr den Bundesrat, dass seine Legislaturplanung praktikabel und koh\u00e4rent ist und dass auch eine Spezialkommission eingesetzt wird. Wichtig ist f\u00fcr den Bundesrat auch, dass das Parlament mitwirken kann. Die Mitwirkung ist auch \u00fcber die Kenntnisnahme eines Berichtes gegeben. So ist es auch im Kommentar zu Artikel 28 des Parlamentsgesetzes vorgesehen. Die Form, wie die Legislaturplanung gemacht werden soll, beschliesst nat\u00fcrlich das Parlament. Der Bundesrat wird die Legislaturplanung in dieser Form dem Parlament auch unterbreiten.</p>\n<p>Bei einem Bundesbeschluss gibt es vielleicht den Nachteil, dass es am Schluss eine wenig koh\u00e4rente Sammlung von Auftr\u00e4gen an den Bundesrat geben k\u00f6nnte. Bei einem Bericht w\u00e4re dies nicht der Fall, weil das Parlament dem Bundesrat jederzeit verbindliche Auftr\u00e4ge unterbreiten kann. Es gibt auch die Motion 12.3185, welche f\u00fcr die Erarbeitung des Legislaturprogramms eine interdepartementale Herangehensweise fordert. Diese Motion ist vom Parlament angenommen worden. </p>\n<p>Der Bundesrat zieht aufgrund dieser Ausf\u00fchrungen den Nichteintretensantrag, den er schriftlich unterbreitet hat, zur\u00fcck.</p>\n</pd_text>","MeetingCouncilAbbreviation":"N","MeetingDate":"20141210","MeetingVerbalixOid":2554,"IdSession":"4916","SpeakerFirstName":"Corina","SpeakerLastName":"Casanova","SpeakerFullName":"Casanova Corina","SpeakerFunction":"BK-F","CouncilId":98,"CouncilName":"","CantonId":18,"CantonName":"Graub\u00fcnden","CantonAbbreviation":"GR","ParlGroupName":null,"ParlGroupAbbreviation":null,"SortOrder":15,"Start":"\/Date(1418225903826)\/","End":"\/Date(1418226034754)\/","Function":"BK-F","DisplaySpeaker":true,"LanguageOfText":"DE","Modified":"\/Date(1774877477593)\/","StartTimeWithTimezone":"\/Date(1418225903827+0060)\/","EndTimeWithTimezone":"\/Date(1418226034753+0060)\/","VoteBusinessNumber":null,"VoteBusinessShortNumber":null,"VoteBusinessTitle":null},{"__metadata":{"id":"https://ws.parlament.ch/OData.svc/Transcript(ID=174179L,Language='DE')","uri":"https://ws.parlament.ch/OData.svc/Transcript(ID=174179L,Language='DE')","type":"itsystems.Pd.DataServices.DataModel.Transcript"},"Subjects":{"__deferred":{"uri":"https://ws.parlament.ch/OData.svc/Transcript(ID=174179L,Language='DE')/Subjects"}},"MembersCouncil":{"__deferred":{"uri":"https://ws.parlament.ch/OData.svc/Transcript(ID=174179L,Language='DE')/MembersCouncil"}},"Businesses":{"__deferred":{"uri":"https://ws.parlament.ch/OData.svc/Transcript(ID=174179L,Language='DE')/Businesses"}},"ID":"174179","Language":"DE","IdSubject":"30938","VoteId":null,"PersonNumber":4025,"Type":1,"Text":"<pd_text><p>Herr Gl\u00e4ttli hat gesagt, es gehe jetzt um ein Statussymbol der SVP. Nein, darum geht es nicht. Die parlamentarischen Initiativen wurden aus [PAGE 2292] Vernunftgr\u00fcnden eingebracht. Und, Frau Heim, es spielt keine grosse Rolle, ob es eine Spezialkommission oder eine Legislativkommission ist. Es geht um die Arbeit, es geht um die \u00fcberfl\u00fcssige Arbeit, um die Zeit, die man verbringt, und um die \u00fcberfl\u00fcssigen Antr\u00e4ge, die man stellt.</p>\n<p>Wir haben jetzt die Mehrheitsverh\u00e4ltnisse in diesem Saal zur Kenntnis genommen und ziehen deshalb unseren R\u00fcckweisungsantrag zur\u00fcck, und zwar zugunsten des Antrages der Minderheit Moret, vertreten von Frau Schneeberger. Man sieht, wie Frauen sich sehr wohl vern\u00fcnftig verhalten, auch wenn sie eine kleine Minderheit in der Kommission sind.</p>\n<p>Erstaunt sind wir \u00fcber die CVP/EVP-Fraktion, immerhin Urheberin einer der beiden parlamentarischen Initiativen. Dass jetzt die Fraktion offenbar nicht einmal den halben Schritt unterst\u00fctzt, den die Minderheit Moret vorschl\u00e4gt, ist schon erstaunlich. Aber wir nehmen es zur Kenntnis.</p>\n</pd_text>","MeetingCouncilAbbreviation":"N","MeetingDate":"20141210","MeetingVerbalixOid":2554,"IdSession":"4916","SpeakerFirstName":"Roland Rino","SpeakerLastName":"B\u00fcchel","SpeakerFullName":"B\u00fcchel Roland Rino","SpeakerFunction":"Mit-M","CouncilId":1,"CouncilName":"Nationalrat","CantonId":17,"CantonName":"St. Gallen","CantonAbbreviation":"SG","ParlGroupName":"Fraktion der Schweizerischen Volkspartei","ParlGroupAbbreviation":"V","SortOrder":14,"Start":"\/Date(1418225835723)\/","End":"\/Date(1418225903826)\/","Function":"Mit-M","DisplaySpeaker":true,"LanguageOfText":"DE","Modified":"\/Date(1774877477592)\/","StartTimeWithTimezone":"\/Date(1418225835723+0060)\/","EndTimeWithTimezone":"\/Date(1418225903827+0060)\/","VoteBusinessNumber":null,"VoteBusinessShortNumber":null,"VoteBusinessTitle":null},{"__metadata":{"id":"https://ws.parlament.ch/OData.svc/Transcript(ID=174180L,Language='DE')","uri":"https://ws.parlament.ch/OData.svc/Transcript(ID=174180L,Language='DE')","type":"itsystems.Pd.DataServices.DataModel.Transcript"},"Subjects":{"__deferred":{"uri":"https://ws.parlament.ch/OData.svc/Transcript(ID=174180L,Language='DE')/Subjects"}},"MembersCouncil":{"__deferred":{"uri":"https://ws.parlament.ch/OData.svc/Transcript(ID=174180L,Language='DE')/MembersCouncil"}},"Businesses":{"__deferred":{"uri":"https://ws.parlament.ch/OData.svc/Transcript(ID=174180L,Language='DE')/Businesses"}},"ID":"174180","Language":"DE","IdSubject":"30938","VoteId":null,"PersonNumber":1156,"Type":1,"Text":"<pd_text><p>Die SP-Fraktion ist f\u00fcr Eintreten, sie sagt Nein zum R\u00fcckweisungsantrag, aber Ja zum vorliegenden Kompromissvorschlag. Ich habe mich gefragt, Kollege B\u00fcchel, ob Sie vielleicht von der alten Vorlage ausgegangen sind. Wenn ich Ihnen richtig zugeh\u00f6rt habe, gehen Sie immer noch davon aus, dass es Legislativkommissionen sind, die die Legislaturplanung beraten; so haben Sie sich ge\u00e4ussert. Ich m\u00f6chte hier in aller Form richtigstellen, dass wir in der SPK eine Spezialkommission wie bisher beschlossen haben, und ich frage mich, ob sich damit Ihr R\u00fcckweisungsantrag nicht er\u00fcbrigt. </p>\n<p>Bisher hat das Parlament dreimal \u00fcber die Legislaturplanung in Form eines einfachen Bundesbeschlusses beraten und beschlossen, und dreimal gab es eine ziemliche Unzufriedenheit im Rat. Die Kritik war: viel Aufwand, wenig Wirkung, Wolkenschieberei, parteiprogrammatische Sermone. Die Bundesversammlung wirkt aber - das haben wir jetzt mehrfach geh\u00f6rt, und ich finde es wichtig, dies zu betonen - bei wichtigen Planungen der Staatst\u00e4tigkeit mit. Das ist ein Auftrag des Volkes in der Bundesverfassung, und dieser Auftrag ist umzusetzen. Immerhin pr\u00e4gt die Legislaturplanung die Gesetzgebung in Planung und Inhalt. Es ist darum wichtig, dass das Parlament Einfluss nimmt, und wir k\u00f6nnen Einfluss nehmen. Es geht um die Priorit\u00e4tensetzung des Bundesrates; das wollen wir mitgestalten. </p>\n<p>F\u00fcr die SP-Fraktion muss die Behandlung der Legislaturplanung nicht prim\u00e4r effizienter sein, sondern vor allem effektiver, das heisst, sie muss mehr Wirkung haben, pr\u00e4gnanter, zielorientierter sein. Die SP-Fraktion m\u00f6chte hier auch in aller Form betonen: Dazu braucht es eine vertiefte Analyse der politischen Lage im In- und Ausland. Eine Evaluation des Erreichten, aber auch des Nichterreichten der zu Ende gehenden Legislatur.</p>\n<p>Die Legislaturplanung verlangt eine Gesamtsicht. Aus Gr\u00fcnden der geforderten Gesamtsicht ist es f\u00fcr die SP-Fraktion wichtig, dass wir wie bisher eine Spezialkommission einsetzen. Steht die geforderte Gesamtsicht im Widerspruch zur Neuerung, dass das Parlament nur noch zu ausgew\u00e4hlten, vom Parlament bestimmten Teilbereichen, und das ist die Steuerung, punktuell Beschluss fassen soll? Wir meinen Nein. Vielmehr geht es darum, aus einer Gesamtschau heraus politische Priorit\u00e4ten zu setzen, die ausgew\u00e4hlten Teilbereiche vertieft zu diskutieren und diese als Auftr\u00e4ge konkretisiert im Legislaturplan zu verankern. Die SP z\u00e4hlt darauf, dass so die Legislaturplanung ergebnisorientierter ausgerichtet wird.</p>\n<p>Was die Kommission jetzt hier pr\u00e4sentiert, ist ein Kompromissvorschlag, ein gereifter Kompromissvorschlag, und wir, die SP-Fraktion, unterst\u00fctzen ihn. Hinsichtlich der angestrebten Effizienz ist der Kommissionsvorschlag aus Sicht der SP der richtige Weg. Ob er sich dann aber auch politisch bew\u00e4hrt, das wird sich noch weisen m\u00fcssen.</p>\n<p>Wir unterst\u00fctzen den Antrag der Mehrheit.</p>\n</pd_text>","MeetingCouncilAbbreviation":"N","MeetingDate":"20141210","MeetingVerbalixOid":2554,"IdSession":"4916","SpeakerFirstName":"Bea","SpeakerLastName":"Heim","SpeakerFullName":"Heim Bea","SpeakerFunction":"Mit-F","CouncilId":1,"CouncilName":"Nationalrat","CantonId":11,"CantonName":"Solothurn","CantonAbbreviation":"SO","ParlGroupName":"Sozialdemokratische Fraktion","ParlGroupAbbreviation":"S","SortOrder":13,"Start":"\/Date(1418225599613)\/","End":"\/Date(1418225835723)\/","Function":"Mit-F","DisplaySpeaker":true,"LanguageOfText":"DE","Modified":"\/Date(1774877477590)\/","StartTimeWithTimezone":"\/Date(1418225599613+0060)\/","EndTimeWithTimezone":"\/Date(1418225835723+0060)\/","VoteBusinessNumber":null,"VoteBusinessShortNumber":null,"VoteBusinessTitle":null},{"__metadata":{"id":"https://ws.parlament.ch/OData.svc/Transcript(ID=174181L,Language='DE')","uri":"https://ws.parlament.ch/OData.svc/Transcript(ID=174181L,Language='DE')","type":"itsystems.Pd.DataServices.DataModel.Transcript"},"Subjects":{"__deferred":{"uri":"https://ws.parlament.ch/OData.svc/Transcript(ID=174181L,Language='DE')/Subjects"}},"MembersCouncil":{"__deferred":{"uri":"https://ws.parlament.ch/OData.svc/Transcript(ID=174181L,Language='DE')/MembersCouncil"}},"Businesses":{"__deferred":{"uri":"https://ws.parlament.ch/OData.svc/Transcript(ID=174181L,Language='DE')/Businesses"}},"ID":"174181","Language":"DE","IdSubject":"30938","VoteId":null,"PersonNumber":504,"Type":1,"Text":"<pd_text><p><i>Antrag der Kommission</i></p>\n<p>Eintreten</p>\n<p>[VS]</p>\n<p><i>Antrag des Bundesrates</i></p>\n<p>Nichteintreten</p>\n<p>[VS]</p>\n<p><i>Antrag der Fraktion der Schweizerischen Volkspartei</i></p>\n<p>R\u00fcckweisung der Vorlage an die Kommission</p>\n<p>mit dem Auftrag, f\u00fcr die Behandlung des Legislaturprogramms einen Entwurf auszuarbeiten, der sich an den Forderungen der parlamentarischen Initiativen 12.427 und 12.432 sowie an Artikel 173 der Bundesverfassung orientiert.</p>\n<p><i>Schriftliche Begr\u00fcndung</i></p>\n<p>Die Legislaturplanung soll Gegenstand einer allgemeinen politischen Debatte in den eidgen\u00f6ssischen R\u00e4ten bilden und vom Parlament nicht mehr eigens verabschiedet, sondern zur Kenntnis genommen werden.</p>\n<p>[VS]</p>\n<p><i>Proposition de la commission</i></p>\n<p>Entrer en mati\u00e8re</p>\n<p>[VS]</p>\n<p><i>Proposition du Conseil f\u00e9d\u00e9ral</i></p>\n<p>Ne pas entrer en mati\u00e8re</p>\n<p>[VS]</p>\n<p><i>Proposition du groupe de l'Union d\u00e9mocratique du Centre</i></p>\n<p>Renvoyer le projet \u00e0 la commission</p>\n<p>avec mandat d'\u00e9laborer un projet ax\u00e9 sur les demandes formul\u00e9es dans les initiatives parlementaires 12.427 et 12.432 ainsi que sur l'article 173 de la Constitution.</p>\n<p>[VS]</p>\n<p><b>Le pr\u00e9sident</b> (Rossini St\u00e9phane, pr\u00e9sident): Je vous propose d'ouvrir un seul et unique d\u00e9bat dans lequel nous traiterons aussi bien la question de l'entr\u00e9e en mati\u00e8re que celle du renvoi \u00e0 la commission et que celle de la forme sous laquelle le programme de la l\u00e9gislature est soumis au Parlement.</p>\n</pd_text>","MeetingCouncilAbbreviation":"N","MeetingDate":"20141210","MeetingVerbalixOid":2554,"IdSession":"4916","SpeakerFirstName":"St\u00e9phane","SpeakerLastName":"Rossini","SpeakerFullName":"Rossini St\u00e9phane","SpeakerFunction":"P-M","CouncilId":1,"CouncilName":"Nationalrat","CantonId":23,"CantonName":"Wallis","CantonAbbreviation":"VS","ParlGroupName":"Sozialdemokratische Fraktion","ParlGroupAbbreviation":"S","SortOrder":1,"Start":"\/Date(1418223624276)\/","End":"\/Date(1418223785748)\/","Function":"P-M","DisplaySpeaker":false,"LanguageOfText":null,"Modified":"\/Date(1774877477565)\/","StartTimeWithTimezone":"\/Date(1418223624277+0060)\/","EndTimeWithTimezone":"\/Date(1418223785747+0060)\/","VoteBusinessNumber":null,"VoteBusinessShortNumber":null,"VoteBusinessTitle":null},{"__metadata":{"id":"https://ws.parlament.ch/OData.svc/Transcript(ID=174182L,Language='DE')","uri":"https://ws.parlament.ch/OData.svc/Transcript(ID=174182L,Language='DE')","type":"itsystems.Pd.DataServices.DataModel.Transcript"},"Subjects":{"__deferred":{"uri":"https://ws.parlament.ch/OData.svc/Transcript(ID=174182L,Language='DE')/Subjects"}},"MembersCouncil":{"__deferred":{"uri":"https://ws.parlament.ch/OData.svc/Transcript(ID=174182L,Language='DE')/MembersCouncil"}},"Businesses":{"__deferred":{"uri":"https://ws.parlament.ch/OData.svc/Transcript(ID=174182L,Language='DE')/Businesses"}},"ID":"174182","Language":"DE","IdSubject":"30938","VoteId":null,"PersonNumber":478,"Type":1,"Text":"<pd_text><p>Es geht bei diesem Gesch\u00e4ft darum festzulegen, wie in Zukunft der Legislaturplanungsbericht im Parlament beraten werden soll.</p>\n<p>W\u00e4hrend der Behandlung des letzten Legislaturplanungsberichtes im Mai 2012 wurden im Nationalrat zwei parlamentarische Initiativen eingereicht. Diese verlangten, dass die Legislaturplanung als Bericht des Bundesrates nur noch zur Kenntnis genommen wird. Auch im St\u00e4nderat wurde eine \u00e4hnlich lautende parlamentarische Initiative eingereicht.</p>\n<p>Weil dem ersten Vorschlag, den die SPK des Nationalrates zur Umsetzung dieser parlamentarischen Initiativen erarbeitete, Opposition erwuchs, stellte die SPK-Pr\u00e4sidentin in der vergangenen Herbstsession den Ordnungsantrag auf R\u00fccknahme dieses Gesch\u00e4ftes in die Kommission. Diesem Antrag wurde auch stattgegeben.</p>\n<p>Der jetzt von der Mehrheit der SPK ausgearbeitete neue Vorschlag ist ein typischer Kompromiss: Die Kommissionsmehrheit hat sich bem\u00fcht, die Anliegen der Initianten der parlamentarischen Initiativen, des B\u00fcros und des Bundesrates aufzunehmen. Zudem werden auch die Vorgaben der Bundesverfassung ber\u00fccksichtigt.</p>\n<p>Wir schlagen Ihnen das gleiche Verfahren vor, welches das Parlament bereits am 26. September dieses Jahres f\u00fcr die Behandlung des Finanzplans beschlossen hat. Das Konzept der Kommissionsmehrheit beinhaltet folgende Kernpunkte: Zust\u00e4ndig f\u00fcr die Legislaturplanung wird grunds\u00e4tzlich wieder der Bundesrat. Der Bundesrat unterbreitet dem Parlament den Legislaturplanungsbericht zur Kenntnisnahme. Der Legislaturplanungsbericht hat wie bisher die Rechtsform eines Bundesbeschlusses, und die Vorberatung des Legislaturplanungsberichtes erfolgt wie bisher durch eine Spezialkommission. Gleich wie beim Finanzplan ist das Eintreten auf die Legislaturplanung obligatorisch, und sie kann nicht zur\u00fcckgewiesen werden.</p>\n<p>Weil Artikel 173 der Bundesverfassung verlangt, dass die Bundesversammlung bei den wichtigen Planungen der Staatst\u00e4tigkeit mitwirkt, ist vorgesehen, dass das Parlament dem Bundesrat zus\u00e4tzliche Auftr\u00e4ge erteilen kann. Diese Auftr\u00e4ge haben die gleiche Rechtswirkung wie eine angenommene Motion. </p>\n<p>Behandelt werden nur Kommissionsantr\u00e4ge und nicht Einzelantr\u00e4ge. Bei allf\u00e4lligen Differenzen zwischen Nationalrat und St\u00e4nderat ist aus Gr\u00fcnden der Effizienz und einer raschen Prozedur ein vereinfachtes Differenzbereinigungsverfahren vorgesehen. </p>\n<p>Im Konzept der Minderheit Moret ist ebenfalls eine Vorberatung durch eine Spezialkommission und die Durchf\u00fchrung einer Debatte vorgesehen. Am Schluss kann der Legislaturplanungsbericht aber nur zur Kenntnis genommen werden, ohne Mitwirkungsm\u00f6glichkeit und ohne allf\u00e4llig erg\u00e4nzende Auftr\u00e4ge des Parlamentes an den Bundesrat. Demgegen\u00fcber ist die Kommissionsmehrheit klar der Meinung, dass es sinnlos und sachwidrig ist und nicht im Einklang mit der Verfassung steht, lange Debatten zu f\u00fchren, wenn man am Schluss nichts entscheiden und den Legislaturplanungsbericht nur zur Kenntnis nehmen kann - ohne M\u00f6glichkeit der [PAGE 2289] Einflussnahme, der Erg\u00e4nzung durch das Parlament. Es macht keinen Sinn, eine vorberatende Spezialkommission einzusetzen, wenn man am Schluss nichts beschliessen kann. Das ist reine Besch\u00e4ftigungstherapie. Die Mehrheit der Kommission ist auch klar der Meinung, dass das Parlament als Gesetzgeber die M\u00f6glichkeit haben muss, an der Planung der Gesetzgebung mitzuwirken. Wir schlagen Ihnen das gleiche Verfahren vor wie beim Finanzplan.</p>\n<p>Ich bitte Sie, den R\u00fcckweisungsantrag abzulehnen. Der R\u00fcckweisungsantrag verlangt einen Entwurf, der sich an den Forderungen der parlamentarischen Initiativen und an Artikel 173 der Bundesverfassung orientiert. Genau dies tut jetzt der Vorschlag der Kommissionsmehrheit. Nach dem Antrag der Kommissionsmehrheit wird der Legislaturplanungsbericht zur Kenntnis genommen; das ist in Artikel 146 Absatz 1 des Parlamentsgesetzes verankert. Erg\u00e4nzend hat das Parlament im Sinne von Artikel 173 der Bundesverfassung die M\u00f6glichkeit, dem Bundesrat zus\u00e4tzliche Auftr\u00e4ge zu erteilen; das ist so in Artikel 147 des Parlamentsgesetzes verankert. Die Forderungen des R\u00fcckweisungsantrages sind also erf\u00fcllt und machen keinen Sinn mehr.</p>\n<p>Auf das Konzept der Mehrheit sind in der Kommission 20 Stimmen und auf das Konzept der Minderheit Moret 2 Stimmen entfallen. Ich bitte Sie, auf die Vorlage einzutreten, den R\u00fcckweisungsantrag abzulehnen und der Mehrheit zu folgen.</p>\n</pd_text>","MeetingCouncilAbbreviation":"N","MeetingDate":"20141210","MeetingVerbalixOid":2554,"IdSession":"4916","SpeakerFirstName":"Rudolf","SpeakerLastName":"Joder","SpeakerFullName":"Joder Rudolf","SpeakerFunction":"Mit-M","CouncilId":1,"CouncilName":"Nationalrat","CantonId":2,"CantonName":"Bern","CantonAbbreviation":"BE","ParlGroupName":"Fraktion der Schweizerischen Volkspartei","ParlGroupAbbreviation":"V","SortOrder":2,"Start":"\/Date(1418223785748)\/","End":"\/Date(1418224151981)\/","Function":"*","DisplaySpeaker":true,"LanguageOfText":"DE","Modified":"\/Date(1774877477569)\/","StartTimeWithTimezone":"\/Date(1418223785747+0060)\/","EndTimeWithTimezone":"\/Date(1418224151980+0060)\/","VoteBusinessNumber":null,"VoteBusinessShortNumber":null,"VoteBusinessTitle":null},{"__metadata":{"id":"https://ws.parlament.ch/OData.svc/Transcript(ID=174183L,Language='DE')","uri":"https://ws.parlament.ch/OData.svc/Transcript(ID=174183L,Language='DE')","type":"itsystems.Pd.DataServices.DataModel.Transcript"},"Subjects":{"__deferred":{"uri":"https://ws.parlament.ch/OData.svc/Transcript(ID=174183L,Language='DE')/Subjects"}},"MembersCouncil":{"__deferred":{"uri":"https://ws.parlament.ch/OData.svc/Transcript(ID=174183L,Language='DE')/MembersCouncil"}},"Businesses":{"__deferred":{"uri":"https://ws.parlament.ch/OData.svc/Transcript(ID=174183L,Language='DE')/Businesses"}},"ID":"174183","Language":"DE","IdSubject":"30938","VoteId":null,"PersonNumber":1346,"Type":1,"Text":"<pd_text><p>Il s'agit de d\u00e9cider ici de la mani\u00e8re dont nous allons traiter le programme de la l\u00e9gislature lors de la prochaine l\u00e9gislature.</p>\n<p>Je rappelle que les groupes UDC et PDC/PEV avaient chacun d\u00e9pos\u00e9 une initiative parlementaire demandant de simplifier drastiquement la proc\u00e9dure qui est appliqu\u00e9e \u00e0 l'examen du programme de la l\u00e9gislature. Ces initiatives demandaient un simple rapport du Conseil f\u00e9d\u00e9ral dont le Parlement prendrait acte. La commission a trait\u00e9 ces initiatives.</p>\n<p>Dans un premier temps, la commission vous a pr\u00e9sent\u00e9 un premier projet tr\u00e8s innovateur: il proposait que ce soit non plus une commission ad hoc qui traite ce programme en d\u00e9but de l\u00e9gislature, mais que ce soit dor\u00e9navant les commissions permanentes les plus comp\u00e9tentes qui l'examinent. Ce premier projet a \u00e9t\u00e9 fortement critiqu\u00e9 par le Bureau qui a d\u00e9pos\u00e9, le 8 septembre 2014, une proposition demandant le renvoi du projet \u00e0 la commission, avec le mandat de mettre en oeuvre les deux initiatives parlementaires, en faisant en sorte que le programme de la l\u00e9gislature soit pr\u00e9sent\u00e9 au Parlement sous la forme d'un rapport du Conseil f\u00e9d\u00e9ral dont le Parlement prendrait acte - soit qu'il y ait une discussion, mais pas de vote. Deux jours plus tard, les groupes PDC/PEV, PLR et UDC ont d\u00e9pos\u00e9 des propositions de teneur identique. C'est pourquoi la commission a retir\u00e9 en quelque sorte son premier projet puisqu'elle a d\u00e9pos\u00e9 le 11 septembre 2014 une motion d'ordre demandant au conseil de reporter l'examen de ce projet \u00e0 la session d'hiver 2014. La pr\u00e9sidente de la commission vous avait alors expliqu\u00e9 que la commission comptait trouver une solution de compromis.</p>\n<p>Eh bien, cette solution de compromis, vous l'avez maintenant sous les yeux. C'est une solution totalement nouvelle, puisqu'elle n'a jamais \u00e9t\u00e9 appliqu\u00e9e ainsi au programme de la l\u00e9gislature. Elle tient compte de toutes les critiques qui ont \u00e9t\u00e9 faites sur les diff\u00e9rentes mani\u00e8res dont nous avons trait\u00e9 le programme de la l\u00e9gislature jusqu'\u00e0 pr\u00e9sent. Elle est nouvelle, mais pourtant pas inconnue, parce qu'elle offre exactement le m\u00eame syst\u00e8me de traitement que nous appliquons actuellement, avec succ\u00e8s, au plan financier. La commission vous propose d'abandonner son id\u00e9e d'origine de faire traiter le programme de la l\u00e9gislature par les commissions permanentes et s'est ralli\u00e9e \u00e0 l'id\u00e9e du Bureau de maintenir la commission ad hoc nomm\u00e9e en d\u00e9but de l\u00e9gislature pour examiner ce programme. C'est-\u00e0-dire que la commission sp\u00e9ciale que nous connaissons actuellement, la CPL, demeure dans ce projet.</p>\n<p>A la fin de l'examen du programme de la l\u00e9gislature, le Parlement a la possibilit\u00e9 de voter des mandats \u00e0 l'intention du Conseil f\u00e9d\u00e9ral, ce qui est nouveau. Il ne s'agit plus de motions, mais de compl\u00e9ter l'arr\u00eat\u00e9 f\u00e9d\u00e9ral par des mandats, comme cela est possible actuellement dans le cadre du plan financier. Ceci est connu, plus simple et plus efficace que la proc\u00e9dure que nous avions connue \u00e0 l'\u00e9poque o\u00f9 l'examen passait par le vote de motions.</p>\n<p>Au nom de la commission, je vous remercie de bien vouloir soutenir le concept de la majorit\u00e9 qui est une proposition de compromis et pour laquelle on a tenu compte des remarques du Bureau et des groupes qui avaient demand\u00e9 le renvoi en commission. La minorit\u00e9 Moret, qui sera repr\u00e9sent\u00e9e par Madame Schneeberger, propose quant \u00e0 elle d'appliquer \u00e0 la lettre le texte des initiatives et la proposition de renvoi de la majorit\u00e9 du Bureau du Conseil national.</p>\n<p>Le groupe UDC a d\u00e9pos\u00e9 \u00e9galement une proposition de renvoyer le projet \u00e0 la commission. Je vous remercie de bien vouloir rejeter cette proposition parce qu'elle est totalement inutile. Elle n'atteindrait pas son but, parce que si on renvoie cet objet en commission, il y a un fort risque qu'on ne parvienne pas \u00e0 temps \u00e0 un projet qui puisse \u00eatre applicable lors de la prochaine l\u00e9gislature.</p>\n<p>Si voulez que soit modifi\u00e9e la fa\u00e7on d'examiner le programme de la l\u00e9gislature, ne renvoyez pas le projet \u00e0 la commission, et cela d'autant moins que vous pouvez choisir entre les deux concepts. Le concept de la minorit\u00e9 a exactement le m\u00eame but que la proposition de renvoi du groupe UDC. Je remercie les membres du groupe UDC de bien vouloir r\u00e9fl\u00e9chir au maintien de la proposition de renvoi \u00e0 la commission, puisque la proposition de la minorit\u00e9 a exactement le m\u00eame objectif que l'initiative parlementaire du groupe UDC et qu'elle aboutit au m\u00eame r\u00e9sultat mais de mani\u00e8re plus rapide.</p>\n<p>Je vous remercie de rejeter la proposition de renvoi du groupe UDC et ensuite de suivre la majorit\u00e9.</p>\n</pd_text>","MeetingCouncilAbbreviation":"N","MeetingDate":"20141210","MeetingVerbalixOid":2554,"IdSession":"4916","SpeakerFirstName":"Isabelle","SpeakerLastName":"Moret","SpeakerFullName":"Moret Isabelle","SpeakerFunction":"Mit-F","CouncilId":1,"CouncilName":"Nationalrat","CantonId":22,"CantonName":"Waadt","CantonAbbreviation":"VD","ParlGroupName":"FDP-Liberale Fraktion","ParlGroupAbbreviation":"RL","SortOrder":3,"Start":"\/Date(1418224151981)\/","End":"\/Date(1418224478266)\/","Function":"*","DisplaySpeaker":true,"LanguageOfText":"FR","Modified":"\/Date(1774877477573)\/","StartTimeWithTimezone":"\/Date(1418224151980+0060)\/","EndTimeWithTimezone":"\/Date(1418224478267+0060)\/","VoteBusinessNumber":null,"VoteBusinessShortNumber":null,"VoteBusinessTitle":null},{"__metadata":{"id":"https://ws.parlament.ch/OData.svc/Transcript(ID=174184L,Language='DE')","uri":"https://ws.parlament.ch/OData.svc/Transcript(ID=174184L,Language='DE')","type":"itsystems.Pd.DataServices.DataModel.Transcript"},"Subjects":{"__deferred":{"uri":"https://ws.parlament.ch/OData.svc/Transcript(ID=174184L,Language='DE')/Subjects"}},"MembersCouncil":{"__deferred":{"uri":"https://ws.parlament.ch/OData.svc/Transcript(ID=174184L,Language='DE')/MembersCouncil"}},"Businesses":{"__deferred":{"uri":"https://ws.parlament.ch/OData.svc/Transcript(ID=174184L,Language='DE')/Businesses"}},"ID":"174184","Language":"DE","IdSubject":"30938","VoteId":null,"PersonNumber":4060,"Type":1,"Text":"<pd_text><p>Namens der Minderheit und gleichzeitig auch namens der FDP-Liberalen Fraktion bitte ich Sie, bei Artikel 146 des Parlamentsgesetzes dem Antrag der Minderheit zu folgen. Im Gegensatz zur Kommissionsmehrheit respektiert die Kommissionsminderheit die Auftr\u00e4ge und Intentionen der beiden parlamentarischen Initiativen, denen wir Folge gegeben haben.</p>\n<p>Im Kern geht es darum, dass insk\u00fcnftig das Legislaturprogramm vom Parlament zwar diskutiert werden kann und auch soll, dass es aber in letzter Konsequenz nur zur Kenntnis genommen werden soll - nicht mehr und nicht weniger.</p>\n<p>Wir erinnern den Rat ausdr\u00fccklich daran, dass das Legislaturprogramm in der abschliessenden Kompetenz und Zust\u00e4ndigkeit der Exekutive, also des Bundesrates, liegt. Dies gilt es zu respektieren. Es geht um eine Frage der Gewaltenteilung und -trennung. Es ist unserer Meinung nach v\u00f6llig ausreichend, wenn das Parlament seine Meinung zum Programm artikulieren kann, und es soll dies auch tun.</p>\n<p>Der Vorschlag der Kommissionsmehrheit f\u00fchrt unserer Meinung nach zu einem unverh\u00e4ltnism\u00e4ssigen Aufwand, und zwar sowohl f\u00fcr die Verwaltung als auch f\u00fcr uns, das Parlament. Im Besonderen entspricht der Vorschlag der Mehrheit nicht mehr dem Geist und der konkreten Forderung der beiden parlamentarischen Initiativen. Wir sind ganz klar der Meinung, dass das Parlament \u00fcber gen\u00fcgend Mittel und Instrumente verf\u00fcgt, um seine Anliegen einzubringen. Wir warnen auch davor, die Zust\u00e4ndigkeiten und Aufgabenstellungen der Gewalten zu durchmischen respektive zu vermischen.</p>\n<p>Die Beratungen \u00fcber das Legislaturprogramm und die entsprechenden Berichte sollten im Sinne einer Effizienzsteigerung wirklich auf ein notwendiges Minimum reduziert werden. Es ist falsch, wenn das Parlament zu einem Programm, welches von der Regierung stammt, Beschl\u00fcsse fasst, die dann doch keinen bindenden Charakter haben, zumal die in der Legislaturplanung aufgef\u00fchrten Gesch\u00e4fte in der Regel in Form einer Botschaft und eines Gesetzentwurfes dem Parlament unterbreitet werden. Dar\u00fcber hinaus kann es [PAGE 2290] auch nicht sein, dass die Legislaturplanung dazu benutzt wird, Parteiprogramme - oder Teile davon - zu implementieren. Der Bundesrat muss das Ganze im Blick haben und \u00fcbergeordnete Interessen wahrnehmen. In diesem Sinn soll und muss er sein Legislaturprogramm auch formulieren und ausgestalten.</p>\n<p>Hand aufs Herz: Wer von uns hat das Legislaturprogramm nach der Beratung und der Kenntnisnahme konsequent begleitet, es auch sp\u00e4ter noch einmal angeschaut und im Besonderen laufend kontrolliert, was nun gemacht worden ist und was noch nicht? Am Ende einer Legislatur wird keine Bilanz gezogen. Wir sind der Meinung, dass wir die parlamentarische Behandlung der Legislaturplanung sehr pragmatisch und letztlich auch in einer angemessenen Art und Weise effizient handhaben sollten.</p>\n<p>Deshalb bitte ich Sie namens meiner Fraktion um die Unterst\u00fctzung des neuen Antrages der Minderheit zu Artikel 146 des Parlamentsgesetzes.</p>\n</pd_text>","MeetingCouncilAbbreviation":"N","MeetingDate":"20141210","MeetingVerbalixOid":2554,"IdSession":"4916","SpeakerFirstName":"Daniela","SpeakerLastName":"Schneeberger","SpeakerFullName":"Schneeberger Daniela","SpeakerFunction":"Mit-F","CouncilId":1,"CouncilName":"Nationalrat","CantonId":13,"CantonName":"Basel-Landschaft","CantonAbbreviation":"BL","ParlGroupName":"FDP-Liberale Fraktion","ParlGroupAbbreviation":"RL","SortOrder":4,"Start":"\/Date(1418224478266)\/","End":"\/Date(1418224663400)\/","Function":"Mit-F","DisplaySpeaker":true,"LanguageOfText":"DE","Modified":"\/Date(1774877477574)\/","StartTimeWithTimezone":"\/Date(1418224478267+0060)\/","EndTimeWithTimezone":"\/Date(1418224663400+0060)\/","VoteBusinessNumber":null,"VoteBusinessShortNumber":null,"VoteBusinessTitle":null},{"__metadata":{"id":"https://ws.parlament.ch/OData.svc/Transcript(ID=174185L,Language='DE')","uri":"https://ws.parlament.ch/OData.svc/Transcript(ID=174185L,Language='DE')","type":"itsystems.Pd.DataServices.DataModel.Transcript"},"Subjects":{"__deferred":{"uri":"https://ws.parlament.ch/OData.svc/Transcript(ID=174185L,Language='DE')/Subjects"}},"MembersCouncil":{"__deferred":{"uri":"https://ws.parlament.ch/OData.svc/Transcript(ID=174185L,Language='DE')/MembersCouncil"}},"Businesses":{"__deferred":{"uri":"https://ws.parlament.ch/OData.svc/Transcript(ID=174185L,Language='DE')/Businesses"}},"ID":"174185","Language":"DE","IdSubject":"30938","VoteId":null,"PersonNumber":4025,"Type":1,"Text":"<pd_text><p>Ich spreche im Namen der SVP-Fraktion. Zuerst m\u00f6chte ich gerade den Kommissionssprecher zitieren. Er hat gesagt, die Mehrheit der SPK habe sich bem\u00fcht, den Auftrag zu erf\u00fcllen. W\u00e4re das ein Arbeitszeugnis, dann w\u00e4re es in etwa das Schlimmste, was Sie h\u00f6ren k\u00f6nnten, d. h., wenn man sich bem\u00fcht, aber das Ergebnis nicht erreicht. Wir sind schon erstaunt. Wir sind \u00fcberrascht und auch entt\u00e4uscht. Die Staatspolitische Kommission dieses Rates pr\u00e4sentiert uns einen Vorschlag, der nicht dem erteilten Auftrag entspricht, und zwar klar nicht - nicht erf\u00fcllt, gesch\u00e4tzter Kommissionssprecher deutscher Sprache, refus\u00e9, gesch\u00e4tzte Kollegin, rifiutato, cari ticinesi, anders kann man es nicht sagen. Man staunt schon, wenn man sieht, wie sich die SPK \u00fcber die erteilten parlamentarischen Auftr\u00e4ge hinwegsetzt.</p>\n<p>Kurz zur Geschichte: Das Parlament hat bisher dreimal \u00fcber die Legislaturplanung in der Form eines einfachen Bundesbeschlusses beraten und beschlossen. Es konnte dabei \u00c4nderungen am Entwurf des Bundesrates vornehmen. Daf\u00fcr wurde in den Jahren 2004, 2008 und 2012 jeweils eine Spezialkommission eingesetzt. Vor zwei Jahren war ich selbst Mitglied der Kommission. Einige von Ihnen haben die Erfahrung auch gemacht. Obwohl die Kommission von Kollegin Leutenegger Oberholzer durchaus gut gef\u00fchrt wurde, muss man sagen, dass die \u00dcbungsanlage falsch ist. Ich teile die Auffassung der Initianten, also der CVP/EVP-Fraktion und der SVP-Fraktion, dass es die zeit- und kostenintensive Spezialkommission nicht braucht. Es ist auch nicht n\u00f6tig, dass sich gem\u00e4ss einem anderen Modell st\u00e4ndige Kommissionen mit viel Zeit- und Koordinationsaufwand um die Planung des Bundesrates k\u00fcmmern. Die SPK war auf dem Holzweg, als sie erwartete, dass diese st\u00e4ndigen Kommissionen weniger, daf\u00fcr konkretere und gezieltere Auftr\u00e4ge erteilen w\u00fcrden als die Spezialkommission. </p>\n<p>Kommen wir doch einmal zur Frage, weshalb die ganze Diskussion in Gang gesetzt worden ist. Es waren diese fast uns\u00e4glichen Beratungskaskaden, zuerst jeweils in der eigentlichen Legislaturplanungskommission und dann in diesem Rat. Am Meccano \u00e4ndert der Vorschlag der SPK rein gar nichts. Warum das? Gem\u00e4ss Vorschlag der SPK k\u00f6nnen Auftr\u00e4ge erteilt werden. Diese Auftr\u00e4ge, les mandats, comme vous avez dit, haben dann eine Rechtswirkung wie angenommene Motionen. Das Parlament kann mit dieser L\u00f6sung immer noch x Inkoh\u00e4renzen in der Legislaturplanung des Bundesrates verursachen.</p>\n<p>Wir wollen, dass das Parlament dieses Papier zur Kenntnis nimmt; das gen\u00fcgt. Mit der vorgeschlagenen L\u00f6sung wird es weiterhin zu diesen uns\u00e4glichen \u00dcbungen kommen, mit denen die Parteien versuchen werden, ihre Parteiprogramme in die Legislaturplanung des Bundesrates hineinzupacken. Sie haben das gerade auch von Kollegin Schneeberger geh\u00f6rt.</p>\n<p>Wir beantragen Ihnen deshalb, unserem R\u00fcckweisungsantrag zuzustimmen, damit die SPK endlich den Auftrag des Parlamentes erf\u00fcllt. Das ist mit dem SPK-Konzept n\u00e4mlich nicht der Fall. Sollte der R\u00fcckweisungsantrag nicht durchkommen, wird die SVP-Fraktion die Antr\u00e4ge der Minderheit der SPK unterst\u00fctzen.</p>\n</pd_text>","MeetingCouncilAbbreviation":"N","MeetingDate":"20141210","MeetingVerbalixOid":2554,"IdSession":"4916","SpeakerFirstName":"Roland Rino","SpeakerLastName":"B\u00fcchel","SpeakerFullName":"B\u00fcchel Roland Rino","SpeakerFunction":"Mit-M","CouncilId":1,"CouncilName":"Nationalrat","CantonId":17,"CantonName":"St. Gallen","CantonAbbreviation":"SG","ParlGroupName":"Fraktion der Schweizerischen Volkspartei","ParlGroupAbbreviation":"V","SortOrder":5,"Start":"\/Date(1418224663400)\/","End":"\/Date(1418224889049)\/","Function":"Mit-M","DisplaySpeaker":true,"LanguageOfText":"DE","Modified":"\/Date(1774877477577)\/","StartTimeWithTimezone":"\/Date(1418224663400+0060)\/","EndTimeWithTimezone":"\/Date(1418224889050+0060)\/","VoteBusinessNumber":null,"VoteBusinessShortNumber":null,"VoteBusinessTitle":null},{"__metadata":{"id":"https://ws.parlament.ch/OData.svc/Transcript(ID=174186L,Language='DE')","uri":"https://ws.parlament.ch/OData.svc/Transcript(ID=174186L,Language='DE')","type":"itsystems.Pd.DataServices.DataModel.Transcript"},"Subjects":{"__deferred":{"uri":"https://ws.parlament.ch/OData.svc/Transcript(ID=174186L,Language='DE')/Subjects"}},"MembersCouncil":{"__deferred":{"uri":"https://ws.parlament.ch/OData.svc/Transcript(ID=174186L,Language='DE')/MembersCouncil"}},"Businesses":{"__deferred":{"uri":"https://ws.parlament.ch/OData.svc/Transcript(ID=174186L,Language='DE')/Businesses"}},"ID":"174186","Language":"DE","IdSubject":"30938","VoteId":null,"PersonNumber":4036,"Type":1,"Text":"<pd_text><p>Im Namen der CVP/EVP-Fraktion bitte ich Sie, auf die Vorlage einzutreten und den R\u00fcckweisungsantrag der SVP-Fraktion abzulehnen.</p>\n<p>Die Legislaturplanung ist ein wichtiges Steuerungsinstrument. In Artikel 173 Absatz 1 Buchstabe g der Bundesverfassung heisst es, die Bundesversammlung wirke bei den wichtigen Planungen der Staatst\u00e4tigkeit mit. Deshalb sollten wir als Parlament dem auch ein gewisses Gewicht beimessen.</p>\n<p>Der Vorschlag der Mehrheit der Kommission kommt dem entgegen. Der Bundesrat unterbreitet dem Parlament eine Botschaft \u00fcber seine Legislaturplanung in der Form eines einfachen Bundesbeschlusses zur Kenntnisnahme. Das Parlament kann den Bundesbeschluss mit Auftr\u00e4gen f\u00fcr eine \u00c4nderung der Legislaturplanung erg\u00e4nzen. Wir lassen so die grunds\u00e4tzliche Zust\u00e4ndigkeit beim Bundesrat, wo sie auch hingeh\u00f6rt; das Parlament hat aber die M\u00f6glichkeit, aktiv mitzuwirken und gezielt Akzente zu setzen. Das ist \u00fcbrigens genau das gleiche Instrument, das das Parlament auch f\u00fcr den Finanzplan ausgew\u00e4hlt hat.</p>\n<p>Die Minderheit Moret will das Legislaturprogramm nur in Form eines Berichtes zur Kenntnis nehmen. Ich kann mir aber kaum vorstellen, dass es im Sinn der Verfassung w\u00e4re, die wichtigste Planung in der schw\u00e4chsten Form der Mitwirkung zu behandeln. Es ist auch nicht nachvollziehbar, dass der Finanzplanung ein st\u00e4rkeres Gewicht beigemessen werden sollte als der Legislaturplanung. Deshalb lehnen wir den Minderheitsantrag zu Artikel 146 des Parlamentsgesetzes ab.</p>\n<p>Auch bei den \u00c4nderungen des Gesch\u00e4ftsreglementes unterst\u00fctzen wir die Mehrheit. Im ersten Entwurf wollte die SPK das Gesch\u00e4ft durch die st\u00e4ndigen Kommissionen vorbereiten lassen. Darauf hat das B\u00fcro mit grossem Aufbegehren reagiert. Deshalb ist als Kompromiss in der vorliegenden Vorlage weiterhin eine Spezialkommission vorgesehen, die das Gesch\u00e4ft vorber\u00e4t. Das Gesch\u00e4ft wird dann gem\u00e4ss dem geltenden Recht im Parlament behandelt. Wir unterst\u00fctzen auch diesen Antrag der Mehrheit. Wenn wir gem\u00e4ss dem Antrag der Minderheit Moret bloss die M\u00f6glichkeit der Kenntnisnahme, ohne die M\u00f6glichkeit der Einflussnahme, h\u00e4tten, w\u00fcrde es wirklich keinen grossen Sinn machen, \u00fcberhaupt eine Kommission einzusetzen.</p>\n<p>Zusammenfassend: F\u00fcr die CVP/EVP-Fraktion ist die Legislaturplanung ein zu wichtiges Steuerungsinstrument, als dass sie gem\u00e4ss den parlamentarischen Initiativen nur noch zur Kenntnis genommen werden sollte.</p>\n<p>Wir sind f\u00fcr Eintreten und unterst\u00fctzen die Variante der Mehrheit.</p>\n</pd_text>","MeetingCouncilAbbreviation":"N","MeetingDate":"20141210","MeetingVerbalixOid":2554,"IdSession":"4916","SpeakerFirstName":"Marianne","SpeakerLastName":"Streiff-Feller","SpeakerFullName":"Streiff-Feller Marianne","SpeakerFunction":"Mit-F","CouncilId":1,"CouncilName":"Nationalrat","CantonId":2,"CantonName":"Bern","CantonAbbreviation":"BE","ParlGroupName":"Fraktion CVP-EVP","ParlGroupAbbreviation":"M-E","SortOrder":6,"Start":"\/Date(1418224889049)\/","End":"\/Date(1418225071438)\/","Function":"Mit-F","DisplaySpeaker":true,"LanguageOfText":"DE","Modified":"\/Date(1774877477578)\/","StartTimeWithTimezone":"\/Date(1418224889050+0060)\/","EndTimeWithTimezone":"\/Date(1418225071437+0060)\/","VoteBusinessNumber":null,"VoteBusinessShortNumber":null,"VoteBusinessTitle":null},{"__metadata":{"id":"https://ws.parlament.ch/OData.svc/Transcript(ID=174187L,Language='DE')","uri":"https://ws.parlament.ch/OData.svc/Transcript(ID=174187L,Language='DE')","type":"itsystems.Pd.DataServices.DataModel.Transcript"},"Subjects":{"__deferred":{"uri":"https://ws.parlament.ch/OData.svc/Transcript(ID=174187L,Language='DE')/Subjects"}},"MembersCouncil":{"__deferred":{"uri":"https://ws.parlament.ch/OData.svc/Transcript(ID=174187L,Language='DE')/MembersCouncil"}},"Businesses":{"__deferred":{"uri":"https://ws.parlament.ch/OData.svc/Transcript(ID=174187L,Language='DE')/Businesses"}},"ID":"174187","Language":"DE","IdSubject":"30938","VoteId":null,"PersonNumber":1135,"Type":1,"Text":"<pd_text><p>Frau Kollegin, es liegen zwei angenommene parlamentarische Initiativen mit einem klaren Auftrag vor. Warum verweigern Sie die Erf\u00fcllung dieses Auftrages? </p>\n</pd_text>","MeetingCouncilAbbreviation":"N","MeetingDate":"20141210","MeetingVerbalixOid":2554,"IdSession":"4916","SpeakerFirstName":"Adrian","SpeakerLastName":"Amstutz","SpeakerFullName":"Amstutz Adrian","SpeakerFunction":"Mit-M","CouncilId":1,"CouncilName":"Nationalrat","CantonId":2,"CantonName":"Bern","CantonAbbreviation":"BE","ParlGroupName":"Fraktion der Schweizerischen Volkspartei","ParlGroupAbbreviation":"V","SortOrder":7,"Start":"\/Date(1418225071438)\/","End":"\/Date(1418225087437)\/","Function":"Mit-M","DisplaySpeaker":true,"LanguageOfText":"DE","Modified":"\/Date(1774877477580)\/","StartTimeWithTimezone":"\/Date(1418225071437+0060)\/","EndTimeWithTimezone":"\/Date(1418225087437+0060)\/","VoteBusinessNumber":null,"VoteBusinessShortNumber":null,"VoteBusinessTitle":null},{"__metadata":{"id":"https://ws.parlament.ch/OData.svc/Transcript(ID=174188L,Language='DE')","uri":"https://ws.parlament.ch/OData.svc/Transcript(ID=174188L,Language='DE')","type":"itsystems.Pd.DataServices.DataModel.Transcript"},"Subjects":{"__deferred":{"uri":"https://ws.parlament.ch/OData.svc/Transcript(ID=174188L,Language='DE')/Subjects"}},"MembersCouncil":{"__deferred":{"uri":"https://ws.parlament.ch/OData.svc/Transcript(ID=174188L,Language='DE')/MembersCouncil"}},"Businesses":{"__deferred":{"uri":"https://ws.parlament.ch/OData.svc/Transcript(ID=174188L,Language='DE')/Businesses"}},"ID":"174188","Language":"DE","IdSubject":"30938","VoteId":null,"PersonNumber":4036,"Type":1,"Text":"<pd_text><p>Wir haben den Inhalt dieser parlamentarischen Initiativen mit den Gesetzesvorlagen in der SPK intensiv diskutiert. Wir haben gemerkt, dass es doch mehr Sinn macht, wenn wir dieses wichtige Gesch\u00e4ft, die Legislaturplanung, so vorbehandeln, dass wir auch eine minimale Steuerungsm\u00f6glichkeit haben. </p>\n</pd_text>","MeetingCouncilAbbreviation":"N","MeetingDate":"20141210","MeetingVerbalixOid":2554,"IdSession":"4916","SpeakerFirstName":"Marianne","SpeakerLastName":"Streiff-Feller","SpeakerFullName":"Streiff-Feller Marianne","SpeakerFunction":"Mit-F","CouncilId":1,"CouncilName":"Nationalrat","CantonId":2,"CantonName":"Bern","CantonAbbreviation":"BE","ParlGroupName":"Fraktion CVP-EVP","ParlGroupAbbreviation":"M-E","SortOrder":8,"Start":"\/Date(1418225087437)\/","End":"\/Date(1418225115347)\/","Function":"Mit-F","DisplaySpeaker":true,"LanguageOfText":"DE","Modified":"\/Date(1774877477581)\/","StartTimeWithTimezone":"\/Date(1418225087437+0060)\/","EndTimeWithTimezone":"\/Date(1418225115347+0060)\/","VoteBusinessNumber":null,"VoteBusinessShortNumber":null,"VoteBusinessTitle":null},{"__metadata":{"id":"https://ws.parlament.ch/OData.svc/Transcript(ID=174189L,Language='DE')","uri":"https://ws.parlament.ch/OData.svc/Transcript(ID=174189L,Language='DE')","type":"itsystems.Pd.DataServices.DataModel.Transcript"},"Subjects":{"__deferred":{"uri":"https://ws.parlament.ch/OData.svc/Transcript(ID=174189L,Language='DE')/Subjects"}},"MembersCouncil":{"__deferred":{"uri":"https://ws.parlament.ch/OData.svc/Transcript(ID=174189L,Language='DE')/MembersCouncil"}},"Businesses":{"__deferred":{"uri":"https://ws.parlament.ch/OData.svc/Transcript(ID=174189L,Language='DE')/Businesses"}},"ID":"174189","Language":"DE","IdSubject":"30938","VoteId":null,"PersonNumber":4093,"Type":1,"Text":"<pd_text><p>Wir Gr\u00fcnen empfehlen Ihnen, einzutreten und der Mehrheit der Kommission zu folgen. Es ist eine etwas lange Irrfahrt, die dieses Gesch\u00e4ft nun hinter sich hat. Ich gebe es offen zu, wir Gr\u00fcnen w\u00e4ren gl\u00fccklicher gewesen mit der Variante, die die SPK nach ihrer ersten Beratung vorgeschlagen hat, n\u00e4mlich auf diese Sonderkommission zu verzichten. Es war aber absehbar, dass das keine Mehrheit finden w\u00fcrde. Entsprechend haben wir das Gesch\u00e4ft nochmals in die Kommission zur\u00fcckgenommen. Der Kompromiss ist manchmal nicht das Beste, aber doch das Bestm\u00f6gliche, was wir hier in diesem Parlament erzielen [PAGE 2291] k\u00f6nnen. Es ist auch unser Auftrag, die Kompromisse zu finden, wenn sie sich so offensichtlich pr\u00e4sentieren. </p>\n<p>Wir haben aber, liebe Kolleginnen und Kollegen gerade von der SVP, als Staatspolitische Kommission nicht nur den Auftrag zu versuchen, parlamentarische Initiativen umzusetzen; da liegt Ihnen ein Vorschlag vor. Wir haben auch den Auftrag, bei der Umsetzung dieser parlamentarischen Initiativen die Bundesverfassung und insbesondere den von Ihnen ja in Ihrem Antrag erw\u00e4hnten Artikel 173 Absatz 1 Buchstabe g zu beachten. Sie k\u00f6nnen nicht von einer Staatspolitischen Kommission erwarten, dass sie den Verfassungsauftrag \"Sie (die Bundesversammlung) wirkt bei den wichtigen Planungen der Staatst\u00e4tigkeit mit\" so umsetzt, dass sie einfach hier sitzt, ins Blaue schaut, etwas plaudert und dann wieder heimgeht. Das ist nicht Mitwirkung. Deshalb schlagen wir Ihnen das gleiche Vorgehen wie beim Finanzplan vor; es wurde erl\u00e4utert. Wir verhindern so Redaktionsdebatten in einem Gremium mit 200 Sitzen.</p>\n<p>Nun gibt es den R\u00fcckweisungsantrag der SVP-Fraktion. Da muss ich nun wirklich sagen: Entweder verstehe ich es nicht, oder dann hat die SVP-Fraktion es nicht verstanden. In aller H\u00f6flichkeit: Sie haben ja diese inhaltliche Haltung nicht alleine. Es ist eine Haltung, die man haben kann. Aber es gibt hier einen Minderheitsantrag, der genau das bringen w\u00fcrde, was Sie mit der R\u00fcckweisung an die Kommission erreichen wollen. Es geht nur noch darum, dass Sie erzwingen wollen, dass eine Mehrheit der Kommission das empfiehlt, was jetzt eine Minderheit der Kommission empfiehlt. Ich kann nicht in die Kristallkugel schauen, aber ich kann Ihnen sagen: Die SPK-NR wird mit Garantie sicher nicht einfach pl\u00f6tzlich die Meinung \u00e4ndern, wenn sie weiss, dass Sie wiederum die M\u00f6glichkeit haben, Ihrer Meinung Ausdruck zu geben. Nehmen Sie sich doch die Freiheit, f\u00fcr das zu stimmen, was Sie erreichen wollen. Dann stimmen Sie meinetwegen mit der Minderheit. Ich finde, das verletze eigentlich den Verfassungsauftrag. Aber Sie haben diese M\u00f6glichkeit. Daf\u00fcr m\u00fcssen wir kein Sitzungsgeld verschwenden. Es geht jetzt offensichtlich wirklich nur noch um ein Statussymbol der SVP. Da muss ich sagen: Wenn Sie das erreichen k\u00f6nnen, was Sie erreichen wollen, indem Sie jetzt dann abstimmen, dann stimmen Sie doch ab. Das ist Ihr gutes Recht.</p>\n<p>Die gr\u00fcne Fraktion empfiehlt, die Vorlage nicht zur\u00fcckzuweisen, sondern einzutreten und der Mehrheit zu folgen.</p>\n</pd_text>","MeetingCouncilAbbreviation":"N","MeetingDate":"20141210","MeetingVerbalixOid":2554,"IdSession":"4916","SpeakerFirstName":"Balthasar","SpeakerLastName":"Gl\u00e4ttli","SpeakerFullName":"Gl\u00e4ttli Balthasar","SpeakerFunction":"Mit-M","CouncilId":1,"CouncilName":"Nationalrat","CantonId":1,"CantonName":"Z\u00fcrich","CantonAbbreviation":"ZH","ParlGroupName":"Gr\u00fcne Fraktion","ParlGroupAbbreviation":"G","SortOrder":9,"Start":"\/Date(1418225115347)\/","End":"\/Date(1418225393647)\/","Function":"Mit-M","DisplaySpeaker":true,"LanguageOfText":"DE","Modified":"\/Date(1774877477584)\/","StartTimeWithTimezone":"\/Date(1418225115347+0060)\/","EndTimeWithTimezone":"\/Date(1418225393647+0060)\/","VoteBusinessNumber":null,"VoteBusinessShortNumber":null,"VoteBusinessTitle":null},{"__metadata":{"id":"https://ws.parlament.ch/OData.svc/Transcript(ID=174190L,Language='DE')","uri":"https://ws.parlament.ch/OData.svc/Transcript(ID=174190L,Language='DE')","type":"itsystems.Pd.DataServices.DataModel.Transcript"},"Subjects":{"__deferred":{"uri":"https://ws.parlament.ch/OData.svc/Transcript(ID=174190L,Language='DE')/Subjects"}},"MembersCouncil":{"__deferred":{"uri":"https://ws.parlament.ch/OData.svc/Transcript(ID=174190L,Language='DE')/MembersCouncil"}},"Businesses":{"__deferred":{"uri":"https://ws.parlament.ch/OData.svc/Transcript(ID=174190L,Language='DE')/Businesses"}},"ID":"174190","Language":"DE","IdSubject":"30938","VoteId":null,"PersonNumber":1135,"Type":1,"Text":"<pd_text><p>Lieber Kollege, Sie sprechen hier von unn\u00f6tig ausgegebenen Sitzungsgeldern. Wir alle hier in diesem Saal wissen, wo unn\u00f6tig Sitzungsgelder verbraten werden, und Sie sind wahrscheinlich mit mir einig - wenn Sie es zugeben w\u00fcrden. Es geht um die Sitzungen der Legislaturplanungskommission, die, Berndeutsch gesagt, \"f\u00fcrs B\u00fcssi\" sind. </p>\n</pd_text>","MeetingCouncilAbbreviation":"N","MeetingDate":"20141210","MeetingVerbalixOid":2554,"IdSession":"4916","SpeakerFirstName":"Adrian","SpeakerLastName":"Amstutz","SpeakerFullName":"Amstutz Adrian","SpeakerFunction":"Mit-M","CouncilId":1,"CouncilName":"Nationalrat","CantonId":2,"CantonName":"Bern","CantonAbbreviation":"BE","ParlGroupName":"Fraktion der Schweizerischen Volkspartei","ParlGroupAbbreviation":"V","SortOrder":10,"Start":"\/Date(1418225393647)\/","End":"\/Date(1418225423528)\/","Function":"Mit-M","DisplaySpeaker":true,"LanguageOfText":"DE","Modified":"\/Date(1774877477585)\/","StartTimeWithTimezone":"\/Date(1418225393647+0060)\/","EndTimeWithTimezone":"\/Date(1418225423527+0060)\/","VoteBusinessNumber":null,"VoteBusinessShortNumber":null,"VoteBusinessTitle":null},{"__metadata":{"id":"https://ws.parlament.ch/OData.svc/Transcript(ID=174191L,Language='DE')","uri":"https://ws.parlament.ch/OData.svc/Transcript(ID=174191L,Language='DE')","type":"itsystems.Pd.DataServices.DataModel.Transcript"},"Subjects":{"__deferred":{"uri":"https://ws.parlament.ch/OData.svc/Transcript(ID=174191L,Language='DE')/Subjects"}},"MembersCouncil":{"__deferred":{"uri":"https://ws.parlament.ch/OData.svc/Transcript(ID=174191L,Language='DE')/MembersCouncil"}},"Businesses":{"__deferred":{"uri":"https://ws.parlament.ch/OData.svc/Transcript(ID=174191L,Language='DE')/Businesses"}},"ID":"174191","Language":"DE","IdSubject":"30938","VoteId":null,"PersonNumber":4093,"Type":1,"Text":"<pd_text><p>Ich glaube nicht, dass ich rhetorische Fragen beantworten muss. Ich sage Ihnen einfach so viel: Wen Sie in diese Kommission schicken und wie viele sinnvolle und kluge Antr\u00e4ge Ihre Fraktionsmitglieder in dieser Kommission stellen oder wie viele \u00fcberfl\u00fcssige Debatten sie veranstalten, daf\u00fcr sind Sie verantwortlich und nicht ich.</p>\n</pd_text>","MeetingCouncilAbbreviation":"N","MeetingDate":"20141210","MeetingVerbalixOid":2554,"IdSession":"4916","SpeakerFirstName":"Balthasar","SpeakerLastName":"Gl\u00e4ttli","SpeakerFullName":"Gl\u00e4ttli Balthasar","SpeakerFunction":"Mit-M","CouncilId":1,"CouncilName":"Nationalrat","CantonId":1,"CantonName":"Z\u00fcrich","CantonAbbreviation":"ZH","ParlGroupName":"Gr\u00fcne Fraktion","ParlGroupAbbreviation":"G","SortOrder":11,"Start":"\/Date(1418225423528)\/","End":"\/Date(1418225459961)\/","Function":"Mit-M","DisplaySpeaker":true,"LanguageOfText":"DE","Modified":"\/Date(1774877477586)\/","StartTimeWithTimezone":"\/Date(1418225423527+0060)\/","EndTimeWithTimezone":"\/Date(1418225459960+0060)\/","VoteBusinessNumber":null,"VoteBusinessShortNumber":null,"VoteBusinessTitle":null},{"__metadata":{"id":"https://ws.parlament.ch/OData.svc/Transcript(ID=174192L,Language='DE')","uri":"https://ws.parlament.ch/OData.svc/Transcript(ID=174192L,Language='DE')","type":"itsystems.Pd.DataServices.DataModel.Transcript"},"Subjects":{"__deferred":{"uri":"https://ws.parlament.ch/OData.svc/Transcript(ID=174192L,Language='DE')/Subjects"}},"MembersCouncil":{"__deferred":{"uri":"https://ws.parlament.ch/OData.svc/Transcript(ID=174192L,Language='DE')/MembersCouncil"}},"Businesses":{"__deferred":{"uri":"https://ws.parlament.ch/OData.svc/Transcript(ID=174192L,Language='DE')/Businesses"}},"ID":"174192","Language":"DE","IdSubject":"30938","VoteId":null,"PersonNumber":4059,"Type":1,"Text":"<pd_text><p>Es wurde vorhin gesagt, dass die SPK ihre Aufgabe nicht wahrgenommen, nicht erf\u00fcllt habe. Ich muss Ihnen dazu aber sagen, dass die Staatspolitische Kommission sich wirklich hineingekniet hat. Da muss ich auch der Verwaltung ein Lob aussprechen, die sich sehr viele Gedanken gemacht hat, sehr viele Varianten vorbereitet hat, die wir dann besprochen haben. Ich muss Ihnen einfach sagen: Wir k\u00f6nnen nat\u00fcrlich das Kind mit dem Bade aussch\u00fctten und sagen, dass wir das \u00fcberhaupt nicht mehr beachten, was uns in der Legislaturplanung vorgegeben wird. Aber ich glaube, dass das wirklich falsch ist. Darum hat die Staatspolitische Kommission aus dieser Badewanne, sage ich mal, ein bisschen Wasser abgelassen und versucht, einen Weg zu finden, der es uns erm\u00f6glicht, weiterhin lenkend, steuernd und kontrollierend als Parlament in die Legislaturplanung einzugreifen, wenn das notwendig ist. </p>\n<p>Mit dem einfachen Bundesbeschluss, wie er jetzt von der Mehrheit Ihrer Kommission vorgeschlagen wird, k\u00f6nnen wir die Legislaturplanung zur Kenntnis nehmen. Wir k\u00f6nnen aber steuernd Einfluss nehmen, indem wir Zusatzauftr\u00e4ge erteilen. Das ist eigentlich ein Prozedere, das wir kennen, das wir gut benutzen k\u00f6nnen und bisher auch weise genutzt haben. Nat\u00fcrlich ist es f\u00fcr uns etwas frustrierend, wenn wir eine Legislaturplanungskommission einsetzen und diese dann lange ber\u00e4t, aber relativ wenig Konkretes zutage f\u00f6rdert. Da m\u00fcssen wir uns selber - da richte ich mich auch an die SVP, die den R\u00fcckweisungsantrag stellt - an der Nase nehmen und halt darauf achten, dass wir erfahrene Leute in die Legislaturplanungskommission setzen. Nicht als Schulungskommission, sondern als Steuerungskommission ist diese gedacht.</p>\n<p>Darum bitte ich Sie namens der Gr\u00fcnliberalen, den R\u00fcckweisungsantrag abzulehnen und der Mehrheit zu folgen. </p>\n</pd_text>","MeetingCouncilAbbreviation":"N","MeetingDate":"20141210","MeetingVerbalixOid":2554,"IdSession":"4916","SpeakerFirstName":"Beat","SpeakerLastName":"Flach","SpeakerFullName":"Flach Beat","SpeakerFunction":"Mit-M","CouncilId":1,"CouncilName":"Nationalrat","CantonId":19,"CantonName":"Aargau","CantonAbbreviation":"AG","ParlGroupName":"Gr\u00fcnliberale Fraktion","ParlGroupAbbreviation":"GL","SortOrder":12,"Start":"\/Date(1418225459961)\/","End":"\/Date(1418225599613)\/","Function":"Mit-M","DisplaySpeaker":true,"LanguageOfText":"DE","Modified":"\/Date(1774877477588)\/","StartTimeWithTimezone":"\/Date(1418225459960+0060)\/","EndTimeWithTimezone":"\/Date(1418225599613+0060)\/","VoteBusinessNumber":null,"VoteBusinessShortNumber":null,"VoteBusinessTitle":null}]},"ID":"30938","Language":"DE","IdMeeting":"1894","VerbalixOid":454450,"SortOrder":1,"Modified":"\/Date(1447070413710)\/"}}