{"d":{"__metadata":{"id":"https://ws.parlament.ch/OData.svc/Subject(ID=3110L,Language='DE')","uri":"https://ws.parlament.ch/OData.svc/Subject(ID=3110L,Language='DE')","type":"itsystems.Pd.DataServices.DataModel.Subject"},"Meetings":{"__metadata":{"id":"https://ws.parlament.ch/OData.svc/Meeting(ID=219L,Language='DE')","uri":"https://ws.parlament.ch/OData.svc/Meeting(ID=219L,Language='DE')","type":"itsystems.Pd.DataServices.DataModel.Meeting"},"Sessions":{"__deferred":{"uri":"https://ws.parlament.ch/OData.svc/Meeting(ID=219L,Language='DE')/Sessions"}},"Subjects":{"__deferred":{"uri":"https://ws.parlament.ch/OData.svc/Meeting(ID=219L,Language='DE')/Subjects"}},"ID":"219","Language":"DE","MeetingNumber":10,"IdSession":4609,"SessionNumber":9,"SessionName":"Herbstsession 2001","Council":2,"CouncilName":"St\u00e4nderat","CouncilAbbreviation":"SR","Date":"\/Date(1002067200000)\/","Begin":"0930","Modified":"\/Date(1447069769110)\/","LegislativePeriodNumber":46,"PublicationStatus":"final","MeetingOrderText":"Zehnte Sitzung","SortOrder":10,"Location":"S"},"SubjectsBusiness":{"results":[{"__metadata":{"id":"https://ws.parlament.ch/OData.svc/SubjectBusiness(BusinessNumber=20010013,IdSubject=3110L,Language='DE')","uri":"https://ws.parlament.ch/OData.svc/SubjectBusiness(BusinessNumber=20010013,IdSubject=3110L,Language='DE')","type":"itsystems.Pd.DataServices.DataModel.SubjectBusiness"},"Subjects":{"__deferred":{"uri":"https://ws.parlament.ch/OData.svc/SubjectBusiness(BusinessNumber=20010013,IdSubject=3110L,Language='DE')/Subjects"}},"Businesses":{"__deferred":{"uri":"https://ws.parlament.ch/OData.svc/SubjectBusiness(BusinessNumber=20010013,IdSubject=3110L,Language='DE')/Businesses"}},"IdSubject":"3110","BusinessNumber":20010013,"Language":"DE","BusinessShortNumber":"01.013","Title":"Soziale Sicherheit. Abkommen zwischen der Schweiz und Mazedonien","SortOrder":1,"PublishedNotes":"Zweitrat - Deuxi\u00e8me Conseil\n","Modified":"\/Date(1447069142290)\/","TitleDE":"Soziale Sicherheit.\nAbkommen zwischen der Schweiz\nund Mazedonien","TitleFR":"S\u00e9curit\u00e9 sociale.\nConvention entre la Suisse\net la Mac\u00e9doine","TitleIT":null}]},"Transcripts":{"results":[{"__metadata":{"id":"https://ws.parlament.ch/OData.svc/Transcript(ID=15971L,Language='DE')","uri":"https://ws.parlament.ch/OData.svc/Transcript(ID=15971L,Language='DE')","type":"itsystems.Pd.DataServices.DataModel.Transcript"},"Subjects":{"__deferred":{"uri":"https://ws.parlament.ch/OData.svc/Transcript(ID=15971L,Language='DE')/Subjects"}},"MembersCouncil":{"__deferred":{"uri":"https://ws.parlament.ch/OData.svc/Transcript(ID=15971L,Language='DE')/MembersCouncil"}},"Businesses":{"__deferred":{"uri":"https://ws.parlament.ch/OData.svc/Transcript(ID=15971L,Language='DE')/Businesses"}},"ID":"15971","Language":"DE","IdSubject":"3110","VoteId":null,"PersonNumber":378,"Type":1,"Text":"<pd_text><p>La commission vous propose, \u00e0 l'unanimit\u00e9, d'approuver la convention et d'habiliter le Conseil f\u00e9d\u00e9ral \u00e0 la ratifier.</p>\n<p>[VS]</p>\n<p><i>Eintreten wird ohne Gegenantrag beschlossen</i></p>\n<p><i>L'entr\u00e9e en mati\u00e8re est d\u00e9cid\u00e9e sans opposition</i></p>\n<p>[VS] </p>\n<p><b>Bundesbeschluss betreffend das Abkommen zwischen der Schweiz und Mazedonien \u00fcber soziale Sicherheit </b></p>\n<p><b>Arr\u00eat\u00e9 f\u00e9d\u00e9ral concernant la Convention de s\u00e9curit\u00e9 sociale entre la Suisse et la Mac\u00e9doine </b></p>\n<p>[VS]</p>\n<p><i>Gesamtberatung - Traitement global</i></p>\n<p>[VS]</p>\n<p><b>Titel und Ingress, Art. 1, 2</b></p>\n<p><b>Titre et pr\u00e9ambule, art. 1, 2</b></p>\n<p>[VS]</p>\n<p><i>Gesamtabstimmung - Vote sur l'ensemble</i></p>\n<p>F\u00fcr Annahme des Entwurfes .... 33 Stimmen</p>\n<p>(Einstimmigkeit)</p>\n</pd_text>","MeetingCouncilAbbreviation":"S","MeetingDate":"20011003","MeetingVerbalixOid":856,"IdSession":"4609","SpeakerFirstName":"Fran\u00e7oise","SpeakerLastName":"Saudan","SpeakerFullName":"Saudan Fran\u00e7oise","SpeakerFunction":"P-F","CouncilId":2,"CouncilName":"St\u00e4nderat","CantonId":25,"CantonName":"Genf","CantonAbbreviation":"GE","ParlGroupName":"Freisinnig-demokratische Fraktion","ParlGroupAbbreviation":"RL","SortOrder":1,"Start":"\/Date(1002101562177)\/","End":"\/Date(1002101737833)\/","Function":"","DisplaySpeaker":true,"LanguageOfText":"FR","Modified":"\/Date(1510849301847)\/","StartTimeWithTimezone":"\/Date(1002101562177+0120)\/","EndTimeWithTimezone":"\/Date(1002101737833+0120)\/","VoteBusinessNumber":null,"VoteBusinessShortNumber":null,"VoteBusinessTitle":null}]},"ID":"3110","Language":"DE","IdMeeting":"219","VerbalixOid":37779,"SortOrder":1,"Modified":"\/Date(1447069769110)\/"}}