{"d":{"__metadata":{"id":"https://ws.parlament.ch/OData.svc/Subject(ID=31301L,Language='DE')","uri":"https://ws.parlament.ch/OData.svc/Subject(ID=31301L,Language='DE')","type":"itsystems.Pd.DataServices.DataModel.Subject"},"Meetings":{"__metadata":{"id":"https://ws.parlament.ch/OData.svc/Meeting(ID=1899L,Language='DE')","uri":"https://ws.parlament.ch/OData.svc/Meeting(ID=1899L,Language='DE')","type":"itsystems.Pd.DataServices.DataModel.Meeting"},"Sessions":{"__deferred":{"uri":"https://ws.parlament.ch/OData.svc/Meeting(ID=1899L,Language='DE')/Sessions"}},"Subjects":{"__deferred":{"uri":"https://ws.parlament.ch/OData.svc/Meeting(ID=1899L,Language='DE')/Subjects"}},"ID":"1899","Language":"DE","MeetingNumber":9,"IdSession":4710,"SessionNumber":10,"SessionName":"Wintersession 2005","Council":2,"CouncilName":"St\u00e4nderat","CouncilAbbreviation":"SR","Date":"\/Date(1134345600000)\/","Begin":"1730","Modified":"\/Date(1447070416713)\/","LegislativePeriodNumber":47,"PublicationStatus":"final","MeetingOrderText":"Neunte Sitzung","SortOrder":9,"Location":"S"},"SubjectsBusiness":{"results":[{"__metadata":{"id":"https://ws.parlament.ch/OData.svc/SubjectBusiness(BusinessNumber=20020024,IdSubject=31301L,Language='DE')","uri":"https://ws.parlament.ch/OData.svc/SubjectBusiness(BusinessNumber=20020024,IdSubject=31301L,Language='DE')","type":"itsystems.Pd.DataServices.DataModel.SubjectBusiness"},"Subjects":{"__deferred":{"uri":"https://ws.parlament.ch/OData.svc/SubjectBusiness(BusinessNumber=20020024,IdSubject=31301L,Language='DE')/Subjects"}},"Businesses":{"__deferred":{"uri":"https://ws.parlament.ch/OData.svc/SubjectBusiness(BusinessNumber=20020024,IdSubject=31301L,Language='DE')/Businesses"}},"IdSubject":"31301","BusinessNumber":20020024,"Language":"DE","BusinessShortNumber":"02.024","Title":"Bundesgesetz \u00fcber die Ausl\u00e4nderinnen und Ausl\u00e4nder (AuG)","SortOrder":1,"PublishedNotes":"Differenzen - Divergences\n","Modified":"\/Date(1447069172210)\/","TitleDE":"Ausl\u00e4ndergesetz","TitleFR":"Loi sur les \u00e9trangers","TitleIT":null}]},"Transcripts":{"results":[{"__metadata":{"id":"https://ws.parlament.ch/OData.svc/Transcript(ID=174982L,Language='DE')","uri":"https://ws.parlament.ch/OData.svc/Transcript(ID=174982L,Language='DE')","type":"itsystems.Pd.DataServices.DataModel.Transcript"},"Subjects":{"__deferred":{"uri":"https://ws.parlament.ch/OData.svc/Transcript(ID=174982L,Language='DE')/Subjects"}},"MembersCouncil":{"__deferred":{"uri":"https://ws.parlament.ch/OData.svc/Transcript(ID=174982L,Language='DE')/MembersCouncil"}},"Businesses":{"__deferred":{"uri":"https://ws.parlament.ch/OData.svc/Transcript(ID=174982L,Language='DE')/Businesses"}},"ID":"174982","Language":"DE","IdSubject":"31301","VoteId":null,"PersonNumber":37,"Type":1,"Text":"<pd_text><p><i>Angenommen - Adopt\u00e9</i></p>\n<p>[VS]</p>\n<p>[VS]</p>\n<p><b>Pr\u00e4sident</b> (B\u00fcttiker Rolf, Pr\u00e4sident): Damit haben wir sowohl beim Asylgesetz als auch beim Ausl\u00e4ndergesetz die Differenzen bereinigt. Ich w\u00fcnsche Herrn Bundesrat Blocher noch einen angenehmen Abend. Ich gehe davon aus, dass er mit dem St\u00e4nderat zufrieden ist. <i>(Zwischenruf Bundesrat Blocher: Sehr!) (Heiterkeit)</i></p>\n<p>[PAGE 1097] </p>\n</pd_text>","MeetingCouncilAbbreviation":"S","MeetingDate":"20051212","MeetingVerbalixOid":1387,"IdSession":"4710","SpeakerFirstName":"Rolf","SpeakerLastName":"B\u00fcttiker","SpeakerFullName":"B\u00fcttiker Rolf","SpeakerFunction":"P-M","CouncilId":2,"CouncilName":"St\u00e4nderat","CantonId":11,"CantonName":"Solothurn","CantonAbbreviation":"SO","ParlGroupName":"Freisinnig-demokratische Fraktion","ParlGroupAbbreviation":"RL","SortOrder":3,"Start":"\/Date(1134410248610)\/","End":"\/Date(1134410274670)\/","Function":"P-M","DisplaySpeaker":false,"LanguageOfText":null,"Modified":"\/Date(1510850344467)\/","StartTimeWithTimezone":"\/Date(1134410248610+0060)\/","EndTimeWithTimezone":"\/Date(1134410274670+0060)\/","VoteBusinessNumber":null,"VoteBusinessShortNumber":null,"VoteBusinessTitle":null},{"__metadata":{"id":"https://ws.parlament.ch/OData.svc/Transcript(ID=174983L,Language='DE')","uri":"https://ws.parlament.ch/OData.svc/Transcript(ID=174983L,Language='DE')","type":"itsystems.Pd.DataServices.DataModel.Transcript"},"Subjects":{"__deferred":{"uri":"https://ws.parlament.ch/OData.svc/Transcript(ID=174983L,Language='DE')/Subjects"}},"MembersCouncil":{"__deferred":{"uri":"https://ws.parlament.ch/OData.svc/Transcript(ID=174983L,Language='DE')/MembersCouncil"}},"Businesses":{"__deferred":{"uri":"https://ws.parlament.ch/OData.svc/Transcript(ID=174983L,Language='DE')/Businesses"}},"ID":"174983","Language":"DE","IdSubject":"31301","VoteId":null,"PersonNumber":107,"Type":1,"Text":"<pd_text><p>Ich habe bereits erw\u00e4hnt, dass es um die Anpassung der Formulierung geht, wie wir sie jetzt eben im Asylgesetz (02.060) beschlossen haben.</p>\n</pd_text>","MeetingCouncilAbbreviation":"S","MeetingDate":"20051212","MeetingVerbalixOid":1387,"IdSession":"4710","SpeakerFirstName":"Trix","SpeakerLastName":"Heberlein","SpeakerFullName":"Heberlein Trix","SpeakerFunction":"Mit-F","CouncilId":2,"CouncilName":"St\u00e4nderat","CantonId":1,"CantonName":"Z\u00fcrich","CantonAbbreviation":"ZH","ParlGroupName":"Freisinnig-demokratische Fraktion","ParlGroupAbbreviation":"RL","SortOrder":2,"Start":"\/Date(1134410237797)\/","End":"\/Date(1134410248610)\/","Function":"*","DisplaySpeaker":true,"LanguageOfText":"DE","Modified":"\/Date(1510850344453)\/","StartTimeWithTimezone":"\/Date(1134410237797+0060)\/","EndTimeWithTimezone":"\/Date(1134410248610+0060)\/","VoteBusinessNumber":null,"VoteBusinessShortNumber":null,"VoteBusinessTitle":null},{"__metadata":{"id":"https://ws.parlament.ch/OData.svc/Transcript(ID=174984L,Language='DE')","uri":"https://ws.parlament.ch/OData.svc/Transcript(ID=174984L,Language='DE')","type":"itsystems.Pd.DataServices.DataModel.Transcript"},"Subjects":{"__deferred":{"uri":"https://ws.parlament.ch/OData.svc/Transcript(ID=174984L,Language='DE')/Subjects"}},"MembersCouncil":{"__deferred":{"uri":"https://ws.parlament.ch/OData.svc/Transcript(ID=174984L,Language='DE')/MembersCouncil"}},"Businesses":{"__deferred":{"uri":"https://ws.parlament.ch/OData.svc/Transcript(ID=174984L,Language='DE')/Businesses"}},"ID":"174984","Language":"DE","IdSubject":"31301","VoteId":null,"PersonNumber":37,"Type":1,"Text":"<pd_text><p><b>Bundesgesetz \u00fcber die Ausl\u00e4nderinnen und Ausl\u00e4nder </b></p>\n<p><b>Loi f\u00e9d\u00e9rale sur les \u00e9trangers </b></p>\n<p>[VS]</p>\n<p><b>Art. 78 Abs. 4</b></p>\n<p><i>Antrag der Kommission</i></p>\n<p>Zustimmung zum Beschluss des Nationalrates</p>\n<p>[VS]</p>\n<p><b>Art. 78 al. 4</b></p>\n<p><i>Proposition de la commission</i></p>\n<p>Adh\u00e9rer \u00e0 la d\u00e9cision du Conseil national</p>\n</pd_text>","MeetingCouncilAbbreviation":"S","MeetingDate":"20051212","MeetingVerbalixOid":1387,"IdSession":"4710","SpeakerFirstName":"Rolf","SpeakerLastName":"B\u00fcttiker","SpeakerFullName":"B\u00fcttiker Rolf","SpeakerFunction":"P-M","CouncilId":2,"CouncilName":"St\u00e4nderat","CantonId":11,"CantonName":"Solothurn","CantonAbbreviation":"SO","ParlGroupName":"Freisinnig-demokratische Fraktion","ParlGroupAbbreviation":"RL","SortOrder":1,"Start":"\/Date(1134410223437)\/","End":"\/Date(1134410237797)\/","Function":"P-M","DisplaySpeaker":false,"LanguageOfText":null,"Modified":"\/Date(1510850344453)\/","StartTimeWithTimezone":"\/Date(1134410223437+0060)\/","EndTimeWithTimezone":"\/Date(1134410237797+0060)\/","VoteBusinessNumber":null,"VoteBusinessShortNumber":null,"VoteBusinessTitle":null}]},"ID":"31301","Language":"DE","IdMeeting":"1899","VerbalixOid":212610,"SortOrder":4,"Modified":"\/Date(1510850344453)\/"}}