{"d":{"__metadata":{"id":"https://ws.parlament.ch/OData.svc/Subject(ID=3161L,Language='DE')","uri":"https://ws.parlament.ch/OData.svc/Subject(ID=3161L,Language='DE')","type":"itsystems.Pd.DataServices.DataModel.Subject"},"Meetings":{"__metadata":{"id":"https://ws.parlament.ch/OData.svc/Meeting(ID=224L,Language='DE')","uri":"https://ws.parlament.ch/OData.svc/Meeting(ID=224L,Language='DE')","type":"itsystems.Pd.DataServices.DataModel.Meeting"},"Sessions":{"__deferred":{"uri":"https://ws.parlament.ch/OData.svc/Meeting(ID=224L,Language='DE')/Sessions"}},"Subjects":{"__deferred":{"uri":"https://ws.parlament.ch/OData.svc/Meeting(ID=224L,Language='DE')/Subjects"}},"ID":"224","Language":"DE","MeetingNumber":1,"IdSession":4610,"SessionNumber":10,"SessionName":"Ausserordentliche Session November 2001","Council":1,"CouncilName":"Nationalrat","CouncilAbbreviation":"NR","Date":"\/Date(1005868800000)\/","Begin":"1530","Modified":"\/Date(1447069770327)\/","LegislativePeriodNumber":46,"PublicationStatus":"final","MeetingOrderText":"Erste Sitzung","SortOrder":1,"Location":"N"},"SubjectsBusiness":{"results":[{"__metadata":{"id":"https://ws.parlament.ch/OData.svc/SubjectBusiness(BusinessNumber=20010214,IdSubject=3161L,Language='DE')","uri":"https://ws.parlament.ch/OData.svc/SubjectBusiness(BusinessNumber=20010214,IdSubject=3161L,Language='DE')","type":"itsystems.Pd.DataServices.DataModel.SubjectBusiness"},"Subjects":{"__deferred":{"uri":"https://ws.parlament.ch/OData.svc/SubjectBusiness(BusinessNumber=20010214,IdSubject=3161L,Language='DE')/Subjects"}},"Businesses":{"__deferred":{"uri":"https://ws.parlament.ch/OData.svc/SubjectBusiness(BusinessNumber=20010214,IdSubject=3161L,Language='DE')/Businesses"}},"IdSubject":"3161","BusinessNumber":20010214,"Language":"DE","BusinessShortNumber":"01.214","Title":"Nationalrat. Wahlpr\u00fcfung und Vereidigung","SortOrder":1,"PublishedNotes":null,"Modified":"\/Date(1447069145873)\/","TitleDE":"Wahlpr\u00fcfung\nund Vereidigung","TitleFR":"V\u00e9rification des pouvoirs\net prestation de serment ","TitleIT":null}]},"Transcripts":{"results":[{"__metadata":{"id":"https://ws.parlament.ch/OData.svc/Transcript(ID=16350L,Language='DE')","uri":"https://ws.parlament.ch/OData.svc/Transcript(ID=16350L,Language='DE')","type":"itsystems.Pd.DataServices.DataModel.Transcript"},"Subjects":{"__deferred":{"uri":"https://ws.parlament.ch/OData.svc/Transcript(ID=16350L,Language='DE')/Subjects"}},"MembersCouncil":{"__deferred":{"uri":"https://ws.parlament.ch/OData.svc/Transcript(ID=16350L,Language='DE')/MembersCouncil"}},"Businesses":{"__deferred":{"uri":"https://ws.parlament.ch/OData.svc/Transcript(ID=16350L,Language='DE')/Businesses"}},"ID":"16350","Language":"DE","IdSubject":"3161","VoteId":null,"PersonNumber":111,"Type":1,"Text":"<pd_text><p>Das B\u00fcro beantragt, die Wahl von Herrn Imfeld zu validieren. Ein anderer Antrag ist nicht gestellt. Die Wahl wird somit f\u00fcr g\u00fcltig erkl\u00e4rt. Wir schreiten zur Vereidigung. Ich bitte Herrn Imfeld, in die Mitte des Saales zu treten.</p>\n<p>Ich ersuche die Herren Bundesr\u00e4te, die Ratsmitglieder und die Besucher auf der Trib\u00fcne, sich zu erheben.</p>\n<p>Die Generalsekret\u00e4rin wird nun die Eidesformel vorlesen.</p>\n<p>[VS]</p>\n<p><i>Wallimann-Bornatico Mariangela, Generalsekret\u00e4rin der Bundesversammlung, verliest die Eidesformel: </i></p>\n<p><i>Wallimann-Bornatico Mariangela, secr\u00e9taire g\u00e9n\u00e9rale de l'Assembl\u00e9e f\u00e9d\u00e9rale, donne lecture de la formule du serment: </i></p>\n<p>Ich schw\u00f6re vor Gott, dem Allm\u00e4chtigen, die Verfassung und die Gesetze des Bundes treu und wahr zu halten; die Einheit, Kraft und Ehre der schweizerischen Nation zu wahren; die Unabh\u00e4ngigkeit des Vaterlandes, die Freiheit und die Rechte des Volkes und seiner B\u00fcrger zu sch\u00fctzen und zu schirmen und \u00fcberhaupt alle mir \u00fcbertragenen Pflichten gewissenhaft zu erf\u00fcllen, so wahr mir Gott helfe. </p>\n<p>[VS]</p>\n<p><i>Imfeld Adrian wird vereidigt </i></p>\n<p><i>Imfeld Adrian pr\u00eate serment </i></p>\n<p>[VS]</p>\n<p><b>Pr\u00e4sident</b> (Hess Peter, Pr\u00e4sident): Herr Nationalrat Adrian Imfeld, der Rat nimmt Kenntnis von Ihrem Eid. </p>\n<p>Im Namen des Rates heisse ich Sie willkommen und entbiete Ihnen meine besten W\u00fcnsche f\u00fcr eine erfolgreiche Ratst\u00e4tigkeit. <i>(Beifall)</i></p>\n<p>[PAGE 1472] </p>\n</pd_text>","MeetingCouncilAbbreviation":"N","MeetingDate":"20011116","MeetingVerbalixOid":861,"IdSession":"4610","SpeakerFirstName":"Peter","SpeakerLastName":"Hess","SpeakerFullName":"Hess Peter","SpeakerFunction":"P-M","CouncilId":1,"CouncilName":"Nationalrat","CantonId":9,"CantonName":"Zug","CantonAbbreviation":"ZG","ParlGroupName":"Christlichdemokratische Fraktion","ParlGroupAbbreviation":"M-E","SortOrder":3,"Start":"\/Date(1005924786715)\/","End":"\/Date(1005924917043)\/","Function":"","DisplaySpeaker":true,"LanguageOfText":"DE","Modified":"\/Date(1774878212055)\/","StartTimeWithTimezone":"\/Date(1005924786717+0060)\/","EndTimeWithTimezone":"\/Date(1005924917043+0060)\/","VoteBusinessNumber":null,"VoteBusinessShortNumber":null,"VoteBusinessTitle":null},{"__metadata":{"id":"https://ws.parlament.ch/OData.svc/Transcript(ID=16351L,Language='DE')","uri":"https://ws.parlament.ch/OData.svc/Transcript(ID=16351L,Language='DE')","type":"itsystems.Pd.DataServices.DataModel.Transcript"},"Subjects":{"__deferred":{"uri":"https://ws.parlament.ch/OData.svc/Transcript(ID=16351L,Language='DE')/Subjects"}},"MembersCouncil":{"__deferred":{"uri":"https://ws.parlament.ch/OData.svc/Transcript(ID=16351L,Language='DE')/MembersCouncil"}},"Businesses":{"__deferred":{"uri":"https://ws.parlament.ch/OData.svc/Transcript(ID=16351L,Language='DE')/Businesses"}},"ID":"16351","Language":"DE","IdSubject":"3161","VoteId":null,"PersonNumber":226,"Type":1,"Text":"<pd_text><p>Das B\u00fcro hat die Wahl von Herrn Adrian Imfeld, geboren am 4. Dezember 1954, von Lungern, in Sarnen, gepr\u00fcft. Herr Imfeld ersetzt unseren Kollegen Adalbert Durrer. Da der Kanton Obwalden nur \u00fcber einen Nationalratssitz verf\u00fcgt, wurde mit dem R\u00fccktritt von Herrn Durrer eine Ersatzwahl n\u00f6tig. Innert der Einreichefrist ist von f\u00fcnf im Kanton Obwalden Stimmberechtigten ein Wahlvorschlag der CVP auf Adrian Imfeld eingereicht worden.</p>\n<p>Adrian Imfeld ist in stiller Wahl als Nationalrat f\u00fcr den Rest der 46. Legislaturperiode gew\u00e4hlt. Er ist lic. oec. HSG, diplomierter Wirtschaftspr\u00fcfer und Berater. Der Regierungsrat des Kantons Obwalden hat ihn mit Beschluss vom 28. August 2001 als gew\u00e4hlt erkl\u00e4rt. Dieser Beschluss ist im Amtsblatt des Kantons Obwalden vom 30. August ver\u00f6ffentlicht worden.</p>\n<p>Das B\u00fcro hat festgestellt, dass bei Herrn Imfeld keine Unvereinbarkeit mit dem Nationalratsmandat besteht. Das B\u00fcro beantragt deshalb, die Wahl von Herrn Imfeld als g\u00fcltig zu erkl\u00e4ren.</p>\n</pd_text>","MeetingCouncilAbbreviation":"N","MeetingDate":"20011116","MeetingVerbalixOid":861,"IdSession":"4610","SpeakerFirstName":"Karl","SpeakerLastName":"Tschuppert","SpeakerFullName":"Tschuppert Karl","SpeakerFunction":"","CouncilId":1,"CouncilName":"Nationalrat","CantonId":3,"CantonName":"Luzern","CantonAbbreviation":"LU","ParlGroupName":"Freisinnig-demokratische Fraktion","ParlGroupAbbreviation":"RL","SortOrder":2,"Start":"\/Date(1005924688433)\/","End":"\/Date(1005924786715)\/","Function":"B","DisplaySpeaker":true,"LanguageOfText":"DE","Modified":"\/Date(1774878212052)\/","StartTimeWithTimezone":"\/Date(1005924688433+0060)\/","EndTimeWithTimezone":"\/Date(1005924786717+0060)\/","VoteBusinessNumber":null,"VoteBusinessShortNumber":null,"VoteBusinessTitle":null},{"__metadata":{"id":"https://ws.parlament.ch/OData.svc/Transcript(ID=16352L,Language='DE')","uri":"https://ws.parlament.ch/OData.svc/Transcript(ID=16352L,Language='DE')","type":"itsystems.Pd.DataServices.DataModel.Transcript"},"Subjects":{"__deferred":{"uri":"https://ws.parlament.ch/OData.svc/Transcript(ID=16352L,Language='DE')/Subjects"}},"MembersCouncil":{"__deferred":{"uri":"https://ws.parlament.ch/OData.svc/Transcript(ID=16352L,Language='DE')/MembersCouncil"}},"Businesses":{"__deferred":{"uri":"https://ws.parlament.ch/OData.svc/Transcript(ID=16352L,Language='DE')/Businesses"}},"ID":"16352","Language":"DE","IdSubject":"3161","VoteId":null,"PersonNumber":111,"Type":1,"Text":"<pd_text><p>Ich heisse Sie zur ausserordentlichen Session des National- und des St\u00e4nderates willkommen.</p>\n<p>Herr Nationalrat Adalbert Durrer hat seinen R\u00fccktritt auf den 5. Oktober 2001 eingereicht. Wir haben die Wahlpr\u00fcfung seines Nachfolgers, Herrn Adrian Imfelds, vorzunehmen.</p>\n</pd_text>","MeetingCouncilAbbreviation":"N","MeetingDate":"20011116","MeetingVerbalixOid":861,"IdSession":"4610","SpeakerFirstName":"Peter","SpeakerLastName":"Hess","SpeakerFullName":"Hess Peter","SpeakerFunction":"P-M","CouncilId":1,"CouncilName":"Nationalrat","CantonId":9,"CantonName":"Zug","CantonAbbreviation":"ZG","ParlGroupName":"Christlichdemokratische Fraktion","ParlGroupAbbreviation":"M-E","SortOrder":1,"Start":"\/Date(1005924606543)\/","End":"\/Date(1005924688433)\/","Function":"","DisplaySpeaker":true,"LanguageOfText":"DE","Modified":"\/Date(1774878212051)\/","StartTimeWithTimezone":"\/Date(1005924606543+0060)\/","EndTimeWithTimezone":"\/Date(1005924688433+0060)\/","VoteBusinessNumber":null,"VoteBusinessShortNumber":null,"VoteBusinessTitle":null}]},"ID":"3161","Language":"DE","IdMeeting":"224","VerbalixOid":39839,"SortOrder":1,"Modified":"\/Date(1447069770447)\/"}}