{"d":{"__metadata":{"id":"https://ws.parlament.ch/OData.svc/Subject(ID=3187L,Language='DE')","uri":"https://ws.parlament.ch/OData.svc/Subject(ID=3187L,Language='DE')","type":"itsystems.Pd.DataServices.DataModel.Subject"},"Meetings":{"__metadata":{"id":"https://ws.parlament.ch/OData.svc/Meeting(ID=228L,Language='DE')","uri":"https://ws.parlament.ch/OData.svc/Meeting(ID=228L,Language='DE')","type":"itsystems.Pd.DataServices.DataModel.Meeting"},"Sessions":{"__deferred":{"uri":"https://ws.parlament.ch/OData.svc/Meeting(ID=228L,Language='DE')/Sessions"}},"Subjects":{"__deferred":{"uri":"https://ws.parlament.ch/OData.svc/Meeting(ID=228L,Language='DE')/Subjects"}},"ID":"228","Language":"DE","MeetingNumber":3,"IdSession":4611,"SessionNumber":11,"SessionName":"Wintersession 2001","Council":1,"CouncilName":"Nationalrat","CouncilAbbreviation":"NR","Date":"\/Date(1006905600000)\/","Begin":"0800","Modified":"\/Date(1447069771703)\/","LegislativePeriodNumber":46,"PublicationStatus":"final","MeetingOrderText":"Dritte Sitzung","SortOrder":3,"Location":"N"},"SubjectsBusiness":{"results":[{"__metadata":{"id":"https://ws.parlament.ch/OData.svc/SubjectBusiness(BusinessNumber=20000072,IdSubject=3187L,Language='DE')","uri":"https://ws.parlament.ch/OData.svc/SubjectBusiness(BusinessNumber=20000072,IdSubject=3187L,Language='DE')","type":"itsystems.Pd.DataServices.DataModel.SubjectBusiness"},"Subjects":{"__deferred":{"uri":"https://ws.parlament.ch/OData.svc/SubjectBusiness(BusinessNumber=20000072,IdSubject=3187L,Language='DE')/Subjects"}},"Businesses":{"__deferred":{"uri":"https://ws.parlament.ch/OData.svc/SubjectBusiness(BusinessNumber=20000072,IdSubject=3187L,Language='DE')/Businesses"}},"IdSubject":"3187","BusinessNumber":20000072,"Language":"DE","BusinessShortNumber":"00.072","Title":"Berufsbildungsgesetz","SortOrder":1,"PublishedNotes":"Fortsetzung - Suite\n","Modified":"\/Date(1447069112720)\/","TitleDE":"Berufsbildungsgesetz","TitleFR":"Loi sur la formation professionnelle","TitleIT":null}]},"Transcripts":{"results":[{"__metadata":{"id":"https://ws.parlament.ch/OData.svc/Transcript(ID=16547L,Language='DE')","uri":"https://ws.parlament.ch/OData.svc/Transcript(ID=16547L,Language='DE')","type":"itsystems.Pd.DataServices.DataModel.Transcript"},"Subjects":{"__deferred":{"uri":"https://ws.parlament.ch/OData.svc/Transcript(ID=16547L,Language='DE')/Subjects"}},"MembersCouncil":{"__deferred":{"uri":"https://ws.parlament.ch/OData.svc/Transcript(ID=16547L,Language='DE')/MembersCouncil"}},"Businesses":{"__deferred":{"uri":"https://ws.parlament.ch/OData.svc/Transcript(ID=16547L,Language='DE')/Businesses"}},"ID":"16547","Language":"DE","IdSubject":"3187","VoteId":null,"PersonNumber":null,"Type":3,"Text":"<pd_text><p><b>La pr\u00e9sidente</b> (Maury Pasquier Liliane, pr\u00e9sidente): La proposition de la minorit\u00e9 Pfister Theophil est retir\u00e9e.</p>\n<p>[VS]</p>\n<p><i>Angenommen gem\u00e4ss Antrag der Mehrheit</i></p>\n<p><i>Adopt\u00e9 selon la proposition de la majorit\u00e9</i></p>\n<p>[VS]</p>\n<p><b>Art. 36</b></p>\n<p><i>Antrag der Kommission</i></p>\n<p><i>Abs. 1, 2</i></p>\n<p>Zustimmung zum Entwurf des Bundesrates</p>\n<p><i>Abs. 3</i></p>\n<p>Er unterst\u00fctzt dar\u00fcber hinaus Massnahmen, welche die Koordination, Transparenz und Qualit\u00e4t des Weiterbildungsangebotes f\u00f6rdern, insbesondere Baukastensysteme, Fernunterricht, Zertifizierungssysteme f\u00fcr Institutionen der Weiterbildung und Lernleistungsanerkennung.</p>\n<p><i>Abs. 4</i></p>\n<p>Zustimmung zum Entwurf des Bundesrates</p>\n<p>[VS]</p>\n<p><b>Art. 36</b></p>\n<p><i>Proposition de la commission</i></p>\n<p><i>Al. 1, 2</i></p>\n<p>Adh\u00e9rer au projet du Conseil f\u00e9d\u00e9ral [PAGE 1600] </p>\n<p><i>Al. 3</i></p>\n<p>Elle soutient en plus des mesures visant \u00e0 encourager la coordination, la transparence et la qualit\u00e9 de l'offre de cours de formation continue, notamment la modularisation, le t\u00e9l\u00e9enseignement, la certification des institutions de formation continue et la validation des acquis.</p>\n<p><i>Al. 4</i></p>\n<p>Adh\u00e9rer au projet du Conseil f\u00e9d\u00e9ral</p>\n<p>[VS]</p>\n<p><i>Angenommen - Adopt\u00e9</i></p>\n<p>[VS]</p>\n<p><b>Art. 37, 38</b></p>\n<p><i>Antrag der Kommission</i></p>\n<p>Zustimmung zum Entwurf des Bundesrates</p>\n<p><i>Proposition de la commission</i></p>\n<p>Adh\u00e9rer au projet du Conseil f\u00e9d\u00e9ral</p>\n<p>[VS]</p>\n<p><i>Angenommen - Adopt\u00e9</i></p>\n<p>[VS]</p>\n<p><b>Art. 39</b></p>\n<p><i>Antrag der Kommission</i></p>\n<p>.... Qualifikationsverfahren entwickeln und anbieten. (Rest streichen)</p>\n<p>[VS]</p>\n<p><b>Art. 39</b></p>\n<p><i>Proposition de la commission</i></p>\n<p>.... de qualification. (Biffer le reste)</p>\n<p>[VS]</p>\n<p><i>Angenommen - Adopt\u00e9</i></p>\n<p>[VS]</p>\n<p><b>Art. 40</b></p>\n<p><i>Antrag der Kommission</i></p>\n<p>.... den in den entsprechenden Vorschriften festgelegten Titel zu f\u00fchren.</p>\n<p>[VS]</p>\n<p><b>Art. 40</b></p>\n<p><i>Proposition de la commission</i></p>\n<p>.... les prescriptions correspondantes.</p>\n<p>[VS]</p>\n<p><i>Angenommen - Adopt\u00e9</i></p>\n<p>[VS]</p>\n<p>[VS]</p>\n<p><i>Die Beratung dieses Gesch\u00e4ftes wird unterbrochen</i></p>\n<p><i>Le d\u00e9bat sur cet objet est interrompu</i></p>\n</pd_text>","MeetingCouncilAbbreviation":"N","MeetingDate":"20011128","MeetingVerbalixOid":865,"IdSession":"4611","SpeakerFirstName":null,"SpeakerLastName":null,"SpeakerFullName":"","SpeakerFunction":null,"CouncilId":null,"CouncilName":null,"CantonId":null,"CantonName":null,"CantonAbbreviation":null,"ParlGroupName":null,"ParlGroupAbbreviation":null,"SortOrder":130,"Start":"\/Date(1006950980536)\/","End":"\/Date(1006950980536)\/","Function":null,"DisplaySpeaker":null,"LanguageOfText":"DE","Modified":"\/Date(1774878201662)\/","StartTimeWithTimezone":"\/Date(1006950980537+0060)\/","EndTimeWithTimezone":"\/Date(1006950980537+0060)\/","VoteBusinessNumber":null,"VoteBusinessShortNumber":null,"VoteBusinessTitle":null},{"__metadata":{"id":"https://ws.parlament.ch/OData.svc/Transcript(ID=16548L,Language='DE')","uri":"https://ws.parlament.ch/OData.svc/Transcript(ID=16548L,Language='DE')","type":"itsystems.Pd.DataServices.DataModel.Transcript"},"Subjects":{"__deferred":{"uri":"https://ws.parlament.ch/OData.svc/Transcript(ID=16548L,Language='DE')/Subjects"}},"MembersCouncil":{"__deferred":{"uri":"https://ws.parlament.ch/OData.svc/Transcript(ID=16548L,Language='DE')/MembersCouncil"}},"Businesses":{"__deferred":{"uri":"https://ws.parlament.ch/OData.svc/Transcript(ID=16548L,Language='DE')/Businesses"}},"ID":"16548","Language":"DE","IdSubject":"3187","VoteId":null,"PersonNumber":50,"Type":1,"Text":"<pd_text><p>Nous vous proposons de rejeter la proposition Pfister Theophil. - Il a retir\u00e9 sa proposition? Eh bien, il est plein de bon sens!</p>\n</pd_text>","MeetingCouncilAbbreviation":"N","MeetingDate":"20011128","MeetingVerbalixOid":865,"IdSession":"4611","SpeakerFirstName":"Pascal","SpeakerLastName":"Couchepin","SpeakerFullName":"Couchepin Pascal","SpeakerFunction":"BR-M","CouncilId":99,"CouncilName":"Bundesrat","CantonId":23,"CantonName":"Wallis","CantonAbbreviation":"VS","ParlGroupName":null,"ParlGroupAbbreviation":null,"SortOrder":129,"Start":"\/Date(1006950964505)\/","End":"\/Date(1006950980536)\/","Function":"","DisplaySpeaker":true,"LanguageOfText":"FR","Modified":"\/Date(1774878201660)\/","StartTimeWithTimezone":"\/Date(1006950964507+0060)\/","EndTimeWithTimezone":"\/Date(1006950980537+0060)\/","VoteBusinessNumber":null,"VoteBusinessShortNumber":null,"VoteBusinessTitle":null},{"__metadata":{"id":"https://ws.parlament.ch/OData.svc/Transcript(ID=16549L,Language='DE')","uri":"https://ws.parlament.ch/OData.svc/Transcript(ID=16549L,Language='DE')","type":"itsystems.Pd.DataServices.DataModel.Transcript"},"Subjects":{"__deferred":{"uri":"https://ws.parlament.ch/OData.svc/Transcript(ID=16549L,Language='DE')/Subjects"}},"MembersCouncil":{"__deferred":{"uri":"https://ws.parlament.ch/OData.svc/Transcript(ID=16549L,Language='DE')/MembersCouncil"}},"Businesses":{"__deferred":{"uri":"https://ws.parlament.ch/OData.svc/Transcript(ID=16549L,Language='DE')/Businesses"}},"ID":"16549","Language":"DE","IdSubject":"3187","VoteId":null,"PersonNumber":459,"Type":1,"Text":"<pd_text><p>Dans la mesure o\u00f9 M. Pfister Theophil a retir\u00e9 sa proposition de minorit\u00e9, je ne vais pas vous faire une recommandation de vote!</p>\n</pd_text>","MeetingCouncilAbbreviation":"N","MeetingDate":"20011128","MeetingVerbalixOid":865,"IdSession":"4611","SpeakerFirstName":"Marlyse","SpeakerLastName":"Dormond","SpeakerFullName":"Dormond Marlyse","SpeakerFunction":"","CouncilId":1,"CouncilName":"Nationalrat","CantonId":22,"CantonName":"Waadt","CantonAbbreviation":"VD","ParlGroupName":"Sozialdemokratische Fraktion","ParlGroupAbbreviation":"S","SortOrder":128,"Start":"\/Date(1006950939052)\/","End":"\/Date(1006950964505)\/","Function":"*","DisplaySpeaker":true,"LanguageOfText":"FR","Modified":"\/Date(1774878201658)\/","StartTimeWithTimezone":"\/Date(1006950939053+0060)\/","EndTimeWithTimezone":"\/Date(1006950964507+0060)\/","VoteBusinessNumber":null,"VoteBusinessShortNumber":null,"VoteBusinessTitle":null},{"__metadata":{"id":"https://ws.parlament.ch/OData.svc/Transcript(ID=16550L,Language='DE')","uri":"https://ws.parlament.ch/OData.svc/Transcript(ID=16550L,Language='DE')","type":"itsystems.Pd.DataServices.DataModel.Transcript"},"Subjects":{"__deferred":{"uri":"https://ws.parlament.ch/OData.svc/Transcript(ID=16550L,Language='DE')/Subjects"}},"MembersCouncil":{"__deferred":{"uri":"https://ws.parlament.ch/OData.svc/Transcript(ID=16550L,Language='DE')/MembersCouncil"}},"Businesses":{"__deferred":{"uri":"https://ws.parlament.ch/OData.svc/Transcript(ID=16550L,Language='DE')/Businesses"}},"ID":"16550","Language":"DE","IdSubject":"3187","VoteId":null,"PersonNumber":500,"Type":1,"Text":"<pd_text><p>Es ist nat\u00fcrlich nicht die Meinung, dass sich der Kanton aus der Finanzierung der Leistungen, die er bis heute f\u00fcr die berufliche Weiterbildung erbracht hat, zur\u00fcckziehen soll. Der Stein des Anstosses bei dem, was hier postuliert ist, ist nat\u00fcrlich der Begriff \"bedarfsgerecht\". Der Bedarf ist unbeschr\u00e4nkt. Der Bund und der Kanton bezahlen vermutlich etwa ein Prozent der Weiterbildung in der Schweiz. Wir k\u00f6nnen das nicht weiterziehen bis zur Bedarfsgerechtheit; hingegen k\u00f6nnen wir das punktuell sicher auch \u00fcber den Bund mitfinanzieren.</p>\n<p>Ich sehe jetzt, dass es ungl\u00fccklich ist, wenn wir Artikel 35 aus diesem Gesetz herausstreichen. Ich gehe nicht davon aus, dass die Weiterbildung uferlos weitergetrieben wird, z. B. in verschiedenen neuen Berufen. Da ist das nicht zu finanzieren. Ich gehe vielmehr davon aus, dass die Meinung besteht, dass die Weiterbildung, dort wo sie f\u00fcr die Berufsbildung notwendig ist, f\u00fcr die jungen Leute, nat\u00fcrlich im bestehenden Rahmen gemacht wird.</p>\n<p>Damit ziehe ich den Antrag zur\u00fcck.</p>\n</pd_text>","MeetingCouncilAbbreviation":"N","MeetingDate":"20011128","MeetingVerbalixOid":865,"IdSession":"4611","SpeakerFirstName":"Theophil","SpeakerLastName":"Pfister","SpeakerFullName":"Pfister Theophil","SpeakerFunction":"","CouncilId":1,"CouncilName":"Nationalrat","CantonId":17,"CantonName":"St. Gallen","CantonAbbreviation":"SG","ParlGroupName":"Fraktion der Schweizerischen Volkspartei","ParlGroupAbbreviation":"V","SortOrder":127,"Start":"\/Date(1006950845730)\/","End":"\/Date(1006950939052)\/","Function":"","DisplaySpeaker":true,"LanguageOfText":"DE","Modified":"\/Date(1774878201656)\/","StartTimeWithTimezone":"\/Date(1006950845730+0060)\/","EndTimeWithTimezone":"\/Date(1006950939053+0060)\/","VoteBusinessNumber":null,"VoteBusinessShortNumber":null,"VoteBusinessTitle":null},{"__metadata":{"id":"https://ws.parlament.ch/OData.svc/Transcript(ID=16551L,Language='DE')","uri":"https://ws.parlament.ch/OData.svc/Transcript(ID=16551L,Language='DE')","type":"itsystems.Pd.DataServices.DataModel.Transcript"},"Subjects":{"__deferred":{"uri":"https://ws.parlament.ch/OData.svc/Transcript(ID=16551L,Language='DE')/Subjects"}},"MembersCouncil":{"__deferred":{"uri":"https://ws.parlament.ch/OData.svc/Transcript(ID=16551L,Language='DE')/MembersCouncil"}},"Businesses":{"__deferred":{"uri":"https://ws.parlament.ch/OData.svc/Transcript(ID=16551L,Language='DE')/Businesses"}},"ID":"16551","Language":"DE","IdSubject":"3187","VoteId":null,"PersonNumber":346,"Type":1,"Text":"<pd_text><p>Wenn wir \u00fcber die Streichung von Artikel 35 zur berufsorientierten Weiterbildung sprechen, m\u00fcssen wir im Kopf behalten, dass wir das gesamte Finanzierungssystem umstellen. Bis jetzt hat der Bund Subventionen f\u00fcr die relativ detailliert aufgef\u00fchrten Aufwendungen der Kantone ausbezahlt. Jetzt steigen wir auf Pauschalbetr\u00e4ge um, die an die Kantone ausbezahlt werden, und die Kantone sind dann f\u00fcr die Verteilung der finanziellen Mittel zust\u00e4ndig. Wenn Sie nun hingehen und die Kantone rausstreichen, wie es die Minderheit will, dann haben die Kantone ein gewaltiges Problem, weil sie dann eben vom Bund keine Betr\u00e4ge mehr f\u00fcr die Weiterbildung erhalten. \u00dcberlegen Sie es sich wohl, ob Sie diesen Antrag unterst\u00fctzen m\u00f6chten. Die Logik des Gesetzes ist, dass der Bund Pauschalbetr\u00e4ge bezahlt. In der Kommission wurde der Antrag Pfister Theophil mit 13 zu 2 Stimmen bei 3 Enthaltungen abgelehnt.</p>\n</pd_text>","MeetingCouncilAbbreviation":"N","MeetingDate":"20011128","MeetingVerbalixOid":865,"IdSession":"4611","SpeakerFirstName":"Johannes","SpeakerLastName":"Randegger","SpeakerFullName":"Randegger Johannes","SpeakerFunction":"","CouncilId":1,"CouncilName":"Nationalrat","CantonId":12,"CantonName":"Basel-Stadt","CantonAbbreviation":"BS","ParlGroupName":"Freisinnig-demokratische Fraktion","ParlGroupAbbreviation":"RL","SortOrder":126,"Start":"\/Date(1006950750949)\/","End":"\/Date(1006950845730)\/","Function":"*","DisplaySpeaker":true,"LanguageOfText":"DE","Modified":"\/Date(1774878201655)\/","StartTimeWithTimezone":"\/Date(1006950750950+0060)\/","EndTimeWithTimezone":"\/Date(1006950845730+0060)\/","VoteBusinessNumber":null,"VoteBusinessShortNumber":null,"VoteBusinessTitle":null},{"__metadata":{"id":"https://ws.parlament.ch/OData.svc/Transcript(ID=16552L,Language='DE')","uri":"https://ws.parlament.ch/OData.svc/Transcript(ID=16552L,Language='DE')","type":"itsystems.Pd.DataServices.DataModel.Transcript"},"Subjects":{"__deferred":{"uri":"https://ws.parlament.ch/OData.svc/Transcript(ID=16552L,Language='DE')/Subjects"}},"MembersCouncil":{"__deferred":{"uri":"https://ws.parlament.ch/OData.svc/Transcript(ID=16552L,Language='DE')/MembersCouncil"}},"Businesses":{"__deferred":{"uri":"https://ws.parlament.ch/OData.svc/Transcript(ID=16552L,Language='DE')/Businesses"}},"ID":"16552","Language":"DE","IdSubject":"3187","VoteId":null,"PersonNumber":511,"Type":1,"Text":"<pd_text><p>J'interviens au nom du groupe PDC pour vous demander de voter l'article tel qu'il a \u00e9t\u00e9 formul\u00e9 par le Conseil f\u00e9d\u00e9ral et la commission, et donc de ne pas accepter la proposition de minorit\u00e9.</p>\n<p>Le chapitre 4 relatif \u00e0 la formation continue \u00e0 des fins professionnelles, j'ai eu l'occasion de le dire hier, est un chapitre tr\u00e8s court, mais tr\u00e8s novateur, tr\u00e8s important pour le futur de notre pays. La formation continue, surtout celle \u00e0 des fins professionnelles - on sait que le concept devient toujours plus large, parce que la culture fait partie aussi de la profession - est un des \u00e9l\u00e9ments les plus importants pour la comp\u00e9titivit\u00e9 de nos entreprises et pour la capacit\u00e9 des personnes \u00e0 rester sur le march\u00e9 du travail.</p>\n<p>Les articles qui r\u00e8glent donc les comp\u00e9tences entre cantons et Conf\u00e9d\u00e9ration sont les articles les plus importants. Car s'il est vrai que c'est bien d'organiser la formation de base, il est aussi tr\u00e8s, tr\u00e8s important d'avoir une formation continue; on parle aujourd'hui d'une formation tout au long de la vie.</p>\n<p>Je vous prie donc de soutenir cet article. Les cantons font d\u00e9j\u00e0 beaucoup, et il est bien qu'\u00e0 l'article 35 on dise ce que les cantons font d\u00e9j\u00e0.</p>\n<p>Herr Pfister, die Kantone machen schon jetzt viel. Ich sehe nicht ein, warum Sie diesen Artikel 35 streichen wollen, wenn die Kantone bereits eine Menge unternehmen. Sie haben gute Gesetze f\u00fcr die Weiterbildung. Die Kantone sorgen f\u00fcr die Weiterbildung - ob Sie wollen oder nicht, sie machen das. Es ist wichtig, dass hier in dieses Gesetz, in dem die Aufgaben des Bundes und der Kantone beschrieben werden, auch die Anerkennung der Rolle der Kantone aufgenommen wird.</p>\n</pd_text>","MeetingCouncilAbbreviation":"N","MeetingDate":"20011128","MeetingVerbalixOid":865,"IdSession":"4611","SpeakerFirstName":"Chiara","SpeakerLastName":"Simoneschi","SpeakerFullName":"Simoneschi Chiara","SpeakerFunction":"","CouncilId":1,"CouncilName":"Nationalrat","CantonId":27,"CantonName":"Tessin","CantonAbbreviation":"TI","ParlGroupName":"Christlichdemokratische Fraktion","ParlGroupAbbreviation":"M-E","SortOrder":125,"Start":"\/Date(1006950594683)\/","End":"\/Date(1006950750949)\/","Function":"","DisplaySpeaker":true,"LanguageOfText":"FR","Modified":"\/Date(1774878201653)\/","StartTimeWithTimezone":"\/Date(1006950594683+0060)\/","EndTimeWithTimezone":"\/Date(1006950750950+0060)\/","VoteBusinessNumber":null,"VoteBusinessShortNumber":null,"VoteBusinessTitle":null},{"__metadata":{"id":"https://ws.parlament.ch/OData.svc/Transcript(ID=16553L,Language='DE')","uri":"https://ws.parlament.ch/OData.svc/Transcript(ID=16553L,Language='DE')","type":"itsystems.Pd.DataServices.DataModel.Transcript"},"Subjects":{"__deferred":{"uri":"https://ws.parlament.ch/OData.svc/Transcript(ID=16553L,Language='DE')/Subjects"}},"MembersCouncil":{"__deferred":{"uri":"https://ws.parlament.ch/OData.svc/Transcript(ID=16553L,Language='DE')/MembersCouncil"}},"Businesses":{"__deferred":{"uri":"https://ws.parlament.ch/OData.svc/Transcript(ID=16553L,Language='DE')/Businesses"}},"ID":"16553","Language":"DE","IdSubject":"3187","VoteId":null,"PersonNumber":341,"Type":1,"Text":"<pd_text><p>Le groupe radical-d\u00e9mocratique communique qu'il soutient la proposition de la majorit\u00e9.</p>\n</pd_text>","MeetingCouncilAbbreviation":"N","MeetingDate":"20011128","MeetingVerbalixOid":865,"IdSession":"4611","SpeakerFirstName":"Liliane","SpeakerLastName":"Maury Pasquier","SpeakerFullName":"Maury Pasquier Liliane","SpeakerFunction":"P-F","CouncilId":1,"CouncilName":"Nationalrat","CantonId":25,"CantonName":"Genf","CantonAbbreviation":"GE","ParlGroupName":"Sozialdemokratische Fraktion","ParlGroupAbbreviation":"S","SortOrder":124,"Start":"\/Date(1006950585027)\/","End":"\/Date(1006950594683)\/","Function":"","DisplaySpeaker":true,"LanguageOfText":"FR","Modified":"\/Date(1774878201650)\/","StartTimeWithTimezone":"\/Date(1006950585027+0060)\/","EndTimeWithTimezone":"\/Date(1006950594683+0060)\/","VoteBusinessNumber":null,"VoteBusinessShortNumber":null,"VoteBusinessTitle":null},{"__metadata":{"id":"https://ws.parlament.ch/OData.svc/Transcript(ID=16554L,Language='DE')","uri":"https://ws.parlament.ch/OData.svc/Transcript(ID=16554L,Language='DE')","type":"itsystems.Pd.DataServices.DataModel.Transcript"},"Subjects":{"__deferred":{"uri":"https://ws.parlament.ch/OData.svc/Transcript(ID=16554L,Language='DE')/Subjects"}},"MembersCouncil":{"__deferred":{"uri":"https://ws.parlament.ch/OData.svc/Transcript(ID=16554L,Language='DE')/MembersCouncil"}},"Businesses":{"__deferred":{"uri":"https://ws.parlament.ch/OData.svc/Transcript(ID=16554L,Language='DE')/Businesses"}},"ID":"16554","Language":"DE","IdSubject":"3187","VoteId":null,"PersonNumber":343,"Type":1,"Text":"<pd_text><p>Ich beantrage Ihnen im Namen der SP-Fraktion die Ablehnung des Minderheitsantrages. Gem\u00e4ss der heute g\u00fcltigen Verfassung sind die Kantone zust\u00e4ndig f\u00fcr den Bereich der Erwachsenenbildung. Erwachsenenbildung ist ein etwas antiquierter Begriff; wir sprechen heute von Weiterbildung. Gezielte Weiterbildungsunterst\u00fctzung und -f\u00f6rderung - ich unterstreiche das Wort \"gezielt\" - war schon in der Vergangenheit und ist auch heute in erster Linie Aufgabe der Kantone. Es ist allerdings darauf hinzuweisen, dass die Kantone diese Aufgabe sehr unterschiedlich wahrnehmen. So haben bis heute lediglich Kantone wie z. B. Bern, Freiburg, Tessin, Wallis und Genf explizite Gesetze zur Weiterbildungsf\u00f6rderung. K\u00fcnftig - dies kommt nun auch im neuen Berufsbildungsgesetz mit den Formulierungen des Bundesrates und den Antr\u00e4gen der WBK deutlich zum Ausdruck - wird der Bund eine st\u00e4rkere Verantwortung f\u00fcr die Weiterentwicklung einer zeitgem\u00e4ssen Weiterbildungspolitik \u00fcbernehmen. Eine [PAGE 1599] Aufgabenteilung zwischen Bund und Kantonen, Herr Pfister, wird aber weiterhin sinnvoll sein. Allerdings soll sie definiert sein, was bis heute nicht unbedingt der Fall war.</p>\n<p>Die Schweizerische Konferenz der kantonalen Erziehungsdirektoren (EDK) sieht dies auch so. Sie hat diesen Sommer ihre Empfehlungen zur Erwachsenenbildung bei interessierten Kreisen in die Vernehmlassung gegeben und wird diese Empfehlungen n\u00e4chstens verabschieden. Aus diesen EDK-Vorschl\u00e4gen geht klar hervor, dass die Kantone auch weiterhin nicht etwa die privaten Weiterbildungsanbieter oder etwa Verb\u00e4nde konkurrenzieren wollen; sie wollen sich jedoch f\u00fcr die hier im Gesetz postulierte Chancengleichheit einsetzen. In diesem Sinne \u00fcbernehmen sie eine Verantwortung f\u00fcr die Entwicklung des Weiterbildungsmarktes und -angebotes. Sie wollen auch gezielt z. B. die Nachholbildung unterst\u00fctzen, wie das ebenfalls im Gesetz festgelegt ist, zudem die Qualit\u00e4tssicherung des Weiterbildungsangebotes oder die gezielte Bereitstellung von Angeboten f\u00fcr Wiedereinsteigerinnen. Dies soll gem\u00e4ss der Fassung des Bundesrates in Artikel 35 verankert sein. Das ist eine koh\u00e4rente Gesetzgebung. Diese Festlegung liegt auch klar auf der Linie der Empfehlungen des Weiterbildungsberichtes Schweiz.</p>\n<p>Es ist im klaren Interesse einer partnerschaftlichen Weiterbildungsverantwortung von Bund und Kantonen. Ich erlaube mir, hier festzuhalten - ich mache dies auch in meiner Funktion als Pr\u00e4sidentin des Forums Weiterbildung Schweiz -, dass sich die Zusammenarbeit im quart\u00e4ren Bildungsbereich zwischen Bund und Kantonen erfreulich entwickelt und auch entspannt ist. Dies kommt z. B. dadurch zum Ausdruck, dass die EDK daf\u00fcr ist, dass die Weiterbildung auf Bundesebene in einem umfassenden Gesetz geregelt wird, und deshalb die von unserer Kommission beantragte Motion f\u00fcr ein Weiterbildungsgesetz explizit unterst\u00fctzt. Auch ein solches k\u00fcnftiges Rahmengesetz wird sich gem\u00e4ss Artikel 1 des neuen Berufsbildungsgesetzes auf die Partnerschaft von Bund und Kantonen sowie ebenfalls der Wirtschaft abst\u00fctzen. Aus all diesen \u00dcberlegungen ist die kantonale Aufgabenzuordnung hier richtig und wichtig.</p>\n<p>Ich beantrage Ihnen Zustimmung zur Fassung des Bundesrates und Ablehnung des Antrages der Minderheit Pfister Theophil.</p>\n</pd_text>","MeetingCouncilAbbreviation":"N","MeetingDate":"20011128","MeetingVerbalixOid":865,"IdSession":"4611","SpeakerFirstName":"Vreni","SpeakerLastName":"M\u00fcller-Hemmi","SpeakerFullName":"M\u00fcller-Hemmi Vreni","SpeakerFunction":"","CouncilId":1,"CouncilName":"Nationalrat","CantonId":1,"CantonName":"Z\u00fcrich","CantonAbbreviation":"ZH","ParlGroupName":"Sozialdemokratische Fraktion","ParlGroupAbbreviation":"S","SortOrder":123,"Start":"\/Date(1006950289217)\/","End":"\/Date(1006950585027)\/","Function":"","DisplaySpeaker":true,"LanguageOfText":"DE","Modified":"\/Date(1774878201649)\/","StartTimeWithTimezone":"\/Date(1006950289217+0060)\/","EndTimeWithTimezone":"\/Date(1006950585027+0060)\/","VoteBusinessNumber":null,"VoteBusinessShortNumber":null,"VoteBusinessTitle":null},{"__metadata":{"id":"https://ws.parlament.ch/OData.svc/Transcript(ID=16555L,Language='DE')","uri":"https://ws.parlament.ch/OData.svc/Transcript(ID=16555L,Language='DE')","type":"itsystems.Pd.DataServices.DataModel.Transcript"},"Subjects":{"__deferred":{"uri":"https://ws.parlament.ch/OData.svc/Transcript(ID=16555L,Language='DE')/Subjects"}},"MembersCouncil":{"__deferred":{"uri":"https://ws.parlament.ch/OData.svc/Transcript(ID=16555L,Language='DE')/MembersCouncil"}},"Businesses":{"__deferred":{"uri":"https://ws.parlament.ch/OData.svc/Transcript(ID=16555L,Language='DE')/Businesses"}},"ID":"16555","Language":"DE","IdSubject":"3187","VoteId":null,"PersonNumber":500,"Type":1,"Text":"<pd_text><p>Ich spreche hier als Vertreter der Minderheit und nicht im Namen der Fraktion. Ich beantrage Ihnen namens der Minderheit, diesen Artikel 35 zu streichen.</p>\n<p>Die berufsorientierte Weiterbildung ist nicht ein Nischenprodukt, sondern sie ist ein enorm grosses, un\u00fcbersichtliches, vielf\u00e4ltiges und auch extrem dynamisches Gebilde. Tausende von beruflichen Weiterbildungskursen werden zu verschiedensten Tages- und Nachtzeiten, an Wochentagen und Wochenenden, mit verschiedenster Dauer, unterschiedlichster Qualit\u00e4t und breitester Kostenfolge angeboten. Es ist auch unm\u00f6glich, zwischen beruflicher und nichtberuflicher Weiterbildung einen klaren Trennungsstrich zu ziehen. Es kann doch nicht sein, dass die Kantone in diesem un\u00fcberschaubaren Markt Neues hinzuf\u00fcgen m\u00fcssen - jedenfalls nicht bis zur Abdeckung des Bedarfes -, wo doch heute kaum mehr jemand den \u00dcberblick hat. Was sicher gefordert werden kann, sind mehr Transparenz und auch zuverl\u00e4ssige Angaben \u00fcber die Qualit\u00e4t. Hier wird aber den Kantonen eine Aufgabe aufgeb\u00fcrdet, die sie kaum zu l\u00f6sen imstande sind. Weiterbildung ist heute eine Sparte, die sich weitgehend selbst reguliert und die sich fast vollst\u00e4ndig nach den Marktgesetzen entwickelt. Wenn Sie hier eine T\u00fcre f\u00fcr eine staatliche Weiterbildung \u00f6ffnen wollen, dann bedenken Sie auch, dass die resultierenden Kosten selbst f\u00fcr den Staat kaum mehr tragbar sind. Verlangen Sie mehr Transparenz, aber verlangen Sie nicht von den Kantonen, dass sie hier f\u00fcr die Weiterbildung bis zur Deckung des Bedarfes sorgen m\u00fcssen.</p>\n<p>Ich bitte Sie, dem Antrag meiner Minderheit auf Streichung von Artikel 35 zu folgen.</p>\n</pd_text>","MeetingCouncilAbbreviation":"N","MeetingDate":"20011128","MeetingVerbalixOid":865,"IdSession":"4611","SpeakerFirstName":"Theophil","SpeakerLastName":"Pfister","SpeakerFullName":"Pfister Theophil","SpeakerFunction":"","CouncilId":1,"CouncilName":"Nationalrat","CantonId":17,"CantonName":"St. Gallen","CantonAbbreviation":"SG","ParlGroupName":"Fraktion der Schweizerischen Volkspartei","ParlGroupAbbreviation":"V","SortOrder":122,"Start":"\/Date(1006950145889)\/","End":"\/Date(1006950289217)\/","Function":"","DisplaySpeaker":true,"LanguageOfText":"DE","Modified":"\/Date(1774878201645)\/","StartTimeWithTimezone":"\/Date(1006950145890+0060)\/","EndTimeWithTimezone":"\/Date(1006950289217+0060)\/","VoteBusinessNumber":null,"VoteBusinessShortNumber":null,"VoteBusinessTitle":null},{"__metadata":{"id":"https://ws.parlament.ch/OData.svc/Transcript(ID=16556L,Language='DE')","uri":"https://ws.parlament.ch/OData.svc/Transcript(ID=16556L,Language='DE')","type":"itsystems.Pd.DataServices.DataModel.Transcript"},"Subjects":{"__deferred":{"uri":"https://ws.parlament.ch/OData.svc/Transcript(ID=16556L,Language='DE')/Subjects"}},"MembersCouncil":{"__deferred":{"uri":"https://ws.parlament.ch/OData.svc/Transcript(ID=16556L,Language='DE')/MembersCouncil"}},"Businesses":{"__deferred":{"uri":"https://ws.parlament.ch/OData.svc/Transcript(ID=16556L,Language='DE')/Businesses"}},"ID":"16556","Language":"DE","IdSubject":"3187","VoteId":null,"PersonNumber":341,"Type":1,"Text":"<pd_text><p><i>Abs. 1 - Al. 1</i></p>\n<p><i>Angenommen - Adopt\u00e9</i></p>\n<p>[VS] [PAGE 1598] </p>\n<p><i>Abs. 2 - Al. 2</i></p>\n<p>[VS]</p>\n<p><i>Abstimmung - Vote</i></p>\n<p>F\u00fcr den Antrag der Kommission .... 117 Stimmen</p>\n<p>F\u00fcr den Antrag Triponez .... 32 Stimmen</p>\n<p>[VS]</p>\n<p><b>Art. 31</b></p>\n<p><i>Antrag der Kommission</i></p>\n<p>Zustimmung zum Entwurf des Bundesrates</p>\n<p><i>Proposition de la commission</i></p>\n<p>Adh\u00e9rer au projet du Conseil f\u00e9d\u00e9ral</p>\n<p>[VS]</p>\n<p><i>Angenommen - Adopt\u00e9</i></p>\n<p>[VS]</p>\n<p><b>Art. 32</b></p>\n<p><i>Antrag der Kommission</i></p>\n<p><i>Abs. 1-3</i></p>\n<p>Zustimmung zum Entwurf des Bundesrates</p>\n<p><i>Abs. 4</i></p>\n<p>Streichen</p>\n<p>[VS]</p>\n<p><b>Art. 32</b></p>\n<p><i>Proposition de la commission</i></p>\n<p><i>Al. 1-3</i></p>\n<p>Adh\u00e9rer au projet du Conseil f\u00e9d\u00e9ral</p>\n<p><i>Al. 4</i></p>\n<p>Biffer</p>\n<p>[VS]</p>\n<p><i>Angenommen - Adopt\u00e9</i></p>\n<p>[VS]</p>\n<p><b>Art. 33</b></p>\n<p><i>Antrag der Kommission</i></p>\n<p><i>Abs. 1, 2</i></p>\n<p>Zustimmung zum Entwurf des Bundesrates</p>\n<p><i>Abs. 3</i></p>\n<p>Das zust\u00e4ndige Departement stellt in Zusammenarbeit mit den zust\u00e4ndigen Organisationen f\u00fcr die eidgen\u00f6ssische ....</p>\n<p><i>Abs. 4, 5</i></p>\n<p>Zustimmung zum Entwurf des Bundesrates</p>\n<p>[VS]</p>\n<p><i>Antrag Triponez</i></p>\n<p><i>Abs. 1</i></p>\n<p>Die Zulassung zu einer eidgen\u00f6ssisch anerkannten Bildung an einer h\u00f6heren Fachschule setzt eine einschl\u00e4gige berufliche Praxis voraus.</p>\n<p>(Rest des Absatzes streichen)</p>\n<p><i>Abs. 2</i></p>\n<p>Die vollzeitliche Bildung dauert mindestens zwei Jahre, die berufsbegleitende mindestens drei Jahre.</p>\n<p>[VS]</p>\n<p><b>Art. 33</b></p>\n<p><i>Proposition de la commission</i></p>\n<p><i>Al. 1, 2</i></p>\n<p>Adh\u00e9rer au projet du Conseil f\u00e9d\u00e9ral</p>\n<p><i>Al. 3</i></p>\n<p>En collaboration avec les organisations comp\u00e9tentes, le d\u00e9partement ....</p>\n<p><i>Al. 4, 5</i></p>\n<p>Adh\u00e9rer au projet du Conseil f\u00e9d\u00e9ral</p>\n<p>[VS]</p>\n<p><i>Proposition Triponez</i></p>\n<p><i>Al. 1</i></p>\n<p>.... doit disposer d'une exp\u00e9rience professionnelle dans le domaine concern\u00e9.</p>\n<p>(Biffer le reste de l'alin\u00e9a)</p>\n<p><i>Al. 2</i></p>\n<p>La formation \u00e0 temps complet dure au moins deux ans; la formation en marge ....</p>\n<p>[VS]</p>\n<p><i>Abs. 1, 2 - Al. 1, 2</i></p>\n<p><i>Angenommen gem\u00e4ss Antrag der Kommission</i></p>\n<p><i>Adopt\u00e9 selon la proposition de la commission</i></p>\n<p>[VS]</p>\n<p><i>Abs. 3-5 - Al. 3-5</i></p>\n<p><i>Angenommen - Adopt\u00e9</i></p>\n<p>[VS]</p>\n<p><b>Art. 34</b></p>\n<p><i>Antrag der Kommission</i></p>\n<p>Zustimmung zum Entwurf des Bundesrates</p>\n<p><i>Proposition de la commission</i></p>\n<p>Adh\u00e9rer au projet du Conseil f\u00e9d\u00e9ral</p>\n<p>[VS]</p>\n<p><i>Angenommen - Adopt\u00e9</i></p>\n<p>[VS]</p>\n<p><b>Art. 35</b></p>\n<p><i>Antrag der Kommission</i></p>\n<p><i>Mehrheit</i></p>\n<p>Zustimmung zum Entwurf des Bundesrates</p>\n<p><i>Minderheit</i></p>\n<p>(Pfister Theophil, Wandfluh)</p>\n<p>Streichen</p>\n<p>[VS]</p>\n<p><b>Art. 35</b></p>\n<p><i>Proposition de la commission</i></p>\n<p><i>Majorit\u00e9</i></p>\n<p>Adh\u00e9rer au projet du Conseil f\u00e9d\u00e9ral</p>\n<p><i>Minorit\u00e9</i></p>\n<p>(Pfister Theophil, Wandfluh)</p>\n<p>Biffer</p>\n</pd_text>","MeetingCouncilAbbreviation":"N","MeetingDate":"20011128","MeetingVerbalixOid":865,"IdSession":"4611","SpeakerFirstName":"Liliane","SpeakerLastName":"Maury Pasquier","SpeakerFullName":"Maury Pasquier Liliane","SpeakerFunction":"P-F","CouncilId":1,"CouncilName":"Nationalrat","CantonId":25,"CantonName":"Genf","CantonAbbreviation":"GE","ParlGroupName":"Sozialdemokratische Fraktion","ParlGroupAbbreviation":"S","SortOrder":121,"Start":"\/Date(1006950053170)\/","End":"\/Date(1006950145889)\/","Function":"","DisplaySpeaker":false,"LanguageOfText":null,"Modified":"\/Date(1774878201644)\/","StartTimeWithTimezone":"\/Date(1006950053170+0060)\/","EndTimeWithTimezone":"\/Date(1006950145890+0060)\/","VoteBusinessNumber":null,"VoteBusinessShortNumber":null,"VoteBusinessTitle":null},{"__metadata":{"id":"https://ws.parlament.ch/OData.svc/Transcript(ID=16557L,Language='DE')","uri":"https://ws.parlament.ch/OData.svc/Transcript(ID=16557L,Language='DE')","type":"itsystems.Pd.DataServices.DataModel.Transcript"},"Subjects":{"__deferred":{"uri":"https://ws.parlament.ch/OData.svc/Transcript(ID=16557L,Language='DE')/Subjects"}},"MembersCouncil":{"__deferred":{"uri":"https://ws.parlament.ch/OData.svc/Transcript(ID=16557L,Language='DE')/MembersCouncil"}},"Businesses":{"__deferred":{"uri":"https://ws.parlament.ch/OData.svc/Transcript(ID=16557L,Language='DE')/Businesses"}},"ID":"16557","Language":"DE","IdSubject":"3187","VoteId":null,"PersonNumber":50,"Type":1,"Text":"<pd_text><p>Nous nous opposons fermement \u00e0 la proposition Triponez parce qu'elle ne tient pas compte de l'int\u00e9gration des professions de la sant\u00e9 dans cette nouvelle loi sur la formation professionnelle. Cela ne concerne pas seulement les professions de la sant\u00e9 et du domaine social, mais aussi par exemple une profession comme expert-comptable. On peut imaginer que quelqu'un sorte de l'universit\u00e9 et fasse ensuite le n\u00e9cessaire pour acc\u00e9der au titre d'expert-comptable sans avoir pass\u00e9 par la pratique. C'est possible actuellement.</p>\n<p>Les ordonnances pr\u00e9voiront pour chaque type de profession quelles seront les exigences en mati\u00e8re de pratique pour permettre d'acc\u00e9der \u00e0 la formation sup\u00e9rieure. Il y a certainement des professions o\u00f9 la pratique est indispensable et d'autres o\u00f9 la pratique est quelque chose de secondaire - les professions de la sant\u00e9 ou d'expert-comptable encore une fois, pour citer un exemple en dehors de ce secteur.</p>\n</pd_text>","MeetingCouncilAbbreviation":"N","MeetingDate":"20011128","MeetingVerbalixOid":865,"IdSession":"4611","SpeakerFirstName":"Pascal","SpeakerLastName":"Couchepin","SpeakerFullName":"Couchepin Pascal","SpeakerFunction":"BR-M","CouncilId":99,"CouncilName":"Bundesrat","CantonId":23,"CantonName":"Wallis","CantonAbbreviation":"VS","ParlGroupName":null,"ParlGroupAbbreviation":null,"SortOrder":120,"Start":"\/Date(1006949986733)\/","End":"\/Date(1006950053170)\/","Function":"","DisplaySpeaker":true,"LanguageOfText":"FR","Modified":"\/Date(1774878201642)\/","StartTimeWithTimezone":"\/Date(1006949986733+0060)\/","EndTimeWithTimezone":"\/Date(1006950053170+0060)\/","VoteBusinessNumber":null,"VoteBusinessShortNumber":null,"VoteBusinessTitle":null},{"__metadata":{"id":"https://ws.parlament.ch/OData.svc/Transcript(ID=16558L,Language='DE')","uri":"https://ws.parlament.ch/OData.svc/Transcript(ID=16558L,Language='DE')","type":"itsystems.Pd.DataServices.DataModel.Transcript"},"Subjects":{"__deferred":{"uri":"https://ws.parlament.ch/OData.svc/Transcript(ID=16558L,Language='DE')/Subjects"}},"MembersCouncil":{"__deferred":{"uri":"https://ws.parlament.ch/OData.svc/Transcript(ID=16558L,Language='DE')/MembersCouncil"}},"Businesses":{"__deferred":{"uri":"https://ws.parlament.ch/OData.svc/Transcript(ID=16558L,Language='DE')/Businesses"}},"ID":"16558","Language":"DE","IdSubject":"3187","VoteId":null,"PersonNumber":341,"Type":1,"Text":"<pd_text><p>Le groupe lib\u00e9ral communique qu'il soutient la proposition de la commission.</p>\n</pd_text>","MeetingCouncilAbbreviation":"N","MeetingDate":"20011128","MeetingVerbalixOid":865,"IdSession":"4611","SpeakerFirstName":"Liliane","SpeakerLastName":"Maury Pasquier","SpeakerFullName":"Maury Pasquier Liliane","SpeakerFunction":"P-F","CouncilId":1,"CouncilName":"Nationalrat","CantonId":25,"CantonName":"Genf","CantonAbbreviation":"GE","ParlGroupName":"Sozialdemokratische Fraktion","ParlGroupAbbreviation":"S","SortOrder":119,"Start":"\/Date(1006949979014)\/","End":"\/Date(1006949986733)\/","Function":"","DisplaySpeaker":true,"LanguageOfText":"FR","Modified":"\/Date(1774878201641)\/","StartTimeWithTimezone":"\/Date(1006949979013+0060)\/","EndTimeWithTimezone":"\/Date(1006949986733+0060)\/","VoteBusinessNumber":null,"VoteBusinessShortNumber":null,"VoteBusinessTitle":null},{"__metadata":{"id":"https://ws.parlament.ch/OData.svc/Transcript(ID=16559L,Language='DE')","uri":"https://ws.parlament.ch/OData.svc/Transcript(ID=16559L,Language='DE')","type":"itsystems.Pd.DataServices.DataModel.Transcript"},"Subjects":{"__deferred":{"uri":"https://ws.parlament.ch/OData.svc/Transcript(ID=16559L,Language='DE')/Subjects"}},"MembersCouncil":{"__deferred":{"uri":"https://ws.parlament.ch/OData.svc/Transcript(ID=16559L,Language='DE')/MembersCouncil"}},"Businesses":{"__deferred":{"uri":"https://ws.parlament.ch/OData.svc/Transcript(ID=16559L,Language='DE')/Businesses"}},"ID":"16559","Language":"DE","IdSubject":"3187","VoteId":null,"PersonNumber":459,"Type":1,"Text":"<pd_text><p>Je dois dire que, dans un premier temps, j'ai accueilli la proposition Triponez avec un peu de sympathie, dans la mesure o\u00f9 elle me semblait effectivement aller dans le m\u00eame sens que le vote du Conseil national, tant sur la motion Imhof 98.3178 que sur la motion Beerli 00.3083. Cependant, apr\u00e8s en avoir discut\u00e9 avec diff\u00e9rentes personnes, elle me semble effectivement poser des probl\u00e8mes pour certaines professions telles que les professions de la sant\u00e9. Cela, \u00e7a me g\u00eane particuli\u00e8rement. Je me demande si cette question ne devrait pas \u00eatre r\u00e9gl\u00e9e par ordonnance.</p>\n<p>Je suis tout \u00e0 fait consciente qu'on a actuellement d\u00e9j\u00e0 un probl\u00e8me. Si je prends l'\u00e9cole de photographie de Vevey, qui est une \u00e9cole technique sup\u00e9rieure, c'est vrai que l'application de l'ordonnance qui vient d'\u00eatre modifi\u00e9e par le Conseil f\u00e9d\u00e9ral n'est pas tr\u00e8s satisfaisante, puisque vous avez des menuisiers qui entrent \u00e0 l'\u00e9cole sup\u00e9rieure de photographie sans avoir d'exp\u00e9rience dans ce domaine-l\u00e0. Ce  n'est pas quelque chose de positif. Et c'est dans ce sens-l\u00e0 que j'accueillais la proposition Triponez avec beaucoup de sympathie.</p>\n<p>Cependant, il me semble que, comme elle est libell\u00e9e et avec tout ce qui vient d'\u00eatre dit, elle est dangereuse pour une partie des professions. Je me demande s'il ne faudrait pas reprendre le travail et \u00e9ventuellement faire une proposition devant le Conseil des Etats. L'acc\u00e8s aux HES, par exemple, ce qui \u00e9tait trait\u00e9 par la motion Beerli, devra \u00eatre r\u00e9gl\u00e9 dans le cadre de la r\u00e9vision de la loi sur les HES et des conditions d'acc\u00e8s. Donc, je ne sais pas, Monsieur Triponez, si vous ne voudriez pas plut\u00f4t reporter \u00e7a au d\u00e9bat du Conseil des Etats ou si vous tenez vraiment \u00e0 ce que l'on vote maintenant sur votre proposition qui, me semble-t-il, compte tenu de toutes les positions prises jusqu'\u00e0 maintenant, va \u00eatre rejet\u00e9e?</p>\n</pd_text>","MeetingCouncilAbbreviation":"N","MeetingDate":"20011128","MeetingVerbalixOid":865,"IdSession":"4611","SpeakerFirstName":"Marlyse","SpeakerLastName":"Dormond","SpeakerFullName":"Dormond Marlyse","SpeakerFunction":"","CouncilId":1,"CouncilName":"Nationalrat","CantonId":22,"CantonName":"Waadt","CantonAbbreviation":"VD","ParlGroupName":"Sozialdemokratische Fraktion","ParlGroupAbbreviation":"S","SortOrder":118,"Start":"\/Date(1006949864202)\/","End":"\/Date(1006949979014)\/","Function":"*","DisplaySpeaker":true,"LanguageOfText":"FR","Modified":"\/Date(1774878201639)\/","StartTimeWithTimezone":"\/Date(1006949864203+0060)\/","EndTimeWithTimezone":"\/Date(1006949979013+0060)\/","VoteBusinessNumber":null,"VoteBusinessShortNumber":null,"VoteBusinessTitle":null},{"__metadata":{"id":"https://ws.parlament.ch/OData.svc/Transcript(ID=16560L,Language='DE')","uri":"https://ws.parlament.ch/OData.svc/Transcript(ID=16560L,Language='DE')","type":"itsystems.Pd.DataServices.DataModel.Transcript"},"Subjects":{"__deferred":{"uri":"https://ws.parlament.ch/OData.svc/Transcript(ID=16560L,Language='DE')/Subjects"}},"MembersCouncil":{"__deferred":{"uri":"https://ws.parlament.ch/OData.svc/Transcript(ID=16560L,Language='DE')/MembersCouncil"}},"Businesses":{"__deferred":{"uri":"https://ws.parlament.ch/OData.svc/Transcript(ID=16560L,Language='DE')/Businesses"}},"ID":"16560","Language":"DE","IdSubject":"3187","VoteId":null,"PersonNumber":346,"Type":1,"Text":"<pd_text><p>Wir haben es wieder mit dem Problem zu tun, dass nun mit den Gesundheits-, Sozial- und Kunstberufen ein uns aus gewerblicher Sicht nicht vertrauter Bereich unter dieses Rahmengesetz f\u00e4llt. Jetzt sind wir im Abschnitt, bei dem wir \u00fcber die h\u00f6here Berufsausbildung und \u00fcber die berufliche Weiterbildung sprechen. Nehmen Sie beispielsweise den Beruf der Physiotherapeutin bzw. des Physiotherapeuten. Diese Berufe werden zur H\u00e4lfte aus dem Bereich der Maturanden rekrutiert. Eine grosse Gruppe kommt \u00fcber die Diplommittelschule. Darum ist es wichtig, dass wir den Ihnen von der Kommission vorgeschlagenen Gesetzestext nicht ver\u00e4ndern und dass wir darauf beharren, damit wir die h\u00f6here Fachausbildung f\u00fcr diese Bereiche nicht gef\u00e4hrden. Das ist das Konzept dieses neuen Rahmengesetzes.</p>\n<p>Ich w\u00e4re froh, wenn Herr Triponez seinen Antrag zur\u00fcckziehen w\u00fcrde.</p>\n</pd_text>","MeetingCouncilAbbreviation":"N","MeetingDate":"20011128","MeetingVerbalixOid":865,"IdSession":"4611","SpeakerFirstName":"Johannes","SpeakerLastName":"Randegger","SpeakerFullName":"Randegger Johannes","SpeakerFunction":"","CouncilId":1,"CouncilName":"Nationalrat","CantonId":12,"CantonName":"Basel-Stadt","CantonAbbreviation":"BS","ParlGroupName":"Freisinnig-demokratische Fraktion","ParlGroupAbbreviation":"RL","SortOrder":117,"Start":"\/Date(1006949780202)\/","End":"\/Date(1006949864202)\/","Function":"*","DisplaySpeaker":true,"LanguageOfText":"DE","Modified":"\/Date(1774878201638)\/","StartTimeWithTimezone":"\/Date(1006949780203+0060)\/","EndTimeWithTimezone":"\/Date(1006949864203+0060)\/","VoteBusinessNumber":null,"VoteBusinessShortNumber":null,"VoteBusinessTitle":null},{"__metadata":{"id":"https://ws.parlament.ch/OData.svc/Transcript(ID=16561L,Language='DE')","uri":"https://ws.parlament.ch/OData.svc/Transcript(ID=16561L,Language='DE')","type":"itsystems.Pd.DataServices.DataModel.Transcript"},"Subjects":{"__deferred":{"uri":"https://ws.parlament.ch/OData.svc/Transcript(ID=16561L,Language='DE')/Subjects"}},"MembersCouncil":{"__deferred":{"uri":"https://ws.parlament.ch/OData.svc/Transcript(ID=16561L,Language='DE')/MembersCouncil"}},"Businesses":{"__deferred":{"uri":"https://ws.parlament.ch/OData.svc/Transcript(ID=16561L,Language='DE')/Businesses"}},"ID":"16561","Language":"DE","IdSubject":"3187","VoteId":null,"PersonNumber":466,"Type":1,"Text":"<pd_text><p>Nein, weil es ja darum geht, wer in diese Ausbildung kommen kann und \u00fcber welche Schule sie kommen. Es gibt verschiedene Ausbildungen in diesem Bereich; das ist einfach so, Herr Triponez. Die einen haben h\u00f6here schulische Anteile, und die anderen haben mehr praktische Anteile. Es gibt keinen Grund, jene mit den h\u00f6heren schulischen Anteilen gegen\u00fcber den anderen, die w\u00e4hrend des Ausbildungsganges auch die Absolvierung von Praktika vorsehen, zu diskriminieren.</p>\n</pd_text>","MeetingCouncilAbbreviation":"N","MeetingDate":"20011128","MeetingVerbalixOid":865,"IdSession":"4611","SpeakerFirstName":"Anita","SpeakerLastName":"Fetz","SpeakerFullName":"Fetz Anita","SpeakerFunction":"","CouncilId":1,"CouncilName":"Nationalrat","CantonId":12,"CantonName":"Basel-Stadt","CantonAbbreviation":"BS","ParlGroupName":"Sozialdemokratische Fraktion","ParlGroupAbbreviation":"S","SortOrder":116,"Start":"\/Date(1006949741795)\/","End":"\/Date(1006949780202)\/","Function":"","DisplaySpeaker":true,"LanguageOfText":"DE","Modified":"\/Date(1774878201636)\/","StartTimeWithTimezone":"\/Date(1006949741797+0060)\/","EndTimeWithTimezone":"\/Date(1006949780203+0060)\/","VoteBusinessNumber":null,"VoteBusinessShortNumber":null,"VoteBusinessTitle":null},{"__metadata":{"id":"https://ws.parlament.ch/OData.svc/Transcript(ID=16562L,Language='DE')","uri":"https://ws.parlament.ch/OData.svc/Transcript(ID=16562L,Language='DE')","type":"itsystems.Pd.DataServices.DataModel.Transcript"},"Subjects":{"__deferred":{"uri":"https://ws.parlament.ch/OData.svc/Transcript(ID=16562L,Language='DE')/Subjects"}},"MembersCouncil":{"__deferred":{"uri":"https://ws.parlament.ch/OData.svc/Transcript(ID=16562L,Language='DE')/MembersCouncil"}},"Businesses":{"__deferred":{"uri":"https://ws.parlament.ch/OData.svc/Transcript(ID=16562L,Language='DE')/Businesses"}},"ID":"16562","Language":"DE","IdSubject":"3187","VoteId":null,"PersonNumber":516,"Type":1,"Text":"<pd_text><p>Diese Konsequenz w\u00e4re nat\u00fcrlich katastrophal, Frau Fetz. Ich will, dass Krankenschwestern h\u00f6here Ausbildungen machen k\u00f6nnen, aber ich habe noch nie eine Krankenschwester gesehen, die keine praktische Ausbildung hat. Das verlange ich; ich verlange, dass jemand in der Praxis ausgebildet ist und nicht irgendwie vom Gymnasium direkt eine h\u00f6here berufliche Ausbildung machen kann. Ihr Beispiel spricht eigentlich f\u00fcr meinen Antrag, denke ich.</p>\n</pd_text>","MeetingCouncilAbbreviation":"N","MeetingDate":"20011128","MeetingVerbalixOid":865,"IdSession":"4611","SpeakerFirstName":"Pierre","SpeakerLastName":"Triponez","SpeakerFullName":"Triponez Pierre","SpeakerFunction":"","CouncilId":1,"CouncilName":"Nationalrat","CantonId":2,"CantonName":"Bern","CantonAbbreviation":"BE","ParlGroupName":"Freisinnig-demokratische Fraktion","ParlGroupAbbreviation":"RL","SortOrder":115,"Start":"\/Date(1006949709233)\/","End":"\/Date(1006949741795)\/","Function":"","DisplaySpeaker":true,"LanguageOfText":"DE","Modified":"\/Date(1774878201634)\/","StartTimeWithTimezone":"\/Date(1006949709233+0060)\/","EndTimeWithTimezone":"\/Date(1006949741797+0060)\/","VoteBusinessNumber":null,"VoteBusinessShortNumber":null,"VoteBusinessTitle":null},{"__metadata":{"id":"https://ws.parlament.ch/OData.svc/Transcript(ID=16563L,Language='DE')","uri":"https://ws.parlament.ch/OData.svc/Transcript(ID=16563L,Language='DE')","type":"itsystems.Pd.DataServices.DataModel.Transcript"},"Subjects":{"__deferred":{"uri":"https://ws.parlament.ch/OData.svc/Transcript(ID=16563L,Language='DE')/Subjects"}},"MembersCouncil":{"__deferred":{"uri":"https://ws.parlament.ch/OData.svc/Transcript(ID=16563L,Language='DE')/MembersCouncil"}},"Businesses":{"__deferred":{"uri":"https://ws.parlament.ch/OData.svc/Transcript(ID=16563L,Language='DE')/Businesses"}},"ID":"16563","Language":"DE","IdSubject":"3187","VoteId":null,"PersonNumber":466,"Type":1,"Text":"<pd_text><p>Ich bitte Sie im Namen der SP-Fraktion auch, den Antrag Triponez abzulehnen. Und zwar m\u00f6chte ich dazu etwas ganz Grunds\u00e4tzliches sagen, das in dieser Debatte \u00fcber das neue Berufsbildungsgesetz eigentlich ein bisschen untergegangen ist. Wir legiferieren hier ein Rahmengesetz f\u00fcr die gesamte berufliche Ausbildung, also eben nicht mehr nur f\u00fcr den gewerblich-industriellen Teil, sondern neu auch f\u00fcr die Berufe des Gesundheitswesens, des Sozialwesens und der Kunst. Bei diesen gibt es ganz andere Bed\u00fcrfnisse in Bezug auf die Rekrutierung.</p>\n<p>Vereinfacht gesagt: Wenn Sie dem Antrag Triponez zustimmen, dann haben nachher keine Krankenschwestern mehr Zugang zu ihren Fachausbildungen, denn der wichtigste Zubringer, die Ausbildungsschiene, wo die vielen M\u00e4dchen herkommen, sind die Vollschulen, die Diplommittelschulen, zum Teil auch die Handelsschulen. Diese werden mit dem Antrag Triponez eigentlich auf eine neue Art diskriminiert. Genau diese Diskriminierung, die bis heute f\u00fcr die Berufe des Gesundheits- und des Sozialwesens galt, wollen wir ja mit dem neuen Berufsbildungsgesetz \u00fcberwinden.</p>\n<p>Ich bitte Sie dringend, der Kommission zuzustimmen und die beiden Antr\u00e4ge Triponez zu den Artikeln 30 und 33 abzulehnen.</p>\n</pd_text>","MeetingCouncilAbbreviation":"N","MeetingDate":"20011128","MeetingVerbalixOid":865,"IdSession":"4611","SpeakerFirstName":"Anita","SpeakerLastName":"Fetz","SpeakerFullName":"Fetz Anita","SpeakerFunction":"","CouncilId":1,"CouncilName":"Nationalrat","CantonId":12,"CantonName":"Basel-Stadt","CantonAbbreviation":"BS","ParlGroupName":"Sozialdemokratische Fraktion","ParlGroupAbbreviation":"S","SortOrder":114,"Start":"\/Date(1006949594952)\/","End":"\/Date(1006949709233)\/","Function":"","DisplaySpeaker":true,"LanguageOfText":"DE","Modified":"\/Date(1774878201633)\/","StartTimeWithTimezone":"\/Date(1006949594953+0060)\/","EndTimeWithTimezone":"\/Date(1006949709233+0060)\/","VoteBusinessNumber":null,"VoteBusinessShortNumber":null,"VoteBusinessTitle":null},{"__metadata":{"id":"https://ws.parlament.ch/OData.svc/Transcript(ID=16564L,Language='DE')","uri":"https://ws.parlament.ch/OData.svc/Transcript(ID=16564L,Language='DE')","type":"itsystems.Pd.DataServices.DataModel.Transcript"},"Subjects":{"__deferred":{"uri":"https://ws.parlament.ch/OData.svc/Transcript(ID=16564L,Language='DE')/Subjects"}},"MembersCouncil":{"__deferred":{"uri":"https://ws.parlament.ch/OData.svc/Transcript(ID=16564L,Language='DE')/MembersCouncil"}},"Businesses":{"__deferred":{"uri":"https://ws.parlament.ch/OData.svc/Transcript(ID=16564L,Language='DE')/Businesses"}},"ID":"16564","Language":"DE","IdSubject":"3187","VoteId":null,"PersonNumber":455,"Type":1,"Text":"<pd_text><p>J'ai dit tout \u00e0 l'heure au nom du groupe d\u00e9mocrate-chr\u00e9tien tout le mal que nous pensions des propositions Triponez aux articles 30 et 33, en esp\u00e9rant que M. Triponez les retire. Or, comme il persiste, je me dois de r\u00e9p\u00e9ter ici notre farouche opposition \u00e0 la suppression de ce membre de phrase \"d'une formation scolaire g\u00e9n\u00e9rale sup\u00e9rieure\".</p>\n<p>A l'article 9 du projet de loi que nous avons d\u00e9j\u00e0 adopt\u00e9, nous avons vant\u00e9 les m\u00e9rites et adopt\u00e9 donc un article sp\u00e9cifique sur la perm\u00e9abilit\u00e9, perm\u00e9abilit\u00e9 n\u00e9cessaire \u00e0 tous les \u00e9chelons de la formation. Il n'y a aucune raison objective pour supprimer ici cette passerelle entre une formation scolaire g\u00e9n\u00e9rale sup\u00e9rieure et l'accession \u00e0 la formation professionnelle sup\u00e9rieure.</p>\n<p>Nous ne n\u00e9gligeons d'aucune mani\u00e8re l'aspect pratique, puisque nous avons refus\u00e9 la motion Beerli en estimant qu'il \u00e9tait important que l'aspect pratique des choses (stage, etc.) figure dans le cursus d'un \u00e9tudiant. Mais en l'\u00e9tat, ce serait un recul beaucoup trop important que d'accepter la proposition Triponez.</p>\n<p>Au nom du groupe d\u00e9mocrate-chr\u00e9tien, je vous demande de la rejeter.</p>\n</pd_text>","MeetingCouncilAbbreviation":"N","MeetingDate":"20011128","MeetingVerbalixOid":865,"IdSession":"4611","SpeakerFirstName":"Maurice","SpeakerLastName":"Chevrier","SpeakerFullName":"Chevrier Maurice","SpeakerFunction":"","CouncilId":1,"CouncilName":"Nationalrat","CantonId":23,"CantonName":"Wallis","CantonAbbreviation":"VS","ParlGroupName":"Christlichdemokratische Fraktion","ParlGroupAbbreviation":"M-E","SortOrder":113,"Start":"\/Date(1006949514405)\/","End":"\/Date(1006949594952)\/","Function":"","DisplaySpeaker":true,"LanguageOfText":"FR","Modified":"\/Date(1774878201631)\/","StartTimeWithTimezone":"\/Date(1006949514407+0060)\/","EndTimeWithTimezone":"\/Date(1006949594953+0060)\/","VoteBusinessNumber":null,"VoteBusinessShortNumber":null,"VoteBusinessTitle":null},{"__metadata":{"id":"https://ws.parlament.ch/OData.svc/Transcript(ID=16565L,Language='DE')","uri":"https://ws.parlament.ch/OData.svc/Transcript(ID=16565L,Language='DE')","type":"itsystems.Pd.DataServices.DataModel.Transcript"},"Subjects":{"__deferred":{"uri":"https://ws.parlament.ch/OData.svc/Transcript(ID=16565L,Language='DE')/Subjects"}},"MembersCouncil":{"__deferred":{"uri":"https://ws.parlament.ch/OData.svc/Transcript(ID=16565L,Language='DE')/MembersCouncil"}},"Businesses":{"__deferred":{"uri":"https://ws.parlament.ch/OData.svc/Transcript(ID=16565L,Language='DE')/Businesses"}},"ID":"16565","Language":"DE","IdSubject":"3187","VoteId":null,"PersonNumber":500,"Type":1,"Text":"<pd_text><p>Dieser Antrag Triponez betrifft ein grundlegendes Prinzip der beruflichen Bildung: Wer \u00fcber den \u00fcblichen Weg in eine Berufslehre einsteigt, dem sind heute die T\u00fcren zur h\u00f6heren Bildung bis hin zur Hochschule offen; dies ist ein wesentlicher und auch wichtiger Grundsatz. Daneben gilt, dass in der h\u00f6heren Bildung davon ausgegangen werden kann, dass die Sch\u00fcler die betriebliche Praxis kennen und dass diese in der Schulung nicht mehr stets neu erkl\u00e4rt werden muss. Dieser Grundsatz hat sich auch bei der Behandlung der Motion Beerli (00.3083) als richtig erwiesen - die Motion Beerli, die einen direkten Zugang zur Fachhochschule ohne betriebliche Praxis h\u00e4tte erm\u00f6glichen sollen, wurde bekanntlich vom Parlament abgelehnt.</p>\n<p>Es ist nun nichts anderes als konsequent, wenn von den Kandidaten f\u00fcr eine h\u00f6here Berufsbildung auch hier ein F\u00e4higkeitszeugnis oder eine gleichwertige Qualifikation verlangt wird. Der explizite Zugang f\u00fcr Kandidaten nur mit einer h\u00f6heren schulischen Allgemeinbildung zu Schulklassen, wo andere die berufliche Praxis kennen, ist abzulehnen. So wird auch die Berufslehre als idealer, praxisnaher Weg zu einer erfolgreichen h\u00f6heren Berufslaufbahn gest\u00e4rkt. Selbstverst\u00e4ndlich bleibt damit der Weg offen, dass Kandidaten mit einer h\u00f6heren Allgemeinbildung die berufliche Praxis [PAGE 1597] nachholen k\u00f6nnen; der Zugang zur h\u00f6heren Berufsbildung bleibt also offen.</p>\n<p>Ich bitte Sie, dem Antrag Triponez zuzustimmen.</p>\n</pd_text>","MeetingCouncilAbbreviation":"N","MeetingDate":"20011128","MeetingVerbalixOid":865,"IdSession":"4611","SpeakerFirstName":"Theophil","SpeakerLastName":"Pfister","SpeakerFullName":"Pfister Theophil","SpeakerFunction":"","CouncilId":1,"CouncilName":"Nationalrat","CantonId":17,"CantonName":"St. Gallen","CantonAbbreviation":"SG","ParlGroupName":"Fraktion der Schweizerischen Volkspartei","ParlGroupAbbreviation":"V","SortOrder":112,"Start":"\/Date(1006949394873)\/","End":"\/Date(1006949514405)\/","Function":"","DisplaySpeaker":true,"LanguageOfText":"DE","Modified":"\/Date(1774878201630)\/","StartTimeWithTimezone":"\/Date(1006949394873+0060)\/","EndTimeWithTimezone":"\/Date(1006949514407+0060)\/","VoteBusinessNumber":null,"VoteBusinessShortNumber":null,"VoteBusinessTitle":null},{"__metadata":{"id":"https://ws.parlament.ch/OData.svc/Transcript(ID=16566L,Language='DE')","uri":"https://ws.parlament.ch/OData.svc/Transcript(ID=16566L,Language='DE')","type":"itsystems.Pd.DataServices.DataModel.Transcript"},"Subjects":{"__deferred":{"uri":"https://ws.parlament.ch/OData.svc/Transcript(ID=16566L,Language='DE')/Subjects"}},"MembersCouncil":{"__deferred":{"uri":"https://ws.parlament.ch/OData.svc/Transcript(ID=16566L,Language='DE')/MembersCouncil"}},"Businesses":{"__deferred":{"uri":"https://ws.parlament.ch/OData.svc/Transcript(ID=16566L,Language='DE')/Businesses"}},"ID":"16566","Language":"DE","IdSubject":"3187","VoteId":null,"PersonNumber":335,"Type":1,"Text":"<pd_text><p>Ich muss noch einmal darauf verweisen, was wir hier machen. Wir schaffen ein Rahmengesetz f\u00fcr s\u00e4mtliche Berufe in diesem Land. Wir sind nicht mehr nur im Bereich der gewerblichen Berufe, der klassischen dualen Meisterlehre. Wenn wir dort w\u00e4ren, dann w\u00fcrde ich Herrn Triponez sofort zustimmen. Ich bin ganz seiner Meinung: Es braucht Praxis, und es soll niemand quer einsteigen k\u00f6nnen, sozusagen im Schlafwagen, ohne Praxis.</p>\n<p>Aber wir haben auch die neuen Berufe - es sind nicht neue Berufe an und f\u00fcr sich, aber in diesem Gesetz neue Berufe - zu regeln. Insbesondere z. B. im Gesundheitsbereich h\u00e4tte der Antrag Triponez verheerende Folgen. Auch in gewissen Bereichen in der Westschweiz k\u00f6nnte man sich mit diesem Vorschlag kaum mehr bewegen. Es w\u00e4re ein R\u00fcckfall in die Zeit vor dem heute geltenden Gesetz. Das m\u00f6chten wir auf gar keinen Fall. Der Schl\u00fcssel und die Br\u00fccke f\u00fcr Herrn Triponez liegt darin, dass wir ja in Verordnungen regeln, wie die Leute zu welchen Berufsabschl\u00fcssen kommen. Da wird es m\u00f6glich sein, die Eintrittsqualifikationen von Fall zu Fall festzulegen. Im einen Berufsbild braucht es vielleicht Praxis, in einem anderen braucht es sie vielleicht nicht.</p>\n<p>In meinem pers\u00f6nlichen Fall - ich arbeite in einer Treuhandgesellschaft - w\u00e4re diese Erfordernis ziemlich verheerend. Wir haben sehr viele Hochschulabg\u00e4nger, die dann noch in diese praktische h\u00f6here Berufsbildung einsteigen und entsprechende Diplome machen. Das w\u00e4re ganz offensichtlich auch nicht mehr m\u00f6glich.</p>\n<p>Ich bitte Sie, unbedingt der Kommissionsmehrheit zu folgen, und zwar sowohl in Artikel 30 wie auch in Artikel 33.</p>\n</pd_text>","MeetingCouncilAbbreviation":"N","MeetingDate":"20011128","MeetingVerbalixOid":865,"IdSession":"4611","SpeakerFirstName":"Peter","SpeakerLastName":"Kofmel","SpeakerFullName":"Kofmel Peter","SpeakerFunction":"","CouncilId":1,"CouncilName":"Nationalrat","CantonId":11,"CantonName":"Solothurn","CantonAbbreviation":"SO","ParlGroupName":"Freisinnig-demokratische Fraktion","ParlGroupAbbreviation":"RL","SortOrder":111,"Start":"\/Date(1006949255389)\/","End":"\/Date(1006949394873)\/","Function":"","DisplaySpeaker":true,"LanguageOfText":"DE","Modified":"\/Date(1774878201628)\/","StartTimeWithTimezone":"\/Date(1006949255390+0060)\/","EndTimeWithTimezone":"\/Date(1006949394873+0060)\/","VoteBusinessNumber":null,"VoteBusinessShortNumber":null,"VoteBusinessTitle":null},{"__metadata":{"id":"https://ws.parlament.ch/OData.svc/Transcript(ID=16567L,Language='DE')","uri":"https://ws.parlament.ch/OData.svc/Transcript(ID=16567L,Language='DE')","type":"itsystems.Pd.DataServices.DataModel.Transcript"},"Subjects":{"__deferred":{"uri":"https://ws.parlament.ch/OData.svc/Transcript(ID=16567L,Language='DE')/Subjects"}},"MembersCouncil":{"__deferred":{"uri":"https://ws.parlament.ch/OData.svc/Transcript(ID=16567L,Language='DE')/MembersCouncil"}},"Businesses":{"__deferred":{"uri":"https://ws.parlament.ch/OData.svc/Transcript(ID=16567L,Language='DE')/Businesses"}},"ID":"16567","Language":"DE","IdSubject":"3187","VoteId":null,"PersonNumber":516,"Type":1,"Text":"<pd_text><p>Ich m\u00f6chte gleichzeitig meine Begr\u00fcndung zu Artikel 30 Absatz 2 und zu Artikel 33 Absatz 1 geben. Zuerst eine Vorbemerkung: Dieser Teil geh\u00f6rt in die Weiterbildung und hat - das soll hier klar gesagt sein - nichts mehr mit jenem Zusammenfinden beim so genannten Kompromiss zu tun; dieses Thema wurde in diesem Rahmen nicht diskutiert.</p>\n<p>Meine beiden Antr\u00e4ge geh\u00f6ren inhaltlich zusammen, und ich m\u00f6chte sie deshalb gemeinsam begr\u00fcnden. Es geht mir grunds\u00e4tzlich um die Zulassungsbedingungen in der beruflichen Weiterbildung. Sowohl der Bundesrat wie auch im letzten Fr\u00fchling das Parlament haben sich klar f\u00fcr eine Aufwertung der Berufslehre und f\u00fcr eine St\u00e4rkung unseres dualen Berufsbildungssystems eingesetzt. Die Berufslehre soll weiterhin den K\u00f6nigsweg f\u00fcr die h\u00f6here berufliche Bildung darstellen; daran m\u00f6chte ich festhalten. Der Hauptgrund liegt darin, dass damit Praxiserfahrung mitgebracht wird, auf welche die h\u00f6here Ausbildung aufbauen kann. Analog dazu - daran m\u00f6chte ich Sie erinnern - haben wir in unserem Rat den Zugang zu den Fachhochschulen diskutiert. Wir haben uns ganz klar f\u00fcr die Notwendigkeit von Praxiserfahrung als Voraussetzung f\u00fcr die Zulassung ausgesprochen.</p>\n<p>Ich erinnere Sie an die Motion Imhof, die im Rat ganz klar \u00fcberwiesen worden ist und der wir zugestimmt haben. Ich erinnere Sie an die Diskussionen um die Motion Beerli, die wir im Fr\u00fchling ebenso klar abgelehnt haben.</p>\n<p>Mit Artikel 30 Absatz 2 in der vorliegenden Formulierung des Entwurfes w\u00fcrden wir den Zugang zur h\u00f6heren schulischen Allgemeinbildung ohne Erfordernis der beruflichen Praxis - das ist meine Sorge - wieder aufnehmen. Das m\u00f6chte ich verhindern, auch wenn - ich m\u00f6chte das hier klar sagen - gewisse Berufe zum Beispiel im Gesundheitswesen, im Sozialwesen und in der Kunst nat\u00fcrlich viele Interessenten haben, die von Gymnasien oder Diplommittelschulen herkommen; denen will ich nichts verbauen. Aber diese Verankerung im Gesetz ist nicht n\u00f6tig. Die Organisationen dieser Berufe aus der Arbeitswelt k\u00f6nnen selber festlegen, welche Qualifikationen sie als richtig erachten, um den Zugang zur h\u00f6heren Ausbildung zu gew\u00e4hrleisten.</p>\n<p>Entscheidend ist, dass auch diese Personen nicht ohne Praxis zu einer h\u00f6heren Berufsausbildung zugelassen werden. Das ist mein Anliegen.</p>\n<p>Ich bitte Sie deshalb, in Artikel 30 Absatz 2 den Passus - und nur diesen - \"den Abschluss einer h\u00f6heren schulischen Allgemeinbildung\" zu streichen. Das darf nicht gen\u00fcgen; es muss Praxis dabei sein.</p>\n<p>In Artikel 33 geht es ebenfalls um die Zulassung zur h\u00f6heren Berufsbildung, konkret um die Zulassung zu h\u00f6heren Fachschulen. Der Gesetzentwurf sieht vor, dass man diese Praktika auch erst w\u00e4hrend der Ausbildung absolvieren kann. Das bedeutet aber umgekehrt, dass man offenbar auch ohne einschl\u00e4gige Praxis in eine h\u00f6here Fachschule eintreten d\u00fcrfte, was meinem Anliegen klar widerspricht.</p>\n<p>Wie eingangs erw\u00e4hnt, basiert die h\u00f6here Berufsbildung weitgehend auf mitgebrachten Praxiskenntnissen, und das bedingt, dass diese schon zu Beginn einer Weiterbildung vorhanden sein sollten.</p>\n<p>Ich bitte Sie deshalb, analog zu Artikel 30 auch in Artikel 33 Absatz 1 den entsprechenden Passus zu streichen. Nochmals: Es geht mir darum, hier die Praxis als Voraussetzung zu definieren.</p>\n</pd_text>","MeetingCouncilAbbreviation":"N","MeetingDate":"20011128","MeetingVerbalixOid":865,"IdSession":"4611","SpeakerFirstName":"Pierre","SpeakerLastName":"Triponez","SpeakerFullName":"Triponez Pierre","SpeakerFunction":"","CouncilId":1,"CouncilName":"Nationalrat","CantonId":2,"CantonName":"Bern","CantonAbbreviation":"BE","ParlGroupName":"Freisinnig-demokratische Fraktion","ParlGroupAbbreviation":"RL","SortOrder":110,"Start":"\/Date(1006948963311)\/","End":"\/Date(1006949255389)\/","Function":"","DisplaySpeaker":true,"LanguageOfText":null,"Modified":"\/Date(1774878201627)\/","StartTimeWithTimezone":"\/Date(1006948963310+0060)\/","EndTimeWithTimezone":"\/Date(1006949255390+0060)\/","VoteBusinessNumber":null,"VoteBusinessShortNumber":null,"VoteBusinessTitle":null},{"__metadata":{"id":"https://ws.parlament.ch/OData.svc/Transcript(ID=16568L,Language='DE')","uri":"https://ws.parlament.ch/OData.svc/Transcript(ID=16568L,Language='DE')","type":"itsystems.Pd.DataServices.DataModel.Transcript"},"Subjects":{"__deferred":{"uri":"https://ws.parlament.ch/OData.svc/Transcript(ID=16568L,Language='DE')/Subjects"}},"MembersCouncil":{"__deferred":{"uri":"https://ws.parlament.ch/OData.svc/Transcript(ID=16568L,Language='DE')/MembersCouncil"}},"Businesses":{"__deferred":{"uri":"https://ws.parlament.ch/OData.svc/Transcript(ID=16568L,Language='DE')/Businesses"}},"ID":"16568","Language":"DE","IdSubject":"3187","VoteId":null,"PersonNumber":341,"Type":1,"Text":"<pd_text><p><i>Abs. 1-3, 3bis, 4 - Al. 1-3, 3bis, 4</i></p>\n<p><i>Angenommen - Adopt\u00e9</i></p>\n<p>[VS]</p>\n<p><i>Abs. 5, 6 - Al. 5, 6</i></p>\n<p>[VS]</p>\n<p><i>Abstimmung - Vote</i></p>\n<p>F\u00fcr den Antrag Rechsteiner Paul .... 85 Stimmen</p>\n<p>Dagegen .... 63 Stimmen</p>\n<p>[VS] [PAGE 1595] </p>\n<p><b>Art. 16</b></p>\n<p><i>Antrag der Kommission</i></p>\n<p>Streichen (vgl. Art. 14b)</p>\n<p>[VS]</p>\n<p><b>Art. 16</b></p>\n<p><i>Proposition de la commission</i></p>\n<p>Biffer (voir art. 14b)</p>\n<p>[VS]</p>\n<p><i>Angenommen - Adopt\u00e9</i></p>\n<p>[VS]</p>\n<p><b>Art. 17</b></p>\n<p><i>Antrag der Kommission</i></p>\n<p>Streichen (vgl. Art. 11a)</p>\n<p>[VS]</p>\n<p><b>Art. 17</b></p>\n<p><i>Proposition de la commission</i></p>\n<p>Biffer (voir art. 11a)</p>\n<p>[VS]</p>\n<p><i>Angenommen - Adopt\u00e9</i></p>\n<p>[VS]</p>\n<p><b>Art. 18</b></p>\n<p><i>Antrag der Kommission</i></p>\n<p>Streichen (vgl. Art. 11b)</p>\n<p>[VS]</p>\n<p><b>Art. 18</b></p>\n<p><i>Proposition de la commission</i></p>\n<p>Biffer (voir art. 11b)</p>\n<p>[VS]</p>\n<p><i>Angenommen - Adopt\u00e9</i></p>\n<p>[VS]</p>\n<p><b>Art. 19</b></p>\n<p><i>Antrag der Kommission</i></p>\n<p>Streichen (vgl. Art. 14c)</p>\n<p>[VS]</p>\n<p><b>Art. 19</b></p>\n<p><i>Proposition de la commission</i></p>\n<p>Biffer (voir art. 14c)</p>\n<p>[VS]</p>\n<p><i>Angenommen - Adopt\u00e9</i></p>\n<p>[VS]</p>\n<p><b>Art. 20</b></p>\n<p><i>Antrag der Kommission</i></p>\n<p>Streichen (vgl. Art. 14c)</p>\n<p>[VS]</p>\n<p><b>Art. 20</b></p>\n<p><i>Proposition de la commission</i></p>\n<p>Biffer (voir art. 14c)</p>\n<p>[VS]</p>\n<p><i>Angenommen - Adopt\u00e9</i></p>\n<p>[VS]</p>\n<p><b>Art. 21</b></p>\n<p><i>Antrag der Kommission</i></p>\n<p>Streichen (vgl. Art. 11c)</p>\n<p>[VS]</p>\n<p><b>Art. 21</b></p>\n<p><i>Proposition de la commission</i></p>\n<p>Biffer (voir art. 11c)</p>\n<p>[VS]</p>\n<p><i>Angenommen - Adopt\u00e9</i></p>\n<p>[VS]</p>\n<p><b>Art. 22</b></p>\n<p><i>Antrag der Kommission</i></p>\n<p>Streichen (vgl. Art. 14d)</p>\n<p>[VS]</p>\n<p><b>Art. 22</b></p>\n<p><i>Proposition de la commission</i></p>\n<p>Biffer (voir art. 14d)</p>\n<p>[VS]</p>\n<p><i>Angenommen - Adopt\u00e9</i></p>\n<p>[VS]</p>\n<p><b>Art. 23</b></p>\n<p><i>Antrag der Kommission</i></p>\n<p>Streichen (vgl. Art. 14e)</p>\n<p>[VS]</p>\n<p><b>Art. 23</b></p>\n<p><i>Proposition de la commission</i></p>\n<p>Biffer (voir art. 14e)</p>\n<p>[VS]</p>\n<p><i>Angenommen - Adopt\u00e9</i></p>\n<p>[VS]</p>\n<p><b>Art. 24</b></p>\n<p><i>Antrag der Kommission</i></p>\n<p>Streichen (vgl. Art. 14f)</p>\n<p>[VS]</p>\n<p><b>Art. 24</b></p>\n<p><i>Proposition de la commission</i></p>\n<p>Biffer (voir art. 14f)</p>\n<p>[VS]</p>\n<p><i>Angenommen - Adopt\u00e9</i></p>\n<p>[VS]</p>\n<p><b>Art. 25</b></p>\n<p><i>Antrag der Kommission</i></p>\n<p>Streichen (vgl. Art. 11c)</p>\n<p>[VS]</p>\n<p><b>Art. 25</b></p>\n<p><i>Proposition de la commission</i></p>\n<p>Biffer (voir art. 11c)</p>\n<p>[VS]</p>\n<p><i>Angenommen - Adopt\u00e9</i></p>\n<p>[VS]</p>\n<p><b>Art. 26</b></p>\n<p><i>Antrag der Kommission</i></p>\n<p>Streichen (vgl. Art. 11c)</p>\n<p>[VS]</p>\n<p><b>Art. 26</b></p>\n<p><i>Proposition de la commission</i></p>\n<p>Biffer (voir art. 11c)</p>\n<p>[VS]</p>\n<p><i>Angenommen - Adopt\u00e9</i></p>\n<p>[VS]</p>\n<p><b>Art. 27</b></p>\n<p><i>Antrag der Kommission</i></p>\n<p>Streichen</p>\n<p>[VS]</p>\n<p><b>Art. 27</b></p>\n<p><i>Proposition de la commission</i></p>\n<p>Biffer</p>\n<p>[VS]</p>\n<p><i>Angenommen - Adopt\u00e9</i></p>\n<p>[VS]</p>\n<p><b>Art. 28</b></p>\n<p><i>Antrag der Kommission</i></p>\n<p>Streichen (vgl. Art. 14a)</p>\n<p>[VS]</p>\n<p><b>Art. 28</b></p>\n<p><i>Proposition de la commission</i></p>\n<p>Biffer (voir art. 14a)</p>\n<p>[VS]</p>\n<p><i>Angenommen - Adopt\u00e9</i></p>\n<p>[VS]</p>\n<p><b>Art. 29</b></p>\n<p><i>Antrag der Kommission</i></p>\n<p><i>Abs. 1</i></p>\n<p>Zustimmung zum Entwurf des Bundesrates</p>\n<p><i>Abs. 2</i></p>\n<p>.... Artikel 14 Absatz 4 ....</p>\n<p><i>Abs. 3</i></p>\n<p>Zustimmung zum Entwurf des Bundesrates</p>\n<p><i>Abs. 4</i></p>\n<p>Der Berufsmaturit\u00e4tsunterricht an \u00f6ffentlichen Schulen ist unentgeltlich. Bund und Kantone k\u00f6nnen private Anbieter unterst\u00fctzen.</p>\n<p><i>Abs. 5</i></p>\n<p>Zustimmung zum Entwurf des Bundesrates</p>\n<p>[VS]</p>\n<p><b>Art. 29</b></p>\n<p><i>Proposition de la commission</i></p>\n<p><i>Al. 1</i></p>\n<p>Adh\u00e9rer au projet du Conseil f\u00e9d\u00e9ral [PAGE 1596] </p>\n<p><i>Al. 2</i></p>\n<p>.... l'article 14 alin\u00e9a 4 ....</p>\n<p><i>Al. 3</i></p>\n<p>Adh\u00e9rer au projet du Conseil f\u00e9d\u00e9ral</p>\n<p><i>Al. 4</i></p>\n<p>L'enseignement menant \u00e0 la maturit\u00e9 professionnelle dispens\u00e9 dans les \u00e9coles publiques est gratuit. La Conf\u00e9d\u00e9ration et les cantons peuvent soutenir les fournisseurs priv\u00e9s.</p>\n<p><i>Al. 5</i></p>\n<p>Adh\u00e9rer au projet du Conseil f\u00e9d\u00e9ral</p>\n<p>[VS]</p>\n<p><i>Angenommen - Adopt\u00e9</i></p>\n<p>[VS]</p>\n<p><b>Art. 30</b></p>\n<p><i>Antrag der Kommission</i></p>\n<p>Zustimmung zum Entwurf des Bundesrates</p>\n<p>[VS]</p>\n<p><i>Antrag Triponez</i></p>\n<p><i>Abs. 2</i></p>\n<p>Sie setzt ein eidgen\u00f6ssisches F\u00e4higkeitszeugnis oder eine gleichwertige Qualifikation voraus. </p>\n<p>[VS]</p>\n<p><b>Art. 30</b></p>\n<p><i>Proposition de la commission</i></p>\n<p>Adh\u00e9rer au projet du Conseil f\u00e9d\u00e9ral</p>\n<p>[VS]</p>\n<p><i>Proposition Triponez</i></p>\n<p><i>Al. 2</i></p>\n<p>Elle pr\u00e9suppose l'acquisition d'un certificat f\u00e9d\u00e9ral de capacit\u00e9 ou d'une qualification \u00e9quivalente.</p>\n</pd_text>","MeetingCouncilAbbreviation":"N","MeetingDate":"20011128","MeetingVerbalixOid":865,"IdSession":"4611","SpeakerFirstName":"Liliane","SpeakerLastName":"Maury Pasquier","SpeakerFullName":"Maury Pasquier Liliane","SpeakerFunction":"P-F","CouncilId":1,"CouncilName":"Nationalrat","CantonId":25,"CantonName":"Genf","CantonAbbreviation":"GE","ParlGroupName":"Sozialdemokratische Fraktion","ParlGroupAbbreviation":"S","SortOrder":109,"Start":"\/Date(1006948839218)\/","End":"\/Date(1006948963311)\/","Function":"","DisplaySpeaker":false,"LanguageOfText":null,"Modified":"\/Date(1774878201623)\/","StartTimeWithTimezone":"\/Date(1006948839217+0060)\/","EndTimeWithTimezone":"\/Date(1006948963310+0060)\/","VoteBusinessNumber":null,"VoteBusinessShortNumber":null,"VoteBusinessTitle":null},{"__metadata":{"id":"https://ws.parlament.ch/OData.svc/Transcript(ID=16569L,Language='DE')","uri":"https://ws.parlament.ch/OData.svc/Transcript(ID=16569L,Language='DE')","type":"itsystems.Pd.DataServices.DataModel.Transcript"},"Subjects":{"__deferred":{"uri":"https://ws.parlament.ch/OData.svc/Transcript(ID=16569L,Language='DE')/Subjects"}},"MembersCouncil":{"__deferred":{"uri":"https://ws.parlament.ch/OData.svc/Transcript(ID=16569L,Language='DE')/MembersCouncil"}},"Businesses":{"__deferred":{"uri":"https://ws.parlament.ch/OData.svc/Transcript(ID=16569L,Language='DE')/Businesses"}},"ID":"16569","Language":"DE","IdSubject":"3187","VoteId":null,"PersonNumber":459,"Type":1,"Text":"<pd_text><p>Ce n'est peut-\u00eatre pas tr\u00e8s fr\u00e9quent, mais je soutiens le conseiller f\u00e9d\u00e9ral dans son intervention.</p>\n<p>C'est un sujet dont nous n'avons pas discut\u00e9 en commission; c'est vrai que cette proposition Rechsteiner Paul n'a pas \u00e9t\u00e9 faite, mais je trouve qu'elle est assez logique. M. Rechsteiner rel\u00e8ve effectivement que nous traitons, \u00e0 l'article 15 alin\u00e9a 4 lettre b, de l'annulation du contrat d'apprentissage et que nulle part, nous ne parlons d'une r\u00e9siliation, nulle part nous ne parlons d'une situation d'apprenti dans le cadre d'une entreprise en faillite. Comme M. Couchepin, conseiller f\u00e9d\u00e9ral, je pense que c'est un manque dans cette loi et qu'il y a tout loisir d'am\u00e9liorer la formulation dans le d\u00e9bat au Conseil des Etats.</p>\n<p>Je vous recommande d'accepter la proposition Rechsteiner Paul.</p>\n</pd_text>","MeetingCouncilAbbreviation":"N","MeetingDate":"20011128","MeetingVerbalixOid":865,"IdSession":"4611","SpeakerFirstName":"Marlyse","SpeakerLastName":"Dormond","SpeakerFullName":"Dormond Marlyse","SpeakerFunction":"","CouncilId":1,"CouncilName":"Nationalrat","CantonId":22,"CantonName":"Waadt","CantonAbbreviation":"VD","ParlGroupName":"Sozialdemokratische Fraktion","ParlGroupAbbreviation":"S","SortOrder":108,"Start":"\/Date(1006948777296)\/","End":"\/Date(1006948839218)\/","Function":"*","DisplaySpeaker":true,"LanguageOfText":"FR","Modified":"\/Date(1774878201622)\/","StartTimeWithTimezone":"\/Date(1006948777297+0060)\/","EndTimeWithTimezone":"\/Date(1006948839217+0060)\/","VoteBusinessNumber":null,"VoteBusinessShortNumber":null,"VoteBusinessTitle":null},{"__metadata":{"id":"https://ws.parlament.ch/OData.svc/Transcript(ID=16570L,Language='DE')","uri":"https://ws.parlament.ch/OData.svc/Transcript(ID=16570L,Language='DE')","type":"itsystems.Pd.DataServices.DataModel.Transcript"},"Subjects":{"__deferred":{"uri":"https://ws.parlament.ch/OData.svc/Transcript(ID=16570L,Language='DE')/Subjects"}},"MembersCouncil":{"__deferred":{"uri":"https://ws.parlament.ch/OData.svc/Transcript(ID=16570L,Language='DE')/MembersCouncil"}},"Businesses":{"__deferred":{"uri":"https://ws.parlament.ch/OData.svc/Transcript(ID=16570L,Language='DE')/Businesses"}},"ID":"16570","Language":"DE","IdSubject":"3187","VoteId":null,"PersonNumber":50,"Type":1,"Text":"<pd_text><p>Concernant la proposition Rechsteiner Paul, nous n'avons pas d'objection \u00e0 son encontre. L'alin\u00e9a 5 propos\u00e9 correspond \u00e0 l'article 25 alin\u00e9a 1er actuel. Quant \u00e0 l'alin\u00e9a 6, s'il n'est peut-\u00eatre pas formul\u00e9 dans une langue qui nous para\u00eet parfaite; le Conseil des Etats peut encore l'am\u00e9liorer.</p>\n<p>Sur le fond, cela correspond \u00e0 quelque chose qui rel\u00e8ve du bon sens; si bien que nous n'avons pas d'objection \u00e0 l'\u00e9gard d'une proposition qui, suivant l'expression fran\u00e7aise, ne mange pas de foin.</p>\n</pd_text>","MeetingCouncilAbbreviation":"N","MeetingDate":"20011128","MeetingVerbalixOid":865,"IdSession":"4611","SpeakerFirstName":"Pascal","SpeakerLastName":"Couchepin","SpeakerFullName":"Couchepin Pascal","SpeakerFunction":"BR-M","CouncilId":99,"CouncilName":"Bundesrat","CantonId":23,"CantonName":"Wallis","CantonAbbreviation":"VS","ParlGroupName":null,"ParlGroupAbbreviation":null,"SortOrder":107,"Start":"\/Date(1006948741061)\/","End":"\/Date(1006948777296)\/","Function":"","DisplaySpeaker":true,"LanguageOfText":"FR","Modified":"\/Date(1774878201620)\/","StartTimeWithTimezone":"\/Date(1006948741060+0060)\/","EndTimeWithTimezone":"\/Date(1006948777297+0060)\/","VoteBusinessNumber":null,"VoteBusinessShortNumber":null,"VoteBusinessTitle":null},{"__metadata":{"id":"https://ws.parlament.ch/OData.svc/Transcript(ID=16571L,Language='DE')","uri":"https://ws.parlament.ch/OData.svc/Transcript(ID=16571L,Language='DE')","type":"itsystems.Pd.DataServices.DataModel.Transcript"},"Subjects":{"__deferred":{"uri":"https://ws.parlament.ch/OData.svc/Transcript(ID=16571L,Language='DE')/Subjects"}},"MembersCouncil":{"__deferred":{"uri":"https://ws.parlament.ch/OData.svc/Transcript(ID=16571L,Language='DE')/MembersCouncil"}},"Businesses":{"__deferred":{"uri":"https://ws.parlament.ch/OData.svc/Transcript(ID=16571L,Language='DE')/Businesses"}},"ID":"16571","Language":"DE","IdSubject":"3187","VoteId":null,"PersonNumber":346,"Type":1,"Text":"<pd_text><p>Zum Individualantrag Rechsteiner Paul: Lesen Sie auf Seite 14 zu Artikel 15, \"Aufsicht\", Absatz 1: \"Die Kantone sorgen f\u00fcr die Aufsicht \u00fcber die berufliche Grundbildung.\" Absatz 2 lautet: \"Zur Aufsicht geh\u00f6ren die Beratung und Begleitung der Lehrvertragsparteien und die Koordination zwischen den an der beruflichen Grundbildung Beteiligten.\" Damit er\u00fcbrigt sich eigentlich der vom Individualantrag Rechsteiner Paul in Absatz 5 \u00fcbernommene Text aus dem geltenden Recht. Wir haben das in der Kommission nicht diskutiert. Herr Rechsteiner hat selbst gesagt, dass wir hier ein Rahmengesetz haben. Also k\u00f6nnte das wirklich in der Verordnung geregelt werden. Ich glaube, wir k\u00f6nnen hier zuhanden der Materialien festhalten, dass Absatz 5 so dann auch in der Verordnung geregelt wird.</p>\n<p>Nun zu Absatz 6: Herr Rechsteiner hat gesagt, die Swissair lasse gr\u00fcssen, und darauf hingewiesen, dass bereits jetzt im Gesetz, in Absatz 4, eine Regelung getroffen sei. Schauen Sie diese Regelung an, auch in Absatz 3bis, die Sie, Herr Rechsteiner, wirklich wasserdicht haben wollen. Hier gibt es nat\u00fcrlich noch einige Umgehungsm\u00f6glichkeiten. Es sind nicht nur Fragen der Formulierung, sondern es sind auch Umgehungsm\u00f6glichkeiten, die eingebaut sind. Ich meine, dass sich der St\u00e4nderat dieses Themas wirklich annehmen sollte. Ich bin gespannt, was der Herr Bundesrat zu diesem Antrag sagt.</p>\n</pd_text>","MeetingCouncilAbbreviation":"N","MeetingDate":"20011128","MeetingVerbalixOid":865,"IdSession":"4611","SpeakerFirstName":"Johannes","SpeakerLastName":"Randegger","SpeakerFullName":"Randegger Johannes","SpeakerFunction":"","CouncilId":1,"CouncilName":"Nationalrat","CantonId":12,"CantonName":"Basel-Stadt","CantonAbbreviation":"BS","ParlGroupName":"Freisinnig-demokratische Fraktion","ParlGroupAbbreviation":"RL","SortOrder":106,"Start":"\/Date(1006948618327)\/","End":"\/Date(1006948741061)\/","Function":"*","DisplaySpeaker":true,"LanguageOfText":"DE","Modified":"\/Date(1774878201618)\/","StartTimeWithTimezone":"\/Date(1006948618327+0060)\/","EndTimeWithTimezone":"\/Date(1006948741060+0060)\/","VoteBusinessNumber":null,"VoteBusinessShortNumber":null,"VoteBusinessTitle":null},{"__metadata":{"id":"https://ws.parlament.ch/OData.svc/Transcript(ID=16572L,Language='DE')","uri":"https://ws.parlament.ch/OData.svc/Transcript(ID=16572L,Language='DE')","type":"itsystems.Pd.DataServices.DataModel.Transcript"},"Subjects":{"__deferred":{"uri":"https://ws.parlament.ch/OData.svc/Transcript(ID=16572L,Language='DE')/Subjects"}},"MembersCouncil":{"__deferred":{"uri":"https://ws.parlament.ch/OData.svc/Transcript(ID=16572L,Language='DE')/MembersCouncil"}},"Businesses":{"__deferred":{"uri":"https://ws.parlament.ch/OData.svc/Transcript(ID=16572L,Language='DE')/Businesses"}},"ID":"16572","Language":"DE","IdSubject":"3187","VoteId":null,"PersonNumber":341,"Type":1,"Text":"<pd_text><p>Le groupe radical-d\u00e9mocratique communique qu'il rejettera la proposition Rechsteiner Paul.</p>\n</pd_text>","MeetingCouncilAbbreviation":"N","MeetingDate":"20011128","MeetingVerbalixOid":865,"IdSession":"4611","SpeakerFirstName":"Liliane","SpeakerLastName":"Maury Pasquier","SpeakerFullName":"Maury Pasquier Liliane","SpeakerFunction":"P-F","CouncilId":1,"CouncilName":"Nationalrat","CantonId":25,"CantonName":"Genf","CantonAbbreviation":"GE","ParlGroupName":"Sozialdemokratische Fraktion","ParlGroupAbbreviation":"S","SortOrder":105,"Start":"\/Date(1006948610124)\/","End":"\/Date(1006948618327)\/","Function":"","DisplaySpeaker":true,"LanguageOfText":"FR","Modified":"\/Date(1774878201617)\/","StartTimeWithTimezone":"\/Date(1006948610123+0060)\/","EndTimeWithTimezone":"\/Date(1006948618327+0060)\/","VoteBusinessNumber":null,"VoteBusinessShortNumber":null,"VoteBusinessTitle":null},{"__metadata":{"id":"https://ws.parlament.ch/OData.svc/Transcript(ID=16573L,Language='DE')","uri":"https://ws.parlament.ch/OData.svc/Transcript(ID=16573L,Language='DE')","type":"itsystems.Pd.DataServices.DataModel.Transcript"},"Subjects":{"__deferred":{"uri":"https://ws.parlament.ch/OData.svc/Transcript(ID=16573L,Language='DE')/Subjects"}},"MembersCouncil":{"__deferred":{"uri":"https://ws.parlament.ch/OData.svc/Transcript(ID=16573L,Language='DE')/MembersCouncil"}},"Businesses":{"__deferred":{"uri":"https://ws.parlament.ch/OData.svc/Transcript(ID=16573L,Language='DE')/Businesses"}},"ID":"16573","Language":"DE","IdSubject":"3187","VoteId":null,"PersonNumber":172,"Type":1,"Text":"<pd_text><p>Mein Antrag, das Gesetz in Artikel 15 um die neuen Abs\u00e4tze 5 und 6 zu erg\u00e4nzen, betrifft den Lehrvertrag. Ein Rahmengesetz - das ist der Verwaltung zuzubilligen - soll nicht alle Details enthalten, aber bei der \u00dcberarbeitung des Gesetzes sind doch zwei in der Praxis nicht unwichtige Dinge auf der Strecke geblieben, n\u00e4mlich einerseits die heute geltende Verpflichtung der Berufsbildungs\u00e4mter, sich bei der fristlosen Aufl\u00f6sung von Lehrvertr\u00e4gen darum zu k\u00fcmmern, ob nicht noch eine L\u00f6sung \u00fcber die Weiterf\u00fchrung des Lehrverh\u00e4ltnisses getroffen werden kann. Das ist Artikel 25 Absatz 1 des heute g\u00fcltigen Gesetzes; dem entspricht in meinem Antrag Artikel 15 Absatz 5.</p>\n<p>In Absatz 6 - Artikel 25 Absatz 3 des geltenden Gesetzes - w\u00fcrde andererseits die Verpflichtung des Berufsbildungsamtes festgeschrieben, dass dann, wenn ein Betrieb aus wirtschaftlichen Gr\u00fcnden geschlossen wird oder aus anderen Gr\u00fcnden nicht mehr weitergef\u00fchrt werden kann, daf\u00fcr gesorgt wird, dass die Lehrlinge - oder nach der neuen Terminologie die \"lernenden Personen\" - ihre begonnene Lehre ordnungsgem\u00e4ss beenden k\u00f6nnen. Das ist etwas, was durchaus aktuell ist und in der Praxis eine Bedeutung hat. Gerade der Fall Swissair hat gezeigt, dass daf\u00fcr gesorgt werden muss, dass die Lehrlinge ihre Lehre beenden k\u00f6nnen. Das muss auch in Zukunft eine \u00f6ffentliche Aufgabe bleiben.</p>\n<p>Ich r\u00e4ume durchaus ein, dass die jetzige Fassung des Antrages kein Meisterwerk an Eleganz ist. So gesehen, meine ich, bringt die Zustimmung zum Antrag den Willen des Nationalrates zum Ausdruck, dass diese Verpflichtungen der Berufsbildungsbeh\u00f6rde beibehalten werden sollen. Im St\u00e4nderat kann dann redaktionell eine etwas schlankere und elegantere Fassung gefunden werden. Auch die terminologische Anpassung - \"Arbeitgeber\" und \"lernende Person\" - muss nat\u00fcrlich nachgeholt werden. Die bisherige M\u00f6glichkeit f\u00fcr die Berufsbildungsbeh\u00f6rde, einen Lehrvertrag notfalls aufzuheben, ist in Absatz 4 des neuen Gesetzes aufgenommen. Logischerweise m\u00fcssen auch die \u00fcbrigen Verpflichtungen beibehalten werden, n\u00e4mlich dass man daf\u00fcr besorgt ist, dass die Lehren ordnungsgem\u00e4ss beendet werden k\u00f6nnen.</p>\n</pd_text>","MeetingCouncilAbbreviation":"N","MeetingDate":"20011128","MeetingVerbalixOid":865,"IdSession":"4611","SpeakerFirstName":"Paul","SpeakerLastName":"Rechsteiner","SpeakerFullName":"Rechsteiner Paul","SpeakerFunction":"","CouncilId":1,"CouncilName":"Nationalrat","CantonId":17,"CantonName":"St. Gallen","CantonAbbreviation":"SG","ParlGroupName":"Sozialdemokratische Fraktion","ParlGroupAbbreviation":"S","SortOrder":104,"Start":"\/Date(1006948453661)\/","End":"\/Date(1006948610124)\/","Function":"","DisplaySpeaker":true,"LanguageOfText":"DE","Modified":"\/Date(1774878201615)\/","StartTimeWithTimezone":"\/Date(1006948453660+0060)\/","EndTimeWithTimezone":"\/Date(1006948610123+0060)\/","VoteBusinessNumber":null,"VoteBusinessShortNumber":null,"VoteBusinessTitle":null},{"__metadata":{"id":"https://ws.parlament.ch/OData.svc/Transcript(ID=16574L,Language='DE')","uri":"https://ws.parlament.ch/OData.svc/Transcript(ID=16574L,Language='DE')","type":"itsystems.Pd.DataServices.DataModel.Transcript"},"Subjects":{"__deferred":{"uri":"https://ws.parlament.ch/OData.svc/Transcript(ID=16574L,Language='DE')/Subjects"}},"MembersCouncil":{"__deferred":{"uri":"https://ws.parlament.ch/OData.svc/Transcript(ID=16574L,Language='DE')/MembersCouncil"}},"Businesses":{"__deferred":{"uri":"https://ws.parlament.ch/OData.svc/Transcript(ID=16574L,Language='DE')/Businesses"}},"ID":"16574","Language":"DE","IdSubject":"3187","VoteId":null,"PersonNumber":341,"Type":1,"Text":"<pd_text><p><i>Titel, Abs. 3-5 - Titre, al. 3-5</i></p>\n<p><i>Angenommen - Adopt\u00e9</i></p>\n<p>[VS]</p>\n<p><i>Abs. 1 - Al. 1</i></p>\n<p>[VS]</p>\n<p><b>Le pr\u00e9sident</b> (Christen Yves, premier vice-pr\u00e9sident): La proposition Triponez a \u00e9t\u00e9 retir\u00e9e.</p>\n<p>[VS]</p>\n<p><i>Angenommen gem\u00e4ss Antrag der Kommission</i></p>\n<p><i>Adopt\u00e9 selon la proposition de la commission</i></p>\n<p>[VS]</p>\n<p><i>Abs. 2 - Al. 2</i></p>\n<p>[VS]</p>\n<p><b>Le pr\u00e9sident</b> (Christen Yves, premier vice-pr\u00e9sident): La proposition de minorit\u00e9 Pfister Theophil a \u00e9t\u00e9 retir\u00e9e.</p>\n<p>[VS]</p>\n<p><i>Angenommen gem\u00e4ss Antrag der Mehrheit</i></p>\n<p><i>Adopt\u00e9 selon la proposition de la majorit\u00e9</i></p>\n<p>[VS]</p>\n<p><b>Art. 15</b></p>\n<p><i>Antrag der Kommission</i></p>\n<p><i>Abs. 1, 2</i></p>\n<p>Zustimmung zum Entwurf des Bundesrates</p>\n<p><i>Abs. 3</i></p>\n<p>....</p>\n<p>a. die Qualit\u00e4t der Bildung in beruflicher Praxis, einschliesslich der \u00fcberbetrieblichen Kurse und vergleichbarer dritter Lernorte;</p>\n<p>b. die Qualit\u00e4t der schulischen Bildung und des Sportunterrichtes;</p>\n<p>....</p>\n<p><i>Abs. 3bis</i></p>\n<p>Der Kanton entscheidet auf gemeinsamen Antrag der Anbieter der Berufsbildung und der Lernenden \u00fcber:</p>\n<p>a. die Gleichwertigkeit nicht formalisierter Bildungen nach Artikel 14 Absatz 5;</p>\n<p>b. F\u00e4lle nach Artikel 14a Absatz 1.</p>\n<p><i>Abs. 4</i></p>\n<p>Zustimmung zum Entwurf des Bundesrates</p>\n<p>[VS]</p>\n<p><i>Antrag Rechsteiner Paul</i></p>\n<p><i>Abs. 5</i></p>\n<p>Wird das Lehrverh\u00e4ltnis im beidseitigen Einverst\u00e4ndnis oder von einer Vertragspartei aus einem wichtigen Grund aufgel\u00f6st, so hat der Lehrmeister sofort die kantonale Beh\u00f6rde und die Berufsschule zu benachrichtigen. Die Beh\u00f6rde versucht nach M\u00f6glichkeit eine Verst\u00e4ndigung zwischen den Vertragsparteien \u00fcber die Wiederaufnahme des Lehrverh\u00e4ltnisses herbeizuf\u00fchren.</p>\n<p>(= geltendes Recht, Art. 25 Abs. 1)</p>\n<p><i>Abs. 6</i></p>\n<p>Wird ein Betrieb aus wirtschaftlichen Gr\u00fcnden geschlossen oder kann er nicht mehr nach den gesetzlichen Vorschriften ausbilden, so sorgt die kantonale Beh\u00f6rde nach M\u00f6glichkeit daf\u00fcr, dass der Lehrling die begonnene Lehre ordnungsgem\u00e4ss beenden kann.</p>\n<p>(= geltendes Recht, Art. 25 Abs. 3)</p>\n<p>[VS] [PAGE 1594] </p>\n<p><b>Art. 15</b></p>\n<p><i>Proposition de la commission</i></p>\n<p><i>Al. 1, 2</i></p>\n<p>Adh\u00e9rer au projet du Conseil f\u00e9d\u00e9ral</p>\n<p><i>Al. 3</i></p>\n<p>....</p>\n<p>a. la qualit\u00e9 de la formation \u00e0 la pratique professionnelle, y compris celle de la formation dispens\u00e9e dans les cours interentreprises et d'autres lieux de formation \u00e9quivalents;</p>\n<p>b. la qualit\u00e9 de la formation scolaire et du sport;</p>\n<p>....</p>\n<p><i>Al. 3bis</i></p>\n<p>Sur proposition commune du prestataire de la formation professionnelle et de la personne en formation, le canton arr\u00eate:</p>\n<p>a. l'\u00e9quivalence des formations professionnelles non formalis\u00e9es vis\u00e9es \u00e0 l'article 14 alin\u00e9a 5;</p>\n<p>b. les cas vis\u00e9s \u00e0 l'article 14a alin\u00e9a 1er.</p>\n<p><i>Al. 4</i></p>\n<p>Adh\u00e9rer au projet du Conseil f\u00e9d\u00e9ral</p>\n<p>[VS]</p>\n<p><i>Proposition Rechsteiner Paul</i></p>\n<p><i>Al. 5</i></p>\n<p>Si le contrat d'apprentissage est r\u00e9sili\u00e9 d'un commun accord entre les parties ou par l'une de celles-ci pour un motif grave, le ma\u00eetre d'apprentissage doit en aviser imm\u00e9diatement l'autorit\u00e9 cantonale et l'\u00e9cole professionnelle. L'autorit\u00e9 s'efforce autant que possible d'obtenir une entente entre les parties en vue d'une reprise de l'apprentissage.</p>\n<p>(= texte en vigueur, art. 25 al. 1er)</p>\n<p><i>Al. 6</i></p>\n<p>Si l'entreprise qui forme l'apprenti ferme ses portes pour des motifs d'ordre \u00e9conomique ou lorsqu'elle n'est plus en mesure d'assurer la formation conform\u00e9ment aux prescriptions l\u00e9gales, l'autorit\u00e9 cantonale veille autant que possible \u00e0 ce que l'apprenti puisse terminer normalement l'apprentissage qu'il a commenc\u00e9.</p>\n<p>(= texte en vigueur, art. 25 al. 3)</p>\n</pd_text>","MeetingCouncilAbbreviation":"N","MeetingDate":"20011128","MeetingVerbalixOid":865,"IdSession":"4611","SpeakerFirstName":"Liliane","SpeakerLastName":"Maury Pasquier","SpeakerFullName":"Maury Pasquier Liliane","SpeakerFunction":"P-F","CouncilId":1,"CouncilName":"Nationalrat","CantonId":25,"CantonName":"Genf","CantonAbbreviation":"GE","ParlGroupName":"Sozialdemokratische Fraktion","ParlGroupAbbreviation":"S","SortOrder":103,"Start":"\/Date(1006948419052)\/","End":"\/Date(1006948453661)\/","Function":"","DisplaySpeaker":false,"LanguageOfText":null,"Modified":"\/Date(1774878201614)\/","StartTimeWithTimezone":"\/Date(1006948419053+0060)\/","EndTimeWithTimezone":"\/Date(1006948453660+0060)\/","VoteBusinessNumber":null,"VoteBusinessShortNumber":null,"VoteBusinessTitle":null},{"__metadata":{"id":"https://ws.parlament.ch/OData.svc/Transcript(ID=16575L,Language='DE')","uri":"https://ws.parlament.ch/OData.svc/Transcript(ID=16575L,Language='DE')","type":"itsystems.Pd.DataServices.DataModel.Transcript"},"Subjects":{"__deferred":{"uri":"https://ws.parlament.ch/OData.svc/Transcript(ID=16575L,Language='DE')/Subjects"}},"MembersCouncil":{"__deferred":{"uri":"https://ws.parlament.ch/OData.svc/Transcript(ID=16575L,Language='DE')/MembersCouncil"}},"Businesses":{"__deferred":{"uri":"https://ws.parlament.ch/OData.svc/Transcript(ID=16575L,Language='DE')/Businesses"}},"ID":"16575","Language":"DE","IdSubject":"3187","VoteId":null,"PersonNumber":500,"Type":1,"Text":"<pd_text><p>Es ist tats\u00e4chlich so, dass in dieser Frage zwei Blickwinkel m\u00f6glich sind. Aus dem Blickwinkel der Verantwortung haben nat\u00fcrlich diejenigen, die diese Kurse durchf\u00fchren, die \u00dcberlegung gemacht, dass die Kantone dadurch, dass sie f\u00fcr das Angebot an Kursen sorgen, einen bestimmenden Einfluss erhalten, der negativ sein k\u00f6nnte, um so mehr, als die Kantone nat\u00fcrlich nicht frei sind, denn sie sind zugleich Betreiber der Berufsschulen. Hier besteht ein Wettbewerb zwischen den Berufsschulen und den Kantonen, wobei die entscheidende Kraft bei den Kantonen liegt.</p>\n<p>Ich gehe trotzdem davon aus, dass die Ausf\u00fchrungen von Bundesrat Couchepin, welche die finanzielle Seite betreffen, nicht die Meinung beinhalten, dass die Kantone die Oberleitung \u00fcber diese Kurse \u00fcbernehmen, sondern dass hier gemeint ist, dass die Kantone diese Kurse finanzieren werden.</p>\n<p>Wenn das so ist, kann ich den Antrag zur\u00fcckziehen.</p>\n</pd_text>","MeetingCouncilAbbreviation":"N","MeetingDate":"20011128","MeetingVerbalixOid":865,"IdSession":"4611","SpeakerFirstName":"Theophil","SpeakerLastName":"Pfister","SpeakerFullName":"Pfister Theophil","SpeakerFunction":"","CouncilId":1,"CouncilName":"Nationalrat","CantonId":17,"CantonName":"St. Gallen","CantonAbbreviation":"SG","ParlGroupName":"Fraktion der Schweizerischen Volkspartei","ParlGroupAbbreviation":"V","SortOrder":102,"Start":"\/Date(1006948330458)\/","End":"\/Date(1006948419052)\/","Function":"","DisplaySpeaker":true,"LanguageOfText":"DE","Modified":"\/Date(1774878201612)\/","StartTimeWithTimezone":"\/Date(1006948330457+0060)\/","EndTimeWithTimezone":"\/Date(1006948419053+0060)\/","VoteBusinessNumber":null,"VoteBusinessShortNumber":null,"VoteBusinessTitle":null},{"__metadata":{"id":"https://ws.parlament.ch/OData.svc/Transcript(ID=16576L,Language='DE')","uri":"https://ws.parlament.ch/OData.svc/Transcript(ID=16576L,Language='DE')","type":"itsystems.Pd.DataServices.DataModel.Transcript"},"Subjects":{"__deferred":{"uri":"https://ws.parlament.ch/OData.svc/Transcript(ID=16576L,Language='DE')/Subjects"}},"MembersCouncil":{"__deferred":{"uri":"https://ws.parlament.ch/OData.svc/Transcript(ID=16576L,Language='DE')/MembersCouncil"}},"Businesses":{"__deferred":{"uri":"https://ws.parlament.ch/OData.svc/Transcript(ID=16576L,Language='DE')/Businesses"}},"ID":"16576","Language":"DE","IdSubject":"3187","VoteId":null,"PersonNumber":50,"Type":1,"Text":"<pd_text><p>Nous vous recommandons de soutenir la proposition de la majorit\u00e9 de la commission. Je dois dire que j'ai un probl\u00e8me de compr\u00e9hension \u00e0 l'\u00e9gard de la proposition de minorit\u00e9 Pfister Theophil, et plus sp\u00e9cialement quant aux cons\u00e9quences de cette proposition.</p>\n<p>Si on met dans la loi le texte qu'elle propose - \"Les organisations du monde du travail proposent une offre suffisante de cours interentreprises\" -, que se passe-t-il si ces entreprises ne le font pas? La loi ordonne que les entreprises fournissent assez de cours, alors il faudrait introduire une sorte de sanction dans le dernier chapitre de la loi pour punir les entreprises qui ne proposeraient pas un nombre suffisant d'offres. Je ne pense pas que c'est le but de la proposition de minorit\u00e9 Pfister Theophil. Je pense qu'il veut faire un constat en disant que les entreprises, les organisations du monde du travail offrent assez de cours. Que se passe-t-il si elles ne le font pas? Tel que pr\u00e9sent\u00e9, le texte propos\u00e9 par la minorit\u00e9 nous inciterait \u00e0 pr\u00e9voir dans une ordonnance des sanctions, des possibilit\u00e9s de forcer les organisations \u00e0 offrir suffisamment de cours interentreprises si elles ne le font pas spontan\u00e9ment. Ce n'est certainement pas le but poursuivi par la proposition.</p>\n<p>Je crois, Monsieur Pfister, qu'il faut retirer votre proposition de minorit\u00e9 et ne pas faire de l'acharnement th\u00e9rapeutique.</p>\n</pd_text>","MeetingCouncilAbbreviation":"N","MeetingDate":"20011128","MeetingVerbalixOid":865,"IdSession":"4611","SpeakerFirstName":"Pascal","SpeakerLastName":"Couchepin","SpeakerFullName":"Couchepin Pascal","SpeakerFunction":"BR-M","CouncilId":99,"CouncilName":"Bundesrat","CantonId":23,"CantonName":"Wallis","CantonAbbreviation":"VS","ParlGroupName":null,"ParlGroupAbbreviation":null,"SortOrder":101,"Start":"\/Date(1006948243817)\/","End":"\/Date(1006948330458)\/","Function":"","DisplaySpeaker":true,"LanguageOfText":"FR","Modified":"\/Date(1774878201610)\/","StartTimeWithTimezone":"\/Date(1006948243817+0060)\/","EndTimeWithTimezone":"\/Date(1006948330457+0060)\/","VoteBusinessNumber":null,"VoteBusinessShortNumber":null,"VoteBusinessTitle":null},{"__metadata":{"id":"https://ws.parlament.ch/OData.svc/Transcript(ID=16577L,Language='DE')","uri":"https://ws.parlament.ch/OData.svc/Transcript(ID=16577L,Language='DE')","type":"itsystems.Pd.DataServices.DataModel.Transcript"},"Subjects":{"__deferred":{"uri":"https://ws.parlament.ch/OData.svc/Transcript(ID=16577L,Language='DE')/Subjects"}},"MembersCouncil":{"__deferred":{"uri":"https://ws.parlament.ch/OData.svc/Transcript(ID=16577L,Language='DE')/MembersCouncil"}},"Businesses":{"__deferred":{"uri":"https://ws.parlament.ch/OData.svc/Transcript(ID=16577L,Language='DE')/Businesses"}},"ID":"16577","Language":"DE","IdSubject":"3187","VoteId":null,"PersonNumber":459,"Type":1,"Text":"<pd_text><p>Je veux aussi vous inviter \u00e0 adh\u00e9rer \u00e0 la majorit\u00e9 de la commission.</p>\n<p>En effet, comme il a d\u00e9j\u00e0 \u00e9t\u00e9 dit, il faut bien savoir que 50 pour cent des cours actuels sont organis\u00e9s par les entreprises. Et puis, nous sommes dans une loi o\u00f9 nous avons int\u00e9gr\u00e9 des nouvelles professions. Il est donc important que l'on int\u00e8gre aussi dans cette disposition les autres lieux d'enseignement comparables. Autrement, nous aurions deux formes de traitement, c'est-\u00e0-dire une obligation pour les entreprises, mais pas pour les \u00e9coles. Cela me para\u00eetrait d'un illogisme absolu.</p>\n<p>La commission a tranch\u00e9 par 11 voix contre 5 pour la proposition de la majorit\u00e9. Donc, c'\u00e9tait vraiment tr\u00e8s clair au sein de la commission.</p>\n<p>Je vous recommande de suivre la majorit\u00e9 de la commission.</p>\n</pd_text>","MeetingCouncilAbbreviation":"N","MeetingDate":"20011128","MeetingVerbalixOid":865,"IdSession":"4611","SpeakerFirstName":"Marlyse","SpeakerLastName":"Dormond","SpeakerFullName":"Dormond Marlyse","SpeakerFunction":"","CouncilId":1,"CouncilName":"Nationalrat","CantonId":22,"CantonName":"Waadt","CantonAbbreviation":"VD","ParlGroupName":"Sozialdemokratische Fraktion","ParlGroupAbbreviation":"S","SortOrder":100,"Start":"\/Date(1006948177770)\/","End":"\/Date(1006948243817)\/","Function":"*","DisplaySpeaker":true,"LanguageOfText":"FR","Modified":"\/Date(1774878201609)\/","StartTimeWithTimezone":"\/Date(1006948177770+0060)\/","EndTimeWithTimezone":"\/Date(1006948243817+0060)\/","VoteBusinessNumber":null,"VoteBusinessShortNumber":null,"VoteBusinessTitle":null},{"__metadata":{"id":"https://ws.parlament.ch/OData.svc/Transcript(ID=16578L,Language='DE')","uri":"https://ws.parlament.ch/OData.svc/Transcript(ID=16578L,Language='DE')","type":"itsystems.Pd.DataServices.DataModel.Transcript"},"Subjects":{"__deferred":{"uri":"https://ws.parlament.ch/OData.svc/Transcript(ID=16578L,Language='DE')/Subjects"}},"MembersCouncil":{"__deferred":{"uri":"https://ws.parlament.ch/OData.svc/Transcript(ID=16578L,Language='DE')/MembersCouncil"}},"Businesses":{"__deferred":{"uri":"https://ws.parlament.ch/OData.svc/Transcript(ID=16578L,Language='DE')/Businesses"}},"ID":"16578","Language":"DE","IdSubject":"3187","VoteId":null,"PersonNumber":346,"Type":1,"Text":"<pd_text><p>Ja, Frau Bangerter, in der Kommission wurde die Diskussion genau unter dem Aspekt gef\u00fchrt, dass alle Betriebe, alle Organisationen der Arbeitswelt, die solche Kurse durchf\u00fchren, auch die entsprechenden Unterst\u00fctzungsbeitr\u00e4ge erhalten. Herr Bundesrat, k\u00f6nnen Sie dem zustimmen? - Herr Bundesrat Couchepin unterst\u00fctzt meine \u00c4usserungen.</p>\n</pd_text>","MeetingCouncilAbbreviation":"N","MeetingDate":"20011128","MeetingVerbalixOid":865,"IdSession":"4611","SpeakerFirstName":"Johannes","SpeakerLastName":"Randegger","SpeakerFullName":"Randegger Johannes","SpeakerFunction":"","CouncilId":1,"CouncilName":"Nationalrat","CantonId":12,"CantonName":"Basel-Stadt","CantonAbbreviation":"BS","ParlGroupName":"Freisinnig-demokratische Fraktion","ParlGroupAbbreviation":"RL","SortOrder":99,"Start":"\/Date(1006948152599)\/","End":"\/Date(1006948177770)\/","Function":"*","DisplaySpeaker":true,"LanguageOfText":"DE","Modified":"\/Date(1774878201607)\/","StartTimeWithTimezone":"\/Date(1006948152600+0060)\/","EndTimeWithTimezone":"\/Date(1006948177770+0060)\/","VoteBusinessNumber":null,"VoteBusinessShortNumber":null,"VoteBusinessTitle":null},{"__metadata":{"id":"https://ws.parlament.ch/OData.svc/Transcript(ID=16579L,Language='DE')","uri":"https://ws.parlament.ch/OData.svc/Transcript(ID=16579L,Language='DE')","type":"itsystems.Pd.DataServices.DataModel.Transcript"},"Subjects":{"__deferred":{"uri":"https://ws.parlament.ch/OData.svc/Transcript(ID=16579L,Language='DE')/Subjects"}},"MembersCouncil":{"__deferred":{"uri":"https://ws.parlament.ch/OData.svc/Transcript(ID=16579L,Language='DE')/MembersCouncil"}},"Businesses":{"__deferred":{"uri":"https://ws.parlament.ch/OData.svc/Transcript(ID=16579L,Language='DE')/Businesses"}},"ID":"16579","Language":"DE","IdSubject":"3187","VoteId":null,"PersonNumber":303,"Type":1,"Text":"<pd_text><p>Ich habe eine Frage an beide zu stellen, an den Herrn Bundesrat und an den Kommissionspr\u00e4sidenten. Sie betrifft Artikel 14f Absatz 1. In der Kommission wurde auch diskutiert, dass die grossen Firmen, die gut ausgebaute Lehrlingsabteilungen haben - fachlich und p\u00e4dagogisch -, \u00fcberbetriebliche Kurse weiterhin anbieten k\u00f6nnen und sollen. Ich gehe davon aus, dass diese Firmen gem\u00e4ss Artikel 54 Absatz 2 Buchstabe a Ziffer 4 auch beitragsberechtigt sind. Zumindest habe ich dies aus der Diskussion in der Kommission so verstanden. Ist das so, k\u00f6nnen Sie mir das best\u00e4tigen? Denn es w\u00e4re wirklich zu bedauern, wenn diese Firmen ihr Angebot \u00fcberbetrieblicher Kurse streichen w\u00fcrden.</p>\n</pd_text>","MeetingCouncilAbbreviation":"N","MeetingDate":"20011128","MeetingVerbalixOid":865,"IdSession":"4611","SpeakerFirstName":"K\u00e4thi","SpeakerLastName":"Bangerter","SpeakerFullName":"Bangerter K\u00e4thi","SpeakerFunction":"","CouncilId":1,"CouncilName":"Nationalrat","CantonId":2,"CantonName":"Bern","CantonAbbreviation":"BE","ParlGroupName":"Freisinnig-demokratische Fraktion","ParlGroupAbbreviation":"RL","SortOrder":98,"Start":"\/Date(1006948099224)\/","End":"\/Date(1006948152599)\/","Function":"","DisplaySpeaker":true,"LanguageOfText":"DE","Modified":"\/Date(1774878201606)\/","StartTimeWithTimezone":"\/Date(1006948099223+0060)\/","EndTimeWithTimezone":"\/Date(1006948152600+0060)\/","VoteBusinessNumber":null,"VoteBusinessShortNumber":null,"VoteBusinessTitle":null},{"__metadata":{"id":"https://ws.parlament.ch/OData.svc/Transcript(ID=16580L,Language='DE')","uri":"https://ws.parlament.ch/OData.svc/Transcript(ID=16580L,Language='DE')","type":"itsystems.Pd.DataServices.DataModel.Transcript"},"Subjects":{"__deferred":{"uri":"https://ws.parlament.ch/OData.svc/Transcript(ID=16580L,Language='DE')/Subjects"}},"MembersCouncil":{"__deferred":{"uri":"https://ws.parlament.ch/OData.svc/Transcript(ID=16580L,Language='DE')/MembersCouncil"}},"Businesses":{"__deferred":{"uri":"https://ws.parlament.ch/OData.svc/Transcript(ID=16580L,Language='DE')/Businesses"}},"ID":"16580","Language":"DE","IdSubject":"3187","VoteId":null,"PersonNumber":341,"Type":1,"Text":"<pd_text><p>Le groupe radical-d\u00e9mocratique communique qu'il soutient \u00e9galement la proposition de la majorit\u00e9.</p>\n</pd_text>","MeetingCouncilAbbreviation":"N","MeetingDate":"20011128","MeetingVerbalixOid":865,"IdSession":"4611","SpeakerFirstName":"Liliane","SpeakerLastName":"Maury Pasquier","SpeakerFullName":"Maury Pasquier Liliane","SpeakerFunction":"P-F","CouncilId":1,"CouncilName":"Nationalrat","CantonId":25,"CantonName":"Genf","CantonAbbreviation":"GE","ParlGroupName":"Sozialdemokratische Fraktion","ParlGroupAbbreviation":"S","SortOrder":97,"Start":"\/Date(1006948083911)\/","End":"\/Date(1006948099224)\/","Function":"","DisplaySpeaker":true,"LanguageOfText":"FR","Modified":"\/Date(1774878201604)\/","StartTimeWithTimezone":"\/Date(1006948083910+0060)\/","EndTimeWithTimezone":"\/Date(1006948099223+0060)\/","VoteBusinessNumber":null,"VoteBusinessShortNumber":null,"VoteBusinessTitle":null},{"__metadata":{"id":"https://ws.parlament.ch/OData.svc/Transcript(ID=16581L,Language='DE')","uri":"https://ws.parlament.ch/OData.svc/Transcript(ID=16581L,Language='DE')","type":"itsystems.Pd.DataServices.DataModel.Transcript"},"Subjects":{"__deferred":{"uri":"https://ws.parlament.ch/OData.svc/Transcript(ID=16581L,Language='DE')/Subjects"}},"MembersCouncil":{"__deferred":{"uri":"https://ws.parlament.ch/OData.svc/Transcript(ID=16581L,Language='DE')/MembersCouncil"}},"Businesses":{"__deferred":{"uri":"https://ws.parlament.ch/OData.svc/Transcript(ID=16581L,Language='DE')/Businesses"}},"ID":"16581","Language":"DE","IdSubject":"3187","VoteId":null,"PersonNumber":459,"Type":1,"Text":"<pd_text><p>Nous nous trouvons \u00e0 nouveau devant une question de volont\u00e9: est-ce qu'on veut simplement faire des d\u00e9clarations du style \"il peut, dans le cadre des moyens disponibles, prendre des mesures\", ce qui laisse vraiment l'impression que si on veut, on le fera, mais qu'autrement on ne s'en sent pas vraiment l'obligation, alors que la minorit\u00e9 dit que \"le Conseil f\u00e9d\u00e9ral prend des mesures\", c'est-\u00e0-dire fait une proposition beaucoup plus volontariste? Moi, je pense, tout comme la minorit\u00e9 d'ailleurs, que la crise des ann\u00e9es nonante devrait servir et que les autorit\u00e9s devraient en tirer des le\u00e7ons et effectivement introduire, dans les lois que nous votons maintenant, des dispositions un petit peu plus volontaires et fermes. S'agissant d'une loi-cadre, nous sommes assez loin d'une l\u00e9gislation contraignante. Je rappelle quand m\u00eame qu'elle laisse beaucoup de comp\u00e9tences aux cantons pour son application. [PAGE 1582] </p>\n<p>Alors, la commission, comme l'a dit le rapporteur de langue allemande, par 15 voix contre 4, vous recommande de soutenir la proposition de la majorit\u00e9, c'est-\u00e0-dire d'adh\u00e9rer au projet du Conseil f\u00e9d\u00e9ral. Personnellement, je voterai en faveur de la minorit\u00e9, dont je fais partie.</p>\n</pd_text>","MeetingCouncilAbbreviation":"N","MeetingDate":"20011128","MeetingVerbalixOid":865,"IdSession":"4611","SpeakerFirstName":"Marlyse","SpeakerLastName":"Dormond","SpeakerFullName":"Dormond Marlyse","SpeakerFunction":"","CouncilId":1,"CouncilName":"Nationalrat","CantonId":22,"CantonName":"Waadt","CantonAbbreviation":"VD","ParlGroupName":"Sozialdemokratische Fraktion","ParlGroupAbbreviation":"S","SortOrder":48,"Start":"\/Date(1006943319543)\/","End":"\/Date(1006943409996)\/","Function":"*","DisplaySpeaker":true,"LanguageOfText":"FR","Modified":"\/Date(1774878201519)\/","StartTimeWithTimezone":"\/Date(1006943319543+0060)\/","EndTimeWithTimezone":"\/Date(1006943409997+0060)\/","VoteBusinessNumber":null,"VoteBusinessShortNumber":null,"VoteBusinessTitle":null},{"__metadata":{"id":"https://ws.parlament.ch/OData.svc/Transcript(ID=16582L,Language='DE')","uri":"https://ws.parlament.ch/OData.svc/Transcript(ID=16582L,Language='DE')","type":"itsystems.Pd.DataServices.DataModel.Transcript"},"Subjects":{"__deferred":{"uri":"https://ws.parlament.ch/OData.svc/Transcript(ID=16582L,Language='DE')/Subjects"}},"MembersCouncil":{"__deferred":{"uri":"https://ws.parlament.ch/OData.svc/Transcript(ID=16582L,Language='DE')/MembersCouncil"}},"Businesses":{"__deferred":{"uri":"https://ws.parlament.ch/OData.svc/Transcript(ID=16582L,Language='DE')/Businesses"}},"ID":"16582","Language":"DE","IdSubject":"3187","VoteId":null,"PersonNumber":346,"Type":1,"Text":"<pd_text><p>Bei Artikel 11b geht es um konjunkturelle Unterschiede und nicht um strukturelle Probleme. Es hat sich klar gezeigt - Frau M\u00fcller-Hemmi hat es ja auch erw\u00e4hnt -, dass sich die Lehrstellenbeschl\u00fcsse I und II bew\u00e4hrt haben. Diese Beschl\u00fcsse sind auf Basis einer Kann-Formulierung entstanden. Was strukturelle Probleme angeht, so finden Sie in Artikel 55 und 56 die Basis, mit der neue Berufe mit Bundeshilfe lanciert und unterst\u00fctzt und auch regionale strukturelle Probleme angegangen werden k\u00f6nnen. Der Entscheid in der Kommission wurde mit 15 zu 4 Stimmen bei 2 Enthaltungen gef\u00e4llt.</p>\n<p>Ich beantrage Ihnen also, den Antrag der Mehrheit zu unterst\u00fctzen.</p>\n</pd_text>","MeetingCouncilAbbreviation":"N","MeetingDate":"20011128","MeetingVerbalixOid":865,"IdSession":"4611","SpeakerFirstName":"Johannes","SpeakerLastName":"Randegger","SpeakerFullName":"Randegger Johannes","SpeakerFunction":"","CouncilId":1,"CouncilName":"Nationalrat","CantonId":12,"CantonName":"Basel-Stadt","CantonAbbreviation":"BS","ParlGroupName":"Freisinnig-demokratische Fraktion","ParlGroupAbbreviation":"RL","SortOrder":47,"Start":"\/Date(1006943240934)\/","End":"\/Date(1006943319543)\/","Function":"*","DisplaySpeaker":true,"LanguageOfText":"DE","Modified":"\/Date(1774878201518)\/","StartTimeWithTimezone":"\/Date(1006943240933+0060)\/","EndTimeWithTimezone":"\/Date(1006943319543+0060)\/","VoteBusinessNumber":null,"VoteBusinessShortNumber":null,"VoteBusinessTitle":null},{"__metadata":{"id":"https://ws.parlament.ch/OData.svc/Transcript(ID=16583L,Language='DE')","uri":"https://ws.parlament.ch/OData.svc/Transcript(ID=16583L,Language='DE')","type":"itsystems.Pd.DataServices.DataModel.Transcript"},"Subjects":{"__deferred":{"uri":"https://ws.parlament.ch/OData.svc/Transcript(ID=16583L,Language='DE')/Subjects"}},"MembersCouncil":{"__deferred":{"uri":"https://ws.parlament.ch/OData.svc/Transcript(ID=16583L,Language='DE')/MembersCouncil"}},"Businesses":{"__deferred":{"uri":"https://ws.parlament.ch/OData.svc/Transcript(ID=16583L,Language='DE')/Businesses"}},"ID":"16583","Language":"DE","IdSubject":"3187","VoteId":null,"PersonNumber":311,"Type":1,"Text":"<pd_text><p>Le groupe d\u00e9mocrate-chr\u00e9tien se rallie \u00e0 la majorit\u00e9.</p>\n</pd_text>","MeetingCouncilAbbreviation":"N","MeetingDate":"20011128","MeetingVerbalixOid":865,"IdSession":"4611","SpeakerFirstName":"Yves","SpeakerLastName":"Christen","SpeakerFullName":"Christen Yves","SpeakerFunction":"1VP-M","CouncilId":1,"CouncilName":"Nationalrat","CantonId":22,"CantonName":"Waadt","CantonAbbreviation":"VD","ParlGroupName":"Freisinnig-demokratische Fraktion","ParlGroupAbbreviation":"RL","SortOrder":46,"Start":"\/Date(1006943229950)\/","End":"\/Date(1006943240934)\/","Function":"","DisplaySpeaker":true,"LanguageOfText":"FR","Modified":"\/Date(1774878201516)\/","StartTimeWithTimezone":"\/Date(1006943229950+0060)\/","EndTimeWithTimezone":"\/Date(1006943240933+0060)\/","VoteBusinessNumber":null,"VoteBusinessShortNumber":null,"VoteBusinessTitle":null},{"__metadata":{"id":"https://ws.parlament.ch/OData.svc/Transcript(ID=16584L,Language='DE')","uri":"https://ws.parlament.ch/OData.svc/Transcript(ID=16584L,Language='DE')","type":"itsystems.Pd.DataServices.DataModel.Transcript"},"Subjects":{"__deferred":{"uri":"https://ws.parlament.ch/OData.svc/Transcript(ID=16584L,Language='DE')/Subjects"}},"MembersCouncil":{"__deferred":{"uri":"https://ws.parlament.ch/OData.svc/Transcript(ID=16584L,Language='DE')/MembersCouncil"}},"Businesses":{"__deferred":{"uri":"https://ws.parlament.ch/OData.svc/Transcript(ID=16584L,Language='DE')/Businesses"}},"ID":"16584","Language":"DE","IdSubject":"3187","VoteId":null,"PersonNumber":107,"Type":1,"Text":"<pd_text><p>Dieser Artikel soll es dem Bundesrat erm\u00f6glichen, bei einem Ungleichgewicht auf dem Arbeitsmarkt allenfalls notwendige Massnahmen zu treffen. Gerade f\u00fcr ein Rahmengesetz ist diese Kann-Vorschrift wichtig. Entscheidend ist aber, dass es bei einer Kann-Vorschrift bleibt. Wir wollen keine Verpflichtung, denn wir trauen dem Bundesrat gen\u00fcgend Verantwortungsbewusstsein und Entscheidungsf\u00e4higkeit zu, die es ihm erm\u00f6glichen, wenn n\u00f6tig einzugreifen und selber \u00fcber Massnahmen zu entscheiden - dies erstens im Rahmen der verf\u00fcgbaren Mittel und zweitens befristet. Beide Voraussetzungen sind im Minderheitsantrag nicht enthalten. Sie wollen eine Pflicht des Bundesrates, ohne Befristung. Sie wollen aber auch die verf\u00fcgbaren Mittel nicht mit einbeziehen. Gerade die Lehrstellenbeschl\u00fcsse haben gezeigt, dass wir bereit sind zu handeln, dass der Bundesrat bereit ist zu handeln und dass das Parlament auch rasch entscheiden kann. Mit einer gesetzlichen Grundlage in der Kann-Formulierung ist dies noch einfacher m\u00f6glich. Wir k\u00f6nnen entscheiden, und wir sind auch entscheidungsf\u00e4hig, aber wir brauchen keine verpflichtende Vorschrift des Bundes.</p>\n<p>Die FDP-Fraktion stimmt der Mehrheit der Kommission zu und beantragt Ihnen, den Antrag der Minderheit abzulehnen.</p>\n</pd_text>","MeetingCouncilAbbreviation":"N","MeetingDate":"20011128","MeetingVerbalixOid":865,"IdSession":"4611","SpeakerFirstName":"Trix","SpeakerLastName":"Heberlein","SpeakerFullName":"Heberlein Trix","SpeakerFunction":"","CouncilId":1,"CouncilName":"Nationalrat","CantonId":1,"CantonName":"Z\u00fcrich","CantonAbbreviation":"ZH","ParlGroupName":"Freisinnig-demokratische Fraktion","ParlGroupAbbreviation":"RL","SortOrder":45,"Start":"\/Date(1006943127842)\/","End":"\/Date(1006943229950)\/","Function":"","DisplaySpeaker":true,"LanguageOfText":"DE","Modified":"\/Date(1774878201515)\/","StartTimeWithTimezone":"\/Date(1006943127843+0060)\/","EndTimeWithTimezone":"\/Date(1006943229950+0060)\/","VoteBusinessNumber":null,"VoteBusinessShortNumber":null,"VoteBusinessTitle":null},{"__metadata":{"id":"https://ws.parlament.ch/OData.svc/Transcript(ID=16585L,Language='DE')","uri":"https://ws.parlament.ch/OData.svc/Transcript(ID=16585L,Language='DE')","type":"itsystems.Pd.DataServices.DataModel.Transcript"},"Subjects":{"__deferred":{"uri":"https://ws.parlament.ch/OData.svc/Transcript(ID=16585L,Language='DE')/Subjects"}},"MembersCouncil":{"__deferred":{"uri":"https://ws.parlament.ch/OData.svc/Transcript(ID=16585L,Language='DE')/MembersCouncil"}},"Businesses":{"__deferred":{"uri":"https://ws.parlament.ch/OData.svc/Transcript(ID=16585L,Language='DE')/Businesses"}},"ID":"16585","Language":"DE","IdSubject":"3187","VoteId":null,"PersonNumber":500,"Type":1,"Text":"<pd_text><p>Der Antrag der Minderheit M\u00fcller-Hemmi enth\u00e4lt wiederum zwingende Interventionsbestimmungen f\u00fcr den Bundesrat. Bereits wenn sich ein Ungleichgewicht abzeichnet - wie immer dies auch gemessen wird -, muss der Bund intervenieren. Andere Massnahmen sind damit nicht mehr gefragt. Die finanziellen Konsequenzen sollen hierbei offenbar keine Rolle mehr spielen. Mit einer dirigistischen Gesetzgebung, oftmals auch gegen die Vernunft, ist der Sache nicht gedient.</p>\n<p>Die SVP-Fraktion beantragt Ihnen, der Mehrheit zu folgen.</p>\n</pd_text>","MeetingCouncilAbbreviation":"N","MeetingDate":"20011128","MeetingVerbalixOid":865,"IdSession":"4611","SpeakerFirstName":"Theophil","SpeakerLastName":"Pfister","SpeakerFullName":"Pfister Theophil","SpeakerFunction":"","CouncilId":1,"CouncilName":"Nationalrat","CantonId":17,"CantonName":"St. Gallen","CantonAbbreviation":"SG","ParlGroupName":"Fraktion der Schweizerischen Volkspartei","ParlGroupAbbreviation":"V","SortOrder":44,"Start":"\/Date(1006943066405)\/","End":"\/Date(1006943127842)\/","Function":"","DisplaySpeaker":true,"LanguageOfText":"DE","Modified":"\/Date(1774878201513)\/","StartTimeWithTimezone":"\/Date(1006943066407+0060)\/","EndTimeWithTimezone":"\/Date(1006943127843+0060)\/","VoteBusinessNumber":null,"VoteBusinessShortNumber":null,"VoteBusinessTitle":null},{"__metadata":{"id":"https://ws.parlament.ch/OData.svc/Transcript(ID=16586L,Language='DE')","uri":"https://ws.parlament.ch/OData.svc/Transcript(ID=16586L,Language='DE')","type":"itsystems.Pd.DataServices.DataModel.Transcript"},"Subjects":{"__deferred":{"uri":"https://ws.parlament.ch/OData.svc/Transcript(ID=16586L,Language='DE')/Subjects"}},"MembersCouncil":{"__deferred":{"uri":"https://ws.parlament.ch/OData.svc/Transcript(ID=16586L,Language='DE')/MembersCouncil"}},"Businesses":{"__deferred":{"uri":"https://ws.parlament.ch/OData.svc/Transcript(ID=16586L,Language='DE')/Businesses"}},"ID":"16586","Language":"DE","IdSubject":"3187","VoteId":null,"PersonNumber":343,"Type":1,"Text":"<pd_text><p>Unser Minderheitsantrag zu Artikel 11b des Berufsbildungsgesetzes entspricht dem Lehrstellenbeschluss I (LSB I) und dem Lehrstellenbeschluss II (LSB II). [PAGE 1581] </p>\n<p>Sie erinnern sich: Im Herbst 1996 hat uns der Bundesrat den relativ unverbindlichen Berufsbildungsbericht vorgelegt. Die WBK war damit nicht zufrieden, hat bei der Kommissionsberatung das Heft in die Hand genommen und vom Bundesrat eine unverz\u00fcgliche Gesetzesrevision gefordert. Ziel war es, rasch zu einem modernen Berufsbildungssystem zu kommen, das ein qualitativ und quantitativ ausreichendes Ausbildungsangebot f\u00fcr zwei Drittel unserer Jugendlichen gew\u00e4hrleistet, die auf diesem Weg in die Arbeitswelt einsteigen. Mit verschiedenen Kommissionsmotionen und -postulaten forderten wir darum unter anderem die Bundeszust\u00e4ndigkeit f\u00fcr die gesamte Berufsbildung; es ging um die Straffung der Ausbildungsg\u00e4nge, die Modularisierung und eine st\u00e4rkere Verkn\u00fcpfung mit der Weiterbildung. Zus\u00e4tzlichen Antrieb gab uns damals die eskalierende Situation auf dem Lehrstellenmarkt mit Tausenden von jungen Leuten, die nach unz\u00e4hligen Bewerbungen immer noch ohne Ausbildungsplatz waren und Auswege suchten. Sie begaben sich zum Beispiel ins zehnte Schuljahr, in die so genannte Warteschlaufe. Antrieb gab der Kommission aber auch die Parlamentarische Initiative Strahm 96.432, mit der verbindliche Anreize zur Schaffung von mehr Lehrstellen verlangt wurden.</p>\n<p>So kam der LSB I im Fr\u00fchling 1997 zustande. Er wurde in einer Subkommission der WBK erarbeitet und nahm dann im Rahmen des Investitionsprogrammes mit 60 Millionen Franken schlank die parlamentarischen H\u00fcrden. Der LSB I erreichte durch seine gezielten Sofortmassnahmen rasch eine Vergr\u00f6sserung und Verbesserung des Lehrstellenangebotes. Weil der LSB I bis Sommer 2000 befristet war, sorgte die WBK f\u00fcr ein Anschlussprogramm, den LSB II, der jetzt den \u00dcbergang bis zur Inkraftsetzung des neuen Berufsbildungsgesetzes gew\u00e4hrleistet. Auch dieser von der Kommission beantragte Beschluss \u00fcber 100 Millionen Franken fand in der Sommersession 1999 problemlos die Unterst\u00fctzung des Parlamentes, obwohl sich der Bundesrat lediglich auf 75 Millionen Franken verpflichten lassen wollte. Der LSB II gilt nun seit 1. Januar 2000, basiert auf den Erfahrungen mit dem LSB I und setzt neben dem quantitativen Aspekt vor allem qualitative Leitplanken f\u00fcr die Vergr\u00f6sserung des Lehrstellenangebotes.</p>\n<p>Mit diesem geschichtlichen R\u00fcckblick will ich in Erinnerung rufen, dass das Parlament hinter der erfolgreich begonnenen Krisenintervention auf dem Lehrstellenmarkt steht.</p>\n<p>Ich will auch daran erinnern, dass der Bundesrat nicht immer problemlos kooperierte und dass er seine berufsbildungspolitische F\u00fchrungsverantwortung am Anfang eher z\u00f6gerlich wahrnahm. Vor diesem Hintergrund und um diese F\u00fchrungsverantwortung des Bundes nachhaltig und verbindlich abzusichern, wurden darum vor zwei Jahren auch die sehr rasch gesammelten 145 000 Unterschriften der Lehrstellen-Initiative eingereicht.</p>\n<p>Dank den beiden Lehrstellenbeschl\u00fcssen des Parlamentes ist es gelungen, die Ausbildungskrise zu stoppen; dank den beiden Lehrstellenbeschl\u00fcssen sind wir jetzt dabei, strukturelle Ver\u00e4nderungen vor allem betreffend Ausbildungen f\u00fcr junge Frauen im Hightech-Bereich, betreffend schulisch schw\u00e4chere Jugendliche einzuleiten und zu verfestigen. Realistisch m\u00fcssen wir aber eingestehen: Wir sind nicht \u00fcber den Berg, denn nach wie vor versch\u00e4rft sich die Selektion durch die Lehrstellen anbietenden Unternehmungen, nach wie vor ist die Ausbildungsbereitschaft je nach Branche sehr unterschiedlich, nach wie vor befinden sich rund 20 Prozent Junge nach Schulabschluss in der so genannten Warteschlaufe - davon beileibe nicht alle freiwillig -, und nach wie vor machen 10 bis 15 Prozent der Jugendlichen hierzulande \u00fcberhaupt keine nachobligatorische Ausbildung. Diese Realit\u00e4t 2001 wird sich aufgrund des technologischen Wandels k\u00fcnftig weiter versch\u00e4rfen, auch weil bis 2005 die Zahl der Sechzehnj\u00e4hrigen um rund 5000 steigt. Darum, wegen dieser Realit\u00e4t, ist die gesetzliche Verpflichtung des Bundesrates auf eine Kriseninterventionsverantwortung hier in Artikel 11b gem\u00e4ss unserem Minderheitsantrag n\u00f6tig.</p>\n<p>Wir haben den Bundesrat mit den beiden Lehrstellenbeschl\u00fcssen I und II bereits einmal zum Eingreifen in einer Lehrstellenkrise verpflichtet.</p>\n<p>Seien Sie heute weiter konsequent und schreiben Sie diese Kriseninterventionspflicht, zu der auch die Lehrstellen-Initiative auffordert, jetzt gem\u00e4ss Antrag der Minderheit ins Gesetz.</p>\n</pd_text>","MeetingCouncilAbbreviation":"N","MeetingDate":"20011128","MeetingVerbalixOid":865,"IdSession":"4611","SpeakerFirstName":"Vreni","SpeakerLastName":"M\u00fcller-Hemmi","SpeakerFullName":"M\u00fcller-Hemmi Vreni","SpeakerFunction":"","CouncilId":1,"CouncilName":"Nationalrat","CantonId":1,"CantonName":"Z\u00fcrich","CantonAbbreviation":"ZH","ParlGroupName":"Sozialdemokratische Fraktion","ParlGroupAbbreviation":"S","SortOrder":43,"Start":"\/Date(1006942680342)\/","End":"\/Date(1006943066405)\/","Function":"","DisplaySpeaker":true,"LanguageOfText":"DE","Modified":"\/Date(1774878201511)\/","StartTimeWithTimezone":"\/Date(1006942680343+0060)\/","EndTimeWithTimezone":"\/Date(1006943066407+0060)\/","VoteBusinessNumber":null,"VoteBusinessShortNumber":null,"VoteBusinessTitle":null},{"__metadata":{"id":"https://ws.parlament.ch/OData.svc/Transcript(ID=16587L,Language='DE')","uri":"https://ws.parlament.ch/OData.svc/Transcript(ID=16587L,Language='DE')","type":"itsystems.Pd.DataServices.DataModel.Transcript"},"Subjects":{"__deferred":{"uri":"https://ws.parlament.ch/OData.svc/Transcript(ID=16587L,Language='DE')/Subjects"}},"MembersCouncil":{"__deferred":{"uri":"https://ws.parlament.ch/OData.svc/Transcript(ID=16587L,Language='DE')/MembersCouncil"}},"Businesses":{"__deferred":{"uri":"https://ws.parlament.ch/OData.svc/Transcript(ID=16587L,Language='DE')/Businesses"}},"ID":"16587","Language":"DE","IdSubject":"3187","VoteId":null,"PersonNumber":311,"Type":1,"Text":"<pd_text><p><i>Abstimmung - Vote</i></p>\n<p>F\u00fcr den Antrag der Minderheit .... 70 Stimmen</p>\n<p>F\u00fcr den Antrag der Mehrheit .... 68 Stimmen</p>\n<p>[VS]</p>\n<p><b>Art. 9</b></p>\n<p><i>Antrag der Kommission</i></p>\n<p><i>Abs. 1</i></p>\n<p>Zustimmung zum Entwurf des Bundesrates</p>\n<p>(die \u00c4nderung betrifft nur den franz\u00f6sischen Text)</p>\n<p><i>Abs. 2</i></p>\n<p>Zustimmung zum Entwurf des Bundesrates</p>\n<p>[VS]</p>\n<p><b>Art. 9</b></p>\n<p><i>Proposition de la commission</i></p>\n<p><i>Al. 1</i></p>\n<p>.... la formation professionnelle ainsi qu'entre la formation professionnelle et les autres secteurs du syst\u00e8me \u00e9ducatif.</p>\n<p><i>Al. 2</i></p>\n<p>Adh\u00e9rer au projet du Conseil f\u00e9d\u00e9ral</p>\n<p>[VS]</p>\n<p><i>Angenommen - Adopt\u00e9</i></p>\n<p>[VS]</p>\n<p><b>Art. 10</b></p>\n<p><i>Antrag der Kommission</i></p>\n<p><i>Titel</i></p>\n<p>Mitspracherechte der ....</p>\n<p><i>Text</i></p>\n<p>Die Anbieter der Bildung in beruflicher Praxis und der schulischen Bildung r\u00e4umen den Lernenden angemessene Mitspracherechte ein.</p>\n<p>[VS]</p>\n<p><b>Art. 10</b></p>\n<p><i>Proposition de la commission</i></p>\n<p><i>Titre</i></p>\n<p>Droits de regard des ....</p>\n<p><i>Texte</i></p>\n<p>Les prestataires de la formation \u00e0 la pratique professionnelle et de la formation scolaire accordent des droits de regard ad\u00e9quats aux personnes en formation.</p>\n<p>[VS]</p>\n<p><i>Angenommen - Adopt\u00e9</i></p>\n<p>[VS]</p>\n<p><b>Art. 11</b></p>\n<p><i>Antrag der Kommission</i></p>\n<p><i>Abs. 1</i></p>\n<p>Gegen\u00fcber den privaten Anbietern auf dem Bildungsmarkt d\u00fcrfen durch Massnahmen dieses Gesetzes keine ungerechtfertigten Wettbewerbsverzerrungen entstehen.</p>\n<p><i>Abs. 2</i></p>\n<p>Zustimmung zum Entwurf des Bundesrates</p>\n<p>[VS]</p>\n<p><b>Art. 11</b></p>\n<p><i>Proposition de la commission</i></p>\n<p><i>Al. 1</i></p>\n<p>Les prestataires priv\u00e9s de la formation professionnelle ne doivent pas subir de distorsion de concurrence injustifi\u00e9e du fait de mesures prises en application de la pr\u00e9sente loi.</p>\n<p><i>Al. 2</i></p>\n<p>Adh\u00e9rer au projet du Conseil f\u00e9d\u00e9ral</p>\n<p>[VS]</p>\n<p><i>Angenommen - Adopt\u00e9</i></p>\n<p>[VS]</p>\n<p><b>Art. 11a</b></p>\n<p><i>Antrag der Kommission</i></p>\n<p><i>Titel</i></p>\n<p>Vorbereitung auf die berufliche Grundbildung</p>\n<p><i>Abs. 1</i></p>\n<p>Die Kantone ergreifen Massnahmen, die Personen mit individuellen Bildungsdefiziten am Ende der obligatorischen Schulzeit auf die berufliche Grundbildung vorbereiten.</p>\n<p><i>Abs. 2</i></p>\n<p>Diese Massnahmen sind f\u00fcr die betroffenen Personen unentgeltlich.</p>\n<p>[VS]</p>\n<p><b>Art. 11a</b></p>\n<p><i>Proposition de la commission</i></p>\n<p><i>Titre</i></p>\n<p>Pr\u00e9paration \u00e0 la formation professionnelle initiale</p>\n<p><i>Al. 1</i></p>\n<p>Les cantons prennent des mesures pour pr\u00e9parer \u00e0 la formation professionnelle initiale les personnes qui, arriv\u00e9es \u00e0 la fin de la scolarit\u00e9 obligatoire, accusent un d\u00e9ficit de formation.</p>\n<p><i>Al. 2</i></p>\n<p>La gratuit\u00e9 de ces mesures est assur\u00e9e aux b\u00e9n\u00e9ficiaires.</p>\n<p>[VS]</p>\n<p><i>Angenommen - Adopt\u00e9</i></p>\n<p>[VS]</p>\n<p><b>Art. 11b</b></p>\n<p><i>Antrag der Kommission</i></p>\n<p><i>Mehrheit</i></p>\n<p><i>Titel</i></p>\n<p>Ungleichgewichte auf dem Markt f\u00fcr berufliche Grundbildung</p>\n<p><i>Text</i></p>\n<p>Zeichnet sich ein Ungleichgewicht auf dem Markt f\u00fcr berufliche Grundbildung ab oder ist ein solches Ungleichgewicht bereits eingetreten, so kann der Bundesrat im Rahmen der verf\u00fcgbaren Mittel befristete Massnahmen zur Bek\u00e4mpfung treffen.</p>\n<p>[VS]</p>\n<p><i>Minderheit</i></p>\n<p>(M\u00fcller-Hemmi, Chappuis, Dormond Marlyse, Fetz, Strahm, Studer Heiner, Wyss)</p>\n<p><i>Titel</i></p>\n<p>Ungleichgewichte auf dem Markt f\u00fcr berufliche Grundbildung</p>\n<p><i>Text</i></p>\n<p>.... so trifft der Bundesrat Massnahmen zur Bek\u00e4mpfung.</p>\n<p>[VS]</p>\n<p><b>Art. 11b</b></p>\n<p><i>Proposition de la commission</i></p>\n<p><i>Majorit\u00e9</i></p>\n<p><i>Titre</i></p>\n<p>D\u00e9s\u00e9quilibres sur le march\u00e9 de la formation professionnelle initiale</p>\n<p><i>Texte</i></p>\n<p>Le Conseil f\u00e9d\u00e9ral peut, dans le cadre des moyens disponibles, prendre des mesures de dur\u00e9e limit\u00e9e pour redresser les d\u00e9s\u00e9quilibres qui se sont produits ou qui menacent de se produire sur le march\u00e9 de la formation professionnelle initiale.</p>\n<p>[VS]</p>\n<p><i>Minorit\u00e9</i></p>\n<p>(M\u00fcller-Hemmi, Chappuis, Dormond Marlyse, Fetz, Strahm, Studer Heiner, Wyss)</p>\n<p><i>Titre</i></p>\n<p>D\u00e9s\u00e9quilibres sur le march\u00e9 de la formation professionnelle initiale</p>\n<p><i>Texte</i></p>\n<p>Le Conseil f\u00e9d\u00e9ral prend des mesures pour redresser les d\u00e9s\u00e9quilibres ....</p>\n</pd_text>","MeetingCouncilAbbreviation":"N","MeetingDate":"20011128","MeetingVerbalixOid":865,"IdSession":"4611","SpeakerFirstName":"Yves","SpeakerLastName":"Christen","SpeakerFullName":"Christen Yves","SpeakerFunction":"1VP-M","CouncilId":1,"CouncilName":"Nationalrat","CantonId":22,"CantonName":"Waadt","CantonAbbreviation":"VD","ParlGroupName":"Freisinnig-demokratische Fraktion","ParlGroupAbbreviation":"RL","SortOrder":42,"Start":"\/Date(1006942558248)\/","End":"\/Date(1006942680342)\/","Function":"","DisplaySpeaker":false,"LanguageOfText":null,"Modified":"\/Date(1774878201508)\/","StartTimeWithTimezone":"\/Date(1006942558247+0060)\/","EndTimeWithTimezone":"\/Date(1006942680343+0060)\/","VoteBusinessNumber":null,"VoteBusinessShortNumber":null,"VoteBusinessTitle":null},{"__metadata":{"id":"https://ws.parlament.ch/OData.svc/Transcript(ID=16588L,Language='DE')","uri":"https://ws.parlament.ch/OData.svc/Transcript(ID=16588L,Language='DE')","type":"itsystems.Pd.DataServices.DataModel.Transcript"},"Subjects":{"__deferred":{"uri":"https://ws.parlament.ch/OData.svc/Transcript(ID=16588L,Language='DE')/Subjects"}},"MembersCouncil":{"__deferred":{"uri":"https://ws.parlament.ch/OData.svc/Transcript(ID=16588L,Language='DE')/MembersCouncil"}},"Businesses":{"__deferred":{"uri":"https://ws.parlament.ch/OData.svc/Transcript(ID=16588L,Language='DE')/Businesses"}},"ID":"16588","Language":"DE","IdSubject":"3187","VoteId":null,"PersonNumber":459,"Type":1,"Text":"<pd_text><p>Apr\u00e8s ce qui a \u00e9t\u00e9 dit par le rapporteur de langue allemande, je vais \u00eatre assez br\u00e8ve. Je pense, tout comme lui, qu'il est tr\u00e8s important que la Conf\u00e9d\u00e9ration non seulement \u00e9dicte des standards de qualit\u00e9, mais qu'elle veille \u00e0 leur respect. Autrement, \u00e7a me donnerait \u00e0 penser que la Conf\u00e9d\u00e9ration \u00e9mettrait par exemple des lois sur la circulation routi\u00e8re, [PAGE 1580] mais ne regarderait pas si elles sont respect\u00e9es. Cela me para\u00eet \u00eatre un non-sens total.</p>\n<p>D'autre part, j'aimerais relever qu'\u00e0 l'article 66, il est bien pr\u00e9vu que la Conf\u00e9d\u00e9ration peut d\u00e9l\u00e9guer aux cantons l'ex\u00e9cution de la loi. Pour la version de langue fran\u00e7aise de l'annexe 1, au chiffre 5 lettre a de la page 55, vous trouvez que dans les comp\u00e9tences des cantons il est question du \"d\u00e9veloppement de la qualit\u00e9\".</p>\n<p>Je vous recommande donc d'accepter l'article 8 dans la version de la majorit\u00e9 de la commission et de rejeter la proposition de minorit\u00e9.</p>\n</pd_text>","MeetingCouncilAbbreviation":"N","MeetingDate":"20011128","MeetingVerbalixOid":865,"IdSession":"4611","SpeakerFirstName":"Marlyse","SpeakerLastName":"Dormond","SpeakerFullName":"Dormond Marlyse","SpeakerFunction":"","CouncilId":1,"CouncilName":"Nationalrat","CantonId":22,"CantonName":"Waadt","CantonAbbreviation":"VD","ParlGroupName":"Sozialdemokratische Fraktion","ParlGroupAbbreviation":"S","SortOrder":41,"Start":"\/Date(1006942489734)\/","End":"\/Date(1006942558248)\/","Function":"*","DisplaySpeaker":true,"LanguageOfText":"FR","Modified":"\/Date(1774878201506)\/","StartTimeWithTimezone":"\/Date(1006942489733+0060)\/","EndTimeWithTimezone":"\/Date(1006942558247+0060)\/","VoteBusinessNumber":null,"VoteBusinessShortNumber":null,"VoteBusinessTitle":null},{"__metadata":{"id":"https://ws.parlament.ch/OData.svc/Transcript(ID=16589L,Language='DE')","uri":"https://ws.parlament.ch/OData.svc/Transcript(ID=16589L,Language='DE')","type":"itsystems.Pd.DataServices.DataModel.Transcript"},"Subjects":{"__deferred":{"uri":"https://ws.parlament.ch/OData.svc/Transcript(ID=16589L,Language='DE')/Subjects"}},"MembersCouncil":{"__deferred":{"uri":"https://ws.parlament.ch/OData.svc/Transcript(ID=16589L,Language='DE')/MembersCouncil"}},"Businesses":{"__deferred":{"uri":"https://ws.parlament.ch/OData.svc/Transcript(ID=16589L,Language='DE')/Businesses"}},"ID":"16589","Language":"DE","IdSubject":"3187","VoteId":null,"PersonNumber":346,"Type":1,"Text":"<pd_text><p>Die Frage ist: Soll der Bund bez\u00fcglich der Qualit\u00e4tsstandards und deren Einhaltung eine federf\u00fchrende Rolle \u00fcbernehmen, ja oder nein? Von der Vorlage her bereits v\u00f6llig unbestritten ist die Freiheit der Methoden, nach denen die Qualit\u00e4tsentwicklung in den einzelnen Branchen, den einzelnen Betrieben geregelt wird.</p>\n<p>Ich mache Sie jetzt auch auf den Anhang zum Gesetz aufmerksam: Wenn Sie die Fahne auf Seiten 48 und 49 nehmen, dann finden Sie da die Zust\u00e4ndigkeiten der Kantone. Buchstabe a betrifft die Qualit\u00e4tsentwicklung - Zust\u00e4ndigkeit im Bereich der Kantone. Genauso im partnerschaftlichen Sinne ist die Zust\u00e4ndigkeit f\u00fcr die Qualit\u00e4tsentwicklung eben auch bei den Organisationen der Arbeitswelt geregelt. Das ist also nicht eine alleinige Aufgabe des Bundes, sondern es geht um die Frage, ob er hier mehr Einfluss, mehr Federf\u00fchrung \u00fcbernehmen soll.</p>\n<p>Ich darf in Erinnerung rufen, dass in der Schweiz bis Ende 2002 bereits zwei Drittel der Schulen qualit\u00e4tszertifiziert sind, dass Standards festgelegt sind, die von den Verb\u00e4nden stammen. Ich darf darauf hinweisen, dass die Pr\u00fcfungsexperten autonom sind und dass mit der Zertifizierung nach Qualit\u00e4tssicherungssystemen eigentlich Ziele festgelegt werden. Es wird gesagt, wie die Resultate gemessen werden. Es wird auch festgehalten, dass Abweichungen korrigiert werden. Es ist also der Wille der Mehrheit, dass der Bund hier in Zukunft eine st\u00e4rkere Rolle spielt, etwas mehr F\u00fchrungsverantwortung \u00fcbernimmt. Ich darf auch darauf hinweisen, dass die EDK - Sie alle haben ein Schreiben von der EDK erhalten - einstimmig hinter diesem Vorschlag steht.</p>\n<p>In der Kommission betrug das Stimmenverh\u00e4ltnis 10 zu 8. Ich empfehle Ihnen, dem Antrag der Mehrheit zu folgen.</p>\n</pd_text>","MeetingCouncilAbbreviation":"N","MeetingDate":"20011128","MeetingVerbalixOid":865,"IdSession":"4611","SpeakerFirstName":"Johannes","SpeakerLastName":"Randegger","SpeakerFullName":"Randegger Johannes","SpeakerFunction":"","CouncilId":1,"CouncilName":"Nationalrat","CantonId":12,"CantonName":"Basel-Stadt","CantonAbbreviation":"BS","ParlGroupName":"Freisinnig-demokratische Fraktion","ParlGroupAbbreviation":"RL","SortOrder":40,"Start":"\/Date(1006942322859)\/","End":"\/Date(1006942489734)\/","Function":"*","DisplaySpeaker":true,"LanguageOfText":"DE","Modified":"\/Date(1774878201504)\/","StartTimeWithTimezone":"\/Date(1006942322860+0060)\/","EndTimeWithTimezone":"\/Date(1006942489733+0060)\/","VoteBusinessNumber":null,"VoteBusinessShortNumber":null,"VoteBusinessTitle":null},{"__metadata":{"id":"https://ws.parlament.ch/OData.svc/Transcript(ID=16590L,Language='DE')","uri":"https://ws.parlament.ch/OData.svc/Transcript(ID=16590L,Language='DE')","type":"itsystems.Pd.DataServices.DataModel.Transcript"},"Subjects":{"__deferred":{"uri":"https://ws.parlament.ch/OData.svc/Transcript(ID=16590L,Language='DE')/Subjects"}},"MembersCouncil":{"__deferred":{"uri":"https://ws.parlament.ch/OData.svc/Transcript(ID=16590L,Language='DE')/MembersCouncil"}},"Businesses":{"__deferred":{"uri":"https://ws.parlament.ch/OData.svc/Transcript(ID=16590L,Language='DE')/Businesses"}},"ID":"16590","Language":"DE","IdSubject":"3187","VoteId":null,"PersonNumber":311,"Type":1,"Text":"<pd_text><p>Le groupe radical-d\u00e9mocratique et le groupe lib\u00e9ral soutiennent la proposition de minorit\u00e9 Guisan. Le groupe socialiste soutient la proposition de la majorit\u00e9.</p>\n</pd_text>","MeetingCouncilAbbreviation":"N","MeetingDate":"20011128","MeetingVerbalixOid":865,"IdSession":"4611","SpeakerFirstName":"Yves","SpeakerLastName":"Christen","SpeakerFullName":"Christen Yves","SpeakerFunction":"1VP-M","CouncilId":1,"CouncilName":"Nationalrat","CantonId":22,"CantonName":"Waadt","CantonAbbreviation":"VD","ParlGroupName":"Freisinnig-demokratische Fraktion","ParlGroupAbbreviation":"RL","SortOrder":39,"Start":"\/Date(1006942303500)\/","End":"\/Date(1006942322859)\/","Function":"","DisplaySpeaker":true,"LanguageOfText":"FR","Modified":"\/Date(1774878201503)\/","StartTimeWithTimezone":"\/Date(1006942303500+0060)\/","EndTimeWithTimezone":"\/Date(1006942322860+0060)\/","VoteBusinessNumber":null,"VoteBusinessShortNumber":null,"VoteBusinessTitle":null},{"__metadata":{"id":"https://ws.parlament.ch/OData.svc/Transcript(ID=16591L,Language='DE')","uri":"https://ws.parlament.ch/OData.svc/Transcript(ID=16591L,Language='DE')","type":"itsystems.Pd.DataServices.DataModel.Transcript"},"Subjects":{"__deferred":{"uri":"https://ws.parlament.ch/OData.svc/Transcript(ID=16591L,Language='DE')/Subjects"}},"MembersCouncil":{"__deferred":{"uri":"https://ws.parlament.ch/OData.svc/Transcript(ID=16591L,Language='DE')/MembersCouncil"}},"Businesses":{"__deferred":{"uri":"https://ws.parlament.ch/OData.svc/Transcript(ID=16591L,Language='DE')/Businesses"}},"ID":"16591","Language":"DE","IdSubject":"3187","VoteId":null,"PersonNumber":336,"Type":1,"Text":"<pd_text><p>Ich bitte Sie, bei Artikel 8 Absatz 2 der Minderheit Guisan zuzustimmen; dies aus folgenden Gr\u00fcnden: Ein Grossteil der SVP-Fraktion ist der Meinung, dass der Bund wohl f\u00fcr die Qualit\u00e4tsentwicklung, nicht aber f\u00fcr deren \u00dcberwachung zust\u00e4ndig sein soll. Wir wollen, dass die Kompetenzen f\u00fcr die Erstellung von Qualit\u00e4tsstandards und die \u00dcberwachung bei den Kantonen und Berufsverb\u00e4nden liegen sollen. Es ist zu bedenken, dass diese n\u00e4her bei der Basis sind, ihre Strukturen kennen und diese Aufgabe effizient und praxisbezogen wahrnehmen k\u00f6nnen. Eine konstruktive Zusammenarbeit und Arbeitsteilung aller Beteiligten zugunsten der Lernenden ist hier nicht nur w\u00fcnschenswert, sondern dringend n\u00f6tig.</p>\n<p>Mit einem Grossteil der SVP-Fraktion bitte ich Sie, dem Bundesrat zu folgen und der Minderheit Guisan zuzustimmen.</p>\n</pd_text>","MeetingCouncilAbbreviation":"N","MeetingDate":"20011128","MeetingVerbalixOid":865,"IdSession":"4611","SpeakerFirstName":"Josef","SpeakerLastName":"Kunz","SpeakerFullName":"Kunz Josef","SpeakerFunction":"","CouncilId":1,"CouncilName":"Nationalrat","CantonId":3,"CantonName":"Luzern","CantonAbbreviation":"LU","ParlGroupName":"Fraktion der Schweizerischen Volkspartei","ParlGroupAbbreviation":"V","SortOrder":38,"Start":"\/Date(1006942217265)\/","End":"\/Date(1006942303500)\/","Function":"","DisplaySpeaker":true,"LanguageOfText":"DE","Modified":"\/Date(1774878201501)\/","StartTimeWithTimezone":"\/Date(1006942217267+0060)\/","EndTimeWithTimezone":"\/Date(1006942303500+0060)\/","VoteBusinessNumber":null,"VoteBusinessShortNumber":null,"VoteBusinessTitle":null},{"__metadata":{"id":"https://ws.parlament.ch/OData.svc/Transcript(ID=16592L,Language='DE')","uri":"https://ws.parlament.ch/OData.svc/Transcript(ID=16592L,Language='DE')","type":"itsystems.Pd.DataServices.DataModel.Transcript"},"Subjects":{"__deferred":{"uri":"https://ws.parlament.ch/OData.svc/Transcript(ID=16592L,Language='DE')/Subjects"}},"MembersCouncil":{"__deferred":{"uri":"https://ws.parlament.ch/OData.svc/Transcript(ID=16592L,Language='DE')/MembersCouncil"}},"Businesses":{"__deferred":{"uri":"https://ws.parlament.ch/OData.svc/Transcript(ID=16592L,Language='DE')/Businesses"}},"ID":"16592","Language":"DE","IdSubject":"3187","VoteId":null,"PersonNumber":502,"Type":1,"Text":"<pd_text><p>Qualit\u00e4t ist gut, Kontrolle ist besser!</p>\n<p>Absatz 2 gem\u00e4ss Entwurf des Bundesrates ist viel zu offen formuliert: \"Der Bund f\u00f6rdert die Qualit\u00e4tsentwicklung.\" Wenn Sie diese Qualit\u00e4t aber eben nicht definieren und nicht klare Standards erarbeiten, dann ist das ein zu \"lauer\" Begriff. Wir wollen eine gute Berufsbildung. Aber f\u00fcr eine gute Berufsbildung brauchen wir klare Standards und vor allem auch die Kontrolle der Qualit\u00e4t auf oberster Ebene. Ich glaube, das ist ein neues Prinzip, das sich in der Bildung und Ausbildung durchsetzt. </p>\n<p>Die CVP-Fraktion stimmt dem Antrag der Mehrheit zu.</p>\n</pd_text>","MeetingCouncilAbbreviation":"N","MeetingDate":"20011128","MeetingVerbalixOid":865,"IdSession":"4611","SpeakerFirstName":"Kathy","SpeakerLastName":"Riklin","SpeakerFullName":"Riklin Kathy","SpeakerFunction":"","CouncilId":1,"CouncilName":"Nationalrat","CantonId":1,"CantonName":"Z\u00fcrich","CantonAbbreviation":"ZH","ParlGroupName":"Christlichdemokratische Fraktion","ParlGroupAbbreviation":"M-E","SortOrder":37,"Start":"\/Date(1006942150890)\/","End":"\/Date(1006942217265)\/","Function":"","DisplaySpeaker":true,"LanguageOfText":"DE","Modified":"\/Date(1774878201500)\/","StartTimeWithTimezone":"\/Date(1006942150890+0060)\/","EndTimeWithTimezone":"\/Date(1006942217267+0060)\/","VoteBusinessNumber":null,"VoteBusinessShortNumber":null,"VoteBusinessTitle":null},{"__metadata":{"id":"https://ws.parlament.ch/OData.svc/Transcript(ID=16593L,Language='DE')","uri":"https://ws.parlament.ch/OData.svc/Transcript(ID=16593L,Language='DE')","type":"itsystems.Pd.DataServices.DataModel.Transcript"},"Subjects":{"__deferred":{"uri":"https://ws.parlament.ch/OData.svc/Transcript(ID=16593L,Language='DE')/Subjects"}},"MembersCouncil":{"__deferred":{"uri":"https://ws.parlament.ch/OData.svc/Transcript(ID=16593L,Language='DE')/MembersCouncil"}},"Businesses":{"__deferred":{"uri":"https://ws.parlament.ch/OData.svc/Transcript(ID=16593L,Language='DE')/Businesses"}},"ID":"16593","Language":"DE","IdSubject":"3187","VoteId":null,"PersonNumber":325,"Type":1,"Text":"<pd_text><p>Tr\u00e8s bri\u00e8vement: la majorit\u00e9 de la commission a voulu compl\u00e9ter le texte du Conseil f\u00e9d\u00e9ral dans un souci louable de garantir une qualit\u00e9 optimale. Malheureusement, la formulation propos\u00e9e ouvre la porte \u00e0 une situation difficilement ma\u00eetrisable. Que la Conf\u00e9d\u00e9ration stipule que l'enseignement soit dispens\u00e9 en respectant une dynamique d'accr\u00e9ditation et de certification, soit, et c'est ce que postule le texte du Conseil f\u00e9d\u00e9ral. Par contre, \u00e9tablir des standards de qualit\u00e9 est une toute autre paire de manches. Cela postule que la Conf\u00e9d\u00e9ration s'immisce dans toutes les branches professionnelles pour d\u00e9finir des normes de qualit\u00e9 en relation avec l'exercice m\u00eame de ces professions, normes de qualit\u00e9, par d\u00e9finition indissociables du contenu de l'enseignement. Elle n'en a manifestement pas les moyens et encore moins les comp\u00e9tences. Celles-ci appartiennent, par d\u00e9finition, aux associations professionnelles.</p>\n<p>Comment imaginer que la Conf\u00e9d\u00e9ration d\u00e9finisse des standards de qualit\u00e9 pour les professions de la construction, pour les branches commerciales, les informaticiens, les professions de sant\u00e9, et j'en passe? Ces multiples secteurs sont tous tr\u00e8s \u00e9volutifs, posent des probl\u00e9matiques si diverses qu'elles ne sont pas assimilables n\u00e9cessairement \u00e0 la m\u00eame approche m\u00e9thodologique. Il faudrait donc d\u00e9velopper un appareil administratif absolument monstrueux pour remplir ce mandat. La logique veut que ces comp\u00e9tences soient d\u00e9l\u00e9gu\u00e9es aux associations professionnelles qui disposent d'ailleurs toutes d\u00e9j\u00e0 de l'infrastructure et du know-how n\u00e9cessaires. Elles sont toutes parfaitement conscientes que c'est un \u00e9l\u00e9ment cl\u00e9 de la concurrence et du d\u00e9veloppement de la branche. Le texte propos\u00e9 par le Conseil f\u00e9d\u00e9ral se borne \u00e0 leur donner cette mission. La proposition de la majorit\u00e9 de la commission est tout simplement totalement irr\u00e9aliste et, de facto, il faudra en revenir \u00e0 la pratique actuelle en d\u00e9l\u00e9guant ce mandat aux organisations professionnelles par voie d'ordonnance.</p>\n<p>Je vous prie donc de vous en tenir au projet du Conseil f\u00e9d\u00e9ral et \u00e0 la proposition de minorit\u00e9.</p>\n</pd_text>","MeetingCouncilAbbreviation":"N","MeetingDate":"20011128","MeetingVerbalixOid":865,"IdSession":"4611","SpeakerFirstName":"Yves","SpeakerLastName":"Guisan","SpeakerFullName":"Guisan Yves","SpeakerFunction":"","CouncilId":1,"CouncilName":"Nationalrat","CantonId":22,"CantonName":"Waadt","CantonAbbreviation":"VD","ParlGroupName":"Freisinnig-demokratische Fraktion","ParlGroupAbbreviation":"RL","SortOrder":36,"Start":"\/Date(1006941997015)\/","End":"\/Date(1006942150890)\/","Function":"","DisplaySpeaker":true,"LanguageOfText":"FR","Modified":"\/Date(1774878201498)\/","StartTimeWithTimezone":"\/Date(1006941997017+0060)\/","EndTimeWithTimezone":"\/Date(1006942150890+0060)\/","VoteBusinessNumber":null,"VoteBusinessShortNumber":null,"VoteBusinessTitle":null},{"__metadata":{"id":"https://ws.parlament.ch/OData.svc/Transcript(ID=16594L,Language='DE')","uri":"https://ws.parlament.ch/OData.svc/Transcript(ID=16594L,Language='DE')","type":"itsystems.Pd.DataServices.DataModel.Transcript"},"Subjects":{"__deferred":{"uri":"https://ws.parlament.ch/OData.svc/Transcript(ID=16594L,Language='DE')/Subjects"}},"MembersCouncil":{"__deferred":{"uri":"https://ws.parlament.ch/OData.svc/Transcript(ID=16594L,Language='DE')/MembersCouncil"}},"Businesses":{"__deferred":{"uri":"https://ws.parlament.ch/OData.svc/Transcript(ID=16594L,Language='DE')/Businesses"}},"ID":"16594","Language":"DE","IdSubject":"3187","VoteId":null,"PersonNumber":311,"Type":1,"Text":"<pd_text><p>Avant de passer au vote, je voudrais faire une remarque. On m'a dit que le dispositif d'alerte des membres du Conseil ne fonctionnait pas. En r\u00e9alit\u00e9, il fonctionne, mais, comme les interventions du conseiller f\u00e9d\u00e9ral sont tr\u00e8s br\u00e8ves, vous \u00eates surpris. Alors, je vous prie de prendre garde au dispositif.</p>\n<p>[VS]</p>\n<p><i>Abstimmung - Vote</i></p>\n<p>F\u00fcr den Antrag der Mehrheit .... 72 Stimmen</p>\n<p>F\u00fcr den Antrag der Minderheit .... 62 Stimmen</p>\n<p>[VS] [PAGE 1579] </p>\n<p><b>Art. 7</b></p>\n<p><i>Antrag der Kommission</i></p>\n<p>Zustimmung zum Entwurf des Bundesrates</p>\n<p><i>Proposition de la commission</i></p>\n<p>Adh\u00e9rer au projet du Conseil f\u00e9d\u00e9ral</p>\n<p>[VS]</p>\n<p><i>Angenommen - Adopt\u00e9</i></p>\n<p>[VS]</p>\n<p><b>Art. 8</b></p>\n<p><i>Antrag der Kommission</i></p>\n<p><i>Mehrheit</i></p>\n<p><i>Abs. 1</i></p>\n<p>Zustimmung zum Entwurf des Bundesrates</p>\n<p><i>Abs. 2</i></p>\n<p>.... Qualit\u00e4tsentwicklung, stellt Qualit\u00e4tsstandards auf und \u00fcberwacht deren Einhaltung.</p>\n<p>[VS]</p>\n<p><i>Minderheit</i></p>\n<p>(Guisan, Bangerter, Kofmel, Kunz, Scheurer, Wittenwiler)</p>\n<p>Zustimmung zum Entwurf des Bundesrates</p>\n<p>[VS]</p>\n<p><b>Art. 8</b></p>\n<p><i>Proposition de la commission</i></p>\n<p><i>Majorit\u00e9</i></p>\n<p><i>Al. 1</i></p>\n<p>Adh\u00e9rer au projet du Conseil f\u00e9d\u00e9ral</p>\n<p><i>Al. 2</i></p>\n<p>.... la qualit\u00e9, \u00e9met des standards de qualit\u00e9 et veille \u00e0 leur respect.</p>\n<p>[VS]</p>\n<p><i>Minorit\u00e9</i></p>\n<p>(Guisan, Bangerter, Kofmel, Kunz, Scheurer, Wittenwiler)</p>\n<p>Adh\u00e9rer au projet du Conseil f\u00e9d\u00e9ral</p>\n</pd_text>","MeetingCouncilAbbreviation":"N","MeetingDate":"20011128","MeetingVerbalixOid":865,"IdSession":"4611","SpeakerFirstName":"Yves","SpeakerLastName":"Christen","SpeakerFullName":"Christen Yves","SpeakerFunction":"1VP-M","CouncilId":1,"CouncilName":"Nationalrat","CantonId":22,"CantonName":"Waadt","CantonAbbreviation":"VD","ParlGroupName":"Freisinnig-demokratische Fraktion","ParlGroupAbbreviation":"RL","SortOrder":35,"Start":"\/Date(1006941898992)\/","End":"\/Date(1006941997015)\/","Function":"","DisplaySpeaker":true,"LanguageOfText":"FR","Modified":"\/Date(1774878201496)\/","StartTimeWithTimezone":"\/Date(1006941898993+0060)\/","EndTimeWithTimezone":"\/Date(1006941997017+0060)\/","VoteBusinessNumber":null,"VoteBusinessShortNumber":null,"VoteBusinessTitle":null},{"__metadata":{"id":"https://ws.parlament.ch/OData.svc/Transcript(ID=16595L,Language='DE')","uri":"https://ws.parlament.ch/OData.svc/Transcript(ID=16595L,Language='DE')","type":"itsystems.Pd.DataServices.DataModel.Transcript"},"Subjects":{"__deferred":{"uri":"https://ws.parlament.ch/OData.svc/Transcript(ID=16595L,Language='DE')/Subjects"}},"MembersCouncil":{"__deferred":{"uri":"https://ws.parlament.ch/OData.svc/Transcript(ID=16595L,Language='DE')/MembersCouncil"}},"Businesses":{"__deferred":{"uri":"https://ws.parlament.ch/OData.svc/Transcript(ID=16595L,Language='DE')/Businesses"}},"ID":"16595","Language":"DE","IdSubject":"3187","VoteId":null,"PersonNumber":459,"Type":1,"Text":"<pd_text><p>Je ne crois pas que la Conf\u00e9d\u00e9ration se lie les mains, comme le disait M. Kofmel. L'article 6 alin\u00e9a 2 lettre b dit bien que la Conf\u00e9d\u00e9ration encourage \"les \u00e9changes soutenus par les cantons, les organisations du monde du travail ou les entreprises d'enseignants et enseign\u00e9s dans les r\u00e9gions linguistiques\"; donc, il faut vraiment qu'il y ait une collaboration entre les diff\u00e9rents acteurs. Je ne pense pas que nous soyons cr\u00e9dibles en proclamant \u00e0 maintes et maintes reprises que le plurilinguisme est une richesse, tout en ne faisant rien pour l'encourager.</p>\n<p>M. Pfister Theophil disait que c'est une loi qui doit s'appliquer sur le terrain, ce qui est tout \u00e0 fait vrai. Mais je dois dire que maintenant d\u00e9j\u00e0, sur le terrain, beaucoup de patrons se plaignent du fait que les jeunes qui sortent de formation ne ma\u00eetrisent pas une deuxi\u00e8me langue. C'est un handicap pour les jeunes dans leur d\u00e9veloppement professionnel.</p>\n<p>En cons\u00e9quence, je vous recommande de soutenir la proposition de la majorit\u00e9 de la commission, qui a \u00e9t\u00e9 accept\u00e9e, au sein de la commission, par 12 voix contre 8. C'est un point qui para\u00eet tr\u00e8s important dans cette loi.</p>\n</pd_text>","MeetingCouncilAbbreviation":"N","MeetingDate":"20011128","MeetingVerbalixOid":865,"IdSession":"4611","SpeakerFirstName":"Marlyse","SpeakerLastName":"Dormond","SpeakerFullName":"Dormond Marlyse","SpeakerFunction":"","CouncilId":1,"CouncilName":"Nationalrat","CantonId":22,"CantonName":"Waadt","CantonAbbreviation":"VD","ParlGroupName":"Sozialdemokratische Fraktion","ParlGroupAbbreviation":"S","SortOrder":34,"Start":"\/Date(1006941808398)\/","End":"\/Date(1006941898992)\/","Function":"*","DisplaySpeaker":true,"LanguageOfText":"FR","Modified":"\/Date(1774878201495)\/","StartTimeWithTimezone":"\/Date(1006941808397+0060)\/","EndTimeWithTimezone":"\/Date(1006941898993+0060)\/","VoteBusinessNumber":null,"VoteBusinessShortNumber":null,"VoteBusinessTitle":null},{"__metadata":{"id":"https://ws.parlament.ch/OData.svc/Transcript(ID=16596L,Language='DE')","uri":"https://ws.parlament.ch/OData.svc/Transcript(ID=16596L,Language='DE')","type":"itsystems.Pd.DataServices.DataModel.Transcript"},"Subjects":{"__deferred":{"uri":"https://ws.parlament.ch/OData.svc/Transcript(ID=16596L,Language='DE')/Subjects"}},"MembersCouncil":{"__deferred":{"uri":"https://ws.parlament.ch/OData.svc/Transcript(ID=16596L,Language='DE')/MembersCouncil"}},"Businesses":{"__deferred":{"uri":"https://ws.parlament.ch/OData.svc/Transcript(ID=16596L,Language='DE')/Businesses"}},"ID":"16596","Language":"DE","IdSubject":"3187","VoteId":null,"PersonNumber":346,"Type":1,"Text":"<pd_text><p>Im Hearing der Kommission wies der Pr\u00e4sident der EDK darauf hin, dass der Bund eine vollst\u00e4ndige Kompetenz im Berufsbildungsbereich hat. Er sagte der Kommission auch, dass der Bund seine Aufgabe bez\u00fcglich der Fremdsprachenentwicklung im Berufsbildungsbereich vernachl\u00e4ssige. Er wies zudem darauf hin, dass gem\u00e4ss Bundesverfassung Artikel 70 Bund und Kantone die Verst\u00e4ndigung und den Austausch zwischen den Sprachgemeinschaften f\u00f6rdern k\u00f6nnen. Das war dann eigentlich auch ein Anstoss f\u00fcr die Mehrheit, die diese F\u00f6rderung konkret sehen will, also einerseits mittels einer obligatorischen Fremdsprache, aber nat\u00fcrlich andererseits auch mittels der Aus- und Weiterbildung der Lehrkr\u00e4fte und mittels des Austausches von Lehrkr\u00e4ften und Lehrlingen zwischen den Sprachregionen. Die Kommission war sich bewusst, was das f\u00fcr Kosten ausl\u00f6sen wird. Eine Lektion pro Lehrling und pro Jahr kostet den Bund nach Sch\u00e4tzungen des BBT 10 Millionen Franken. Die Kommission ist mit 12 zu 8 Stimmen zur Ansicht der Mehrheit gelangt. Sie empfiehlt Ihnen Annahme.</p>\n</pd_text>","MeetingCouncilAbbreviation":"N","MeetingDate":"20011128","MeetingVerbalixOid":865,"IdSession":"4611","SpeakerFirstName":"Johannes","SpeakerLastName":"Randegger","SpeakerFullName":"Randegger Johannes","SpeakerFunction":"","CouncilId":1,"CouncilName":"Nationalrat","CantonId":12,"CantonName":"Basel-Stadt","CantonAbbreviation":"BS","ParlGroupName":"Freisinnig-demokratische Fraktion","ParlGroupAbbreviation":"RL","SortOrder":33,"Start":"\/Date(1006941704132)\/","End":"\/Date(1006941808398)\/","Function":"*","DisplaySpeaker":true,"LanguageOfText":"DE","Modified":"\/Date(1774878201493)\/","StartTimeWithTimezone":"\/Date(1006941704133+0060)\/","EndTimeWithTimezone":"\/Date(1006941808397+0060)\/","VoteBusinessNumber":null,"VoteBusinessShortNumber":null,"VoteBusinessTitle":null},{"__metadata":{"id":"https://ws.parlament.ch/OData.svc/Transcript(ID=16597L,Language='DE')","uri":"https://ws.parlament.ch/OData.svc/Transcript(ID=16597L,Language='DE')","type":"itsystems.Pd.DataServices.DataModel.Transcript"},"Subjects":{"__deferred":{"uri":"https://ws.parlament.ch/OData.svc/Transcript(ID=16597L,Language='DE')/Subjects"}},"MembersCouncil":{"__deferred":{"uri":"https://ws.parlament.ch/OData.svc/Transcript(ID=16597L,Language='DE')/MembersCouncil"}},"Businesses":{"__deferred":{"uri":"https://ws.parlament.ch/OData.svc/Transcript(ID=16597L,Language='DE')/Businesses"}},"ID":"16597","Language":"DE","IdSubject":"3187","VoteId":null,"PersonNumber":466,"Type":1,"Text":"<pd_text><p>Die SP-Fraktion stimmt nat\u00fcrlich der Mehrheit zu, und zwar geht es hier wieder darum, dass es in diesem Gesetz einen Grundsatz gibt. Es ist ein Rahmengesetz, aber wenn man alle Massnahmen, die darin aufgef\u00fchrt sind, als Kann-Bestimmungen formuliert, wird aus dem Rahmengesetz ein zahnloser Papiertiger. In diesem Fall geht es um eine sehr wichtige Sache, n\u00e4mlich um die Sprachenvielfalt in der Schweiz. Diese soll auch im Berufsbildungswesen gef\u00f6rdert werden. Wir sind uns sonst bei jeder Gelegenheit einig, dass diese F\u00e4higkeit in der vielsprachigen Schweiz gef\u00f6rdert werden muss.</p>\n<p>Deshalb bitte ich Sie, der Mehrheit zuzustimmen.</p>\n</pd_text>","MeetingCouncilAbbreviation":"N","MeetingDate":"20011128","MeetingVerbalixOid":865,"IdSession":"4611","SpeakerFirstName":"Anita","SpeakerLastName":"Fetz","SpeakerFullName":"Fetz Anita","SpeakerFunction":"","CouncilId":1,"CouncilName":"Nationalrat","CantonId":12,"CantonName":"Basel-Stadt","CantonAbbreviation":"BS","ParlGroupName":"Sozialdemokratische Fraktion","ParlGroupAbbreviation":"S","SortOrder":32,"Start":"\/Date(1006941630086)\/","End":"\/Date(1006941704132)\/","Function":"","DisplaySpeaker":true,"LanguageOfText":"DE","Modified":"\/Date(1774878201492)\/","StartTimeWithTimezone":"\/Date(1006941630087+0060)\/","EndTimeWithTimezone":"\/Date(1006941704133+0060)\/","VoteBusinessNumber":null,"VoteBusinessShortNumber":null,"VoteBusinessTitle":null},{"__metadata":{"id":"https://ws.parlament.ch/OData.svc/Transcript(ID=16598L,Language='DE')","uri":"https://ws.parlament.ch/OData.svc/Transcript(ID=16598L,Language='DE')","type":"itsystems.Pd.DataServices.DataModel.Transcript"},"Subjects":{"__deferred":{"uri":"https://ws.parlament.ch/OData.svc/Transcript(ID=16598L,Language='DE')/Subjects"}},"MembersCouncil":{"__deferred":{"uri":"https://ws.parlament.ch/OData.svc/Transcript(ID=16598L,Language='DE')/MembersCouncil"}},"Businesses":{"__deferred":{"uri":"https://ws.parlament.ch/OData.svc/Transcript(ID=16598L,Language='DE')/Businesses"}},"ID":"16598","Language":"DE","IdSubject":"3187","VoteId":null,"PersonNumber":303,"Type":1,"Text":"<pd_text><p>Es geht bei diesem Artikel auch um eine Kompetenzregelung zwischen Bund und Kantonen. Deshalb sollte der Bund nur subsidi\u00e4r im Falle, dass die Kantone ihrer Aufgabe nicht gerecht werden w\u00fcrden, eingreifen. F\u00f6rdern heisst tats\u00e4chlich auch bezahlen, und der Bund bezahlt ja gest\u00fctzt auf das Berufsbildungsgesetz schon einen wesentlichen Anteil. Ich glaube, die Kantone d\u00fcrfen sich auf Kosten des Bundes nicht immer wieder entlasten. Deshalb ist hier die Kann-Formulierung des Bundesrates richtig.</p>\n<p>Die FDP-Fraktion empfiehlt Ihnen, dem Minderheitsantrag, d. h. der Fassung des Bundesrates, zuzustimmen.</p>\n</pd_text>","MeetingCouncilAbbreviation":"N","MeetingDate":"20011128","MeetingVerbalixOid":865,"IdSession":"4611","SpeakerFirstName":"K\u00e4thi","SpeakerLastName":"Bangerter","SpeakerFullName":"Bangerter K\u00e4thi","SpeakerFunction":"","CouncilId":1,"CouncilName":"Nationalrat","CantonId":2,"CantonName":"Bern","CantonAbbreviation":"BE","ParlGroupName":"Freisinnig-demokratische Fraktion","ParlGroupAbbreviation":"RL","SortOrder":31,"Start":"\/Date(1006941576429)\/","End":"\/Date(1006941630086)\/","Function":"","DisplaySpeaker":true,"LanguageOfText":"DE","Modified":"\/Date(1774878201490)\/","StartTimeWithTimezone":"\/Date(1006941576430+0060)\/","EndTimeWithTimezone":"\/Date(1006941630087+0060)\/","VoteBusinessNumber":null,"VoteBusinessShortNumber":null,"VoteBusinessTitle":null},{"__metadata":{"id":"https://ws.parlament.ch/OData.svc/Transcript(ID=16599L,Language='DE')","uri":"https://ws.parlament.ch/OData.svc/Transcript(ID=16599L,Language='DE')","type":"itsystems.Pd.DataServices.DataModel.Transcript"},"Subjects":{"__deferred":{"uri":"https://ws.parlament.ch/OData.svc/Transcript(ID=16599L,Language='DE')/Subjects"}},"MembersCouncil":{"__deferred":{"uri":"https://ws.parlament.ch/OData.svc/Transcript(ID=16599L,Language='DE')/MembersCouncil"}},"Businesses":{"__deferred":{"uri":"https://ws.parlament.ch/OData.svc/Transcript(ID=16599L,Language='DE')/Businesses"}},"ID":"16599","Language":"DE","IdSubject":"3187","VoteId":null,"PersonNumber":500,"Type":1,"Text":"<pd_text><p>Das vorliegende Gesetz ist in erster Linie ein Berufsbildungsgesetz und kein Kulturgesetz. Dieses Gesetz soll in der Praxis von Praktikern verstanden und umgesetzt werden k\u00f6nnen. Der Bundesrat hat in seiner Fassung die notwendigen T\u00fcren ge\u00f6ffnet, damit die Verst\u00e4ndigung zwischen den Sprachgemeinschaften angemessen zum Zuge kommt. Mit zus\u00e4tzlichen Massnahmen wird das Fuder \u00fcberladen, nicht zuletzt auch in finanzieller Hinsicht. Ein Lehreraustausch, alleine vom Bund gef\u00f6rdert, ist ein Fremdk\u00f6rper in diesem Gesetz. Es gilt auch hier, die Priorit\u00e4ten richtig zu setzen.</p>\n<p>Die Mehrheit der SVP-Fraktion unterst\u00fctzt den Minderheitsantrag Kofmel, der der bundesr\u00e4tlichen Fassung entspricht.</p>\n</pd_text>","MeetingCouncilAbbreviation":"N","MeetingDate":"20011128","MeetingVerbalixOid":865,"IdSession":"4611","SpeakerFirstName":"Theophil","SpeakerLastName":"Pfister","SpeakerFullName":"Pfister Theophil","SpeakerFunction":"","CouncilId":1,"CouncilName":"Nationalrat","CantonId":17,"CantonName":"St. Gallen","CantonAbbreviation":"SG","ParlGroupName":"Fraktion der Schweizerischen Volkspartei","ParlGroupAbbreviation":"V","SortOrder":30,"Start":"\/Date(1006941512289)\/","End":"\/Date(1006941576429)\/","Function":"","DisplaySpeaker":true,"LanguageOfText":"DE","Modified":"\/Date(1774878201488)\/","StartTimeWithTimezone":"\/Date(1006941512290+0060)\/","EndTimeWithTimezone":"\/Date(1006941576430+0060)\/","VoteBusinessNumber":null,"VoteBusinessShortNumber":null,"VoteBusinessTitle":null},{"__metadata":{"id":"https://ws.parlament.ch/OData.svc/Transcript(ID=16600L,Language='DE')","uri":"https://ws.parlament.ch/OData.svc/Transcript(ID=16600L,Language='DE')","type":"itsystems.Pd.DataServices.DataModel.Transcript"},"Subjects":{"__deferred":{"uri":"https://ws.parlament.ch/OData.svc/Transcript(ID=16600L,Language='DE')/Subjects"}},"MembersCouncil":{"__deferred":{"uri":"https://ws.parlament.ch/OData.svc/Transcript(ID=16600L,Language='DE')/MembersCouncil"}},"Businesses":{"__deferred":{"uri":"https://ws.parlament.ch/OData.svc/Transcript(ID=16600L,Language='DE')/Businesses"}},"ID":"16600","Language":"DE","IdSubject":"3187","VoteId":null,"PersonNumber":511,"Type":1,"Text":"<pd_text><p>A l'article 6, on a voulu concr\u00e9tiser un article constitutionnel qui nous dit que dans notre pays plurilingue et pluriculturel, il est important de promouvoir la compr\u00e9hension entre les r\u00e9gions culturelles et linguistiques et, pour cela, il faut promouvoir les \u00e9changes entre les communaut\u00e9s. Si nous pensons que 70 \u00e0 80 pour cent des jeunes, c'est-\u00e0-dire une majorit\u00e9 de jeunes, entreprennent \u00e0 15 ans une formation professionnelle, il est donc tr\u00e8s important de pr\u00e9ciser dans cette loi d\u00e9di\u00e9e \u00e0 la jeunesse ces buts tr\u00e8s importants qui sont \u00e9crits dans la constitution. On ne demande pas de d\u00e9penser de l'argent. Ce n'est pas vrai, Monsieur Kofmel, qu'il y a ici un pi\u00e8ge et qu'on d\u00e9pense de l'argent. On fait d\u00e9j\u00e0 maintenant des \u00e9changes et on dit seulement qu'on encourage ces \u00e9changes. Par exemple, on parle du plurilinguisme individuel. Cela s'est d\u00e9j\u00e0 fait dans beaucoup de cantons et, dans la loi m\u00eame, nous avons voulu que les jeunes puissent avoir la possibilit\u00e9 d'apprendre une deuxi\u00e8me langue.</p>\n<p>A l'alin\u00e9a 2 lettre b, on parle des \"\u00e9changes soutenus par les cantons, les organisations du monde du travail\":</p>\n<p>Mit diesem Artikel ist also \u00fcberhaupt nicht festgeschrieben, dass wir Geld ausgeben. Wir wollen in diesem Gesetz einen wichtigen Verfassungsartikel festschreiben. Wir wollen, dass die Schulen - Sie wissen, dass 80 Prozent unserer Jugendlichen eine Berufsbildung absolvieren - weiterhin das machen, was sie schon jetzt machen. Auch mit diesem Gesetz f\u00f6rdern wir die Mehrsprachigkeit, und wir wollen, dass das, was von den Kantonen und Organisationen schon gemacht wird, auch weitergef\u00fchrt wird.</p>\n<p>Es ist also wichtig, hier der Mehrheit zuzustimmen; auch die CVP-Fraktion wird dies tun.</p>\n</pd_text>","MeetingCouncilAbbreviation":"N","MeetingDate":"20011128","MeetingVerbalixOid":865,"IdSession":"4611","SpeakerFirstName":"Chiara","SpeakerLastName":"Simoneschi","SpeakerFullName":"Simoneschi Chiara","SpeakerFunction":"","CouncilId":1,"CouncilName":"Nationalrat","CantonId":27,"CantonName":"Tessin","CantonAbbreviation":"TI","ParlGroupName":"Christlichdemokratische Fraktion","ParlGroupAbbreviation":"M-E","SortOrder":29,"Start":"\/Date(1006941316503)\/","End":"\/Date(1006941512289)\/","Function":"","DisplaySpeaker":true,"LanguageOfText":"FR","Modified":"\/Date(1774878201487)\/","StartTimeWithTimezone":"\/Date(1006941316503+0060)\/","EndTimeWithTimezone":"\/Date(1006941512290+0060)\/","VoteBusinessNumber":null,"VoteBusinessShortNumber":null,"VoteBusinessTitle":null},{"__metadata":{"id":"https://ws.parlament.ch/OData.svc/Transcript(ID=16601L,Language='DE')","uri":"https://ws.parlament.ch/OData.svc/Transcript(ID=16601L,Language='DE')","type":"itsystems.Pd.DataServices.DataModel.Transcript"},"Subjects":{"__deferred":{"uri":"https://ws.parlament.ch/OData.svc/Transcript(ID=16601L,Language='DE')/Subjects"}},"MembersCouncil":{"__deferred":{"uri":"https://ws.parlament.ch/OData.svc/Transcript(ID=16601L,Language='DE')/MembersCouncil"}},"Businesses":{"__deferred":{"uri":"https://ws.parlament.ch/OData.svc/Transcript(ID=16601L,Language='DE')/Businesses"}},"ID":"16601","Language":"DE","IdSubject":"3187","VoteId":null,"PersonNumber":335,"Type":1,"Text":"<pd_text><p>Die Minderheit schl\u00e4gt Ihnen vor, dem Bundesrat zu folgen. </p>\n<p>Es geht wieder um das Thema Ehrlichkeit, Verbindlichkeit und H\u00f6he unserer Forderungen. Der Bund schl\u00e4gt vor, dass er Massnahmen im Bereiche der Berufsbildung f\u00f6rdern kann, die der Verst\u00e4ndigung zwischen den Sprachgemeinschaften dienen. Die Mehrheit will, dass der Bund hier zwingend f\u00f6rdert. Nat\u00fcrlich ist das ein wichtiges Anliegen, aber die Minderheit will keine Ausgabenmechanismen in diesem Gesetz haben, die uns die H\u00e4nde binden. Heute mag das ein wichtiges Anliegen sein, vielleicht ist morgen ein anderes Anliegen wichtig. Die Mittel, wir wissen es alle, sind nicht unbegrenzt. Also sollten wir uns h\u00fcten, im Gesetz die Mittel sozusagen durch \"gebundene Ausgaben\" in eine bestimmte Richtung zu lenken. Es bleibt auch dabei, wenn Sie der Minderheit folgen, dass in Artikel 56 dem Bundesrat die Kompetenz gegeben ist, Massnahmen nach Artikel 6 zu finanzieren, das ist selbstredend. Wenn eine Kann-Formulierung da ist, gen\u00fcgt das auch.</p>\n<p>Ich bitte Sie, uns allen die H\u00e4nde bei den Finanzausgaben nicht jetzt schon zu binden und die etwas unverbindlichere Kann-Formulierung der Minderheit zu unterst\u00fctzen.</p>\n</pd_text>","MeetingCouncilAbbreviation":"N","MeetingDate":"20011128","MeetingVerbalixOid":865,"IdSession":"4611","SpeakerFirstName":"Peter","SpeakerLastName":"Kofmel","SpeakerFullName":"Kofmel Peter","SpeakerFunction":"","CouncilId":1,"CouncilName":"Nationalrat","CantonId":11,"CantonName":"Solothurn","CantonAbbreviation":"SO","ParlGroupName":"Freisinnig-demokratische Fraktion","ParlGroupAbbreviation":"RL","SortOrder":28,"Start":"\/Date(1006941204550)\/","End":"\/Date(1006941316503)\/","Function":"","DisplaySpeaker":true,"LanguageOfText":"DE","Modified":"\/Date(1774878201483)\/","StartTimeWithTimezone":"\/Date(1006941204550+0060)\/","EndTimeWithTimezone":"\/Date(1006941316503+0060)\/","VoteBusinessNumber":null,"VoteBusinessShortNumber":null,"VoteBusinessTitle":null},{"__metadata":{"id":"https://ws.parlament.ch/OData.svc/Transcript(ID=16602L,Language='DE')","uri":"https://ws.parlament.ch/OData.svc/Transcript(ID=16602L,Language='DE')","type":"itsystems.Pd.DataServices.DataModel.Transcript"},"Subjects":{"__deferred":{"uri":"https://ws.parlament.ch/OData.svc/Transcript(ID=16602L,Language='DE')/Subjects"}},"MembersCouncil":{"__deferred":{"uri":"https://ws.parlament.ch/OData.svc/Transcript(ID=16602L,Language='DE')/MembersCouncil"}},"Businesses":{"__deferred":{"uri":"https://ws.parlament.ch/OData.svc/Transcript(ID=16602L,Language='DE')/Businesses"}},"ID":"16602","Language":"DE","IdSubject":"3187","VoteId":null,"PersonNumber":311,"Type":1,"Text":"<pd_text><p><i>Abs. 1, 3, 4 - Al. 1, 3, 4</i></p>\n<p><i>Angenommen - Adopt\u00e9</i></p>\n<p>[VS]</p>\n<p><i>Abs. 2 - Al. 2</i></p>\n<p>[VS]</p>\n<p><i>Abstimmung - Vote</i></p>\n<p>F\u00fcr den Antrag der Mehrheit .... 81 Stimmen</p>\n<p>F\u00fcr den Antrag der Minderheit .... 56 Stimmen</p>\n<p>[VS]</p>\n<p><b>Art. 5</b></p>\n<p><i>Antrag der Kommission</i></p>\n<p>....</p>\n<p>a. die Information und Dokumentation, soweit sie von gesamtschweizerischer oder sprachregionaler Bedeutung ist;</p>\n<p>....</p>\n<p>[VS]</p>\n<p><b>Art. 5</b></p>\n<p><i>Proposition de la commission</i></p>\n<p>....</p>\n<p>a. .... national ou qui int\u00e9ressent toute une r\u00e9gion linguistique;</p>\n<p>....</p>\n<p>[VS]</p>\n<p><i>Angenommen - Adopt\u00e9</i></p>\n<p>[VS]</p>\n<p><b>Art. 6</b></p>\n<p><i>Antrag der Kommission</i></p>\n<p><i>Mehrheit</i></p>\n<p><i>Titel</i></p>\n<p>Verst\u00e4ndigung und Austausch zwischen ....</p>\n<p><i>Abs. 1</i></p>\n<p>Der Bund f\u00f6rdert Massnahmen im Bereich der Berufsbildung, welche die Verst\u00e4ndigung und den Austausch zwischen den Sprachgemeinschaften verbessern.</p>\n<p><i>Abs. 2</i></p>\n<p>Er f\u00f6rdert insbesondere:</p>\n<p>a. die individuelle Mehrsprachigkeit, namentlich durch entsprechende Anforderungen an die Unterrichtssprachen und die sprachliche Bildung der Lehrkr\u00e4fte;</p>\n<p>b. den durch die Kantone, die Organisation der Arbeitswelt oder die Unternehmen unterst\u00fctzten Austausch von Lehrenden und Lernenden zwischen den Sprachregionen.</p>\n<p>[VS]</p>\n<p><i>Minderheit</i></p>\n<p>(Kofmel, Bangerter, Kunz, Pfister Theophil, Scheurer, Wandfluh, Wittenwiler)</p>\n<p>Zustimmung zum Entwurf des Bundesrates</p>\n<p>[VS]</p>\n<p><b>Art. 6</b></p>\n<p><i>Proposition de la commission</i></p>\n<p><i>Majorit\u00e9</i></p>\n<p><i>Titre</i></p>\n<p>Compr\u00e9hension et \u00e9changes entre ....</p>\n<p><i>Al. 1</i></p>\n<p>Dans le secteur de la formation professionnelle, la Conf\u00e9d\u00e9ration encourage des mesures favorisant la compr\u00e9hension et les \u00e9changes entre les communaut\u00e9s linguistiques.</p>\n<p><i>Al. 2</i></p>\n<p>Elle encourage notamment:</p>\n<p>a. le plurilinguisme individuel, en veillant en particulier \u00e0 la diversit\u00e9 des langues d'enseignement ainsi qu'\u00e0 la formation des enseignants sur le plan linguistique;</p>\n<p>b. les \u00e9changes soutenus par les cantons, les organisations du monde du travail ou les entreprises d'enseignants et enseign\u00e9s entre les r\u00e9gions linguistiques.</p>\n<p>[VS]</p>\n<p><i>Minorit\u00e9</i></p>\n<p>(Kofmel, Bangerter, Kunz, Pfister Theophil, Scheurer, Wandfluh, Wittenwiler)</p>\n<p>Adh\u00e9rer au projet du Conseil f\u00e9d\u00e9ral</p>\n<p>[PAGE 1578] </p>\n</pd_text>","MeetingCouncilAbbreviation":"N","MeetingDate":"20011128","MeetingVerbalixOid":865,"IdSession":"4611","SpeakerFirstName":"Yves","SpeakerLastName":"Christen","SpeakerFullName":"Christen Yves","SpeakerFunction":"1VP-M","CouncilId":1,"CouncilName":"Nationalrat","CantonId":22,"CantonName":"Waadt","CantonAbbreviation":"VD","ParlGroupName":"Freisinnig-demokratische Fraktion","ParlGroupAbbreviation":"RL","SortOrder":27,"Start":"\/Date(1006941126706)\/","End":"\/Date(1006941204550)\/","Function":"","DisplaySpeaker":false,"LanguageOfText":null,"Modified":"\/Date(1774878201482)\/","StartTimeWithTimezone":"\/Date(1006941126707+0060)\/","EndTimeWithTimezone":"\/Date(1006941204550+0060)\/","VoteBusinessNumber":null,"VoteBusinessShortNumber":null,"VoteBusinessTitle":null},{"__metadata":{"id":"https://ws.parlament.ch/OData.svc/Transcript(ID=16603L,Language='DE')","uri":"https://ws.parlament.ch/OData.svc/Transcript(ID=16603L,Language='DE')","type":"itsystems.Pd.DataServices.DataModel.Transcript"},"Subjects":{"__deferred":{"uri":"https://ws.parlament.ch/OData.svc/Transcript(ID=16603L,Language='DE')/Subjects"}},"MembersCouncil":{"__deferred":{"uri":"https://ws.parlament.ch/OData.svc/Transcript(ID=16603L,Language='DE')/MembersCouncil"}},"Businesses":{"__deferred":{"uri":"https://ws.parlament.ch/OData.svc/Transcript(ID=16603L,Language='DE')/Businesses"}},"ID":"16603","Language":"DE","IdSubject":"3187","VoteId":null,"PersonNumber":50,"Type":1,"Text":"<pd_text><p>Je crois qu'il ne faut pas faire des combats de tranch\u00e9es l\u00e0 o\u00f9 ce n'est pas n\u00e9cessaire. La Conf\u00e9d\u00e9ration, ici, ne vise pas \u00e0 prendre une place d\u00e9mesur\u00e9e dans la formation professionnelle. Nous avons bien suffisamment de t\u00e2ches sans prendre des t\u00e2ches que d'autres pourraient assumer! Mais nous sommes en train de discuter une loi, qui est une loi-cadre, une loi dont nous souhaitons qu'elle ait une dur\u00e9e de vie importante. C'est donc pour dix, quinze ans que nous l\u00e9gif\u00e9rons maintenant. Il faut laisser un certain nombre d'ouvertures possibles pour permettre \u00e0 la politique en mati\u00e8re de formation professionnelle de s'adapter. Il s'agit, ici, non pas d'une d\u00e9cision qui entra\u00eenerait des cons\u00e9quences financi\u00e8res importantes, mais d'une d\u00e9cision qui permet \u00e0 la Conf\u00e9d\u00e9ration, en certaines circonstances, de prendre une initiative qui est n\u00e9cessaire et qui, sans intervention de la Conf\u00e9d\u00e9ration, ne serait pas prise, au grand dommage de la formation professionnelle.</p>\n<p>Je vous invite donc \u00e0 approuver la version du Conseil f\u00e9d\u00e9ral, soutenue par la majorit\u00e9 de la commission et \u00e0 laisser cette possibilit\u00e9 d'action \u00e0 la Conf\u00e9d\u00e9ration dans des circonstances que, peut-\u00eatre aujourd'hui, on ne peut pas d\u00e9crire mais qui certainement interviendront dans les dix ou quinze ans de dur\u00e9e d'existence de cette loi.</p>\n</pd_text>","MeetingCouncilAbbreviation":"N","MeetingDate":"20011128","MeetingVerbalixOid":865,"IdSession":"4611","SpeakerFirstName":"Pascal","SpeakerLastName":"Couchepin","SpeakerFullName":"Couchepin Pascal","SpeakerFunction":"BR-M","CouncilId":99,"CouncilName":"Bundesrat","CantonId":23,"CantonName":"Wallis","CantonAbbreviation":"VS","ParlGroupName":null,"ParlGroupAbbreviation":null,"SortOrder":26,"Start":"\/Date(1006941029175)\/","End":"\/Date(1006941126706)\/","Function":"","DisplaySpeaker":true,"LanguageOfText":"FR","Modified":"\/Date(1774878201480)\/","StartTimeWithTimezone":"\/Date(1006941029177+0060)\/","EndTimeWithTimezone":"\/Date(1006941126707+0060)\/","VoteBusinessNumber":null,"VoteBusinessShortNumber":null,"VoteBusinessTitle":null},{"__metadata":{"id":"https://ws.parlament.ch/OData.svc/Transcript(ID=16604L,Language='DE')","uri":"https://ws.parlament.ch/OData.svc/Transcript(ID=16604L,Language='DE')","type":"itsystems.Pd.DataServices.DataModel.Transcript"},"Subjects":{"__deferred":{"uri":"https://ws.parlament.ch/OData.svc/Transcript(ID=16604L,Language='DE')/Subjects"}},"MembersCouncil":{"__deferred":{"uri":"https://ws.parlament.ch/OData.svc/Transcript(ID=16604L,Language='DE')/MembersCouncil"}},"Businesses":{"__deferred":{"uri":"https://ws.parlament.ch/OData.svc/Transcript(ID=16604L,Language='DE')/Businesses"}},"ID":"16604","Language":"DE","IdSubject":"3187","VoteId":null,"PersonNumber":459,"Type":1,"Text":"<pd_text><p>Je crois que les exp\u00e9riences pass\u00e9es ont montr\u00e9 quand m\u00eame qu'il \u00e9tait important de garder \u00e0 la Conf\u00e9d\u00e9ration un r\u00f4le de pilote dans la formation. Nous ne devons pas lui enlever les possibilit\u00e9s de garantir une harmonie de conditions selon les diff\u00e9rentes r\u00e9gions du pays. La formulation qui vous est propos\u00e9e par la majorit\u00e9 de la commission garde aux cantons et aux organisations professionnelles un r\u00f4le important puisqu'il est dit que ce serait \"d'entente avec les cantons et les organisations concern\u00e9es du monde du travail\", que la Conf\u00e9d\u00e9ration pourrait \"d\u00e9roger temporairement aux dispositions de la pr\u00e9sente loi\".</p>\n<p>En cons\u00e9quence, je vous recommande de soutenir la proposition de la majorit\u00e9 de la commission.</p>\n</pd_text>","MeetingCouncilAbbreviation":"N","MeetingDate":"20011128","MeetingVerbalixOid":865,"IdSession":"4611","SpeakerFirstName":"Marlyse","SpeakerLastName":"Dormond","SpeakerFullName":"Dormond Marlyse","SpeakerFunction":"","CouncilId":1,"CouncilName":"Nationalrat","CantonId":22,"CantonName":"Waadt","CantonAbbreviation":"VD","ParlGroupName":"Sozialdemokratische Fraktion","ParlGroupAbbreviation":"S","SortOrder":25,"Start":"\/Date(1006940974565)\/","End":"\/Date(1006941029175)\/","Function":"*","DisplaySpeaker":true,"LanguageOfText":"FR","Modified":"\/Date(1774878201479)\/","StartTimeWithTimezone":"\/Date(1006940974567+0060)\/","EndTimeWithTimezone":"\/Date(1006941029177+0060)\/","VoteBusinessNumber":null,"VoteBusinessShortNumber":null,"VoteBusinessTitle":null},{"__metadata":{"id":"https://ws.parlament.ch/OData.svc/Transcript(ID=16605L,Language='DE')","uri":"https://ws.parlament.ch/OData.svc/Transcript(ID=16605L,Language='DE')","type":"itsystems.Pd.DataServices.DataModel.Transcript"},"Subjects":{"__deferred":{"uri":"https://ws.parlament.ch/OData.svc/Transcript(ID=16605L,Language='DE')/Subjects"}},"MembersCouncil":{"__deferred":{"uri":"https://ws.parlament.ch/OData.svc/Transcript(ID=16605L,Language='DE')/MembersCouncil"}},"Businesses":{"__deferred":{"uri":"https://ws.parlament.ch/OData.svc/Transcript(ID=16605L,Language='DE')/Businesses"}},"ID":"16605","Language":"DE","IdSubject":"3187","VoteId":null,"PersonNumber":466,"Type":1,"Text":"<pd_text><p>Herr Triponez, ich k\u00f6nnte auch sagen, Artikel 3 k\u00f6nne man so laufen lassen. Aber ich w\u00fcrde vorher gerne von Ihnen h\u00f6ren, ob Sie Ihre Antr\u00e4ge zu den Artikeln 13 und 14, die diesen Kompromiss wirklich gef\u00e4hrden, zur\u00fcckziehen.</p>\n</pd_text>","MeetingCouncilAbbreviation":"N","MeetingDate":"20011128","MeetingVerbalixOid":865,"IdSession":"4611","SpeakerFirstName":"Anita","SpeakerLastName":"Fetz","SpeakerFullName":"Fetz Anita","SpeakerFunction":"","CouncilId":1,"CouncilName":"Nationalrat","CantonId":12,"CantonName":"Basel-Stadt","CantonAbbreviation":"BS","ParlGroupName":"Sozialdemokratische Fraktion","ParlGroupAbbreviation":"S","SortOrder":12,"Start":"\/Date(1006940136471)\/","End":"\/Date(1006940167159)\/","Function":"","DisplaySpeaker":true,"LanguageOfText":"DE","Modified":"\/Date(1774878201457)\/","StartTimeWithTimezone":"\/Date(1006940136470+0060)\/","EndTimeWithTimezone":"\/Date(1006940167160+0060)\/","VoteBusinessNumber":null,"VoteBusinessShortNumber":null,"VoteBusinessTitle":null},{"__metadata":{"id":"https://ws.parlament.ch/OData.svc/Transcript(ID=16606L,Language='DE')","uri":"https://ws.parlament.ch/OData.svc/Transcript(ID=16606L,Language='DE')","type":"itsystems.Pd.DataServices.DataModel.Transcript"},"Subjects":{"__deferred":{"uri":"https://ws.parlament.ch/OData.svc/Transcript(ID=16606L,Language='DE')/Subjects"}},"MembersCouncil":{"__deferred":{"uri":"https://ws.parlament.ch/OData.svc/Transcript(ID=16606L,Language='DE')/MembersCouncil"}},"Businesses":{"__deferred":{"uri":"https://ws.parlament.ch/OData.svc/Transcript(ID=16606L,Language='DE')/Businesses"}},"ID":"16606","Language":"DE","IdSubject":"3187","VoteId":null,"PersonNumber":516,"Type":1,"Text":"<pd_text><p>Mit dem neuen Berufsbildungsgesetz wollen der Bundesrat und die vorberatende Kommission, wie dies in Artikel 3 eindr\u00fccklich stipuliert wird, ein Berufsbildungssystem f\u00f6rdern, das neben der individuellen Entfaltung und St\u00e4rkung der Arbeitsmarktf\u00e4higkeit des Einzelnen auch die Wettbewerbsf\u00e4higkeit der Betriebe insgesamt steigern will. Ich begr\u00fcsse diese Formulierung ausdr\u00fccklich, und ich erachte sie f\u00fcr unsere Wirtschaft als unabdingbar. Gut ausgebildeter Berufsnachwuchs ist ein wesentlicher Faktor, um die Wettbewerbsf\u00e4higkeit unserer Betriebe zu erhalten und zu steigern. Es ist deshalb auch richtig, dass die \u00f6ffentliche Hand ihren Beitrag leisten will, wie sie dies \u00fcbrigens auch in der Vergangenheit getan hat.</p>\n<p>Mit meinem Antrag m\u00f6chte ich das keineswegs infrage stellen, sondern noch einen weiteren Aspekt einbringen, der meines Erachtens auch hierher geh\u00f6rt, n\u00e4mlich die internationale Dimension. Mit meinem Antrag und - ich m\u00f6chte das hier betonen - auch mit s\u00e4mtlichen folgenden Antr\u00e4gen will ich in keiner Art und Weise den in der Eintretensdebatte mehrfach erw\u00e4hnten Kompromiss gef\u00e4hrden, dem ich im \u00dcbrigen voll und ganz zustimme und den ich sogar zu schmieden mitgeholfen habe, ganz im Gegenteil: Ich m\u00f6chte diesen Kompromiss noch festigen. Die kritischen Bemerkungen wegen meinen verschiedenen Einzelantr\u00e4gen, die gestern an diesem Pult ge\u00e4ussert worden sind, muss ich deshalb zur\u00fcckweisen. Als Direktor des Schweizerischen Gewerbeverbandes, in welchem immerhin 250 Branchen und Betriebe zusammengefasst sind, in denen 70 Prozent all unserer Lehrlinge ausgebildet werden, muss ich einige Antr\u00e4ge stellen d\u00fcrfen, ohne mir den Vorwurf zuzuziehen, ich stelle die - ich betone es nochmals - hervorragende Arbeit der vorberatenden Kommission oder sogar den Kompromiss infrage.</p>\n<p>Ich schlage also eine \u00c4nderung von Artikel 3 Buchstabe b vor, und zwar eine Erg\u00e4nzung, n\u00e4mlich die Worte \"und sich auch international bew\u00e4hrt\". Die Berufsbildung und die Berufsausbildung haben schon bisher an den Landesgrenzen nicht Halt gemacht, und die kommende Freiz\u00fcgigkeit wird diesen Trend noch verst\u00e4rken. Unser Berufsbildungssystem muss sich deshalb auch international bew\u00e4hren. Dies sollte auch in der Zielsetzung des Gesetzestextes zum Ausdruck kommen.</p>\n<p>Sie alle kennen die internationalen Berufswettbewerbe, die so genannten IBW, an denen junge Schweizer Berufsleute seit 50 Jahren regelm\u00e4ssig und mit viel Erfolg teilnehmen. 1997 war der Austragungsort in der Schweiz, in diesem Jahr beispielsweise in S\u00fcdkorea, von wo ein grosses Schweizer Team mit grossem Erfolg und vielen Auszeichnungen wieder zur\u00fcckgekehrt ist.</p>\n<p>Im Jahre 2003 werden diese Meisterschaften wieder in der Schweiz stattfinden. Wir k\u00f6nnen unserem Schweizer Publikum, aber auch den voraussichtlich etwa 30 bis 35 anderen Teilnehmerl\u00e4ndern unser Berufsbildungssystem pr\u00e4sentieren. Dies ist also eine gute Gelegenheit, das Image der Berufslehre und generell die Wettbewerbsf\u00e4higkeit unseres Systems auch international unter Beweis zu stellen. Bund und Kantone haben diese Meisterschaften bisher unterst\u00fctzt. Sie sind in der geltenden Berufsbildungsverordnung sogar explizit erw\u00e4hnt. Der vorliegende Gesetzentwurf geht auf diese internationale Dimension nirgends ein. Das st\u00f6rt mich eben.</p>\n<p>Ich bitte Sie deshalb, diesem Antrag, der den Kompromiss nirgends tangiert, der aber zur St\u00e4rkung unseres Berufsbildungssystems beitr\u00e4gt, im Interesse unseres beruflichen Nachwuchses liegt und die Motivation unserer Jugendlichen noch steigern wird, zuzustimmen.</p>\n</pd_text>","MeetingCouncilAbbreviation":"N","MeetingDate":"20011128","MeetingVerbalixOid":865,"IdSession":"4611","SpeakerFirstName":"Pierre","SpeakerLastName":"Triponez","SpeakerFullName":"Triponez Pierre","SpeakerFunction":"","CouncilId":1,"CouncilName":"Nationalrat","CantonId":2,"CantonName":"Bern","CantonAbbreviation":"BE","ParlGroupName":"Freisinnig-demokratische Fraktion","ParlGroupAbbreviation":"RL","SortOrder":11,"Start":"\/Date(1006939848791)\/","End":"\/Date(1006940136471)\/","Function":"","DisplaySpeaker":true,"LanguageOfText":"DE","Modified":"\/Date(1774878201456)\/","StartTimeWithTimezone":"\/Date(1006939848790+0060)\/","EndTimeWithTimezone":"\/Date(1006940136470+0060)\/","VoteBusinessNumber":null,"VoteBusinessShortNumber":null,"VoteBusinessTitle":null},{"__metadata":{"id":"https://ws.parlament.ch/OData.svc/Transcript(ID=16607L,Language='DE')","uri":"https://ws.parlament.ch/OData.svc/Transcript(ID=16607L,Language='DE')","type":"itsystems.Pd.DataServices.DataModel.Transcript"},"Subjects":{"__deferred":{"uri":"https://ws.parlament.ch/OData.svc/Transcript(ID=16607L,Language='DE')/Subjects"}},"MembersCouncil":{"__deferred":{"uri":"https://ws.parlament.ch/OData.svc/Transcript(ID=16607L,Language='DE')/MembersCouncil"}},"Businesses":{"__deferred":{"uri":"https://ws.parlament.ch/OData.svc/Transcript(ID=16607L,Language='DE')/Businesses"}},"ID":"16607","Language":"DE","IdSubject":"3187","VoteId":null,"PersonNumber":311,"Type":1,"Text":"<pd_text><p><i>Abstimmung - Vote</i></p>\n<p>F\u00fcr den Antrag der Mehrheit .... 83 Stimmen</p>\n<p>F\u00fcr den Antrag der Minderheit .... 48 Stimmen</p>\n<p>[VS]</p>\n<p><b>Art. 2</b></p>\n<p><i>Antrag der Kommission</i></p>\n<p><i>Abs. 1</i></p>\n<p>Zustimmung zum Entwurf des Bundesrates</p>\n<p><i>Abs. 1bis</i></p>\n<p>Es regelt die Berufs-, Studien- und Laufbahnberatung. [PAGE 1575] </p>\n<p><i>Abs. 2</i></p>\n<p>Zustimmung zum Entwurf des Bundesrates</p>\n<p><i>Abs. 3</i></p>\n<p>Der Bundesrat kann im Einvernehmen mit den Kantonen einzelne ....</p>\n<p><i>Abs. 4</i></p>\n<p>Streichen</p>\n<p>[VS]</p>\n<p><b>Art. 2</b></p>\n<p><i>Proposition de la commission</i></p>\n<p><i>Al. 1</i></p>\n<p>Adh\u00e9rer au projet du Conseil f\u00e9d\u00e9ral</p>\n<p><i>Al. 1bis</i></p>\n<p>Elle r\u00e8gle l'orientation professionnelle, universitaire et de carri\u00e8re.</p>\n<p><i>Al. 2</i></p>\n<p>Adh\u00e9rer au projet du Conseil f\u00e9d\u00e9ral</p>\n<p><i>Al. 3</i></p>\n<p>Le Conseil f\u00e9d\u00e9ral peut, d'entente avec les cantons, exclure ....</p>\n<p><i>Al. 4</i></p>\n<p>Biffer</p>\n<p>[VS]</p>\n<p><i>Angenommen - Adopt\u00e9</i></p>\n<p>[VS]</p>\n<p><b>Art. 3</b></p>\n<p><i>Antrag der Kommission</i></p>\n<p>....</p>\n<p>c. .... Hinsicht, die tats\u00e4chliche Gleichstellung von Frau und Mann sowie von behinderten und nicht behinderten Menschen in der Berufsbildung;</p>\n<p>....</p>\n<p>[VS]</p>\n<p><i>Antrag Triponez</i></p>\n<p>....</p>\n<p>b. ein Berufsbildungssystem, das der Wettbewerbsf\u00e4higkeit der Betriebe dient und sich auch international bew\u00e4hrt;</p>\n<p>c. .... Hinsicht, die tats\u00e4chliche Gleichstellung von Frau und Mann sowie von behinderten und nicht behinderten Menschen in der Berufsbildung;</p>\n<p>....</p>\n<p>[VS]</p>\n<p><b>Art. 3</b></p>\n<p><i>Proposition de la commission</i></p>\n<p>....</p>\n<p>c. .... r\u00e9gionale, l'\u00e9galit\u00e9 effective entre les sexes ainsi que de personnes handicap\u00e9es et non handicap\u00e9es dans le cadre de la formation professionnelle;</p>\n<p>....</p>\n<p>[VS]</p>\n<p><i>Proposition Triponez</i></p>\n<p>....</p>\n<p>b. un syst\u00e8me de formation professionnelle servant la comp\u00e9titivit\u00e9 des entreprises et soutenant la comparaison sur le plan international;</p>\n<p>c. .... r\u00e9gionale, l'\u00e9galit\u00e9 effective entre les sexes ainsi que de personnes handicap\u00e9es et non handicap\u00e9es dans le cadre de la formation professionnelle;</p>\n<p>....</p>\n</pd_text>","MeetingCouncilAbbreviation":"N","MeetingDate":"20011128","MeetingVerbalixOid":865,"IdSession":"4611","SpeakerFirstName":"Yves","SpeakerLastName":"Christen","SpeakerFullName":"Christen Yves","SpeakerFunction":"1VP-M","CouncilId":1,"CouncilName":"Nationalrat","CantonId":22,"CantonName":"Waadt","CantonAbbreviation":"VD","ParlGroupName":"Freisinnig-demokratische Fraktion","ParlGroupAbbreviation":"RL","SortOrder":10,"Start":"\/Date(1006939758416)\/","End":"\/Date(1006939848791)\/","Function":"","DisplaySpeaker":false,"LanguageOfText":null,"Modified":"\/Date(1774878201453)\/","StartTimeWithTimezone":"\/Date(1006939758417+0060)\/","EndTimeWithTimezone":"\/Date(1006939848790+0060)\/","VoteBusinessNumber":null,"VoteBusinessShortNumber":null,"VoteBusinessTitle":null},{"__metadata":{"id":"https://ws.parlament.ch/OData.svc/Transcript(ID=16608L,Language='DE')","uri":"https://ws.parlament.ch/OData.svc/Transcript(ID=16608L,Language='DE')","type":"itsystems.Pd.DataServices.DataModel.Transcript"},"Subjects":{"__deferred":{"uri":"https://ws.parlament.ch/OData.svc/Transcript(ID=16608L,Language='DE')/Subjects"}},"MembersCouncil":{"__deferred":{"uri":"https://ws.parlament.ch/OData.svc/Transcript(ID=16608L,Language='DE')/MembersCouncil"}},"Businesses":{"__deferred":{"uri":"https://ws.parlament.ch/OData.svc/Transcript(ID=16608L,Language='DE')/Businesses"}},"ID":"16608","Language":"DE","IdSubject":"3187","VoteId":null,"PersonNumber":50,"Type":1,"Text":"<pd_text><p>Nous vous demandons de refuser la proposition de minorit\u00e9 Fetz. Nous partageons avec elle le souci de mettre \u00e0 disposition des jeunes suffisamment de places d'apprentissage, mais je crois que c'est une t\u00e2che qui est commune \u00e0 la Conf\u00e9d\u00e9ration, \u00e0 l'\u00e9conomie priv\u00e9e, aux cantons aussi. Fixer dans la loi l'obligation pour la Conf\u00e9d\u00e9ration de mettre suffisamment de places d'apprentissage partout et en tout temps est quelque chose d'exag\u00e9r\u00e9. Si on venait \u00e0 accepter la proposition de minorit\u00e9 Fetz, il y aurait en plus des probl\u00e8mes d'interpr\u00e9tation. Que signifie \"veillent \u00e0 assurer une offre\"? Est-ce que cela signifie que chacun a le droit de trouver dans tous les secteurs des places d'apprentissage \u00e0 10, 20 ou 30 kilom\u00e8tres de son domicile? Dans un domaine parent, le domaine du travail convenable, dans le cadre de l'assurance-ch\u00f4mage, on a eu \u00e0 d\u00e9velopper toute une jurisprudence, ce qui a provoqu\u00e9 de grands d\u00e9bats politiques, pour savoir ce qu'est un travail convenable, notamment en fonction du salaire - ici, le probl\u00e8me ne se pose pas -, mais en fonction de la distance aussi. Et si on imposait \u00e0 la Conf\u00e9d\u00e9ration une r\u00e8gle aussi stricte que celle propos\u00e9e par Mme Fetz, je crois qu'on provoquerait plus de probl\u00e8mes et qu'on serait oblig\u00e9 de mettre sur pied toute une machine administrative pour r\u00e9pondre \u00e0 un nombre de cas limit\u00e9, notre volont\u00e9 \u00e9tant, comme celle de Mme Fetz, de trouver des solutions pour que les jeunes aient des places d'apprentissage en suffisance. Mais introduire l'obligation cr\u00e9erait un droit subjectif de la part des apprentis ou de leurs parents, qui ne serait probablement pas r\u00e9alisable de la part de la Conf\u00e9d\u00e9ration.</p>\n</pd_text>","MeetingCouncilAbbreviation":"N","MeetingDate":"20011128","MeetingVerbalixOid":865,"IdSession":"4611","SpeakerFirstName":"Pascal","SpeakerLastName":"Couchepin","SpeakerFullName":"Couchepin Pascal","SpeakerFunction":"BR-M","CouncilId":99,"CouncilName":"Bundesrat","CantonId":23,"CantonName":"Wallis","CantonAbbreviation":"VS","ParlGroupName":null,"ParlGroupAbbreviation":null,"SortOrder":9,"Start":"\/Date(1006939641603)\/","End":"\/Date(1006939758416)\/","Function":"","DisplaySpeaker":true,"LanguageOfText":"FR","Modified":"\/Date(1774878201451)\/","StartTimeWithTimezone":"\/Date(1006939641603+0060)\/","EndTimeWithTimezone":"\/Date(1006939758417+0060)\/","VoteBusinessNumber":null,"VoteBusinessShortNumber":null,"VoteBusinessTitle":null},{"__metadata":{"id":"https://ws.parlament.ch/OData.svc/Transcript(ID=16609L,Language='DE')","uri":"https://ws.parlament.ch/OData.svc/Transcript(ID=16609L,Language='DE')","type":"itsystems.Pd.DataServices.DataModel.Transcript"},"Subjects":{"__deferred":{"uri":"https://ws.parlament.ch/OData.svc/Transcript(ID=16609L,Language='DE')/Subjects"}},"MembersCouncil":{"__deferred":{"uri":"https://ws.parlament.ch/OData.svc/Transcript(ID=16609L,Language='DE')/MembersCouncil"}},"Businesses":{"__deferred":{"uri":"https://ws.parlament.ch/OData.svc/Transcript(ID=16609L,Language='DE')/Businesses"}},"ID":"16609","Language":"DE","IdSubject":"3187","VoteId":null,"PersonNumber":459,"Type":1,"Text":"<pd_text><p>Comme il vient de vous \u00eatre dit, la commission a beaucoup discut\u00e9 de ce sujet. En fait, la diff\u00e9rence entre la majorit\u00e9 de la commission et la minorit\u00e9 repose sur les termes. L'objectif est le m\u00eame, mais la majorit\u00e9 de la commission s'attache \u00e0 la formule \"dans la mesure du possible\", donc qui est moins contraignante. La minorit\u00e9 de la commission, dont je fais partie, elle, estime n\u00e9cessaire et m\u00eame absolument indispensable de faire un pas de plus dans le sens de l'initiative parlementaire 96.432, \"Augmentation du nombre de places d'apprentissage. Incitation\", et de donner un peu plus de volont\u00e9 au principe qui vous est pr\u00e9sent\u00e9 \u00e0 cet article. Le but poursuivi est le m\u00eame, simplement, la volont\u00e9 pour y parvenir est un peu diff\u00e9rente.</p>\n<p>Cette minorit\u00e9 \u00e9tait quand m\u00eame assez forte en commission puisqu'elle \u00e9tait de 8 voix, contre 12 qui ont rejet\u00e9 cette formulation. Personnellement, vous comprendrez que moi, je soutiendrai la minorit\u00e9.</p>\n</pd_text>","MeetingCouncilAbbreviation":"N","MeetingDate":"20011128","MeetingVerbalixOid":865,"IdSession":"4611","SpeakerFirstName":"Marlyse","SpeakerLastName":"Dormond","SpeakerFullName":"Dormond Marlyse","SpeakerFunction":"","CouncilId":1,"CouncilName":"Nationalrat","CantonId":22,"CantonName":"Waadt","CantonAbbreviation":"VD","ParlGroupName":"Sozialdemokratische Fraktion","ParlGroupAbbreviation":"S","SortOrder":8,"Start":"\/Date(1006939561322)\/","End":"\/Date(1006939641603)\/","Function":"*","DisplaySpeaker":true,"LanguageOfText":"FR","Modified":"\/Date(1774878201449)\/","StartTimeWithTimezone":"\/Date(1006939561323+0060)\/","EndTimeWithTimezone":"\/Date(1006939641603+0060)\/","VoteBusinessNumber":null,"VoteBusinessShortNumber":null,"VoteBusinessTitle":null},{"__metadata":{"id":"https://ws.parlament.ch/OData.svc/Transcript(ID=16610L,Language='DE')","uri":"https://ws.parlament.ch/OData.svc/Transcript(ID=16610L,Language='DE')","type":"itsystems.Pd.DataServices.DataModel.Transcript"},"Subjects":{"__deferred":{"uri":"https://ws.parlament.ch/OData.svc/Transcript(ID=16610L,Language='DE')/Subjects"}},"MembersCouncil":{"__deferred":{"uri":"https://ws.parlament.ch/OData.svc/Transcript(ID=16610L,Language='DE')/MembersCouncil"}},"Businesses":{"__deferred":{"uri":"https://ws.parlament.ch/OData.svc/Transcript(ID=16610L,Language='DE')/Businesses"}},"ID":"16610","Language":"DE","IdSubject":"3187","VoteId":null,"PersonNumber":346,"Type":1,"Text":"<pd_text><p>Die Kommission hat das Anliegen der Lehrstellen-Initiative sehr ernst genommen und hat hier versucht, eine Br\u00fccke zu bauen. Ein Br\u00fccke zu bauen, indem sie dem bundesr\u00e4tlichen Entwurf einen Absatz angef\u00fcgt hat, mit welchem ein gen\u00fcgendes Angebot im Bereich der Berufsbildung, insbesondere in zukunftsf\u00e4higen Berufsfeldern, angestrebt wird. In der Kommission wurde auch von Kollegen und Kolleginnen, die selber Lehrlinge betreuen, deutlich zum Ausdruck gebracht, dass die Lehrlingsausbildung nicht auf eine Befehlsbasis, auf eine rein materielle und finanzielle Basis reduziert werden darf. Das ganz wesentliche Anliegen der Leute, die Junge im Lehrbetrieb ausbilden, ist eine soziale Verantwortung. Diese soziale Verantwortung der Nachwuchsbildung hat Tradition in unserem Land. Es z\u00e4hlt zu den Aspekten der Anerkennung, die ein Unternehmen erf\u00e4hrt, wenn es junge Leute ausbildet, wenn es jungen Leuten hilft, vom Jugendlichen zum Erwachsenen zu werden. Darum hat die Kommission mit 12 zu 8 Stimmen den Antrag der versch\u00e4rften Formulierung, \"Sie sorgen f\u00fcr ein gen\u00fcgendes Angebot\", abgelehnt.</p>\n<p>Die Kommission empfiehlt Ihnen, die Mehrheit zu unterst\u00fctzen.</p>\n</pd_text>","MeetingCouncilAbbreviation":"N","MeetingDate":"20011128","MeetingVerbalixOid":865,"IdSession":"4611","SpeakerFirstName":"Johannes","SpeakerLastName":"Randegger","SpeakerFullName":"Randegger Johannes","SpeakerFunction":"","CouncilId":1,"CouncilName":"Nationalrat","CantonId":12,"CantonName":"Basel-Stadt","CantonAbbreviation":"BS","ParlGroupName":"Freisinnig-demokratische Fraktion","ParlGroupAbbreviation":"RL","SortOrder":7,"Start":"\/Date(1006939435828)\/","End":"\/Date(1006939561322)\/","Function":"*","DisplaySpeaker":true,"LanguageOfText":"DE","Modified":"\/Date(1774878201448)\/","StartTimeWithTimezone":"\/Date(1006939435827+0060)\/","EndTimeWithTimezone":"\/Date(1006939561323+0060)\/","VoteBusinessNumber":null,"VoteBusinessShortNumber":null,"VoteBusinessTitle":null},{"__metadata":{"id":"https://ws.parlament.ch/OData.svc/Transcript(ID=16611L,Language='DE')","uri":"https://ws.parlament.ch/OData.svc/Transcript(ID=16611L,Language='DE')","type":"itsystems.Pd.DataServices.DataModel.Transcript"},"Subjects":{"__deferred":{"uri":"https://ws.parlament.ch/OData.svc/Transcript(ID=16611L,Language='DE')/Subjects"}},"MembersCouncil":{"__deferred":{"uri":"https://ws.parlament.ch/OData.svc/Transcript(ID=16611L,Language='DE')/MembersCouncil"}},"Businesses":{"__deferred":{"uri":"https://ws.parlament.ch/OData.svc/Transcript(ID=16611L,Language='DE')/Businesses"}},"ID":"16611","Language":"DE","IdSubject":"3187","VoteId":null,"PersonNumber":311,"Type":1,"Text":"<pd_text><p>Le groupe lib\u00e9ral annonce qu'il se rallie \u00e0 la majorit\u00e9.</p>\n</pd_text>","MeetingCouncilAbbreviation":"N","MeetingDate":"20011128","MeetingVerbalixOid":865,"IdSession":"4611","SpeakerFirstName":"Yves","SpeakerLastName":"Christen","SpeakerFullName":"Christen Yves","SpeakerFunction":"1VP-M","CouncilId":1,"CouncilName":"Nationalrat","CantonId":22,"CantonName":"Waadt","CantonAbbreviation":"VD","ParlGroupName":"Freisinnig-demokratische Fraktion","ParlGroupAbbreviation":"RL","SortOrder":6,"Start":"\/Date(1006939431734)\/","End":"\/Date(1006939435828)\/","Function":"","DisplaySpeaker":true,"LanguageOfText":"FR","Modified":"\/Date(1774878201446)\/","StartTimeWithTimezone":"\/Date(1006939431733+0060)\/","EndTimeWithTimezone":"\/Date(1006939435827+0060)\/","VoteBusinessNumber":null,"VoteBusinessShortNumber":null,"VoteBusinessTitle":null},{"__metadata":{"id":"https://ws.parlament.ch/OData.svc/Transcript(ID=16612L,Language='DE')","uri":"https://ws.parlament.ch/OData.svc/Transcript(ID=16612L,Language='DE')","type":"itsystems.Pd.DataServices.DataModel.Transcript"},"Subjects":{"__deferred":{"uri":"https://ws.parlament.ch/OData.svc/Transcript(ID=16612L,Language='DE')/Subjects"}},"MembersCouncil":{"__deferred":{"uri":"https://ws.parlament.ch/OData.svc/Transcript(ID=16612L,Language='DE')/MembersCouncil"}},"Businesses":{"__deferred":{"uri":"https://ws.parlament.ch/OData.svc/Transcript(ID=16612L,Language='DE')/Businesses"}},"ID":"16612","Language":"DE","IdSubject":"3187","VoteId":null,"PersonNumber":335,"Type":1,"Text":"<pd_text><p>Die FDP-Fraktion empfiehlt Ihnen ebenfalls, der Mehrheit zuzustimmen.</p>\n<p>Wir haben gestern gesagt, dass wir in der Detailberatung nur ehrliche, verpflichtende Kompetenzen f\u00fcr die Akteure in der Berufsbildung schaffen wollen, insbesondere auch f\u00fcr den Bund. Die Kompetenz, wie sie die Minderheit will, ist keine ehrliche Kompetenz, denn sie ist so nicht umsetzbar. Es kann nicht sein, dass Bund, Kantone und Organisationen der Arbeitswelt gemeinsam verpflichtet werden, irgendein exaktes Angebot bereitzustellen, das der Nachfrage entspr\u00e4che.</p>\n<p>Das Gesetz beruht auf einer anderen Basis. Es geht davon aus, dass sich diese Akteure zusammenraufen und gemeinsam anstreben, wie es die Mehrheit formuliert, \"ein gen\u00fcgendes Angebot im Bereich der Berufsbildung\" bereitzustellen. Alles, was dar\u00fcber hinausgeht, ist nicht ehrlich.</p>\n<p>Die Lehrstellen-Initiative, die wir heute oder sp\u00e4ter behandeln werden, will nat\u00fcrlich weiter gehen und schl\u00e4gt eine sehr etatistisch-zentralistische Richtung ein. Ich denke nicht, dass sich die FDP-Fraktion von dieser Volksinitiative, so sympathisch sie klingt, erpressen oder n\u00f6tigen l\u00e4sst.</p>\n<p>Ich bitte Sie, im Sinne eines ehrlichen Gesetzes, das dann wirklich auch umgesetzt werden kann, der Mehrheit zuzustimmen.</p>\n</pd_text>","MeetingCouncilAbbreviation":"N","MeetingDate":"20011128","MeetingVerbalixOid":865,"IdSession":"4611","SpeakerFirstName":"Peter","SpeakerLastName":"Kofmel","SpeakerFullName":"Kofmel Peter","SpeakerFunction":"","CouncilId":1,"CouncilName":"Nationalrat","CantonId":11,"CantonName":"Solothurn","CantonAbbreviation":"SO","ParlGroupName":"Freisinnig-demokratische Fraktion","ParlGroupAbbreviation":"RL","SortOrder":5,"Start":"\/Date(1006939318250)\/","End":"\/Date(1006939431734)\/","Function":"","DisplaySpeaker":true,"LanguageOfText":"DE","Modified":"\/Date(1774878201445)\/","StartTimeWithTimezone":"\/Date(1006939318250+0060)\/","EndTimeWithTimezone":"\/Date(1006939431733+0060)\/","VoteBusinessNumber":null,"VoteBusinessShortNumber":null,"VoteBusinessTitle":null},{"__metadata":{"id":"https://ws.parlament.ch/OData.svc/Transcript(ID=16613L,Language='DE')","uri":"https://ws.parlament.ch/OData.svc/Transcript(ID=16613L,Language='DE')","type":"itsystems.Pd.DataServices.DataModel.Transcript"},"Subjects":{"__deferred":{"uri":"https://ws.parlament.ch/OData.svc/Transcript(ID=16613L,Language='DE')/Subjects"}},"MembersCouncil":{"__deferred":{"uri":"https://ws.parlament.ch/OData.svc/Transcript(ID=16613L,Language='DE')/MembersCouncil"}},"Businesses":{"__deferred":{"uri":"https://ws.parlament.ch/OData.svc/Transcript(ID=16613L,Language='DE')/Businesses"}},"ID":"16613","Language":"DE","IdSubject":"3187","VoteId":null,"PersonNumber":500,"Type":1,"Text":"<pd_text><p>Die Kommission f\u00fcr Wissenschaft, Bildung und Kultur hat als Grundsatz und in Erg\u00e4nzung zum Entwurf des Bundesrates das Anstreben und nicht das Befehlen eines gen\u00fcgenden Angebotes an Lehrstellen eingef\u00fcgt. Was immer das Wort \"gen\u00fcgend\" letztlich auch heissen mag: Mit der befehlenden Formulierung \"Sie sorgen f\u00fcr ein gen\u00fcgendes Angebot\" wird ein Zwang postuliert, der eine unl\u00f6sbare Frage beinhaltet. Wann ist ein Angebot gen\u00fcgend? Ist es gen\u00fcgend, wenn die Anzahl der Lehrlinge dem gesch\u00e4tzten Bedarf in der Berufsgruppe entspricht? Oder wenn alle Interessenten einer bestimmten Ausbildung eine Lehrstelle erhalten haben? Grunds\u00e4tzlich ist jeder Berufsverband bestrebt, gen\u00fcgend Nachwuchs in den eigenen Reihen zu haben. Es w\u00e4re kontraproduktiv, wenn mit staatlichen Mitteln Leute in Berufen ausgebildet werden, in denen nicht genug Arbeitsstellen vorhanden sind, und diese dann letztlich als Kunden zum RAV kommen.</p>\n<p>Die SVP-Fraktion empfiehlt, den Minderheitsantrag Fetz abzulehnen und der Mehrheit zu folgen.</p>\n</pd_text>","MeetingCouncilAbbreviation":"N","MeetingDate":"20011128","MeetingVerbalixOid":865,"IdSession":"4611","SpeakerFirstName":"Theophil","SpeakerLastName":"Pfister","SpeakerFullName":"Pfister Theophil","SpeakerFunction":"","CouncilId":1,"CouncilName":"Nationalrat","CantonId":17,"CantonName":"St. Gallen","CantonAbbreviation":"SG","ParlGroupName":"Fraktion der Schweizerischen Volkspartei","ParlGroupAbbreviation":"V","SortOrder":4,"Start":"\/Date(1006939223266)\/","End":"\/Date(1006939318250)\/","Function":"","DisplaySpeaker":true,"LanguageOfText":"DE","Modified":"\/Date(1774878201443)\/","StartTimeWithTimezone":"\/Date(1006939223267+0060)\/","EndTimeWithTimezone":"\/Date(1006939318250+0060)\/","VoteBusinessNumber":null,"VoteBusinessShortNumber":null,"VoteBusinessTitle":null},{"__metadata":{"id":"https://ws.parlament.ch/OData.svc/Transcript(ID=16614L,Language='DE')","uri":"https://ws.parlament.ch/OData.svc/Transcript(ID=16614L,Language='DE')","type":"itsystems.Pd.DataServices.DataModel.Transcript"},"Subjects":{"__deferred":{"uri":"https://ws.parlament.ch/OData.svc/Transcript(ID=16614L,Language='DE')/Subjects"}},"MembersCouncil":{"__deferred":{"uri":"https://ws.parlament.ch/OData.svc/Transcript(ID=16614L,Language='DE')/MembersCouncil"}},"Businesses":{"__deferred":{"uri":"https://ws.parlament.ch/OData.svc/Transcript(ID=16614L,Language='DE')/Businesses"}},"ID":"16614","Language":"DE","IdSubject":"3187","VoteId":null,"PersonNumber":502,"Type":1,"Text":"<pd_text><p>Artikel 1 ist eine der Schl\u00fcsselstellen, die wir zusammen mit der Minderheit unterst\u00fctzen, weil wir sehen, dass es bei den Lehrstellen wieder Probleme geben kann. Wie Anita Fetz gesagt hat, steht das wahrscheinlich schon bald wieder vor der T\u00fcr. In dem Sinn brauchen wir die M\u00f6glichkeit, dass der Bund hier aktiv eingreifen kann. Wir vertreten daher mit der Minderheit den Begriff: \"Sie sorgen f\u00fcr ein gen\u00fcgendes Angebot im Bereich der Berufsbildung.\" Wir m\u00f6chten nicht wie die Mehrheit den unverbindlichen Ausdruck \"Sie streben ein gen\u00fcgendes Angebot an\" verwenden. Wir wollen damit m\u00f6glichst die Initianten der Lehrstellen-Initiative dazu bringen, dass sie diese dann unn\u00f6tige Initiative zur\u00fcckziehen, und dem Bund eine gewisse Kompetenz geben, aktiv zu werden.</p>\n</pd_text>","MeetingCouncilAbbreviation":"N","MeetingDate":"20011128","MeetingVerbalixOid":865,"IdSession":"4611","SpeakerFirstName":"Kathy","SpeakerLastName":"Riklin","SpeakerFullName":"Riklin Kathy","SpeakerFunction":"","CouncilId":1,"CouncilName":"Nationalrat","CantonId":1,"CantonName":"Z\u00fcrich","CantonAbbreviation":"ZH","ParlGroupName":"Christlichdemokratische Fraktion","ParlGroupAbbreviation":"M-E","SortOrder":3,"Start":"\/Date(1006939132391)\/","End":"\/Date(1006939223266)\/","Function":"","DisplaySpeaker":true,"LanguageOfText":"DE","Modified":"\/Date(1774878201441)\/","StartTimeWithTimezone":"\/Date(1006939132390+0060)\/","EndTimeWithTimezone":"\/Date(1006939223267+0060)\/","VoteBusinessNumber":null,"VoteBusinessShortNumber":null,"VoteBusinessTitle":null},{"__metadata":{"id":"https://ws.parlament.ch/OData.svc/Transcript(ID=16615L,Language='DE')","uri":"https://ws.parlament.ch/OData.svc/Transcript(ID=16615L,Language='DE')","type":"itsystems.Pd.DataServices.DataModel.Transcript"},"Subjects":{"__deferred":{"uri":"https://ws.parlament.ch/OData.svc/Transcript(ID=16615L,Language='DE')/Subjects"}},"MembersCouncil":{"__deferred":{"uri":"https://ws.parlament.ch/OData.svc/Transcript(ID=16615L,Language='DE')/MembersCouncil"}},"Businesses":{"__deferred":{"uri":"https://ws.parlament.ch/OData.svc/Transcript(ID=16615L,Language='DE')/Businesses"}},"ID":"16615","Language":"DE","IdSubject":"3187","VoteId":null,"PersonNumber":466,"Type":1,"Text":"<pd_text><p>Mit dem Minderheitsantrag zu Artikel 1 des Berufsbildungsgesetzes m\u00f6chten wir eine Verst\u00e4rkung der Formulierung des Mehrheitsantrages erreichen. Es geht um den Grundsatz der Berufsbildung, dass alle Organisationen, alle  Players der Berufswelt - Bund, Kantone und Organisationen der Wirtschaft - ein gen\u00fcgendes Angebot im Bereich der Berufsbildung, insbesondere in zukunftsf\u00e4higen Berufsfeldern, anstreben. Der Unterschied liegt darin, dass die Minderheit das nicht nur anstreben will. Wir wollen, dass die Organisationen, die Players im Berufsbildungsbereich, daf\u00fcr sorgen.</p>\n<p>Hintergrund ist nat\u00fcrlich die Erfahrung der Neunzigerjahre: Sobald die Konjunktur nachl\u00e4sst, geht in vielen Bereichen die Ausbildungsfreudigkeit der Betriebe massiv zur\u00fcck, und dann muss der Staat handeln, um entsprechende Angebote zu machen. Daraus sind dann der Lehrstellenbeschluss I und der Lehrstellenbeschluss II entwickelt worden. Das ist eine sehr gute Sache, aber wir m\u00fcssen heute zur Kenntnis nehmen, dass sie leider aufgrund des Prozedere zu sp\u00e4t kamen; sie konnten nicht mehr wirksam werden, als der Lehrstellenmangel enorm gross war.</p>\n<p>Diesmal wollen wir die gesetzliche Grundlage so gestalten, dass der Bund, die Kantone und auch die Organisationen der Arbeitswelt sofort handeln k\u00f6nnen, wenn in gewissen Bereichen zu wenig Lehrstellen vorhanden sind. Man muss leider sagen, dass das unter Umst\u00e4nden viel eher der Fall sein wird, als wir bei der Beratung des Berufsbildungsgesetzes annahmen; denn Sie wissen selbst, dass die Konjunktur wieder am Abflauen ist. Die Swissair-Geschichte z. B. hat auf einen Schlag 300 Lehrstellen zunichte gemacht; es gibt in diesem Bereich 300 Ausbildungspl\u00e4tze weniger. Es wird hier also einen Nachholbedarf geben, und wir sind der Meinung, dass der Bund die M\u00f6glichkeit haben soll, hier steuernd einzuwirken, und zwar selbstst\u00e4ndig, auf Eigeninitiative hin und mit einer starken gesetzlichen Grundlage.</p>\n<p>Ich bitte Sie deshalb, dem Minderheitsantrag zuzustimmen. Es ist \u00fcbrigens einer der drei Minderheitsantr\u00e4ge, die die Initianten der Lipa sozusagen als Testfall nehmen. Wenn diese drei Minderheitsantr\u00e4ge durchkommen, werden sie sich \u00fcberlegen, ob sie die Lipa zur\u00fcckziehen wollen. Das nur als Klammerbemerkung; der Inhalt - so scheint mir - rechtfertigt [PAGE 1574] es, dass Sie den Bund verpflichten zu handeln, wenn zu wenig Lehrstellen vorhanden sind.</p>\n</pd_text>","MeetingCouncilAbbreviation":"N","MeetingDate":"20011128","MeetingVerbalixOid":865,"IdSession":"4611","SpeakerFirstName":"Anita","SpeakerLastName":"Fetz","SpeakerFullName":"Fetz Anita","SpeakerFunction":"","CouncilId":1,"CouncilName":"Nationalrat","CantonId":12,"CantonName":"Basel-Stadt","CantonAbbreviation":"BS","ParlGroupName":"Sozialdemokratische Fraktion","ParlGroupAbbreviation":"S","SortOrder":2,"Start":"\/Date(1006938908250)\/","End":"\/Date(1006939132391)\/","Function":"","DisplaySpeaker":true,"LanguageOfText":"DE","Modified":"\/Date(1774878201440)\/","StartTimeWithTimezone":"\/Date(1006938908250+0060)\/","EndTimeWithTimezone":"\/Date(1006939132390+0060)\/","VoteBusinessNumber":null,"VoteBusinessShortNumber":null,"VoteBusinessTitle":null},{"__metadata":{"id":"https://ws.parlament.ch/OData.svc/Transcript(ID=16616L,Language='DE')","uri":"https://ws.parlament.ch/OData.svc/Transcript(ID=16616L,Language='DE')","type":"itsystems.Pd.DataServices.DataModel.Transcript"},"Subjects":{"__deferred":{"uri":"https://ws.parlament.ch/OData.svc/Transcript(ID=16616L,Language='DE')/Subjects"}},"MembersCouncil":{"__deferred":{"uri":"https://ws.parlament.ch/OData.svc/Transcript(ID=16616L,Language='DE')/MembersCouncil"}},"Businesses":{"__deferred":{"uri":"https://ws.parlament.ch/OData.svc/Transcript(ID=16616L,Language='DE')/Businesses"}},"ID":"16616","Language":"DE","IdSubject":"3187","VoteId":null,"PersonNumber":341,"Type":1,"Text":"<pd_text><p><b>Bundesgesetz \u00fcber die Berufsbildung </b></p>\n<p><b>Loi f\u00e9d\u00e9rale sur la formation professionnelle </b></p>\n<p>[VS]</p>\n<p><i>Detailberatung - Examen de d\u00e9tail</i></p>\n<p>[VS]</p>\n<p><b>Titel und Ingress</b></p>\n<p><i>Antrag der Kommission</i></p>\n<p>Zustimmung zum Entwurf des Bundesrates</p>\n<p>[VS]</p>\n<p><b>Titre et pr\u00e9ambule</b></p>\n<p><i>Proposition de la commission</i></p>\n<p>Adh\u00e9rer au projet du Conseil f\u00e9d\u00e9ral</p>\n<p>[VS]</p>\n<p><i>Angenommen - Adopt\u00e9</i></p>\n<p>[VS]</p>\n<p><b>Art. 1</b></p>\n<p><i>Antrag der Kommission</i></p>\n<p><i>Abs. 1</i></p>\n<p><i>Mehrheit</i></p>\n<p>.... Berufsbildung). Sie streben ein gen\u00fcgendes Angebot im Bereich der Berufsbildung, insbesondere in zukunftsf\u00e4higen Berufsfeldern, an.</p>\n<p><i>Minderheit</i></p>\n<p>(Fetz, Dormond Marlyse, Gonseth, M\u00fcller-Hemmi, Riklin, Simoneschi, Widmer, Zbinden)</p>\n<p>.... Berufsbildung). Sie sorgen f\u00fcr ein gen\u00fcgendes Angebot im Bereich der Berufsbildung, insbesondere in zukunftsf\u00e4higen Berufsfeldern.</p>\n<p>[VS]</p>\n<p><i>Abs. 2, 3</i></p>\n<p>Zustimmung zum Entwurf des Bundesrates</p>\n<p>[VS]</p>\n<p><b>Art. 1</b></p>\n<p><i>Proposition de la commission</i></p>\n<p><i>Al. 1</i></p>\n<p><i>Majorit\u00e9</i></p>\n<p>.... professionnelle). Ceux-ci veillent dans la mesure du possible \u00e0 assurer une offre suffisante dans le secteur de la formation professionnelle, notamment dans les domaines d'avenir.</p>\n<p><i>Minorit\u00e9</i></p>\n<p>(Fetz, Dormond Marlyse, Gonseth, M\u00fcller-Hemmi, Riklin, Simoneschi, Widmer, Zbinden)</p>\n<p>.... professionnelle). Ceux-ci veillent \u00e0 assurer une offre ....</p>\n<p>[VS]</p>\n<p><i>Al. 2, 3</i></p>\n<p>Adh\u00e9rer au projet du Conseil f\u00e9d\u00e9ral</p>\n</pd_text>","MeetingCouncilAbbreviation":"N","MeetingDate":"20011128","MeetingVerbalixOid":865,"IdSession":"4611","SpeakerFirstName":"Liliane","SpeakerLastName":"Maury Pasquier","SpeakerFullName":"Maury Pasquier Liliane","SpeakerFunction":"P-F","CouncilId":1,"CouncilName":"Nationalrat","CantonId":25,"CantonName":"Genf","CantonAbbreviation":"GE","ParlGroupName":"Sozialdemokratische Fraktion","ParlGroupAbbreviation":"S","SortOrder":1,"Start":"\/Date(1006938864782)\/","End":"\/Date(1006938908250)\/","Function":"","DisplaySpeaker":false,"LanguageOfText":null,"Modified":"\/Date(1774878201438)\/","StartTimeWithTimezone":"\/Date(1006938864783+0060)\/","EndTimeWithTimezone":"\/Date(1006938908250+0060)\/","VoteBusinessNumber":null,"VoteBusinessShortNumber":null,"VoteBusinessTitle":null},{"__metadata":{"id":"https://ws.parlament.ch/OData.svc/Transcript(ID=16617L,Language='DE')","uri":"https://ws.parlament.ch/OData.svc/Transcript(ID=16617L,Language='DE')","type":"itsystems.Pd.DataServices.DataModel.Transcript"},"Subjects":{"__deferred":{"uri":"https://ws.parlament.ch/OData.svc/Transcript(ID=16617L,Language='DE')/Subjects"}},"MembersCouncil":{"__deferred":{"uri":"https://ws.parlament.ch/OData.svc/Transcript(ID=16617L,Language='DE')/MembersCouncil"}},"Businesses":{"__deferred":{"uri":"https://ws.parlament.ch/OData.svc/Transcript(ID=16617L,Language='DE')/Businesses"}},"ID":"16617","Language":"DE","IdSubject":"3187","VoteId":null,"PersonNumber":516,"Type":1,"Text":"<pd_text><p>Zu den Artikeln 13 und 14 werde ich mich zu gegebener Zeit \u00e4ussern. Wir sind jetzt bei Artikel 3. Den m\u00fcssen Sie nicht laufen lassen, sondern Sie sollten meinem Antrag zustimmen.</p>\n</pd_text>","MeetingCouncilAbbreviation":"N","MeetingDate":"20011128","MeetingVerbalixOid":865,"IdSession":"4611","SpeakerFirstName":"Pierre","SpeakerLastName":"Triponez","SpeakerFullName":"Triponez Pierre","SpeakerFunction":"","CouncilId":1,"CouncilName":"Nationalrat","CantonId":2,"CantonName":"Bern","CantonAbbreviation":"BE","ParlGroupName":"Freisinnig-demokratische Fraktion","ParlGroupAbbreviation":"RL","SortOrder":13,"Start":"\/Date(1006940167159)\/","End":"\/Date(1006940183221)\/","Function":"","DisplaySpeaker":true,"LanguageOfText":"DE","Modified":"\/Date(1774878201459)\/","StartTimeWithTimezone":"\/Date(1006940167160+0060)\/","EndTimeWithTimezone":"\/Date(1006940183220+0060)\/","VoteBusinessNumber":null,"VoteBusinessShortNumber":null,"VoteBusinessTitle":null},{"__metadata":{"id":"https://ws.parlament.ch/OData.svc/Transcript(ID=16618L,Language='DE')","uri":"https://ws.parlament.ch/OData.svc/Transcript(ID=16618L,Language='DE')","type":"itsystems.Pd.DataServices.DataModel.Transcript"},"Subjects":{"__deferred":{"uri":"https://ws.parlament.ch/OData.svc/Transcript(ID=16618L,Language='DE')/Subjects"}},"MembersCouncil":{"__deferred":{"uri":"https://ws.parlament.ch/OData.svc/Transcript(ID=16618L,Language='DE')/MembersCouncil"}},"Businesses":{"__deferred":{"uri":"https://ws.parlament.ch/OData.svc/Transcript(ID=16618L,Language='DE')/Businesses"}},"ID":"16618","Language":"DE","IdSubject":"3187","VoteId":null,"PersonNumber":511,"Type":1,"Text":"<pd_text><p>Monsieur Triponez, je pense que votre proposition est acceptable, mais elle est redondante, dans le sens qu'elle explique quelque chose qui est d\u00e9j\u00e0 dans le texte. Ceci dit, on peut l'accepter. C'est clair, toutefois, que le groupe d\u00e9mocrate-chr\u00e9tien ne peut pas accepter les autres propositions individuelles Triponez, vous le savez tr\u00e8s bien, parce que cela fait partie d'un compromis tr\u00e8s important.</p>\n<p>Le groupe d\u00e9mocrate-chr\u00e9tien accepte la proposition Triponez.</p>\n<p>[PAGE 1576] </p>\n</pd_text>","MeetingCouncilAbbreviation":"N","MeetingDate":"20011128","MeetingVerbalixOid":865,"IdSession":"4611","SpeakerFirstName":"Chiara","SpeakerLastName":"Simoneschi","SpeakerFullName":"Simoneschi Chiara","SpeakerFunction":"","CouncilId":1,"CouncilName":"Nationalrat","CantonId":27,"CantonName":"Tessin","CantonAbbreviation":"TI","ParlGroupName":"Christlichdemokratische Fraktion","ParlGroupAbbreviation":"M-E","SortOrder":14,"Start":"\/Date(1006940183221)\/","End":"\/Date(1006940238643)\/","Function":"","DisplaySpeaker":true,"LanguageOfText":"FR","Modified":"\/Date(1774878201461)\/","StartTimeWithTimezone":"\/Date(1006940183220+0060)\/","EndTimeWithTimezone":"\/Date(1006940238643+0060)\/","VoteBusinessNumber":null,"VoteBusinessShortNumber":null,"VoteBusinessTitle":null},{"__metadata":{"id":"https://ws.parlament.ch/OData.svc/Transcript(ID=16619L,Language='DE')","uri":"https://ws.parlament.ch/OData.svc/Transcript(ID=16619L,Language='DE')","type":"itsystems.Pd.DataServices.DataModel.Transcript"},"Subjects":{"__deferred":{"uri":"https://ws.parlament.ch/OData.svc/Transcript(ID=16619L,Language='DE')/Subjects"}},"MembersCouncil":{"__deferred":{"uri":"https://ws.parlament.ch/OData.svc/Transcript(ID=16619L,Language='DE')/MembersCouncil"}},"Businesses":{"__deferred":{"uri":"https://ws.parlament.ch/OData.svc/Transcript(ID=16619L,Language='DE')/Businesses"}},"ID":"16619","Language":"DE","IdSubject":"3187","VoteId":null,"PersonNumber":500,"Type":1,"Text":"<pd_text><p>Es geht hier um eine kleine Erg\u00e4nzung, n\u00e4mlich den Einschluss der internationalen Berufswettbewerbe. Es ist offenkundig, dass solche Berufswettbewerbe das Berufsbild st\u00e4rken k\u00f6nnen und dass sie sehr gute Vergleichsm\u00f6glichkeiten mit der internationalen Konkurrenz erm\u00f6glichen. Bei den Berufswettbewerben findet zudem ein Gedankenaustausch statt, der f\u00fcr die gesamte Berufsbildung befruchtend ist.</p>\n<p>Ich unterst\u00fctze diesen Einzelantrag und bitte Sie, diese Erg\u00e4nzung ebenfalls zu unterst\u00fctzen. </p>\n</pd_text>","MeetingCouncilAbbreviation":"N","MeetingDate":"20011128","MeetingVerbalixOid":865,"IdSession":"4611","SpeakerFirstName":"Theophil","SpeakerLastName":"Pfister","SpeakerFullName":"Pfister Theophil","SpeakerFunction":"","CouncilId":1,"CouncilName":"Nationalrat","CantonId":17,"CantonName":"St. Gallen","CantonAbbreviation":"SG","ParlGroupName":"Fraktion der Schweizerischen Volkspartei","ParlGroupAbbreviation":"V","SortOrder":15,"Start":"\/Date(1006940238643)\/","End":"\/Date(1006940296846)\/","Function":"","DisplaySpeaker":true,"LanguageOfText":"DE","Modified":"\/Date(1774878201462)\/","StartTimeWithTimezone":"\/Date(1006940238643+0060)\/","EndTimeWithTimezone":"\/Date(1006940296847+0060)\/","VoteBusinessNumber":null,"VoteBusinessShortNumber":null,"VoteBusinessTitle":null},{"__metadata":{"id":"https://ws.parlament.ch/OData.svc/Transcript(ID=16620L,Language='DE')","uri":"https://ws.parlament.ch/OData.svc/Transcript(ID=16620L,Language='DE')","type":"itsystems.Pd.DataServices.DataModel.Transcript"},"Subjects":{"__deferred":{"uri":"https://ws.parlament.ch/OData.svc/Transcript(ID=16620L,Language='DE')/Subjects"}},"MembersCouncil":{"__deferred":{"uri":"https://ws.parlament.ch/OData.svc/Transcript(ID=16620L,Language='DE')/MembersCouncil"}},"Businesses":{"__deferred":{"uri":"https://ws.parlament.ch/OData.svc/Transcript(ID=16620L,Language='DE')/Businesses"}},"ID":"16620","Language":"DE","IdSubject":"3187","VoteId":null,"PersonNumber":346,"Type":1,"Text":"<pd_text><p>Herr Triponez erweitert die Wettbewerbsf\u00e4higkeit ganz im Sinne des Gesetzes. Der Bundesrat und die WBK wollen, wie Sie ganz bestimmt auch, die Wettbewerbsf\u00e4higkeit unserer Volkswirtschaft, unserer Exportindustrie unterst\u00fctzen. In diesem Sinne und im Geiste der Kommission k\u00f6nnen wir der Erg\u00e4nzung um den internationalen Bereich wirklich beipflichten. Wenn es vor allem um die Berufsolympiade geht, bei der die Schweizer immer wieder hervorragend abschneiden - und dank des Entgegenkommens des Kantons St. Gallen kann die n\u00e4chste Berufsolympiade wieder in der Schweiz stattfinden -, und wenn diese Erg\u00e4nzung dort hilft, dann bin ich der Meinung, dass auch die Kommissionsmitglieder dem Antrag zustimmen.</p>\n</pd_text>","MeetingCouncilAbbreviation":"N","MeetingDate":"20011128","MeetingVerbalixOid":865,"IdSession":"4611","SpeakerFirstName":"Johannes","SpeakerLastName":"Randegger","SpeakerFullName":"Randegger Johannes","SpeakerFunction":"","CouncilId":1,"CouncilName":"Nationalrat","CantonId":12,"CantonName":"Basel-Stadt","CantonAbbreviation":"BS","ParlGroupName":"Freisinnig-demokratische Fraktion","ParlGroupAbbreviation":"RL","SortOrder":16,"Start":"\/Date(1006940296846)\/","End":"\/Date(1006940358846)\/","Function":"*","DisplaySpeaker":true,"LanguageOfText":"DE","Modified":"\/Date(1774878201464)\/","StartTimeWithTimezone":"\/Date(1006940296847+0060)\/","EndTimeWithTimezone":"\/Date(1006940358847+0060)\/","VoteBusinessNumber":null,"VoteBusinessShortNumber":null,"VoteBusinessTitle":null},{"__metadata":{"id":"https://ws.parlament.ch/OData.svc/Transcript(ID=16621L,Language='DE')","uri":"https://ws.parlament.ch/OData.svc/Transcript(ID=16621L,Language='DE')","type":"itsystems.Pd.DataServices.DataModel.Transcript"},"Subjects":{"__deferred":{"uri":"https://ws.parlament.ch/OData.svc/Transcript(ID=16621L,Language='DE')/Subjects"}},"MembersCouncil":{"__deferred":{"uri":"https://ws.parlament.ch/OData.svc/Transcript(ID=16621L,Language='DE')/MembersCouncil"}},"Businesses":{"__deferred":{"uri":"https://ws.parlament.ch/OData.svc/Transcript(ID=16621L,Language='DE')/Businesses"}},"ID":"16621","Language":"DE","IdSubject":"3187","VoteId":null,"PersonNumber":459,"Type":1,"Text":"<pd_text><p>La proposition Triponez est tout \u00e0 fait dans l'esprit de la loi et des d\u00e9bats qui ont eu lieu en commission, o\u00f9 nous nous sommes beaucoup attach\u00e9s \u00e0 la qualit\u00e9 de la formation duale. Tout ce qui va dans le sens d'une am\u00e9lioration de la comp\u00e9titivit\u00e9, de la qualit\u00e9 de la formation duale, me semble pouvoir \u00eatre accept\u00e9.</p>\n<p>Je ne dirai pas la m\u00eame chose pour les prochains amendements de M. Triponez, qui en a d\u00e9pos\u00e9 toute une s\u00e9rie que je trouve d'in\u00e9gale qualit\u00e9. Mais cet amendement-ci, je l'accepterai.</p>\n<p>Je vous recommande d'en faire de m\u00eame.</p>\n</pd_text>","MeetingCouncilAbbreviation":"N","MeetingDate":"20011128","MeetingVerbalixOid":865,"IdSession":"4611","SpeakerFirstName":"Marlyse","SpeakerLastName":"Dormond","SpeakerFullName":"Dormond Marlyse","SpeakerFunction":"","CouncilId":1,"CouncilName":"Nationalrat","CantonId":22,"CantonName":"Waadt","CantonAbbreviation":"VD","ParlGroupName":"Sozialdemokratische Fraktion","ParlGroupAbbreviation":"S","SortOrder":17,"Start":"\/Date(1006940358846)\/","End":"\/Date(1006940400080)\/","Function":"*","DisplaySpeaker":true,"LanguageOfText":"FR","Modified":"\/Date(1774878201465)\/","StartTimeWithTimezone":"\/Date(1006940358847+0060)\/","EndTimeWithTimezone":"\/Date(1006940400080+0060)\/","VoteBusinessNumber":null,"VoteBusinessShortNumber":null,"VoteBusinessTitle":null},{"__metadata":{"id":"https://ws.parlament.ch/OData.svc/Transcript(ID=16622L,Language='DE')","uri":"https://ws.parlament.ch/OData.svc/Transcript(ID=16622L,Language='DE')","type":"itsystems.Pd.DataServices.DataModel.Transcript"},"Subjects":{"__deferred":{"uri":"https://ws.parlament.ch/OData.svc/Transcript(ID=16622L,Language='DE')/Subjects"}},"MembersCouncil":{"__deferred":{"uri":"https://ws.parlament.ch/OData.svc/Transcript(ID=16622L,Language='DE')/MembersCouncil"}},"Businesses":{"__deferred":{"uri":"https://ws.parlament.ch/OData.svc/Transcript(ID=16622L,Language='DE')/Businesses"}},"ID":"16622","Language":"DE","IdSubject":"3187","VoteId":null,"PersonNumber":311,"Type":1,"Text":"<pd_text><p><i>Abstimmung - Vote</i></p>\n<p>F\u00fcr den Antrag Triponez .... 72 Stimmen</p>\n<p>F\u00fcr den Antrag der Kommission .... 40 Stimmen</p>\n<p>[VS]</p>\n<p><b>Art. 4</b></p>\n<p><i>Antrag der Kommission</i></p>\n<p><i>Abs. 1</i></p>\n<p>Zustimmung zum Entwurf des Bundesrates</p>\n<p>[VS]</p>\n<p><i>Abs. 2</i></p>\n<p><i>Mehrheit</i></p>\n<p>Zustimmung zum Entwurf des Bundesrates</p>\n<p><i>Minderheit</i></p>\n<p>(Wandfluh, Bangerter, Kunz, Pfister Theophil, Randegger, Sandoz, Scheurer, Wittenwiler)</p>\n<p>Streichen</p>\n<p>[VS]</p>\n<p><i>Abs. 3</i></p>\n<p>F\u00fcr Pilotversuche kann der Bundesrat nach R\u00fccksprache mit den Kantonen und den betroffenen Organisationen der Arbeitswelt n\u00f6tigenfalls vor\u00fcbergehend von den Bestimmungen des Gesetzes abweichen. (Rest des Absatzes streichen)</p>\n<p><i>Abs. 4</i></p>\n<p>Die Qualit\u00e4t und die Unabh\u00e4ngigkeit der Berufsbildungsforschung m\u00fcssen durch qualifizierte Forschungseinrichtungen gew\u00e4hrleistet werden.</p>\n<p>[VS]</p>\n<p><b>Art. 4</b></p>\n<p><i>Proposition de la commission</i></p>\n<p><i>Al. 1</i></p>\n<p>Adh\u00e9rer au projet du Conseil f\u00e9d\u00e9ral</p>\n<p>[VS]</p>\n<p><i>Al. 2</i></p>\n<p><i>Majorit\u00e9</i></p>\n<p>Adh\u00e9rer au projet du Conseil f\u00e9d\u00e9ral</p>\n<p><i>Minorit\u00e9</i></p>\n<p>(Wandfluh, Bangerter, Kunz, Pfister Theophil, Randegger, Sandoz, Scheurer, Wittenwiler)</p>\n<p>Biffer</p>\n<p>[VS]</p>\n<p><i>Al. 3</i></p>\n<p>.... au besoin et d'entente avec les cantons et les organisations concern\u00e9es du monde du travail, d\u00e9roger temporairement aux dispositions de la pr\u00e9sente loi. (Biffer le reste de l'alin\u00e9a)</p>\n<p><i>Al. 4</i></p>\n<p>La qualit\u00e9 et l'ind\u00e9pendance de la recherche en formation professionnelle doivent \u00eatre garanties par des institutions qualifi\u00e9es dans la recherche.</p>\n</pd_text>","MeetingCouncilAbbreviation":"N","MeetingDate":"20011128","MeetingVerbalixOid":865,"IdSession":"4611","SpeakerFirstName":"Yves","SpeakerLastName":"Christen","SpeakerFullName":"Christen Yves","SpeakerFunction":"1VP-M","CouncilId":1,"CouncilName":"Nationalrat","CantonId":22,"CantonName":"Waadt","CantonAbbreviation":"VD","ParlGroupName":"Freisinnig-demokratische Fraktion","ParlGroupAbbreviation":"RL","SortOrder":18,"Start":"\/Date(1006940400080)\/","End":"\/Date(1006940490315)\/","Function":"","DisplaySpeaker":false,"LanguageOfText":null,"Modified":"\/Date(1774878201467)\/","StartTimeWithTimezone":"\/Date(1006940400080+0060)\/","EndTimeWithTimezone":"\/Date(1006940490317+0060)\/","VoteBusinessNumber":null,"VoteBusinessShortNumber":null,"VoteBusinessTitle":null},{"__metadata":{"id":"https://ws.parlament.ch/OData.svc/Transcript(ID=16623L,Language='DE')","uri":"https://ws.parlament.ch/OData.svc/Transcript(ID=16623L,Language='DE')","type":"itsystems.Pd.DataServices.DataModel.Transcript"},"Subjects":{"__deferred":{"uri":"https://ws.parlament.ch/OData.svc/Transcript(ID=16623L,Language='DE')/Subjects"}},"MembersCouncil":{"__deferred":{"uri":"https://ws.parlament.ch/OData.svc/Transcript(ID=16623L,Language='DE')/MembersCouncil"}},"Businesses":{"__deferred":{"uri":"https://ws.parlament.ch/OData.svc/Transcript(ID=16623L,Language='DE')/Businesses"}},"ID":"16623","Language":"DE","IdSubject":"3187","VoteId":null,"PersonNumber":520,"Type":1,"Text":"<pd_text><p>Inwieweit soll der Bund beim Aufbau von Strukturen in neuen Bildungsbereichen selber aktiv werden, ohne Einbezug der Kantone und der Organisationen der Arbeitswelt? Das ist die Frage, die wir hier zu beantworten haben. Gem\u00e4ss Meinung der Minderheit Wandfluh soll der Bund in diesen Bereichen \u00fcberhaupt nicht t\u00e4tig werden. Er soll nicht die M\u00f6glichkeit haben, selber Strukturen in der Berufsbildung aufzubauen, bundeseigene Lehrwerkst\u00e4tten zu gr\u00fcnden, bundeseigene Berufsschulen zu betreiben usw. Dies soll, dies muss in Zusammenarbeit mit den Kantonen und den Organisationen der Arbeitswelt geschehen. Es darf nicht m\u00f6glich sein, dass irgendwelche Bundesfunktion\u00e4re neue Berufseinrichtungen entwickeln, die von der Arbeitswelt gar nicht nachgefragt und von den Kantonen nicht mitgetragen werden. Was f\u00fcr Organisationen gilt, gilt im Prinzip auch f\u00fcr Studien und f\u00fcr Pilotversuche. Auch hier sollen die Kantone und die Organisationen der Arbeitswelt eingebunden werden. Wie soll der Bund Pilotversuche durchf\u00fchren, wenn die Betriebe die Lehrlinge nicht zur Verf\u00fcgung stellen?</p>\n<p>Ich bitte Sie, die Minderheit Wandfluh zu unterst\u00fctzen und Absatz 2 von Artikel 4 zu streichen. Die SVP-Fraktion unterst\u00fctzt meinen Antrag.</p>\n</pd_text>","MeetingCouncilAbbreviation":"N","MeetingDate":"20011128","MeetingVerbalixOid":865,"IdSession":"4611","SpeakerFirstName":"Hansruedi","SpeakerLastName":"Wandfluh","SpeakerFullName":"Wandfluh Hansruedi","SpeakerFunction":"","CouncilId":1,"CouncilName":"Nationalrat","CantonId":2,"CantonName":"Bern","CantonAbbreviation":"BE","ParlGroupName":"Fraktion der Schweizerischen Volkspartei","ParlGroupAbbreviation":"V","SortOrder":19,"Start":"\/Date(1006940490315)\/","End":"\/Date(1006940603612)\/","Function":"","DisplaySpeaker":true,"LanguageOfText":"DE","Modified":"\/Date(1774878201468)\/","StartTimeWithTimezone":"\/Date(1006940490317+0060)\/","EndTimeWithTimezone":"\/Date(1006940603613+0060)\/","VoteBusinessNumber":null,"VoteBusinessShortNumber":null,"VoteBusinessTitle":null},{"__metadata":{"id":"https://ws.parlament.ch/OData.svc/Transcript(ID=16624L,Language='DE')","uri":"https://ws.parlament.ch/OData.svc/Transcript(ID=16624L,Language='DE')","type":"itsystems.Pd.DataServices.DataModel.Transcript"},"Subjects":{"__deferred":{"uri":"https://ws.parlament.ch/OData.svc/Transcript(ID=16624L,Language='DE')/Subjects"}},"MembersCouncil":{"__deferred":{"uri":"https://ws.parlament.ch/OData.svc/Transcript(ID=16624L,Language='DE')/MembersCouncil"}},"Businesses":{"__deferred":{"uri":"https://ws.parlament.ch/OData.svc/Transcript(ID=16624L,Language='DE')/Businesses"}},"ID":"16624","Language":"DE","IdSubject":"3187","VoteId":null,"PersonNumber":511,"Type":1,"Text":"<pd_text><p>Le groupe d\u00e9mocrate-chr\u00e9tien est absolument contre la proposition de minorit\u00e9, parce que, quand on \u00e9crit dans la loi que la Conf\u00e9d\u00e9ration peut devenir active dans ces domaines tr\u00e8s importants comme les projets pilotes, la recherche sur la formation professionnelle, etc., c'est clair que la Conf\u00e9d\u00e9ration le fait avec les cantons et les organisations. Cela figure d\u00e9j\u00e0 \u00e0 l'article 1er de la loi sur la formation professionnelle qui pr\u00e9voit que la formation professionnelle et tout d\u00e9veloppement de la formation professionnelle sont la t\u00e2che commune de la Conf\u00e9d\u00e9ration, des cantons et des organisations du monde du travail.</p>\n<p>Herr Wandfluh, es ist klar, dass der Bund etwas tut. Denn in Artikel 1 ist geschrieben, dass der Bund zusammen mit den Kantonen und den Organisationen der Arbeitswelt diese wichtigen Entwicklungen der Berufsbildung f\u00f6rdert und programmiert. </p>\n<p>Wir stimmen diesem wichtigen Absatz 2 deshalb zu.</p>\n</pd_text>","MeetingCouncilAbbreviation":"N","MeetingDate":"20011128","MeetingVerbalixOid":865,"IdSession":"4611","SpeakerFirstName":"Chiara","SpeakerLastName":"Simoneschi","SpeakerFullName":"Simoneschi Chiara","SpeakerFunction":"","CouncilId":1,"CouncilName":"Nationalrat","CantonId":27,"CantonName":"Tessin","CantonAbbreviation":"TI","ParlGroupName":"Christlichdemokratische Fraktion","ParlGroupAbbreviation":"M-E","SortOrder":20,"Start":"\/Date(1006940603612)\/","End":"\/Date(1006940703924)\/","Function":"","DisplaySpeaker":true,"LanguageOfText":"FR","Modified":"\/Date(1774878201471)\/","StartTimeWithTimezone":"\/Date(1006940603613+0060)\/","EndTimeWithTimezone":"\/Date(1006940703923+0060)\/","VoteBusinessNumber":null,"VoteBusinessShortNumber":null,"VoteBusinessTitle":null},{"__metadata":{"id":"https://ws.parlament.ch/OData.svc/Transcript(ID=16625L,Language='DE')","uri":"https://ws.parlament.ch/OData.svc/Transcript(ID=16625L,Language='DE')","type":"itsystems.Pd.DataServices.DataModel.Transcript"},"Subjects":{"__deferred":{"uri":"https://ws.parlament.ch/OData.svc/Transcript(ID=16625L,Language='DE')/Subjects"}},"MembersCouncil":{"__deferred":{"uri":"https://ws.parlament.ch/OData.svc/Transcript(ID=16625L,Language='DE')/MembersCouncil"}},"Businesses":{"__deferred":{"uri":"https://ws.parlament.ch/OData.svc/Transcript(ID=16625L,Language='DE')/Businesses"}},"ID":"16625","Language":"DE","IdSubject":"3187","VoteId":null,"PersonNumber":303,"Type":1,"Text":"<pd_text><p>Es ist richtig, dass der Bund Studien und Pilotversuche und auch die Berufsbildungsforschung gem\u00e4ss Absatz 1 f\u00f6rdert. Dies geh\u00f6rt gem\u00e4ss Artikel 1 Absatz 2 auch zur Aufgabenteilung zwischen Bund, Kantonen und Organisationen der Arbeitswelt. Es ist jedoch falsch, wenn der Bund Studien und Pilotversuche selbst umsetzt, d. h. in der Umsetzung der Inhalte selbst t\u00e4tig wird und eventuell sogar Institutionen errichtet. Die Umsetzung ist Aufgabe der Kantone und der Organisationen der Arbeitswelt. Die klare Trennung der Verantwortlichkeiten wird in der Fassung des Bundesrates verwischt.</p>\n<p>Im Sinne einer sauberen Kompetenzregelung bitte ich Sie, auch im Namen der FDP-Fraktion, dem Minderheitsantrag Wandfluh zuzustimmen.</p>\n</pd_text>","MeetingCouncilAbbreviation":"N","MeetingDate":"20011128","MeetingVerbalixOid":865,"IdSession":"4611","SpeakerFirstName":"K\u00e4thi","SpeakerLastName":"Bangerter","SpeakerFullName":"Bangerter K\u00e4thi","SpeakerFunction":"","CouncilId":1,"CouncilName":"Nationalrat","CantonId":2,"CantonName":"Bern","CantonAbbreviation":"BE","ParlGroupName":"Freisinnig-demokratische Fraktion","ParlGroupAbbreviation":"RL","SortOrder":21,"Start":"\/Date(1006940703924)\/","End":"\/Date(1006940783706)\/","Function":"","DisplaySpeaker":true,"LanguageOfText":"DE","Modified":"\/Date(1774878201473)\/","StartTimeWithTimezone":"\/Date(1006940703923+0060)\/","EndTimeWithTimezone":"\/Date(1006940783707+0060)\/","VoteBusinessNumber":null,"VoteBusinessShortNumber":null,"VoteBusinessTitle":null},{"__metadata":{"id":"https://ws.parlament.ch/OData.svc/Transcript(ID=16626L,Language='DE')","uri":"https://ws.parlament.ch/OData.svc/Transcript(ID=16626L,Language='DE')","type":"itsystems.Pd.DataServices.DataModel.Transcript"},"Subjects":{"__deferred":{"uri":"https://ws.parlament.ch/OData.svc/Transcript(ID=16626L,Language='DE')/Subjects"}},"MembersCouncil":{"__deferred":{"uri":"https://ws.parlament.ch/OData.svc/Transcript(ID=16626L,Language='DE')/MembersCouncil"}},"Businesses":{"__deferred":{"uri":"https://ws.parlament.ch/OData.svc/Transcript(ID=16626L,Language='DE')/Businesses"}},"ID":"16626","Language":"DE","IdSubject":"3187","VoteId":null,"PersonNumber":466,"Type":1,"Text":"<pd_text><p>Ich m\u00f6chte zu Kollegin Bangerter und auch zuhanden der FDP-Fraktion sagen, dass dieser [PAGE 1577] Streichungsantrag der Minderheit eine ganz zentrale Stelle betrifft, da der Bund, der in diesem Rahmengesetz eine gr\u00f6ssere Verantwortung in der Berufsbildung \u00fcbernimmt, der sich auch finanziell massiv mehr beteiligt, auch das Recht und die Pflicht haben muss, wirklich selber zu steuern. Und zwar wird das in Absprache mit den Kantonen und den Organisationen der Arbeitswelt geschehen: die sind im Gesetz mehrfach als Akteure des Berufsbildungsgesetzes genannt. F\u00fcr die SP-Fraktion und auch f\u00fcr die Kommission selbst - Sie sehen ja, dass es eine Minderheit ist, die hier streichen will - ist das einer der Kernartikel, der es erlaubt, wirklich auch dort steuernd einzugreifen, wo es im Berufsbildungsbereich Defizite gibt. Er erlaubt, Projekte wie Lehrstellenbeschl\u00fcsse - denen dieses Parlament immer mit grossen Mehrheiten zugestimmt hat - sehr viel effizienter und gezielter anzugehen. Ich denke, wenn der Bund schon so viel in die Berufsbildung investiert, auch richtigerweise, dann muss er auch ein St\u00fcck weit dort steuern k\u00f6nnen, wo es Defizite gibt.</p>\n</pd_text>","MeetingCouncilAbbreviation":"N","MeetingDate":"20011128","MeetingVerbalixOid":865,"IdSession":"4611","SpeakerFirstName":"Anita","SpeakerLastName":"Fetz","SpeakerFullName":"Fetz Anita","SpeakerFunction":"","CouncilId":1,"CouncilName":"Nationalrat","CantonId":12,"CantonName":"Basel-Stadt","CantonAbbreviation":"BS","ParlGroupName":"Sozialdemokratische Fraktion","ParlGroupAbbreviation":"S","SortOrder":22,"Start":"\/Date(1006940783706)\/","End":"\/Date(1006940902378)\/","Function":"","DisplaySpeaker":true,"LanguageOfText":"DE","Modified":"\/Date(1774878201474)\/","StartTimeWithTimezone":"\/Date(1006940783707+0060)\/","EndTimeWithTimezone":"\/Date(1006940902377+0060)\/","VoteBusinessNumber":null,"VoteBusinessShortNumber":null,"VoteBusinessTitle":null},{"__metadata":{"id":"https://ws.parlament.ch/OData.svc/Transcript(ID=16627L,Language='DE')","uri":"https://ws.parlament.ch/OData.svc/Transcript(ID=16627L,Language='DE')","type":"itsystems.Pd.DataServices.DataModel.Transcript"},"Subjects":{"__deferred":{"uri":"https://ws.parlament.ch/OData.svc/Transcript(ID=16627L,Language='DE')/Subjects"}},"MembersCouncil":{"__deferred":{"uri":"https://ws.parlament.ch/OData.svc/Transcript(ID=16627L,Language='DE')/MembersCouncil"}},"Businesses":{"__deferred":{"uri":"https://ws.parlament.ch/OData.svc/Transcript(ID=16627L,Language='DE')/Businesses"}},"ID":"16627","Language":"DE","IdSubject":"3187","VoteId":null,"PersonNumber":311,"Type":1,"Text":"<pd_text><p>Die SVP-Fraktion l\u00e4sst mitteilen, dass sie die Minderheit Wandfluh unterst\u00fctzt.</p>\n</pd_text>","MeetingCouncilAbbreviation":"N","MeetingDate":"20011128","MeetingVerbalixOid":865,"IdSession":"4611","SpeakerFirstName":"Yves","SpeakerLastName":"Christen","SpeakerFullName":"Christen Yves","SpeakerFunction":"1VP-M","CouncilId":1,"CouncilName":"Nationalrat","CantonId":22,"CantonName":"Waadt","CantonAbbreviation":"VD","ParlGroupName":"Freisinnig-demokratische Fraktion","ParlGroupAbbreviation":"RL","SortOrder":23,"Start":"\/Date(1006940902378)\/","End":"\/Date(1006940912956)\/","Function":"","DisplaySpeaker":true,"LanguageOfText":"DE","Modified":"\/Date(1774878201476)\/","StartTimeWithTimezone":"\/Date(1006940902377+0060)\/","EndTimeWithTimezone":"\/Date(1006940912957+0060)\/","VoteBusinessNumber":null,"VoteBusinessShortNumber":null,"VoteBusinessTitle":null},{"__metadata":{"id":"https://ws.parlament.ch/OData.svc/Transcript(ID=16628L,Language='DE')","uri":"https://ws.parlament.ch/OData.svc/Transcript(ID=16628L,Language='DE')","type":"itsystems.Pd.DataServices.DataModel.Transcript"},"Subjects":{"__deferred":{"uri":"https://ws.parlament.ch/OData.svc/Transcript(ID=16628L,Language='DE')/Subjects"}},"MembersCouncil":{"__deferred":{"uri":"https://ws.parlament.ch/OData.svc/Transcript(ID=16628L,Language='DE')/MembersCouncil"}},"Businesses":{"__deferred":{"uri":"https://ws.parlament.ch/OData.svc/Transcript(ID=16628L,Language='DE')/Businesses"}},"ID":"16628","Language":"DE","IdSubject":"3187","VoteId":null,"PersonNumber":346,"Type":1,"Text":"<pd_text><p>Die Kommission hat nat\u00fcrlich bei der Diskussion dieses Artikels auch die Erfolgsstorys im Kopf gehabt, hat die Erfolgsstorys diskutiert, die aus dem Lehrstellenbeschluss II stammen: Der Mediamatiker und der Informatiker sind Berufsbilder, die auf Initiative des Bundes entstanden sind. Diese Initiative des Bundes ist ja ebenfalls in Zusammenarbeit mit den Kantonen erfolgt. Hier hat aber auch der Bund im Bereich Informatik wesentlich dazu beigetragen, dass dann ein Branchenverband zustande kam.</p>\n<p>In diesem Sinne hat die Kommission knapp, mit 9 zu 8 Stimmen, der Mehrheit zugestimmt.</p>\n</pd_text>","MeetingCouncilAbbreviation":"N","MeetingDate":"20011128","MeetingVerbalixOid":865,"IdSession":"4611","SpeakerFirstName":"Johannes","SpeakerLastName":"Randegger","SpeakerFullName":"Randegger Johannes","SpeakerFunction":"","CouncilId":1,"CouncilName":"Nationalrat","CantonId":12,"CantonName":"Basel-Stadt","CantonAbbreviation":"BS","ParlGroupName":"Freisinnig-demokratische Fraktion","ParlGroupAbbreviation":"RL","SortOrder":24,"Start":"\/Date(1006940912956)\/","End":"\/Date(1006940974565)\/","Function":"*","DisplaySpeaker":true,"LanguageOfText":"DE","Modified":"\/Date(1774878201477)\/","StartTimeWithTimezone":"\/Date(1006940912957+0060)\/","EndTimeWithTimezone":"\/Date(1006940974567+0060)\/","VoteBusinessNumber":null,"VoteBusinessShortNumber":null,"VoteBusinessTitle":null},{"__metadata":{"id":"https://ws.parlament.ch/OData.svc/Transcript(ID=16629L,Language='DE')","uri":"https://ws.parlament.ch/OData.svc/Transcript(ID=16629L,Language='DE')","type":"itsystems.Pd.DataServices.DataModel.Transcript"},"Subjects":{"__deferred":{"uri":"https://ws.parlament.ch/OData.svc/Transcript(ID=16629L,Language='DE')/Subjects"}},"MembersCouncil":{"__deferred":{"uri":"https://ws.parlament.ch/OData.svc/Transcript(ID=16629L,Language='DE')/MembersCouncil"}},"Businesses":{"__deferred":{"uri":"https://ws.parlament.ch/OData.svc/Transcript(ID=16629L,Language='DE')/Businesses"}},"ID":"16629","Language":"DE","IdSubject":"3187","VoteId":null,"PersonNumber":311,"Type":1,"Text":"<pd_text><p>J'aimerais vous informer qu'on vient de me confirmer que l'installation d'alarme de vos bips ne fonctionne pas en raison d'une surcharge du r\u00e9seau. Je vous prierai donc d'alerter vous-m\u00eames les membres de vos groupes.</p>\n</pd_text>","MeetingCouncilAbbreviation":"N","MeetingDate":"20011128","MeetingVerbalixOid":865,"IdSession":"4611","SpeakerFirstName":"Yves","SpeakerLastName":"Christen","SpeakerFullName":"Christen Yves","SpeakerFunction":"1VP-M","CouncilId":1,"CouncilName":"Nationalrat","CantonId":22,"CantonName":"Waadt","CantonAbbreviation":"VD","ParlGroupName":"Freisinnig-demokratische Fraktion","ParlGroupAbbreviation":"RL","SortOrder":49,"Start":"\/Date(1006943409996)\/","End":"\/Date(1006943431918)\/","Function":"","DisplaySpeaker":true,"LanguageOfText":"FR","Modified":"\/Date(1774878201521)\/","StartTimeWithTimezone":"\/Date(1006943409997+0060)\/","EndTimeWithTimezone":"\/Date(1006943431917+0060)\/","VoteBusinessNumber":null,"VoteBusinessShortNumber":null,"VoteBusinessTitle":null},{"__metadata":{"id":"https://ws.parlament.ch/OData.svc/Transcript(ID=16630L,Language='DE')","uri":"https://ws.parlament.ch/OData.svc/Transcript(ID=16630L,Language='DE')","type":"itsystems.Pd.DataServices.DataModel.Transcript"},"Subjects":{"__deferred":{"uri":"https://ws.parlament.ch/OData.svc/Transcript(ID=16630L,Language='DE')/Subjects"}},"MembersCouncil":{"__deferred":{"uri":"https://ws.parlament.ch/OData.svc/Transcript(ID=16630L,Language='DE')/MembersCouncil"}},"Businesses":{"__deferred":{"uri":"https://ws.parlament.ch/OData.svc/Transcript(ID=16630L,Language='DE')/Businesses"}},"ID":"16630","Language":"DE","IdSubject":"3187","VoteId":null,"PersonNumber":50,"Type":1,"Text":"<pd_text><p>Je crois que l'article 11b a une certaine importance et je vous recommande de soutenir la proposition de la majorit\u00e9 de la commission. L'introduction de la formule potestative est d\u00e9j\u00e0, par rapport \u00e0 la situation actuelle, un changement important. Elle exprime la volont\u00e9 du Conseil f\u00e9d\u00e9ral d'intervenir dans le cadre des moyens disponibles, lorsque des d\u00e9s\u00e9quilibres se manifestent. Aller plus loin et imposer une obligation au Conseil f\u00e9d\u00e9ral d'intervenir, non seulement lorsque les d\u00e9s\u00e9quilibres se sont manifest\u00e9s, mais aussi lorsque des risques de d\u00e9s\u00e9quilibre se manifestent, c'est cr\u00e9er une base pour un activisme qui est dangereux pour les \u00e9quilibres du march\u00e9, du march\u00e9 de l'emploi aussi. Nous avons la volont\u00e9 d'intervenir lorsque cela est n\u00e9cessaire, mais il faut garder une certaine libert\u00e9 de le faire ou de ne pas le faire, en fonction des circonstances et d'une appr\u00e9ciation technique et politique aussi.</p>\n<p>C'est la raison pour laquelle le projet du Conseil f\u00e9d\u00e9ral r\u00e9pond, au fond, \u00e0 la plupart des pr\u00e9occupations de la minorit\u00e9 de la commission, mais n'impose pas de r\u00e8gles imp\u00e9ratives dans le cadre d'une loi comme celle-l\u00e0. C'est quelque chose de plus efficace.</p>\n</pd_text>","MeetingCouncilAbbreviation":"N","MeetingDate":"20011128","MeetingVerbalixOid":865,"IdSession":"4611","SpeakerFirstName":"Pascal","SpeakerLastName":"Couchepin","SpeakerFullName":"Couchepin Pascal","SpeakerFunction":"BR-M","CouncilId":99,"CouncilName":"Bundesrat","CantonId":23,"CantonName":"Wallis","CantonAbbreviation":"VS","ParlGroupName":null,"ParlGroupAbbreviation":null,"SortOrder":50,"Start":"\/Date(1006943431918)\/","End":"\/Date(1006943512168)\/","Function":"","DisplaySpeaker":true,"LanguageOfText":"FR","Modified":"\/Date(1774878201522)\/","StartTimeWithTimezone":"\/Date(1006943431917+0060)\/","EndTimeWithTimezone":"\/Date(1006943512167+0060)\/","VoteBusinessNumber":null,"VoteBusinessShortNumber":null,"VoteBusinessTitle":null},{"__metadata":{"id":"https://ws.parlament.ch/OData.svc/Transcript(ID=16631L,Language='DE')","uri":"https://ws.parlament.ch/OData.svc/Transcript(ID=16631L,Language='DE')","type":"itsystems.Pd.DataServices.DataModel.Transcript"},"Subjects":{"__deferred":{"uri":"https://ws.parlament.ch/OData.svc/Transcript(ID=16631L,Language='DE')/Subjects"}},"MembersCouncil":{"__deferred":{"uri":"https://ws.parlament.ch/OData.svc/Transcript(ID=16631L,Language='DE')/MembersCouncil"}},"Businesses":{"__deferred":{"uri":"https://ws.parlament.ch/OData.svc/Transcript(ID=16631L,Language='DE')/Businesses"}},"ID":"16631","Language":"DE","IdSubject":"3187","VoteId":null,"PersonNumber":311,"Type":1,"Text":"<pd_text><p><i>Abstimmung - Vote</i></p>\n<p>F\u00fcr den Antrag der Mehrheit .... 95 Stimmen</p>\n<p>F\u00fcr den Antrag der Minderheit .... 59 Stimmen</p>\n<p>[VS]</p>\n<p><b>Art. 11c</b></p>\n<p><i>Antrag der Kommission</i></p>\n<p><i>Titel</i></p>\n<p>Lehrvertrag</p>\n<p><i>Abs. 1</i></p>\n<p>Zwischen den Lernenden und den Anbietern der Bildung in beruflicher Praxis wird ein Lehrvertrag abgeschlossen. Er richtet sich nach den Bestimmungen des Obligationenrechtes \u00fcber den Lehrvertrag (Art. 344-346a), soweit dieses Gesetz keine abweichende Regelung enth\u00e4lt.</p>\n<p><i>Abs. 2</i></p>\n<p>Der Lehrvertrag wird am Anfang in der Regel f\u00fcr die ganze Dauer der Berufslehre abgeschlossen. Erfolgt die Berufslehre nacheinander in verschiedenen Betrieben, so kann der Vertrag f\u00fcr die Dauer des jeweiligen Bildungsteils abgeschlossen werden.</p>\n<p>[VS]</p>\n<p><i>Abs. 3</i></p>\n<p><i>Mehrheit</i></p>\n<p>Der Lehrvertrag ist von der zust\u00e4ndigen kantonalen Beh\u00f6rde zu genehmigen.</p>\n<p><i>Minderheit</i></p>\n<p>(Scheurer R\u00e9my, Bangerter, Kofmel, Randegger)</p>\n<p>Der Lehrvertrag ist der zust\u00e4ndigen kantonalen Beh\u00f6rde zur Kenntnis zu bringen. (= Entwurf Bundesrat zu Art. 21 Abs. 3)</p>\n<p>[VS]</p>\n<p><i>Antrag Lustenberger</i></p>\n<p><i>Abs. 3</i></p>\n<p>.... F\u00fcr die Genehmigung d\u00fcrfen keine Geb\u00fchren erhoben werden.</p>\n<p>[VS]</p>\n<p><b>Art. 11c</b></p>\n<p><i>Proposition de la commission</i></p>\n<p><i>Titre</i></p>\n<p>Contrat d'apprentissage</p>\n<p><i>Al. 1</i></p>\n<p>Les personnes qui commencent une formation et les prestataires de la formation \u00e0 la pratique professionnelle concluent un contrat d'apprentissage. Ce contrat est r\u00e9gi par les dispositions y relatives du Code des obligations (art. 344-346a), \u00e0 moins que la pr\u00e9sente loi n'en dispose autrement.</p>\n<p><i>Al. 2</i></p>\n<p>Le contrat est en r\u00e8gle g\u00e9n\u00e9rale conclu au d\u00e9but pour toute la dur\u00e9e de l'apprentissage. Il peut \u00eatre conclu pour chaque partie de l'apprentissage si ce dernier a lieu successivement dans plusieurs entreprises.</p>\n<p>[VS]</p>\n<p><i>Al. 3</i></p>\n<p><i>Majorit\u00e9</i></p>\n<p>Le contrat doit \u00eatre approuv\u00e9 par les autorit\u00e9s cantonales.</p>\n<p><i>Minorit\u00e9</i></p>\n<p>(Scheurer R\u00e9my, Bangerter, Kofmel, Randegger)</p>\n<p>Le contrat est port\u00e9 \u00e0 la connaissance des autorit\u00e9s cantonales comp\u00e9tentes. (= projet du Conseil f\u00e9d\u00e9ral, art. 21 al. 3)</p>\n<p>[VS]</p>\n<p><i>Proposition Lustenberger</i></p>\n<p><i>Al. 3</i></p>\n<p>.... Aucun \u00e9molument ne peut \u00eatre pr\u00e9lev\u00e9 pour cette approbation. </p>\n<p>[VS]</p>\n<p><i>Titel, Abs. 1, 2 - Titre, al. 1, 2</i></p>\n<p><i>Angenommen - Adopt\u00e9</i></p>\n<p>[VS]</p>\n<p><i>Abs. 3 - Al. 3</i></p>\n</pd_text>","MeetingCouncilAbbreviation":"N","MeetingDate":"20011128","MeetingVerbalixOid":865,"IdSession":"4611","SpeakerFirstName":"Yves","SpeakerLastName":"Christen","SpeakerFullName":"Christen Yves","SpeakerFunction":"1VP-M","CouncilId":1,"CouncilName":"Nationalrat","CantonId":22,"CantonName":"Waadt","CantonAbbreviation":"VD","ParlGroupName":"Freisinnig-demokratische Fraktion","ParlGroupAbbreviation":"RL","SortOrder":51,"Start":"\/Date(1006943512168)\/","End":"\/Date(1006943624996)\/","Function":"","DisplaySpeaker":false,"LanguageOfText":null,"Modified":"\/Date(1774878201524)\/","StartTimeWithTimezone":"\/Date(1006943512167+0060)\/","EndTimeWithTimezone":"\/Date(1006943624997+0060)\/","VoteBusinessNumber":null,"VoteBusinessShortNumber":null,"VoteBusinessTitle":null},{"__metadata":{"id":"https://ws.parlament.ch/OData.svc/Transcript(ID=16632L,Language='DE')","uri":"https://ws.parlament.ch/OData.svc/Transcript(ID=16632L,Language='DE')","type":"itsystems.Pd.DataServices.DataModel.Transcript"},"Subjects":{"__deferred":{"uri":"https://ws.parlament.ch/OData.svc/Transcript(ID=16632L,Language='DE')/Subjects"}},"MembersCouncil":{"__deferred":{"uri":"https://ws.parlament.ch/OData.svc/Transcript(ID=16632L,Language='DE')/MembersCouncil"}},"Businesses":{"__deferred":{"uri":"https://ws.parlament.ch/OData.svc/Transcript(ID=16632L,Language='DE')/Businesses"}},"ID":"16632","Language":"DE","IdSubject":"3187","VoteId":null,"PersonNumber":193,"Type":1,"Text":"<pd_text><p>Le texte du Conseil f\u00e9d\u00e9ral auquel se r\u00e9f\u00e8re ma proposition de minorit\u00e9 se trouve \u00e0 l'article 21 alin\u00e9a 3 du projet du Conseil f\u00e9d\u00e9ral. Il y est pr\u00e9vu que le contrat \"est port\u00e9 \u00e0 la connaissance des autorit\u00e9s cantonales comp\u00e9tentes\".</p>\n<p>La question essentielle est celle de l'exigence d'avoir des contrats d'apprentissage dans lesquels il y ait une bonne garantie de formation et un bon \u00e9quilibre entre les droits et les obligations du ma\u00eetre d'apprentissage et ceux de l'apprenti. Il est donc justifi\u00e9 que les cantons donnent leur approbation. Mais est-ce qu'il faut que chaque contrat re\u00e7oive express\u00e9ment et singuli\u00e8rement l'approbation des autorit\u00e9s cantonales?</p>\n<p>A notre sens, cela n'est pas n\u00e9cessaire. La comp\u00e9tence des cantons figure un plus loin \u00e0 l'article 14c, particuli\u00e8rement \u00e0 l'alin\u00e9a 2 qui stipule que les prestataires de la formation \u00e0 la pratique professionnelle \"doivent avoir l'autorisation du canton pour former des apprentis. Le canton la leur d\u00e9livre s'ils remplissent les conditions fix\u00e9es par la loi\". C'est l\u00e0 qu'est la comp\u00e9tence cantonale.</p>\n<p>Ainsi, le canton v\u00e9rifie que l'entreprise est capable de former des apprentis selon les exigences de la loi et il d\u00e9livre ensuite une autorisation g\u00e9n\u00e9rale \u00e0 cette entreprise de conclure des contrats d'apprentissage, autorisation qui bien s\u00fbr peut \u00eatre r\u00e9voqu\u00e9e si les conditions ne sont plus remplies.</p>\n<p>Alors, aller jusqu'\u00e0 l'approbation individuelle de chaque contrat entra\u00eenerait une charge administrative importante pour les cantons et, qui plus est, une charge difficile \u00e0 g\u00e9rer, car la plupart des contrats d'apprentissage sont conclus pendant une p\u00e9riode tr\u00e8s courte de l'ann\u00e9e, \u00e0 la fin de la scolarit\u00e9. Qu'en serait-il des apprentissages commenc\u00e9s avant que l'autorisation cantonale ait pu \u00eatre donn\u00e9e?</p>\n<p>Quelles pourraient \u00eatre les pr\u00e9tentions de l'une ou l'autre des parties envers le canton, en cas de difficult\u00e9s post\u00e9rieures? Etant donn\u00e9 l'\u00e9volution des m\u00e9tiers et la possibilit\u00e9 de faire un apprentissage dans plusieurs entreprises, et des entreprises qui sont parfois dans plusieurs cantons, quel serait le canton comp\u00e9tent? Vous voyez que la proposition de la majorit\u00e9 de la commission, en fait, ne donne aucune comp\u00e9tence v\u00e9ritable suppl\u00e9mentaire aux cantons ni aucune garantie suppl\u00e9mentaire aux apprentis.</p>\n<p>La proposition de la majorit\u00e9 cr\u00e9e une surcharge administrative inutile et enfin, elle est source de difficult\u00e9s. La disposition du Conseil f\u00e9d\u00e9ral \u00e0 l'article 21, que soutient la minorit\u00e9 [PAGE 1583] de la commission, est donc incontestablement meilleure, on peut m\u00eame dire la meilleure.</p>\n</pd_text>","MeetingCouncilAbbreviation":"N","MeetingDate":"20011128","MeetingVerbalixOid":865,"IdSession":"4611","SpeakerFirstName":"R\u00e9my","SpeakerLastName":"Scheurer","SpeakerFullName":"Scheurer R\u00e9my","SpeakerFunction":"","CouncilId":1,"CouncilName":"Nationalrat","CantonId":24,"CantonName":"Neuenburg","CantonAbbreviation":"NE","ParlGroupName":"Liberale Fraktion","ParlGroupAbbreviation":"L","SortOrder":52,"Start":"\/Date(1006943624996)\/","End":"\/Date(1006943893566)\/","Function":"","DisplaySpeaker":true,"LanguageOfText":"FR","Modified":"\/Date(1774878201527)\/","StartTimeWithTimezone":"\/Date(1006943624997+0060)\/","EndTimeWithTimezone":"\/Date(1006943893567+0060)\/","VoteBusinessNumber":null,"VoteBusinessShortNumber":null,"VoteBusinessTitle":null},{"__metadata":{"id":"https://ws.parlament.ch/OData.svc/Transcript(ID=16633L,Language='DE')","uri":"https://ws.parlament.ch/OData.svc/Transcript(ID=16633L,Language='DE')","type":"itsystems.Pd.DataServices.DataModel.Transcript"},"Subjects":{"__deferred":{"uri":"https://ws.parlament.ch/OData.svc/Transcript(ID=16633L,Language='DE')/Subjects"}},"MembersCouncil":{"__deferred":{"uri":"https://ws.parlament.ch/OData.svc/Transcript(ID=16633L,Language='DE')/MembersCouncil"}},"Businesses":{"__deferred":{"uri":"https://ws.parlament.ch/OData.svc/Transcript(ID=16633L,Language='DE')/Businesses"}},"ID":"16633","Language":"DE","IdSubject":"3187","VoteId":null,"PersonNumber":500,"Type":1,"Text":"<pd_text><p>Die SVP-Fraktion ist bestrebt, einfache und leicht praktikable administrative Regelungen zu unterst\u00fctzen. Wenn die Lehrvertr\u00e4ge von den kantonalen Stellen schon gepr\u00fcft werden m\u00fcssen - was richtig ist -, dann k\u00f6nnen diese Lehrvertr\u00e4ge im gleichen Zug auch genehmigt werden. Die kantonalen Stellen, die bis heute diese Arbeit gemacht haben, best\u00e4tigen die Zweckm\u00e4ssigkeit einer vereinfachten Regelung.</p>\n<p>Die SVP-Fraktion unterst\u00fctzt hier die Mehrheit.</p>\n</pd_text>","MeetingCouncilAbbreviation":"N","MeetingDate":"20011128","MeetingVerbalixOid":865,"IdSession":"4611","SpeakerFirstName":"Theophil","SpeakerLastName":"Pfister","SpeakerFullName":"Pfister Theophil","SpeakerFunction":"","CouncilId":1,"CouncilName":"Nationalrat","CantonId":17,"CantonName":"St. Gallen","CantonAbbreviation":"SG","ParlGroupName":"Fraktion der Schweizerischen Volkspartei","ParlGroupAbbreviation":"V","SortOrder":53,"Start":"\/Date(1006943893566)\/","End":"\/Date(1006943946128)\/","Function":"","DisplaySpeaker":true,"LanguageOfText":"DE","Modified":"\/Date(1774878201529)\/","StartTimeWithTimezone":"\/Date(1006943893567+0060)\/","EndTimeWithTimezone":"\/Date(1006943946127+0060)\/","VoteBusinessNumber":null,"VoteBusinessShortNumber":null,"VoteBusinessTitle":null},{"__metadata":{"id":"https://ws.parlament.ch/OData.svc/Transcript(ID=16634L,Language='DE')","uri":"https://ws.parlament.ch/OData.svc/Transcript(ID=16634L,Language='DE')","type":"itsystems.Pd.DataServices.DataModel.Transcript"},"Subjects":{"__deferred":{"uri":"https://ws.parlament.ch/OData.svc/Transcript(ID=16634L,Language='DE')/Subjects"}},"MembersCouncil":{"__deferred":{"uri":"https://ws.parlament.ch/OData.svc/Transcript(ID=16634L,Language='DE')/MembersCouncil"}},"Businesses":{"__deferred":{"uri":"https://ws.parlament.ch/OData.svc/Transcript(ID=16634L,Language='DE')/Businesses"}},"ID":"16634","Language":"DE","IdSubject":"3187","VoteId":null,"PersonNumber":311,"Type":1,"Text":"<pd_text><p>Le groupe d\u00e9mocrate-chr\u00e9tien annonce qu'il se rallie \u00e0 la proposition de la majorit\u00e9. Le groupe radical-d\u00e9mocratique va se rallier \u00e0 la proposition de minorit\u00e9 Scheurer R\u00e9my.</p>\n</pd_text>","MeetingCouncilAbbreviation":"N","MeetingDate":"20011128","MeetingVerbalixOid":865,"IdSession":"4611","SpeakerFirstName":"Yves","SpeakerLastName":"Christen","SpeakerFullName":"Christen Yves","SpeakerFunction":"1VP-M","CouncilId":1,"CouncilName":"Nationalrat","CantonId":22,"CantonName":"Waadt","CantonAbbreviation":"VD","ParlGroupName":"Freisinnig-demokratische Fraktion","ParlGroupAbbreviation":"RL","SortOrder":54,"Start":"\/Date(1006943946128)\/","End":"\/Date(1006943959191)\/","Function":"","DisplaySpeaker":true,"LanguageOfText":"FR","Modified":"\/Date(1774878201530)\/","StartTimeWithTimezone":"\/Date(1006943946127+0060)\/","EndTimeWithTimezone":"\/Date(1006943959190+0060)\/","VoteBusinessNumber":null,"VoteBusinessShortNumber":null,"VoteBusinessTitle":null},{"__metadata":{"id":"https://ws.parlament.ch/OData.svc/Transcript(ID=16635L,Language='DE')","uri":"https://ws.parlament.ch/OData.svc/Transcript(ID=16635L,Language='DE')","type":"itsystems.Pd.DataServices.DataModel.Transcript"},"Subjects":{"__deferred":{"uri":"https://ws.parlament.ch/OData.svc/Transcript(ID=16635L,Language='DE')/Subjects"}},"MembersCouncil":{"__deferred":{"uri":"https://ws.parlament.ch/OData.svc/Transcript(ID=16635L,Language='DE')/MembersCouncil"}},"Businesses":{"__deferred":{"uri":"https://ws.parlament.ch/OData.svc/Transcript(ID=16635L,Language='DE')/Businesses"}},"ID":"16635","Language":"DE","IdSubject":"3187","VoteId":null,"PersonNumber":346,"Type":1,"Text":"<pd_text><p>Hier besteht eine starke Mehrheit in der Kommission: Mit 13 zu 4 Stimmen bei 3 Enthaltungen wurde in der Kommission jener Antrag unterst\u00fctzt, der jetzt als Antrag der Mehrheit vorliegt. Es geht um die Sorge um die Lehrstellen; eine Verschlechterung der Situation ist das Bedenken, das viele Kommissionsmitglieder zu diesem Entscheid bewogen hat. Ich darf daran erinnern, dass es diverse Kantone gibt, die bereits heute schon nicht nur \"zur Kenntnis nehmen und pr\u00fcfen\", sondern den Lehrvertrag auch bewilligen.</p>\n<p>In diesem Sinne bitte ich Sie, der Mehrheit zu folgen.</p>\n</pd_text>","MeetingCouncilAbbreviation":"N","MeetingDate":"20011128","MeetingVerbalixOid":865,"IdSession":"4611","SpeakerFirstName":"Johannes","SpeakerLastName":"Randegger","SpeakerFullName":"Randegger Johannes","SpeakerFunction":"","CouncilId":1,"CouncilName":"Nationalrat","CantonId":12,"CantonName":"Basel-Stadt","CantonAbbreviation":"BS","ParlGroupName":"Freisinnig-demokratische Fraktion","ParlGroupAbbreviation":"RL","SortOrder":55,"Start":"\/Date(1006943959191)\/","End":"\/Date(1006944002597)\/","Function":"*","DisplaySpeaker":true,"LanguageOfText":"DE","Modified":"\/Date(1774878201532)\/","StartTimeWithTimezone":"\/Date(1006943959190+0060)\/","EndTimeWithTimezone":"\/Date(1006944002597+0060)\/","VoteBusinessNumber":null,"VoteBusinessShortNumber":null,"VoteBusinessTitle":null},{"__metadata":{"id":"https://ws.parlament.ch/OData.svc/Transcript(ID=16636L,Language='DE')","uri":"https://ws.parlament.ch/OData.svc/Transcript(ID=16636L,Language='DE')","type":"itsystems.Pd.DataServices.DataModel.Transcript"},"Subjects":{"__deferred":{"uri":"https://ws.parlament.ch/OData.svc/Transcript(ID=16636L,Language='DE')/Subjects"}},"MembersCouncil":{"__deferred":{"uri":"https://ws.parlament.ch/OData.svc/Transcript(ID=16636L,Language='DE')/MembersCouncil"}},"Businesses":{"__deferred":{"uri":"https://ws.parlament.ch/OData.svc/Transcript(ID=16636L,Language='DE')/Businesses"}},"ID":"16636","Language":"DE","IdSubject":"3187","VoteId":null,"PersonNumber":459,"Type":1,"Text":"<pd_text><p>Je serai assez br\u00e8ve. Effectivement, c'est d\u00e9j\u00e0 le cas dans certains cantons o\u00f9 les contrats d'apprentissage sont vis\u00e9s par eux. Donc, je pense qu'introduire cette disposition dans la loi f\u00e9d\u00e9rale, loi-cadre, permet d'harmoniser les conditions d'acceptation sur l'ensemble de la Suisse et d'\u00e9viter que nous ayons des conditions d'acceptation diff\u00e9rentes suivant le canton dans lequel on se trouve.</p>\n<p>Je vous recommande donc, comme l'\u00e9crasante majorit\u00e9 de la commission, de voter la proposition de majorit\u00e9.</p>\n</pd_text>","MeetingCouncilAbbreviation":"N","MeetingDate":"20011128","MeetingVerbalixOid":865,"IdSession":"4611","SpeakerFirstName":"Marlyse","SpeakerLastName":"Dormond","SpeakerFullName":"Dormond Marlyse","SpeakerFunction":"","CouncilId":1,"CouncilName":"Nationalrat","CantonId":22,"CantonName":"Waadt","CantonAbbreviation":"VD","ParlGroupName":"Sozialdemokratische Fraktion","ParlGroupAbbreviation":"S","SortOrder":56,"Start":"\/Date(1006944002597)\/","End":"\/Date(1006944040909)\/","Function":"*","DisplaySpeaker":true,"LanguageOfText":"FR","Modified":"\/Date(1774878201533)\/","StartTimeWithTimezone":"\/Date(1006944002597+0060)\/","EndTimeWithTimezone":"\/Date(1006944040910+0060)\/","VoteBusinessNumber":null,"VoteBusinessShortNumber":null,"VoteBusinessTitle":null},{"__metadata":{"id":"https://ws.parlament.ch/OData.svc/Transcript(ID=16637L,Language='DE')","uri":"https://ws.parlament.ch/OData.svc/Transcript(ID=16637L,Language='DE')","type":"itsystems.Pd.DataServices.DataModel.Transcript"},"Subjects":{"__deferred":{"uri":"https://ws.parlament.ch/OData.svc/Transcript(ID=16637L,Language='DE')/Subjects"}},"MembersCouncil":{"__deferred":{"uri":"https://ws.parlament.ch/OData.svc/Transcript(ID=16637L,Language='DE')/MembersCouncil"}},"Businesses":{"__deferred":{"uri":"https://ws.parlament.ch/OData.svc/Transcript(ID=16637L,Language='DE')/Businesses"}},"ID":"16637","Language":"DE","IdSubject":"3187","VoteId":null,"PersonNumber":490,"Type":1,"Text":"<pd_text><p>Den KMU kommt innerhalb unseres dualen Berufsbildungssystems eine sehr wichtige Rolle zu. Sie sind die tragende S\u00e4ule dieses Systems. Viele von uns reden und schreiben immer wieder davon, dass eben die Rahmenbedingungen f\u00fcr die KMU verbessert werden m\u00fcssen. Grunds\u00e4tzlich stelle ich auch fest, dass die Kommission diesem Anliegen Rechnung getragen hat. </p>\n<p>Mein Einzelantrag ist ein kleines zus\u00e4tzliches Mosaiksteinchen in den andauernden Bestrebungen, die KMU zu entlasten und vor allem ihre Rahmenbedingungen etwas zu verbessern. Es ist meines Erachtens schlichtweg nicht nachvollziehbar, dass ein Unternehmer, der gewillt ist, Lehrlinge auszubilden, daf\u00fcr auch noch mit staatlichen Geb\u00fchren belastet wird. Zurzeit werden von den Kantonen Abgaben erhoben, wenn es beispielsweise darum geht, einen Lehrvertrag zu genehmigen. Wenn es schon im Interesse des Staates liegt - und das ist unbestritten -, dass die Wirtschaft Lehrstellen anbietet und Lehrlinge ausbildet, dann sollten die entsprechenden Betriebe nicht noch mit Geb\u00fchren bestraft werden. Es kommt noch dazu, dass es verwaltungs\u00f6konomisch wohl kaum Sinn macht, wenn beispielsweise f\u00fcr die Genehmigung eines Lehrvertrages Beitr\u00e4ge von 30 oder 50 Franken in Rechnung gestellt werden. </p>\n<p>Deshalb bitte ich Sie: Stimmen Sie meinem Antrag zu!</p>\n</pd_text>","MeetingCouncilAbbreviation":"N","MeetingDate":"20011128","MeetingVerbalixOid":865,"IdSession":"4611","SpeakerFirstName":"Ruedi","SpeakerLastName":"Lustenberger","SpeakerFullName":"Lustenberger Ruedi","SpeakerFunction":"","CouncilId":1,"CouncilName":"Nationalrat","CantonId":3,"CantonName":"Luzern","CantonAbbreviation":"LU","ParlGroupName":"Christlichdemokratische Fraktion","ParlGroupAbbreviation":"M-E","SortOrder":57,"Start":"\/Date(1006944075566)\/","End":"\/Date(1006944188769)\/","Function":"","DisplaySpeaker":true,"LanguageOfText":"DE","Modified":"\/Date(1774878201535)\/","StartTimeWithTimezone":"\/Date(1006944075567+0060)\/","EndTimeWithTimezone":"\/Date(1006944188770+0060)\/","VoteBusinessNumber":null,"VoteBusinessShortNumber":null,"VoteBusinessTitle":null},{"__metadata":{"id":"https://ws.parlament.ch/OData.svc/Transcript(ID=16638L,Language='DE')","uri":"https://ws.parlament.ch/OData.svc/Transcript(ID=16638L,Language='DE')","type":"itsystems.Pd.DataServices.DataModel.Transcript"},"Subjects":{"__deferred":{"uri":"https://ws.parlament.ch/OData.svc/Transcript(ID=16638L,Language='DE')/Subjects"}},"MembersCouncil":{"__deferred":{"uri":"https://ws.parlament.ch/OData.svc/Transcript(ID=16638L,Language='DE')/MembersCouncil"}},"Businesses":{"__deferred":{"uri":"https://ws.parlament.ch/OData.svc/Transcript(ID=16638L,Language='DE')/Businesses"}},"ID":"16638","Language":"DE","IdSubject":"3187","VoteId":null,"PersonNumber":500,"Type":1,"Text":"<pd_text><p>Nur kurz eine Mitteilung: Herr Lustenberger zeigt ein Problem auf, das nicht diskutiert wurde. Aber offenbar ist es tats\u00e4chlich so, dass Lehrvertr\u00e4ge teilweise gegen Verrechnung genehmigt werden. Das ist eigentlich nicht sehr h\u00e4ufig.</p>\n<p>Wir unterst\u00fctzen darum den Antrag Lustenberger.</p>\n</pd_text>","MeetingCouncilAbbreviation":"N","MeetingDate":"20011128","MeetingVerbalixOid":865,"IdSession":"4611","SpeakerFirstName":"Theophil","SpeakerLastName":"Pfister","SpeakerFullName":"Pfister Theophil","SpeakerFunction":"","CouncilId":1,"CouncilName":"Nationalrat","CantonId":17,"CantonName":"St. Gallen","CantonAbbreviation":"SG","ParlGroupName":"Fraktion der Schweizerischen Volkspartei","ParlGroupAbbreviation":"V","SortOrder":58,"Start":"\/Date(1006944205612)\/","End":"\/Date(1006944232566)\/","Function":"","DisplaySpeaker":true,"LanguageOfText":"DE","Modified":"\/Date(1774878201536)\/","StartTimeWithTimezone":"\/Date(1006944205613+0060)\/","EndTimeWithTimezone":"\/Date(1006944232567+0060)\/","VoteBusinessNumber":null,"VoteBusinessShortNumber":null,"VoteBusinessTitle":null},{"__metadata":{"id":"https://ws.parlament.ch/OData.svc/Transcript(ID=16639L,Language='DE')","uri":"https://ws.parlament.ch/OData.svc/Transcript(ID=16639L,Language='DE')","type":"itsystems.Pd.DataServices.DataModel.Transcript"},"Subjects":{"__deferred":{"uri":"https://ws.parlament.ch/OData.svc/Transcript(ID=16639L,Language='DE')/Subjects"}},"MembersCouncil":{"__deferred":{"uri":"https://ws.parlament.ch/OData.svc/Transcript(ID=16639L,Language='DE')/MembersCouncil"}},"Businesses":{"__deferred":{"uri":"https://ws.parlament.ch/OData.svc/Transcript(ID=16639L,Language='DE')/Businesses"}},"ID":"16639","Language":"DE","IdSubject":"3187","VoteId":null,"PersonNumber":346,"Type":1,"Text":"<pd_text><p>Theo Pfister hat es eben gesagt: Wir haben in Artikel 45 eine Generalklausel, nach der die Examen geb\u00fchrenfrei sind. Im Sinne des Gesetzes soll nat\u00fcrlich auch der Abschluss der Lehrvertr\u00e4ge geb\u00fchrenfrei sein. Das entspricht auch dem Geist der Antr\u00e4ge der Kommission. </p>\n<p>In diesem Sinne empfehle ich Ihnen, den Antrag Lustenberger anzunehmen. Dann ist die Sache wasserdicht geregelt.</p>\n</pd_text>","MeetingCouncilAbbreviation":"N","MeetingDate":"20011128","MeetingVerbalixOid":865,"IdSession":"4611","SpeakerFirstName":"Johannes","SpeakerLastName":"Randegger","SpeakerFullName":"Randegger Johannes","SpeakerFunction":"","CouncilId":1,"CouncilName":"Nationalrat","CantonId":12,"CantonName":"Basel-Stadt","CantonAbbreviation":"BS","ParlGroupName":"Freisinnig-demokratische Fraktion","ParlGroupAbbreviation":"RL","SortOrder":59,"Start":"\/Date(1006944232566)\/","End":"\/Date(1006944266362)\/","Function":"*","DisplaySpeaker":true,"LanguageOfText":"DE","Modified":"\/Date(1774878201538)\/","StartTimeWithTimezone":"\/Date(1006944232567+0060)\/","EndTimeWithTimezone":"\/Date(1006944266363+0060)\/","VoteBusinessNumber":null,"VoteBusinessShortNumber":null,"VoteBusinessTitle":null},{"__metadata":{"id":"https://ws.parlament.ch/OData.svc/Transcript(ID=16640L,Language='DE')","uri":"https://ws.parlament.ch/OData.svc/Transcript(ID=16640L,Language='DE')","type":"itsystems.Pd.DataServices.DataModel.Transcript"},"Subjects":{"__deferred":{"uri":"https://ws.parlament.ch/OData.svc/Transcript(ID=16640L,Language='DE')/Subjects"}},"MembersCouncil":{"__deferred":{"uri":"https://ws.parlament.ch/OData.svc/Transcript(ID=16640L,Language='DE')/MembersCouncil"}},"Businesses":{"__deferred":{"uri":"https://ws.parlament.ch/OData.svc/Transcript(ID=16640L,Language='DE')/Businesses"}},"ID":"16640","Language":"DE","IdSubject":"3187","VoteId":null,"PersonNumber":459,"Type":1,"Text":"<pd_text><p>Je vous recommande aussi d'accepter la proposition Lustenberger. Effectivement, je ne trouverais pas logique que les pouvoirs publics demandent des \u00e9moluments pour simplement approuver les contrats de formation alors que, de toute fa\u00e7on, nous n'en demanderions pas pour les examens, ce qui me para\u00eet d'ailleurs tout \u00e0 fait souhaitable.</p>\n<p>Je vous recommande donc d'accepter la proposition Lustenberger qui va tout \u00e0 fait dans le sens de ce que voulait la commission dans les dispositions qu'elle a discut\u00e9es.</p>\n</pd_text>","MeetingCouncilAbbreviation":"N","MeetingDate":"20011128","MeetingVerbalixOid":865,"IdSession":"4611","SpeakerFirstName":"Marlyse","SpeakerLastName":"Dormond","SpeakerFullName":"Dormond Marlyse","SpeakerFunction":"","CouncilId":1,"CouncilName":"Nationalrat","CantonId":22,"CantonName":"Waadt","CantonAbbreviation":"VD","ParlGroupName":"Sozialdemokratische Fraktion","ParlGroupAbbreviation":"S","SortOrder":60,"Start":"\/Date(1006944266362)\/","End":"\/Date(1006944305050)\/","Function":"*","DisplaySpeaker":true,"LanguageOfText":"FR","Modified":"\/Date(1774878201539)\/","StartTimeWithTimezone":"\/Date(1006944266363+0060)\/","EndTimeWithTimezone":"\/Date(1006944305050+0060)\/","VoteBusinessNumber":null,"VoteBusinessShortNumber":null,"VoteBusinessTitle":null},{"__metadata":{"id":"https://ws.parlament.ch/OData.svc/Transcript(ID=16641L,Language='DE')","uri":"https://ws.parlament.ch/OData.svc/Transcript(ID=16641L,Language='DE')","type":"itsystems.Pd.DataServices.DataModel.Transcript"},"Subjects":{"__deferred":{"uri":"https://ws.parlament.ch/OData.svc/Transcript(ID=16641L,Language='DE')/Subjects"}},"MembersCouncil":{"__deferred":{"uri":"https://ws.parlament.ch/OData.svc/Transcript(ID=16641L,Language='DE')/MembersCouncil"}},"Businesses":{"__deferred":{"uri":"https://ws.parlament.ch/OData.svc/Transcript(ID=16641L,Language='DE')/Businesses"}},"ID":"16641","Language":"DE","IdSubject":"3187","VoteId":null,"PersonNumber":311,"Type":1,"Text":"<pd_text><p><i>Erste Abstimmung - Premier vote</i></p>\n<p>F\u00fcr den Antrag Lustenberger .... 132 Stimmen</p>\n<p>(Einstimmigkeit)</p>\n<p>[VS]</p>\n<p><i>Zweite Abstimmung - Deuxi\u00e8me vote</i></p>\n<p>F\u00fcr den Antrag der Mehrheit .... 98 Stimmen</p>\n<p>F\u00fcr den Antrag der Minderheit .... 36 Stimmen</p>\n<p>[VS]</p>\n<p><b>Art. 12</b></p>\n<p><i>Antrag der Kommission</i></p>\n<p><i>Abs. 1</i></p>\n<p>.... die zur Aus\u00fcbung einer T\u00e4tigkeit in einem Beruf oder in einem Berufs- oder T\u00e4tigkeitsfeld (nachfolgend Berufst\u00e4tigkeit) erforderlich sind.</p>\n<p><i>Abs. 2</i></p>\n<p>....</p>\n<p>b. .... Gesellschaft zu integrieren; die grundlegende Allgemeinbildung schliesst Unterricht in Kunst und Kultur sowie in mindestens einer zweiten Sprache ein;</p>\n<p>....</p>\n<p><i>Abs. 3</i></p>\n<p>Zustimmung zum Entwurf des Bundesrates</p>\n<p><i>Abs. 4</i></p>\n<p>.... von Turnen und Sport und ist Bestandteil der Allgemeinbildung.</p>\n<p>[VS]</p>\n<p><b>Art. 12</b></p>\n<p><i>Proposition de la commission</i></p>\n<p><i>Al. 1</i></p>\n<p>Adh\u00e9rer au projet du Conseil f\u00e9d\u00e9ral</p>\n<p>(la modification ne concerne que le texte allemand)</p>\n<p><i>Al. 2</i></p>\n<p>....</p>\n<p>b. .... s'int\u00e9grer dans la soci\u00e9t\u00e9; la culture g\u00e9n\u00e9rale de base comprend un enseignement en mati\u00e8re artistique et culturelle, ainsi que l'enseignement d'au moins une deuxi\u00e8me langue;</p>\n<p>....</p>\n<p><i>Al. 3</i></p>\n<p>Adh\u00e9rer au projet du Conseil f\u00e9d\u00e9ral</p>\n<p><i>Al. 4</i></p>\n<p>.... les sports et fait partie int\u00e9grante de la culture g\u00e9n\u00e9rale.</p>\n<p>[VS]</p>\n<p><i>Angenommen - Adopt\u00e9</i></p>\n<p>[VS]</p>\n<p><b>Art. 13</b></p>\n<p><i>Antrag der Kommission</i></p>\n<p><i>Titel</i></p>\n<p>Inhalte, Lernorte, Verantwortlichkeiten</p>\n<p><i>Abs. 1</i></p>\n<p>Die berufliche Grundbildung besteht aus:</p>\n<p>a. Bildung in beruflicher Praxis;</p>\n<p>b. allgemeiner und berufskundlicher schulischer Bildung; [PAGE 1584] </p>\n<p>c. Erg\u00e4nzungen der Bildung in beruflicher Praxis und schulischer Bildung, wo die zu erlernende Berufst\u00e4tigkeit dies erfordert.</p>\n<p><i>Abs. 1bis</i></p>\n<p>Die Vermittlung der beruflichen Grundbildung findet in der Regel an folgenden Lernorten statt:</p>\n<p>a. im Lehrbetrieb, im Lehrbetriebsverbund, in Lehrwerkst\u00e4tten oder in anderen zu diesem Zweck anerkannten Institutionen f\u00fcr die Bildung in beruflicher Praxis;</p>\n<p>b. in Berufsfachschulen f\u00fcr die allgemeine und die berufskundliche Bildung;</p>\n<p>c. in \u00fcberbetrieblichen Kursen und vergleichbaren dritten Lernorten f\u00fcr Erg\u00e4nzungen der beruflichen Praxis und der schulischen Bildung.</p>\n<p><i>Abs. 2</i></p>\n<p>Die Anteile der Bildung gem\u00e4ss Absatz 1, ihre organisatorische Ausgestaltung und die zeitliche Aufteilung werden nach den Anspr\u00fcchen der Berufst\u00e4tigkeit in der entsprechenden Bildungsverordnung bestimmt.</p>\n<p><i>Abs. 2bis</i></p>\n<p>Die Verantwortung gegen\u00fcber den Lernenden bestimmt sich in der Regel nach dem Lernort, an dem die berufliche Grundbildung haupts\u00e4chlich stattfindet. Die Bildungsverordnungen k\u00f6nnen auch abweichende Regelungen vorsehen.</p>\n<p><i>Abs. 3</i></p>\n<p>.... die Anbieter der Bildung in beruflicher Praxis und der schulischen Bildung sowie der \u00fcberbetrieblichen Kurse und vergleichbarer dritter Lernorte zusammen.</p>\n<p>[VS]</p>\n<p><i>Antrag Triponez</i></p>\n<p><i>Abs. 1</i></p>\n<p>....</p>\n<p>c. Erg\u00e4nzungen der Bildung in der beruflichen Praxis, wo die zu erlernende Berufst\u00e4tigkeit dies erfordert.</p>\n<p><i>Abs. 1bis</i></p>\n<p>....</p>\n<p>c. .... f\u00fcr die Erg\u00e4nzungen der beruflichen Praxis.</p>\n<p>[VS]</p>\n<p><b>Art. 13</b></p>\n<p><i>Proposition de la commission</i></p>\n<p><i>Titre</i></p>\n<p>Contenus, lieux d'enseignement, responsabilit\u00e9s</p>\n<p><i>Al. 1</i></p>\n<p>La formation professionelle initiale comprend:</p>\n<p>a. une formation \u00e0 la pratique professionnelle;</p>\n<p>b. une formation scolaire compos\u00e9e d'une partie de culture g\u00e9n\u00e9rale et d'une partie sp\u00e9cifique \u00e0 la profession;</p>\n<p>c. des compl\u00e9ments \u00e0 la formation \u00e0 la pratique professionnelle et \u00e0 la formation scolaire, l\u00e0 o\u00f9 l'exige l'apprentissage de la profession.</p>\n<p><i>Al. 1bis</i></p>\n<p>La formation professionnelle initiale se d\u00e9roule en r\u00e8gle g\u00e9n\u00e9rale dans les lieux de formation suivants:</p>\n<p>a. dans l'entreprise formatrice, un r\u00e9seau d'entreprises formatrices, une \u00e9cole de m\u00e9tiers ou dans d'autres institutions accr\u00e9dit\u00e9es \u00e0 cette fin, pour ce qui concerne la formation \u00e0 la pratique professionnelle;</p>\n<p>b. dans une \u00e9cole professionnelle sp\u00e9cialis\u00e9e, pour ce qui concerne la formation g\u00e9n\u00e9rale et la formation sp\u00e9cifique \u00e0 la profession;</p>\n<p>c. dans les cours interentreprises et dans d'autres lieux d'enseignement comparables, pour ce qui concerne les compl\u00e9ments \u00e0 la formation \u00e0 la pratique professionnelle et \u00e0 la formation scolaire.</p>\n<p><i>Al. 2</i></p>\n<p>Les parts de la formation selon l'alin\u00e9a 1er, la mani\u00e8re dont elles sont organis\u00e9es et leur r\u00e9partition dans le temps sont d\u00e9termin\u00e9es dans les ordonnances correspondantes sur la formation professionnelle en fonction de l'activit\u00e9 professionnelle et de ses exigences.</p>\n<p><i>Al. 2bis</i></p>\n<p>La responsabilit\u00e9 \u00e0 l'\u00e9gard des personnes en formation est, en r\u00e8gle g\u00e9n\u00e9rale, fonction du lieu de formation o\u00f9 se d\u00e9roule principalement la formation professionnelle initiale. Les ordonnances sur la formation professionnelle peuvent aussi pr\u00e9voir des prescriptions d\u00e9rogatives.</p>\n<p><i>Al. 3</i></p>\n<p>Pour atteindre les buts de la formation professionnelle initiale, les prestataires de la formation \u00e0 la pratique professionnelle, de la formation scolaire, du sport ainsi que de la formation interentreprises et d'autres lieux de formation collaborent.</p>\n<p>[VS]</p>\n<p><i>Proposition Triponez</i></p>\n<p><i>Al. 1</i></p>\n<p>....</p>\n<p>c. des compl\u00e9ments \u00e0 la formation \u00e0 la pratique professionnelle, l\u00e0 o\u00f9 l'exige l'apprentissage de la formation.</p>\n<p><i>Al. 1bis</i></p>\n<p>....</p>\n<p>c. dans les cours interentreprises pour ce qui concerne les compl\u00e9ments \u00e0 la formation \u00e0 la pratique professionnelle.</p>\n</pd_text>","MeetingCouncilAbbreviation":"N","MeetingDate":"20011128","MeetingVerbalixOid":865,"IdSession":"4611","SpeakerFirstName":"Yves","SpeakerLastName":"Christen","SpeakerFullName":"Christen Yves","SpeakerFunction":"1VP-M","CouncilId":1,"CouncilName":"Nationalrat","CantonId":22,"CantonName":"Waadt","CantonAbbreviation":"VD","ParlGroupName":"Freisinnig-demokratische Fraktion","ParlGroupAbbreviation":"RL","SortOrder":61,"Start":"\/Date(1006944305050)\/","End":"\/Date(1006944476800)\/","Function":"","DisplaySpeaker":false,"LanguageOfText":null,"Modified":"\/Date(1774878201541)\/","StartTimeWithTimezone":"\/Date(1006944305050+0060)\/","EndTimeWithTimezone":"\/Date(1006944476800+0060)\/","VoteBusinessNumber":null,"VoteBusinessShortNumber":null,"VoteBusinessTitle":null},{"__metadata":{"id":"https://ws.parlament.ch/OData.svc/Transcript(ID=16642L,Language='DE')","uri":"https://ws.parlament.ch/OData.svc/Transcript(ID=16642L,Language='DE')","type":"itsystems.Pd.DataServices.DataModel.Transcript"},"Subjects":{"__deferred":{"uri":"https://ws.parlament.ch/OData.svc/Transcript(ID=16642L,Language='DE')/Subjects"}},"MembersCouncil":{"__deferred":{"uri":"https://ws.parlament.ch/OData.svc/Transcript(ID=16642L,Language='DE')/MembersCouncil"}},"Businesses":{"__deferred":{"uri":"https://ws.parlament.ch/OData.svc/Transcript(ID=16642L,Language='DE')/Businesses"}},"ID":"16642","Language":"DE","IdSubject":"3187","VoteId":null,"PersonNumber":516,"Type":1,"Text":"<pd_text><p>Meine Antr\u00e4ge zu Artikel 13 Absatz 1 Buchstabe c, Artikel 13 Absatz 1bis Buchstabe c und Artikel 14f Absatz 1 sind identische Streichungsantr\u00e4ge, die keineswegs den so genannten Kompromiss st\u00f6ren wollen, sondern meiner Auffassung nach der Klarheit dienen. Sie geh\u00f6ren inhaltlich zusammen, und ich will sie deshalb auch gemeinsam begr\u00fcnden.</p>\n<p>Es geht um Folgendes: Gem\u00e4ss der Systematik des Gesetzesentwurfes besteht die berufliche Bildung aus drei Elementen: aus der beruflichen Praxis, das ist jeweils Buchstabe a des Absatzes, aus der schulischen Bildung, das ist jeweils Buchstabe b des Absatzes, und dann aus einem dritten Teil, der die berufliche Praxis erg\u00e4nzen soll, n\u00e4mlich den \u00fcberberuflichen Kursen, das ist Buchstabe c des Absatzes. Diese Dreiteilung ist nicht neu, und sie hat sich bis jetzt bew\u00e4hrt. Auch die Frage der Zust\u00e4ndigkeit ist klar geregelt: F\u00fcr die berufliche Praxis sind es die Betriebe, welche, gest\u00fctzt auf Ausbildungs- und Pr\u00fcfungsreglemente der Organisationen der Arbeitswelt, verantwortlich sind. F\u00fcr die Allgemeinbildung und die berufskundlichen F\u00e4cher sind die Schulen und f\u00fcr die erg\u00e4nzenden Kurse, die man heute Einf\u00fchrungskurse nennt, die Berufsverb\u00e4nde verantwortlich. Alle diese Kurse sind f\u00fcr die Lehrlinge obligatorisch, und die Organisationen der Arbeitswelt m\u00fcssen hief\u00fcr ein Reglement \u00fcber Inhalt und Organisation erarbeiten, das dann schlussendlich vom Bund zu genehmigen ist. Inhaltlich geht es in den Kursen immer um die berufsspezifische Ausbildung, also - und hier liegt der Kernpunkt - nicht um die schulische Ausbildung. </p>\n<p>Alle meine drei Antr\u00e4ge betreffen ausschliesslich diese Erg\u00e4nzungskurse. Der vorliegende Entwurf sieht n\u00e4mlich im Widerspruch zur heutigen und sicher auch k\u00fcnftigen Praxis vor, dass diese Erg\u00e4nzungskurse auch die schulische Bildung beinhalten sollen, was sie gar nicht k\u00f6nnen und sollen. Meines Erachtens ist das unzutreffend oder k\u00f6nnte allermindestens zu Missverst\u00e4ndnissen f\u00fchren.</p>\n<p>Zusammenfassend: Es ist meines Erachtens falsch, dass bei den \u00fcberbetrieblichen Kursen, also bei den Erg\u00e4nzungskursen die schulische Bildung nochmals explizit erw\u00e4hnt wird, weil es bei diesen Kursen - und ich glaube, da waren sich alle einig - um die berufsspezifische Bildung geht. Auch bei der Diskussion um den Kompromiss, ich betone das jetzt zum letzten Mal, war man sich diesbez\u00fcglich absolut einig.</p>\n<p>Ich m\u00f6chte jetzt aber wirklich gerne die Kommission h\u00f6ren, und dann werde ich auch zu unserer Kollegin Frau Fetz sagen, wie ich mich zu diesem Artikel stelle.</p>\n<p>F\u00fcr den Moment ist mein Antrag klar: Ich m\u00f6chte in Artikel 13 Absatz 1 Litera c, in Artikel 13 Absatz 1bis Litera c und in Artikel 14f Absatz 1 den Begriff der schulischen Bildung streichen, ohne dass der Kompromiss deswegen den geringsten Abbruch erleidet.</p>\n</pd_text>","MeetingCouncilAbbreviation":"N","MeetingDate":"20011128","MeetingVerbalixOid":865,"IdSession":"4611","SpeakerFirstName":"Pierre","SpeakerLastName":"Triponez","SpeakerFullName":"Triponez Pierre","SpeakerFunction":"","CouncilId":1,"CouncilName":"Nationalrat","CantonId":2,"CantonName":"Bern","CantonAbbreviation":"BE","ParlGroupName":"Freisinnig-demokratische Fraktion","ParlGroupAbbreviation":"RL","SortOrder":62,"Start":"\/Date(1006944476800)\/","End":"\/Date(1006944730690)\/","Function":"","DisplaySpeaker":true,"LanguageOfText":"DE","Modified":"\/Date(1774878201543)\/","StartTimeWithTimezone":"\/Date(1006944476800+0060)\/","EndTimeWithTimezone":"\/Date(1006944730690+0060)\/","VoteBusinessNumber":null,"VoteBusinessShortNumber":null,"VoteBusinessTitle":null},{"__metadata":{"id":"https://ws.parlament.ch/OData.svc/Transcript(ID=16643L,Language='DE')","uri":"https://ws.parlament.ch/OData.svc/Transcript(ID=16643L,Language='DE')","type":"itsystems.Pd.DataServices.DataModel.Transcript"},"Subjects":{"__deferred":{"uri":"https://ws.parlament.ch/OData.svc/Transcript(ID=16643L,Language='DE')/Subjects"}},"MembersCouncil":{"__deferred":{"uri":"https://ws.parlament.ch/OData.svc/Transcript(ID=16643L,Language='DE')/MembersCouncil"}},"Businesses":{"__deferred":{"uri":"https://ws.parlament.ch/OData.svc/Transcript(ID=16643L,Language='DE')/Businesses"}},"ID":"16643","Language":"DE","IdSubject":"3187","VoteId":null,"PersonNumber":455,"Type":1,"Text":"<pd_text><p>Comme membre de la commission, permettez-moi de m'\u00e9tonner - doux euph\u00e9misme - des propositions Triponez aux articles 13, 14d, 14f, 30, 33 et [PAGE 1585] 42. C'est un v\u00e9ritable coup de Jarnac et ce coup confine \u00e0 l'acte de sabotage de la loi, lorsque l'on sait que la commission a fait sien le compromis laborieusement \u00e9labor\u00e9 par les soins de l'USAM que vous repr\u00e9sentez ici, Monsieur Triponez, et de l'Union syndicale suisse. Aux termes d'\u00e2pres discussions, de fastidieuses n\u00e9gociations, auxquelles vous avez particip\u00e9, soit directement, soit par procuration, nous avons r\u00e9ussi \u00e0 arracher, au forceps certes, un consensus qui doit \u00eatre consid\u00e9r\u00e9 comme un paquet global. Comment doit-on interpr\u00e9ter \u00e0 l'aune de la loyaut\u00e9 parlementaire, du fair-play, l'attitude consistant \u00e0 vouloir soustraire d'un coup, et d'un seul, un pan de l'accord auquel on a contribu\u00e9? Car, sur le fond et malgr\u00e9 les propos l\u00e9nifiants que vous avez tenus tout \u00e0 l'heure, les propositions Triponez aux articles pr\u00e9cit\u00e9s visent \u00e0 exclure du champ d'application de la loi les institutions qui pourraient se substituer au monde du travail l\u00e0 o\u00f9 les entreprises sont d\u00e9faillantes, l\u00e0 o\u00f9 elles sont trop modestes pour assumer pleinement leur r\u00f4le formateur. Les accepter, c'est reconna\u00eetre une seule fili\u00e8re de formation professionnelle, l'apprentissage, c'est de fait rel\u00e9guer, si ce n'est supprimer toute la fili\u00e8re \u00e9cole, ce que nous r\u00e9prouvons. Cette tentative de marginalisation de la fili\u00e8re \u00e9cole, teint\u00e9e d'une m\u00e9fiance certaine et d'un soup\u00e7on de suffisance, d\u00e9montre une m\u00e9connaissance inqui\u00e9tante des r\u00e9alit\u00e9s socio\u00e9conomiques des r\u00e9gions les plus d\u00e9favoris\u00e9es de ce pays et des particularismes cantonaux. Vouloir privil\u00e9gier syst\u00e9matiquement et presque aveugl\u00e9ment le seul monde du travail, favoriser la pratique au d\u00e9triment de l'enseignement scolaire, refuser le CFC \u00e0 tous ceux qui ach\u00e8vent une formation dans une \u00e9cole professionnelle sp\u00e9cialis\u00e9e nous est intol\u00e9rable.</p>\n<p>C'est ainsi qu'au nom du groupe d\u00e9mocrate-chr\u00e9tien, je vous demande de rejeter l'ensemble des propositions Triponez aux articles 13, 14d, 14f, 30, 33 et 42. Par souci de concision et au vu du temps qui s'\u00e9coule, je renoncerai \u00e0 d\u00e9fendre tout \u00e0 l'heure cette position \u00e0 chacun des articles concern\u00e9s.</p>\n</pd_text>","MeetingCouncilAbbreviation":"N","MeetingDate":"20011128","MeetingVerbalixOid":865,"IdSession":"4611","SpeakerFirstName":"Maurice","SpeakerLastName":"Chevrier","SpeakerFullName":"Chevrier Maurice","SpeakerFunction":"","CouncilId":1,"CouncilName":"Nationalrat","CantonId":23,"CantonName":"Wallis","CantonAbbreviation":"VS","ParlGroupName":"Christlichdemokratische Fraktion","ParlGroupAbbreviation":"M-E","SortOrder":63,"Start":"\/Date(1006944730690)\/","End":"\/Date(1006944888659)\/","Function":"","DisplaySpeaker":true,"LanguageOfText":"FR","Modified":"\/Date(1774878201544)\/","StartTimeWithTimezone":"\/Date(1006944730690+0060)\/","EndTimeWithTimezone":"\/Date(1006944888660+0060)\/","VoteBusinessNumber":null,"VoteBusinessShortNumber":null,"VoteBusinessTitle":null},{"__metadata":{"id":"https://ws.parlament.ch/OData.svc/Transcript(ID=16644L,Language='DE')","uri":"https://ws.parlament.ch/OData.svc/Transcript(ID=16644L,Language='DE')","type":"itsystems.Pd.DataServices.DataModel.Transcript"},"Subjects":{"__deferred":{"uri":"https://ws.parlament.ch/OData.svc/Transcript(ID=16644L,Language='DE')/Subjects"}},"MembersCouncil":{"__deferred":{"uri":"https://ws.parlament.ch/OData.svc/Transcript(ID=16644L,Language='DE')/MembersCouncil"}},"Businesses":{"__deferred":{"uri":"https://ws.parlament.ch/OData.svc/Transcript(ID=16644L,Language='DE')/Businesses"}},"ID":"16644","Language":"DE","IdSubject":"3187","VoteId":null,"PersonNumber":454,"Type":1,"Text":"<pd_text><p>Je peux reprendre mot \u00e0 mot le discours de M. Chevrier. Nous sommes totalement d'accord avec ce qu'il a dit, c'est un v\u00e9ritable coup de Jarnac qui est fait avec ces propositions.</p>\n<p>Lors des discussions de la commission et des discussions qui ont eu lieu avec les repr\u00e9sentants de l'USAM et des syndicats, l'importance du maintien de la formation dans des \u00e9coles \u00e0 plein temps a \u00e9t\u00e9 clairement d\u00e9montr\u00e9e, discut\u00e9e et accept\u00e9e par l'ensemble des partenaires. La proposition de supprimer, dans les articles 13 et 14f, la formation dans les \u00e9coles \u00e0 plein temps signifie tout simplement, pour une partie des jeunes, ne plus leur donner la possibilit\u00e9 de suivre une formation professionnelle.</p>\n<p>Je vous rappelle que, dans certains cantons, si je prends l'exemple de Gen\u00e8ve, 34,6 pour cent des employ\u00e9s de commerce sont form\u00e9s en \u00e9coles, Jura 36,2 pour cent, Neuch\u00e2tel 37,1 pour cent et Valais 39,6 pour cent. Pour les secteurs artisanaux et industriels, la proportion des \u00e9l\u00e8ves form\u00e9s en \u00e9coles est \u00e9galement importante puisqu'on a 31,3 pour cent pour Neuch\u00e2tel et 29,9 pour cent pour Gen\u00e8ve. Cette situation est due au fait que certains cantons n'offrent pas suffisamment de places d'apprentissage, d'une part parce que le tissu des entreprises dans le canton ne suffit pas \u00e0 former l'ensemble des jeunes; d'autre part, pour certaines professions, les associations professionnelles manquant ou ne remplissant pas leur devoir, il n'y a pas du tout de formation duale. Il faut donc bien, en particulier pour toutes les nouvelles formations, que les jeunes puissent se former, afin que nous ayons sur le march\u00e9 du travail des personnes comp\u00e9tentes.</p>\n<p>Je vous prie donc de rejeter les propositions Triponez aux articles 13 et 14f.</p>\n</pd_text>","MeetingCouncilAbbreviation":"N","MeetingDate":"20011128","MeetingVerbalixOid":865,"IdSession":"4611","SpeakerFirstName":"Liliane","SpeakerLastName":"Chappuis","SpeakerFullName":"Chappuis Liliane","SpeakerFunction":"","CouncilId":1,"CouncilName":"Nationalrat","CantonId":10,"CantonName":"Freiburg","CantonAbbreviation":"FR","ParlGroupName":"Sozialdemokratische Fraktion","ParlGroupAbbreviation":"S","SortOrder":64,"Start":"\/Date(1006944888659)\/","End":"\/Date(1006945021645)\/","Function":"","DisplaySpeaker":true,"LanguageOfText":"FR","Modified":"\/Date(1774878201546)\/","StartTimeWithTimezone":"\/Date(1006944888660+0060)\/","EndTimeWithTimezone":"\/Date(1006945021647+0060)\/","VoteBusinessNumber":null,"VoteBusinessShortNumber":null,"VoteBusinessTitle":null},{"__metadata":{"id":"https://ws.parlament.ch/OData.svc/Transcript(ID=16645L,Language='DE')","uri":"https://ws.parlament.ch/OData.svc/Transcript(ID=16645L,Language='DE')","type":"itsystems.Pd.DataServices.DataModel.Transcript"},"Subjects":{"__deferred":{"uri":"https://ws.parlament.ch/OData.svc/Transcript(ID=16645L,Language='DE')/Subjects"}},"MembersCouncil":{"__deferred":{"uri":"https://ws.parlament.ch/OData.svc/Transcript(ID=16645L,Language='DE')/MembersCouncil"}},"Businesses":{"__deferred":{"uri":"https://ws.parlament.ch/OData.svc/Transcript(ID=16645L,Language='DE')/Businesses"}},"ID":"16645","Language":"DE","IdSubject":"3187","VoteId":null,"PersonNumber":500,"Type":1,"Text":"<pd_text><p>Die heutige Situation in der Berufsbildung sieht ein grosses Engagement durch die Verb\u00e4nde der einzelnen Berufe bei den \u00fcberbetrieblichen Kursen vor. Diese Organisationsform entstammt dem alten Berufsbildungsgesetz, in dem in Artikel 16 klar bestimmt wurde: \"Die Berufsverb\u00e4nde f\u00fchren im Rahmen der Berufslehre Einf\u00fchrungskurse durch zur Aneignung der grundlegenden Fertigkeiten.\" Es ist nun in der Tat so, dass es eigentlich keinen Sinn ergibt, wenn die Einf\u00fchrungskurse auch noch die schulische Bildung umfassen, denn dann stellen sich grosse Probleme bei der Zust\u00e4ndigkeit. F\u00fcr die berufliche Praxis sind die Verb\u00e4nde zust\u00e4ndig, f\u00fcr die schulische Bildung die Berufsfachschulen. Beides soll in den \u00fcberbetrieblichen Kursen enthalten sein. Dies ist aber ein Konflikt, den es in der Beratung noch zu l\u00f6sen gilt. Wir unterst\u00fctzen die Einzelantr\u00e4ge, die in Vertretung der Verb\u00e4nde von Herrn Triponez eingebracht werden. Nur mit klaren Regelungen l\u00e4sst sich hier ineffizientes und kostspieliges Kompetenzgerangel vermeiden. Von der Sache her ist ganz klar, dass die \u00fcberbetrieblichen Kurse nur die berufliche Praxis und nicht mehr die Allgemeinbildung umfassen sollen. Es ist sicher kein Angriff auf irgendwelche Schulen; es geht nur um die Frage der Kompetenz bei den \u00fcberbetrieblichen Kursen.</p>\n<p>Ich bitte Sie, die Antr\u00e4ge Triponez zu unterst\u00fctzen.</p>\n</pd_text>","MeetingCouncilAbbreviation":"N","MeetingDate":"20011128","MeetingVerbalixOid":865,"IdSession":"4611","SpeakerFirstName":"Theophil","SpeakerLastName":"Pfister","SpeakerFullName":"Pfister Theophil","SpeakerFunction":"","CouncilId":1,"CouncilName":"Nationalrat","CantonId":17,"CantonName":"St. Gallen","CantonAbbreviation":"SG","ParlGroupName":"Fraktion der Schweizerischen Volkspartei","ParlGroupAbbreviation":"V","SortOrder":65,"Start":"\/Date(1006945021645)\/","End":"\/Date(1006945149192)\/","Function":"","DisplaySpeaker":true,"LanguageOfText":"DE","Modified":"\/Date(1774878201548)\/","StartTimeWithTimezone":"\/Date(1006945021647+0060)\/","EndTimeWithTimezone":"\/Date(1006945149193+0060)\/","VoteBusinessNumber":null,"VoteBusinessShortNumber":null,"VoteBusinessTitle":null},{"__metadata":{"id":"https://ws.parlament.ch/OData.svc/Transcript(ID=16646L,Language='DE')","uri":"https://ws.parlament.ch/OData.svc/Transcript(ID=16646L,Language='DE')","type":"itsystems.Pd.DataServices.DataModel.Transcript"},"Subjects":{"__deferred":{"uri":"https://ws.parlament.ch/OData.svc/Transcript(ID=16646L,Language='DE')/Subjects"}},"MembersCouncil":{"__deferred":{"uri":"https://ws.parlament.ch/OData.svc/Transcript(ID=16646L,Language='DE')/MembersCouncil"}},"Businesses":{"__deferred":{"uri":"https://ws.parlament.ch/OData.svc/Transcript(ID=16646L,Language='DE')/Businesses"}},"ID":"16646","Language":"DE","IdSubject":"3187","VoteId":null,"PersonNumber":335,"Type":1,"Text":"<pd_text><p>Es braut sich etwas zusammen, ich kann mich deshalb kurz fassen. Der Antragsteller macht, denke ich, zwei Fehler. Er h\u00e4ngt zu sehr am Ist-Zustand - da mag es tats\u00e4chlich in den meisten F\u00e4llen so sein, dass in \u00fcberbetrieblichen Kursen grunds\u00e4tzlich berufliche Praxis erg\u00e4nzt wird. Aber ich sage Ihnen: Schon heute gibt es \u00fcberbetriebliche Kurse, die eben auch schulische Bildung vermitteln. Der zweite Fehler ist, dass wir hier nicht ein Gesetz f\u00fcr die duale klassische Meisterlehre machen, sondern eben, wie jetzt schon h\u00e4ufig gesagt, f\u00fcr alle Berufe. Bei allen diesen Berufen, vor allem bei den neuen, wird eben der schulische Teil auch in \u00fcberbetrieblichen Kursen und in anderen dritten Lehrorten, wie das so sch\u00f6n im Juristen-Deutsch hier heisst, eine grosse Rolle spielen. Ich denke, dass die Annahme dieses Antrages f\u00fcr den Gewerbeverband sozusagen ein Schuss ins Knie w\u00e4re, ins eigene Knie, weil dann n\u00e4mlich auch die schulische Bildung bei gewerblichen Berufen nicht mehr subventioniert werden k\u00f6nnte.</p>\n<p>So einfach ist das eigentlich, und ich hoffe sehr auf den R\u00fcckzug des Antrages.</p>\n</pd_text>","MeetingCouncilAbbreviation":"N","MeetingDate":"20011128","MeetingVerbalixOid":865,"IdSession":"4611","SpeakerFirstName":"Peter","SpeakerLastName":"Kofmel","SpeakerFullName":"Kofmel Peter","SpeakerFunction":"","CouncilId":1,"CouncilName":"Nationalrat","CantonId":11,"CantonName":"Solothurn","CantonAbbreviation":"SO","ParlGroupName":"Freisinnig-demokratische Fraktion","ParlGroupAbbreviation":"RL","SortOrder":66,"Start":"\/Date(1006945149192)\/","End":"\/Date(1006945232739)\/","Function":"","DisplaySpeaker":true,"LanguageOfText":"DE","Modified":"\/Date(1774878201549)\/","StartTimeWithTimezone":"\/Date(1006945149193+0060)\/","EndTimeWithTimezone":"\/Date(1006945232740+0060)\/","VoteBusinessNumber":null,"VoteBusinessShortNumber":null,"VoteBusinessTitle":null},{"__metadata":{"id":"https://ws.parlament.ch/OData.svc/Transcript(ID=16647L,Language='DE')","uri":"https://ws.parlament.ch/OData.svc/Transcript(ID=16647L,Language='DE')","type":"itsystems.Pd.DataServices.DataModel.Transcript"},"Subjects":{"__deferred":{"uri":"https://ws.parlament.ch/OData.svc/Transcript(ID=16647L,Language='DE')/Subjects"}},"MembersCouncil":{"__deferred":{"uri":"https://ws.parlament.ch/OData.svc/Transcript(ID=16647L,Language='DE')/MembersCouncil"}},"Businesses":{"__deferred":{"uri":"https://ws.parlament.ch/OData.svc/Transcript(ID=16647L,Language='DE')/Businesses"}},"ID":"16647","Language":"DE","IdSubject":"3187","VoteId":null,"PersonNumber":466,"Type":1,"Text":"<pd_text><p>Ich gehe eigentlich immer noch davon aus, dass es weiser w\u00e4re, den Antrag zur\u00fcckzuziehen, und bin optimistisch, dass das auch geschieht. Ich m\u00f6chte einfach sagen: Wenn es nicht geschieht, dann wird der Kompromiss, der hier geschlossen worden ist, dann wird das Paket aufgeschn\u00fcrt. Ich bin fast sicher, Herr Triponez, dass Sie das nicht riskieren wollen, und m\u00f6chte einfach noch etwas zum Inhalt anf\u00fcgen: F\u00fcr den Kampf gegen die schulische Bildung ist dieser Bereich wirklich nicht der richtige Ort. Wenn man schon die schulische Bildung angreifen wollte, dann m\u00fcsste man es grunds\u00e4tzlicher machen. Ich denke, dass es hier eigentlich darum geht, dass die Leute ein St\u00fcck weit - und vor allem auch in ihren Schulen ein St\u00fcck weit - das auch weiterhin machen k\u00f6nnen. Der Trend wird auf jeden Fall Richtung schulische Bildung gehen, selbst wenn jetzt hier noch der letzte Abwehrkampf gef\u00fchrt wird. Es ist in der modernen Berufsbildung einfach so.</p>\n</pd_text>","MeetingCouncilAbbreviation":"N","MeetingDate":"20011128","MeetingVerbalixOid":865,"IdSession":"4611","SpeakerFirstName":"Anita","SpeakerLastName":"Fetz","SpeakerFullName":"Fetz Anita","SpeakerFunction":"","CouncilId":1,"CouncilName":"Nationalrat","CantonId":12,"CantonName":"Basel-Stadt","CantonAbbreviation":"BS","ParlGroupName":"Sozialdemokratische Fraktion","ParlGroupAbbreviation":"S","SortOrder":67,"Start":"\/Date(1006945232739)\/","End":"\/Date(1006945317692)\/","Function":"","DisplaySpeaker":true,"LanguageOfText":"DE","Modified":"\/Date(1774878201551)\/","StartTimeWithTimezone":"\/Date(1006945232740+0060)\/","EndTimeWithTimezone":"\/Date(1006945317693+0060)\/","VoteBusinessNumber":null,"VoteBusinessShortNumber":null,"VoteBusinessTitle":null},{"__metadata":{"id":"https://ws.parlament.ch/OData.svc/Transcript(ID=16648L,Language='DE')","uri":"https://ws.parlament.ch/OData.svc/Transcript(ID=16648L,Language='DE')","type":"itsystems.Pd.DataServices.DataModel.Transcript"},"Subjects":{"__deferred":{"uri":"https://ws.parlament.ch/OData.svc/Transcript(ID=16648L,Language='DE')/Subjects"}},"MembersCouncil":{"__deferred":{"uri":"https://ws.parlament.ch/OData.svc/Transcript(ID=16648L,Language='DE')/MembersCouncil"}},"Businesses":{"__deferred":{"uri":"https://ws.parlament.ch/OData.svc/Transcript(ID=16648L,Language='DE')/Businesses"}},"ID":"16648","Language":"DE","IdSubject":"3187","VoteId":null,"PersonNumber":346,"Type":1,"Text":"<pd_text><p>Ich glaube, wir haben hier ein paar Definitionen nochmals sauber zu regeln, und ich glaube, es liegen hier auch grosse Missverst\u00e4ndnisse vor. Wenn wir von schulischer Bildung in den Erg\u00e4nzungskursen sprechen, dann reden wir nicht von der Allgemeinbildung, die nach fr\u00fcherer Terminologie in der Berufsschule vermittelt wurde, sondern wir reden von fachtheoretischem Unterricht, also von berufskundlichem Unterricht in Erg\u00e4nzungskursen. Das scheint mir ganz wichtig zu sein.</p>\n<p>Es ist heute mehrfach angeklungen worden: Mit diesem Rahmengesetz m\u00fcssen wir zwei Berufsbildungsm\u00e4rkte umklammern. Der eine Markt, das ist der traditionelle Markt der gewerblichen Berufe. Der neue Markt, der immer mehr um [PAGE 1586] sich greift, ist der Markt der Informatik, der Telekommunikationsberufe, der Berufe im Dienstleistungssektor, Mediamatiker usw., die mehr und mehr wissensbasiert sind - oder mit anderen Worten: die kopflastiger sind. F\u00fcr diese neuen, modernen Berufe braucht es auch die Erg\u00e4nzungskurse. Also k\u00f6nnen wir doch jetzt nicht hingehen und den theoretischen Fachunterricht in diesen Erg\u00e4nzungskursen streichen.</p>\n<p>Ich hoffe, dass ich zur Kl\u00e4rung beitragen konnte, und ich bin nat\u00fcrlich auch der Meinung, dass es f\u00fcr die Materialien wichtig ist, dass der Gewerbeverband hier noch einmal seine Position darlegen konnte. Aber bitte behalten Sie im Kopf, dass wir \u00fcber zwei verschiedene M\u00e4rkte im Berufsbildungsbereich reden.</p>\n</pd_text>","MeetingCouncilAbbreviation":"N","MeetingDate":"20011128","MeetingVerbalixOid":865,"IdSession":"4611","SpeakerFirstName":"Johannes","SpeakerLastName":"Randegger","SpeakerFullName":"Randegger Johannes","SpeakerFunction":"","CouncilId":1,"CouncilName":"Nationalrat","CantonId":12,"CantonName":"Basel-Stadt","CantonAbbreviation":"BS","ParlGroupName":"Freisinnig-demokratische Fraktion","ParlGroupAbbreviation":"RL","SortOrder":68,"Start":"\/Date(1006945317692)\/","End":"\/Date(1006945446536)\/","Function":"*","DisplaySpeaker":true,"LanguageOfText":"DE","Modified":"\/Date(1774878201553)\/","StartTimeWithTimezone":"\/Date(1006945317693+0060)\/","EndTimeWithTimezone":"\/Date(1006945446537+0060)\/","VoteBusinessNumber":null,"VoteBusinessShortNumber":null,"VoteBusinessTitle":null},{"__metadata":{"id":"https://ws.parlament.ch/OData.svc/Transcript(ID=16649L,Language='DE')","uri":"https://ws.parlament.ch/OData.svc/Transcript(ID=16649L,Language='DE')","type":"itsystems.Pd.DataServices.DataModel.Transcript"},"Subjects":{"__deferred":{"uri":"https://ws.parlament.ch/OData.svc/Transcript(ID=16649L,Language='DE')/Subjects"}},"MembersCouncil":{"__deferred":{"uri":"https://ws.parlament.ch/OData.svc/Transcript(ID=16649L,Language='DE')/MembersCouncil"}},"Businesses":{"__deferred":{"uri":"https://ws.parlament.ch/OData.svc/Transcript(ID=16649L,Language='DE')/Businesses"}},"ID":"16649","Language":"DE","IdSubject":"3187","VoteId":null,"PersonNumber":459,"Type":1,"Text":"<pd_text><p>Comme les pr\u00e9c\u00e9dents intervenants, je suis tr\u00e8s \u00e9tonn\u00e9e de ces propositions, alors que l'USAM a particip\u00e9 \u00e0 tous les travaux pour \u00e9laborer ce compromis. C'est quand m\u00eame un compromis qui vise \u00e0 garder \u00e0 chacun des acteurs de la formation le r\u00f4le qu'il doit jouer. Le compromis tient compte de la place des entreprises mais aussi de celle des \u00e9coles. Les propositions Triponez sont de nature \u00e0 exclure toute la formation faite en \u00e9cole.</p>\n<p>Je voudrais quand m\u00eame relever, \u00e0 l'intention de M. Pfister Theophil, que les \u00e9coles ne font pas que de la formation scolaire. Les \u00e9coles des m\u00e9tiers, les \u00e9coles de commerce ainsi que les \u00e9coles de sant\u00e9 font aussi de la formation pratique mais elles ne participent pas \u00e0 ces cours interentreprises. Les cours interentreprises ne couvrent donc qu'une partie du domaine de la formation, et pas l'ensemble. Je voudrais aussi souligner que, \u00e0 mon avis, il serait tr\u00e8s dommageable d'accepter les propositions Triponez. Je trouve qu'elles vident d'une partie de sa substance le compromis qui a \u00e9t\u00e9 trouv\u00e9 un peu p\u00e9niblement et qui satisfait tous les acteurs du monde professionnel.</p>\n<p>Je vous recommande vraiment chaudement de rejeter les propositions Triponez.</p>\n</pd_text>","MeetingCouncilAbbreviation":"N","MeetingDate":"20011128","MeetingVerbalixOid":865,"IdSession":"4611","SpeakerFirstName":"Marlyse","SpeakerLastName":"Dormond","SpeakerFullName":"Dormond Marlyse","SpeakerFunction":"","CouncilId":1,"CouncilName":"Nationalrat","CantonId":22,"CantonName":"Waadt","CantonAbbreviation":"VD","ParlGroupName":"Sozialdemokratische Fraktion","ParlGroupAbbreviation":"S","SortOrder":69,"Start":"\/Date(1006945446536)\/","End":"\/Date(1006945539815)\/","Function":"*","DisplaySpeaker":true,"LanguageOfText":"FR","Modified":"\/Date(1774878201554)\/","StartTimeWithTimezone":"\/Date(1006945446537+0060)\/","EndTimeWithTimezone":"\/Date(1006945539817+0060)\/","VoteBusinessNumber":null,"VoteBusinessShortNumber":null,"VoteBusinessTitle":null},{"__metadata":{"id":"https://ws.parlament.ch/OData.svc/Transcript(ID=16650L,Language='DE')","uri":"https://ws.parlament.ch/OData.svc/Transcript(ID=16650L,Language='DE')","type":"itsystems.Pd.DataServices.DataModel.Transcript"},"Subjects":{"__deferred":{"uri":"https://ws.parlament.ch/OData.svc/Transcript(ID=16650L,Language='DE')/Subjects"}},"MembersCouncil":{"__deferred":{"uri":"https://ws.parlament.ch/OData.svc/Transcript(ID=16650L,Language='DE')/MembersCouncil"}},"Businesses":{"__deferred":{"uri":"https://ws.parlament.ch/OData.svc/Transcript(ID=16650L,Language='DE')/Businesses"}},"ID":"16650","Language":"DE","IdSubject":"3187","VoteId":null,"PersonNumber":516,"Type":1,"Text":"<pd_text><p>Erstens bin ich froh, dass ich diesen Antrag gestellt habe. Er hat wesentlich zu dem beigetragen, was ich erreichen wollte: zur Kl\u00e4rung.</p>\n<p>Zweitens bin ich offensichtlich in ein Hornissennest geraten. Das ist so schlecht nicht, weil dann die Dinge auch auf den Tisch gelegt werden m\u00fcssen.</p>\n<p>Drittens hat der Kommissionspr\u00e4sident das f\u00fcr mich entscheidende Votum gehalten; daf\u00fcr danke ich ihm. Er hat die zwei Punkte pr\u00e4zisiert, die mir im Wesentlichen am Herzen lagen:</p>\n<p>1. Es kann sich bei den Erg\u00e4nzungskursen nicht um allgemeine schulische Bildung handeln, sondern es sind berufsspezifische Ausbildungen, die nat\u00fcrlich auch theoretischen Charakter haben k\u00f6nnen. Es ist kein Problem, wenn Sie das so interpretieren und wir das sp\u00e4ter so in den Materialien haben.</p>\n<p>2. Zust\u00e4ndig f\u00fcr diese Erg\u00e4nzungskurse sind die Organisationen der Arbeitswelt, d. h. die Berufsorganisationen.</p>\n<p>Damit kann ich derart gut leben, dass ich meinen Antrag zur\u00fcckziehe.</p>\n</pd_text>","MeetingCouncilAbbreviation":"N","MeetingDate":"20011128","MeetingVerbalixOid":865,"IdSession":"4611","SpeakerFirstName":"Pierre","SpeakerLastName":"Triponez","SpeakerFullName":"Triponez Pierre","SpeakerFunction":"","CouncilId":1,"CouncilName":"Nationalrat","CantonId":2,"CantonName":"Bern","CantonAbbreviation":"BE","ParlGroupName":"Freisinnig-demokratische Fraktion","ParlGroupAbbreviation":"RL","SortOrder":70,"Start":"\/Date(1006945539815)\/","End":"\/Date(1006945619565)\/","Function":"","DisplaySpeaker":true,"LanguageOfText":"DE","Modified":"\/Date(1774878201556)\/","StartTimeWithTimezone":"\/Date(1006945539817+0060)\/","EndTimeWithTimezone":"\/Date(1006945619567+0060)\/","VoteBusinessNumber":null,"VoteBusinessShortNumber":null,"VoteBusinessTitle":null},{"__metadata":{"id":"https://ws.parlament.ch/OData.svc/Transcript(ID=16651L,Language='DE')","uri":"https://ws.parlament.ch/OData.svc/Transcript(ID=16651L,Language='DE')","type":"itsystems.Pd.DataServices.DataModel.Transcript"},"Subjects":{"__deferred":{"uri":"https://ws.parlament.ch/OData.svc/Transcript(ID=16651L,Language='DE')/Subjects"}},"MembersCouncil":{"__deferred":{"uri":"https://ws.parlament.ch/OData.svc/Transcript(ID=16651L,Language='DE')/MembersCouncil"}},"Businesses":{"__deferred":{"uri":"https://ws.parlament.ch/OData.svc/Transcript(ID=16651L,Language='DE')/Businesses"}},"ID":"16651","Language":"DE","IdSubject":"3187","VoteId":null,"PersonNumber":341,"Type":1,"Text":"<pd_text><p><i>Titel, Abs. 2, 2bis, 3 - Titre, al. 2, 2bis, 3</i></p>\n<p><i>Angenommen - Adopt\u00e9</i></p>\n<p>[VS]</p>\n<p><i>Abs. 1, 1bis - Al. 1, 1bis</i></p>\n<p>[VS]</p>\n<p><b>Le pr\u00e9sident</b> (Christen Yves, premier vice-pr\u00e9sident): M. Triponez a retir\u00e9 ses propositions aux articles 13 et 14f.</p>\n<p>[VS]</p>\n<p><i>Angenommen gem\u00e4ss Antrag der Kommission</i></p>\n<p><i>Adopt\u00e9 selon la proposition de la commission</i></p>\n<p>[VS]</p>\n<p><b>Art. 14</b></p>\n<p><i>Antrag der Kommission</i></p>\n<p><i>Abs. 1</i></p>\n<p>Die berufliche Grundbildung dauert zwei bis vier Jahre.</p>\n<p><i>Abs. 2</i></p>\n<p>Die zweij\u00e4hrige Grundbildung schliesst in der Regel mit einer Pr\u00fcfung ab und f\u00fchrt zum eidgen\u00f6ssischen Berufsattest.</p>\n<p><i>Abs. 3</i></p>\n<p>Die drei- bis vierj\u00e4hrige Grundbildung schliesst in der Regel mit einer Lehrabschlusspr\u00fcfung ab und f\u00fchrt zum eidgen\u00f6ssischen F\u00e4higkeitszeugnis.</p>\n<p><i>Abs. 4</i></p>\n<p>Das eidgen\u00f6ssische F\u00e4higkeitszeugnis f\u00fchrt zusammen mit dem Abschluss einer erweiterten Allgemeinbildung zur Berufsmaturit\u00e4t.</p>\n<p><i>Abs. 5</i></p>\n<p>Die berufliche Grundbildung kann auch durch eine nicht formalisierte Bildung erworben werden; diese wird durch ein Qualifikationsverfahren abgeschlossen.</p>\n<p>[VS]</p>\n<p><b>Art. 14</b></p>\n<p><i>Proposition de la commission</i></p>\n<p><i>Al. 1</i></p>\n<p>La formation professionnelle initiale dure de deux \u00e0 quatre ans.</p>\n<p><i>Al. 2</i></p>\n<p>La formation professionnelle initiale \u00e9tal\u00e9e sur deux ans s'ach\u00e8ve en r\u00e8gle g\u00e9n\u00e9rale par un examen et m\u00e8ne \u00e0 l'attestation f\u00e9d\u00e9rale de formation professionnelle pratique.</p>\n<p><i>Al. 3</i></p>\n<p>La formation professionnelle initiale \u00e9tal\u00e9e sur trois ou quatre ans s'ach\u00e8ve en r\u00e8gle g\u00e9n\u00e9rale par un examen de fin d'apprentissage et m\u00e8ne au certificat f\u00e9d\u00e9ral de capacit\u00e9.</p>\n<p><i>Al. 4</i></p>\n<p>Le certificat f\u00e9d\u00e9ral de capacit\u00e9 et une formation g\u00e9n\u00e9rale approfondie m\u00e8nent \u00e0 la maturit\u00e9 professionnelle.</p>\n<p><i>Al. 5</i></p>\n<p>La formation professionnelle initiale peut aussi s'acqu\u00e9rir par une formation professionnelle non formalis\u00e9e, laquelle s'ach\u00e8ve par une proc\u00e9dure de qualification.</p>\n<p>[VS]</p>\n<p><i>Angenommen - Adopt\u00e9</i></p>\n<p>[VS]</p>\n<p><b>Art. 14a</b></p>\n<p><i>Antrag der Kommission</i></p>\n<p><i>Titel</i></p>\n<p>Ber\u00fccksichtigung individueller Bed\u00fcrfnisse</p>\n<p><i>Abs. 1</i></p>\n<p>F\u00fcr besonders bef\u00e4higte oder vorgebildete Personen kann die Dauer der beruflichen Grundbildung angemessen angepasst, f\u00fcr Personen, die wegen Lernschwierigkeiten, einer k\u00f6rperlichen, geistigen oder psychischen Behinderung mehr Zeit bed\u00fcrfen, angemessen verl\u00e4ngert werden.</p>\n<p><i>Abs. 2</i></p>\n<p>Die Bildungsverordnungen \u00fcber die zweij\u00e4hrige berufliche Grundbildung werden so ausgestaltet, dass den individuellen Bed\u00fcrfnissen der Lernenden besonders Rechnung getragen werden kann.</p>\n<p><i>Abs. 3</i></p>\n<p>Der Bundesrat erl\u00e4sst besondere Bestimmungen \u00fcber die fachkundige individuelle Begleitung von Personen mit Lernschwierigkeiten in zweij\u00e4hrigen beruflichen Grundbildungen.</p>\n<p><i>Abs. 4</i></p>\n<p>Der Bund kann die fachkundige individuelle Begleitung f\u00f6rdern.</p>\n<p>[VS]</p>\n<p><b>Art. 14a</b></p>\n<p><i>Proposition de la commission</i></p>\n<p><i>Titre</i></p>\n<p>Prise en compte des besoins individuels</p>\n<p><i>Al. 1</i></p>\n<p>La dur\u00e9e de la formation professionnelle initiale peut \u00eatre adapt\u00e9e de mani\u00e8re appropri\u00e9e pour les personnes en formation qui sont particuli\u00e8rement capables ou qui ont une formation pr\u00e9alable; elle peut \u00eatre prolong\u00e9e de mani\u00e8re appropri\u00e9e pour les personnes qui, en raison de difficult\u00e9s, d'un handicap corporel, mental ou psychique ont besoin davantage de temps. [PAGE 1587] </p>\n<p><i>Al. 2</i></p>\n<p>Les ordonnances sur la formation professionnelle initiale de deux ans doivent tout particuli\u00e8rement tenir compte des besoins individuels des personnes en formation.</p>\n<p><i>Al. 3</i></p>\n<p>Le Conseil f\u00e9d\u00e9ral \u00e9dicte des dispositions particuli\u00e8res sur l'encadrement comp\u00e9tent individuel des personnes \u00e9prouvant des difficult\u00e9s dans les formations professionnelles initiales de deux ans.</p>\n<p><i>Al. 4</i></p>\n<p>La Conf\u00e9d\u00e9ration peut encourager l'encadrement professionnel individuel.</p>\n</pd_text>","MeetingCouncilAbbreviation":"N","MeetingDate":"20011128","MeetingVerbalixOid":865,"IdSession":"4611","SpeakerFirstName":"Liliane","SpeakerLastName":"Maury Pasquier","SpeakerFullName":"Maury Pasquier Liliane","SpeakerFunction":"P-F","CouncilId":1,"CouncilName":"Nationalrat","CantonId":25,"CantonName":"Genf","CantonAbbreviation":"GE","ParlGroupName":"Sozialdemokratische Fraktion","ParlGroupAbbreviation":"S","SortOrder":71,"Start":"\/Date(1006945619565)\/","End":"\/Date(1006945642674)\/","Function":"","DisplaySpeaker":false,"LanguageOfText":null,"Modified":"\/Date(1774878201557)\/","StartTimeWithTimezone":"\/Date(1006945619567+0060)\/","EndTimeWithTimezone":"\/Date(1006945642673+0060)\/","VoteBusinessNumber":null,"VoteBusinessShortNumber":null,"VoteBusinessTitle":null},{"__metadata":{"id":"https://ws.parlament.ch/OData.svc/Transcript(ID=16652L,Language='DE')","uri":"https://ws.parlament.ch/OData.svc/Transcript(ID=16652L,Language='DE')","type":"itsystems.Pd.DataServices.DataModel.Transcript"},"Subjects":{"__deferred":{"uri":"https://ws.parlament.ch/OData.svc/Transcript(ID=16652L,Language='DE')/Subjects"}},"MembersCouncil":{"__deferred":{"uri":"https://ws.parlament.ch/OData.svc/Transcript(ID=16652L,Language='DE')/MembersCouncil"}},"Businesses":{"__deferred":{"uri":"https://ws.parlament.ch/OData.svc/Transcript(ID=16652L,Language='DE')/Businesses"}},"ID":"16652","Language":"DE","IdSubject":"3187","VoteId":null,"PersonNumber":346,"Type":1,"Text":"<pd_text><p>Ich habe im Auftrag der Kommission auch zuhanden der Materialien zwei Dinge festzuhalten: Wir reden hier \u00fcber die Ber\u00fccksichtigung individueller Bed\u00fcrfnisse, also auf der einen Seite \u00fcber die individuellen Bed\u00fcrfnisse der besonders Bef\u00e4higten und auf der anderen Seite auch \u00fcber Personen, die benachteiligt oder handikapiert sind. Aber dieser Artikel umfasst nicht nur die besonders Talentierten und besonders Bef\u00e4higten, sondern er ber\u00fccksichtigt auch diejenigen jungen Leute, die sich heute mehr und mehr sportlich engagieren, Leistungssport betreiben, und aus diesem Grund nicht dem normalen Rhythmus in der Berufsausbildung folgen k\u00f6nnen. Mit diesem Artikel ist auch f\u00fcr die Sportler, f\u00fcr diejenigen jungen Leute, die eine Sportlerlehre machen oder in irgendeinem Verband zu einem Elitekader geh\u00f6ren, klar die M\u00f6glichkeit gegeben, ein Lehrverh\u00e4ltnis entsprechend zu verl\u00e4ngern. Das wollte ich zuhanden der Materialien festhalten.</p>\n<p>Es gibt einen zweiten Punkt, auf den die Kommission sehr grossen Wert gelegt hat, und ich m\u00f6chte, dass er auch in den Materialien steht: Es muss eine vollst\u00e4ndige Durchl\u00e4ssigkeit im gesamten Berufsbildungssystem gew\u00e4hrleistet sein. Ob es nun das zweij\u00e4hrige Attest ist, oder ob es die drei- bis vierj\u00e4hrige Lehre mit dem Abschluss \"Eidgen\u00f6ssisches F\u00e4higkeitszeugnis\" ist: Das System muss durchl\u00e4ssig sein. Das ist der politische Wille der Kommission.</p>\n</pd_text>","MeetingCouncilAbbreviation":"N","MeetingDate":"20011128","MeetingVerbalixOid":865,"IdSession":"4611","SpeakerFirstName":"Johannes","SpeakerLastName":"Randegger","SpeakerFullName":"Randegger Johannes","SpeakerFunction":"","CouncilId":1,"CouncilName":"Nationalrat","CantonId":12,"CantonName":"Basel-Stadt","CantonAbbreviation":"BS","ParlGroupName":"Freisinnig-demokratische Fraktion","ParlGroupAbbreviation":"RL","SortOrder":72,"Start":"\/Date(1006945642674)\/","End":"\/Date(1006945766596)\/","Function":"*","DisplaySpeaker":true,"LanguageOfText":null,"Modified":"\/Date(1774878201559)\/","StartTimeWithTimezone":"\/Date(1006945642673+0060)\/","EndTimeWithTimezone":"\/Date(1006945766597+0060)\/","VoteBusinessNumber":null,"VoteBusinessShortNumber":null,"VoteBusinessTitle":null},{"__metadata":{"id":"https://ws.parlament.ch/OData.svc/Transcript(ID=16653L,Language='DE')","uri":"https://ws.parlament.ch/OData.svc/Transcript(ID=16653L,Language='DE')","type":"itsystems.Pd.DataServices.DataModel.Transcript"},"Subjects":{"__deferred":{"uri":"https://ws.parlament.ch/OData.svc/Transcript(ID=16653L,Language='DE')/Subjects"}},"MembersCouncil":{"__deferred":{"uri":"https://ws.parlament.ch/OData.svc/Transcript(ID=16653L,Language='DE')/MembersCouncil"}},"Businesses":{"__deferred":{"uri":"https://ws.parlament.ch/OData.svc/Transcript(ID=16653L,Language='DE')/Businesses"}},"ID":"16653","Language":"DE","IdSubject":"3187","VoteId":null,"PersonNumber":341,"Type":1,"Text":"<pd_text><p><i>Angenommen - Adopt\u00e9</i></p>\n<p>[VS]</p>\n<p><b>Art. 14b</b></p>\n<p><i>Antrag der Kommission</i></p>\n<p><i>Titel</i></p>\n<p>Bildungsverordnungen</p>\n<p><i>Abs. 1</i></p>\n<p>Das zust\u00e4ndige Bundesamt (Bundesamt) erl\u00e4sst Bildungsverordnungen f\u00fcr den Bereich der beruflichen Grundbildung. Es erl\u00e4sst sie auf Antrag der Organisationen der Arbeitswelt oder, bei Bedarf, von sich aus.</p>\n<p><i>Abs. 2</i></p>\n<p>Die Bildungsverordnungen regeln insbesondere:</p>\n<p>a. den Gegenstand und die Dauer der Grundbildung;</p>\n<p>b. die Ziele und Anforderungen der Bildung in beruflicher Praxis;</p>\n<p>c. die Ziele und Anforderungen der schulischen Bildung;</p>\n<p>cbis. den Umfang der Bildungsinhalte und die Anteile der Lernorte;</p>\n<p>cter. abweichende Verantwortungen der Anbieter beruflicher Grundbildung gegen\u00fcber den Lernenden;</p>\n<p>d. die Qualifikationsverfahren, Ausweise und Titel.</p>\n<p><i>Abs. 3</i></p>\n<p>Die Qualifikationsverfahren f\u00fcr die nicht formalisierten Bildungen orientieren sich an den entsprechenden Bildungsverordnungen.</p>\n<p>[VS]</p>\n<p><b>Art. 14b</b></p>\n<p><i>Proposition de la commission</i></p>\n<p><i>Titre</i></p>\n<p>Ordonnances sur la formation professionnelle</p>\n<p><i>Al. 1</i></p>\n<p>L'office f\u00e9d\u00e9ral comp\u00e9tent (ci-apr\u00e8s l'office) \u00e9dicte des ordonnances sur la formation professionnelle initiale. Il le fait \u00e0 la demande des organisations du monde du travail ou, au besoin, de son propre chef.</p>\n<p><i>Al. 2</i></p>\n<p>Les ordonnances sur la formation professionnelle fixent en particulier:</p>\n<p>a. les activit\u00e9s professionnelles faisant l'objet d'une formation professionnelle initiale et la dur\u00e9e de celle-ci;</p>\n<p>b. les objectifs et les exigences de la formation \u00e0 la pratique professionnelle;</p>\n<p>c. les objectifs et les exigences de la formation scolaire;</p>\n<p>cbis. l'\u00e9tendue des contenus de la formation et les parts assum\u00e9es par les lieux de formation;</p>\n<p>cter. les d\u00e9rogations en mati\u00e8re de responsabilit\u00e9 des prestataires de la formation professionnelle initiale envers les personnes en formation;</p>\n<p>d. les proc\u00e9dures de qualification, les certificats d\u00e9livr\u00e9s et les titres d\u00e9cern\u00e9s.</p>\n<p><i>Al. 3</i></p>\n<p>Les proc\u00e9dures de qualification des formations non formalis\u00e9es se fondent sur les ordonnances sur la formation professionnelle initiale correspondantes.</p>\n<p>[VS]</p>\n<p><i>Angenommen - Adopt\u00e9</i></p>\n<p>[VS]</p>\n<p><b>Art. 14c</b></p>\n<p><i>Antrag der Kommission</i></p>\n<p><i>Titel</i></p>\n<p>Anbieter der Bildung in beruflicher Praxis</p>\n<p><i>Abs. 1</i></p>\n<p>Die Anbieter der Bildung in beruflicher Praxis setzen sich f\u00fcr den bestm\u00f6glichen Lernerfolg der Lernenden ein und \u00fcberpr\u00fcfen diesen periodisch.</p>\n<p><i>Abs. 2</i></p>\n<p>Sie bed\u00fcrfen einer Bildungsbewilligung des Kantons. Diese wird erteilt, wenn die rechtlichen Voraussetzungen erf\u00fcllt sind.</p>\n<p><i>Abs. 3</i></p>\n<p>Die Kantone d\u00fcrfen von den Anbietern der Bildung in beruflicher Praxis f\u00fcr die Erteilung von Bildungsbewilligungen keine Geb\u00fchren verlangen.</p>\n<p>[VS]</p>\n<p><b>Art. 14c</b></p>\n<p><i>Proposition de la commission</i></p>\n<p><i>Titre</i></p>\n<p>Prestataires de la formation \u00e0 la pratique professionnelle</p>\n<p><i>Al. 1</i></p>\n<p>Les prestataires de la formation \u00e0 la pratique professionnelle font en sorte que les personnes en formation obtiennent les meilleurs r\u00e9sultats possibles, ce qu'ils v\u00e9rifient p\u00e9riodiquement.</p>\n<p><i>Al. 2</i></p>\n<p>Ils doivent avoir l'autorisation du canton pour former des apprentis. Le canton la leur d\u00e9livre s'ils remplissent les conditions fix\u00e9es par la loi.</p>\n<p><i>Al. 3</i></p>\n<p>Les cantons ne peuvent exiger des prestataires de la formation \u00e0 la pratique professionnelle qu'ils s'acquittent d'\u00e9moluments en contrepartie de l'autorisation qu'ils re\u00e7oivent de former des apprentis.</p>\n<p>[VS]</p>\n<p><i>Angenommen - Adopt\u00e9</i></p>\n<p>[VS]</p>\n<p><b>Art. 14d</b></p>\n<p><i>Antrag der Kommission</i></p>\n<p><i>Titel</i></p>\n<p>Berufsfachschule</p>\n<p><i>Abs. 1</i></p>\n<p>Die Berufsfachschule vermittelt die schulische Bildung. Diese besteht aus beruflichem und allgemein bildendem Unterricht unter Einschluss von Kunst und Kultur, Unterricht in mindestens einer zweiten Sprache sowie Sportunterricht.</p>\n<p><i>Abs. 2</i></p>\n<p>Die Berufsfachschule hat einen eigenst\u00e4ndigen Bildungsauftrag; sie:</p>\n<p>a. f\u00f6rdert die Entfaltung der Pers\u00f6nlichkeit der Lernenden durch die Vermittlung der theoretischen Grundlagen zur Berufsaus\u00fcbung und durch Allgemeinbildung; [PAGE 1588] </p>\n<p>b. ber\u00fccksichtigt die unterschiedlichen Begabungen und tr\u00e4gt mit speziellen Angeboten den Bed\u00fcrfnissen besonders bef\u00e4higter Personen und von Personen mit Lernschwierigkeiten Rechnung;</p>\n<p>c. f\u00f6rdert die tats\u00e4chliche Gleichstellung von Frau und Mann sowie von behinderten und nicht behinderten Menschen durch entsprechende Bildungsangebote und -formen.</p>\n<p><i>Abs. 3</i></p>\n<p>Der Besuch der Berufsfachschule ist obligatorisch.</p>\n<p><i>Abs. 4</i></p>\n<p>Die Berufsfachschule kann auch Angebote der h\u00f6heren Berufsbildung und der berufsorientierten Weiterbildung bereitstellen.</p>\n<p><i>Abs. 5</i></p>\n<p>Die Berufsfachschule kann sich in Zusammenarbeit mit den Betrieben an \u00fcberbetrieblichen Kursen und weiteren vergleichbaren dritten Lernorten beteiligen.</p>\n<p><i>Abs. 6</i></p>\n<p>Sie kann Koordinationsaufgaben im Hinblick auf die Zusammenarbeit der an der Berufsbildung Beteiligten \u00fcbernehmen.</p>\n<p>[VS]</p>\n<p><i>Antrag F\u00f6hn</i></p>\n<p><i>Abs. 1</i></p>\n<p>.... aus beruflichem und allgemein bildendem Unterricht.</p>\n<p>(Rest des Absatzes streichen)</p>\n<p>[VS]</p>\n<p><i>Antrag Triponez</i></p>\n<p><i>Abs. 5</i></p>\n<p>Die Berufsfachschule kann sich in Zusammenarbeit mit den Organisationen der Arbeitswelt und Betrieben an \u00fcberbetrieblichen Kursen und weiteren vergleichbaren dritten Lernorten beteiligen.</p>\n<p>[VS]</p>\n<p><b>Art. 14d</b></p>\n<p><i>Proposition de la commission</i></p>\n<p><i>Titre</i></p>\n<p>Ecole professionnelle</p>\n<p><i>Al. 1</i></p>\n<p>L'\u00e9cole professionnelle dispense la formation scolaire. Celle-ci comprend un enseignement professionnel et un enseignement de culture g\u00e9n\u00e9rale, y compris en mati\u00e8re artistique et culturelle et, par l'enseignement d'au moins une deuxi\u00e8me langue ainsi que l'enseignement du sport.</p>\n<p><i>Al. 2</i></p>\n<p>L'\u00e9cole professionnelle a un mandat de formation qui lui est propre; elle:</p>\n<p>a. favorise l'\u00e9panouissement de la personnalit\u00e9 des personnes en formation en leur transmettant les connaissances th\u00e9oriques de base dont elles auront besoin pour exercer leur future profession, mais aussi une culture g\u00e9n\u00e9rale;</p>\n<p>b. tient compte des talents individuels et satisfait, par des offres ad\u00e9quates, les besoins des personnes particuli\u00e8rement capables et de celles qui \u00e9prouvent des difficult\u00e9s;</p>\n<p>c. favorise l'\u00e9galit\u00e9 effective entre les sexes en offrant des types et des programmes de formation ad\u00e9quats ainsi qu'entre les personnes handicap\u00e9es et non handicap\u00e9es par une adaptation de l'am\u00e9nagement et de la dur\u00e9e des offres et des formes de formation.</p>\n<p><i>Al. 3</i></p>\n<p>La fr\u00e9quentation de l'\u00e9cole professionnelle est obligatoire.</p>\n<p><i>Al. 4</i></p>\n<p>L'\u00e9cole professionnelle peut aussi proposer des programmes de formation professionnelle sup\u00e9rieure et des programmes de formation continue \u00e0 des fins professionnelles.</p>\n<p><i>Al. 5</i></p>\n<p>En collaboration avec les entreprises et avec d'autres lieux de formation \u00e9quivalents, l'\u00e9cole professionnelle peut participer aux cours interentreprises.</p>\n<p><i>Al. 6</i></p>\n<p>Elle peut assumer des t\u00e2ches de coordination afin de promouvoir la collaboration des acteurs de la formation professionnelle.</p>\n<p>[VS]</p>\n<p><i>Proposition F\u00f6hn</i></p>\n<p><i>Al. 1</i></p>\n<p>.... un enseignement professionnel et un enseignement de culture g\u00e9n\u00e9rale.</p>\n<p>(Biffer le reste de l'alin\u00e9a)</p>\n<p>[VS]</p>\n<p><i>Proposition Triponez</i></p>\n<p><i>Al. 5</i></p>\n<p>En collaboration avec les organisations du monde du travail et les entreprises, l'\u00e9cole professionnelle peut participer aux cours interentreprises et \u00e0 d'autres lieux de formation \u00e9quivalents.</p>\n</pd_text>","MeetingCouncilAbbreviation":"N","MeetingDate":"20011128","MeetingVerbalixOid":865,"IdSession":"4611","SpeakerFirstName":"Liliane","SpeakerLastName":"Maury Pasquier","SpeakerFullName":"Maury Pasquier Liliane","SpeakerFunction":"P-F","CouncilId":1,"CouncilName":"Nationalrat","CantonId":25,"CantonName":"Genf","CantonAbbreviation":"GE","ParlGroupName":"Sozialdemokratische Fraktion","ParlGroupAbbreviation":"S","SortOrder":73,"Start":"\/Date(1006945766596)\/","End":"\/Date(1006945800643)\/","Function":"","DisplaySpeaker":false,"LanguageOfText":null,"Modified":"\/Date(1774878201561)\/","StartTimeWithTimezone":"\/Date(1006945766597+0060)\/","EndTimeWithTimezone":"\/Date(1006945800643+0060)\/","VoteBusinessNumber":null,"VoteBusinessShortNumber":null,"VoteBusinessTitle":null},{"__metadata":{"id":"https://ws.parlament.ch/OData.svc/Transcript(ID=16654L,Language='DE')","uri":"https://ws.parlament.ch/OData.svc/Transcript(ID=16654L,Language='DE')","type":"itsystems.Pd.DataServices.DataModel.Transcript"},"Subjects":{"__deferred":{"uri":"https://ws.parlament.ch/OData.svc/Transcript(ID=16654L,Language='DE')/Subjects"}},"MembersCouncil":{"__deferred":{"uri":"https://ws.parlament.ch/OData.svc/Transcript(ID=16654L,Language='DE')/MembersCouncil"}},"Businesses":{"__deferred":{"uri":"https://ws.parlament.ch/OData.svc/Transcript(ID=16654L,Language='DE')/Businesses"}},"ID":"16654","Language":"DE","IdSubject":"3187","VoteId":null,"PersonNumber":321,"Type":1,"Text":"<pd_text><p>Zuerst danke und gratuliere ich der Kommission, der Verwaltung und dem Bundesrat f\u00fcr die Ausarbeitung des vorliegenden Berufsbildungsgesetzes.</p>\n<p>Ich bin \u00fcberzeugt, dass wir auf dem richtigen Weg sind. Zumindest scheint mir, dass wir zum Wohle unserer Jugend richtig eingespurt haben. Dass noch kleine Verbesserungen angebracht sind, versteht sich von selbst. Bei Artikel 14d will es die Kommission allzu gut machen und schiesst \u00fcber das Ziel hinaus.</p>\n<p>Ich beantrage Ihnen, die bundesr\u00e4tliche Fassung gem\u00e4ss Artikel 22 Absatz 1 auf Seite 18 der Fahne zu \u00fcbernehmen. In Artikel 14d, wo von der Vermittlung der schulischen Ausbildung und insbesondere vom beruflichen und allgemein bildenden Unterricht die Rede ist, hat die Kommission einzig die Kunst und Kultur, die Vermittlung einer zweiten Sprache sowie den Sport aufgenommen. Mit dieser Aufz\u00e4hlung erhalten die genannten F\u00e4cher eine Sonderstellung, und das darf so nicht sein. Priorit\u00e4r m\u00fcssen nach wie vor die berufsbildenden und berufsspezifischen F\u00e4cher sowie die Muttersprache und die Mathematik behandelt werden. Entweder z\u00e4hlen wir alle F\u00e4cher auf oder eben keine. Z\u00e4hlen Sie einmal die Lektionen zusammen, welche inklusive der aufgez\u00e4hlten F\u00e4cher vermittelt werden m\u00fcssten. Diese F\u00e4cher sollten an einem Schultag vermittelt werden. Sie kommen auf mindestens 10 bis 14 Lektionen t\u00e4glich, und das wollen Sie Berufssch\u00fclerinnen und Berufssch\u00fclern zutrauen? Dies ist sogar aus gewerkschaftlicher Sicht kaum oder \u00fcberhaupt nicht vertretbar. Denn in vielen F\u00e4chern bringt nur eine Lektion w\u00f6chentlich \u00e4usserst wenig. Wenn \u00fcberhaupt m\u00fcssten, zumindest in den Sprachf\u00e4chern, zwei Lektionen w\u00f6chentlich angeboten werden.</p>\n<p>Bei Unsicherheiten betreffs meines Antrages bitte ich Sie, an die Lehrmeister, Fachverb\u00e4nde und Ausbilder zu denken bzw. bei ihnen nachzufragen. Diese belehren uns klar dahingehend, dass wir uns auf das Wesentliche zu konzentrieren haben. Gerade auf diese Fachverb\u00e4nde und Lehrmeister sind wir angewiesen, wenn wir das vorliegende Berufsbildungsgesetz erfolgreich umsetzen und gute Berufsleute ausbilden und stellen wollen.</p>\n<p>Im Weiteren bitte ich Sie, an die schw\u00e4cheren oder weniger begabten Berufssch\u00fclerinnen und Berufssch\u00fcler zu denken, welche handwerklich sehr begabt sind, aber bei den kopflastigen F\u00e4chern ihre liebe M\u00fche haben und unter Umst\u00e4nden gerade wegen der zweiten Sprache einen handwerklichen statt eines kaufm\u00e4nnischen Berufes erlernen.</p>\n<p>Solche Sch\u00fcler haben wir viele. Nehmen wir ihnen bitte nicht den Willen und die Motivation, einen handwerklichen Beruf zu erlernen! Viele Jugendliche sind Ihnen dankbar, wenn Sie meinem Antrag zustimmen, sodass sie sich in ihrer schulischen Ausbildung auf das Wesentliche konzentrieren k\u00f6nnen.</p>\n<p>Unsere Zukunft liegt nie im intellektuellen Abheben, sondern in gut und fachlich bestausgebildeten Berufsleuten. Es mag vielleicht erstaunen, dass gerade ich den Sport im Berufsbildungsgesetz nicht erw\u00e4hnt haben will. Aber der Sport- und Turnunterricht ist im Bundesgesetz \u00fcber die F\u00f6rderung von Turnen und Sport gen\u00fcgend behandelt. Dort heisst es in Artikel 2 Absatz 2: \"Der Turn- und Sportunterricht ist an allen Volks-, Mittel- und Berufsschulen einschliesslich Seminarien und Lehramtsschulen obligatorisch.\" Diese Festschreibung im erw\u00e4hnten Bundesgesetz gen\u00fcgt. [PAGE 1589] </p>\n<p>Im Sinne und Auftrag der allermeisten Lehrmeister- und Fachverb\u00e4nde und insbesondere zum Wohle unserer Jugend, besonders f\u00fcr jene, welche in handwerkliche Berufe einsteigen wollen, bitte ich Sie, meinem Antrag zuzustimmen. Die Angebote k\u00f6nnen auch ohne Verankerung im Gesetz gemacht werden, w\u00e4ren aber nicht zwingend und f\u00fcr alle Berufsgattungen obligatorisch.</p>\n<p>Zu guter Letzt: Wir w\u00fcrden mit dem Vollzug gr\u00f6sste Probleme bekommen. Glauben Sie mir, ich spreche aus reicher Erfahrung.</p>\n</pd_text>","MeetingCouncilAbbreviation":"N","MeetingDate":"20011128","MeetingVerbalixOid":865,"IdSession":"4611","SpeakerFirstName":"Peter","SpeakerLastName":"F\u00f6hn","SpeakerFullName":"F\u00f6hn Peter","SpeakerFunction":"","CouncilId":1,"CouncilName":"Nationalrat","CantonId":5,"CantonName":"Schwyz","CantonAbbreviation":"SZ","ParlGroupName":"Fraktion der Schweizerischen Volkspartei","ParlGroupAbbreviation":"V","SortOrder":74,"Start":"\/Date(1006945800643)\/","End":"\/Date(1006946165831)\/","Function":"","DisplaySpeaker":true,"LanguageOfText":null,"Modified":"\/Date(1774878201564)\/","StartTimeWithTimezone":"\/Date(1006945800643+0060)\/","EndTimeWithTimezone":"\/Date(1006946165830+0060)\/","VoteBusinessNumber":null,"VoteBusinessShortNumber":null,"VoteBusinessTitle":null},{"__metadata":{"id":"https://ws.parlament.ch/OData.svc/Transcript(ID=16655L,Language='DE')","uri":"https://ws.parlament.ch/OData.svc/Transcript(ID=16655L,Language='DE')","type":"itsystems.Pd.DataServices.DataModel.Transcript"},"Subjects":{"__deferred":{"uri":"https://ws.parlament.ch/OData.svc/Transcript(ID=16655L,Language='DE')/Subjects"}},"MembersCouncil":{"__deferred":{"uri":"https://ws.parlament.ch/OData.svc/Transcript(ID=16655L,Language='DE')/MembersCouncil"}},"Businesses":{"__deferred":{"uri":"https://ws.parlament.ch/OData.svc/Transcript(ID=16655L,Language='DE')/Businesses"}},"ID":"16655","Language":"DE","IdSubject":"3187","VoteId":null,"PersonNumber":516,"Type":1,"Text":"<pd_text><p>Mein Antrag betrifft Ziffer 5 von Artikel 14d Absatz c. Ich m\u00f6chte mit diesem Antrag schlicht und einfach eine Pr\u00e4zisierung anbringen. Der Inhalt und die Organisation der \u00fcberbetrieblichen Kurse sind, wie wir bei den Diskussionen um meine vorherigen Antr\u00e4ge zu den Artikeln 13 und 14f geh\u00f6rt haben, Sache der Organisationen der Arbeitswelt. Wenn sich die Berufsschulen selber auch an solchen Kursen beteiligen und solche mitgestalten - was ich in keiner Weise kritisieren m\u00f6chte, ganz im Gegenteil, das ist ein Zeichen der guten Zusammenarbeit und sollte unterst\u00fctzt werden -, dann m\u00fcssen sie das aber mit den Organisationen der Arbeitswelt auch absprechen. Im Text, wie er Ihnen vorliegt, steht nur, dass sie mit den Betrieben sprechen m\u00fcssen. Gerade um zu dokumentieren, dass dieser sch\u00f6ne Kompromiss gefunden worden ist, wonach man in der Berufsbildung miteinander sprechen will, w\u00e4re es doch angebracht, wenn man hier auch einen Konsens zwischen den Organisationen der Arbeitswelt und den Berufsschulen finden w\u00fcrde.</p>\n<p>Also sprechen wir doch miteinander, und stimmen Sie in diesem Sinne meinem Antrag zu!</p>\n</pd_text>","MeetingCouncilAbbreviation":"N","MeetingDate":"20011128","MeetingVerbalixOid":865,"IdSession":"4611","SpeakerFirstName":"Pierre","SpeakerLastName":"Triponez","SpeakerFullName":"Triponez Pierre","SpeakerFunction":"","CouncilId":1,"CouncilName":"Nationalrat","CantonId":2,"CantonName":"Bern","CantonAbbreviation":"BE","ParlGroupName":"Freisinnig-demokratische Fraktion","ParlGroupAbbreviation":"RL","SortOrder":75,"Start":"\/Date(1006946165831)\/","End":"\/Date(1006946280034)\/","Function":"","DisplaySpeaker":true,"LanguageOfText":"DE","Modified":"\/Date(1774878201566)\/","StartTimeWithTimezone":"\/Date(1006946165830+0060)\/","EndTimeWithTimezone":"\/Date(1006946280033+0060)\/","VoteBusinessNumber":null,"VoteBusinessShortNumber":null,"VoteBusinessTitle":null},{"__metadata":{"id":"https://ws.parlament.ch/OData.svc/Transcript(ID=16656L,Language='DE')","uri":"https://ws.parlament.ch/OData.svc/Transcript(ID=16656L,Language='DE')","type":"itsystems.Pd.DataServices.DataModel.Transcript"},"Subjects":{"__deferred":{"uri":"https://ws.parlament.ch/OData.svc/Transcript(ID=16656L,Language='DE')/Subjects"}},"MembersCouncil":{"__deferred":{"uri":"https://ws.parlament.ch/OData.svc/Transcript(ID=16656L,Language='DE')/MembersCouncil"}},"Businesses":{"__deferred":{"uri":"https://ws.parlament.ch/OData.svc/Transcript(ID=16656L,Language='DE')/Businesses"}},"ID":"16656","Language":"DE","IdSubject":"3187","VoteId":null,"PersonNumber":454,"Type":1,"Text":"<pd_text><p>La proposition F\u00f6hn va \u00e0 l'encontre de tout ce qui se fait maintenant dans les milieux de la formation, puisque la deuxi\u00e8me langue est introduite d\u00e9j\u00e0 \u00e0 l'\u00e9cole primaire et que l'on demande m\u00eame de l'introduire le plus t\u00f4t possible, y compris au jardin d'enfants, de fa\u00e7on \u00e0 ce que dans ce pays chacun, chacune soit capable de s'exprimer au moins dans deux langues nationales. De l'avis des entreprises, il n'est m\u00eame pas suffisant, tr\u00e8s souvent, de parler deux langues nationales. Il faut ajouter une troisi\u00e8me langue, \u00e9trang\u00e8re, l'anglais, pour laquelle il est \u00e9galement n\u00e9cessaire de se former. Je ne vois pas comment les \u00e9coles professionnelles qui sont charg\u00e9es de former une grande partie, la majeure partie des jeunes, pourraient se soustraire \u00e0 l'apprentissage des langues. Cela handicaperait profond\u00e9ment tous les apprentis lorsqu'ils seraient sur le march\u00e9 du travail et les mettrait vraiment cette fois en d\u00e9savantage complet par rapport \u00e0 ceux qui auraient suivi une fili\u00e8re gymnasiale.</p>\n<p>Je vous implore et vous supplie m\u00eame, au nom de tout ce qui se passe au niveau de l'enseignement des langues maintenant dans les milieux de la formation, de maintenir la formulation de l'alin\u00e9a 1er, tel qu'il figure dans le d\u00e9pliant, selon la proposition de la commission.</p>\n</pd_text>","MeetingCouncilAbbreviation":"N","MeetingDate":"20011128","MeetingVerbalixOid":865,"IdSession":"4611","SpeakerFirstName":"Liliane","SpeakerLastName":"Chappuis","SpeakerFullName":"Chappuis Liliane","SpeakerFunction":"","CouncilId":1,"CouncilName":"Nationalrat","CantonId":10,"CantonName":"Freiburg","CantonAbbreviation":"FR","ParlGroupName":"Sozialdemokratische Fraktion","ParlGroupAbbreviation":"S","SortOrder":76,"Start":"\/Date(1006946280034)\/","End":"\/Date(1006946388752)\/","Function":"","DisplaySpeaker":true,"LanguageOfText":"FR","Modified":"\/Date(1774878201567)\/","StartTimeWithTimezone":"\/Date(1006946280033+0060)\/","EndTimeWithTimezone":"\/Date(1006946388753+0060)\/","VoteBusinessNumber":null,"VoteBusinessShortNumber":null,"VoteBusinessTitle":null},{"__metadata":{"id":"https://ws.parlament.ch/OData.svc/Transcript(ID=16657L,Language='DE')","uri":"https://ws.parlament.ch/OData.svc/Transcript(ID=16657L,Language='DE')","type":"itsystems.Pd.DataServices.DataModel.Transcript"},"Subjects":{"__deferred":{"uri":"https://ws.parlament.ch/OData.svc/Transcript(ID=16657L,Language='DE')/Subjects"}},"MembersCouncil":{"__deferred":{"uri":"https://ws.parlament.ch/OData.svc/Transcript(ID=16657L,Language='DE')/MembersCouncil"}},"Businesses":{"__deferred":{"uri":"https://ws.parlament.ch/OData.svc/Transcript(ID=16657L,Language='DE')/Businesses"}},"ID":"16657","Language":"DE","IdSubject":"3187","VoteId":null,"PersonNumber":511,"Type":1,"Text":"<pd_text><p>Alors, dire que je suis \u00e9tonn\u00e9e, c'est peu, c'est tr\u00e8s peu. Si vous pensez que nous vivons dans la soci\u00e9t\u00e9 du savoir, M. F\u00f6hn veut que 70 pour cent de nos jeunes re\u00e7oivent un enseignement professionnel et de culture g\u00e9n\u00e9rale, et fini! Ce n'est pas possible. L'article 14d, justement, parle aussi de l'enseignement artistique parce qu'on a d\u00e9cid\u00e9 d'avoir aussi les professions artistiques dans nos \u00e9coles. Et il dit \"au moins une deuxi\u00e8me langue\". Ecoutez, pensez-vous vraiment qu'on peut vivre dans notre soci\u00e9t\u00e9 en tant que citoyen, qu'on peut travailler dans un monde du travail qui demande toujours plus de qualifications en connaissant seulement une langue? Cela, ce n'est vraiment pas possible. Et que M. F\u00f6hn dise encore qu'il veut faire le bien des jeunes, allora questo \u00e8 al di l\u00e0 di ogni comprensione!</p>\n<p>Ich w\u00fcrde sagen, es ist unm\u00f6glich, in unserer Wissensgesellschaft und unserer Arbeitswelt heutzutage nur mit einer Sprache zu leben. Wir sollen doch unsere Kompetenzen f\u00f6rdern, das sind schliesslich Schl\u00fcsselqualifikationen, und wir m\u00fcssen die Schl\u00fcsselqualifikationen der Leute f\u00f6rdern, wenn sie jung sind. Das geht einfach besser, wenn man jung ist. Es ist eine Schande, im dritten Jahrtausend eine Schule mit nur einer Sprache zu f\u00fchren! Wir wollen, dass unsere Leute - es handelt sich um 70 Prozent der Jungen, die eine Berufsschule besuchen - diese Schl\u00fcsselqualifikationen auch haben, und das bedeutet eben mindestens die Kenntnis einer zweiten Sprache. Ich muss Ihnen etwas sagen: Im Kanton Tessin sprechen alle unsere Jungen mindestens drei Sprachen, wenn sie mit 14 Jahren aus der Schule kommen. Einige, die besseren Sch\u00fcler, sprechen sogar vier Sprachen. Das wird in der obligatorischen Schule vermittelt. Wenn das im nicht so reichen Kanton Tessin m\u00f6glich ist, muss das auch in den Berufsschulen m\u00f6glich sein.</p>\n<p>Pour la proposition Triponez, M. Chevrier a d\u00e9j\u00e0 dit tout ce qu'on devait dire. On est contre la proposition Triponez, parce que cet article fait partie du compromis qu'on a sign\u00e9 le 6 ao\u00fbt. Il est tr\u00e8s important de laisser aussi les autres lieux de formation \u00e9quivalents, parce qu'en Romandie et au Tessin, on a d'autres lieux de formation \u00e9quivalents.</p>\n</pd_text>","MeetingCouncilAbbreviation":"N","MeetingDate":"20011128","MeetingVerbalixOid":865,"IdSession":"4611","SpeakerFirstName":"Chiara","SpeakerLastName":"Simoneschi","SpeakerFullName":"Simoneschi Chiara","SpeakerFunction":"","CouncilId":1,"CouncilName":"Nationalrat","CantonId":27,"CantonName":"Tessin","CantonAbbreviation":"TI","ParlGroupName":"Christlichdemokratische Fraktion","ParlGroupAbbreviation":"M-E","SortOrder":77,"Start":"\/Date(1006946388752)\/","End":"\/Date(1006946594612)\/","Function":"","DisplaySpeaker":true,"LanguageOfText":"FR","Modified":"\/Date(1774878201572)\/","StartTimeWithTimezone":"\/Date(1006946388753+0060)\/","EndTimeWithTimezone":"\/Date(1006946594613+0060)\/","VoteBusinessNumber":null,"VoteBusinessShortNumber":null,"VoteBusinessTitle":null},{"__metadata":{"id":"https://ws.parlament.ch/OData.svc/Transcript(ID=16658L,Language='DE')","uri":"https://ws.parlament.ch/OData.svc/Transcript(ID=16658L,Language='DE')","type":"itsystems.Pd.DataServices.DataModel.Transcript"},"Subjects":{"__deferred":{"uri":"https://ws.parlament.ch/OData.svc/Transcript(ID=16658L,Language='DE')/Subjects"}},"MembersCouncil":{"__deferred":{"uri":"https://ws.parlament.ch/OData.svc/Transcript(ID=16658L,Language='DE')/MembersCouncil"}},"Businesses":{"__deferred":{"uri":"https://ws.parlament.ch/OData.svc/Transcript(ID=16658L,Language='DE')/Businesses"}},"ID":"16658","Language":"DE","IdSubject":"3187","VoteId":null,"PersonNumber":335,"Type":1,"Text":"<pd_text><p>Zuerst zum Antrag Triponez: Vorher habe ich ihm gesagt, er habe sich get\u00e4uscht; hier habe ich mich get\u00e4uscht.</p>\n<p>In Absatz 5 steht - fast das einzige Mal in diesem Gesetz -, das sei \"in Zusammenarbeit mit den Betrieben\" zu machen. Richtigerweise m\u00fcsste tats\u00e4chlich hier stehen: \"mit den Organisationen der Arbeitswelt\". Das haben wir \u00fcbersehen. Das ist sicher kein zentraler Punkt des Kompromisses. Hier werden sich alle einig sein, dass man das im Sinne von Herrn Triponez erg\u00e4nzt. Eigentlich ist die Ihnen vorgelegte Fassung redaktionell falsch. So w\u00fcrde ich das beurteilen.</p>\n<p>Zu Herrn F\u00f6hn: Nat\u00fcrlich begeben wir uns in ein anspruchsvolles Feld hinein. Wir verlangen relativ viel, wenn wir das so ins Gesetz hineinschreiben. Aber nicht f\u00fcr alle Berufe wird man gleich viel von alledem in die Stundenpl\u00e4ne hineinschreiben. F\u00fcr die einen Berufe wird es mehr Kunst und Kultur sein, f\u00fcr andere wird es mehr Sprache sein, und andere machen vielleicht etwas mehr oder weniger Sport.</p>\n<p>Zu Kunst, Kultur und zweiter Sprache m\u00f6chte ich nicht mehr sagen. Chiara Simoneschi hat in \u00fcberzeugender Weise dar\u00fcber gesprochen. Die Tessiner sind vielleicht weniger reich als andere, aber ganz offensichtlich intelligenter, wie ich jetzt gelernt habe.</p>\n<p>Lieber Peter F\u00f6hn, was den Sport betrifft: Nat\u00fcrlich steht es in einem anderen Gesetz, aber wenn wir den Sport nicht ins Berufsbildungsgesetz hineinschreiben, dann sind wir die \"Totengr\u00e4ber\" des Sports in der Berufsbildung, dann h\u00e4tten wir das Loch gegraben. Andere werden den Sport erschiessen, dann ist er im Berufsunterricht gestorben.</p>\n<p>Ich bitte Sie deshalb, den Antrag F\u00f6hn abzulehnen.</p>\n</pd_text>","MeetingCouncilAbbreviation":"N","MeetingDate":"20011128","MeetingVerbalixOid":865,"IdSession":"4611","SpeakerFirstName":"Peter","SpeakerLastName":"Kofmel","SpeakerFullName":"Kofmel Peter","SpeakerFunction":"","CouncilId":1,"CouncilName":"Nationalrat","CantonId":11,"CantonName":"Solothurn","CantonAbbreviation":"SO","ParlGroupName":"Freisinnig-demokratische Fraktion","ParlGroupAbbreviation":"RL","SortOrder":78,"Start":"\/Date(1006946594612)\/","End":"\/Date(1006946714393)\/","Function":"","DisplaySpeaker":true,"LanguageOfText":"DE","Modified":"\/Date(1774878201574)\/","StartTimeWithTimezone":"\/Date(1006946594613+0060)\/","EndTimeWithTimezone":"\/Date(1006946714393+0060)\/","VoteBusinessNumber":null,"VoteBusinessShortNumber":null,"VoteBusinessTitle":null},{"__metadata":{"id":"https://ws.parlament.ch/OData.svc/Transcript(ID=16659L,Language='DE')","uri":"https://ws.parlament.ch/OData.svc/Transcript(ID=16659L,Language='DE')","type":"itsystems.Pd.DataServices.DataModel.Transcript"},"Subjects":{"__deferred":{"uri":"https://ws.parlament.ch/OData.svc/Transcript(ID=16659L,Language='DE')/Subjects"}},"MembersCouncil":{"__deferred":{"uri":"https://ws.parlament.ch/OData.svc/Transcript(ID=16659L,Language='DE')/MembersCouncil"}},"Businesses":{"__deferred":{"uri":"https://ws.parlament.ch/OData.svc/Transcript(ID=16659L,Language='DE')/Businesses"}},"ID":"16659","Language":"DE","IdSubject":"3187","VoteId":null,"PersonNumber":500,"Type":1,"Text":"<pd_text><p>Ich spreche zuerst zum Antrag Triponez. Wie von Kollege Kofmel bereits erw\u00e4hnt, hat sich offenbar noch eine Unlogik aus der Vorberatung im Text halten k\u00f6nnen. Grunds\u00e4tzlich ist die Organisation und Durchf\u00fchrung von \u00fcberbetrieblichen Kursen traditionell den Berufsverb\u00e4nden zugeordnet. Im neuen Text steht jedoch, dass sich die Berufsfachschulen mit den Betrieben absprechen. Diese Variante, die Absprache mit den Betrieben, ist durchaus m\u00f6glich, wenn ein entsprechender Berufsverband nicht zur Verf\u00fcgung steht. Prim\u00e4r ist es jedoch wichtig, dass es nicht zu Doppelspurigkeiten mit unklaren finanziellen Folgen kommt. Darum sind die Berufsverb\u00e4nde oder die Organisationen der Arbeitswelt als Ansprechpartner f\u00fcr \u00fcberbetriebliche Kurse unbedingt in das Gesetz hineinzunehmen. Ich empfehle Ihnen, diese Erg\u00e4nzung gem\u00e4ss Antrag Triponez aufzunehmen.</p>\n<p>Zum Antrag F\u00f6hn: Ich m\u00f6chte hierzu bemerken, dass das Fuder nat\u00fcrlich \u00fcberladen worden ist, indem mit Kunst und Kultur f\u00fcr alle Berufe etwas viel verlangt wurde. Prim\u00e4r war nicht der Sprachunterricht die \"pi\u00e8ce de r\u00e9sistance\", und ich [PAGE 1590] denke, dass wir diese Frage noch einmal etwas diskutieren sollten.</p>\n<p>Wir unterst\u00fctzen den Antrag F\u00f6hn.</p>\n</pd_text>","MeetingCouncilAbbreviation":"N","MeetingDate":"20011128","MeetingVerbalixOid":865,"IdSession":"4611","SpeakerFirstName":"Theophil","SpeakerLastName":"Pfister","SpeakerFullName":"Pfister Theophil","SpeakerFunction":"","CouncilId":1,"CouncilName":"Nationalrat","CantonId":17,"CantonName":"St. Gallen","CantonAbbreviation":"SG","ParlGroupName":"Fraktion der Schweizerischen Volkspartei","ParlGroupAbbreviation":"V","SortOrder":79,"Start":"\/Date(1006946714393)\/","End":"\/Date(1006946827560)\/","Function":"","DisplaySpeaker":true,"LanguageOfText":"DE","Modified":"\/Date(1774878201575)\/","StartTimeWithTimezone":"\/Date(1006946714393+0060)\/","EndTimeWithTimezone":"\/Date(1006946827560+0060)\/","VoteBusinessNumber":null,"VoteBusinessShortNumber":null,"VoteBusinessTitle":null},{"__metadata":{"id":"https://ws.parlament.ch/OData.svc/Transcript(ID=16660L,Language='DE')","uri":"https://ws.parlament.ch/OData.svc/Transcript(ID=16660L,Language='DE')","type":"itsystems.Pd.DataServices.DataModel.Transcript"},"Subjects":{"__deferred":{"uri":"https://ws.parlament.ch/OData.svc/Transcript(ID=16660L,Language='DE')/Subjects"}},"MembersCouncil":{"__deferred":{"uri":"https://ws.parlament.ch/OData.svc/Transcript(ID=16660L,Language='DE')/MembersCouncil"}},"Businesses":{"__deferred":{"uri":"https://ws.parlament.ch/OData.svc/Transcript(ID=16660L,Language='DE')/Businesses"}},"ID":"16660","Language":"DE","IdSubject":"3187","VoteId":null,"PersonNumber":455,"Type":1,"Text":"<pd_text><p>Juste peut-\u00eatre une petite rectification mat\u00e9rielle par rapport \u00e0 la proposition Triponez \u00e0 l'article 14d, pour vous informer du fait qu'il y a une erreur au niveau de la traduction. Donc, le texte allemand, nous pourrions l'accepter puisque les autres lieux de formation \u00e9quivalents y sont maintenus, alors que dans la version fran\u00e7aise, ils ont \u00e9t\u00e9 effectivement supprim\u00e9s. Donc, si le texte d\u00e9finitif est: \"En collaboration avec les organisations du monde du travail .... et avec d'autres lieux de formation \u00e9quivalents, l'\u00e9cole professionnelle ....\", nous pouvons accepter cette proposition. Mais il faut imp\u00e9rativement que les \"autres lieux de formation \u00e9quivalents\" figurent dans le texte d\u00e9finitif.</p>\n</pd_text>","MeetingCouncilAbbreviation":"N","MeetingDate":"20011128","MeetingVerbalixOid":865,"IdSession":"4611","SpeakerFirstName":"Maurice","SpeakerLastName":"Chevrier","SpeakerFullName":"Chevrier Maurice","SpeakerFunction":"","CouncilId":1,"CouncilName":"Nationalrat","CantonId":23,"CantonName":"Wallis","CantonAbbreviation":"VS","ParlGroupName":"Christlichdemokratische Fraktion","ParlGroupAbbreviation":"M-E","SortOrder":80,"Start":"\/Date(1006946827560)\/","End":"\/Date(1006946872888)\/","Function":"","DisplaySpeaker":true,"LanguageOfText":"FR","Modified":"\/Date(1774878201577)\/","StartTimeWithTimezone":"\/Date(1006946827560+0060)\/","EndTimeWithTimezone":"\/Date(1006946872887+0060)\/","VoteBusinessNumber":null,"VoteBusinessShortNumber":null,"VoteBusinessTitle":null},{"__metadata":{"id":"https://ws.parlament.ch/OData.svc/Transcript(ID=16661L,Language='DE')","uri":"https://ws.parlament.ch/OData.svc/Transcript(ID=16661L,Language='DE')","type":"itsystems.Pd.DataServices.DataModel.Transcript"},"Subjects":{"__deferred":{"uri":"https://ws.parlament.ch/OData.svc/Transcript(ID=16661L,Language='DE')/Subjects"}},"MembersCouncil":{"__deferred":{"uri":"https://ws.parlament.ch/OData.svc/Transcript(ID=16661L,Language='DE')/MembersCouncil"}},"Businesses":{"__deferred":{"uri":"https://ws.parlament.ch/OData.svc/Transcript(ID=16661L,Language='DE')/Businesses"}},"ID":"16661","Language":"DE","IdSubject":"3187","VoteId":null,"PersonNumber":346,"Type":1,"Text":"<pd_text><p>Ganz kurz zum Antrag Triponez: Die Organisationen der Arbeitswelt sind im Grundsatzartikel 1 enthalten; Basis ist selbstverst\u00e4ndlich die Partnerschaft. Dann waren wir nicht mehr konsequent: Wir haben die Organisationen der Arbeitswelt in Artikel 4 Absatz 3 und in Artikel 33 Absatz 3 weiterhin aufgef\u00fchrt. Hier geh\u00f6rt der Begriff auch hinein, und die vorgeschlagene redaktionelle \u00c4nderung ist sehr wohl angebracht.</p>\n<p>Zum Antrag F\u00f6hn, der die Erweiterung der allgemeinen Bildung streichen will: Ich muss Kollege F\u00f6hn sagen, dass er dann konsequenterweise auch bei Artikel 12 Absatz 2 Buchstabe b Streichung beantragen m\u00fcsste.</p>\n<p>Die Kommission hat mit grosser Mehrheit gew\u00fcnscht, dass die Allgemeinbildung gef\u00f6rdert wird, dass die zweite Sprache obligatorisch wird, gerade weil es darum geht, unsere jungen Menschen im Berufsbildungssystem zukunftsf\u00e4hig zu bilden. Darum steht die Kommission praktisch geschlossen hinter dieser gegen\u00fcber dem Entwurf des Bundesrates erg\u00e4nzten Formulierung.</p>\n<p>Bitte lehnen Sie den Antrag F\u00f6hn ab.</p>\n</pd_text>","MeetingCouncilAbbreviation":"N","MeetingDate":"20011128","MeetingVerbalixOid":865,"IdSession":"4611","SpeakerFirstName":"Johannes","SpeakerLastName":"Randegger","SpeakerFullName":"Randegger Johannes","SpeakerFunction":"","CouncilId":1,"CouncilName":"Nationalrat","CantonId":12,"CantonName":"Basel-Stadt","CantonAbbreviation":"BS","ParlGroupName":"Freisinnig-demokratische Fraktion","ParlGroupAbbreviation":"RL","SortOrder":81,"Start":"\/Date(1006946872888)\/","End":"\/Date(1006946980216)\/","Function":"*","DisplaySpeaker":true,"LanguageOfText":"DE","Modified":"\/Date(1774878201578)\/","StartTimeWithTimezone":"\/Date(1006946872887+0060)\/","EndTimeWithTimezone":"\/Date(1006946980217+0060)\/","VoteBusinessNumber":null,"VoteBusinessShortNumber":null,"VoteBusinessTitle":null},{"__metadata":{"id":"https://ws.parlament.ch/OData.svc/Transcript(ID=16662L,Language='DE')","uri":"https://ws.parlament.ch/OData.svc/Transcript(ID=16662L,Language='DE')","type":"itsystems.Pd.DataServices.DataModel.Transcript"},"Subjects":{"__deferred":{"uri":"https://ws.parlament.ch/OData.svc/Transcript(ID=16662L,Language='DE')/Subjects"}},"MembersCouncil":{"__deferred":{"uri":"https://ws.parlament.ch/OData.svc/Transcript(ID=16662L,Language='DE')/MembersCouncil"}},"Businesses":{"__deferred":{"uri":"https://ws.parlament.ch/OData.svc/Transcript(ID=16662L,Language='DE')/Businesses"}},"ID":"16662","Language":"DE","IdSubject":"3187","VoteId":null,"PersonNumber":487,"Type":1,"Text":"<pd_text><p>Meine Fragen gehen eigentlich sowohl an den Kommissionspr\u00e4sidenten als auch an den Bundesrat.</p>\n<p>Gestatten Sie mir eine Vorbemerkung. Mir hat die Strukturierung, wie sie vonseiten des Bundesrates vorgeschlagen worden ist, besser gefallen. Sie war klarer als das, was wir jetzt mit dem \"Einheitstopf\" Berufsfachschulen haben. Ich denke, dass der St\u00e4nderat gut beraten w\u00e4re, sich diese Struktur nochmals grundlegend zu \u00fcberlegen.</p>\n<p>Meine Frage an Sie, Herr Kommissionspr\u00e4sident, und an den Bundesrat: Ich habe Angst, dass mit der neuen Fassung die Diplommittelschulen zwischen Stuhl und Bank fallen. Ist sichergestellt, dass man auch \u00fcber den Weg der Diplommittelschule, mit einem Upgrading selbstverst\u00e4ndlich, die notwendige Grundausbildung erreichen kann? Ist damit auch sichergestellt, dass ein eidgen\u00f6ssisches F\u00e4higkeitszeugnis erlangt werden kann? Wird das auf dem Verordnungswege noch pr\u00e4zisiert werden?</p>\n</pd_text>","MeetingCouncilAbbreviation":"N","MeetingDate":"20011128","MeetingVerbalixOid":865,"IdSession":"4611","SpeakerFirstName":"Susanne","SpeakerLastName":"Leutenegger Oberholzer","SpeakerFullName":"Leutenegger Oberholzer Susanne","SpeakerFunction":"","CouncilId":1,"CouncilName":"Nationalrat","CantonId":13,"CantonName":"Basel-Landschaft","CantonAbbreviation":"BL","ParlGroupName":"Sozialdemokratische Fraktion","ParlGroupAbbreviation":"S","SortOrder":82,"Start":"\/Date(1006946980216)\/","End":"\/Date(1006947067060)\/","Function":"","DisplaySpeaker":true,"LanguageOfText":"DE","Modified":"\/Date(1774878201580)\/","StartTimeWithTimezone":"\/Date(1006946980217+0060)\/","EndTimeWithTimezone":"\/Date(1006947067060+0060)\/","VoteBusinessNumber":null,"VoteBusinessShortNumber":null,"VoteBusinessTitle":null},{"__metadata":{"id":"https://ws.parlament.ch/OData.svc/Transcript(ID=16663L,Language='DE')","uri":"https://ws.parlament.ch/OData.svc/Transcript(ID=16663L,Language='DE')","type":"itsystems.Pd.DataServices.DataModel.Transcript"},"Subjects":{"__deferred":{"uri":"https://ws.parlament.ch/OData.svc/Transcript(ID=16663L,Language='DE')/Subjects"}},"MembersCouncil":{"__deferred":{"uri":"https://ws.parlament.ch/OData.svc/Transcript(ID=16663L,Language='DE')/MembersCouncil"}},"Businesses":{"__deferred":{"uri":"https://ws.parlament.ch/OData.svc/Transcript(ID=16663L,Language='DE')/Businesses"}},"ID":"16663","Language":"DE","IdSubject":"3187","VoteId":null,"PersonNumber":346,"Type":1,"Text":"<pd_text><p>Frau Leutenegger Oberholzer, wir haben in der Kommission auch die Vertreter der Diplommittelschulen angeh\u00f6rt. Wir haben das diskutiert. Es ist wichtig, klar darauf aufmerksam zu machen, dass wir jetzt ein Rahmengesetz vorliegen haben. Dieses Rahmengesetz erm\u00f6glicht eben auch die Aufnahme von Berufen mit praktisch ausschliesslich schulischer Bildung, also z. B. Berufen zu den Diplomhandelsschulen. Es erm\u00f6glicht eben auch im schulischen Bereich in Richtung berufspraktische Bildung im virtuellen Sinn zu gehen, wie das beispielsweise bei den Kaufleuten heute schon der Fall ist. Dort werden virtuelle Firmen von Gruppen von Lehrlingen des kaufm\u00e4nnischen Bereichs gef\u00fchrt.</p>\n<p>Was die Diplommittelschulen angeht: Selbstverst\u00e4ndlich k\u00f6nnen die Diplommittelschulen beim Bundesamt f\u00fcr Berufsbildung und Technologie den Antrag einreichen, dass sie zu Berufsfachschulen mutiert werden. Das wird allerdings Modifikationen im Curriculum bedeuten, damit ein klares Berufsbild vorliegt. Wenn sie dann in der Berufsbildungsverordnung fixiert sind, dann heisst das, dass der Abschluss einer solchen Schule nicht mehr zu einem Diplom, sondern zu einem eidgen\u00f6ssischen F\u00e4higkeitszeugnis f\u00fchrt. Zusammen mit dem F\u00e4higkeitszeugnis und der Berufsmatura ist der Zugang zur entsprechenden Fachhochschule gew\u00e4hrleistet, sei sie nun im sozialen oder zuk\u00fcnftig im Gesundheits- oder im Kunstbereich. Aber der n\u00e4chste Schritt muss nat\u00fcrlich von den Diplommittelschulen selber getan werden, mit ihrer Bereitschaft, das Curriculum anzupassen und sich engagiert f\u00fcr ein klares Berufsbild einzusetzen. Der Weg ist mit dieser Gesetzesrevision jetzt offen.</p>\n</pd_text>","MeetingCouncilAbbreviation":"N","MeetingDate":"20011128","MeetingVerbalixOid":865,"IdSession":"4611","SpeakerFirstName":"Johannes","SpeakerLastName":"Randegger","SpeakerFullName":"Randegger Johannes","SpeakerFunction":"","CouncilId":1,"CouncilName":"Nationalrat","CantonId":12,"CantonName":"Basel-Stadt","CantonAbbreviation":"BS","ParlGroupName":"Freisinnig-demokratische Fraktion","ParlGroupAbbreviation":"RL","SortOrder":83,"Start":"\/Date(1006947067060)\/","End":"\/Date(1006947184919)\/","Function":"*","DisplaySpeaker":true,"LanguageOfText":"DE","Modified":"\/Date(1774878201582)\/","StartTimeWithTimezone":"\/Date(1006947067060+0060)\/","EndTimeWithTimezone":"\/Date(1006947184920+0060)\/","VoteBusinessNumber":null,"VoteBusinessShortNumber":null,"VoteBusinessTitle":null},{"__metadata":{"id":"https://ws.parlament.ch/OData.svc/Transcript(ID=16664L,Language='DE')","uri":"https://ws.parlament.ch/OData.svc/Transcript(ID=16664L,Language='DE')","type":"itsystems.Pd.DataServices.DataModel.Transcript"},"Subjects":{"__deferred":{"uri":"https://ws.parlament.ch/OData.svc/Transcript(ID=16664L,Language='DE')/Subjects"}},"MembersCouncil":{"__deferred":{"uri":"https://ws.parlament.ch/OData.svc/Transcript(ID=16664L,Language='DE')/MembersCouncil"}},"Businesses":{"__deferred":{"uri":"https://ws.parlament.ch/OData.svc/Transcript(ID=16664L,Language='DE')/Businesses"}},"ID":"16664","Language":"DE","IdSubject":"3187","VoteId":null,"PersonNumber":459,"Type":1,"Text":"<pd_text><p>Je vous demande d'accepter la proposition Triponez, mais j'ai une question \u00e0 poser \u00e0 M. Triponez, s'il veut bien me rassurer. La traduction fran\u00e7aise n'est pas tout \u00e0 fait heureuse. C'est assez clair en allemand, mais en fran\u00e7ais, \u00e7a devrait donner plut\u00f4t: \"En collaboration avec les organisations du monde du travail, les entreprises et d'autres lieux de formation.\" Or, ce n'est pas ce qui est \u00e9crit dans la proposition en fran\u00e7ais. Pour moi, \u00e7a doit \u00eatre le texte allemand qui devrait faire foi.</p>\n<p>Si c'est donc le texte allemand qui fait foi, je vous recommande d'accepter cette proposition qui me para\u00eet tout \u00e0 fait logique.</p>\n<p>Pour la proposition F\u00f6hn, je vous recommande de la rejeter pour les diff\u00e9rentes raisons qui vous ont \u00e9t\u00e9 donn\u00e9es par toutes les personnes qui sont intervenues et par le rapporteur de langue allemande. Je le r\u00e9p\u00e8te encore une fois, il est important que les jeunes aient une connaissance d'une seconde langue. Le patronat de divers milieux se plaint \u00e0 l'heure actuelle de cette lacune, et les jeunes doivent souvent et dans des conditions pas tr\u00e8s favorables apprendre tr\u00e8s rapidement une deuxi\u00e8me langue pour trouver une place de travail int\u00e9ressante.</p>\n<p>Je voudrais tout de m\u00eame rappeler que les jeunes suivent des cours de langue d\u00e9j\u00e0 maintenant dans l'\u00e9cole obligatoire. Il est tout \u00e0 fait dommageable que, pendant le temps de formation professionnelle, on ne leur permette pas de consolider et de d\u00e9velopper encore leurs connaissances dans ce domaine-l\u00e0.</p>\n<p>Je vous recommande donc instamment de rejeter la proposition F\u00f6hn. La formation professionnelle n'est pas simplement l'apprentissage d'une profession; \u00e7a doit \u00eatre imp\u00e9rativement plus large.</p>\n</pd_text>","MeetingCouncilAbbreviation":"N","MeetingDate":"20011128","MeetingVerbalixOid":865,"IdSession":"4611","SpeakerFirstName":"Marlyse","SpeakerLastName":"Dormond","SpeakerFullName":"Dormond Marlyse","SpeakerFunction":"","CouncilId":1,"CouncilName":"Nationalrat","CantonId":22,"CantonName":"Waadt","CantonAbbreviation":"VD","ParlGroupName":"Sozialdemokratische Fraktion","ParlGroupAbbreviation":"S","SortOrder":84,"Start":"\/Date(1006947184919)\/","End":"\/Date(1006947311044)\/","Function":"*","DisplaySpeaker":true,"LanguageOfText":"FR","Modified":"\/Date(1774878201583)\/","StartTimeWithTimezone":"\/Date(1006947184920+0060)\/","EndTimeWithTimezone":"\/Date(1006947311043+0060)\/","VoteBusinessNumber":null,"VoteBusinessShortNumber":null,"VoteBusinessTitle":null},{"__metadata":{"id":"https://ws.parlament.ch/OData.svc/Transcript(ID=16665L,Language='DE')","uri":"https://ws.parlament.ch/OData.svc/Transcript(ID=16665L,Language='DE')","type":"itsystems.Pd.DataServices.DataModel.Transcript"},"Subjects":{"__deferred":{"uri":"https://ws.parlament.ch/OData.svc/Transcript(ID=16665L,Language='DE')/Subjects"}},"MembersCouncil":{"__deferred":{"uri":"https://ws.parlament.ch/OData.svc/Transcript(ID=16665L,Language='DE')/MembersCouncil"}},"Businesses":{"__deferred":{"uri":"https://ws.parlament.ch/OData.svc/Transcript(ID=16665L,Language='DE')/Businesses"}},"ID":"16665","Language":"DE","IdSubject":"3187","VoteId":null,"PersonNumber":321,"Type":1,"Text":"<pd_text><p>Herr Randegger hat gesagt, dass wir das logischerweise oder konsequenterweise auch bei Artikel 12b streichen m\u00fcssten. Ich sehe das vielleicht ein bisschen anders. Hier steht unter Artikel 12 zum Gegenstand: Die berufliche Grundbildung \"umfasst insbesondere die Vermittlung und den Erwerb: a. der berufsspezifischen Qualifikationen .... b. der grundlegenden Allgemeinbildung\". Man kann es anbieten, das habe ich auch gesagt, man soll es bitte anbieten, aber es soll und darf nicht zwingend sein.</p>\n<p>In Artikel 14d heisst es ganz klar, der allgemein bildende Unterricht bestehe \"unter Einschluss\" - und das ist f\u00fcr mich zwingend - von Kunst, Kultur und Unterricht in mindestens einer zweiten Sprache. Da m\u00fcssen alle an diesem Unterricht teilhaben und letztendlich dann auch gepr\u00fcft werden. Hier legen wir sehr vielen Jugendlichen einen Stein in den Weg.</p>\n<p>Artikel 12b kann man stehen lassen - man kann es ohne weiteres anbieten -, aber es darf nicht zwingend sein.</p>\n</pd_text>","MeetingCouncilAbbreviation":"N","MeetingDate":"20011128","MeetingVerbalixOid":865,"IdSession":"4611","SpeakerFirstName":"Peter","SpeakerLastName":"F\u00f6hn","SpeakerFullName":"F\u00f6hn Peter","SpeakerFunction":"","CouncilId":1,"CouncilName":"Nationalrat","CantonId":5,"CantonName":"Schwyz","CantonAbbreviation":"SZ","ParlGroupName":"Fraktion der Schweizerischen Volkspartei","ParlGroupAbbreviation":"V","SortOrder":85,"Start":"\/Date(1006947311044)\/","End":"\/Date(1006947404552)\/","Function":"","DisplaySpeaker":true,"LanguageOfText":"DE","Modified":"\/Date(1774878201585)\/","StartTimeWithTimezone":"\/Date(1006947311043+0060)\/","EndTimeWithTimezone":"\/Date(1006947404553+0060)\/","VoteBusinessNumber":null,"VoteBusinessShortNumber":null,"VoteBusinessTitle":null},{"__metadata":{"id":"https://ws.parlament.ch/OData.svc/Transcript(ID=16666L,Language='DE')","uri":"https://ws.parlament.ch/OData.svc/Transcript(ID=16666L,Language='DE')","type":"itsystems.Pd.DataServices.DataModel.Transcript"},"Subjects":{"__deferred":{"uri":"https://ws.parlament.ch/OData.svc/Transcript(ID=16666L,Language='DE')/Subjects"}},"MembersCouncil":{"__deferred":{"uri":"https://ws.parlament.ch/OData.svc/Transcript(ID=16666L,Language='DE')/MembersCouncil"}},"Businesses":{"__deferred":{"uri":"https://ws.parlament.ch/OData.svc/Transcript(ID=16666L,Language='DE')/Businesses"}},"ID":"16666","Language":"DE","IdSubject":"3187","VoteId":null,"PersonNumber":346,"Type":1,"Text":"<pd_text><p>Herr F\u00f6hn, wie lesen Sie denn diesen Artikel? Hier heisst es, dass die grundlegende Allgemeinbildung den Unterricht in Kunst, Kultur sowie in mindestens einer zweiten Sprache einschliesst. K\u00f6nnen dann bei Ihnen die Lehrer machen, was sie wollen? </p>\n<p>Ich bitte Sie, lehnen Sie den Antrag F\u00f6hn ab.</p>\n</pd_text>","MeetingCouncilAbbreviation":"N","MeetingDate":"20011128","MeetingVerbalixOid":865,"IdSession":"4611","SpeakerFirstName":"Johannes","SpeakerLastName":"Randegger","SpeakerFullName":"Randegger Johannes","SpeakerFunction":"","CouncilId":1,"CouncilName":"Nationalrat","CantonId":12,"CantonName":"Basel-Stadt","CantonAbbreviation":"BS","ParlGroupName":"Freisinnig-demokratische Fraktion","ParlGroupAbbreviation":"RL","SortOrder":86,"Start":"\/Date(1006947404552)\/","End":"\/Date(1006947426286)\/","Function":"*","DisplaySpeaker":true,"LanguageOfText":"DE","Modified":"\/Date(1774878201586)\/","StartTimeWithTimezone":"\/Date(1006947404553+0060)\/","EndTimeWithTimezone":"\/Date(1006947426287+0060)\/","VoteBusinessNumber":null,"VoteBusinessShortNumber":null,"VoteBusinessTitle":null},{"__metadata":{"id":"https://ws.parlament.ch/OData.svc/Transcript(ID=16667L,Language='DE')","uri":"https://ws.parlament.ch/OData.svc/Transcript(ID=16667L,Language='DE')","type":"itsystems.Pd.DataServices.DataModel.Transcript"},"Subjects":{"__deferred":{"uri":"https://ws.parlament.ch/OData.svc/Transcript(ID=16667L,Language='DE')/Subjects"}},"MembersCouncil":{"__deferred":{"uri":"https://ws.parlament.ch/OData.svc/Transcript(ID=16667L,Language='DE')/MembersCouncil"}},"Businesses":{"__deferred":{"uri":"https://ws.parlament.ch/OData.svc/Transcript(ID=16667L,Language='DE')/Businesses"}},"ID":"16667","Language":"DE","IdSubject":"3187","VoteId":null,"PersonNumber":50,"Type":1,"Text":"<pd_text><p>Tout d'abord, la question de Mme Leutenegger Oberholzer. Nous confirmons la [PAGE 1591] r\u00e9ponse qui a \u00e9t\u00e9 donn\u00e9e par M. Randegger: cette loi permet de r\u00e9pondre \u00e0 ses pr\u00e9occupations moyennant quelques am\u00e9nagements.</p>\n<p>En ce qui concerne la proposition Triponez, nous n'avons pas d'opposition \u00e0 ce qu'elle soit accept\u00e9e. En ce qui concerne l'adjonction de la commission \u00e0 l'article 14d alin\u00e9a 1er, nous nous y rallions. Dans le sens de ce qu'a dit Mme Simoneschi avec chaleur et engagement, c'est une bonne proposition qui marque l'importance que l'on accorde \u00e0 l'enseignement d'une seconde langue au minimum. C'est une innovation positive de la part de la commission et nous vous invitons \u00e0 vous y rallier.</p>\n<p>Le Conseil f\u00e9d\u00e9ral abandonne donc sa position au profit de celle de la commission et vous invite \u00e0 repousser la proposition F\u00f6hn.</p>\n</pd_text>","MeetingCouncilAbbreviation":"N","MeetingDate":"20011128","MeetingVerbalixOid":865,"IdSession":"4611","SpeakerFirstName":"Pascal","SpeakerLastName":"Couchepin","SpeakerFullName":"Couchepin Pascal","SpeakerFunction":"BR-M","CouncilId":99,"CouncilName":"Bundesrat","CantonId":23,"CantonName":"Wallis","CantonAbbreviation":"VS","ParlGroupName":null,"ParlGroupAbbreviation":null,"SortOrder":87,"Start":"\/Date(1006947426286)\/","End":"\/Date(1006947506833)\/","Function":"","DisplaySpeaker":true,"LanguageOfText":"FR","Modified":"\/Date(1774878201588)\/","StartTimeWithTimezone":"\/Date(1006947426287+0060)\/","EndTimeWithTimezone":"\/Date(1006947506833+0060)\/","VoteBusinessNumber":null,"VoteBusinessShortNumber":null,"VoteBusinessTitle":null},{"__metadata":{"id":"https://ws.parlament.ch/OData.svc/Transcript(ID=16668L,Language='DE')","uri":"https://ws.parlament.ch/OData.svc/Transcript(ID=16668L,Language='DE')","type":"itsystems.Pd.DataServices.DataModel.Transcript"},"Subjects":{"__deferred":{"uri":"https://ws.parlament.ch/OData.svc/Transcript(ID=16668L,Language='DE')/Subjects"}},"MembersCouncil":{"__deferred":{"uri":"https://ws.parlament.ch/OData.svc/Transcript(ID=16668L,Language='DE')/MembersCouncil"}},"Businesses":{"__deferred":{"uri":"https://ws.parlament.ch/OData.svc/Transcript(ID=16668L,Language='DE')/Businesses"}},"ID":"16668","Language":"DE","IdSubject":"3187","VoteId":null,"PersonNumber":341,"Type":1,"Text":"<pd_text><p><i>Titel, Abs. 2-4, 6 - Titre, al. 2-4, 6</i></p>\n<p><i>Angenommen - Adopt\u00e9</i></p>\n<p>[VS]</p>\n<p><i>Abs. 1 - Al. 1</i></p>\n<p>[VS]</p>\n<p><i>Abstimmung - Vote</i></p>\n<p>F\u00fcr den Antrag der Kommission .... 140 Stimmen</p>\n<p>F\u00fcr den Antrag F\u00f6hn .... 20 Stimmen</p>\n<p>[VS]</p>\n<p><i>Abs. 5 - Al. 5</i></p>\n<p>[VS]</p>\n<p><i>Abstimmung - Vote</i></p>\n<p>F\u00fcr den Antrag Triponez .... 104 Stimmen</p>\n<p>F\u00fcr den Antrag der Kommission .... 54 Stimmen</p>\n<p>[VS]</p>\n<p><b>Art. 14e</b></p>\n<p><i>Antrag der Kommission</i></p>\n<p><i>Titel</i></p>\n<p>Angebot an Berufsfachschulen</p>\n<p><i>Abs. 1</i></p>\n<p>Die Kantone, in denen die Bildung in beruflicher Praxis erfolgt, sorgen f\u00fcr ein bedarfsgerechtes Angebot an Berufsfachschulen.</p>\n<p><i>Abs. 2</i></p>\n<p>Der obligatorische Unterricht ist unentgeltlich.</p>\n<p><i>Abs. 3</i></p>\n<p>Wer im Lehrbetrieb und in der Berufsfachschule die Voraussetzungen erf\u00fcllt, kann Freikurse ohne Lohnabzug besuchen. Der Besuch erfolgt im Einvernehmen mit dem Betrieb. Bei Uneinigkeit entscheidet der Kanton.</p>\n<p><i>Abs. 4</i></p>\n<p>Ist eine lernende Person im Hinblick auf eine erfolgreiche Absolvierung der Berufsfachschule auf St\u00fctzkurse angewiesen, so kann die Berufsfachschule im Einvernehmen mit dem Betrieb und mit der lernenden Person den Besuch solcher Kurse anordnen. Bei Uneinigkeit entscheidet der Kanton. Der Besuch erfolgt ohne Lohnabzug.</p>\n<p><i>Abs. 5</i></p>\n<p>Das Bundesamt bewilligt auf Antrag der Berufsverb\u00e4nde die Durchf\u00fchrung von interkantonalen Fachkursen, wenn dadurch das Bildungsziel besser erreicht und die Bildungsbereitschaft der Lehrbetriebe positiv beeinflusst wird, keine \u00fcberm\u00e4ssigen Kosten erwachsen und f\u00fcr die Teilnehmenden keine erheblichen Nachteile entstehen.</p>\n<p>[VS]</p>\n<p><i>Antrag Lustenberger</i></p>\n<p><i>Abs. 2</i></p>\n<p>Der obligatorische Unterricht ist unentgeltlich. Es d\u00fcrfen weder Schulgelder noch Geb\u00fchren erhoben werden. </p>\n<p>[VS]</p>\n<p><b>Art. 14e</b></p>\n<p><i>Proposition de la commission</i></p>\n<p><i>Titre</i></p>\n<p>Offre d'\u00e9coles professionnelles</p>\n<p><i>Al. 1</i></p>\n<p>Les cantons o\u00f9 est dispens\u00e9e la formation \u00e0 la pratique professionnelle veillent \u00e0 ce que l'offre d'\u00e9coles professionnelles corresponde aux besoins.</p>\n<p><i>Al. 2</i></p>\n<p>L'enseignement obligatoire est gratuit.</p>\n<p><i>Al. 3</i></p>\n<p>Les personnes qui, dans l'entreprise formatrice et \u00e0 l'\u00e9cole professionnelle, remplissent les conditions peuvent suivre des cours facultatifs sans qu'aucune retenue ne soit op\u00e9r\u00e9e sur leur salaire. La fr\u00e9quentation de ces cours est d\u00e9cid\u00e9e en accord avec l'entreprise. En cas de d\u00e9saccord, le canton tranche.</p>\n<p><i>Al. 4</i></p>\n<p>Si pour r\u00e9ussir l'\u00e9cole professionnelle, une personne en formation a besoin de cours d'appui, l'\u00e9cole professionnelle peut, avec son accord et celui de l'entreprise formatrice, ordonner qu'elle suive de tels cours. En cas de d\u00e9saccord, le canton tranche. La fr\u00e9quentation de ces cours n'entra\u00eene aucune retenue sur le salaire.</p>\n<p><i>Al. 5</i></p>\n<p>L'office approuve, sur proposition des associations professionnelles, la mise en place de l'enseignement hebdomadaire \u00e0 l'\u00e9cole professionnelle sous la forme de cours sp\u00e9cialis\u00e9s intercantonaux si une telle mesure permet de mieux atteindre l'objectif, d'influencer favorablement la disponibilit\u00e9 des entreprises formatrices, de ne pas engendrer de surco\u00fbts excessifs et de ne pas occasionner de pr\u00e9judices majeurs pour les participants.</p>\n<p>[VS]</p>\n<p><i>Proposition Lustenberger</i></p>\n<p><i>Al. 2</i></p>\n<p>L'enseignement obligatoire est gratuit. Il ne sera pr\u00e9lev\u00e9 ni taxes d'\u00e9colage, ni aucun \u00e9molument.</p>\n</pd_text>","MeetingCouncilAbbreviation":"N","MeetingDate":"20011128","MeetingVerbalixOid":865,"IdSession":"4611","SpeakerFirstName":"Liliane","SpeakerLastName":"Maury Pasquier","SpeakerFullName":"Maury Pasquier Liliane","SpeakerFunction":"P-F","CouncilId":1,"CouncilName":"Nationalrat","CantonId":25,"CantonName":"Genf","CantonAbbreviation":"GE","ParlGroupName":"Sozialdemokratische Fraktion","ParlGroupAbbreviation":"S","SortOrder":88,"Start":"\/Date(1006947506833)\/","End":"\/Date(1006947670223)\/","Function":"","DisplaySpeaker":false,"LanguageOfText":null,"Modified":"\/Date(1774878201590)\/","StartTimeWithTimezone":"\/Date(1006947506833+0060)\/","EndTimeWithTimezone":"\/Date(1006947670223+0060)\/","VoteBusinessNumber":null,"VoteBusinessShortNumber":null,"VoteBusinessTitle":null},{"__metadata":{"id":"https://ws.parlament.ch/OData.svc/Transcript(ID=16669L,Language='DE')","uri":"https://ws.parlament.ch/OData.svc/Transcript(ID=16669L,Language='DE')","type":"itsystems.Pd.DataServices.DataModel.Transcript"},"Subjects":{"__deferred":{"uri":"https://ws.parlament.ch/OData.svc/Transcript(ID=16669L,Language='DE')/Subjects"}},"MembersCouncil":{"__deferred":{"uri":"https://ws.parlament.ch/OData.svc/Transcript(ID=16669L,Language='DE')/MembersCouncil"}},"Businesses":{"__deferred":{"uri":"https://ws.parlament.ch/OData.svc/Transcript(ID=16669L,Language='DE')/Businesses"}},"ID":"16669","Language":"DE","IdSubject":"3187","VoteId":null,"PersonNumber":490,"Type":1,"Text":"<pd_text><p>Mit meinem Antrag pr\u00e4zisiere ich den Entwurf des Bundesrates und den Antrag der Kommission, die grunds\u00e4tzlich bestimmen, der obligatorische Unterricht in den Berufsfachschulen sei unentgeltlich. Weshalb mache ich eine Pr\u00e4zisierung und sage, es d\u00fcrfen weder Schulgelder noch Geb\u00fchren erhoben werden? Nach der heutigen Praxis ist es so, dass die Kantone dieses Gesetz vollziehen. Sie werden auch das neue Gesetz vollziehen. Bis jetzt haben die Kantone sowohl Geb\u00fchren, beispielsweise Einschreibgeb\u00fchren, wie auch Schulgelder erhoben.</p>\n<p>Meine Frage ist nun: Ist der Begriff \"unentgeltlich\" so zu interpretieren, dass in Zukunft weder Geb\u00fchren noch Schulgelder erhoben werden k\u00f6nnen? Wenn das so ist - und diese Frage geht an die Kommission und auch an den Bundesrat -, w\u00e4re ich allenfalls bereit, meinen Antrag, der eine Pr\u00e4zisierung ist, zur\u00fcckzuziehen. Ich m\u00f6chte aber nicht, dass in Zukunft f\u00fcr die Berufsfachschulen ein Spielraum offen bleibt, um beispielsweise bei den Betrieben Einschreibgeb\u00fchren zu kassieren oder nur bei den Sch\u00fclerinnen und Sch\u00fclern auf das Schulgeld zu verzichten, die Betriebe aber weiterhin mit Schulgeldern zu belasten.</p>\n</pd_text>","MeetingCouncilAbbreviation":"N","MeetingDate":"20011128","MeetingVerbalixOid":865,"IdSession":"4611","SpeakerFirstName":"Ruedi","SpeakerLastName":"Lustenberger","SpeakerFullName":"Lustenberger Ruedi","SpeakerFunction":"","CouncilId":1,"CouncilName":"Nationalrat","CantonId":3,"CantonName":"Luzern","CantonAbbreviation":"LU","ParlGroupName":"Christlichdemokratische Fraktion","ParlGroupAbbreviation":"M-E","SortOrder":89,"Start":"\/Date(1006947670223)\/","End":"\/Date(1006947768098)\/","Function":"","DisplaySpeaker":true,"LanguageOfText":"DE","Modified":"\/Date(1774878201591)\/","StartTimeWithTimezone":"\/Date(1006947670223+0060)\/","EndTimeWithTimezone":"\/Date(1006947768097+0060)\/","VoteBusinessNumber":null,"VoteBusinessShortNumber":null,"VoteBusinessTitle":null},{"__metadata":{"id":"https://ws.parlament.ch/OData.svc/Transcript(ID=16670L,Language='DE')","uri":"https://ws.parlament.ch/OData.svc/Transcript(ID=16670L,Language='DE')","type":"itsystems.Pd.DataServices.DataModel.Transcript"},"Subjects":{"__deferred":{"uri":"https://ws.parlament.ch/OData.svc/Transcript(ID=16670L,Language='DE')/Subjects"}},"MembersCouncil":{"__deferred":{"uri":"https://ws.parlament.ch/OData.svc/Transcript(ID=16670L,Language='DE')/MembersCouncil"}},"Businesses":{"__deferred":{"uri":"https://ws.parlament.ch/OData.svc/Transcript(ID=16670L,Language='DE')/Businesses"}},"ID":"16670","Language":"DE","IdSubject":"3187","VoteId":null,"PersonNumber":346,"Type":1,"Text":"<pd_text><p>Es ist ganz klar, dass der obligatorische Unterricht unentgeltlich ist. Aber in gewissen F\u00e4llen, wie Freifachkursen, werden Geb\u00fchren erhoben, werden Schulgelder verlangt. F\u00fcr den obligatorischen Teil werden keine verlangt. Wenn Herr Lustenberger seinen Antrag wirklich nur auf den obligatorischen Teil bezieht, dann k\u00f6nnen wir ihm sagen, dass diese Hinzuf\u00fcgung nicht notwendig ist. Wenn die Freifachkurse hingegen auch gemeint sind, dann w\u00e4re der Antrag sinnvoll.</p>\n</pd_text>","MeetingCouncilAbbreviation":"N","MeetingDate":"20011128","MeetingVerbalixOid":865,"IdSession":"4611","SpeakerFirstName":"Johannes","SpeakerLastName":"Randegger","SpeakerFullName":"Randegger Johannes","SpeakerFunction":"","CouncilId":1,"CouncilName":"Nationalrat","CantonId":12,"CantonName":"Basel-Stadt","CantonAbbreviation":"BS","ParlGroupName":"Freisinnig-demokratische Fraktion","ParlGroupAbbreviation":"RL","SortOrder":90,"Start":"\/Date(1006947768098)\/","End":"\/Date(1006947819489)\/","Function":"*","DisplaySpeaker":true,"LanguageOfText":"DE","Modified":"\/Date(1774878201593)\/","StartTimeWithTimezone":"\/Date(1006947768097+0060)\/","EndTimeWithTimezone":"\/Date(1006947819490+0060)\/","VoteBusinessNumber":null,"VoteBusinessShortNumber":null,"VoteBusinessTitle":null},{"__metadata":{"id":"https://ws.parlament.ch/OData.svc/Transcript(ID=16671L,Language='DE')","uri":"https://ws.parlament.ch/OData.svc/Transcript(ID=16671L,Language='DE')","type":"itsystems.Pd.DataServices.DataModel.Transcript"},"Subjects":{"__deferred":{"uri":"https://ws.parlament.ch/OData.svc/Transcript(ID=16671L,Language='DE')/Subjects"}},"MembersCouncil":{"__deferred":{"uri":"https://ws.parlament.ch/OData.svc/Transcript(ID=16671L,Language='DE')/MembersCouncil"}},"Businesses":{"__deferred":{"uri":"https://ws.parlament.ch/OData.svc/Transcript(ID=16671L,Language='DE')/Businesses"}},"ID":"16671","Language":"DE","IdSubject":"3187","VoteId":null,"PersonNumber":490,"Type":1,"Text":"<pd_text><p>Wenn nun in den Materialien das Votum des Kommissionssprechers so wiedergegeben wird, dann ist es klar, dass ich meinen Antrag zur\u00fcckziehen kann.</p>\n</pd_text>","MeetingCouncilAbbreviation":"N","MeetingDate":"20011128","MeetingVerbalixOid":865,"IdSession":"4611","SpeakerFirstName":"Ruedi","SpeakerLastName":"Lustenberger","SpeakerFullName":"Lustenberger Ruedi","SpeakerFunction":"","CouncilId":1,"CouncilName":"Nationalrat","CantonId":3,"CantonName":"Luzern","CantonAbbreviation":"LU","ParlGroupName":"Christlichdemokratische Fraktion","ParlGroupAbbreviation":"M-E","SortOrder":91,"Start":"\/Date(1006947819489)\/","End":"\/Date(1006947841864)\/","Function":"","DisplaySpeaker":true,"LanguageOfText":"DE","Modified":"\/Date(1774878201594)\/","StartTimeWithTimezone":"\/Date(1006947819490+0060)\/","EndTimeWithTimezone":"\/Date(1006947841863+0060)\/","VoteBusinessNumber":null,"VoteBusinessShortNumber":null,"VoteBusinessTitle":null},{"__metadata":{"id":"https://ws.parlament.ch/OData.svc/Transcript(ID=16672L,Language='DE')","uri":"https://ws.parlament.ch/OData.svc/Transcript(ID=16672L,Language='DE')","type":"itsystems.Pd.DataServices.DataModel.Transcript"},"Subjects":{"__deferred":{"uri":"https://ws.parlament.ch/OData.svc/Transcript(ID=16672L,Language='DE')/Subjects"}},"MembersCouncil":{"__deferred":{"uri":"https://ws.parlament.ch/OData.svc/Transcript(ID=16672L,Language='DE')/MembersCouncil"}},"Businesses":{"__deferred":{"uri":"https://ws.parlament.ch/OData.svc/Transcript(ID=16672L,Language='DE')/Businesses"}},"ID":"16672","Language":"DE","IdSubject":"3187","VoteId":null,"PersonNumber":341,"Type":1,"Text":"<pd_text><p><i>Titel, Abs. 1, 3-5 - Titre, al. 1, 3-5</i></p>\n<p><i>Angenommen - Adopt\u00e9</i></p>\n<p>[VS] [PAGE 1592] </p>\n<p><i>Abs. 2 - Al. 2</i></p>\n<p>[VS]</p>\n<p><b>Le pr\u00e9sident</b> (Christen Yves, premier vice-pr\u00e9sident): La proposition Lustenberger est retir\u00e9e.</p>\n<p>[VS]</p>\n<p><i>Angenommen gem\u00e4ss Antrag der Kommission</i></p>\n<p><i>Adopt\u00e9 selon la proposition de la commission</i></p>\n<p>[VS]</p>\n<p><b>Art. 14f</b></p>\n<p><i>Antrag der Kommission</i></p>\n<p><i>Titel</i></p>\n<p>\u00dcberbetriebliche Kurse und vergleichbare dritte Lernorte</p>\n<p><i>Abs. 1</i></p>\n<p>Die \u00fcberbetrieblichen Kurse und vergleichbare dritte Lernorte dienen der Vermittlung und dem Erwerb grundlegender Fertigkeiten. Sie erg\u00e4nzen die Bildung in beruflicher Praxis und die schulische Bildung, wo die zu erlernende Berufst\u00e4tigkeit dies erfordert.</p>\n<p>[VS]</p>\n<p><i>Abs. 2</i></p>\n<p><i>Mehrheit</i></p>\n<p>Die Kantone sorgen unter Mitwirkung der Organisationen der Arbeitswelt f\u00fcr ein ausreichendes Angebot an \u00fcberbetrieblichen Kursen und vergleichbaren dritten Kursorten.</p>\n<p><i>Minderheit</i></p>\n<p>(Pfister Theophil, Laubacher, Seiler)</p>\n<p>Die Organisationen der Arbeitswelt f\u00fchren ein ausreichendes ....</p>\n<p>[VS]</p>\n<p><i>Abs. 3</i></p>\n<p>Der Besuch der Kurse ist obligatorisch. Die Kantone k\u00f6nnen auf Gesuch des Anbieters von Bildung in beruflicher Praxis hin Lernende vom Besuch der Kurse befreien, wenn die Bildungsinhalte in einem betrieblichen Bildungszentrum oder in einer Lernwerkst\u00e4tte vermittelt werden.</p>\n<p><i>Abs. 4</i></p>\n<p>Wer \u00fcberbetriebliche Kurse und vergleichbare Angebote durchf\u00fchrt, kann von den Lehrbetrieben oder den Bildungsinstitutionen eine angemessene Beteiligung an den Kosten verlangen. Organisationen der Arbeitswelt, die \u00fcberbetriebliche Kurse und vergleichbare Angebote durchf\u00fchren, k\u00f6nnen zur Vermeidung von Wettbewerbsverzerrungen von Betrieben, die nicht Mitglied der Organisation sind, eine h\u00f6here Kostenbeteiligung verlangen.</p>\n<p><i>Abs. 5</i></p>\n<p>Der Bundesrat legt die Voraussetzungen f\u00fcr die Kostenbeteiligung und deren Umfang fest.</p>\n<p>[VS]</p>\n<p><i>Antrag Triponez</i></p>\n<p><i>Abs. 1</i></p>\n<p>.... Fertigkeiten. Sie erg\u00e4nzen die Bildung in beruflicher Praxis, wo die zu erlernende Berufst\u00e4tigkeit dies erfordert. </p>\n<p>[VS]</p>\n<p><b>Art. 14f</b></p>\n<p><i>Proposition de la commission</i></p>\n<p><i>Titre</i></p>\n<p>Cours interentreprises et autres lieux d'enseignement comparables</p>\n<p><i>Al. 1</i></p>\n<p>Les cours interentreprises et les autres lieux d'enseignement comparables servent \u00e0 transmettre et \u00e0 acqu\u00e9rir un savoir-faire de base. Ils compl\u00e8tent la pratique professionnelle et la formation scolaire si la future activit\u00e9 professionnelle l'exige.</p>\n<p>[VS]</p>\n<p><i>Al. 2</i></p>\n<p><i>Majorit\u00e9</i></p>\n<p>Les cantons veillent, avec le concours des organisations du monde du travail, \u00e0 ce que l'offre de cours interentreprises et d'autres lieux d'enseignement comparables soit suffisante.</p>\n<p><i>Minorit\u00e9</i></p>\n<p>(Pfister Theophil, Laubacher, Seiler)</p>\n<p>Les organisations du monde du travail proposent une offre suffisante de cours interentreprises.</p>\n<p>[VS]</p>\n<p><i>Al. 3</i></p>\n<p>La fr\u00e9quentation des cours interentreprises est obligatoire. Les cantons peuvent, \u00e0 la demande d'un prestataire de la formation \u00e0 la pratique professionnelle, d\u00e9roger \u00e0 cette obligation si les personnes en formation suivent un enseignement \u00e9quivalent dans le centre de formation d'une entreprise ou dans une \u00e9cole des m\u00e9tiers.</p>\n<p><i>Al. 4</i></p>\n<p>Tout organisateur de cours interentreprises ou d'offres comparables peut exiger des entreprises formatrices ou des \u00e9tablissements de formation une participation ad\u00e9quate aux frais. Pour \u00e9viter les distorsions de la concurrence, les organisations du monde du travail qui proposent de tels cours peuvent exiger des entreprises qui ne font pas partie de l'organisation en question une participation plus \u00e9lev\u00e9e aux frais.</p>\n<p><i>Al. 5</i></p>\n<p>Le Conseil f\u00e9d\u00e9ral fixe les conditions de leur participation aux frais et l'ampleur de cette participation.</p>\n<p>[VS]</p>\n<p><i>Proposition Triponez</i></p>\n<p><i>Al. 1</i></p>\n<p>.... de base. Ils compl\u00e8tent la pratique professionnelle si la future activit\u00e9 l'exige. </p>\n</pd_text>","MeetingCouncilAbbreviation":"N","MeetingDate":"20011128","MeetingVerbalixOid":865,"IdSession":"4611","SpeakerFirstName":"Liliane","SpeakerLastName":"Maury Pasquier","SpeakerFullName":"Maury Pasquier Liliane","SpeakerFunction":"P-F","CouncilId":1,"CouncilName":"Nationalrat","CantonId":25,"CantonName":"Genf","CantonAbbreviation":"GE","ParlGroupName":"Sozialdemokratische Fraktion","ParlGroupAbbreviation":"S","SortOrder":92,"Start":"\/Date(1006947841864)\/","End":"\/Date(1006947870755)\/","Function":"","DisplaySpeaker":false,"LanguageOfText":null,"Modified":"\/Date(1774878201596)\/","StartTimeWithTimezone":"\/Date(1006947841863+0060)\/","EndTimeWithTimezone":"\/Date(1006947870757+0060)\/","VoteBusinessNumber":null,"VoteBusinessShortNumber":null,"VoteBusinessTitle":null},{"__metadata":{"id":"https://ws.parlament.ch/OData.svc/Transcript(ID=16673L,Language='DE')","uri":"https://ws.parlament.ch/OData.svc/Transcript(ID=16673L,Language='DE')","type":"itsystems.Pd.DataServices.DataModel.Transcript"},"Subjects":{"__deferred":{"uri":"https://ws.parlament.ch/OData.svc/Transcript(ID=16673L,Language='DE')/Subjects"}},"MembersCouncil":{"__deferred":{"uri":"https://ws.parlament.ch/OData.svc/Transcript(ID=16673L,Language='DE')/MembersCouncil"}},"Businesses":{"__deferred":{"uri":"https://ws.parlament.ch/OData.svc/Transcript(ID=16673L,Language='DE')/Businesses"}},"ID":"16673","Language":"DE","IdSubject":"3187","VoteId":null,"PersonNumber":500,"Type":1,"Text":"<pd_text><p>Es geht hier wiederum um die \u00fcberbetrieblichen Kurse, die in Erg\u00e4nzung zur Praxis grundlegende Fertigkeiten vermitteln. Nach dem alten Berufsbildungsgesetz sind diese Kurse klar und ungeteilt den Berufsverb\u00e4nden zugeordnet. Die Verb\u00e4nde haben sich dieser Aufgabe mit einem grossen Einsatz an Kr\u00e4ften und Mitteln angenommen und betreiben heute weitherum die erforderlichen Kurszentren. Diese Arbeit ist ein Teil unseres erfolgreichen Berufsbildungskonzeptes. Eine Verlagerung der Regelungskompetenz von den Verb\u00e4nden hin zu den Kantonen tr\u00e4gt die grosse Gefahr in sich, dass sich die Verb\u00e4nde aus dieser anspruchsvollen und aufwendigen Aufgabe zur\u00fcckziehen und die F\u00fchrung und Finanzierung vollumf\u00e4nglich den Kantonen \u00fcberlassen. Damit ist der Sache aber nicht gedient. Wenn weiterhin die Berufsverb\u00e4nde mit ihren Fachleuten in der praktischen Berufsbildung aktiv t\u00e4tig sein sollen, dann sind daf\u00fcr auch die n\u00f6tigen Kompetenzen und Sicherheiten erforderlich. Dies schliesst nicht aus, dass \u00fcberall dort, wo L\u00fccken bestehen, solche auch durch die Kantone mittels der vereinbarten Absprachen und Zust\u00e4ndigkeiten geschlossen werden k\u00f6nnen. An der Mitfinanzierung durch den Bund via Kantone muss sich durch die Beibehaltung der bestehenden Regelung keine \u00c4nderung ergeben.</p>\n<p>Ich bitte Sie namens einer grossen Mehrheit der SVP-Fraktion, diesen Antrag zu unterst\u00fctzen.</p>\n</pd_text>","MeetingCouncilAbbreviation":"N","MeetingDate":"20011128","MeetingVerbalixOid":865,"IdSession":"4611","SpeakerFirstName":"Theophil","SpeakerLastName":"Pfister","SpeakerFullName":"Pfister Theophil","SpeakerFunction":"","CouncilId":1,"CouncilName":"Nationalrat","CantonId":17,"CantonName":"St. Gallen","CantonAbbreviation":"SG","ParlGroupName":"Fraktion der Schweizerischen Volkspartei","ParlGroupAbbreviation":"V","SortOrder":93,"Start":"\/Date(1006947870755)\/","End":"\/Date(1006947975442)\/","Function":"","DisplaySpeaker":true,"LanguageOfText":"DE","Modified":"\/Date(1774878201598)\/","StartTimeWithTimezone":"\/Date(1006947870757+0060)\/","EndTimeWithTimezone":"\/Date(1006947975443+0060)\/","VoteBusinessNumber":null,"VoteBusinessShortNumber":null,"VoteBusinessTitle":null},{"__metadata":{"id":"https://ws.parlament.ch/OData.svc/Transcript(ID=16674L,Language='DE')","uri":"https://ws.parlament.ch/OData.svc/Transcript(ID=16674L,Language='DE')","type":"itsystems.Pd.DataServices.DataModel.Transcript"},"Subjects":{"__deferred":{"uri":"https://ws.parlament.ch/OData.svc/Transcript(ID=16674L,Language='DE')/Subjects"}},"MembersCouncil":{"__deferred":{"uri":"https://ws.parlament.ch/OData.svc/Transcript(ID=16674L,Language='DE')/MembersCouncil"}},"Businesses":{"__deferred":{"uri":"https://ws.parlament.ch/OData.svc/Transcript(ID=16674L,Language='DE')/Businesses"}},"ID":"16674","Language":"DE","IdSubject":"3187","VoteId":null,"PersonNumber":341,"Type":1,"Text":"<pd_text><p>Le groupe d\u00e9mocrate-chr\u00e9tien communique qu'il soutient la proposition de la majorit\u00e9.</p>\n</pd_text>","MeetingCouncilAbbreviation":"N","MeetingDate":"20011128","MeetingVerbalixOid":865,"IdSession":"4611","SpeakerFirstName":"Liliane","SpeakerLastName":"Maury Pasquier","SpeakerFullName":"Maury Pasquier Liliane","SpeakerFunction":"P-F","CouncilId":1,"CouncilName":"Nationalrat","CantonId":25,"CantonName":"Genf","CantonAbbreviation":"GE","ParlGroupName":"Sozialdemokratische Fraktion","ParlGroupAbbreviation":"S","SortOrder":94,"Start":"\/Date(1006947975442)\/","End":"\/Date(1006947983552)\/","Function":"","DisplaySpeaker":true,"LanguageOfText":"FR","Modified":"\/Date(1774878201599)\/","StartTimeWithTimezone":"\/Date(1006947975443+0060)\/","EndTimeWithTimezone":"\/Date(1006947983553+0060)\/","VoteBusinessNumber":null,"VoteBusinessShortNumber":null,"VoteBusinessTitle":null},{"__metadata":{"id":"https://ws.parlament.ch/OData.svc/Transcript(ID=16675L,Language='DE')","uri":"https://ws.parlament.ch/OData.svc/Transcript(ID=16675L,Language='DE')","type":"itsystems.Pd.DataServices.DataModel.Transcript"},"Subjects":{"__deferred":{"uri":"https://ws.parlament.ch/OData.svc/Transcript(ID=16675L,Language='DE')/Subjects"}},"MembersCouncil":{"__deferred":{"uri":"https://ws.parlament.ch/OData.svc/Transcript(ID=16675L,Language='DE')/MembersCouncil"}},"Businesses":{"__deferred":{"uri":"https://ws.parlament.ch/OData.svc/Transcript(ID=16675L,Language='DE')/Businesses"}},"ID":"16675","Language":"DE","IdSubject":"3187","VoteId":null,"PersonNumber":454,"Type":1,"Text":"<pd_text><p>Je vous demande de soutenir la proposition de la majorit\u00e9.</p>\n<p>En effet, la situation actuelle est suffisamment explicite pour bien se rendre compte que les organisations du monde du travail ne proposent pas une offre suffisante de cours interentreprises et qu'il a bien fallu que d'autres s'en occupent.</p>\n<p>Il est donc important qu'il y ait une autorit\u00e9 de surveillance, que sont les cantons, pour veiller \u00e0 ce qu'il y ait vraiment une offre de cours suffisante dans ce domaine.</p>\n</pd_text>","MeetingCouncilAbbreviation":"N","MeetingDate":"20011128","MeetingVerbalixOid":865,"IdSession":"4611","SpeakerFirstName":"Liliane","SpeakerLastName":"Chappuis","SpeakerFullName":"Chappuis Liliane","SpeakerFunction":"","CouncilId":1,"CouncilName":"Nationalrat","CantonId":10,"CantonName":"Freiburg","CantonAbbreviation":"FR","ParlGroupName":"Sozialdemokratische Fraktion","ParlGroupAbbreviation":"S","SortOrder":95,"Start":"\/Date(1006947983552)\/","End":"\/Date(1006948015583)\/","Function":"","DisplaySpeaker":true,"LanguageOfText":"FR","Modified":"\/Date(1774878201601)\/","StartTimeWithTimezone":"\/Date(1006947983553+0060)\/","EndTimeWithTimezone":"\/Date(1006948015583+0060)\/","VoteBusinessNumber":null,"VoteBusinessShortNumber":null,"VoteBusinessTitle":null},{"__metadata":{"id":"https://ws.parlament.ch/OData.svc/Transcript(ID=16676L,Language='DE')","uri":"https://ws.parlament.ch/OData.svc/Transcript(ID=16676L,Language='DE')","type":"itsystems.Pd.DataServices.DataModel.Transcript"},"Subjects":{"__deferred":{"uri":"https://ws.parlament.ch/OData.svc/Transcript(ID=16676L,Language='DE')/Subjects"}},"MembersCouncil":{"__deferred":{"uri":"https://ws.parlament.ch/OData.svc/Transcript(ID=16676L,Language='DE')/MembersCouncil"}},"Businesses":{"__deferred":{"uri":"https://ws.parlament.ch/OData.svc/Transcript(ID=16676L,Language='DE')/Businesses"}},"ID":"16676","Language":"DE","IdSubject":"3187","VoteId":null,"PersonNumber":346,"Type":1,"Text":"<pd_text><p>Die Minderheit Pfister Theophil will hier die Kantone hinauskippen. Ich muss Ihnen aber sagen, dass die H\u00e4lfte der \u00fcberbetrieblichen Kurse nicht von den Organisationen der Arbeitswelt organisiert und durchgef\u00fchrt werden. Es w\u00e4re ein gewaltiger Einbruch in das Gesetz. Sie d\u00fcrfen nicht nur an die traditionellen Berufe denken, Sie m\u00fcssen auch an die modernen, an die neuen Berufe denken, also an den zweiten Markt, den [PAGE 1593] ich Ihnen vorher vorgestellt habe. Der Vater des Gedankens ist nat\u00fcrlich klar: Es geht um die Finanzierung der Organisationen der Arbeitswelt, die diese Kurse durchf\u00fchren.</p>\n<p>Im Namen einer starken Mehrheit der WBK empfehle ich Ihnen, den Antrag der Minderheit abzulehnen.</p>\n</pd_text>","MeetingCouncilAbbreviation":"N","MeetingDate":"20011128","MeetingVerbalixOid":865,"IdSession":"4611","SpeakerFirstName":"Johannes","SpeakerLastName":"Randegger","SpeakerFullName":"Randegger Johannes","SpeakerFunction":"","CouncilId":1,"CouncilName":"Nationalrat","CantonId":12,"CantonName":"Basel-Stadt","CantonAbbreviation":"BS","ParlGroupName":"Freisinnig-demokratische Fraktion","ParlGroupAbbreviation":"RL","SortOrder":96,"Start":"\/Date(1006948015583)\/","End":"\/Date(1006948083911)\/","Function":"*","DisplaySpeaker":true,"LanguageOfText":"DE","Modified":"\/Date(1774878201602)\/","StartTimeWithTimezone":"\/Date(1006948015583+0060)\/","EndTimeWithTimezone":"\/Date(1006948083910+0060)\/","VoteBusinessNumber":null,"VoteBusinessShortNumber":null,"VoteBusinessTitle":null}]},"ID":"3187","Language":"DE","IdMeeting":"228","VerbalixOid":40787,"SortOrder":2,"Modified":"\/Date(1774878201436)\/"}}