{"d":{"__metadata":{"id":"https://ws.parlament.ch/OData.svc/Subject(ID=32021L,Language='DE')","uri":"https://ws.parlament.ch/OData.svc/Subject(ID=32021L,Language='DE')","type":"itsystems.Pd.DataServices.DataModel.Subject"},"Meetings":{"__metadata":{"id":"https://ws.parlament.ch/OData.svc/Meeting(ID=1920L,Language='DE')","uri":"https://ws.parlament.ch/OData.svc/Meeting(ID=1920L,Language='DE')","type":"itsystems.Pd.DataServices.DataModel.Meeting"},"Sessions":{"__deferred":{"uri":"https://ws.parlament.ch/OData.svc/Meeting(ID=1920L,Language='DE')/Sessions"}},"Subjects":{"__deferred":{"uri":"https://ws.parlament.ch/OData.svc/Meeting(ID=1920L,Language='DE')/Subjects"}},"ID":"1920","Language":"DE","MeetingNumber":11,"IdSession":4919,"SessionNumber":19,"SessionName":"Sommersession 2015","Council":1,"CouncilName":"Nationalrat","CouncilAbbreviation":"NR","Date":"\/Date(1434412800000)\/","Begin":"0800","Modified":"\/Date(1447070427730)\/","LegislativePeriodNumber":49,"PublicationStatus":"final","MeetingOrderText":"Elfte Sitzung","SortOrder":11,"Location":"N"},"SubjectsBusiness":{"results":[{"__metadata":{"id":"https://ws.parlament.ch/OData.svc/SubjectBusiness(BusinessNumber=20150007,IdSubject=32021L,Language='DE')","uri":"https://ws.parlament.ch/OData.svc/SubjectBusiness(BusinessNumber=20150007,IdSubject=32021L,Language='DE')","type":"itsystems.Pd.DataServices.DataModel.SubjectBusiness"},"Subjects":{"__deferred":{"uri":"https://ws.parlament.ch/OData.svc/SubjectBusiness(BusinessNumber=20150007,IdSubject=32021L,Language='DE')/Subjects"}},"Businesses":{"__deferred":{"uri":"https://ws.parlament.ch/OData.svc/SubjectBusiness(BusinessNumber=20150007,IdSubject=32021L,Language='DE')/Businesses"}},"IdSubject":"32021","BusinessNumber":20150007,"Language":"DE","BusinessShortNumber":"15.007","Title":"Voranschlag 2015. Nachtrag I","SortOrder":1,"PublishedNotes":"Differenzen - Divergences\n","Modified":"\/Date(1447069667560)\/","TitleDE":"Voranschlag 2015. Nachtrag I","TitleFR":"Budget 2015. Suppl\u00e9ment I","TitleIT":null}]},"Transcripts":{"results":[{"__metadata":{"id":"https://ws.parlament.ch/OData.svc/Transcript(ID=177538L,Language='DE')","uri":"https://ws.parlament.ch/OData.svc/Transcript(ID=177538L,Language='DE')","type":"itsystems.Pd.DataServices.DataModel.Transcript"},"Subjects":{"__deferred":{"uri":"https://ws.parlament.ch/OData.svc/Transcript(ID=177538L,Language='DE')/Subjects"}},"MembersCouncil":{"__deferred":{"uri":"https://ws.parlament.ch/OData.svc/Transcript(ID=177538L,Language='DE')/MembersCouncil"}},"Businesses":{"__deferred":{"uri":"https://ws.parlament.ch/OData.svc/Transcript(ID=177538L,Language='DE')/Businesses"}},"ID":"177538","Language":"DE","IdSubject":"32021","VoteId":null,"PersonNumber":504,"Type":1,"Text":"<pd_text><p><b>Le pr\u00e9sident </b>(Rossini St\u00e9phane, pr\u00e9sident): Madame la conseill\u00e8re f\u00e9d\u00e9rale renonce \u00e0 prendre la parole. La commission propose d'adh\u00e9rer \u00e0 la d\u00e9cision du Conseil des Etats.</p>\n<p>[VS]</p>\n<p><i>Angenommen - Adopt\u00e9</i></p>\n</pd_text>","MeetingCouncilAbbreviation":"N","MeetingDate":"20150616","MeetingVerbalixOid":2620,"IdSession":"4919","SpeakerFirstName":"St\u00e9phane","SpeakerLastName":"Rossini","SpeakerFullName":"Rossini St\u00e9phane","SpeakerFunction":"P-M","CouncilId":1,"CouncilName":"Nationalrat","CantonId":23,"CantonName":"Wallis","CantonAbbreviation":"VS","ParlGroupName":"Sozialdemokratische Fraktion","ParlGroupAbbreviation":"S","SortOrder":4,"Start":"\/Date(1434442944186)\/","End":"\/Date(1434442969939)\/","Function":"P-M","DisplaySpeaker":false,"LanguageOfText":null,"Modified":"\/Date(1774877440494)\/","StartTimeWithTimezone":"\/Date(1434442944187+0120)\/","EndTimeWithTimezone":"\/Date(1434442969940+0120)\/","VoteBusinessNumber":null,"VoteBusinessShortNumber":null,"VoteBusinessTitle":null},{"__metadata":{"id":"https://ws.parlament.ch/OData.svc/Transcript(ID=177539L,Language='DE')","uri":"https://ws.parlament.ch/OData.svc/Transcript(ID=177539L,Language='DE')","type":"itsystems.Pd.DataServices.DataModel.Transcript"},"Subjects":{"__deferred":{"uri":"https://ws.parlament.ch/OData.svc/Transcript(ID=177539L,Language='DE')/Subjects"}},"MembersCouncil":{"__deferred":{"uri":"https://ws.parlament.ch/OData.svc/Transcript(ID=177539L,Language='DE')/MembersCouncil"}},"Businesses":{"__deferred":{"uri":"https://ws.parlament.ch/OData.svc/Transcript(ID=177539L,Language='DE')/Businesses"}},"ID":"177539","Language":"DE","IdSubject":"32021","VoteId":null,"PersonNumber":3830,"Type":1,"Text":"<pd_text><p>La commission a si\u00e9g\u00e9 hier, le 15 juin, pour examiner le suppl\u00e9ment I au budget 2015 o\u00f9 il y a encore une divergence avec le Conseil des Etats. Cette divergence porte sur les moyens allou\u00e9s \u00e0 la \"loi chocolati\u00e8re\". Le Conseil f\u00e9d\u00e9ral a propos\u00e9 aux chambres un suppl\u00e9ment de 20 millions de francs, le Conseil national a demand\u00e9 un suppl\u00e9ment de 25,6 millions. La commission, hier, s'est ralli\u00e9e \u00e0 la position du Conseil des Etats, par 20 voix contre 2 et 3 abstentions. En ce qui concerne les moyens allou\u00e9s \u00e0 la \"loi chocolati\u00e8re\", elle a choisi le montant le plus haut.</p>\n</pd_text>","MeetingCouncilAbbreviation":"N","MeetingDate":"20150616","MeetingVerbalixOid":2620,"IdSession":"4919","SpeakerFirstName":"Marina","SpeakerLastName":"Carobbio Guscetti","SpeakerFullName":"Carobbio Guscetti Marina","SpeakerFunction":"Mit-F","CouncilId":1,"CouncilName":"Nationalrat","CantonId":27,"CantonName":"Tessin","CantonAbbreviation":"TI","ParlGroupName":"Sozialdemokratische Fraktion","ParlGroupAbbreviation":"S","SortOrder":3,"Start":"\/Date(1434442879066)\/","End":"\/Date(1434442944186)\/","Function":"*","DisplaySpeaker":true,"LanguageOfText":"FR","Modified":"\/Date(1774877440491)\/","StartTimeWithTimezone":"\/Date(1434442879067+0120)\/","EndTimeWithTimezone":"\/Date(1434442944187+0120)\/","VoteBusinessNumber":null,"VoteBusinessShortNumber":null,"VoteBusinessTitle":null},{"__metadata":{"id":"https://ws.parlament.ch/OData.svc/Transcript(ID=177540L,Language='DE')","uri":"https://ws.parlament.ch/OData.svc/Transcript(ID=177540L,Language='DE')","type":"itsystems.Pd.DataServices.DataModel.Transcript"},"Subjects":{"__deferred":{"uri":"https://ws.parlament.ch/OData.svc/Transcript(ID=177540L,Language='DE')/Subjects"}},"MembersCouncil":{"__deferred":{"uri":"https://ws.parlament.ch/OData.svc/Transcript(ID=177540L,Language='DE')/MembersCouncil"}},"Businesses":{"__deferred":{"uri":"https://ws.parlament.ch/OData.svc/Transcript(ID=177540L,Language='DE')/Businesses"}},"ID":"177540","Language":"DE","IdSubject":"32021","VoteId":null,"PersonNumber":1110,"Type":1,"Text":"<pd_text><p>Dieses Gesch\u00e4ft hat ein gutes Ende gefunden. Wir hatten noch eine Differenz bez\u00fcglich der Position \"Ausfuhrbeitr\u00e4ge landwirtschaftliche Verarbeitungsprodukte\". Hier haben nun der St\u00e4nderat und Ihre Kommission die gleiche Haltung, beide haben dem h\u00f6heren Betrag zugestimmt. Strittig war, ob kompensiert wird. Auch hier hat man sich geeinigt: auf eine Kompensation von 5,6 Millionen Franken. </p>\n<p>Mit 20 zu 2 Stimmen bei 3 Enthaltungen empfiehlt Ihnen Ihre Kommission nun, dem St\u00e4nderat zu folgen. Damit h\u00e4tten wir dieses Gesch\u00e4ft \"einiglich\" behandelt.</p>\n</pd_text>","MeetingCouncilAbbreviation":"N","MeetingDate":"20150616","MeetingVerbalixOid":2620,"IdSession":"4919","SpeakerFirstName":"Daniel","SpeakerLastName":"Vischer","SpeakerFullName":"Vischer Daniel","SpeakerFunction":"Mit-M","CouncilId":1,"CouncilName":"Nationalrat","CantonId":1,"CantonName":"Z\u00fcrich","CantonAbbreviation":"ZH","ParlGroupName":"Gr\u00fcne Fraktion","ParlGroupAbbreviation":"G","SortOrder":2,"Start":"\/Date(1434442806323)\/","End":"\/Date(1434442879066)\/","Function":"*","DisplaySpeaker":true,"LanguageOfText":"DE","Modified":"\/Date(1774877440490)\/","StartTimeWithTimezone":"\/Date(1434442806323+0120)\/","EndTimeWithTimezone":"\/Date(1434442879067+0120)\/","VoteBusinessNumber":null,"VoteBusinessShortNumber":null,"VoteBusinessTitle":null},{"__metadata":{"id":"https://ws.parlament.ch/OData.svc/Transcript(ID=177541L,Language='DE')","uri":"https://ws.parlament.ch/OData.svc/Transcript(ID=177541L,Language='DE')","type":"itsystems.Pd.DataServices.DataModel.Transcript"},"Subjects":{"__deferred":{"uri":"https://ws.parlament.ch/OData.svc/Transcript(ID=177541L,Language='DE')/Subjects"}},"MembersCouncil":{"__deferred":{"uri":"https://ws.parlament.ch/OData.svc/Transcript(ID=177541L,Language='DE')/MembersCouncil"}},"Businesses":{"__deferred":{"uri":"https://ws.parlament.ch/OData.svc/Transcript(ID=177541L,Language='DE')/Businesses"}},"ID":"177541","Language":"DE","IdSubject":"32021","VoteId":null,"PersonNumber":504,"Type":1,"Text":"<pd_text><p><b>1. Voranschlag der Verwaltungseinheiten</b></p>\n<p><b>1. Budget des unit\u00e9s administratives</b></p>\n<p>[VS]</p>\n<p><b>Finanzdepartement - D\u00e9partement des finances</b></p>\n<p>[VS]</p>\n<p><i>606 Eidgen\u00f6ssische Zollverwaltung</i></p>\n<p><i>606 Administration f\u00e9d\u00e9rale des douanes</i></p>\n<p>[VS]</p>\n<p><i>Antrag der Kommission</i></p>\n<p>A2310.0211 Ausfuhrbeitr\u00e4ge landwirtschaftliche Verarbeitungsprodukte </p>\n<p>Zustimmung zum Beschluss des St\u00e4nderates</p>\n<p>[VS]</p>\n<p><i>Proposition de la commission</i></p>\n<p>A2310.0211 Contributions \u00e0 l'exportation de produits agricoles transform\u00e9s</p>\n<p>Adh\u00e9rer \u00e0 la d\u00e9cision du Conseil des Etats</p>\n</pd_text>","MeetingCouncilAbbreviation":"N","MeetingDate":"20150616","MeetingVerbalixOid":2620,"IdSession":"4919","SpeakerFirstName":"St\u00e9phane","SpeakerLastName":"Rossini","SpeakerFullName":"Rossini St\u00e9phane","SpeakerFunction":"P-M","CouncilId":1,"CouncilName":"Nationalrat","CantonId":23,"CantonName":"Wallis","CantonAbbreviation":"VS","ParlGroupName":"Sozialdemokratische Fraktion","ParlGroupAbbreviation":"S","SortOrder":1,"Start":"\/Date(1434442773610)\/","End":"\/Date(1434442806323)\/","Function":"P-M","DisplaySpeaker":false,"LanguageOfText":null,"Modified":"\/Date(1774877440488)\/","StartTimeWithTimezone":"\/Date(1434442773610+0120)\/","EndTimeWithTimezone":"\/Date(1434442806323+0120)\/","VoteBusinessNumber":null,"VoteBusinessShortNumber":null,"VoteBusinessTitle":null}]},"ID":"32021","Language":"DE","IdMeeting":"1920","VerbalixOid":468510,"SortOrder":2,"Modified":"\/Date(1774877440486)\/"}}