{"d":{"__metadata":{"id":"https://ws.parlament.ch/OData.svc/Subject(ID=32670L,Language='DE')","uri":"https://ws.parlament.ch/OData.svc/Subject(ID=32670L,Language='DE')","type":"itsystems.Pd.DataServices.DataModel.Subject"},"Meetings":{"__metadata":{"id":"https://ws.parlament.ch/OData.svc/Meeting(ID=1939L,Language='DE')","uri":"https://ws.parlament.ch/OData.svc/Meeting(ID=1939L,Language='DE')","type":"itsystems.Pd.DataServices.DataModel.Meeting"},"Sessions":{"__deferred":{"uri":"https://ws.parlament.ch/OData.svc/Meeting(ID=1939L,Language='DE')/Sessions"}},"Subjects":{"__deferred":{"uri":"https://ws.parlament.ch/OData.svc/Meeting(ID=1939L,Language='DE')/Subjects"}},"ID":"1939","Language":"DE","MeetingNumber":12,"IdSession":4905,"SessionNumber":5,"SessionName":"Herbstsession 2012","Council":2,"CouncilName":"St\u00e4nderat","CouncilAbbreviation":"SR","Date":"\/Date(1348704000000)\/","Begin":"0815","Modified":"\/Date(1447070438293)\/","LegislativePeriodNumber":49,"PublicationStatus":"final","MeetingOrderText":"Zw\u00f6lfte Sitzung","SortOrder":12,"Location":"S"},"SubjectsBusiness":{"results":[{"__metadata":{"id":"https://ws.parlament.ch/OData.svc/SubjectBusiness(BusinessNumber=20090076,IdSubject=32670L,Language='DE')","uri":"https://ws.parlament.ch/OData.svc/SubjectBusiness(BusinessNumber=20090076,IdSubject=32670L,Language='DE')","type":"itsystems.Pd.DataServices.DataModel.SubjectBusiness"},"Subjects":{"__deferred":{"uri":"https://ws.parlament.ch/OData.svc/SubjectBusiness(BusinessNumber=20090076,IdSubject=32670L,Language='DE')/Subjects"}},"Businesses":{"__deferred":{"uri":"https://ws.parlament.ch/OData.svc/SubjectBusiness(BusinessNumber=20090076,IdSubject=32670L,Language='DE')/Businesses"}},"IdSubject":"32670","BusinessNumber":20090076,"Language":"DE","BusinessShortNumber":"09.076","Title":"Pr\u00e4ventionsgesetz","SortOrder":1,"PublishedNotes":"Differenzen - Divergences\n","Modified":"\/Date(1447069399640)\/","TitleDE":"Pr\u00e4ventionsgesetz","TitleFR":"Loi sur la pr\u00e9vention","TitleIT":null}]},"Transcripts":{"results":[{"__metadata":{"id":"https://ws.parlament.ch/OData.svc/Transcript(ID=180142L,Language='DE')","uri":"https://ws.parlament.ch/OData.svc/Transcript(ID=180142L,Language='DE')","type":"itsystems.Pd.DataServices.DataModel.Transcript"},"Subjects":{"__deferred":{"uri":"https://ws.parlament.ch/OData.svc/Transcript(ID=180142L,Language='DE')/Subjects"}},"MembersCouncil":{"__deferred":{"uri":"https://ws.parlament.ch/OData.svc/Transcript(ID=180142L,Language='DE')/MembersCouncil"}},"Businesses":{"__deferred":{"uri":"https://ws.parlament.ch/OData.svc/Transcript(ID=180142L,Language='DE')/Businesses"}},"ID":"180142","Language":"DE","IdSubject":"32670","VoteId":null,"PersonNumber":1256,"Type":1,"Text":"<pd_text><p><b>Pr\u00e4sident </b>(Altherr Hans, Pr\u00e4sident): Wir entscheiden in einer einzigen Abstimmung \u00fcber den Antrag der Einigungskonferenz und \u00fcber das L\u00f6sen der Ausgabenbremse. Ich stelle fest, dass der Rat verhandlungsf\u00e4hig ist. Der Pr\u00e4sident stimmt mit.</p>\n<p>[VS]</p>\n<p><i>Abstimmung - Vote </i></p>\n<p>F\u00fcr den Antrag der Einigungskonferenz ... 22 Stimmen </p>\n<p>Dagegen ... 19 Stimmen</p>\n<p>(1 Enthaltung) </p>\n<p>[VS]</p>\n<p><i>Das qualifizierte Mehr ist nicht erreicht </i></p>\n<p><i>La majorit\u00e9 qualifi\u00e9e n'est pas acquise </i></p>\n<p>[VS]</p>\n<p><b>Pr\u00e4sident </b>(Altherr Hans, Pr\u00e4sident): Das qualifizierte Mehr ist nicht erreicht. Die Ausgabenbremse ist damit nicht gel\u00f6st. Gem\u00e4ss Artikel 93 Absatz 2 des Parlamentsgesetzes wird der Erlassentwurf abgeschrieben.</p>\n<p>[VS]</p>\n<p>[VS]</p>\n<p>[VS]</p>\n<p><i>Schluss der Sitzung um 12.00 Uhr</i></p>\n<p><i>La s\u00e9ance est lev\u00e9e \u00e0 12 h 00</i></p>\n<p>[PAGE 932] </p>\n<p>[VS]</p>\n<p>[VS]</p>\n<p>[VS]</p>\n<p>[VS]</p>\n</pd_text>","MeetingCouncilAbbreviation":"S","MeetingDate":"20120927","MeetingVerbalixOid":2246,"IdSession":"4905","SpeakerFirstName":"Hans","SpeakerLastName":"Altherr","SpeakerFullName":"Altherr Hans","SpeakerFunction":"P-M","CouncilId":2,"CouncilName":"St\u00e4nderat","CantonId":15,"CantonName":"Appenzell A.-Rh.","CantonAbbreviation":"AR","ParlGroupName":"FDP-Liberale Fraktion","ParlGroupAbbreviation":"RL","SortOrder":5,"Start":"\/Date(1348747100437)\/","End":"\/Date(1348747188977)\/","Function":"P-M","DisplaySpeaker":false,"LanguageOfText":null,"Modified":"\/Date(1544535175580)\/","StartTimeWithTimezone":"\/Date(1348747100437+0120)\/","EndTimeWithTimezone":"\/Date(1348747188977+0120)\/","VoteBusinessNumber":null,"VoteBusinessShortNumber":null,"VoteBusinessTitle":null},{"__metadata":{"id":"https://ws.parlament.ch/OData.svc/Transcript(ID=180143L,Language='DE')","uri":"https://ws.parlament.ch/OData.svc/Transcript(ID=180143L,Language='DE')","type":"itsystems.Pd.DataServices.DataModel.Transcript"},"Subjects":{"__deferred":{"uri":"https://ws.parlament.ch/OData.svc/Transcript(ID=180143L,Language='DE')/Subjects"}},"MembersCouncil":{"__deferred":{"uri":"https://ws.parlament.ch/OData.svc/Transcript(ID=180143L,Language='DE')/MembersCouncil"}},"Businesses":{"__deferred":{"uri":"https://ws.parlament.ch/OData.svc/Transcript(ID=180143L,Language='DE')/Businesses"}},"ID":"180143","Language":"DE","IdSubject":"32670","VoteId":null,"PersonNumber":1161,"Type":1,"Text":"<pd_text><p>La d\u00e9cision que vous avez \u00e0 prendre est d\u00e9finitive pour le projet. Je vous invite, au nom du Conseil f\u00e9d\u00e9ral, \u00e0 accepter la proposition de la Conf\u00e9rence de conciliation.</p>\n</pd_text>","MeetingCouncilAbbreviation":"S","MeetingDate":"20120927","MeetingVerbalixOid":2246,"IdSession":"4905","SpeakerFirstName":"Alain","SpeakerLastName":"Berset","SpeakerFullName":"Berset Alain","SpeakerFunction":"BR-M","CouncilId":99,"CouncilName":"Bundesrat","CantonId":10,"CantonName":"Freiburg","CantonAbbreviation":"FR","ParlGroupName":null,"ParlGroupAbbreviation":null,"SortOrder":4,"Start":"\/Date(1348747072630)\/","End":"\/Date(1348747100437)\/","Function":"BR-M","DisplaySpeaker":true,"LanguageOfText":"FR","Modified":"\/Date(1544535175580)\/","StartTimeWithTimezone":"\/Date(1348747072630+0120)\/","EndTimeWithTimezone":"\/Date(1348747100437+0120)\/","VoteBusinessNumber":null,"VoteBusinessShortNumber":null,"VoteBusinessTitle":null},{"__metadata":{"id":"https://ws.parlament.ch/OData.svc/Transcript(ID=180144L,Language='DE')","uri":"https://ws.parlament.ch/OData.svc/Transcript(ID=180144L,Language='DE')","type":"itsystems.Pd.DataServices.DataModel.Transcript"},"Subjects":{"__deferred":{"uri":"https://ws.parlament.ch/OData.svc/Transcript(ID=180144L,Language='DE')/Subjects"}},"MembersCouncil":{"__deferred":{"uri":"https://ws.parlament.ch/OData.svc/Transcript(ID=180144L,Language='DE')/MembersCouncil"}},"Businesses":{"__deferred":{"uri":"https://ws.parlament.ch/OData.svc/Transcript(ID=180144L,Language='DE')/Businesses"}},"ID":"180144","Language":"DE","IdSubject":"32670","VoteId":null,"PersonNumber":471,"Type":1,"Text":"<pd_text><p>Sie wollen mir verzeihen, wenn ich noch mit etwas Herzblut zum letzten Mal f\u00fcr dieses Gesetz und f\u00fcr die Zustimmung zum Nationalrat spreche. </p>\n<p>Ich erinnere daran, dass wir in diesem Rat verschiedene Vorst\u00f6sse zu Konzepten im Bereich Krebs, Demenz, Jugendsuizid angenommen haben. Dieses Gesetz b\u00fcndelt Ihre fr\u00fcheren Entscheidungen. Ich erinnere daran, dass es hier nicht darum geht, mehr Geld in die Pr\u00e4vention zu stecken, sondern darum, die Pr\u00e4vention wirksam zu b\u00fcndeln und f\u00fcr den investierten Franken mehr zu erhalten.</p>\n<p>Ich erinnere schliesslich daran, dass vielleicht am Anfang ein paternalistischer Grundton da war. Der ist aber weg, unter anderem, weil wir den Anliegen des Gewerbeverbandes sorgsam Rechnung getragen haben. Hingegen erh\u00f6hen diejenigen, die hier nicht zustimmen wollen, das Risiko, dass eben die von uns gew\u00fcnschte Verschiebung hin zu den Kantonen, die in der Stiftung Gesundheitsf\u00f6rderung Schweiz eine bessere Mitsprache haben, nicht stattfindet. Ich erinnere schliesslich daran, dass EDK, GDK und 50 Organisationen im Gesundheitsbereich dieses Gesetz wollen. </p>\n<p>Als Letztes ein pers\u00f6nliches Wort: Meine dreissigj\u00e4hrige Erfahrung in diesem Bereich spricht daf\u00fcr, dass wir gut daran tun, die Pr\u00e4vention auch gesetzlich abzusichern.</p>\n</pd_text>","MeetingCouncilAbbreviation":"S","MeetingDate":"20120927","MeetingVerbalixOid":2246,"IdSession":"4905","SpeakerFirstName":"Felix","SpeakerLastName":"Gutzwiller","SpeakerFullName":"Gutzwiller Felix","SpeakerFunction":"Mit-M","CouncilId":2,"CouncilName":"St\u00e4nderat","CantonId":1,"CantonName":"Z\u00fcrich","CantonAbbreviation":"ZH","ParlGroupName":"FDP-Liberale Fraktion","ParlGroupAbbreviation":"RL","SortOrder":3,"Start":"\/Date(1348746976320)\/","End":"\/Date(1348747072630)\/","Function":"Mit-M","DisplaySpeaker":true,"LanguageOfText":"DE","Modified":"\/Date(1544535175580)\/","StartTimeWithTimezone":"\/Date(1348746976320+0120)\/","EndTimeWithTimezone":"\/Date(1348747072630+0120)\/","VoteBusinessNumber":null,"VoteBusinessShortNumber":null,"VoteBusinessTitle":null},{"__metadata":{"id":"https://ws.parlament.ch/OData.svc/Transcript(ID=180145L,Language='DE')","uri":"https://ws.parlament.ch/OData.svc/Transcript(ID=180145L,Language='DE')","type":"itsystems.Pd.DataServices.DataModel.Transcript"},"Subjects":{"__deferred":{"uri":"https://ws.parlament.ch/OData.svc/Transcript(ID=180145L,Language='DE')/Subjects"}},"MembersCouncil":{"__deferred":{"uri":"https://ws.parlament.ch/OData.svc/Transcript(ID=180145L,Language='DE')/MembersCouncil"}},"Businesses":{"__deferred":{"uri":"https://ws.parlament.ch/OData.svc/Transcript(ID=180145L,Language='DE')/Businesses"}},"ID":"180145","Language":"DE","IdSubject":"32670","VoteId":null,"PersonNumber":316,"Type":1,"Text":"<pd_text><p>Die Einigungskonferenz hat gestern getagt. Es wurden noch einmal alle Argumente auf den Tisch gelegt. Die Konferenz hat mit 16 zu 10 Stimmen entschieden, dem Nationalrat zu folgen. Ich bitte Sie, das Gleiche zu tun.</p>\n</pd_text>","MeetingCouncilAbbreviation":"S","MeetingDate":"20120927","MeetingVerbalixOid":2246,"IdSession":"4905","SpeakerFirstName":"Christine","SpeakerLastName":"Egerszegi-Obrist","SpeakerFullName":"Egerszegi-Obrist Christine","SpeakerFunction":"Mit-F","CouncilId":2,"CouncilName":"St\u00e4nderat","CantonId":19,"CantonName":"Aargau","CantonAbbreviation":"AG","ParlGroupName":"FDP-Liberale Fraktion","ParlGroupAbbreviation":"RL","SortOrder":2,"Start":"\/Date(1348746953943)\/","End":"\/Date(1348746976320)\/","Function":"*","DisplaySpeaker":true,"LanguageOfText":"DE","Modified":"\/Date(1544535175580)\/","StartTimeWithTimezone":"\/Date(1348746953943+0120)\/","EndTimeWithTimezone":"\/Date(1348746976320+0120)\/","VoteBusinessNumber":null,"VoteBusinessShortNumber":null,"VoteBusinessTitle":null},{"__metadata":{"id":"https://ws.parlament.ch/OData.svc/Transcript(ID=180146L,Language='DE')","uri":"https://ws.parlament.ch/OData.svc/Transcript(ID=180146L,Language='DE')","type":"itsystems.Pd.DataServices.DataModel.Transcript"},"Subjects":{"__deferred":{"uri":"https://ws.parlament.ch/OData.svc/Transcript(ID=180146L,Language='DE')/Subjects"}},"MembersCouncil":{"__deferred":{"uri":"https://ws.parlament.ch/OData.svc/Transcript(ID=180146L,Language='DE')/MembersCouncil"}},"Businesses":{"__deferred":{"uri":"https://ws.parlament.ch/OData.svc/Transcript(ID=180146L,Language='DE')/Businesses"}},"ID":"180146","Language":"DE","IdSubject":"32670","VoteId":null,"PersonNumber":1256,"Type":1,"Text":"<pd_text><p><b>Bundesgesetz \u00fcber Pr\u00e4vention und Gesundheitsf\u00f6rderung </b></p>\n<p><b>Loi f\u00e9d\u00e9rale sur la pr\u00e9vention et la promotion de la sant\u00e9 </b></p>\n<p>[VS]</p>\n<p><b>Art. 39a</b></p>\n<p><i>Antrag der Einigungskonferenz</i></p>\n<p>Zustimmung zum Beschluss des Nationalrates</p>\n<p>[VS]</p>\n<p><b>Art. 39a</b></p>\n<p><i>Proposition de la Conf\u00e9rence de conciliation</i></p>\n<p>Adh\u00e9rer \u00e0 la d\u00e9cision du Conseil national</p>\n<p>[VS] [PAGE 931] </p>\n<p><b>Pr\u00e4sident </b>(Altherr Hans, Pr\u00e4sident): Einerseits geht es um den Antrag der Einigungskonferenz. Andererseits geht es darum, die Ausgabenbremse zu l\u00f6sen. Es gibt zu diesem Verfahren eine Praxis: Wir haben diese beiden Fragen jeweils in einer Abstimmung entschieden - mit dem qualifizierten Mehr. Das letzte Mal haben wir dies beim Gesch\u00e4ft 10.109 am 6. Dezember 2011 gemacht.</p>\n</pd_text>","MeetingCouncilAbbreviation":"S","MeetingDate":"20120927","MeetingVerbalixOid":2246,"IdSession":"4905","SpeakerFirstName":"Hans","SpeakerLastName":"Altherr","SpeakerFullName":"Altherr Hans","SpeakerFunction":"P-M","CouncilId":2,"CouncilName":"St\u00e4nderat","CantonId":15,"CantonName":"Appenzell A.-Rh.","CantonAbbreviation":"AR","ParlGroupName":"FDP-Liberale Fraktion","ParlGroupAbbreviation":"RL","SortOrder":1,"Start":"\/Date(1348746885070)\/","End":"\/Date(1348746953943)\/","Function":"P-M","DisplaySpeaker":false,"LanguageOfText":null,"Modified":"\/Date(1544535175580)\/","StartTimeWithTimezone":"\/Date(1348746885070+0120)\/","EndTimeWithTimezone":"\/Date(1348746953943+0120)\/","VoteBusinessNumber":null,"VoteBusinessShortNumber":null,"VoteBusinessTitle":null}]},"ID":"32670","Language":"DE","IdMeeting":"1939","VerbalixOid":391647,"SortOrder":22,"Modified":"\/Date(1544535175580)\/"}}