{"d":{"__metadata":{"id":"https://ws.parlament.ch/OData.svc/Subject(ID=32786L,Language='DE')","uri":"https://ws.parlament.ch/OData.svc/Subject(ID=32786L,Language='DE')","type":"itsystems.Pd.DataServices.DataModel.Subject"},"Meetings":{"__metadata":{"id":"https://ws.parlament.ch/OData.svc/Meeting(ID=1942L,Language='DE')","uri":"https://ws.parlament.ch/OData.svc/Meeting(ID=1942L,Language='DE')","type":"itsystems.Pd.DataServices.DataModel.Meeting"},"Sessions":{"__deferred":{"uri":"https://ws.parlament.ch/OData.svc/Meeting(ID=1942L,Language='DE')/Sessions"}},"Subjects":{"__deferred":{"uri":"https://ws.parlament.ch/OData.svc/Meeting(ID=1942L,Language='DE')/Subjects"}},"ID":"1942","Language":"DE","MeetingNumber":9,"IdSession":4905,"SessionNumber":5,"SessionName":"Herbstsession 2012","Council":2,"CouncilName":"St\u00e4nderat","CouncilAbbreviation":"SR","Date":"\/Date(1348444800000)\/","Begin":"1515","Modified":"\/Date(1447070439957)\/","LegislativePeriodNumber":49,"PublicationStatus":"final","MeetingOrderText":"Neunte Sitzung","SortOrder":9,"Location":"S"},"SubjectsBusiness":{"results":[{"__metadata":{"id":"https://ws.parlament.ch/OData.svc/SubjectBusiness(BusinessNumber=20123336,IdSubject=32786L,Language='DE')","uri":"https://ws.parlament.ch/OData.svc/SubjectBusiness(BusinessNumber=20123336,IdSubject=32786L,Language='DE')","type":"itsystems.Pd.DataServices.DataModel.SubjectBusiness"},"Subjects":{"__deferred":{"uri":"https://ws.parlament.ch/OData.svc/SubjectBusiness(BusinessNumber=20123336,IdSubject=32786L,Language='DE')/Subjects"}},"Businesses":{"__deferred":{"uri":"https://ws.parlament.ch/OData.svc/SubjectBusiness(BusinessNumber=20123336,IdSubject=32786L,Language='DE')/Businesses"}},"IdSubject":"32786","BusinessNumber":20123336,"Language":"DE","BusinessShortNumber":"12.3336","Title":"Fast-Track-Abkommen mit Italien f\u00fcr Dublin-F\u00e4lle","SortOrder":1,"PublishedNotes":null,"Modified":"\/Date(1447069549503)\/","TitleDE":"Motion SPK-NR.\nFast-Track-Abkommen\nmit Italien\nf\u00fcr Dublin-F\u00e4lle","TitleFR":"Motion CIP-CN.\nCas Dublin.\nAccord de transfert rapide\navec l'Italie","TitleIT":null}]},"Transcripts":{"results":[{"__metadata":{"id":"https://ws.parlament.ch/OData.svc/Transcript(ID=180461L,Language='DE')","uri":"https://ws.parlament.ch/OData.svc/Transcript(ID=180461L,Language='DE')","type":"itsystems.Pd.DataServices.DataModel.Transcript"},"Subjects":{"__deferred":{"uri":"https://ws.parlament.ch/OData.svc/Transcript(ID=180461L,Language='DE')/Subjects"}},"MembersCouncil":{"__deferred":{"uri":"https://ws.parlament.ch/OData.svc/Transcript(ID=180461L,Language='DE')/MembersCouncil"}},"Businesses":{"__deferred":{"uri":"https://ws.parlament.ch/OData.svc/Transcript(ID=180461L,Language='DE')/Businesses"}},"ID":"180461","Language":"DE","IdSubject":"32786","VoteId":null,"PersonNumber":1256,"Type":1,"Text":"<pd_text><p><b>Pr\u00e4sident </b>(Altherr Hans, Pr\u00e4sident): Der Antrag Jenny ist zur\u00fcckgezogen worden. Der Bundesrat und die Kommission beantragen die Ablehnung der Motion.</p>\n<p>[VS]</p>\n<p><i>Abgelehnt - Rejet\u00e9</i></p>\n</pd_text>","MeetingCouncilAbbreviation":"S","MeetingDate":"20120924","MeetingVerbalixOid":2243,"IdSession":"4905","SpeakerFirstName":"Hans","SpeakerLastName":"Altherr","SpeakerFullName":"Altherr Hans","SpeakerFunction":"P-M","CouncilId":2,"CouncilName":"St\u00e4nderat","CantonId":15,"CantonName":"Appenzell A.-Rh.","CantonAbbreviation":"AR","ParlGroupName":"FDP-Liberale Fraktion","ParlGroupAbbreviation":"RL","SortOrder":6,"Start":"\/Date(1348515135693)\/","End":"\/Date(1348515149250)\/","Function":"P-M","DisplaySpeaker":false,"LanguageOfText":null,"Modified":"\/Date(1510850678667)\/","StartTimeWithTimezone":"\/Date(1348515135693+0120)\/","EndTimeWithTimezone":"\/Date(1348515149250+0120)\/","VoteBusinessNumber":null,"VoteBusinessShortNumber":null,"VoteBusinessTitle":null},{"__metadata":{"id":"https://ws.parlament.ch/OData.svc/Transcript(ID=180462L,Language='DE')","uri":"https://ws.parlament.ch/OData.svc/Transcript(ID=180462L,Language='DE')","type":"itsystems.Pd.DataServices.DataModel.Transcript"},"Subjects":{"__deferred":{"uri":"https://ws.parlament.ch/OData.svc/Transcript(ID=180462L,Language='DE')/Subjects"}},"MembersCouncil":{"__deferred":{"uri":"https://ws.parlament.ch/OData.svc/Transcript(ID=180462L,Language='DE')/MembersCouncil"}},"Businesses":{"__deferred":{"uri":"https://ws.parlament.ch/OData.svc/Transcript(ID=180462L,Language='DE')/Businesses"}},"ID":"180462","Language":"DE","IdSubject":"32786","VoteId":null,"PersonNumber":408,"Type":1,"Text":"<pd_text><p>Frau Bundesr\u00e4tin, Ihre Ausf\u00fchrungen haben mich \u00fcberzeugt. Man kann in diesem Fall auf das Abstimmen verzichten, ich ziehe den Antrag zur\u00fcck.</p>\n</pd_text>","MeetingCouncilAbbreviation":"S","MeetingDate":"20120924","MeetingVerbalixOid":2243,"IdSession":"4905","SpeakerFirstName":"This","SpeakerLastName":"Jenny","SpeakerFullName":"Jenny This","SpeakerFunction":"Mit-M","CouncilId":2,"CouncilName":"St\u00e4nderat","CantonId":8,"CantonName":"Glarus","CantonAbbreviation":"GL","ParlGroupName":"Fraktion der Schweizerischen Volkspartei","ParlGroupAbbreviation":"V","SortOrder":5,"Start":"\/Date(1348515127270)\/","End":"\/Date(1348515135693)\/","Function":"Mit-M","DisplaySpeaker":true,"LanguageOfText":"DE","Modified":"\/Date(1510850678667)\/","StartTimeWithTimezone":"\/Date(1348515127270+0120)\/","EndTimeWithTimezone":"\/Date(1348515135693+0120)\/","VoteBusinessNumber":null,"VoteBusinessShortNumber":null,"VoteBusinessTitle":null},{"__metadata":{"id":"https://ws.parlament.ch/OData.svc/Transcript(ID=180463L,Language='DE')","uri":"https://ws.parlament.ch/OData.svc/Transcript(ID=180463L,Language='DE')","type":"itsystems.Pd.DataServices.DataModel.Transcript"},"Subjects":{"__deferred":{"uri":"https://ws.parlament.ch/OData.svc/Transcript(ID=180463L,Language='DE')/Subjects"}},"MembersCouncil":{"__deferred":{"uri":"https://ws.parlament.ch/OData.svc/Transcript(ID=180463L,Language='DE')/MembersCouncil"}},"Businesses":{"__deferred":{"uri":"https://ws.parlament.ch/OData.svc/Transcript(ID=180463L,Language='DE')/Businesses"}},"ID":"180463","Language":"DE","IdSubject":"32786","VoteId":null,"PersonNumber":512,"Type":1,"Text":"<pd_text><p>Um ein Abkommen abzuschliessen, braucht es immer zwei. Das wissen all jene von Ihnen, die verheiratet sind; um mit Italien ein Abkommen abzuschliessen, braucht es eben auch zwei. Immerhin: Herr St\u00e4nderat Jenny hat selber auch gesagt, wenn er Italien vertreten w\u00fcrde, w\u00fcrde er ein solches Abkommen nicht abschliessen. Ich glaube, Sie haben die Interessenlage von Italien sehr klar analysiert. </p>\n<p>Italien hatte im letzten Jahr sehr viele Asylgesuche, am meisten in ganz Europa. Italien h\u00e4lt sich an die Dublin-Vereinbarungen, es h\u00e4lt sich an die Fristen. Die Kommissionssprecherin hat es gesagt: Wir hatten im letzten Jahr 2365 Personen \u00fcberstellt, das sind 190 \u00dcberstellungen pro Monat. Das ist eine betr\u00e4chtliche Anzahl, und das funktioniert auch. Wenn Sie aber ein solches Fast-Track-Abkommen abschliessen wollen, m\u00fcssen Sie mir zuerst einmal die Interessenlage von Italien erkl\u00e4ren. Wenn man auf jemanden zugeht und Verhandlungen f\u00fchren will, muss man zuerst die Interessenlage des Gegen\u00fcbers analysieren. Das hat Herr St\u00e4nderat Jenny jetzt eigentlich schon gemacht.</p>\n<p>Hingegen haben wir im letzten Jahr zusammen mit Italien geschaut, wo wir die Zusammenarbeit noch verst\u00e4rken, verbessern k\u00f6nnen, wo wir Verst\u00e4ndnis wecken k\u00f6nnen, Missverst\u00e4ndnisse ausr\u00e4umen k\u00f6nnen. Auch hier m\u00f6chte ich nicht wiederholen, was die Kommissionssprecherin gesagt hat. Wir haben regelm\u00e4ssige Arbeitstreffen auf Ministerebene, auf Direktionsebene. Wir sind ein privilegiertes Land; wir haben eine Verbindungsperson mitten im Innenministerium in Rom - das haben nicht viele L\u00e4nder -, das haben wir im letzten Jahr geschafft. Wir mussten auch etwas \u00dcberzeugungsarbeit leisten; das bringt uns sehr viel. Wir haben heute einen privilegierten Zugang zu den italienischen Beh\u00f6rden.</p>\n<p>Was die Kommissionssprecherin auch erw\u00e4hnt hat: Wir sollten immer schauen, dass wir die Zusammenarbeit noch verbessern k\u00f6nnen. Es gibt M\u00f6glichkeiten; ich habe nicht gesagt, es sei alles ausgesch\u00f6pft. Wir m\u00fcssen daran arbeiten; das ist f\u00fcr das Bundesamt f\u00fcr Migration t\u00e4gliches Gesch\u00e4ft. Aber wir m\u00fcssen auch unsere Hausaufgaben machen. Wir wissen heute, dass f\u00fcr die Kantone eine \u00dcberstellung in zehn Tagen wahrscheinlich gar nicht zu bew\u00e4ltigen w\u00e4re. Das muss man ehrlicherweise auch sagen.</p>\n<p>Es ist nicht so, dass das die Kantone nicht wollen oder nicht k\u00f6nnen. Aber es ist einfach eine Tatsache, dass heute die Dauer der Vollzugsphase in den Kantonen sehr unterschiedlich ist. Sie ist von der internen Organisation in den Kantonen abh\u00e4ngig. Sie ist auch von deren Personalressourcen abh\u00e4ngig; die Kantone m\u00fcssten massiv Personal aufstocken, wenn sie innerhalb von zehn Tagen diese \u00dcberstellungen organisieren wollten.</p>\n<p>Frau Kommissionssprecherin Egerszegi-Obrist hat es auch erw\u00e4hnt: Solange wir so viele unbenutzte Flugtickets haben, m\u00fcssen wir auch schauen, was wir in unserem Land in Zusammenarbeit mit den Kantonen tun k\u00f6nnen und was die Kantone selbst beitragen k\u00f6nnen und m\u00fcssen, insbesondere in Bezug auf die vorhandenen Haftpl\u00e4tze, damit diese Flugtickets nicht mehr unbenutzt bleiben.</p>\n<p>Etwas m\u00f6chte ich noch erw\u00e4hnen, weil es bis jetzt nicht gesagt wurde. Herr St\u00e4nderat Jenny, wir haben auch Massnahmen ergriffen. Sie haben die Mehrfachgesuche erw\u00e4hnt. Es hat mich massiv ge\u00e4rgert, dass Leute zur\u00fcckgeschickt wurden und dass sie dann wenige Tage sp\u00e4ter wieder da waren; das hat die Polizei, das Grenzwachtkorps zerm\u00fcrbt. Seit dem 20. April dieses Jahres geht das nicht mehr. Wir haben die Regeln ge\u00e4ndert. Wir haben gesagt: Wer innerhalb von sechs Monaten das genau gleiche Asylgesuch noch einmal einreicht, bekommt kein Verfahren mehr; er wird zur\u00fcckgebracht. Man tritt nicht mehr auf das Gesuch ein, es gibt kein Verfahren mehr. Ich kann Ihnen sagen: Die Message ist angekommen.</p>\n<p>Wir m\u00fcssen einfach immer aufpassen, dass wir jene Massnahmen ergreifen, die dann auch etwas bringen. Es ist einfach, mal zu sagen: \"Wir sollten mit Italien ein Fast-Track-Abkommen haben und den Bundesrat zwingen, ein Abkommen auszuhandeln\" - dazu braucht es zwei. Ich glaube, wir sollten unsere Hausaufgaben machen. Wir k\u00f6nnen optimieren. Sie k\u00f6nnen uns einen solchen Auftrag gerne geben. Ich hoffe aber, dass Sie es geh\u00f6rt haben: Wir sind bereits an dem, was wir tun k\u00f6nnen, oder wir haben es bereits getan.</p>\n<p>Ich bitte Sie, sich Ihrer Kommission anzuschliessen und die Motion abzulehnen.</p>\n</pd_text>","MeetingCouncilAbbreviation":"S","MeetingDate":"20120924","MeetingVerbalixOid":2243,"IdSession":"4905","SpeakerFirstName":"Simonetta","SpeakerLastName":"Sommaruga","SpeakerFullName":"Sommaruga Simonetta","SpeakerFunction":"BR-F","CouncilId":99,"CouncilName":"Bundesrat","CantonId":2,"CantonName":"Bern","CantonAbbreviation":"BE","ParlGroupName":null,"ParlGroupAbbreviation":null,"SortOrder":4,"Start":"\/Date(1348514832797)\/","End":"\/Date(1348515119900)\/","Function":"BR-F","DisplaySpeaker":true,"LanguageOfText":"DE","Modified":"\/Date(1510850678650)\/","StartTimeWithTimezone":"\/Date(1348514832797+0120)\/","EndTimeWithTimezone":"\/Date(1348515119900+0120)\/","VoteBusinessNumber":null,"VoteBusinessShortNumber":null,"VoteBusinessTitle":null},{"__metadata":{"id":"https://ws.parlament.ch/OData.svc/Transcript(ID=180464L,Language='DE')","uri":"https://ws.parlament.ch/OData.svc/Transcript(ID=180464L,Language='DE')","type":"itsystems.Pd.DataServices.DataModel.Transcript"},"Subjects":{"__deferred":{"uri":"https://ws.parlament.ch/OData.svc/Transcript(ID=180464L,Language='DE')/Subjects"}},"MembersCouncil":{"__deferred":{"uri":"https://ws.parlament.ch/OData.svc/Transcript(ID=180464L,Language='DE')/MembersCouncil"}},"Businesses":{"__deferred":{"uri":"https://ws.parlament.ch/OData.svc/Transcript(ID=180464L,Language='DE')/Businesses"}},"ID":"180464","Language":"DE","IdSubject":"32786","VoteId":null,"PersonNumber":316,"Type":1,"Text":"<pd_text><p>Die Kommission hat sich ausf\u00fchrlich \u00fcber die Situation mit Italien informieren lassen. Wir haben gesehen, dass Italien f\u00fcr die Schweiz in Bezug auf das Dublin-Abkommen der wichtigste Partnerstaat ist. Wir haben feststellen k\u00f6nnen, dass Italien seinen Verpflichtungen gegen\u00fcber der Schweiz nachkommt. So wurden 2011 dort 2365 Personen zur\u00fcckgenommen, das entspricht monatlich etwa 190 \u00dcberstellungen. Das sind etwa 65 Prozent aller \u00dcberstellungen der Schweiz in Dublin-Staaten.</p>\n<p>Wir haben uns auch dar\u00fcber informieren lassen, dass das Bundesamt f\u00fcr Migration im italienischen Innenministerium [PAGE 860] eine Verbindungsperson stationiert hat, damit die Zusammenarbeit zwischen Italien und der Schweiz im Dublin-Bereich zus\u00e4tzlich verbessert und erweitert werden kann.</p>\n<p>Man muss im Rahmen der Behandlung dieser Motion aber anf\u00fcgen, dass es auch in der Schweiz noch Verbesserungen braucht. Wir wurden dar\u00fcber orientiert, dass bei den R\u00fcckstellungen, die die Schweiz Italien ank\u00fcndigt, die Flugzeuge sehr h\u00e4ufig nur halbvoll sind, weil es von den Kantonen her mit den R\u00fcckstellungen nicht klappt und die Leute, bevor sie zur\u00fcckgeschafft werden sollen, untertauchen. Das m\u00fcssen wir verbessern, sodass die Leute, die wir Italien ank\u00fcndigen, die Schweiz nachher tats\u00e4chlich auch auf diese Art und Weise verlassen.</p>\n<p>Die Motion hat also bewirkt, dass wir uns mit diesem Problem intensiv auseinandergesetzt haben und dass wir den Kantonen mitteilen wollen, dass sie da auch in die Pflicht zu nehmen sind.</p>\n<p>Ich bitte Sie namens der Kommission, die Motion abzulehnen.</p>\n</pd_text>","MeetingCouncilAbbreviation":"S","MeetingDate":"20120924","MeetingVerbalixOid":2243,"IdSession":"4905","SpeakerFirstName":"Christine","SpeakerLastName":"Egerszegi-Obrist","SpeakerFullName":"Egerszegi-Obrist Christine","SpeakerFunction":"Mit-F","CouncilId":2,"CouncilName":"St\u00e4nderat","CantonId":19,"CantonName":"Aargau","CantonAbbreviation":"AG","ParlGroupName":"FDP-Liberale Fraktion","ParlGroupAbbreviation":"RL","SortOrder":3,"Start":"\/Date(1348514659450)\/","End":"\/Date(1348514832797)\/","Function":"*","DisplaySpeaker":true,"LanguageOfText":"DE","Modified":"\/Date(1510850678650)\/","StartTimeWithTimezone":"\/Date(1348514659450+0120)\/","EndTimeWithTimezone":"\/Date(1348514832797+0120)\/","VoteBusinessNumber":null,"VoteBusinessShortNumber":null,"VoteBusinessTitle":null},{"__metadata":{"id":"https://ws.parlament.ch/OData.svc/Transcript(ID=180465L,Language='DE')","uri":"https://ws.parlament.ch/OData.svc/Transcript(ID=180465L,Language='DE')","type":"itsystems.Pd.DataServices.DataModel.Transcript"},"Subjects":{"__deferred":{"uri":"https://ws.parlament.ch/OData.svc/Transcript(ID=180465L,Language='DE')/Subjects"}},"MembersCouncil":{"__deferred":{"uri":"https://ws.parlament.ch/OData.svc/Transcript(ID=180465L,Language='DE')/MembersCouncil"}},"Businesses":{"__deferred":{"uri":"https://ws.parlament.ch/OData.svc/Transcript(ID=180465L,Language='DE')/Businesses"}},"ID":"180465","Language":"DE","IdSubject":"32786","VoteId":null,"PersonNumber":408,"Type":1,"Text":"<pd_text><p>Auch hier m\u00f6chte ich Sie bitten, dem Nationalrat zu folgen. Mit dieser Motion wird ein grosses Problem der heutigen Asylpolitik angesprochen. Das Dublin-Abkommen wird mit Italien nicht zufriedenstellend angewandt - das wissen Sie selber. Italien nimmt diese Leute nicht, und es kommen, wenn wir mit einem Flieger Leute nach Italien transportieren wollen, mehr zur\u00fcck, als auf dem Hinweg im Flieger sassen. </p>\n<p>Mit einem solchen vom Nationalrat geforderten Abkommen sollen einerseits mehr Dublin-F\u00e4lle von Italien zur\u00fcckgenommen werden, aber andererseits soll auch die B\u00fcrokratie bei diesen R\u00fccknahmen verringert werden. Wenn beispielsweise ein Auszuschaffender untertaucht und an seiner Stelle kein anderer mit dem bereits gebuchten Ticket ausgewiesen werden kann, sollen hier und anderswo mit einer Senkung der B\u00fcrokratie Erleichterungen erm\u00f6glicht werden.</p>\n<p>Ich weiss nicht, wie das unsere Bundesr\u00e4tin sieht: Ist das mit Italien zufriedenstellend, oder hat sie andere, bessere Vorschl\u00e4ge als das, was der Nationalrat vorschl\u00e4gt? Tatsache ist: Die jetzige Situation ist nicht haltbar. Gut, ich verstehe die Italiener, ich w\u00fcrde das gleich handhaben. Aber das Dublin-Abkommen funktioniert hier eindeutig nicht.</p>\n</pd_text>","MeetingCouncilAbbreviation":"S","MeetingDate":"20120924","MeetingVerbalixOid":2243,"IdSession":"4905","SpeakerFirstName":"This","SpeakerLastName":"Jenny","SpeakerFullName":"Jenny This","SpeakerFunction":"Mit-M","CouncilId":2,"CouncilName":"St\u00e4nderat","CantonId":8,"CantonName":"Glarus","CantonAbbreviation":"GL","ParlGroupName":"Fraktion der Schweizerischen Volkspartei","ParlGroupAbbreviation":"V","SortOrder":2,"Start":"\/Date(1348514575447)\/","End":"\/Date(1348514659450)\/","Function":"Mit-M","DisplaySpeaker":true,"LanguageOfText":"DE","Modified":"\/Date(1510850678650)\/","StartTimeWithTimezone":"\/Date(1348514575447+0120)\/","EndTimeWithTimezone":"\/Date(1348514659450+0120)\/","VoteBusinessNumber":null,"VoteBusinessShortNumber":null,"VoteBusinessTitle":null},{"__metadata":{"id":"https://ws.parlament.ch/OData.svc/Transcript(ID=180466L,Language='DE')","uri":"https://ws.parlament.ch/OData.svc/Transcript(ID=180466L,Language='DE')","type":"itsystems.Pd.DataServices.DataModel.Transcript"},"Subjects":{"__deferred":{"uri":"https://ws.parlament.ch/OData.svc/Transcript(ID=180466L,Language='DE')/Subjects"}},"MembersCouncil":{"__deferred":{"uri":"https://ws.parlament.ch/OData.svc/Transcript(ID=180466L,Language='DE')/MembersCouncil"}},"Businesses":{"__deferred":{"uri":"https://ws.parlament.ch/OData.svc/Transcript(ID=180466L,Language='DE')/Businesses"}},"ID":"180466","Language":"DE","IdSubject":"32786","VoteId":null,"PersonNumber":1256,"Type":1,"Text":"<pd_text><p><i>Antrag der Kommission</i></p>\n<p>Ablehnung der Motion</p>\n<p>[VS]</p>\n<p><i>Antrag Jenny</i></p>\n<p>Annahme der Motion</p>\n<p>[VS]</p>\n<p><i>Proposition de la commission</i></p>\n<p>Rejeter la motion</p>\n<p>[VS]</p>\n<p><i>Proposition Jenny</i></p>\n<p>Adopter la motion</p>\n</pd_text>","MeetingCouncilAbbreviation":"S","MeetingDate":"20120924","MeetingVerbalixOid":2243,"IdSession":"4905","SpeakerFirstName":"Hans","SpeakerLastName":"Altherr","SpeakerFullName":"Altherr Hans","SpeakerFunction":"P-M","CouncilId":2,"CouncilName":"St\u00e4nderat","CantonId":15,"CantonName":"Appenzell A.-Rh.","CantonAbbreviation":"AR","ParlGroupName":"FDP-Liberale Fraktion","ParlGroupAbbreviation":"RL","SortOrder":1,"Start":"\/Date(1348514550593)\/","End":"\/Date(1348514575447)\/","Function":"P-M","DisplaySpeaker":false,"LanguageOfText":null,"Modified":"\/Date(1510850678650)\/","StartTimeWithTimezone":"\/Date(1348514550593+0120)\/","EndTimeWithTimezone":"\/Date(1348514575447+0120)\/","VoteBusinessNumber":null,"VoteBusinessShortNumber":null,"VoteBusinessTitle":null}]},"ID":"32786","Language":"DE","IdMeeting":"1942","VerbalixOid":390347,"SortOrder":7,"Modified":"\/Date(1510850678650)\/"}}