{"d":{"__metadata":{"id":"https://ws.parlament.ch/OData.svc/Subject(ID=32928L,Language='DE')","uri":"https://ws.parlament.ch/OData.svc/Subject(ID=32928L,Language='DE')","type":"itsystems.Pd.DataServices.DataModel.Subject"},"Meetings":{"__metadata":{"id":"https://ws.parlament.ch/OData.svc/Meeting(ID=1944L,Language='DE')","uri":"https://ws.parlament.ch/OData.svc/Meeting(ID=1944L,Language='DE')","type":"itsystems.Pd.DataServices.DataModel.Meeting"},"Sessions":{"__deferred":{"uri":"https://ws.parlament.ch/OData.svc/Meeting(ID=1944L,Language='DE')/Sessions"}},"Subjects":{"__deferred":{"uri":"https://ws.parlament.ch/OData.svc/Meeting(ID=1944L,Language='DE')/Subjects"}},"ID":"1944","Language":"DE","MeetingNumber":14,"IdSession":4906,"SessionNumber":6,"SessionName":"Wintersession 2012","Council":1,"CouncilName":"Nationalrat","CouncilAbbreviation":"NR","Date":"\/Date(1355443200000)\/","Begin":"0800","Modified":"\/Date(1447070441340)\/","LegislativePeriodNumber":49,"PublicationStatus":"final","MeetingOrderText":"Vierzehnte Sitzung","SortOrder":14,"Location":"N"},"SubjectsBusiness":{"results":[{"__metadata":{"id":"https://ws.parlament.ch/OData.svc/SubjectBusiness(BusinessNumber=20120039,IdSubject=32928L,Language='DE')","uri":"https://ws.parlament.ch/OData.svc/SubjectBusiness(BusinessNumber=20120039,IdSubject=32928L,Language='DE')","type":"itsystems.Pd.DataServices.DataModel.SubjectBusiness"},"Subjects":{"__deferred":{"uri":"https://ws.parlament.ch/OData.svc/SubjectBusiness(BusinessNumber=20120039,IdSubject=32928L,Language='DE')/Subjects"}},"Businesses":{"__deferred":{"uri":"https://ws.parlament.ch/OData.svc/SubjectBusiness(BusinessNumber=20120039,IdSubject=32928L,Language='DE')/Businesses"}},"IdSubject":"32928","BusinessNumber":20120039,"Language":"DE","BusinessShortNumber":"12.039","Title":"Personenfreiz\u00fcgigkeit. Flankierende Massnahmen. BG. Anpassung","SortOrder":1,"PublishedNotes":"Schlussabstimmung - Vote final\n","Modified":"\/Date(1447069533726)\/","TitleDE":"Personenfreiz\u00fcgigkeit.\nFlankierende Massnahmen.\nBundesgesetz. Anpassung","TitleFR":"Libre circulation des personnes.\nMesures d'accompagnement.\nLoi. Modification","TitleIT":null}]},"Transcripts":{"results":[{"__metadata":{"id":"https://ws.parlament.ch/OData.svc/Transcript(ID=180826L,Language='DE')","uri":"https://ws.parlament.ch/OData.svc/Transcript(ID=180826L,Language='DE')","type":"itsystems.Pd.DataServices.DataModel.Transcript"},"Subjects":{"__deferred":{"uri":"https://ws.parlament.ch/OData.svc/Transcript(ID=180826L,Language='DE')/Subjects"}},"MembersCouncil":{"__deferred":{"uri":"https://ws.parlament.ch/OData.svc/Transcript(ID=180826L,Language='DE')/MembersCouncil"}},"Businesses":{"__deferred":{"uri":"https://ws.parlament.ch/OData.svc/Transcript(ID=180826L,Language='DE')/Businesses"}},"ID":"180826","Language":"DE","IdSubject":"32928","VoteId":"8419","PersonNumber":null,"Type":2,"Text":"<pd_text><p><b>2. Bundesgesetz \u00fcber die flankierenden Massnahmen bei entsandten Arbeitnehmerinnen und Arbeitnehmern und \u00fcber die Kontrolle der in Normalarbeitsvertr\u00e4gen vorgesehenen Mindestl\u00f6hne  </b></p>\n<p><b>2. Loi f\u00e9d\u00e9rale sur les mesures d'accompagnement applicables aux travailleurs d\u00e9tach\u00e9s et aux contr\u00f4les des salaires minimaux pr\u00e9vus par les contrats-types de travail  </b></p>\n<p>[VS]</p>\n<p><i>Abstimmung - Vote</i></p>\n<p>[NAM]</p>\n<p>F\u00fcr Annahme des Entwurfes ... 106 Stimmen</p>\n<p>Dagegen ... 79 Stimmen</p>\n</pd_text>","MeetingCouncilAbbreviation":"N","MeetingDate":"20121214","MeetingVerbalixOid":2262,"IdSession":"4906","SpeakerFirstName":null,"SpeakerLastName":null,"SpeakerFullName":"","SpeakerFunction":null,"CouncilId":null,"CouncilName":null,"CantonId":null,"CantonName":null,"CantonAbbreviation":null,"ParlGroupName":null,"ParlGroupAbbreviation":null,"SortOrder":3,"Start":null,"End":null,"Function":null,"DisplaySpeaker":null,"LanguageOfText":"DE","Modified":"\/Date(1774877610066)\/","StartTimeWithTimezone":null,"EndTimeWithTimezone":null,"VoteBusinessNumber":20120039,"VoteBusinessShortNumber":"12.039","VoteBusinessTitle":"Personenfreiz\u00fcgigkeit.\nFlankierende Massnahmen.\nBundesgesetz. Anpassung"},{"__metadata":{"id":"https://ws.parlament.ch/OData.svc/Transcript(ID=180827L,Language='DE')","uri":"https://ws.parlament.ch/OData.svc/Transcript(ID=180827L,Language='DE')","type":"itsystems.Pd.DataServices.DataModel.Transcript"},"Subjects":{"__deferred":{"uri":"https://ws.parlament.ch/OData.svc/Transcript(ID=180827L,Language='DE')/Subjects"}},"MembersCouncil":{"__deferred":{"uri":"https://ws.parlament.ch/OData.svc/Transcript(ID=180827L,Language='DE')/MembersCouncil"}},"Businesses":{"__deferred":{"uri":"https://ws.parlament.ch/OData.svc/Transcript(ID=180827L,Language='DE')/Businesses"}},"ID":"180827","Language":"DE","IdSubject":"32928","VoteId":null,"PersonNumber":4115,"Type":1,"Text":"<pd_text><p>Nous nous appr\u00eatons \u00e0 prendre une d\u00e9cision capitale pour nos entreprises, y compris les plus petites d'entre elles, mais surtout pour leurs salari\u00e9es et salari\u00e9s. </p>\n<p>Qui en ce moment prend le pouls de la population le constate sans peine: la population soutient la libre circulation des personnes. Elle la soutient car elle sait qu'elle est source de croissance et d'emploi. Mais elle ne la soutient qu'\u00e0 condition que cette libre circulation ne soit pas source d'abus, qu'elle ne soit pas source de sous-ench\u00e8re salariale et qu'elle ne soit pas source de concurrence d\u00e9loyale, dont souffrent avant tout nos petites et moyennes entreprises. La population ne soutient l'ouverture du march\u00e9 du travail que si, en Suisse, et ne vous en d\u00e9plaise Monsieur Spuhler, on paie non pas des salaires polonais, non pas des salaires allemands, non pas des salaires fran\u00e7ais, mais des salaires suisses. La population ne soutient l'ouverture du march\u00e9 du travail que si elle sait que, lorsqu'il y a des abus, ces derniers seront efficacement traqu\u00e9s et punis.</p>\n<p>La responsabilit\u00e9 solidaire est actuellement la seule r\u00e9ponse valable \u00e0 ces inqui\u00e9tudes l\u00e9gitimes. Ce n'est ni de la bureaucratie, ni de la surr\u00e9glementation, ni une entrave insupportable \u00e0 la libert\u00e9 \u00e9conomique. Au contraire, c'est le moyen d'instaurer enfin une concurrence loyale dont profiteraient - je le r\u00e9p\u00e8te - avant tout nos petites et moyennes entreprises.</p>\n<p>Aujourd'hui, refuser ce renforcement indispensable des mesures d'accompagnement serait commettre une erreur fatale pour nos entreprises et nos emplois, dont le peuple se souviendrait lorsqu'il sera appel\u00e9 \u00e0 se prononcer \u00e0 nouveau sur la libre circulation des personnes.</p>\n<p>Je vous remercie d'accepter la modification au vote final.</p>\n<p>[VS]</p>\n</pd_text>","MeetingCouncilAbbreviation":"N","MeetingDate":"20121214","MeetingVerbalixOid":2262,"IdSession":"4906","SpeakerFirstName":"Jean Christophe","SpeakerLastName":"Schwaab","SpeakerFullName":"Schwaab Jean Christophe","SpeakerFunction":"Mit-M","CouncilId":1,"CouncilName":"Nationalrat","CantonId":22,"CantonName":"Waadt","CantonAbbreviation":"VD","ParlGroupName":"Sozialdemokratische Fraktion","ParlGroupAbbreviation":"S","SortOrder":2,"Start":"\/Date(1355480621872)\/","End":"\/Date(1355481399903)\/","Function":"Mit-M","DisplaySpeaker":true,"LanguageOfText":"FR","Modified":"\/Date(1774877610059)\/","StartTimeWithTimezone":"\/Date(1355480621873+0060)\/","EndTimeWithTimezone":"\/Date(1355481399903+0060)\/","VoteBusinessNumber":null,"VoteBusinessShortNumber":null,"VoteBusinessTitle":null},{"__metadata":{"id":"https://ws.parlament.ch/OData.svc/Transcript(ID=180828L,Language='DE')","uri":"https://ws.parlament.ch/OData.svc/Transcript(ID=180828L,Language='DE')","type":"itsystems.Pd.DataServices.DataModel.Transcript"},"Subjects":{"__deferred":{"uri":"https://ws.parlament.ch/OData.svc/Transcript(ID=180828L,Language='DE')/Subjects"}},"MembersCouncil":{"__deferred":{"uri":"https://ws.parlament.ch/OData.svc/Transcript(ID=180828L,Language='DE')/MembersCouncil"}},"Businesses":{"__deferred":{"uri":"https://ws.parlament.ch/OData.svc/Transcript(ID=180828L,Language='DE')/Businesses"}},"ID":"180828","Language":"DE","IdSubject":"32928","VoteId":null,"PersonNumber":513,"Type":1,"Text":"<pd_text><p>Ich halte mich kurz; ich weiss, alle m\u00f6chten den n\u00e4chsten Zug erreichen. Trotzdem ist es sehr wichtig, dass sich die SVP-Fraktion hier noch kurz erkl\u00e4ren kann. </p>\n<p>Wir sind dagegen, dass man unter dem Deckmantel der Personenfreiz\u00fcgigkeit permanent die flankierenden Massnahmen versch\u00e4rft. Wir stehen in einem globalen Wettbewerb, und es kann nicht sein, dass wir unsere liberale Wirtschaftsordnung permanent aush\u00f6hlen. Ich m\u00f6chte Sie daran erinnern: Das Lohnverh\u00e4ltnis Schweiz-Polen ist in meiner Branche eins zu vier - ich habe in beiden L\u00e4ndern eine Unternehmung. Und wenn wir die Vorteile eines liberalen Arbeitsgesetzes auch noch aush\u00f6hlen, werden wir in der Zukunft eben noch mehr Probleme haben, mit einem starken Werkplatz Schweiz zu bestehen.</p>\n<p>Konkret zur Solidarhaftung: Dar\u00fcber habe ich schon zwei-, dreimal hier im Rat zu Ihnen gesprochen. Es gibt drei Punkte, die nicht durchdacht sind:</p>\n<p>1. Die Baubranche ist eine KMU-Branche. Viele kleinere Baugesch\u00e4fte haben nicht die M\u00f6glichkeit, \u00fcber eine gute Bonit\u00e4tspr\u00fcfung ihrer Unterlieferanten zu verf\u00fcgen. In vielen solchen KMU ist es die Frau des Gesch\u00e4ftsf\u00fchrers, die die administrativen Arbeiten macht. Wie stellen Sie sich das im Hinblick auf KMU mit unter hundert Mitarbeitern vor, die, speziell auch noch im Ausland, solche Pr\u00fcfungen vorzunehmen haben?</p>\n<p>2. Was heisst Solidarhaftung f\u00fcr die Frage \"KMU und Banken\"? Wenn ein KMU pl\u00f6tzlich f\u00fcr zehn, zwanzig, dreissig zus\u00e4tzliche Unternehmungen haften muss, kommt der Banker zum KMU und sagt: \"Ich will mehr Sicherheiten.\" Und wenn das KMU diese Sicherheiten, speziell in einem wirtschaftlich und politisch schwierigen Umfeld, nicht erbringen kann, dann bedeutet das, dass ihm die Bank die Kreditlinie runterf\u00e4hrt.</p>\n<p>3. Denken Sie auch an Basel III. Basel III heisst, es muss mehr Eigenkapital unterlegt werden, Kredite werden teurer.</p>\n<p>Ich bitte Sie, \u00fcberlegen Sie sich gut, wor\u00fcber Sie hier abstimmen! Wir wollen kein KMU-Sterben in der Schweiz haben! [PAGE 2283] </p>\n</pd_text>","MeetingCouncilAbbreviation":"N","MeetingDate":"20121214","MeetingVerbalixOid":2262,"IdSession":"4906","SpeakerFirstName":"Peter","SpeakerLastName":"Spuhler","SpeakerFullName":"Spuhler Peter","SpeakerFunction":"Mit-M","CouncilId":1,"CouncilName":"Nationalrat","CantonId":20,"CantonName":"Thurgau","CantonAbbreviation":"TG","ParlGroupName":"Fraktion der Schweizerischen Volkspartei","ParlGroupAbbreviation":"V","SortOrder":1,"Start":"\/Date(1355480424240)\/","End":"\/Date(1355480621872)\/","Function":"Mit-M","DisplaySpeaker":true,"LanguageOfText":"DE","Modified":"\/Date(1774877610055)\/","StartTimeWithTimezone":"\/Date(1355480424240+0060)\/","EndTimeWithTimezone":"\/Date(1355480621873+0060)\/","VoteBusinessNumber":null,"VoteBusinessShortNumber":null,"VoteBusinessTitle":null}]},"ID":"32928","Language":"DE","IdMeeting":"1944","VerbalixOid":397940,"SortOrder":236,"Modified":"\/Date(1774877610048)\/"}}