{"d":{"__metadata":{"id":"https://ws.parlament.ch/OData.svc/Subject(ID=33067L,Language='DE')","uri":"https://ws.parlament.ch/OData.svc/Subject(ID=33067L,Language='DE')","type":"itsystems.Pd.DataServices.DataModel.Subject"},"Meetings":{"__metadata":{"id":"https://ws.parlament.ch/OData.svc/Meeting(ID=1944L,Language='DE')","uri":"https://ws.parlament.ch/OData.svc/Meeting(ID=1944L,Language='DE')","type":"itsystems.Pd.DataServices.DataModel.Meeting"},"Sessions":{"__deferred":{"uri":"https://ws.parlament.ch/OData.svc/Meeting(ID=1944L,Language='DE')/Sessions"}},"Subjects":{"__deferred":{"uri":"https://ws.parlament.ch/OData.svc/Meeting(ID=1944L,Language='DE')/Subjects"}},"ID":"1944","Language":"DE","MeetingNumber":14,"IdSession":4906,"SessionNumber":6,"SessionName":"Wintersession 2012","Council":1,"CouncilName":"Nationalrat","CouncilAbbreviation":"NR","Date":"\/Date(1355443200000)\/","Begin":"0800","Modified":"\/Date(1447070441340)\/","LegislativePeriodNumber":49,"PublicationStatus":"final","MeetingOrderText":"Vierzehnte Sitzung","SortOrder":14,"Location":"N"},"SubjectsBusiness":{"results":[{"__metadata":{"id":"https://ws.parlament.ch/OData.svc/SubjectBusiness(BusinessNumber=20110049,IdSubject=33067L,Language='DE')","uri":"https://ws.parlament.ch/OData.svc/SubjectBusiness(BusinessNumber=20110049,IdSubject=33067L,Language='DE')","type":"itsystems.Pd.DataServices.DataModel.SubjectBusiness"},"Subjects":{"__deferred":{"uri":"https://ws.parlament.ch/OData.svc/SubjectBusiness(BusinessNumber=20110049,IdSubject=33067L,Language='DE')/Subjects"}},"Businesses":{"__deferred":{"uri":"https://ws.parlament.ch/OData.svc/SubjectBusiness(BusinessNumber=20110049,IdSubject=33067L,Language='DE')/Businesses"}},"IdSubject":"33067","BusinessNumber":20110049,"Language":"DE","BusinessShortNumber":"11.049","Title":"Bundespersonalgesetz. \u00c4nderung","SortOrder":1,"PublishedNotes":"Schlussabstimmung - Vote final\n","Modified":"\/Date(1447069492056)\/","TitleDE":"Bundespersonalgesetz.\n\u00c4nderung","TitleFR":"Loi sur le personnel\nde la Conf\u00e9d\u00e9ration. Modification","TitleIT":null}]},"Transcripts":{"results":[{"__metadata":{"id":"https://ws.parlament.ch/OData.svc/Transcript(ID=180976L,Language='DE')","uri":"https://ws.parlament.ch/OData.svc/Transcript(ID=180976L,Language='DE')","type":"itsystems.Pd.DataServices.DataModel.Transcript"},"Subjects":{"__deferred":{"uri":"https://ws.parlament.ch/OData.svc/Transcript(ID=180976L,Language='DE')/Subjects"}},"MembersCouncil":{"__deferred":{"uri":"https://ws.parlament.ch/OData.svc/Transcript(ID=180976L,Language='DE')/MembersCouncil"}},"Businesses":{"__deferred":{"uri":"https://ws.parlament.ch/OData.svc/Transcript(ID=180976L,Language='DE')/Businesses"}},"ID":"180976","Language":"DE","IdSubject":"33067","VoteId":"8417","PersonNumber":null,"Type":2,"Text":"<pd_text><p><b>Bundespersonalgesetz </b></p>\n<p><b>Loi sur le personnel de la Conf\u00e9d\u00e9ration </b></p>\n<p>[VS]</p>\n<p><i>Abstimmung - Vote</i></p>\n<p>[NAM]</p>\n<p>F\u00fcr Annahme des Entwurfes ... 177 Stimmen</p>\n<p>Dagegen ... 12 Stimmen</p>\n<p>[PAGE 2282] </p>\n</pd_text>","MeetingCouncilAbbreviation":"N","MeetingDate":"20121214","MeetingVerbalixOid":2262,"IdSession":"4906","SpeakerFirstName":null,"SpeakerLastName":null,"SpeakerFullName":"","SpeakerFunction":null,"CouncilId":null,"CouncilName":null,"CantonId":null,"CantonName":null,"CantonAbbreviation":null,"ParlGroupName":null,"ParlGroupAbbreviation":null,"SortOrder":2,"Start":"\/Date(1355480272306)\/","End":"\/Date(1355480272306)\/","Function":null,"DisplaySpeaker":null,"LanguageOfText":"DE","Modified":"\/Date(1774877610038)\/","StartTimeWithTimezone":"\/Date(1355480272307+0060)\/","EndTimeWithTimezone":"\/Date(1355480272307+0060)\/","VoteBusinessNumber":20110049,"VoteBusinessShortNumber":"11.049","VoteBusinessTitle":"Bundespersonalgesetz.\n\u00c4nderung"},{"__metadata":{"id":"https://ws.parlament.ch/OData.svc/Transcript(ID=180977L,Language='DE')","uri":"https://ws.parlament.ch/OData.svc/Transcript(ID=180977L,Language='DE')","type":"itsystems.Pd.DataServices.DataModel.Transcript"},"Subjects":{"__deferred":{"uri":"https://ws.parlament.ch/OData.svc/Transcript(ID=180977L,Language='DE')/Subjects"}},"MembersCouncil":{"__deferred":{"uri":"https://ws.parlament.ch/OData.svc/Transcript(ID=180977L,Language='DE')/MembersCouncil"}},"Businesses":{"__deferred":{"uri":"https://ws.parlament.ch/OData.svc/Transcript(ID=180977L,Language='DE')/Businesses"}},"ID":"180977","Language":"DE","IdSubject":"33067","VoteId":null,"PersonNumber":3833,"Type":1,"Text":"<pd_text><p>Aux termes de l'article 3 alin\u00e9a 3 de l'ordonnance de l'Assembl\u00e9e f\u00e9d\u00e9rale du 3 octobre 2003 sur la Commission de r\u00e9daction, un membre de la commission commente les modifications importantes devant chaque conseil avant le vote final.</p>\n<p>L'article 28 alin\u00e9a 4 de la loi f\u00e9d\u00e9rale du 4 octobre 1991 sur les EPF, modifi\u00e9 au chiffre 2 de l'annexe de la loi du 24 mars 2000 sur le personnel de la Conf\u00e9d\u00e9ration, \u00e9tait formul\u00e9 de mani\u00e8re peu claire et pr\u00eatait \u00e0 confusion. La Commission de r\u00e9daction a donc adopt\u00e9, en accord avec les pr\u00e9sidents des Commissions des institutions politiques des deux conseils, une nouvelle formulation contenant une phrase suppl\u00e9mentaire, afin de clarifier le contenu de cette disposition, cela dans les trois langues.</p>\n<p>Je vais vous lire cette phrase en fran\u00e7ais. Vous la trouverez, ainsi que les versions allemande et italienne, dans le texte en votre possession ce matin.</p>\n<p>Article 28 alin\u00e9a 4 deuxi\u00e8me phrase de la loi f\u00e9d\u00e9rale sur les Ecoles polytechniques f\u00e9d\u00e9rales: \"Le contrat de travail peut pr\u00e9voir qu'une r\u00e9siliation ordinaire peut intervenir pour des raisons tenant \u00e0 la pr\u00e9servation du bon fonctionnement de la direction. Une telle r\u00e9siliation peut \u00e9galement intervenir en cas de cessation de toute coop\u00e9ration fructueuse avec le pr\u00e9sident.\"</p>\n<p>[VS]</p>\n</pd_text>","MeetingCouncilAbbreviation":"N","MeetingDate":"20121214","MeetingVerbalixOid":2262,"IdSession":"4906","SpeakerFirstName":"Josiane","SpeakerLastName":"Aubert","SpeakerFullName":"Aubert Josiane","SpeakerFunction":"Mit-F","CouncilId":1,"CouncilName":"Nationalrat","CantonId":22,"CantonName":"Waadt","CantonAbbreviation":"VD","ParlGroupName":"Sozialdemokratische Fraktion","ParlGroupAbbreviation":"S","SortOrder":1,"Start":"\/Date(1355480111397)\/","End":"\/Date(1355480272306)\/","Function":"*","DisplaySpeaker":true,"LanguageOfText":"FR","Modified":"\/Date(1774877610032)\/","StartTimeWithTimezone":"\/Date(1355480111397+0060)\/","EndTimeWithTimezone":"\/Date(1355480272307+0060)\/","VoteBusinessNumber":null,"VoteBusinessShortNumber":null,"VoteBusinessTitle":null}]},"ID":"33067","Language":"DE","IdMeeting":"1944","VerbalixOid":397969,"SortOrder":234,"Modified":"\/Date(1774877610028)\/"}}