{"d":{"__metadata":{"id":"https://ws.parlament.ch/OData.svc/Subject(ID=3318L,Language='DE')","uri":"https://ws.parlament.ch/OData.svc/Subject(ID=3318L,Language='DE')","type":"itsystems.Pd.DataServices.DataModel.Subject"},"Meetings":{"__metadata":{"id":"https://ws.parlament.ch/OData.svc/Meeting(ID=237L,Language='DE')","uri":"https://ws.parlament.ch/OData.svc/Meeting(ID=237L,Language='DE')","type":"itsystems.Pd.DataServices.DataModel.Meeting"},"Sessions":{"__deferred":{"uri":"https://ws.parlament.ch/OData.svc/Meeting(ID=237L,Language='DE')/Sessions"}},"Subjects":{"__deferred":{"uri":"https://ws.parlament.ch/OData.svc/Meeting(ID=237L,Language='DE')/Subjects"}},"ID":"237","Language":"DE","MeetingNumber":12,"IdSession":4611,"SessionNumber":11,"SessionName":"Wintersession 2001","Council":1,"CouncilName":"Nationalrat","CouncilAbbreviation":"NR","Date":"\/Date(1008115200000)\/","Begin":"1500","Modified":"\/Date(1447069775310)\/","LegislativePeriodNumber":46,"PublicationStatus":"final","MeetingOrderText":"Zw\u00f6lfte Sitzung","SortOrder":12,"Location":"N"},"SubjectsBusiness":{"results":[{"__metadata":{"id":"https://ws.parlament.ch/OData.svc/SubjectBusiness(BusinessNumber=20010046,IdSubject=3318L,Language='DE')","uri":"https://ws.parlament.ch/OData.svc/SubjectBusiness(BusinessNumber=20010046,IdSubject=3318L,Language='DE')","type":"itsystems.Pd.DataServices.DataModel.SubjectBusiness"},"Subjects":{"__deferred":{"uri":"https://ws.parlament.ch/OData.svc/SubjectBusiness(BusinessNumber=20010046,IdSubject=3318L,Language='DE')/Subjects"}},"Businesses":{"__deferred":{"uri":"https://ws.parlament.ch/OData.svc/SubjectBusiness(BusinessNumber=20010046,IdSubject=3318L,Language='DE')/Businesses"}},"IdSubject":"3318","BusinessNumber":20010046,"Language":"DE","BusinessShortNumber":"01.046","Title":"Voranschlag 2002","SortOrder":1,"PublishedNotes":"Differenzen - Divergences\n","Modified":"\/Date(1447069143786)\/","TitleDE":"Voranschlag der Eidgenossenschaft 2002","TitleFR":"Budget de la Conf\u00e9d\u00e9ration 2002","TitleIT":null}]},"Transcripts":{"results":[{"__metadata":{"id":"https://ws.parlament.ch/OData.svc/Transcript(ID=17681L,Language='DE')","uri":"https://ws.parlament.ch/OData.svc/Transcript(ID=17681L,Language='DE')","type":"itsystems.Pd.DataServices.DataModel.Transcript"},"Subjects":{"__deferred":{"uri":"https://ws.parlament.ch/OData.svc/Transcript(ID=17681L,Language='DE')/Subjects"}},"MembersCouncil":{"__deferred":{"uri":"https://ws.parlament.ch/OData.svc/Transcript(ID=17681L,Language='DE')/MembersCouncil"}},"Businesses":{"__deferred":{"uri":"https://ws.parlament.ch/OData.svc/Transcript(ID=17681L,Language='DE')/Businesses"}},"ID":"17681","Language":"DE","IdSubject":"3318","VoteId":"1881","PersonNumber":null,"Type":2,"Text":"<pd_text><p><i>Abstimmung - Vote</i></p>\n<p>[NAM]</p>\n<p>F\u00fcr den Antrag der Minderheit .... 95 Stimmen</p>\n<p>F\u00fcr den Antrag der Mehrheit .... 55 Stimmen</p>\n<p>[VS]</p>\n<p><b>La pr\u00e9sidente</b> (Maury Pasquier Liliane, pr\u00e9sidente): Vous avez ainsi \u00e9limin\u00e9 toutes les divergences avec le Conseil des Etats. L'arr\u00eat\u00e9 f\u00e9d\u00e9ral I sera adapt\u00e9 en cons\u00e9quence.</p>\n</pd_text>","MeetingCouncilAbbreviation":"N","MeetingDate":"20011212","MeetingVerbalixOid":874,"IdSession":"4611","SpeakerFirstName":null,"SpeakerLastName":null,"SpeakerFullName":"","SpeakerFunction":null,"CouncilId":null,"CouncilName":null,"CantonId":null,"CantonName":null,"CantonAbbreviation":null,"ParlGroupName":null,"ParlGroupAbbreviation":null,"SortOrder":13,"Start":"\/Date(1008170311454)\/","End":"\/Date(1008170311454)\/","Function":null,"DisplaySpeaker":null,"LanguageOfText":"DE","Modified":"\/Date(1774878208000)\/","StartTimeWithTimezone":"\/Date(1008170311453+0060)\/","EndTimeWithTimezone":"\/Date(1008170311453+0060)\/","VoteBusinessNumber":20010046,"VoteBusinessShortNumber":"01.046","VoteBusinessTitle":"Voranschlag der Eidgenossenschaft 2002"},{"__metadata":{"id":"https://ws.parlament.ch/OData.svc/Transcript(ID=17682L,Language='DE')","uri":"https://ws.parlament.ch/OData.svc/Transcript(ID=17682L,Language='DE')","type":"itsystems.Pd.DataServices.DataModel.Transcript"},"Subjects":{"__deferred":{"uri":"https://ws.parlament.ch/OData.svc/Transcript(ID=17682L,Language='DE')/Subjects"}},"MembersCouncil":{"__deferred":{"uri":"https://ws.parlament.ch/OData.svc/Transcript(ID=17682L,Language='DE')/MembersCouncil"}},"Businesses":{"__deferred":{"uri":"https://ws.parlament.ch/OData.svc/Transcript(ID=17682L,Language='DE')/Businesses"}},"ID":"17682","Language":"DE","IdSubject":"3318","VoteId":null,"PersonNumber":341,"Type":1,"Text":"<pd_text><p><b>1. Finanzrechnung </b></p>\n<p><b>1. Compte financier </b></p>\n</pd_text>","MeetingCouncilAbbreviation":"N","MeetingDate":"20011212","MeetingVerbalixOid":874,"IdSession":"4611","SpeakerFirstName":"Liliane","SpeakerLastName":"Maury Pasquier","SpeakerFullName":"Maury Pasquier Liliane","SpeakerFunction":"P-F","CouncilId":1,"CouncilName":"Nationalrat","CantonId":25,"CantonName":"Genf","CantonAbbreviation":"GE","ParlGroupName":"Sozialdemokratische Fraktion","ParlGroupAbbreviation":"S","SortOrder":1,"Start":"\/Date(1008169220823)\/","End":"\/Date(1008169264760)\/","Function":"","DisplaySpeaker":false,"LanguageOfText":null,"Modified":"\/Date(1774878207979)\/","StartTimeWithTimezone":"\/Date(1008169220823+0060)\/","EndTimeWithTimezone":"\/Date(1008169264760+0060)\/","VoteBusinessNumber":null,"VoteBusinessShortNumber":null,"VoteBusinessTitle":null},{"__metadata":{"id":"https://ws.parlament.ch/OData.svc/Transcript(ID=17683L,Language='DE')","uri":"https://ws.parlament.ch/OData.svc/Transcript(ID=17683L,Language='DE')","type":"itsystems.Pd.DataServices.DataModel.Transcript"},"Subjects":{"__deferred":{"uri":"https://ws.parlament.ch/OData.svc/Transcript(ID=17683L,Language='DE')/Subjects"}},"MembersCouncil":{"__deferred":{"uri":"https://ws.parlament.ch/OData.svc/Transcript(ID=17683L,Language='DE')/MembersCouncil"}},"Businesses":{"__deferred":{"uri":"https://ws.parlament.ch/OData.svc/Transcript(ID=17683L,Language='DE')/Businesses"}},"ID":"17683","Language":"DE","IdSubject":"3318","VoteId":null,"PersonNumber":525,"Type":1,"Text":"<pd_text><p>Ich kann mich kurz fassen. Die Ausgangslage ist klar: Der St\u00e4nderat hat bei der Position \"Infrastrukturinvestitionen Grundbedarf SBB\" zum wiederholten Mal einstimmig und diskussionslos an seiner Position festgehalten. Es geht dabei darum, eine seinerzeit vom Bundesrat vorgenommene K\u00fcrzung r\u00fcckg\u00e4ngig zu machen, um Infrastrukturinvestitionen im Umfang von zus\u00e4tzlichen 42 Millionen Franken nach wie vor t\u00e4tigen zu k\u00f6nnen.</p>\n<p>Diese Infrastrukturinvestitionen betreffen in erster Linie sicherheitsrelevante Projekte; es ist deshalb aus zweierlei Gr\u00fcnden sinnvoll, dem Beschluss des St\u00e4nderates zuzustimmen:</p>\n<p>1. An Investitionen kann nicht gespart werden, Investitionen werden bestenfalls aufgeschoben.</p>\n<p>2. Wenn Investitionen in die Sicherheit unterbleiben, w\u00fcrde das unter dem Motto passieren: Sparen um jeden Preis - oder sparen, koste es, was es wolle.</p>\n<p>Es ist im Rahmen der Finanzkommission Kritik am Vorgehen ge\u00fcbt worden. Ich glaube, das ist ein klassisches Beispiel, wie der Budgetprozess l\u00e4uft: Es gibt unterschiedliche Interessen in den beiden Kammern, und schliesslich soll doch die vern\u00fcnftigere L\u00f6sung, n\u00e4mlich die L\u00f6sung des St\u00e4nderates, obsiegen.</p>\n<p>Ich bitte Sie deshalb, gem\u00e4ss dem Antrag der Minderheit der Kommission dem Beschluss des St\u00e4nderates zu folgen.</p>\n</pd_text>","MeetingCouncilAbbreviation":"N","MeetingDate":"20011212","MeetingVerbalixOid":874,"IdSession":"4611","SpeakerFirstName":"Roberto","SpeakerLastName":"Zanetti","SpeakerFullName":"Zanetti Roberto","SpeakerFunction":"","CouncilId":1,"CouncilName":"Nationalrat","CantonId":11,"CantonName":"Solothurn","CantonAbbreviation":"SO","ParlGroupName":"Sozialdemokratische Fraktion","ParlGroupAbbreviation":"S","SortOrder":2,"Start":"\/Date(1008169264760)\/","End":"\/Date(1008169369276)\/","Function":"","DisplaySpeaker":true,"LanguageOfText":"DE","Modified":"\/Date(1774878207980)\/","StartTimeWithTimezone":"\/Date(1008169264760+0060)\/","EndTimeWithTimezone":"\/Date(1008169369277+0060)\/","VoteBusinessNumber":null,"VoteBusinessShortNumber":null,"VoteBusinessTitle":null},{"__metadata":{"id":"https://ws.parlament.ch/OData.svc/Transcript(ID=17684L,Language='DE')","uri":"https://ws.parlament.ch/OData.svc/Transcript(ID=17684L,Language='DE')","type":"itsystems.Pd.DataServices.DataModel.Transcript"},"Subjects":{"__deferred":{"uri":"https://ws.parlament.ch/OData.svc/Transcript(ID=17684L,Language='DE')/Subjects"}},"MembersCouncil":{"__deferred":{"uri":"https://ws.parlament.ch/OData.svc/Transcript(ID=17684L,Language='DE')/MembersCouncil"}},"Businesses":{"__deferred":{"uri":"https://ws.parlament.ch/OData.svc/Transcript(ID=17684L,Language='DE')/Businesses"}},"ID":"17684","Language":"DE","IdSubject":"3318","VoteId":null,"PersonNumber":500,"Type":1,"Text":"<pd_text><p>Ich spreche zur Filmf\u00f6rderung. Ich habe hier namens der SVP-Fraktion den Antrag eingereicht, dass die Filmf\u00f6rderung gem\u00e4ss dem bundesr\u00e4tlichen Voranschlag budgetiert wird. Mit einer Budgeterh\u00f6hung im Rat setzen Sie immer ein Zeichen - hier leider ein falsches. Sie sagen damit der \u00d6ffentlichkeit, dass mehr Filme und Festivals wichtiger sind als ein ausgeglichenes Budget. Ich bitte Sie sehr: Setzen Sie hier das richtige Zeichen! Der Bundesrat hat es mit der Filmf\u00f6rderung an sich schon sehr gut gemeint. Bleiben Sie auf dem Sparkurs und unterst\u00fctzen Sie diesen Antrag. Er hilft mit, die Glaubw\u00fcrdigkeit unseres Rates zu verbessern.</p>\n</pd_text>","MeetingCouncilAbbreviation":"N","MeetingDate":"20011212","MeetingVerbalixOid":874,"IdSession":"4611","SpeakerFirstName":"Theophil","SpeakerLastName":"Pfister","SpeakerFullName":"Pfister Theophil","SpeakerFunction":"","CouncilId":1,"CouncilName":"Nationalrat","CantonId":17,"CantonName":"St. Gallen","CantonAbbreviation":"SG","ParlGroupName":"Fraktion der Schweizerischen Volkspartei","ParlGroupAbbreviation":"V","SortOrder":3,"Start":"\/Date(1008169369276)\/","End":"\/Date(1008169447573)\/","Function":"","DisplaySpeaker":true,"LanguageOfText":"DE","Modified":"\/Date(1774878207982)\/","StartTimeWithTimezone":"\/Date(1008169369277+0060)\/","EndTimeWithTimezone":"\/Date(1008169447573+0060)\/","VoteBusinessNumber":null,"VoteBusinessShortNumber":null,"VoteBusinessTitle":null},{"__metadata":{"id":"https://ws.parlament.ch/OData.svc/Transcript(ID=17685L,Language='DE')","uri":"https://ws.parlament.ch/OData.svc/Transcript(ID=17685L,Language='DE')","type":"itsystems.Pd.DataServices.DataModel.Transcript"},"Subjects":{"__deferred":{"uri":"https://ws.parlament.ch/OData.svc/Transcript(ID=17685L,Language='DE')/Subjects"}},"MembersCouncil":{"__deferred":{"uri":"https://ws.parlament.ch/OData.svc/Transcript(ID=17685L,Language='DE')/MembersCouncil"}},"Businesses":{"__deferred":{"uri":"https://ws.parlament.ch/OData.svc/Transcript(ID=17685L,Language='DE')/Businesses"}},"ID":"17685","Language":"DE","IdSubject":"3318","VoteId":null,"PersonNumber":254,"Type":1,"Text":"<pd_text><p>Im Auftrag einer Mehrheit der FDP-Fraktion bitte ich Sie, bei den Infrastrukturbeitr\u00e4gen SBB beim bisherigen Beschluss des Nationalrates zu bleiben: 16 Millionen Franken und nicht 58 Millionen. Eine kurze Begr\u00fcndung: Die seinerzeitige K\u00fcrzung dieser Investitionskredite erfolgte auf Vorschlag des UVEK. Das UVEK war gehalten, wie alle anderen Departemente auch, K\u00fcrzungsvorschl\u00e4ge einzureichen. Das UVEK selber hat diese K\u00fcrzung um 42 Millionen Franken vorgeschlagen. Im Auftrag der Subkommission der Finanzkommission des St\u00e4nderates hat dann das UVEK aufgelistet, welche Investitionen ohne diese 42 Millionen Franken nicht get\u00e4tigt werden k\u00f6nnen. Darunter hat es einige wenige sicherheitsrelevante Investitionen, aber wenn Sie die Liste anschauen, stellen Sie fest, dass sie nicht von wesentlicher Bedeutung sind.</p>\n<p>F\u00fcr mich geht es um einen Grundsatz. Sie k\u00f6nnen bei jedem Departement, das K\u00fcrzungsvorschl\u00e4ge eingereicht hat, hinterfragen, was wegen dieser K\u00fcrzung nicht realisiert werden kann. Jedes Departement kann Ihnen glaubhaft nachweisen, warum jetzt gerade dort eigentlich nicht gek\u00fcrzt werden sollte. Ich finde es unfair, wenn man bei anderen Departementen die vorgeschlagenen K\u00fcrzungen akzeptiert, aber dort, wo hinterfragt wurde und dann Begr\u00fcndungen kommen, diese K\u00fcrzung, die vom Departement selber vorgeschlagen wurde, wieder aufgehoben wird. Ich bitte Sie, hier Fairness walten zu lassen, auch innerhalb der Bundesverwaltung und der Departemente.</p>\n<p>Kurz ein Zweites: Es geht um 42 Millionen Franken. Die Gesamtkredite f\u00fcr die SBB, die wir ohne Neat-Kredite im Budget verabschieden, betragen 1,3 Milliarden Franken. Diese 42 Millionen sind 0,04 Prozent der Gesamtkredite, die wir im Budget bis jetzt f\u00fcr die SBB bewilligt haben. Diese 0,04 Prozent oder 42 Millionen Franken k\u00f6nnen leicht anderswo eingespart werden, wenn es wirklich darum geht, sicherheitsrelevante Investitionen zu t\u00e4tigen.</p>\n<p>Ich bitte Sie, am Beschluss des Nationalrates festzuhalten. </p>\n</pd_text>","MeetingCouncilAbbreviation":"N","MeetingDate":"20011212","MeetingVerbalixOid":874,"IdSession":"4611","SpeakerFirstName":"Rudolf","SpeakerLastName":"Steiner","SpeakerFullName":"Steiner Rudolf","SpeakerFunction":"","CouncilId":1,"CouncilName":"Nationalrat","CantonId":11,"CantonName":"Solothurn","CantonAbbreviation":"SO","ParlGroupName":"Freisinnig-demokratische Fraktion","ParlGroupAbbreviation":"RL","SortOrder":4,"Start":"\/Date(1008169447573)\/","End":"\/Date(1008169601276)\/","Function":"","DisplaySpeaker":true,"LanguageOfText":"DE","Modified":"\/Date(1774878207984)\/","StartTimeWithTimezone":"\/Date(1008169447573+0060)\/","EndTimeWithTimezone":"\/Date(1008169601277+0060)\/","VoteBusinessNumber":null,"VoteBusinessShortNumber":null,"VoteBusinessTitle":null},{"__metadata":{"id":"https://ws.parlament.ch/OData.svc/Transcript(ID=17686L,Language='DE')","uri":"https://ws.parlament.ch/OData.svc/Transcript(ID=17686L,Language='DE')","type":"itsystems.Pd.DataServices.DataModel.Transcript"},"Subjects":{"__deferred":{"uri":"https://ws.parlament.ch/OData.svc/Transcript(ID=17686L,Language='DE')/Subjects"}},"MembersCouncil":{"__deferred":{"uri":"https://ws.parlament.ch/OData.svc/Transcript(ID=17686L,Language='DE')/MembersCouncil"}},"Businesses":{"__deferred":{"uri":"https://ws.parlament.ch/OData.svc/Transcript(ID=17686L,Language='DE')/Businesses"}},"ID":"17686","Language":"DE","IdSubject":"3318","VoteId":null,"PersonNumber":497,"Type":1,"Text":"<pd_text><p>Monsieur Steiner, vous avez dit que c'\u00e9tait injuste que l'on accepte les coupes des autres d\u00e9partements et pas celles du DETEC. Alors, pourquoi est-ce que vous n'avez pas accept\u00e9 la coupe de 88 millions de francs pour les routes et pourquoi avez-vous r\u00e9introduit ce montant? C'est bien plus \u00e9lev\u00e9 que 42 millions de francs pour les CFF! </p>\n</pd_text>","MeetingCouncilAbbreviation":"N","MeetingDate":"20011212","MeetingVerbalixOid":874,"IdSession":"4611","SpeakerFirstName":"Patrice","SpeakerLastName":"Mugny","SpeakerFullName":"Mugny Patrice","SpeakerFunction":"","CouncilId":1,"CouncilName":"Nationalrat","CantonId":25,"CantonName":"Genf","CantonAbbreviation":"GE","ParlGroupName":"Gr\u00fcne Fraktion","ParlGroupAbbreviation":"G","SortOrder":5,"Start":"\/Date(1008169601276)\/","End":"\/Date(1008169620229)\/","Function":"","DisplaySpeaker":true,"LanguageOfText":"FR","Modified":"\/Date(1774878207985)\/","StartTimeWithTimezone":"\/Date(1008169601277+0060)\/","EndTimeWithTimezone":"\/Date(1008169620230+0060)\/","VoteBusinessNumber":null,"VoteBusinessShortNumber":null,"VoteBusinessTitle":null},{"__metadata":{"id":"https://ws.parlament.ch/OData.svc/Transcript(ID=17687L,Language='DE')","uri":"https://ws.parlament.ch/OData.svc/Transcript(ID=17687L,Language='DE')","type":"itsystems.Pd.DataServices.DataModel.Transcript"},"Subjects":{"__deferred":{"uri":"https://ws.parlament.ch/OData.svc/Transcript(ID=17687L,Language='DE')/Subjects"}},"MembersCouncil":{"__deferred":{"uri":"https://ws.parlament.ch/OData.svc/Transcript(ID=17687L,Language='DE')/MembersCouncil"}},"Businesses":{"__deferred":{"uri":"https://ws.parlament.ch/OData.svc/Transcript(ID=17687L,Language='DE')/Businesses"}},"ID":"17687","Language":"DE","IdSubject":"3318","VoteId":null,"PersonNumber":254,"Type":1,"Text":"<pd_text><p>Bei den Strassen haben wir an sich eine spezielle Finanzierung, leider nicht einen speziellen Fonds. Dummerweise geht das Ganze auch \u00fcber die Finanzrechnung. Aber die Gelder f\u00fcr die Strassen werden separat einkassiert und separat abgezweigt. Da haben die Strassenben\u00fctzer ein Recht, dass das Geld auch f\u00fcr die Strassen verwendet wird. </p>\n</pd_text>","MeetingCouncilAbbreviation":"N","MeetingDate":"20011212","MeetingVerbalixOid":874,"IdSession":"4611","SpeakerFirstName":"Rudolf","SpeakerLastName":"Steiner","SpeakerFullName":"Steiner Rudolf","SpeakerFunction":"","CouncilId":1,"CouncilName":"Nationalrat","CantonId":11,"CantonName":"Solothurn","CantonAbbreviation":"SO","ParlGroupName":"Freisinnig-demokratische Fraktion","ParlGroupAbbreviation":"RL","SortOrder":6,"Start":"\/Date(1008169620229)\/","End":"\/Date(1008169643151)\/","Function":"","DisplaySpeaker":true,"LanguageOfText":"DE","Modified":"\/Date(1774878207987)\/","StartTimeWithTimezone":"\/Date(1008169620230+0060)\/","EndTimeWithTimezone":"\/Date(1008169643150+0060)\/","VoteBusinessNumber":null,"VoteBusinessShortNumber":null,"VoteBusinessTitle":null},{"__metadata":{"id":"https://ws.parlament.ch/OData.svc/Transcript(ID=17688L,Language='DE')","uri":"https://ws.parlament.ch/OData.svc/Transcript(ID=17688L,Language='DE')","type":"itsystems.Pd.DataServices.DataModel.Transcript"},"Subjects":{"__deferred":{"uri":"https://ws.parlament.ch/OData.svc/Transcript(ID=17688L,Language='DE')/Subjects"}},"MembersCouncil":{"__deferred":{"uri":"https://ws.parlament.ch/OData.svc/Transcript(ID=17688L,Language='DE')/MembersCouncil"}},"Businesses":{"__deferred":{"uri":"https://ws.parlament.ch/OData.svc/Transcript(ID=17688L,Language='DE')/Businesses"}},"ID":"17688","Language":"DE","IdSubject":"3318","VoteId":null,"PersonNumber":229,"Type":1,"Text":"<pd_text><p>Ich m\u00f6chte Sie noch kurz auf einen Aspekt hinweisen: Herr Steiner hat vorhin mit Recht das Wort Fairness gebraucht. Es geht hier wahrscheinlich wirklich auch um Fairness. Ich m\u00f6chte einfach daran erinnern, dass dieser Infrastrukturbeitrag Bestandteil einer Vereinbarung ist, die zwischen dem Bund und den Schweizerischen Bundesbahnen abgeschlossen wurde. Wir im Rat haben gesagt: Die Schweizerischen Bundesbahnen erhalten einen Leistungsauftrag, sie erhalten f\u00fcr bestimmte Jahre bestimmte Mittel, mit denen sie planen k\u00f6nnen, die sie einsetzen m\u00fcssen, und jetzt, mitten in dieser Periode, k\u00fcrzen wir diesen eigentlich auf vier Jahre zugesagten Betrag. Ich meine, hier gehe es wirklich um das Prinzip, ob wir diese Fairness nun walten lassen wollen, ob wir diese f\u00fcr vier Jahre vorgesehenen Mittel, die vertraglich festgelegt sind, jetzt auch in der Jahrestranche sprechen. Ich meine, das m\u00fcsste eigentlich das Kriterium sein: ob wir konsequent sind, wenn wir derartige Projekte starten, wenn wir [PAGE 1877] Unternehmungen in die Freiheit entlassen, f\u00fcr sie einem Vierjahresplan entsprechend Mittel vorsehen, diese zusagen und sie dann in der Jahrestranche pl\u00f6tzlich wieder k\u00fcrzen. </p>\n<p>Ich bitte Sie hier also eigentlich im Interesse der Fairness, dem Antrag der Minderheit zuzustimmen. Der St\u00e4nderat hat seinen Beschluss heute Morgen nochmals einstimmig best\u00e4tigt. </p>\n</pd_text>","MeetingCouncilAbbreviation":"N","MeetingDate":"20011212","MeetingVerbalixOid":874,"IdSession":"4611","SpeakerFirstName":"Peter","SpeakerLastName":"Vollmer","SpeakerFullName":"Vollmer Peter","SpeakerFunction":"","CouncilId":1,"CouncilName":"Nationalrat","CantonId":2,"CantonName":"Bern","CantonAbbreviation":"BE","ParlGroupName":"Sozialdemokratische Fraktion","ParlGroupAbbreviation":"S","SortOrder":7,"Start":"\/Date(1008169643151)\/","End":"\/Date(1008169730932)\/","Function":"","DisplaySpeaker":true,"LanguageOfText":"DE","Modified":"\/Date(1774878207988)\/","StartTimeWithTimezone":"\/Date(1008169643150+0060)\/","EndTimeWithTimezone":"\/Date(1008169730933+0060)\/","VoteBusinessNumber":null,"VoteBusinessShortNumber":null,"VoteBusinessTitle":null},{"__metadata":{"id":"https://ws.parlament.ch/OData.svc/Transcript(ID=17689L,Language='DE')","uri":"https://ws.parlament.ch/OData.svc/Transcript(ID=17689L,Language='DE')","type":"itsystems.Pd.DataServices.DataModel.Transcript"},"Subjects":{"__deferred":{"uri":"https://ws.parlament.ch/OData.svc/Transcript(ID=17689L,Language='DE')/Subjects"}},"MembersCouncil":{"__deferred":{"uri":"https://ws.parlament.ch/OData.svc/Transcript(ID=17689L,Language='DE')/MembersCouncil"}},"Businesses":{"__deferred":{"uri":"https://ws.parlament.ch/OData.svc/Transcript(ID=17689L,Language='DE')/Businesses"}},"ID":"17689","Language":"DE","IdSubject":"3318","VoteId":null,"PersonNumber":361,"Type":1,"Text":"<pd_text><p>Herr Vollmer, Sie appellieren an die Fairness. Das ist immer gut, das ist auch hie und da n\u00fctzlich. Aber es war ausgerechnet Herr Bundespr\u00e4sident Leuenberger, der dem Bundesrat diese K\u00fcrzung vorgeschlagen hat. Hat Herr Leuenberger unfair gehandelt?</p>\n</pd_text>","MeetingCouncilAbbreviation":"N","MeetingDate":"20011212","MeetingVerbalixOid":874,"IdSession":"4611","SpeakerFirstName":"Georges","SpeakerLastName":"Theiler","SpeakerFullName":"Theiler Georges","SpeakerFunction":"","CouncilId":1,"CouncilName":"Nationalrat","CantonId":3,"CantonName":"Luzern","CantonAbbreviation":"LU","ParlGroupName":"Freisinnig-demokratische Fraktion","ParlGroupAbbreviation":"RL","SortOrder":8,"Start":"\/Date(1008169730932)\/","End":"\/Date(1008169757416)\/","Function":"","DisplaySpeaker":true,"LanguageOfText":"DE","Modified":"\/Date(1774878207990)\/","StartTimeWithTimezone":"\/Date(1008169730933+0060)\/","EndTimeWithTimezone":"\/Date(1008169757417+0060)\/","VoteBusinessNumber":null,"VoteBusinessShortNumber":null,"VoteBusinessTitle":null},{"__metadata":{"id":"https://ws.parlament.ch/OData.svc/Transcript(ID=17690L,Language='DE')","uri":"https://ws.parlament.ch/OData.svc/Transcript(ID=17690L,Language='DE')","type":"itsystems.Pd.DataServices.DataModel.Transcript"},"Subjects":{"__deferred":{"uri":"https://ws.parlament.ch/OData.svc/Transcript(ID=17690L,Language='DE')/Subjects"}},"MembersCouncil":{"__deferred":{"uri":"https://ws.parlament.ch/OData.svc/Transcript(ID=17690L,Language='DE')/MembersCouncil"}},"Businesses":{"__deferred":{"uri":"https://ws.parlament.ch/OData.svc/Transcript(ID=17690L,Language='DE')/Businesses"}},"ID":"17690","Language":"DE","IdSubject":"3318","VoteId":null,"PersonNumber":229,"Type":1,"Text":"<pd_text><p>Herr Theiler, wenn wir, Ihrer Logik folgend, diesen Kredit jetzt k\u00fcrzen, bestrafen wir nicht Herrn Bundespr\u00e4sident Leuenberger, sondern die SBB, die als selbstst\u00e4ndige Unternehmung auf dieses Geld angewiesen ist. Auch hier bitte ich Sie, in Ihren Reaktionen fair zu bleiben.</p>\n</pd_text>","MeetingCouncilAbbreviation":"N","MeetingDate":"20011212","MeetingVerbalixOid":874,"IdSession":"4611","SpeakerFirstName":"Peter","SpeakerLastName":"Vollmer","SpeakerFullName":"Vollmer Peter","SpeakerFunction":"","CouncilId":1,"CouncilName":"Nationalrat","CantonId":2,"CantonName":"Bern","CantonAbbreviation":"BE","ParlGroupName":"Sozialdemokratische Fraktion","ParlGroupAbbreviation":"S","SortOrder":9,"Start":"\/Date(1008169757416)\/","End":"\/Date(1008169777416)\/","Function":"","DisplaySpeaker":true,"LanguageOfText":"DE","Modified":"\/Date(1774878207991)\/","StartTimeWithTimezone":"\/Date(1008169757417+0060)\/","EndTimeWithTimezone":"\/Date(1008169777417+0060)\/","VoteBusinessNumber":null,"VoteBusinessShortNumber":null,"VoteBusinessTitle":null},{"__metadata":{"id":"https://ws.parlament.ch/OData.svc/Transcript(ID=17691L,Language='DE')","uri":"https://ws.parlament.ch/OData.svc/Transcript(ID=17691L,Language='DE')","type":"itsystems.Pd.DataServices.DataModel.Transcript"},"Subjects":{"__deferred":{"uri":"https://ws.parlament.ch/OData.svc/Transcript(ID=17691L,Language='DE')/Subjects"}},"MembersCouncil":{"__deferred":{"uri":"https://ws.parlament.ch/OData.svc/Transcript(ID=17691L,Language='DE')/MembersCouncil"}},"Businesses":{"__deferred":{"uri":"https://ws.parlament.ch/OData.svc/Transcript(ID=17691L,Language='DE')/Businesses"}},"ID":"17691","Language":"DE","IdSubject":"3318","VoteId":null,"PersonNumber":367,"Type":1,"Text":"<pd_text><p>Zur Filmf\u00f6rderung: Ich verstehe das Votum von Herrn Pfister Theophil als Antrag, auf die H\u00f6he des Bundesrates zu gehen. Hier hat der St\u00e4nderat gesagt, was der Nationalrat tun k\u00f6nne, k\u00f6nne er auch, und er hat, wie wir bei den Auslandschweizerschulen, eine Mittelsumme vorgeschlagen, diesen Betrag von 20,845 Millionen Franken. Die Kommission will mehrheitlich diesem Beschluss des St\u00e4nderates folgen. Ich bitte Sie im Namen der Kommission, diesen 20,845 Millionen Franken zuzustimmen und damit diese Differenz auszur\u00e4umen.</p>\n<p>Wenn Sie diesem Antrag folgen, haben wir nur noch eine Differenz. Das ist eine gr\u00f6ssere, dieser Grundbedarf SBB, die 42 Millionen Franken, die der St\u00e4nderat aufgestockt hat. Heute Vormittag hat er stillschweigend und einstimmig an dieser Aufstockung festgehalten. Die Argumentation der Minderheit Zanetti haben Sie geh\u00f6rt: diese vier Punkte der mittelfristigen Leistungsvereinbarung, dann auch prim\u00e4r die Sicherheit, dann diese SBB-Kredite - diese wurden im St\u00e4nderat mit den Strassenbaukrediten verglichen. Auf die Finanzierung hat Herr Steiner hingewiesen. Schliesslich sind das aus der Sicht der Kantone wichtige Investitionen.</p>\n<p>Trotzdem hat die Mehrheit der Finanzkommission beschlossen, an ihrem Beschluss von gestern, vom 11. Dezember, festzuhalten und auf die H\u00f6he des Bundesrates, auf die 16 Millionen Franken, herunterzugehen. Zur Hauptsache sind es drei Gr\u00fcnde, die schon bei den Beratungen immer wieder ins Feld gef\u00fchrt worden sind:</p>\n<p>1. Gem\u00e4ss Auskunft von Bundespr\u00e4sident Villiger gestern in diesem Rat gen\u00fcgt der tiefere Betrag, um den mittelfristigen Leistungsauftrag zwischen Bundesrat und SBB zu erf\u00fcllen.</p>\n<p>2. Die SBB - das ist an der Kommissionssitzung gesagt worden - haben bei anderen Budgetpositionen im Rahmen der F\u00f6rderung des \u00f6ffentlichen Verkehrs namhafte Beitr\u00e4ge erhalten.</p>\n<p>3. Ganz generell haben wir uns bei der Ausgabensteigerung des Bundes an das Wachstum des Bruttoinlandproduktes zu halten. </p>\n<p>Noch eine Schlussbemerkung zum Verfahren bei dieser Differenzbereinigung: Falls in den beiden R\u00e4ten keine Einigung zustande kommt, findet morgen um 7 Uhr die Einigungskonferenz statt, in der 13 Nationalr\u00e4te und 13 St\u00e4nder\u00e4te einen Vorschlag ausarbeiten sollen. Dieser Vorschlag wird Ihnen anschliessend unterbreitet; es wird sich eventuell um eine Mittell\u00f6sung oder um eine andere L\u00f6sung handeln. Bei Nichteinigung gilt am Schluss bei zwei unterschiedlichen Zahlen der tiefere Betrag. </p>\n<p>Im Namen der Kommissionsmehrheit - das Abstimmungsergebnis lautete 14 zu 10 Stimmen - bitte ich Sie, Ihren Beschluss von gestern zu best\u00e4tigen und damit dem Entwurf des Bundesrates, also dem tieferen Betrag von 16 Millionen Franken, zuzustimmen.</p>\n</pd_text>","MeetingCouncilAbbreviation":"N","MeetingDate":"20011212","MeetingVerbalixOid":874,"IdSession":"4611","SpeakerFirstName":"Hans Werner","SpeakerLastName":"Widrig","SpeakerFullName":"Widrig Hans Werner","SpeakerFunction":"","CouncilId":1,"CouncilName":"Nationalrat","CantonId":17,"CantonName":"St. Gallen","CantonAbbreviation":"SG","ParlGroupName":"Christlichdemokratische Fraktion","ParlGroupAbbreviation":"M-E","SortOrder":10,"Start":"\/Date(1008169777416)\/","End":"\/Date(1008170005432)\/","Function":"*","DisplaySpeaker":true,"LanguageOfText":"DE","Modified":"\/Date(1774878207994)\/","StartTimeWithTimezone":"\/Date(1008169777417+0060)\/","EndTimeWithTimezone":"\/Date(1008170005433+0060)\/","VoteBusinessNumber":null,"VoteBusinessShortNumber":null,"VoteBusinessTitle":null},{"__metadata":{"id":"https://ws.parlament.ch/OData.svc/Transcript(ID=17692L,Language='DE')","uri":"https://ws.parlament.ch/OData.svc/Transcript(ID=17692L,Language='DE')","type":"itsystems.Pd.DataServices.DataModel.Transcript"},"Subjects":{"__deferred":{"uri":"https://ws.parlament.ch/OData.svc/Transcript(ID=17692L,Language='DE')/Subjects"}},"MembersCouncil":{"__deferred":{"uri":"https://ws.parlament.ch/OData.svc/Transcript(ID=17692L,Language='DE')/MembersCouncil"}},"Businesses":{"__deferred":{"uri":"https://ws.parlament.ch/OData.svc/Transcript(ID=17692L,Language='DE')/Businesses"}},"ID":"17692","Language":"DE","IdSubject":"3318","VoteId":null,"PersonNumber":351,"Type":1,"Text":"<pd_text><p>Quel cin\u00e9ma pour ce cin\u00e9ma! Apr\u00e8s avoir longtemps discut\u00e9 de 40 millions de francs, de 30 millions de francs, de 22 595 000 francs, le Conseil des Etats a d\u00e9cid\u00e9, dans sa sagesse, de couper la poire en deux et on est \u00e0 20 845 000 francs. Notre commission vous encourage \u00e0 suivre le Conseil des Etats et \u00e0 voter ces 20 845 000 francs, malgr\u00e9 la remarque de M. Pfister.</p>\n<p>Concernant l'Office f\u00e9d\u00e9ral des transports et ses investissements d'infrastructure, l\u00e0 aussi, je pourrais dire: Quel cin\u00e9ma, quel cin\u00e9ma! On a en face de nous des investissements \u00e0 faire. On a la proposition de la majorit\u00e9 qui, par 14 voix contre 10, nous demande de maintenir notre position et de suivre le Conseil f\u00e9d\u00e9ral, ceci malgr\u00e9 une d\u00e9cision du Conseil des Etats, par 34 voix contre 7, et d'une ancienne d\u00e9cision de notre Conseil, par 86 voix contre 70. Donc, vous voyez que l\u00e0 aussi, nous \u00e9tions tr\u00e8s pr\u00e8s.</p>\n<p>Je vous prierai, au nom de la commission comme je dois le faire, de suivre sa majorit\u00e9 et de vous rallier au projet du Conseil f\u00e9d\u00e9ral, alors que personnellement je ne partage pas cette opinion et que personnellement, aussi, je vais voter le contraire puisque j'estime que l\u00e0, au vu de toutes les explications donn\u00e9es, au vu des forces en pr\u00e9sence, nous pouvons nous rallier, facilement et sans grandes difficult\u00e9s de conscience, \u00e0 la d\u00e9cision du Conseil des Etats.</p>\n</pd_text>","MeetingCouncilAbbreviation":"N","MeetingDate":"20011212","MeetingVerbalixOid":874,"IdSession":"4611","SpeakerFirstName":"Marcel","SpeakerLastName":"Sandoz","SpeakerFullName":"Sandoz Marcel","SpeakerFunction":"","CouncilId":1,"CouncilName":"Nationalrat","CantonId":22,"CantonName":"Waadt","CantonAbbreviation":"VD","ParlGroupName":"Freisinnig-demokratische Fraktion","ParlGroupAbbreviation":"RL","SortOrder":11,"Start":"\/Date(1008170005432)\/","End":"\/Date(1008170134907)\/","Function":"*","DisplaySpeaker":true,"LanguageOfText":"FR","Modified":"\/Date(1774878207996)\/","StartTimeWithTimezone":"\/Date(1008170005433+0060)\/","EndTimeWithTimezone":"\/Date(1008170134907+0060)\/","VoteBusinessNumber":null,"VoteBusinessShortNumber":null,"VoteBusinessTitle":null},{"__metadata":{"id":"https://ws.parlament.ch/OData.svc/Transcript(ID=17693L,Language='DE')","uri":"https://ws.parlament.ch/OData.svc/Transcript(ID=17693L,Language='DE')","type":"itsystems.Pd.DataServices.DataModel.Transcript"},"Subjects":{"__deferred":{"uri":"https://ws.parlament.ch/OData.svc/Transcript(ID=17693L,Language='DE')/Subjects"}},"MembersCouncil":{"__deferred":{"uri":"https://ws.parlament.ch/OData.svc/Transcript(ID=17693L,Language='DE')/MembersCouncil"}},"Businesses":{"__deferred":{"uri":"https://ws.parlament.ch/OData.svc/Transcript(ID=17693L,Language='DE')/Businesses"}},"ID":"17693","Language":"DE","IdSubject":"3318","VoteId":null,"PersonNumber":341,"Type":1,"Text":"<pd_text><p><b>Departement des Innern - D\u00e9partement de l'int\u00e9rieur</b></p>\n<p>[VS]</p>\n<p><i>306 Bundesamt f\u00fcr Kultur </i></p>\n<p><i>306 Office f\u00e9d\u00e9ral de la culture </i></p>\n<p>[VS]</p>\n<p><i>Antrag der Kommission</i></p>\n<p>3600.151 Filmf\u00f6rderung </p>\n<p>Zustimmung zum Beschluss des St\u00e4nderates</p>\n<p>[VS]</p>\n<p><i>Antrag Pfister Theophil</i></p>\n<p>3600.151 Filmf\u00f6rderung </p>\n<p>Zustimmung zum Entwurf des Bundesrates</p>\n<p>[VS]</p>\n<p><i>Proposition de la commission</i></p>\n<p>3600.151 Encouragement du cin\u00e9ma </p>\n<p>Adh\u00e9rer \u00e0 la d\u00e9cision du Conseil des Etats</p>\n<p>[VS]</p>\n<p><i>Proposition Pfister Theophil</i></p>\n<p>3600.151 Encouragement du cin\u00e9ma </p>\n<p>Adh\u00e9rer au projet du Conseil f\u00e9d\u00e9ral</p>\n<p>[VS]</p>\n<p><i>Abstimmung - Vote</i></p>\n<p>F\u00fcr den Antrag der Kommission .... 120 Stimmen</p>\n<p>F\u00fcr den Antrag Pfister Theophil .... 37 Stimmen</p>\n<p>[VS]</p>\n<p>[VS]</p>\n<p><b>Departement f\u00fcr Umwelt, Verkehr, Energie und Kommunikation</b></p>\n<p><b>D\u00e9partement de l'environnement, des transports, de l'\u00e9nergie et de la communication</b></p>\n<p>[VS]</p>\n<p><i>802 Bundesamt f\u00fcr Verkehr</i></p>\n<p><i>802 Office f\u00e9d\u00e9ral des transports </i></p>\n<p>[VS]</p>\n<p><i>Antrag der Kommission</i></p>\n<p>4200.002 Infrastrukturinvestitionen Grundbedarf SBB </p>\n<p><i>Mehrheit</i></p>\n<p>Festhalten </p>\n<p><i>Minderheit</i></p>\n<p>(Zanetti, Abate, Dormond Marlyse, F\u00e4ssler, Hofmann Urs, Maillard, Marti Werner, Mugny, Sandoz, Studer Heiner)</p>\n<p>Zustimmung zum Beschluss des St\u00e4nderates</p>\n<p>[VS]</p>\n<p><i>Proposition de la commission</i></p>\n<p>4200.002 Investissements d'infrastructure, besoins de base des CFF </p>\n<p><i>Majorit\u00e9</i></p>\n<p>Maintenir </p>\n<p><i>[PAGE 1878] Minorit\u00e9</i></p>\n<p>(Zanetti, Abate, Dormond Marlyse, F\u00e4ssler, Hofmann Urs, Maillard, Marti Werner, Mugny, Sandoz, Studer Heiner)</p>\n<p>Adh\u00e9rer \u00e0 la d\u00e9cision du Conseil des Etats</p>\n</pd_text>","MeetingCouncilAbbreviation":"N","MeetingDate":"20011212","MeetingVerbalixOid":874,"IdSession":"4611","SpeakerFirstName":"Liliane","SpeakerLastName":"Maury Pasquier","SpeakerFullName":"Maury Pasquier Liliane","SpeakerFunction":"P-F","CouncilId":1,"CouncilName":"Nationalrat","CantonId":25,"CantonName":"Genf","CantonAbbreviation":"GE","ParlGroupName":"Sozialdemokratische Fraktion","ParlGroupAbbreviation":"S","SortOrder":12,"Start":"\/Date(1008170134907)\/","End":"\/Date(1008170311454)\/","Function":"","DisplaySpeaker":false,"LanguageOfText":null,"Modified":"\/Date(1774878207997)\/","StartTimeWithTimezone":"\/Date(1008170134907+0060)\/","EndTimeWithTimezone":"\/Date(1008170311453+0060)\/","VoteBusinessNumber":null,"VoteBusinessShortNumber":null,"VoteBusinessTitle":null}]},"ID":"3318","Language":"DE","IdMeeting":"237","VerbalixOid":45312,"SortOrder":1,"Modified":"\/Date(1447069775380)\/"}}