{"d":{"__metadata":{"id":"https://ws.parlament.ch/OData.svc/Subject(ID=3323L,Language='DE')","uri":"https://ws.parlament.ch/OData.svc/Subject(ID=3323L,Language='DE')","type":"itsystems.Pd.DataServices.DataModel.Subject"},"Meetings":{"__metadata":{"id":"https://ws.parlament.ch/OData.svc/Meeting(ID=238L,Language='DE')","uri":"https://ws.parlament.ch/OData.svc/Meeting(ID=238L,Language='DE')","type":"itsystems.Pd.DataServices.DataModel.Meeting"},"Sessions":{"__deferred":{"uri":"https://ws.parlament.ch/OData.svc/Meeting(ID=238L,Language='DE')/Sessions"}},"Subjects":{"__deferred":{"uri":"https://ws.parlament.ch/OData.svc/Meeting(ID=238L,Language='DE')/Subjects"}},"ID":"238","Language":"DE","MeetingNumber":13,"IdSession":4611,"SessionNumber":11,"SessionName":"Wintersession 2001","Council":1,"CouncilName":"Nationalrat","CouncilAbbreviation":"NR","Date":"\/Date(1008201600000)\/","Begin":"0800","Modified":"\/Date(1447069775760)\/","LegislativePeriodNumber":46,"PublicationStatus":"final","MeetingOrderText":"Dreizehnte Sitzung","SortOrder":13,"Location":"N"},"SubjectsBusiness":{"results":[{"__metadata":{"id":"https://ws.parlament.ch/OData.svc/SubjectBusiness(BusinessNumber=20010456,IdSubject=3323L,Language='DE')","uri":"https://ws.parlament.ch/OData.svc/SubjectBusiness(BusinessNumber=20010456,IdSubject=3323L,Language='DE')","type":"itsystems.Pd.DataServices.DataModel.SubjectBusiness"},"Subjects":{"__deferred":{"uri":"https://ws.parlament.ch/OData.svc/SubjectBusiness(BusinessNumber=20010456,IdSubject=3323L,Language='DE')/Subjects"}},"Businesses":{"__deferred":{"uri":"https://ws.parlament.ch/OData.svc/SubjectBusiness(BusinessNumber=20010456,IdSubject=3323L,Language='DE')/Businesses"}},"IdSubject":"3323","BusinessNumber":20010456,"Language":"DE","BusinessShortNumber":"01.456","Title":"Bundesbeschluss \u00fcber die Parlamentsdienste. \u00c4nderungen","SortOrder":1,"PublishedNotes":"Zweitrat - Deuxi\u00e8me Conseil\n","Modified":"\/Date(1447069147490)\/","TitleDE":"Parlamentarische Initiative\nB\u00fcro-NR/B\u00fcro-SR.\nBundesbeschluss\n\u00fcber die Parlamentsdienste.\n\u00c4nderungen","TitleFR":"Initiative parlementaire\nBureau-CN/Bureau-CE.\nArr\u00eat\u00e9 f\u00e9d\u00e9ral\nsur les Services du Parlement.\nModifications","TitleIT":null}]},"Transcripts":{"results":[{"__metadata":{"id":"https://ws.parlament.ch/OData.svc/Transcript(ID=17745L,Language='DE')","uri":"https://ws.parlament.ch/OData.svc/Transcript(ID=17745L,Language='DE')","type":"itsystems.Pd.DataServices.DataModel.Transcript"},"Subjects":{"__deferred":{"uri":"https://ws.parlament.ch/OData.svc/Transcript(ID=17745L,Language='DE')/Subjects"}},"MembersCouncil":{"__deferred":{"uri":"https://ws.parlament.ch/OData.svc/Transcript(ID=17745L,Language='DE')/MembersCouncil"}},"Businesses":{"__deferred":{"uri":"https://ws.parlament.ch/OData.svc/Transcript(ID=17745L,Language='DE')/Businesses"}},"ID":"17745","Language":"DE","IdSubject":"3323","VoteId":"1914","PersonNumber":null,"Type":2,"Text":"<pd_text><p><i>Gesamtabstimmung - Vote sur l'ensemble</i></p>\n<p>[NAM]</p>\n<p>F\u00fcr Annahme des Entwurfes .... 101 Stimmen</p>\n<p>(Einstimmigkeit)</p>\n</pd_text>","MeetingCouncilAbbreviation":"N","MeetingDate":"20011213","MeetingVerbalixOid":875,"IdSession":"4611","SpeakerFirstName":null,"SpeakerLastName":null,"SpeakerFullName":"","SpeakerFunction":null,"CouncilId":null,"CouncilName":null,"CantonId":null,"CantonName":null,"CantonAbbreviation":null,"ParlGroupName":null,"ParlGroupAbbreviation":null,"SortOrder":4,"Start":"\/Date(1008231010313)\/","End":"\/Date(1008231072188)\/","Function":null,"DisplaySpeaker":null,"LanguageOfText":"DE","Modified":"\/Date(1774878208669)\/","StartTimeWithTimezone":"\/Date(1008231010313+0060)\/","EndTimeWithTimezone":"\/Date(1008231072187+0060)\/","VoteBusinessNumber":20010456,"VoteBusinessShortNumber":"01.456","VoteBusinessTitle":"Parlamentarische Initiative\nB\u00fcro-NR/B\u00fcro-SR.\nBundesbeschluss\n\u00fcber die Parlamentsdienste.\n\u00c4nderungen"},{"__metadata":{"id":"https://ws.parlament.ch/OData.svc/Transcript(ID=17746L,Language='DE')","uri":"https://ws.parlament.ch/OData.svc/Transcript(ID=17746L,Language='DE')","type":"itsystems.Pd.DataServices.DataModel.Transcript"},"Subjects":{"__deferred":{"uri":"https://ws.parlament.ch/OData.svc/Transcript(ID=17746L,Language='DE')/Subjects"}},"MembersCouncil":{"__deferred":{"uri":"https://ws.parlament.ch/OData.svc/Transcript(ID=17746L,Language='DE')/MembersCouncil"}},"Businesses":{"__deferred":{"uri":"https://ws.parlament.ch/OData.svc/Transcript(ID=17746L,Language='DE')/Businesses"}},"ID":"17746","Language":"DE","IdSubject":"3323","VoteId":null,"PersonNumber":311,"Type":1,"Text":"<pd_text><p><i>Eintreten wird ohne Gegenantrag beschlossen</i></p>\n<p><i>L'entr\u00e9e en mati\u00e8re est d\u00e9cid\u00e9e sans opposition</i></p>\n<p>[VS] [PAGE 1920] </p>\n<p><b>Verordnung der Bundesversammlung betreffend die Anpassungen des Bundesbeschlusses \u00fcber die Parlamentsdienste an das neue Bundespersonalgesetz </b></p>\n<p><b>Ordonnance de l'Assembl\u00e9e f\u00e9d\u00e9rale portant adaptation de l'arr\u00eat\u00e9 f\u00e9d\u00e9ral sur les Services du Parlement \u00e0 la loi f\u00e9d\u00e9rale sur le personnel de la Conf\u00e9d\u00e9ration </b></p>\n<p>[VS]</p>\n<p><i>Detailberatung - Examen de d\u00e9tail</i></p>\n<p>[VS]</p>\n<p><b>Titel und Ingress, Ziff. I, II</b></p>\n<p><i>Antrag des B\u00fcros</i></p>\n<p>Zustimmung zum Beschluss des St\u00e4nderates</p>\n<p>[VS]</p>\n<p><b>Titre et pr\u00e9ambule, ch. I, II</b></p>\n<p><i>Proposition du Bureau</i></p>\n<p>Adh\u00e9rer \u00e0 la d\u00e9cision du Conseil des Etats</p>\n<p>[VS]</p>\n<p><i>Angenommen - Adopt\u00e9</i></p>\n</pd_text>","MeetingCouncilAbbreviation":"N","MeetingDate":"20011213","MeetingVerbalixOid":875,"IdSession":"4611","SpeakerFirstName":"Yves","SpeakerLastName":"Christen","SpeakerFullName":"Christen Yves","SpeakerFunction":"1VP-M","CouncilId":1,"CouncilName":"Nationalrat","CantonId":22,"CantonName":"Waadt","CantonAbbreviation":"VD","ParlGroupName":"Freisinnig-demokratische Fraktion","ParlGroupAbbreviation":"RL","SortOrder":3,"Start":"\/Date(1008230867782)\/","End":"\/Date(1008231010313)\/","Function":"","DisplaySpeaker":false,"LanguageOfText":null,"Modified":"\/Date(1774878208667)\/","StartTimeWithTimezone":"\/Date(1008230867783+0060)\/","EndTimeWithTimezone":"\/Date(1008231010313+0060)\/","VoteBusinessNumber":null,"VoteBusinessShortNumber":null,"VoteBusinessTitle":null},{"__metadata":{"id":"https://ws.parlament.ch/OData.svc/Transcript(ID=17747L,Language='DE')","uri":"https://ws.parlament.ch/OData.svc/Transcript(ID=17747L,Language='DE')","type":"itsystems.Pd.DataServices.DataModel.Transcript"},"Subjects":{"__deferred":{"uri":"https://ws.parlament.ch/OData.svc/Transcript(ID=17747L,Language='DE')/Subjects"}},"MembersCouncil":{"__deferred":{"uri":"https://ws.parlament.ch/OData.svc/Transcript(ID=17747L,Language='DE')/MembersCouncil"}},"Businesses":{"__deferred":{"uri":"https://ws.parlament.ch/OData.svc/Transcript(ID=17747L,Language='DE')/Businesses"}},"ID":"17747","Language":"DE","IdSubject":"3323","VoteId":null,"PersonNumber":226,"Type":1,"Text":"<pd_text><p>Am 1. Januar 2002, also in einigen Tagen, treten das Bundespersonalgesetz und die Bundespersonalverordnung in Kraft, welche grunds\u00e4tzlich auch f\u00fcr das Personal der Parlamentsdienste gelten. Im Zusammenhang mit der Umsetzung des neuen Bundespersonalrechtes bei den Parlamentsdiensten sind aber einige Bestimmungen des Bundesbeschlusses vom 7. Oktober 1988 \u00fcber die Parlamentsdienste anzupassen.</p>\n<p>Die oberste Leitung der Verwaltungsangelegenheiten der Bundesversammlung obliegt der Verwaltungsdelegation. Diese hat darum einen entsprechenden Vorschlag in Form identischer Parlamentarischer Initiativen beider Ratsb\u00fcros erarbeiten lassen. Beide Ratsb\u00fcros haben an ihren Sitzungen vom 9. November 2001 den Bericht dazu beraten. Sie beantragen \u00fcbereinstimmend, dem Entwurf zuzustimmen. Der St\u00e4nderat hat diese Vorlage bereits behandelt.</p>\n<p>Worum geht es? Es handelt sich einerseits um begriffliche Anpassungen an die Terminologie des neuen Bundespersonalrechtes, andererseits gilt es, die Zust\u00e4ndigkeiten im Bereich der Arbeitsverh\u00e4ltnisse bei den Parlamentsdiensten eindeutig zu regeln. Die wichtigsten einzelnen Bestimmungen betreffen die Wahl der Generalsekret\u00e4rin auf Amtsdauer, die Zust\u00e4ndigkeit f\u00fcr die Wahrnehmung der Arbeitgeberbefugnisse beim Personal der Parlamentsdienste und die Einschr\u00e4nkung des Streikrechtes der Mitarbeitenden der Parlamentsdienste.</p>\n<p>Die Bundesversammlung kann festlegen, welches Personal bei den Parlamentsdiensten auf Amtsdauer gew\u00e4hlt wird. Das Bundespersonalgesetz sieht die Amtsdauerwahl nur als Ausnahme vor. Grunds\u00e4tzlich wird das Personal unbefristet mit schriftlichem Arbeitsvertrag angestellt. Gem\u00e4ss Gesch\u00e4ftsverkehrsgesetz wird der Generalsekret\u00e4r oder die Generalsekret\u00e4rin durch die Koordinationskonferenz gew\u00e4hlt. Die Wahl bedarf dann der Best\u00e4tigung durch die Bundesversammlung. Das Best\u00e4tigungserfordernis hat zur Folge, dass eine Wahl auf Amtsdauer erfolgen muss. Neben dem Generalsekret\u00e4r oder der Generalsekret\u00e4rin dr\u00e4ngt sich bei den Parlamentsdiensten kein weiteres Personal f\u00fcr eine Anstellung auf Amtsdauer auf.</p>\n<p>F\u00fcr die Ausgestaltung des Arbeitsverh\u00e4ltnisses des Generalsekret\u00e4rs oder der Generalsekret\u00e4rin gelten die Bestimmungen der Bundespersonalverordnung und - auch ohne ausdr\u00fcckliche Erw\u00e4hnung - der Amtsdauerverordnung. Diese sieht vor, dass sich die Anstellung bei Ablauf der Amtsdauer stillschweigend f\u00fcr eine weitere Amtsdauer erneuert, wenn keine K\u00fcndigung erfolgt. Auf eine Best\u00e4tigung der Wiederwahl wird verzichtet.</p>\n<p>Die Verwaltungsdelegation ist wie bisher zust\u00e4ndig f\u00fcr die Begr\u00fcndung, \u00c4nderung und Beendigung der Arbeitsverh\u00e4ltnisse der stellvertretenden Generalsekret\u00e4re, des Sekret\u00e4rs des St\u00e4nderates, des Sekret\u00e4rs der Gesch\u00e4ftspr\u00fcfungskommissionen und der Gesch\u00e4ftspr\u00fcfungsdelegation sowie des Sekret\u00e4rs der Finanzkommissionen und der Finanzdelegation.</p>\n<p>Zur Ausgestaltung eines Arbeitsverh\u00e4ltnisses geh\u00f6rt selbstverst\u00e4ndlich auch die Festsetzung des Lohnes. Die Parlamentsdienste als Arbeitgeber werden nicht v\u00f6llig andere Stellenbewertungen vornehmen als in der \u00fcbrigen Bundesverwaltung \u00fcblich. Im Gegenteil: Die Verordnung sieht vor, dass die Richtlinien des Bundes bei den Bewertungskriterien sinngem\u00e4ss anzuwenden sind.</p>\n<p>Die Frage des Streikrechtes gab im B\u00fcro zu reden. Die neue Bundesverfassung erkl\u00e4rt Streik grunds\u00e4tzlich f\u00fcr zul\u00e4ssig, allerdings kann die Aus\u00fcbung dieses Rechtes bestimmten Kategorien von Personen gesetzlich verboten werden. Das Bundespersonalgesetz sieht in Artikel 24 Absatz 1 die M\u00f6glichkeit vor, im Zusammenhang mit der Staatssicherheit und der Wahrung von wichtigen Interessen in ausw\u00e4rtigen Angelegenheiten oder der Sicherstellung der Landesversorgung mit lebensnotwendigen G\u00fctern und Dienstleistungen f\u00fcr bestimmte Kategorien von Angestellten das Streikrecht zu beschr\u00e4nken oder aufzuheben. Bundesrat und Bundesgericht bezeichnen in ihren Personalverordnungen entsprechende Kategorien von Angestellten, deren Streikrecht zugunsten der Funktionsf\u00e4higkeit der entsprechenden Beh\u00f6rde eingeschr\u00e4nkt bzw. aufgehoben wird.</p>\n<p>Entsprechend liegt es in der Verantwortung der Bundesversammlung, in ihrem Bereich jenen Mitarbeitenden der Parlamentsdienste das Streiken zu untersagen, welche wesentliche Aufgaben f\u00fcr die Sicherstellung der Funktionsf\u00e4higkeit des Kommissions- und Sessionsbetriebes der eidgen\u00f6ssischen R\u00e4te im Zusammenhang mit den im Bundespersonalgesetz bezeichneten Staatszielen wahrnehmen. Da in den verschiedenen Situationen ganz unterschiedliche Dienste betroffen w\u00e4ren und darum eine klare Zuordnung a priori nicht m\u00f6glich w\u00e4re, l\u00e4ge es im konkreten Fall am Beauftragten der Verwaltungsdelegation, die Personen zu bezeichnen, denen die Aus\u00fcbung des Streikrechtes untersagt wird.</p>\n<p>Das sind die wichtigsten Neuerungen und Anpassungen.</p>\n<p>Ich beantrage Ihnen im Namen des B\u00fcros Zustimmung zur vorliegenden \u00c4nderung des Bundesbeschlusses \u00fcber die Parlamentsdienste.</p>\n</pd_text>","MeetingCouncilAbbreviation":"N","MeetingDate":"20011213","MeetingVerbalixOid":875,"IdSession":"4611","SpeakerFirstName":"Karl","SpeakerLastName":"Tschuppert","SpeakerFullName":"Tschuppert Karl","SpeakerFunction":"","CouncilId":1,"CouncilName":"Nationalrat","CantonId":3,"CantonName":"Luzern","CantonAbbreviation":"LU","ParlGroupName":"Freisinnig-demokratische Fraktion","ParlGroupAbbreviation":"RL","SortOrder":2,"Start":"\/Date(1008230483751)\/","End":"\/Date(1008230867782)\/","Function":"B","DisplaySpeaker":true,"LanguageOfText":"DE","Modified":"\/Date(1774878208665)\/","StartTimeWithTimezone":"\/Date(1008230483750+0060)\/","EndTimeWithTimezone":"\/Date(1008230867783+0060)\/","VoteBusinessNumber":null,"VoteBusinessShortNumber":null,"VoteBusinessTitle":null},{"__metadata":{"id":"https://ws.parlament.ch/OData.svc/Transcript(ID=17748L,Language='DE')","uri":"https://ws.parlament.ch/OData.svc/Transcript(ID=17748L,Language='DE')","type":"itsystems.Pd.DataServices.DataModel.Transcript"},"Subjects":{"__deferred":{"uri":"https://ws.parlament.ch/OData.svc/Transcript(ID=17748L,Language='DE')/Subjects"}},"MembersCouncil":{"__deferred":{"uri":"https://ws.parlament.ch/OData.svc/Transcript(ID=17748L,Language='DE')/MembersCouncil"}},"Businesses":{"__deferred":{"uri":"https://ws.parlament.ch/OData.svc/Transcript(ID=17748L,Language='DE')/Businesses"}},"ID":"17748","Language":"DE","IdSubject":"3323","VoteId":null,"PersonNumber":311,"Type":1,"Text":"<pd_text><p>Le Bureau du Conseil national et le Bureau du Conseil des Etats proposent dans leur rapport \u00e9crit d'approuver le projet.</p>\n</pd_text>","MeetingCouncilAbbreviation":"N","MeetingDate":"20011213","MeetingVerbalixOid":875,"IdSession":"4611","SpeakerFirstName":"Yves","SpeakerLastName":"Christen","SpeakerFullName":"Christen Yves","SpeakerFunction":"1VP-M","CouncilId":1,"CouncilName":"Nationalrat","CantonId":22,"CantonName":"Waadt","CantonAbbreviation":"VD","ParlGroupName":"Freisinnig-demokratische Fraktion","ParlGroupAbbreviation":"RL","SortOrder":1,"Start":"\/Date(1008230435438)\/","End":"\/Date(1008230483751)\/","Function":"","DisplaySpeaker":true,"LanguageOfText":"FR","Modified":"\/Date(1774878208660)\/","StartTimeWithTimezone":"\/Date(1008230435437+0060)\/","EndTimeWithTimezone":"\/Date(1008230483750+0060)\/","VoteBusinessNumber":null,"VoteBusinessShortNumber":null,"VoteBusinessTitle":null}]},"ID":"3323","Language":"DE","IdMeeting":"238","VerbalixOid":45588,"SortOrder":1,"Modified":"\/Date(1447069775760)\/"}}