{"d":{"__metadata":{"id":"https://ws.parlament.ch/OData.svc/Subject(ID=33352L,Language='DE')","uri":"https://ws.parlament.ch/OData.svc/Subject(ID=33352L,Language='DE')","type":"itsystems.Pd.DataServices.DataModel.Subject"},"Meetings":{"__metadata":{"id":"https://ws.parlament.ch/OData.svc/Meeting(ID=1954L,Language='DE')","uri":"https://ws.parlament.ch/OData.svc/Meeting(ID=1954L,Language='DE')","type":"itsystems.Pd.DataServices.DataModel.Meeting"},"Sessions":{"__deferred":{"uri":"https://ws.parlament.ch/OData.svc/Meeting(ID=1954L,Language='DE')/Sessions"}},"Subjects":{"__deferred":{"uri":"https://ws.parlament.ch/OData.svc/Meeting(ID=1954L,Language='DE')/Subjects"}},"ID":"1954","Language":"DE","MeetingNumber":6,"IdSession":4705,"SessionNumber":5,"SessionName":"Herbstsession 2004","Council":1,"CouncilName":"Nationalrat","CouncilAbbreviation":"NR","Date":"\/Date(1096243200000)\/","Begin":"1430","Modified":"\/Date(1447070447110)\/","LegislativePeriodNumber":47,"PublicationStatus":"final","MeetingOrderText":"Sechste Sitzung","SortOrder":6,"Location":"N"},"SubjectsBusiness":{"results":[{"__metadata":{"id":"https://ws.parlament.ch/OData.svc/SubjectBusiness(BusinessNumber=20040010,IdSubject=33352L,Language='DE')","uri":"https://ws.parlament.ch/OData.svc/SubjectBusiness(BusinessNumber=20040010,IdSubject=33352L,Language='DE')","type":"itsystems.Pd.DataServices.DataModel.SubjectBusiness"},"Subjects":{"__deferred":{"uri":"https://ws.parlament.ch/OData.svc/SubjectBusiness(BusinessNumber=20040010,IdSubject=33352L,Language='DE')/Subjects"}},"Businesses":{"__deferred":{"uri":"https://ws.parlament.ch/OData.svc/SubjectBusiness(BusinessNumber=20040010,IdSubject=33352L,Language='DE')/Businesses"}},"IdSubject":"33352","BusinessNumber":20040010,"Language":"DE","BusinessShortNumber":"04.010","Title":"Vernehmlassungsgesetz","SortOrder":1,"PublishedNotes":"Zweitrat - Deuxi\u00e8me Conseil\n","Modified":"\/Date(1447069232686)\/","TitleDE":"Vernehmlassungsgesetz","TitleFR":"Loi sur la proc\u00e9dure de consultation","TitleIT":null}]},"Transcripts":{"results":[{"__metadata":{"id":"https://ws.parlament.ch/OData.svc/Transcript(ID=181894L,Language='DE')","uri":"https://ws.parlament.ch/OData.svc/Transcript(ID=181894L,Language='DE')","type":"itsystems.Pd.DataServices.DataModel.Transcript"},"Subjects":{"__deferred":{"uri":"https://ws.parlament.ch/OData.svc/Transcript(ID=181894L,Language='DE')/Subjects"}},"MembersCouncil":{"__deferred":{"uri":"https://ws.parlament.ch/OData.svc/Transcript(ID=181894L,Language='DE')/MembersCouncil"}},"Businesses":{"__deferred":{"uri":"https://ws.parlament.ch/OData.svc/Transcript(ID=181894L,Language='DE')/Businesses"}},"ID":"181894","Language":"DE","IdSubject":"33352","VoteId":"1300","PersonNumber":null,"Type":2,"Text":"<pd_text><p><i>Gesamtabstimmung - Vote sur l'ensemble</i></p>\n<p>[NAM]</p>\n<p>F\u00fcr Annahme des Entwurfes .... 126 Stimmen</p>\n<p>(Einstimmigkeit)</p>\n<p>[VS]</p>\n<p>[VS]</p>\n<p><i>Abschreibung - Classement</i></p>\n<p>[VS]</p>\n<p><i>Antrag des Bundesrates</i></p>\n<p>Abschreiben der parlamentarischen Vorst\u00f6sse</p>\n<p>gem\u00e4ss Brief an die eidgen\u00f6ssischen R\u00e4te</p>\n<p><i>Proposition du Conseil f\u00e9d\u00e9ral</i></p>\n<p>Classer les interventions parlementaires</p>\n<p>selon lettre aux Chambres f\u00e9d\u00e9rales</p>\n<p>[VS]</p>\n<p><i>Angenommen - Adopt\u00e9</i></p>\n</pd_text>","MeetingCouncilAbbreviation":"N","MeetingDate":"20040927","MeetingVerbalixOid":1217,"IdSession":"4705","SpeakerFirstName":null,"SpeakerLastName":null,"SpeakerFullName":"","SpeakerFunction":null,"CouncilId":null,"CouncilName":null,"CantonId":null,"CantonName":null,"CantonAbbreviation":null,"ParlGroupName":null,"ParlGroupAbbreviation":null,"SortOrder":19,"Start":"\/Date(1096304610406)\/","End":"\/Date(1096304633888)\/","Function":null,"DisplaySpeaker":null,"LanguageOfText":"DE","Modified":"\/Date(1774878068491)\/","StartTimeWithTimezone":"\/Date(1096304610407+0120)\/","EndTimeWithTimezone":"\/Date(1096304633887+0120)\/","VoteBusinessNumber":20040010,"VoteBusinessShortNumber":"04.010","VoteBusinessTitle":"Vernehmlassungsgesetz"},{"__metadata":{"id":"https://ws.parlament.ch/OData.svc/Transcript(ID=181895L,Language='DE')","uri":"https://ws.parlament.ch/OData.svc/Transcript(ID=181895L,Language='DE')","type":"itsystems.Pd.DataServices.DataModel.Transcript"},"Subjects":{"__deferred":{"uri":"https://ws.parlament.ch/OData.svc/Transcript(ID=181895L,Language='DE')/Subjects"}},"MembersCouncil":{"__deferred":{"uri":"https://ws.parlament.ch/OData.svc/Transcript(ID=181895L,Language='DE')/MembersCouncil"}},"Businesses":{"__deferred":{"uri":"https://ws.parlament.ch/OData.svc/Transcript(ID=181895L,Language='DE')/Businesses"}},"ID":"181895","Language":"DE","IdSubject":"33352","VoteId":null,"PersonNumber":138,"Type":1,"Text":"<pd_text><p><i>Abstimmung - Vote</i></p>\n<p>F\u00fcr den Antrag Parmelin .... 80 Stimmen</p>\n<p>F\u00fcr den Antrag der Kommission .... 29 Stimmen</p>\n<p>[VS]</p>\n<p><i>\u00dcbrige Bestimmungen angenommen</i></p>\n<p><i>Les autres dispositions sont adopt\u00e9es</i></p>\n<p>[VS]</p>\n<p><b>Art. 8</b></p>\n<p><i>Antrag der Kommission</i></p>\n<p>Zustimmung zum Beschluss des St\u00e4nderates</p>\n<p><i>Proposition de la commission</i></p>\n<p>Adh\u00e9rer \u00e0 la d\u00e9cision du Conseil des Etats</p>\n<p>[VS]</p>\n<p><i>Angenommen - Adopt\u00e9</i></p>\n<p>[VS]</p>\n<p><b>Art. 9</b></p>\n<p><i>Antrag der Kommission</i></p>\n<p><i>Abs. 1</i></p>\n<p>\u00d6ffentlich zug\u00e4nglich sind:</p>\n<p>a. die Vernehmlassungsunterlagen;</p>\n<p>b. nach Ablauf der Vernehmlassungsfrist die Stellungnahmen und die Protokolle von konferenziellen Vernehmlassungsverfahren;</p>\n<p>c. nach der Kenntnisnahme durch den Bundesrat die Zusammenstellung der Vernehmlassungsergebnisse.</p>\n<p><i>Abs. 2, 3</i></p>\n<p>Zustimmung zum Beschluss des St\u00e4nderates</p>\n<p>[VS]</p>\n<p><b>Art. 9</b></p>\n<p><i>Proposition de la commission</i></p>\n<p><i>Al. 1</i></p>\n<p>Sont publics:</p>\n<p>a. le dossier envoy\u00e9 en consultation;</p>\n<p>b. apr\u00e8s expiration du d\u00e9lai de consultation, les avis exprim\u00e9s et le proc\u00e8s-verbal des consultations men\u00e9es sous forme de conf\u00e9rence;</p>\n<p>c. le rapport rendant compte des r\u00e9sultats de la consultation, apr\u00e8s la prise de connaissance par le Conseil f\u00e9d\u00e9ral.</p>\n<p><i>Al. 2, 3</i></p>\n<p>Adh\u00e9rer \u00e0 la d\u00e9cision du Conseil des Etats</p>\n<p>[VS]</p>\n<p><i>Angenommen - Adopt\u00e9</i></p>\n<p>[VS]</p>\n<p><b>Art. 10-13</b></p>\n<p><i>Antrag der Kommission</i></p>\n<p>Zustimmung zum Beschluss des St\u00e4nderates</p>\n<p><i>Proposition de la commission</i></p>\n<p>Adh\u00e9rer \u00e0 la d\u00e9cision du Conseil des Etats</p>\n<p>[VS]</p>\n<p><i>Angenommen - Adopt\u00e9</i></p>\n<p>[PAGE 1415] </p>\n</pd_text>","MeetingCouncilAbbreviation":"N","MeetingDate":"20040927","MeetingVerbalixOid":1217,"IdSession":"4705","SpeakerFirstName":"Jean-Philippe","SpeakerLastName":"Maitre","SpeakerFullName":"Maitre Jean-Philippe","SpeakerFunction":"1VP-M","CouncilId":1,"CouncilName":"Nationalrat","CantonId":25,"CantonName":"Genf","CantonAbbreviation":"GE","ParlGroupName":"Christlichdemokratische Fraktion","ParlGroupAbbreviation":"M-E","SortOrder":18,"Start":"\/Date(1096304406824)\/","End":"\/Date(1096304610406)\/","Function":"1VP-M","DisplaySpeaker":false,"LanguageOfText":null,"Modified":"\/Date(1774878068488)\/","StartTimeWithTimezone":"\/Date(1096304406823+0120)\/","EndTimeWithTimezone":"\/Date(1096304610407+0120)\/","VoteBusinessNumber":null,"VoteBusinessShortNumber":null,"VoteBusinessTitle":null},{"__metadata":{"id":"https://ws.parlament.ch/OData.svc/Transcript(ID=181896L,Language='DE')","uri":"https://ws.parlament.ch/OData.svc/Transcript(ID=181896L,Language='DE')","type":"itsystems.Pd.DataServices.DataModel.Transcript"},"Subjects":{"__deferred":{"uri":"https://ws.parlament.ch/OData.svc/Transcript(ID=181896L,Language='DE')/Subjects"}},"MembersCouncil":{"__deferred":{"uri":"https://ws.parlament.ch/OData.svc/Transcript(ID=181896L,Language='DE')/MembersCouncil"}},"Businesses":{"__deferred":{"uri":"https://ws.parlament.ch/OData.svc/Transcript(ID=181896L,Language='DE')/Businesses"}},"ID":"181896","Language":"DE","IdSubject":"33352","VoteId":null,"PersonNumber":311,"Type":1,"Text":"<pd_text><p>Je parle bien s\u00fbr en mon nom personnel, puisque la commission n'a pas abord\u00e9 ce probl\u00e8me \u00e0 l'article 7.</p>\n<p>Ce qu'il faut dire pr\u00e9alablement, c'est que le Conseil f\u00e9d\u00e9ral, ou la Chancellerie, souhaite donner un peu plus de souplesse \u00e0 cela. On sait aujourd'hui que, dans le domaine de l'\u00e9laboration des lois, on doit quelquefois aller plus vite que ce ne fut le cas par le pass\u00e9.</p>\n<p>A propos de la proposition Parmelin: son auteur souhaite d\u00e9finir tr\u00e8s clairement quand on peut utiliser le principe de la conf\u00e9rence. Il le dit dans un alin\u00e9a 4 en pr\u00e9cisant \"en cas d'extr\u00eame urgence\". Il ne liste pas d'autres conditions, il n'y en a qu'une. Dans le texte du projet du Conseil f\u00e9d\u00e9ral, \u00e0 l'alin\u00e9a 2, on parle de circonstances qui le justifieraient, \"notamment s'il y a urgence\". Donc le listage de Monsieur Parmelin ne semble pas complet.</p>\n<p>Si la proposition Parmelin devait \u00eatre adopt\u00e9e, il y aurait lieu, comme l'a dit Madame la chanceli\u00e8re, de revoir peut-\u00eatre sa formulation, d'y faire quelques corrections r\u00e9dactionnelles.</p>\n</pd_text>","MeetingCouncilAbbreviation":"N","MeetingDate":"20040927","MeetingVerbalixOid":1217,"IdSession":"4705","SpeakerFirstName":"Yves","SpeakerLastName":"Christen","SpeakerFullName":"Christen Yves","SpeakerFunction":"Mit-M","CouncilId":1,"CouncilName":"Nationalrat","CantonId":22,"CantonName":"Waadt","CantonAbbreviation":"VD","ParlGroupName":"Freisinnig-demokratische Fraktion","ParlGroupAbbreviation":"RL","SortOrder":17,"Start":"\/Date(1096304314415)\/","End":"\/Date(1096304406824)\/","Function":"*","DisplaySpeaker":true,"LanguageOfText":"FR","Modified":"\/Date(1774878068486)\/","StartTimeWithTimezone":"\/Date(1096304314417+0120)\/","EndTimeWithTimezone":"\/Date(1096304406823+0120)\/","VoteBusinessNumber":null,"VoteBusinessShortNumber":null,"VoteBusinessTitle":null},{"__metadata":{"id":"https://ws.parlament.ch/OData.svc/Transcript(ID=181897L,Language='DE')","uri":"https://ws.parlament.ch/OData.svc/Transcript(ID=181897L,Language='DE')","type":"itsystems.Pd.DataServices.DataModel.Transcript"},"Subjects":{"__deferred":{"uri":"https://ws.parlament.ch/OData.svc/Transcript(ID=181897L,Language='DE')/Subjects"}},"MembersCouncil":{"__deferred":{"uri":"https://ws.parlament.ch/OData.svc/Transcript(ID=181897L,Language='DE')/MembersCouncil"}},"Businesses":{"__deferred":{"uri":"https://ws.parlament.ch/OData.svc/Transcript(ID=181897L,Language='DE')/Businesses"}},"ID":"181897","Language":"DE","IdSubject":"33352","VoteId":null,"PersonNumber":478,"Type":1,"Text":"<pd_text><p>Der Antrag Parmelin hat der Kommission nicht vorgelegen, ich kann nur pers\u00f6nlich sprechen. Der Antrag will zwei Dinge:</p>\n<p>1. Bei der Vernehmlassungsfrist von drei Monaten soll die Formulierung \"in der Regel\" gestrichen werden. Die Vernehmlassungsfrist betr\u00e4gt drei Monate. Diese Frist kann verl\u00e4ngert oder verk\u00fcrzt werden. Bei Ferientagen, Feiertagen oder umfangreichen Vernehmlassungen kann sie verl\u00e4ngert werden; bei grosser Dringlichkeit kann sie verk\u00fcrzt werden. Die Formulierung \"in der Regel\" hat aus meiner Sicht materiell keine eigenst\u00e4ndige Bedeutung und kann durchaus gestrichen werden.</p>\n<p>2. Der Antrag Parmelin will mehr Zur\u00fcckhaltung bei der Durchf\u00fchrung von konferenziellen Vernehmlassungen. Seine Formulierung geht darauf hinaus, dass die Voraussetzungen zur Durchf\u00fchrung solcher konferenzieller Anh\u00f6rungen enger gefasst werden. In der Vernehmlassung ist die konferenzielle Anh\u00f6rung sehr kritisch aufgenommen worden. Ich bin der Meinung, dass aus der Sicht der Vernehmlassungsadressaten, der Betroffenen, der Parteien insbesondere, bei der Durchf\u00fchrung solcher konferenzieller Anh\u00f6rungen tats\u00e4chlich Zur\u00fcckhaltung ge\u00fcbt werden sollte. Denn die Meinungs\u00e4usserung ist in dieser Situation nur eingeschr\u00e4nkt m\u00f6glich.</p>\n<p>Aus diesen \u00dcberlegungen bin ich pers\u00f6nlich f\u00fcr Zustimmung zum Antrag Parmelin.</p>\n</pd_text>","MeetingCouncilAbbreviation":"N","MeetingDate":"20040927","MeetingVerbalixOid":1217,"IdSession":"4705","SpeakerFirstName":"Rudolf","SpeakerLastName":"Joder","SpeakerFullName":"Joder Rudolf","SpeakerFunction":"Mit-M","CouncilId":1,"CouncilName":"Nationalrat","CantonId":2,"CantonName":"Bern","CantonAbbreviation":"BE","ParlGroupName":"Fraktion der Schweizerischen Volkspartei","ParlGroupAbbreviation":"V","SortOrder":16,"Start":"\/Date(1096304212054)\/","End":"\/Date(1096304314415)\/","Function":"*","DisplaySpeaker":true,"LanguageOfText":"DE","Modified":"\/Date(1774878068484)\/","StartTimeWithTimezone":"\/Date(1096304212053+0120)\/","EndTimeWithTimezone":"\/Date(1096304314417+0120)\/","VoteBusinessNumber":null,"VoteBusinessShortNumber":null,"VoteBusinessTitle":null},{"__metadata":{"id":"https://ws.parlament.ch/OData.svc/Transcript(ID=181898L,Language='DE')","uri":"https://ws.parlament.ch/OData.svc/Transcript(ID=181898L,Language='DE')","type":"itsystems.Pd.DataServices.DataModel.Transcript"},"Subjects":{"__deferred":{"uri":"https://ws.parlament.ch/OData.svc/Transcript(ID=181898L,Language='DE')/Subjects"}},"MembersCouncil":{"__deferred":{"uri":"https://ws.parlament.ch/OData.svc/Transcript(ID=181898L,Language='DE')/MembersCouncil"}},"Businesses":{"__deferred":{"uri":"https://ws.parlament.ch/OData.svc/Transcript(ID=181898L,Language='DE')/Businesses"}},"ID":"181898","Language":"DE","IdSubject":"33352","VoteId":null,"PersonNumber":138,"Type":1,"Text":"<pd_text><p>Le groupe radical-lib\u00e9ral communique qu'il soutient la proposition de la commission.</p>\n</pd_text>","MeetingCouncilAbbreviation":"N","MeetingDate":"20040927","MeetingVerbalixOid":1217,"IdSession":"4705","SpeakerFirstName":"Jean-Philippe","SpeakerLastName":"Maitre","SpeakerFullName":"Maitre Jean-Philippe","SpeakerFunction":"1VP-M","CouncilId":1,"CouncilName":"Nationalrat","CantonId":25,"CantonName":"Genf","CantonAbbreviation":"GE","ParlGroupName":"Christlichdemokratische Fraktion","ParlGroupAbbreviation":"M-E","SortOrder":15,"Start":"\/Date(1096304202539)\/","End":"\/Date(1096304212054)\/","Function":"1VP-M","DisplaySpeaker":true,"LanguageOfText":"FR","Modified":"\/Date(1774878068483)\/","StartTimeWithTimezone":"\/Date(1096304202540+0120)\/","EndTimeWithTimezone":"\/Date(1096304212053+0120)\/","VoteBusinessNumber":null,"VoteBusinessShortNumber":null,"VoteBusinessTitle":null},{"__metadata":{"id":"https://ws.parlament.ch/OData.svc/Transcript(ID=181899L,Language='DE')","uri":"https://ws.parlament.ch/OData.svc/Transcript(ID=181899L,Language='DE')","type":"itsystems.Pd.DataServices.DataModel.Transcript"},"Subjects":{"__deferred":{"uri":"https://ws.parlament.ch/OData.svc/Transcript(ID=181899L,Language='DE')/Subjects"}},"MembersCouncil":{"__deferred":{"uri":"https://ws.parlament.ch/OData.svc/Transcript(ID=181899L,Language='DE')/MembersCouncil"}},"Businesses":{"__deferred":{"uri":"https://ws.parlament.ch/OData.svc/Transcript(ID=181899L,Language='DE')/Businesses"}},"ID":"181899","Language":"DE","IdSubject":"33352","VoteId":null,"PersonNumber":826,"Type":1,"Text":"<pd_text><p>Der Antrag Parmelin bezweckt eigentlich dasselbe, was auch das ganze neue Vernehmlassungsrecht bezweckt, n\u00e4mlich eine Straffung des Verfahrens und eine Einschr\u00e4nkung des Vernehmlassungsverfahrens. Allerdings bin ich nicht ganz gl\u00fccklich mit der Art und Weise der Formulierung des Antrages. </p>\n<p>Einerseits bedauere ich, dass die Pflicht f\u00fcr den Bundesrat und f\u00fcr die parlamentarischen Kommissionen wegf\u00e4llt, eine konferenzielle Vernehmlassung zu begr\u00fcnden. Gem\u00e4ss Antrag Parmelin wird sie nur noch bei \u00e4usserster Dringlichkeit verwendet. Diese Begr\u00fcndungspflicht scheint mir aber wichtig zu sein, weil es vor allem auch im Rahmen des parlamentarischen Verfahrens sinnvoll sein kann, gewisse Vernehmlassungsadressaten konferenziell einzuladen. Es kann also neben der Dringlichkeit, welche absoluten Vorrang hat, auch noch andere Gr\u00fcnde f\u00fcr ein konferenzielles Vernehmlassungsverfahren geben, und das sollte begr\u00fcndet werden m\u00fcssen. Andererseits habe ich ein wenig M\u00fche mit der Abstufung \"Dringlichkeit\" und \"\u00e4usserste Dringlichkeit\". Ich glaube, es ist wichtig - wie es das Konzept des Bundesrates auch vorschl\u00e4gt -, dass man konferenzielle Vernehmlassungen nur noch bei Dringlichkeit durchf\u00fchrt oder wenn anders begr\u00fcndete F\u00e4lle vorliegen. Ich habe bereits die parlamentarischen Kommissionen erw\u00e4hnt. </p>\n<p>Deshalb m\u00f6chte ich Sie bitten, beim Konzept des Bundesrates zu bleiben und den Antrag Parmelin abzulehnen. Falls er aber durchgeht, m\u00fcsste man im St\u00e4nderat zumindest die Formulierung noch einmal \u00fcberpr\u00fcfen.</p>\n</pd_text>","MeetingCouncilAbbreviation":"N","MeetingDate":"20040927","MeetingVerbalixOid":1217,"IdSession":"4705","SpeakerFirstName":"Annemarie","SpeakerLastName":"Huber-Hotz","SpeakerFullName":"Huber-Hotz Annemarie","SpeakerFunction":"BK-F","CouncilId":98,"CouncilName":"","CantonId":2,"CantonName":"Bern","CantonAbbreviation":"BE","ParlGroupName":null,"ParlGroupAbbreviation":null,"SortOrder":14,"Start":"\/Date(1096304095132)\/","End":"\/Date(1096304202539)\/","Function":"BK-F","DisplaySpeaker":true,"LanguageOfText":"DE","Modified":"\/Date(1774878068481)\/","StartTimeWithTimezone":"\/Date(1096304095133+0120)\/","EndTimeWithTimezone":"\/Date(1096304202540+0120)\/","VoteBusinessNumber":null,"VoteBusinessShortNumber":null,"VoteBusinessTitle":null},{"__metadata":{"id":"https://ws.parlament.ch/OData.svc/Transcript(ID=181900L,Language='DE')","uri":"https://ws.parlament.ch/OData.svc/Transcript(ID=181900L,Language='DE')","type":"itsystems.Pd.DataServices.DataModel.Transcript"},"Subjects":{"__deferred":{"uri":"https://ws.parlament.ch/OData.svc/Transcript(ID=181900L,Language='DE')/Subjects"}},"MembersCouncil":{"__deferred":{"uri":"https://ws.parlament.ch/OData.svc/Transcript(ID=181900L,Language='DE')/MembersCouncil"}},"Businesses":{"__deferred":{"uri":"https://ws.parlament.ch/OData.svc/Transcript(ID=181900L,Language='DE')/Businesses"}},"ID":"181900","Language":"DE","IdSubject":"33352","VoteId":null,"PersonNumber":1134,"Type":1,"Text":"<pd_text><p>Je tiens \u00e0 dire que Monsieur Parmelin met le doigt sur un probl\u00e8me r\u00e9el, une consultation \u00e9tant un pas fondamental dans la proc\u00e9dure l\u00e9gislative en Suisse. Cela n'est certes pas un stade d\u00e9cisionnel, mais ce sont les fondations d'un \u00e9difice, et ce qui ne se construit pas correctement, pos\u00e9ment, en un minimum de temps, ce qui se b\u00e2tit \u00e0 la va-vite ne r\u00e9siste pas \u00e0 l'\u00e9preuve du temps. Je n'ai pas besoin de vous rappeler longuement des exemples tout r\u00e9cents pour lesquels nous avons travaill\u00e9 malheureusement dans la pr\u00e9cipitation, avec des r\u00e9sultats d\u00e9cevants. Un mauvais projet, un \u00e9chec.</p>\n<p>C'est donc une proposition extr\u00eamement raisonnable, extr\u00eamement sens\u00e9e, que nous fait Monsieur Parmelin de bien vouloir mettre au premier plan la proc\u00e9dure de consultation \u00e9crite, avec d\u00e9lai de principe de trois mois, et seulement dans les cas tout \u00e0 fait exceptionnels d'accepter ce syst\u00e8me de conf\u00e9rence qui, il faut bien le dire, repr\u00e9sente souvent une consultation bidon.</p>\n</pd_text>","MeetingCouncilAbbreviation":"N","MeetingDate":"20040927","MeetingVerbalixOid":1217,"IdSession":"4705","SpeakerFirstName":"Luc","SpeakerLastName":"Recordon","SpeakerFullName":"Recordon Luc","SpeakerFunction":"Mit-M","CouncilId":1,"CouncilName":"Nationalrat","CantonId":22,"CantonName":"Waadt","CantonAbbreviation":"VD","ParlGroupName":"Gr\u00fcne Fraktion","ParlGroupAbbreviation":"G","SortOrder":13,"Start":"\/Date(1096304007628)\/","End":"\/Date(1096304095132)\/","Function":"Mit-M","DisplaySpeaker":true,"LanguageOfText":"FR","Modified":"\/Date(1774878068479)\/","StartTimeWithTimezone":"\/Date(1096304007627+0120)\/","EndTimeWithTimezone":"\/Date(1096304095133+0120)\/","VoteBusinessNumber":null,"VoteBusinessShortNumber":null,"VoteBusinessTitle":null},{"__metadata":{"id":"https://ws.parlament.ch/OData.svc/Transcript(ID=181901L,Language='DE')","uri":"https://ws.parlament.ch/OData.svc/Transcript(ID=181901L,Language='DE')","type":"itsystems.Pd.DataServices.DataModel.Transcript"},"Subjects":{"__deferred":{"uri":"https://ws.parlament.ch/OData.svc/Transcript(ID=181901L,Language='DE')/Subjects"}},"MembersCouncil":{"__deferred":{"uri":"https://ws.parlament.ch/OData.svc/Transcript(ID=181901L,Language='DE')/MembersCouncil"}},"Businesses":{"__deferred":{"uri":"https://ws.parlament.ch/OData.svc/Transcript(ID=181901L,Language='DE')/Businesses"}},"ID":"181901","Language":"DE","IdSubject":"33352","VoteId":null,"PersonNumber":478,"Type":1,"Text":"<pd_text><p>Das Vernehmlassungsverfahren ist ein wichtiger Teil des Rechtsetzungsverfahrens. Die Kantone, die politischen Parteien und weitere interessierte Kreise werden fr\u00fch in die Meinungsbildung einbezogen, und das Vernehmlassungsverfahren erm\u00f6glicht es, die \u00d6ffentlichkeit rechtzeitig \u00fcber geplante Vorhaben zu informieren. Schliesslich k\u00f6nnen die beabsichtigten Projekte auf ihre sachliche Richtigkeit, auf ihre Vollzugstauglichkeit und auch auf ihre politische Akzeptanz \u00fcberpr\u00fcft werden.</p>\n<p>Bis jetzt ist das Vernehmlassungsverfahren in einer Verordnung geregelt gewesen. Aus zwei Gr\u00fcnden muss das Vernehmlassungsrecht neu auf Gesetzesstufe verankert werden: Die Bundesverfassung enth\u00e4lt mit Artikel 147 eine neue Grundsatzbestimmung \u00fcber das Vernehmlassungsrecht. Dieser Artikel wurde bewusst offen formuliert, und er soll jetzt mit diesem Gesetzentwurf konkretisiert werden. Hinzu kommt, dass Artikel 164 der Bundesverfassung verlangt, grundlegende Bestimmungen \u00fcber das Verfahren der Bundesbeh\u00f6rden seien in der Form eines Gesetzes zu erlassen, und dazu geh\u00f6rt auch das Vernehmlassungsverfahren.</p>\n<p>Mit dem neuen Vernehmlassungsgesetz werden verschiedene Ziele angestrebt. Wichtig ist, dass die Vollzugstauglichkeit von Bundesmassnahmen fr\u00fchzeitig gepr\u00fcft und allenfalls verbessert werden kann. Hinzu kommen die Straffung und die Verwesentlichung des Verfahrens. Es geht auch darum, Rechtsgrundlagen f\u00fcr die elektronische Vernehmlassung zu schaffen. Schliesslich soll mit dem neuen Gesetz der administrative Aufwand f\u00fcr alle Beteiligten wenn immer m\u00f6glich gesenkt werden.</p>\n<p>Das vorgeschlagene Vernehmlassungsgesetz enth\u00e4lt nur 13 Artikel. Es ist demnach ein Musterbeispiel f\u00fcr ein einfaches und schlankes Gesetz. Die wichtigsten Inhalte sind die folgenden:</p>\n<p>Die Vernehmlassungsverfahren sollen sich auf wichtige Vorhaben beschr\u00e4nken. Dazu geh\u00f6ren:</p>\n<p>1. Verfassungs\u00e4nderungen;</p>\n<p>2. Gesetzesbestimmungen im Sinne von Artikel 164 Absatz 1 der Bundesverfassung;</p>\n<p>3. v\u00f6lkerrechtliche Vertr\u00e4ge, die dem Referendum unterstehen oder wesentliche Interessen der Kantone betreffen;</p>\n<p>4. Vorhaben von grosser Tragweite; das kann zum Beispiel eine Vernehmlassung zu einer Verordnung sein, die einen grossen Personenkreis betrifft.</p>\n<p>Grunds\u00e4tzlich soll nur der Bundesrat ein Vernehmlassungsverfahren er\u00f6ffnen k\u00f6nnen, allenfalls noch eine parlamentarische Kommission f\u00fcr einen durch diese erarbeiteten Gesetzentwurf. Die Er\u00f6ffnung eines [PAGE 1410] Vernehmlassungsverfahrens durch ein Departement oder ein Bundesamt ist demnach k\u00fcnftig ausgeschlossen. Die Departemente k\u00f6nnen bloss noch im Rahmen von Anh\u00f6rungen bei Vorhaben von untergeordneter Wichtigkeit von den Betroffenen Stellungnahmen einfordern.</p>\n<p>Neu wird der Kreis der Vernehmlassungsadressaten pr\u00e4zisiert. Neben den Kantonen und den in der Bundesversammlung vertretenen politischen Parteien sollen zus\u00e4tzlich auch die gesamtschweizerischen Dachverb\u00e4nde der Kantone, St\u00e4dte, Gemeinden, Berggebiete und der Wirtschaft sowie im Einzelfall interessierte Kreise zur Stellungnahme eingeladen werden. Zudem k\u00f6nnen sich grunds\u00e4tzlich jede Person und jede Organisation an einer Vernehmlassung beteiligen.</p>\n<p>Das Gesetz legt fest, dass die Vernehmlassungsfrist drei Monate betr\u00e4gt. Diese Frist kann verl\u00e4ngert oder verk\u00fcrzt werden. Bei Dringlichkeit kann die Vernehmlassung auch auf konferenzieller Basis durchgef\u00fchrt werden.</p>\n<p>F\u00fcr das Vernehmlassungsverfahren gilt das \u00d6ffentlichkeitsprinzip.</p>\n<p>In der Vernehmlassung wurde die Vorlage positiv aufgenommen. Es sind keine personellen und finanziellen Auswirkungen zu erwarten. Der St\u00e4nderat hat der Vorlage mit 23 zu 1 Stimmen sehr deutlich zugestimmt.</p>\n<p>Ich bitte Sie im Namen der einstimmigen Kommission, auf die Vorlage einzutreten.</p>\n</pd_text>","MeetingCouncilAbbreviation":"N","MeetingDate":"20040927","MeetingVerbalixOid":1217,"IdSession":"4705","SpeakerFirstName":"Rudolf","SpeakerLastName":"Joder","SpeakerFullName":"Joder Rudolf","SpeakerFunction":"Mit-M","CouncilId":1,"CouncilName":"Nationalrat","CantonId":2,"CantonName":"Bern","CantonAbbreviation":"BE","ParlGroupName":"Fraktion der Schweizerischen Volkspartei","ParlGroupAbbreviation":"V","SortOrder":1,"Start":"\/Date(1096302013022)\/","End":"\/Date(1096302292847)\/","Function":"*","DisplaySpeaker":true,"LanguageOfText":"DE","Modified":"\/Date(1774878068449)\/","StartTimeWithTimezone":"\/Date(1096302013023+0120)\/","EndTimeWithTimezone":"\/Date(1096302292847+0120)\/","VoteBusinessNumber":null,"VoteBusinessShortNumber":null,"VoteBusinessTitle":null},{"__metadata":{"id":"https://ws.parlament.ch/OData.svc/Transcript(ID=181902L,Language='DE')","uri":"https://ws.parlament.ch/OData.svc/Transcript(ID=181902L,Language='DE')","type":"itsystems.Pd.DataServices.DataModel.Transcript"},"Subjects":{"__deferred":{"uri":"https://ws.parlament.ch/OData.svc/Transcript(ID=181902L,Language='DE')/Subjects"}},"MembersCouncil":{"__deferred":{"uri":"https://ws.parlament.ch/OData.svc/Transcript(ID=181902L,Language='DE')/MembersCouncil"}},"Businesses":{"__deferred":{"uri":"https://ws.parlament.ch/OData.svc/Transcript(ID=181902L,Language='DE')/Businesses"}},"ID":"181902","Language":"DE","IdSubject":"33352","VoteId":null,"PersonNumber":311,"Type":1,"Text":"<pd_text><p>La proc\u00e9dure de consultation est une \u00e9tape importante dans le processus d'\u00e9laboration des lois. Elle permet d'associer les cantons, les partis politiques et les milieux int\u00e9ress\u00e9s \u00e0 la d\u00e9finition de la position du Conseil f\u00e9d\u00e9ral, mais \u00e9galement du Parlement, quand nous d\u00e9posons des initiatives. Elle leur permet d'informer le public suffisamment t\u00f4t de leurs projets et de les associer, pour qu'ils soient ex\u00e9cutables et susceptibles d'\u00eatre bien accept\u00e9s.</p>\n<p>Le principe de la consultation est fix\u00e9 dans la nouvelle Constitution \u00e0 l'article 147. Jusqu'ici, c'\u00e9tait une ordonnance qui r\u00e9glait la proc\u00e9dure. Mais la m\u00eame Constitution, \u00e0 son article 164, impose que les dispositions l\u00e9gales importantes qui fixent les r\u00e8gles de droit - et la proc\u00e9dure de consultation en est une - soient inscrites dans une loi. C'est pourquoi le Conseil f\u00e9d\u00e9ral avait annonc\u00e9, lors de l'\u00e9laboration de la Constitution, qu'il allait faire respecter ce principe. C'est en somme le message qui vous est soumis.</p>\n<p>La nouvelle loi pr\u00e9voit que la consultation peut \u00eatre r\u00e9alis\u00e9e sous diverses formes, notamment de fa\u00e7on \u00e0 pouvoir s'adapter \u00e0 l'\u00e9volution des technologies modernes - on pense, bien s\u00fbr, \u00e0 l'Internet. Un des buts de la loi est de donner \u00e0 la proc\u00e9dure de consultation une signification plus en rapport avec l'importance qu'elle a prise dans la pratique de l'\u00e9laboration des lois. C'est dans cet esprit aussi que la consultation devrait \u00eatre limit\u00e9e aux projets de lois les plus importants. La loi d\u00e9signe clairement les instances comp\u00e9tentes pour lancer les proc\u00e9dures, de fa\u00e7on \u00e0 \u00e9viter que des consultations provenant de tous les services et d\u00e9partements n'inondent les destinataires. Enfin, elle d\u00e9signe pr\u00e9cis\u00e9ment la liste des destinataires, choisis en fonction du contenu de la loi et de leur int\u00e9r\u00eat \u00e0 \u00eatre consult\u00e9s.</p>\n<p>La commission salue le message pr\u00e9sent\u00e9 par le Conseil f\u00e9d\u00e9ral. L'entr\u00e9e en mati\u00e8re n'est pas contest\u00e9e. Les discussions se sont concentr\u00e9es sur la nature des lois devant faire l'objet d'une consultation, sur la syst\u00e9matique du choix des destinataires et sur le r\u00f4le de coordination de la Chancellerie f\u00e9d\u00e9rale.</p>\n<p>Sans entrer dans le d\u00e9tail, sur le premier point, la commission a rejet\u00e9, contre l'avis du Conseil f\u00e9d\u00e9ral, la notion de \"disposition l\u00e9gale fondamentale\". En effet, \u00e0 l'exception des modifications constitutionnelles, qui doivent figurer, il est difficile juridiquement de distinguer entre des lois importantes ou fondamentales et celles qui ne le seraient pas. La commission a donc pr\u00e9f\u00e9r\u00e9 introduire une r\u00e8gle d'exception pour les dispositions qui ne pr\u00e9sentent pas d'int\u00e9r\u00eat majeur pour les institutions. La commission a suivi, tout en la pr\u00e9cisant, une d\u00e9cision du Conseil des Etats visant \u00e0 consulter les cantons pour des projets d'ordonnance pouvant les concerner.</p>\n<p>Par ailleurs, la commission a largement suivi le Conseil f\u00e9d\u00e9ral qui d\u00e9signe clairement, dans un ordre hi\u00e9rarchique cher \u00e0 notre syst\u00e8me f\u00e9d\u00e9raliste, les cantons, les partis politiques et les associations fa\u00eeti\u00e8res des cantons, des communes, des villes et des r\u00e9gions de montagne, et ceci en r\u00e9f\u00e9rence \u00e0 l'article 50 de la Constitution qui pr\u00e9voit la participation de ces organes \u00e0 la politique de la Conf\u00e9d\u00e9ration. Le Conseil des Etats, fid\u00e8le \u00e0 son principe, aurait voulu, quant \u00e0 lui, traiter les communes et les villes dans le m\u00eame paquet que les autres milieux concern\u00e9s.</p>\n<p>Enfin, la commission a tenu, en modifiant l'article 5, \u00e0 ce que la Chancellerie f\u00e9d\u00e9rale assure la coordination des consultations pour \u00e9viter une dispersion dans les d\u00e9partements ou dans les commissions parlementaires qui proc\u00e8dent \u00e0 des consultations pour leurs initiatives.</p>\n<p>A l'article 9 sur la publicit\u00e9, la commission, en accord avec la Chancellerie f\u00e9d\u00e9rale, a pr\u00e9cis\u00e9, dans l'ordre, les pi\u00e8ces qui peuvent \u00eatre rendues publiques. Il est pr\u00e9cis\u00e9 \u00e9galement, \u00e0 la lettre c, que le Conseil f\u00e9d\u00e9ral ne se prononce pas sur le rapport de r\u00e9sultats, mais en prend connaissance.</p>\n<p>Voici pour les points essentiels sur lesquels il y aura peut-\u00eatre lieu de revenir dans le d\u00e9tail, mais ce sont les \u00e9l\u00e9ments les plus significatifs que la commission a discut\u00e9s.</p>\n<p>Je vous invite donc, au nom de la commission, \u00e0 entrer en mati\u00e8re et \u00e0 accepter les petites modifications, am\u00e9liorations apport\u00e9es au texte du Conseil f\u00e9d\u00e9ral et du Conseil des Etats.</p>\n</pd_text>","MeetingCouncilAbbreviation":"N","MeetingDate":"20040927","MeetingVerbalixOid":1217,"IdSession":"4705","SpeakerFirstName":"Yves","SpeakerLastName":"Christen","SpeakerFullName":"Christen Yves","SpeakerFunction":"Mit-M","CouncilId":1,"CouncilName":"Nationalrat","CantonId":22,"CantonName":"Waadt","CantonAbbreviation":"VD","ParlGroupName":"Freisinnig-demokratische Fraktion","ParlGroupAbbreviation":"RL","SortOrder":2,"Start":"\/Date(1096302292847)\/","End":"\/Date(1096302621861)\/","Function":"*","DisplaySpeaker":true,"LanguageOfText":"FR","Modified":"\/Date(1774878068453)\/","StartTimeWithTimezone":"\/Date(1096302292847+0120)\/","EndTimeWithTimezone":"\/Date(1096302621860+0120)\/","VoteBusinessNumber":null,"VoteBusinessShortNumber":null,"VoteBusinessTitle":null},{"__metadata":{"id":"https://ws.parlament.ch/OData.svc/Transcript(ID=181903L,Language='DE')","uri":"https://ws.parlament.ch/OData.svc/Transcript(ID=181903L,Language='DE')","type":"itsystems.Pd.DataServices.DataModel.Transcript"},"Subjects":{"__deferred":{"uri":"https://ws.parlament.ch/OData.svc/Transcript(ID=181903L,Language='DE')/Subjects"}},"MembersCouncil":{"__deferred":{"uri":"https://ws.parlament.ch/OData.svc/Transcript(ID=181903L,Language='DE')/MembersCouncil"}},"Businesses":{"__deferred":{"uri":"https://ws.parlament.ch/OData.svc/Transcript(ID=181903L,Language='DE')/Businesses"}},"ID":"181903","Language":"DE","IdSubject":"33352","VoteId":null,"PersonNumber":324,"Type":1,"Text":"<pd_text><p>Ich beantrage Ihnen im Namen der SP-Fraktion Eintreten auf diese Vorlage.</p>\n<p>Trotz aller Kritik ist das Vernehmlassungsverfahren eine sinnvolle Institution, denn ein demokratischer Rechtsstaat lebt wesentlich vom Recht auf Anh\u00f6rung im demokratischen Diskurs. Das gilt mit besonderem Nachdruck auch im Verh\u00e4ltnis zu den Kantonen, die ja immer mehr Bundesaufgaben im Vollzug \u00fcbernehmen m\u00fcssen. F\u00fcr die parlamentarische Meinungsbildung eignen sich allerdings nur Auswertungen von Vernehmlassungen, die eine politische Stellungnahme vern\u00fcnftig gewichten. Daran hat es in der Vergangenheit ab und zu gefehlt. Es ist gut, dass das der St\u00e4nderat und mit ihm die nationalr\u00e4tliche Kommission in Artikel 8 auch zum Ausdruck bringen.</p>\n<p>Der Bundesrat und einzelne Departemente haben in j\u00fcngster Zeit mit unertr\u00e4glich kurzen Vernehmlassungsfristen und mit dem nutzlosen Einsatz konferenzieller Vernehmlassungsverfahren, beispielsweise zum KVG, selber zu einer gewissen Abwertung des Verfahrens beigetragen. Wir bedauern das. Wir verstehen unsere Zustimmung auch als Aufforderung, das Vernehmlassungsverfahren wieder entsprechend dem politischen Gewicht der Vorlage zu gestalten und insgesamt aufzuwerten. </p>\n<p>Es scheint uns schliesslich richtig, die Abgrenzung zwischen Gesetz und bundesr\u00e4tlicher Verordnung auch so zu verstehen, dass eben auch Verordnungsrecht von grosser politischer Tragweite sein kann. Richtigerweise wird in Artikel 3 auch zum Ausdruck gebracht, dass eben auch wichtige Verordnungsvorlagen Gegenstand einer Vernehmlassung sein k\u00f6nnen.</p>\n<p>Die Kritik am konferenziellen Vernehmlassungsverfahren wird von der SP-Fraktion auch dadurch zum Ausdruck gebracht, dass wir den Antrag Parmelin, der als Einzelantrag gestellt wird, unterst\u00fctzen, wonach solche Verfahren nur bei \u00e4usserster Dringlichkeit zum Tragen kommen und sonst die schriftliche Anh\u00f6rung die Regel sein muss. Ich hoffe, das Verfahren zum Krankenversicherungsgesetz sei ein einmaliger Ausreisser gewesen, das hat wirklich nichts gebracht. </p>\n<p>In diesem Sinne bitte ich Sie um Eintreten auf die Vorlage.</p>\n</pd_text>","MeetingCouncilAbbreviation":"N","MeetingDate":"20040927","MeetingVerbalixOid":1217,"IdSession":"4705","SpeakerFirstName":"Jost","SpeakerLastName":"Gross","SpeakerFullName":"Gross Jost","SpeakerFunction":"Mit-M","CouncilId":1,"CouncilName":"Nationalrat","CantonId":20,"CantonName":"Thurgau","CantonAbbreviation":"TG","ParlGroupName":"Sozialdemokratische Fraktion","ParlGroupAbbreviation":"S","SortOrder":3,"Start":"\/Date(1096302621861)\/","End":"\/Date(1096302802946)\/","Function":"Mit-M","DisplaySpeaker":true,"LanguageOfText":"DE","Modified":"\/Date(1774878068456)\/","StartTimeWithTimezone":"\/Date(1096302621860+0120)\/","EndTimeWithTimezone":"\/Date(1096302802947+0120)\/","VoteBusinessNumber":null,"VoteBusinessShortNumber":null,"VoteBusinessTitle":null},{"__metadata":{"id":"https://ws.parlament.ch/OData.svc/Transcript(ID=181904L,Language='DE')","uri":"https://ws.parlament.ch/OData.svc/Transcript(ID=181904L,Language='DE')","type":"itsystems.Pd.DataServices.DataModel.Transcript"},"Subjects":{"__deferred":{"uri":"https://ws.parlament.ch/OData.svc/Transcript(ID=181904L,Language='DE')/Subjects"}},"MembersCouncil":{"__deferred":{"uri":"https://ws.parlament.ch/OData.svc/Transcript(ID=181904L,Language='DE')/MembersCouncil"}},"Businesses":{"__deferred":{"uri":"https://ws.parlament.ch/OData.svc/Transcript(ID=181904L,Language='DE')/Businesses"}},"ID":"181904","Language":"DE","IdSubject":"33352","VoteId":null,"PersonNumber":1109,"Type":1,"Text":"<pd_text><p>Selbst auf die Gefahr hin, dass die heutige Sitzung deshalb nicht bis 19 Uhr dauern wird, fasse ich mich kurz: Die Einigkeit in der Kommission war so deutlich wie selten. Die CVP-Fraktion ist selbstverst\u00e4ndlich auch [PAGE 1411] f\u00fcr Eintreten und Zustimmung zum Entwurf im Sinne der Kommission.</p>\n<p>Das Vernehmlassungsverfahren ist ein wichtiger Bestandteil des F\u00f6deralismus und auch der direkten Demokratie in der Schweiz. Der Begriff \"Vernehmlassung\" ist derart schweizerisch, dass er in Deutschland kaum verstanden wird. Das Verfahren an sich hat sich bew\u00e4hrt. Was mit dieser Anpassung gemacht wird, ist die Verankerung der wichtigsten Grunds\u00e4tze auf Gesetzesstufe. Die Notwendigkeit, das Vernehmlassungsverfahren auf Gesetzesstufe zu verankern, entspricht einem Wunsch des Parlamentes und geht auf Artikel 147 der Bundesverfassung zur\u00fcck; der Kommissionssprecher hat es schon gesagt. Eine besondere Stellung nehmen im Vernehmlassungsverfahren die Kantone ein. Dies wurde beim Gesetz ber\u00fccksichtigt und gilt es zu ber\u00fccksichtigen.</p>\n<p>Die Kommission \u00fcbernahm die meisten Entscheide des St\u00e4nderates, ausser bei Artikel 4, der die Vernehmlassungsadressaten erw\u00e4hnt. Hier wich unsere Kommission vom Beschluss des St\u00e4nderates ab; sie erachtete die bundesr\u00e4tliche Formulierung als klarer. Diese Formulierung wird von der CVP-Fraktion unterst\u00fctzt. Materiell wurde damit nur Unwesentliches ge\u00e4ndert. Die Kommission war - wenn man das sagen darf - in diesem Sinne f\u00f6deralistischer als der St\u00e4nderat, indem die von ihr bevorzugte Formulierung verlangt, dass Gemeinden und St\u00e4dte bei der Vernehmlassung in jedem Fall einzubeziehen sind. Dass es keine Minderheitsantr\u00e4ge gab - ausser dem heute eingereichten Antrag Parmelin -, zeigt eigentlich die grunds\u00e4tzliche Einigkeit der Parteien, die mit dem vorliegenden Gesetz einverstanden sind. Allerdings - auch das sei erw\u00e4hnt - zeigt das Resultat der Schlussabstimmung von 15 zu 0 Stimmen bei 0 Enthaltungen auch, dass die Pr\u00e4senz und damit das Interesse an diesem Traktandum nicht \u00fcberw\u00e4ltigend waren. Das ist zwar schade, aber auch verst\u00e4ndlich, handelt es sich doch eher um eine technische als um eine politische Materie. </p>\n<p>Trotzdem kann ich mich meinem Vorredner Gross Jost anschliessen: Eine Folge des Gesetzes soll sein, dass man mit den Kantonen anders als in letzter Zeit umgeht, was Fristen und andere Bedingungen der Vernehmlassung angeht. Das Vernehmlassungsverfahren wird mit dem Gesetz verbessert und verwesentlicht; es wird genauer und klarer geregelt, und es tr\u00e4gt neuen Formen der Kommunikation ausreichend Rechnung.</p>\n<p>In diesem Sinne bitte ich Sie um Zustimmung zu diesem Gesetzentwurf.</p>\n</pd_text>","MeetingCouncilAbbreviation":"N","MeetingDate":"20040927","MeetingVerbalixOid":1217,"IdSession":"4705","SpeakerFirstName":"Gerhard","SpeakerLastName":"Pfister","SpeakerFullName":"Pfister Gerhard","SpeakerFunction":"Mit-M","CouncilId":1,"CouncilName":"Nationalrat","CantonId":9,"CantonName":"Zug","CantonAbbreviation":"ZG","ParlGroupName":"Christlichdemokratische Fraktion","ParlGroupAbbreviation":"M-E","SortOrder":4,"Start":"\/Date(1096302802946)\/","End":"\/Date(1096302966705)\/","Function":"Mit-M","DisplaySpeaker":true,"LanguageOfText":"DE","Modified":"\/Date(1774878068458)\/","StartTimeWithTimezone":"\/Date(1096302802947+0120)\/","EndTimeWithTimezone":"\/Date(1096302966707+0120)\/","VoteBusinessNumber":null,"VoteBusinessShortNumber":null,"VoteBusinessTitle":null},{"__metadata":{"id":"https://ws.parlament.ch/OData.svc/Transcript(ID=181905L,Language='DE')","uri":"https://ws.parlament.ch/OData.svc/Transcript(ID=181905L,Language='DE')","type":"itsystems.Pd.DataServices.DataModel.Transcript"},"Subjects":{"__deferred":{"uri":"https://ws.parlament.ch/OData.svc/Transcript(ID=181905L,Language='DE')/Subjects"}},"MembersCouncil":{"__deferred":{"uri":"https://ws.parlament.ch/OData.svc/Transcript(ID=181905L,Language='DE')/MembersCouncil"}},"Businesses":{"__deferred":{"uri":"https://ws.parlament.ch/OData.svc/Transcript(ID=181905L,Language='DE')/Businesses"}},"ID":"181905","Language":"DE","IdSubject":"33352","VoteId":null,"PersonNumber":1122,"Type":1,"Text":"<pd_text><p>Selbstverst\u00e4ndlich ist auch die FDP-Fraktion bereit, auf den neuen Gesetzentwurf einzutreten. Was die Artikel 147 und 164 der Bundesverfassung als Grundlage f\u00fcr diesen Entwurf betrifft, verweise ich auf die Ausf\u00fchrungen der Kommissionssprecher. Nachdem vorerst eine Neuregelung des Vernehmlassungsverfahrens im Rahmen einer Teilrevision des Regierungs- und Verwaltungsorganisationsgesetzes vorgesehen war, wird nun ein eigenes Bundesgesetz vorgelegt. Diesem Vorgehen k\u00f6nnen wir folgen, wie auch den wichtigsten Anliegen des Gesetzes, n\u00e4mlich der Beschr\u00e4nkung des Verfahrens auf wichtige Vorhaben gem\u00e4ss Artikel 3 und der Beschr\u00e4nkung der Zust\u00e4ndigkeit zur Er\u00f6ffnung des Verfahrens auf den Bundesrat und die zust\u00e4ndige parlamentarische Kommission gem\u00e4ss Artikel 5. Zum Einzelantrag Parmelin bez\u00fcglich Artikel 7 werden wir nach Kenntnis der Antwort von Frau Bundeskanzlerin Huber-Hotz Stellung nehmen.</p>\n<p>Bei Artikel 4 Absatz 2 besteht aus unserer Sicht eine gewichtige Differenz zum St\u00e4nderat: Die st\u00e4nder\u00e4tliche Fassung entspricht wohl einem st\u00e4nder\u00e4tlichen Reflex, welcher hier einen Unterschied machen will zwischen den Kantonen einerseits und den gesamtschweizerischen Dachverb\u00e4nden der Gemeinden, St\u00e4dte, Berggebiete und der Wirtschaft andererseits, indem Erstere immer, Letztere aber bloss im Einzelfall zur Stellungnahme eingeladen werden sollen. Ihre Staatspolitische Kommission schloss sich jedoch einstimmig dem Bundesrat an, nach dessen Fassung auch diese Verb\u00e4nde generell zur Stellungnahme einzuladen sind.</p>\n<p>Die L\u00f6sung des St\u00e4nderates - gewissermassen eine Beschr\u00e4nkung des F\u00f6deralismus auf die Kantone, wie sie eben bisher \u00fcblich war - entspricht weder der heutigen Praxis noch Artikel 50 der Bundesverfassung, wonach der Bund bei seinem Handeln die m\u00f6glichen Auswirkungen auf die Gemeinden zu beachten und R\u00fccksicht auf die besondere Situation der St\u00e4dte und der Agglomerationen sowie der Berggebiete zu nehmen hat. Vor diesem Verfassungshintergrund darf der Entscheid \u00fcber die Frage, welche Vorlagen die angesprochenen Verb\u00e4nde interessieren und welche nicht, nicht den Departementen und dem Bundesrat \u00fcberlassen werden. Die Dachverb\u00e4nde sollen vielmehr selbst entscheiden k\u00f6nnen, zu welchen Fragen sie ihre Stellungnahme abgeben. Als Mitglied des Vorstandes des Schweizerischen St\u00e4dteverbandes kann ich Ihnen best\u00e4tigen, dass sich diese Verb\u00e4nde in der Praxis - allein schon aus Kapazit\u00e4tsgr\u00fcnden - sehr wohl auf die sie direkt betreffenden Fragen zu beschr\u00e4nken wissen.</p>\n<p>Mit einer \u00dcbernahme der Fassung des Bundesrates tragen Sie auch der Realit\u00e4t Rechnung, dass eben nicht mehr in allen Fragen die Kantone nach dem Bund die wesentlichsten territorialen Gebilde sind. Sehr viele Fragen, welche z. B. gerade die St\u00e4dte und Gemeinden betreffen, m\u00fcssen kantons\u00fcbergreifend innerhalb der Agglomerationen gel\u00f6st werden: \u00d6ffentliche Sicherheit, soziale Sicherheit, regionaler \u00f6ffentlicher Verkehr usw. geh\u00f6ren zu dieser Materie. Die Kantone haben ihre bestimmende Rolle etwas zu relativieren und m\u00fcssen akzeptieren, dass es neben ihnen noch andere territoriale Gebilde wie zum Beispiel Agglomerationen und Zentrumsgemeinden gibt, die staatsrechtlich relevant sind.</p>\n<p>Wir sind somit f\u00fcr Eintreten auf die Vorlage und f\u00fcr deren Verabschiedung in der vorliegenden, durch die SPK dieses Rates einstimmig gutgeheissenen Fassung.</p>\n</pd_text>","MeetingCouncilAbbreviation":"N","MeetingDate":"20040927","MeetingVerbalixOid":1217,"IdSession":"4705","SpeakerFirstName":"Kurt","SpeakerLastName":"Fluri","SpeakerFullName":"Fluri Kurt","SpeakerFunction":"Mit-M","CouncilId":1,"CouncilName":"Nationalrat","CantonId":11,"CantonName":"Solothurn","CantonAbbreviation":"SO","ParlGroupName":"Freisinnig-demokratische Fraktion","ParlGroupAbbreviation":"RL","SortOrder":5,"Start":"\/Date(1096302966705)\/","End":"\/Date(1096303206704)\/","Function":"Mit-M","DisplaySpeaker":true,"LanguageOfText":"DE","Modified":"\/Date(1774878068461)\/","StartTimeWithTimezone":"\/Date(1096302966707+0120)\/","EndTimeWithTimezone":"\/Date(1096303206703+0120)\/","VoteBusinessNumber":null,"VoteBusinessShortNumber":null,"VoteBusinessTitle":null},{"__metadata":{"id":"https://ws.parlament.ch/OData.svc/Transcript(ID=181906L,Language='DE')","uri":"https://ws.parlament.ch/OData.svc/Transcript(ID=181906L,Language='DE')","type":"itsystems.Pd.DataServices.DataModel.Transcript"},"Subjects":{"__deferred":{"uri":"https://ws.parlament.ch/OData.svc/Transcript(ID=181906L,Language='DE')/Subjects"}},"MembersCouncil":{"__deferred":{"uri":"https://ws.parlament.ch/OData.svc/Transcript(ID=181906L,Language='DE')/MembersCouncil"}},"Businesses":{"__deferred":{"uri":"https://ws.parlament.ch/OData.svc/Transcript(ID=181906L,Language='DE')/Businesses"}},"ID":"181906","Language":"DE","IdSubject":"33352","VoteId":null,"PersonNumber":797,"Type":1,"Text":"<pd_text><p>Wenn ich Sie daran erinnere, dass sich einer unserer EVP-Vorg\u00e4nger, n\u00e4mlich Nationalrat Max D\u00fcnki, grunds\u00e4tzlich dahin gehend ausgesprochen hat, man k\u00f6nne die Vernehmlassungen vergessen, dann interessiert Sie sicher die Haltung der EVP/EDU-Fraktion zum Vernehmlassungsgesetz, wie es uns vorgelegt wird.</p>\n<p>Ich kann Sie beruhigen. Wir sind in der vorgelegten Form f\u00fcr Eintreten. Allerdings erinnern wir an Max D\u00fcnkis seinerzeitige Argumentation, n\u00e4mlich dass einerseits die Auswahl der Vernehmlassungsteilnehmer nicht immer frei ist vom Verdacht einer gewissen Willk\u00fcr, dass andererseits das Verh\u00e4ltnis zwischen dem Aufwand, den x Organisationen f\u00fcr Vernehmlassungen leisten, und der Wirkung dieses Aufwandes nicht immer ganz stimmt. Eigentlich ist das eine teure \"Fr\u00fchwarnung\" f\u00fcr Kantone, Gemeinden, Verb\u00e4nde usw. Schliesslich ist auch zu sagen, dass viele Haltungen von Verb\u00e4nden, Kantonen usw. der Verwaltung hinreichend bekannt sind und dass die Beh\u00f6rden letztlich die Verantwortung zu tragen haben und mit Vernehmlassungen keine Alibi\u00fcbungen vornehmen sollten.</p>\n<p>Trotzdem, wir helfen eintreten. Wir bringen aber den Vorbehalt an, dass dieses Parlament ja eigentlich schnellere und schlankere Verfahren fordert und dass diesem Gedanken, wenn k\u00fcnftig \u00fcber die Verfassungsgrundlage f\u00fcr Vernehmlassungen diskutiert wird, Rechnung getragen werden sollte.</p>\n<p>Erlauben Sie mir noch drei Bemerkungen, damit ich nachher in der Detailberatung nicht mehr das Wort ergreifen muss: Bei Artikel 2bis sind wir einstimmig f\u00fcr die nationalr\u00e4tliche Fassung, den Einzelantrag Parmelin zu Artikel 7 lehnen wir mehrheitlich ab, und in der Frage Kantone, Regionen und Gemeinden schliessen wir uns der Argumentation von Kollega Fluri an.</p>\n</pd_text>","MeetingCouncilAbbreviation":"N","MeetingDate":"20040927","MeetingVerbalixOid":1217,"IdSession":"4705","SpeakerFirstName":"Walter","SpeakerLastName":"Donz\u00e9","SpeakerFullName":"Donz\u00e9 Walter","SpeakerFunction":"Mit-M","CouncilId":1,"CouncilName":"Nationalrat","CantonId":2,"CantonName":"Bern","CantonAbbreviation":"BE","ParlGroupName":"EVP/EDU Fraktion","ParlGroupAbbreviation":"E","SortOrder":6,"Start":"\/Date(1096303206704)\/","End":"\/Date(1096303385946)\/","Function":"Mit-M","DisplaySpeaker":true,"LanguageOfText":"DE","Modified":"\/Date(1774878068465)\/","StartTimeWithTimezone":"\/Date(1096303206703+0120)\/","EndTimeWithTimezone":"\/Date(1096303385947+0120)\/","VoteBusinessNumber":null,"VoteBusinessShortNumber":null,"VoteBusinessTitle":null},{"__metadata":{"id":"https://ws.parlament.ch/OData.svc/Transcript(ID=181907L,Language='DE')","uri":"https://ws.parlament.ch/OData.svc/Transcript(ID=181907L,Language='DE')","type":"itsystems.Pd.DataServices.DataModel.Transcript"},"Subjects":{"__deferred":{"uri":"https://ws.parlament.ch/OData.svc/Transcript(ID=181907L,Language='DE')/Subjects"}},"MembersCouncil":{"__deferred":{"uri":"https://ws.parlament.ch/OData.svc/Transcript(ID=181907L,Language='DE')/MembersCouncil"}},"Businesses":{"__deferred":{"uri":"https://ws.parlament.ch/OData.svc/Transcript(ID=181907L,Language='DE')/Businesses"}},"ID":"181907","Language":"DE","IdSubject":"33352","VoteId":null,"PersonNumber":138,"Type":1,"Text":"<pd_text><p>Je signale que le groupe des Verts d\u00e9clare qu'il entre en mati\u00e8re.</p>\n</pd_text>","MeetingCouncilAbbreviation":"N","MeetingDate":"20040927","MeetingVerbalixOid":1217,"IdSession":"4705","SpeakerFirstName":"Jean-Philippe","SpeakerLastName":"Maitre","SpeakerFullName":"Maitre Jean-Philippe","SpeakerFunction":"1VP-M","CouncilId":1,"CouncilName":"Nationalrat","CantonId":25,"CantonName":"Genf","CantonAbbreviation":"GE","ParlGroupName":"Christlichdemokratische Fraktion","ParlGroupAbbreviation":"M-E","SortOrder":7,"Start":"\/Date(1096303385946)\/","End":"\/Date(1096303400210)\/","Function":"1VP-M","DisplaySpeaker":true,"LanguageOfText":"FR","Modified":"\/Date(1774878068466)\/","StartTimeWithTimezone":"\/Date(1096303385947+0120)\/","EndTimeWithTimezone":"\/Date(1096303400210+0120)\/","VoteBusinessNumber":null,"VoteBusinessShortNumber":null,"VoteBusinessTitle":null},{"__metadata":{"id":"https://ws.parlament.ch/OData.svc/Transcript(ID=181908L,Language='DE')","uri":"https://ws.parlament.ch/OData.svc/Transcript(ID=181908L,Language='DE')","type":"itsystems.Pd.DataServices.DataModel.Transcript"},"Subjects":{"__deferred":{"uri":"https://ws.parlament.ch/OData.svc/Transcript(ID=181908L,Language='DE')/Subjects"}},"MembersCouncil":{"__deferred":{"uri":"https://ws.parlament.ch/OData.svc/Transcript(ID=181908L,Language='DE')/MembersCouncil"}},"Businesses":{"__deferred":{"uri":"https://ws.parlament.ch/OData.svc/Transcript(ID=181908L,Language='DE')/Businesses"}},"ID":"181908","Language":"DE","IdSubject":"33352","VoteId":null,"PersonNumber":826,"Type":1,"Text":"<pd_text><p>Das Vernehmlassungsverfahren ist ein fest verankerter Teil des Gesetzgebungsverfahrens. Wir haben eine Praxis von \u00fcber einem [PAGE 1412] halben Jahrhundert und auch entsprechende Erfahrungen. Obwohl dieses Verfahren im Grunde unbestritten ist - mit einigen Ausnahmen -, hat es doch immer wieder Kritik gegeben. Diese Kritik richtete sich weniger gegen das Verfahren an sich als vielmehr gegen die Art und Weise seiner Durchf\u00fchrung; wir haben das auch von verschiedenen Fraktionssprechern geh\u00f6rt. Es wurde kritisiert, dass es zu viele Vernehmlassungen gebe, dass zu viele Stellen Vernehmlassungen durchf\u00fchren w\u00fcrden, dass die Frist zu kurz sei, dass die Meinungen der Befragten nicht richtig zum Ausdruck k\u00e4men oder zu allgemein seien, dass der Handlungsspielraum des Bundesrates und des Parlamentes dadurch eingeschr\u00e4nkt werden k\u00f6nnte.</p>\n<p>Mit dem neuen Vernehmlassungsgesetz soll dieser zu Recht ge\u00e4usserten Kritik begegnet werden. Das Verfahren soll gestrafft und bez\u00fcglich Er\u00f6ffnung auf den Bundesrat und auf die parlamentarischen Kommissionen beschr\u00e4nkt werden. Das Verfahren, Herr Donz\u00e9, soll also gestrafft werden, darauf m\u00f6chte ich hinweisen. Das Verfahren soll aber erstmals auch auf Gesetzesstufe geregelt werden. Mit dem neuen Vernehmlassungsgesetz wird zudem Artikel 147 der Bundesverfassung umgesetzt. Dieser Artikel verallgemeinert zum ersten Mal das Vernehmlassungsverfahren und macht es f\u00fcr wichtige Erlasse und f\u00fcr Vorhaben von grosser Tragweite obligatorisch.</p>\n<p>Welches sind nun diese \"wichtigen\" Vorlagen? Es sind vor allem die Erlasse, die von der Bundesversammlung verabschiedet werden; das sind Gesetze und Gesetzes\u00e4nderungen, Verordnungen der Bundesversammlung oder auch Bundesbeschl\u00fcsse. In diesem Zusammenhang ist vor allem auf die Artikel 163 und 164 der Bundesverfassung zu verweisen. Schliesslich geh\u00f6ren zu den wichtigen Vorlagen auch wichtige Verordnungen des Bundesrates, die von den Kantonen oder von Dritten vollzogen werden m\u00fcssen. Dazu geh\u00f6ren aber auch v\u00f6lkerrechtliche Vertr\u00e4ge, die von der Bundesversammlung zu genehmigen und die dem Referendum zu unterstellen sind.</p>\n<p>Ich m\u00f6chte aber klar unterstreichen, dass der Bundesrat und die parlamentarischen Kommissionen immer noch einen gewissen Entscheidungsspielraum haben. Sie bestimmen, was wichtig ist, und k\u00f6nnen deshalb in einem gewissen Rahmen auch festlegen, was sie den Kantonen, den Parteien und interessierten Kreisen zur Stellungnahme vorlegen wollen. Sie entscheiden also im Einzelfall \u00fcber das Recht der Kantone, Parteien und interessierten Kreise, angeh\u00f6rt zu werden. Daf\u00fcr m\u00fcssen sie aber auch die Verantwortung \u00fcbernehmen.</p>\n<p>Das Vernehmlassungsverfahren muss im Rahmen des Gesetzgebungsvorverfahrens durchgef\u00fchrt werden. In diesem Zusammenhang stellt sich vor allem die Frage, wie es zu handhaben ist, wenn die Bundesversammlung die Entw\u00fcrfe des Bundesrates in wichtigen Teilen ab\u00e4ndert. Es wird in der Praxis zu entscheiden sein, ob in solchen F\u00e4llen - als Beispiel kann das abgelehnte Steuerpaket dienen - auch noch ein Vernehmlassungsverfahren durchgef\u00fchrt werden soll.</p>\n<p>Was ist nun der Zweck des Vernehmlassungsverfahrens? Der Zweck besteht darin, die Sachkenntnisse \u00fcber den zu regelnden Bereich zu erh\u00f6hen. Das ist vor allem wichtig im Hinblick auf den Vollzug von Gesetzen und Verordnungen, der in der Regel vor allem von den Kantonen vorgenommen werden muss. Es geht vor allem um die Vollzugstauglichkeit, es geht aber auch um die Referendumstauglichkeit einer Vorlage. Es gilt also abzukl\u00e4ren, ob auch ein politischer Wille vorhanden ist, eine Vorlage, wie sie der Bundesrat in die Vernehmlassung gegeben hat, im Falle einer allf\u00e4lligen Volksabstimmung zu tragen. </p>\n<p>Schliesslich ist es auch ein wichtiger Bestandteil des Vernehmlassungsverfahrens, die Transparenz des staatlichen Handelns zu erh\u00f6hen. Das neue Vernehmlassungsgesetz regelt einerseits den Zweck und den Umfang des Vernehmlassungsverfahrens mit dem Ziel, eine Konzentration zu erreichen, nach dem Stichwort \"Qualit\u00e4t vor Quantit\u00e4t\". Es geht darum, festzulegen, wer die Adressaten dieser Vernehmlassung sind. Es sind dies nat\u00fcrlich vor allem die Kantone, die einen besonderen Stellenwert haben sollen. Andererseits regelt das Vernehmlassungsgesetz die Form, insbesondere die Anpassung des Verfahrens an die neuen Informations- und Kommunikationsformen. </p>\n<p>Das Gesetz ist bewusst schlank gehalten; technische Bestimmungen sollen in den Ausf\u00fchrungsverordnungen geregelt werden. Ich m\u00f6chte es nicht unterlassen, der Kommission, aber auch den Fraktionssprechern f\u00fcr die fast einm\u00fctige Zustimmung zu danken. </p>\n<p>Ich bitte Sie, auf die Vorlage einzutreten.</p>\n</pd_text>","MeetingCouncilAbbreviation":"N","MeetingDate":"20040927","MeetingVerbalixOid":1217,"IdSession":"4705","SpeakerFirstName":"Annemarie","SpeakerLastName":"Huber-Hotz","SpeakerFullName":"Huber-Hotz Annemarie","SpeakerFunction":"BK-F","CouncilId":98,"CouncilName":"","CantonId":2,"CantonName":"Bern","CantonAbbreviation":"BE","ParlGroupName":null,"ParlGroupAbbreviation":null,"SortOrder":8,"Start":"\/Date(1096303400210)\/","End":"\/Date(1096303723291)\/","Function":"BK-F","DisplaySpeaker":true,"LanguageOfText":"DE","Modified":"\/Date(1774878068471)\/","StartTimeWithTimezone":"\/Date(1096303400210+0120)\/","EndTimeWithTimezone":"\/Date(1096303723290+0120)\/","VoteBusinessNumber":null,"VoteBusinessShortNumber":null,"VoteBusinessTitle":null},{"__metadata":{"id":"https://ws.parlament.ch/OData.svc/Transcript(ID=181909L,Language='DE')","uri":"https://ws.parlament.ch/OData.svc/Transcript(ID=181909L,Language='DE')","type":"itsystems.Pd.DataServices.DataModel.Transcript"},"Subjects":{"__deferred":{"uri":"https://ws.parlament.ch/OData.svc/Transcript(ID=181909L,Language='DE')/Subjects"}},"MembersCouncil":{"__deferred":{"uri":"https://ws.parlament.ch/OData.svc/Transcript(ID=181909L,Language='DE')/MembersCouncil"}},"Businesses":{"__deferred":{"uri":"https://ws.parlament.ch/OData.svc/Transcript(ID=181909L,Language='DE')/Businesses"}},"ID":"181909","Language":"DE","IdSubject":"33352","VoteId":null,"PersonNumber":138,"Type":1,"Text":"<pd_text><p><i>Eintreten wird ohne Gegenantrag beschlossen</i></p>\n<p><i>L'entr\u00e9e en mati\u00e8re est d\u00e9cid\u00e9e sans opposition</i></p>\n<p>[VS]</p>\n<p><b>Bundesgesetz \u00fcber das Vernehmlassungsverfahren </b></p>\n<p><b>Loi f\u00e9d\u00e9rale sur la proc\u00e9dure de consultation </b></p>\n<p>[VS]</p>\n<p><i>Detailberatung - Discussion par article</i></p>\n<p>[VS]</p>\n<p><b>Titel und Ingress</b></p>\n<p><i>Antrag der Kommission</i></p>\n<p>Zustimmung zum Beschluss des St\u00e4nderates</p>\n<p>[VS]</p>\n<p><b>Titre et pr\u00e9ambule</b></p>\n<p><i>Proposition de la commission</i></p>\n<p>Adh\u00e9rer \u00e0 la d\u00e9cision du Conseil des Etats</p>\n<p>[VS]</p>\n<p><i>Angenommen - Adopt\u00e9</i></p>\n<p>[VS]</p>\n<p><b>Art. 1</b></p>\n<p><i>Antrag der Kommission</i></p>\n<p><i>Abs. 1</i></p>\n<p>Zustimmung zum Entwurf des Bundesrates</p>\n<p><i>Abs. 2</i></p>\n<p>Zustimmung zum Beschluss des St\u00e4nderates</p>\n<p>[VS]</p>\n<p><b>Art. 1</b></p>\n<p><i>Proposition de la commission</i></p>\n<p><i>Al. 1</i></p>\n<p>Adh\u00e9rer au projet du Conseil f\u00e9d\u00e9ral</p>\n<p><i>Al. 2</i></p>\n<p>Adh\u00e9rer \u00e0 la d\u00e9cision du Conseil des Etats</p>\n</pd_text>","MeetingCouncilAbbreviation":"N","MeetingDate":"20040927","MeetingVerbalixOid":1217,"IdSession":"4705","SpeakerFirstName":"Jean-Philippe","SpeakerLastName":"Maitre","SpeakerFullName":"Maitre Jean-Philippe","SpeakerFunction":"1VP-M","CouncilId":1,"CouncilName":"Nationalrat","CantonId":25,"CantonName":"Genf","CantonAbbreviation":"GE","ParlGroupName":"Christlichdemokratische Fraktion","ParlGroupAbbreviation":"M-E","SortOrder":9,"Start":"\/Date(1096303723291)\/","End":"\/Date(1096303753115)\/","Function":"1VP-M","DisplaySpeaker":false,"LanguageOfText":null,"Modified":"\/Date(1774878068472)\/","StartTimeWithTimezone":"\/Date(1096303723290+0120)\/","EndTimeWithTimezone":"\/Date(1096303753117+0120)\/","VoteBusinessNumber":null,"VoteBusinessShortNumber":null,"VoteBusinessTitle":null},{"__metadata":{"id":"https://ws.parlament.ch/OData.svc/Transcript(ID=181910L,Language='DE')","uri":"https://ws.parlament.ch/OData.svc/Transcript(ID=181910L,Language='DE')","type":"itsystems.Pd.DataServices.DataModel.Transcript"},"Subjects":{"__deferred":{"uri":"https://ws.parlament.ch/OData.svc/Transcript(ID=181910L,Language='DE')/Subjects"}},"MembersCouncil":{"__deferred":{"uri":"https://ws.parlament.ch/OData.svc/Transcript(ID=181910L,Language='DE')/MembersCouncil"}},"Businesses":{"__deferred":{"uri":"https://ws.parlament.ch/OData.svc/Transcript(ID=181910L,Language='DE')/Businesses"}},"ID":"181910","Language":"DE","IdSubject":"33352","VoteId":null,"PersonNumber":826,"Type":1,"Text":"<pd_text><p>Ich m\u00f6chte nur noch eine Zusatzerkl\u00e4rung zur Frage abgeben, ob die Verfassungsbestimmung auch in Artikel 1 des Vernehmlassungsgesetzes erw\u00e4hnt werden soll. Es geht vor allem darum, die Mitwirkungsrechte der Kantone und interessierten Kreise im Vernehmlassungsgesetz von den in der Bundesverfassung vorgesehenen \u00fcbrigen Mitwirkungsrechten der Kantone abzugrenzen. Ich habe Ihrer Kommission versprochen, einige Ausf\u00fchrungen dazu zu machen.</p>\n<p>Die anderen Mitwirkungsrechte, wie sie in der Bundesverfassung vorgesehen sind oder in der Praxis auf Bundesebene gepflegt werden, betreffen vor allem die Mitwirkung der Kantone bei aussenpolitischen Entscheiden. Es geht um Artikel 55 der Bundesverfassung beziehungsweise um das Bundesgesetz \u00fcber die Mitwirkung der Kantone im Bereich der Aussenpolitik. Es geht aber auch um das Recht, dass acht Kantone zusammen ein Gesetzesreferendum ergreifen k\u00f6nnen, wie dies in Artikel 141 der Bundesverfassung geregelt ist. Ich erw\u00e4hne auch Artikel 160 der Bundesverfassung, wo es um das Gesetzesinitiativrecht der Kantone geht. Schliesslich m\u00f6chte ich darauf hinweisen, dass die Kantone ein Recht darauf haben, in verschiedenen Arbeitsgruppen und institutionalisierten Konferenzen mitzuwirken, allen voran im Rahmen des f\u00f6deralistischen Dialoges.</p>\n<p>In diesem Gesetz hier geht es aber darum, das eine Mitwirkungsrecht der Kantone zu regeln, n\u00e4mlich jenes im Vernehmlassungsverfahren.</p>\n</pd_text>","MeetingCouncilAbbreviation":"N","MeetingDate":"20040927","MeetingVerbalixOid":1217,"IdSession":"4705","SpeakerFirstName":"Annemarie","SpeakerLastName":"Huber-Hotz","SpeakerFullName":"Huber-Hotz Annemarie","SpeakerFunction":"BK-F","CouncilId":98,"CouncilName":"","CantonId":2,"CantonName":"Bern","CantonAbbreviation":"BE","ParlGroupName":null,"ParlGroupAbbreviation":null,"SortOrder":10,"Start":"\/Date(1096303753115)\/","End":"\/Date(1096303861554)\/","Function":"BK-F","DisplaySpeaker":true,"LanguageOfText":"DE","Modified":"\/Date(1774878068474)\/","StartTimeWithTimezone":"\/Date(1096303753117+0120)\/","EndTimeWithTimezone":"\/Date(1096303861553+0120)\/","VoteBusinessNumber":null,"VoteBusinessShortNumber":null,"VoteBusinessTitle":null},{"__metadata":{"id":"https://ws.parlament.ch/OData.svc/Transcript(ID=181911L,Language='DE')","uri":"https://ws.parlament.ch/OData.svc/Transcript(ID=181911L,Language='DE')","type":"itsystems.Pd.DataServices.DataModel.Transcript"},"Subjects":{"__deferred":{"uri":"https://ws.parlament.ch/OData.svc/Transcript(ID=181911L,Language='DE')/Subjects"}},"MembersCouncil":{"__deferred":{"uri":"https://ws.parlament.ch/OData.svc/Transcript(ID=181911L,Language='DE')/MembersCouncil"}},"Businesses":{"__deferred":{"uri":"https://ws.parlament.ch/OData.svc/Transcript(ID=181911L,Language='DE')/Businesses"}},"ID":"181911","Language":"DE","IdSubject":"33352","VoteId":null,"PersonNumber":138,"Type":1,"Text":"<pd_text><p><i>Angenommen - Adopt\u00e9</i></p>\n<p>[VS] [PAGE 1413] </p>\n<p><b>Art. 2</b></p>\n<p><i>Antrag der Kommission</i></p>\n<p>Zustimmung zum Beschluss des St\u00e4nderates</p>\n<p><i>Proposition de la commission</i></p>\n<p>Adh\u00e9rer \u00e0 la d\u00e9cision du Conseil des Etats</p>\n<p>[VS]</p>\n<p><i>Angenommen - Adopt\u00e9</i></p>\n<p>[VS]</p>\n<p><b>Art. 3</b></p>\n<p><i>Antrag der Kommission</i></p>\n<p><i>Abs. 1</i></p>\n<p>....</p>\n<p>b. Gesetzesbestimmungen im Sinne ....</p>\n<p>....</p>\n<p><i>Abs. 1bis</i></p>\n<p>Auf ein Vernehmlassungsverfahren zu Vorhaben gem\u00e4ss Absatz 1 wird verzichtet, wenn das Vorhaben keine wesentlichen unmittelbaren Interessen von Vernehmlassungsadressaten gem\u00e4ss Artikel 4 Absatz 2 betrifft.</p>\n<p><i>Abs. 2</i></p>\n<p>Zustimmung zum Beschluss des St\u00e4nderates</p>\n<p><i>Abs. 2bis</i></p>\n<p>Ein Vernehmlassungsverfahren zu Verordnungserlassen wird bei den Kantonen durchgef\u00fchrt, wenn sie in erheblichem Mass betroffen sind.</p>\n<p><i>Abs. 3</i></p>\n<p>Zustimmung zum Beschluss des St\u00e4nderates</p>\n<p>[VS]</p>\n<p><b>Art. 3</b></p>\n<p><i>Proposition de la commission</i></p>\n<p><i>Al. 1</i></p>\n<p>....</p>\n<p>b. les dispositions l\u00e9gales au sens ....</p>\n<p>....</p>\n<p><i>Al. 1bis</i></p>\n<p>Il n'est pas organis\u00e9 de consultation au sens de l'alin\u00e9a 1, si le projet est sans incidences directes sur les int\u00e9r\u00eats majeurs des institutions ou associations vis\u00e9es \u00e0 l'article 4 alin\u00e9a 2.</p>\n<p><i>Al. 2</i></p>\n<p>Adh\u00e9rer \u00e0 la d\u00e9cision du Conseil des Etats</p>\n<p><i>Al. 2bis</i></p>\n<p>Une consultation est organis\u00e9e aupr\u00e8s des cantons sur des projets d'ordonnance si ceux-ci sont largement concern\u00e9s.</p>\n<p><i>Al. 3</i></p>\n<p>Adh\u00e9rer \u00e0 la d\u00e9cision du Conseil des Etats</p>\n<p>[VS]</p>\n<p><i>Angenommen - Adopt\u00e9</i></p>\n<p>[VS]</p>\n<p><b>Art. 4</b></p>\n<p><i>Antrag der Kommission</i></p>\n<p><i>Abs. 1</i></p>\n<p>Zustimmung zum Beschluss des St\u00e4nderates</p>\n<p><i>Abs. 2, 3</i></p>\n<p>Zustimmung zum Entwurf des Bundesrates</p>\n<p>[VS]</p>\n<p><b>Art. 4</b></p>\n<p><i>Proposition de la commission</i></p>\n<p><i>Al. 1</i></p>\n<p>Adh\u00e9rer \u00e0 la d\u00e9cision du Conseil des Etats</p>\n<p><i>Al. 2, 3</i></p>\n<p>Adh\u00e9rer au projet du Conseil f\u00e9d\u00e9ral</p>\n<p>[VS]</p>\n<p><i>Angenommen - Adopt\u00e9</i></p>\n<p>[VS]</p>\n<p><b>Art. 5</b></p>\n<p><i>Antrag der Kommission</i></p>\n<p><i>Abs. 1, 2</i></p>\n<p>Zustimmung zum Beschluss des St\u00e4nderates</p>\n<p><i>Abs. 3</i></p>\n<p>Die Bundeskanzlei koordiniert die Vernehmlassungen und gibt jede Er\u00f6ffnung ....</p>\n<p>[VS]</p>\n<p><b>Art. 5</b></p>\n<p><i>Proposition de la commission</i></p>\n<p><i>Al. 1, 2</i></p>\n<p>Adh\u00e9rer \u00e0 la d\u00e9cision du Conseil des Etats</p>\n<p><i>Al. 3</i></p>\n<p>La Chancellerie f\u00e9d\u00e9rale assure la coordination des consultations et publie l'annonce de l'ouverture ....</p>\n<p>[VS]</p>\n<p><i>Angenommen - Adopt\u00e9</i></p>\n<p>[VS]</p>\n<p><b>Art. 6</b></p>\n<p><i>Antrag der Kommission</i></p>\n<p>Zustimmung zum Beschluss des St\u00e4nderates</p>\n<p><i>Proposition de la commission</i></p>\n<p>Adh\u00e9rer \u00e0 la d\u00e9cision du Conseil des Etats</p>\n<p>[VS]</p>\n<p><i>Angenommen - Adopt\u00e9</i></p>\n<p>[VS]</p>\n<p><b>Art. 7</b></p>\n<p><i>Antrag der Kommission</i></p>\n<p>Zustimmung zum Beschluss des St\u00e4nderates</p>\n<p>[VS]</p>\n<p><i>Antrag Parmelin</i></p>\n<p><i>Abs. 2</i></p>\n<p>Streichen</p>\n<p><i>Abs. 3</i></p>\n<p>Die Vernehmlassungsfrist betr\u00e4gt drei Monate. Sie wird ....</p>\n<p><i>Abs. 4</i></p>\n<p>Bei \u00e4usserster Dringlichkeit kann das Vernehmlassungsverfahren ganz oder teilweise konferenziell durchgef\u00fchrt werden. \u00dcber ein konferenzielles Vernehmlassungsverfahren ist Protokoll zu f\u00fchren.</p>\n<p>[VS]</p>\n<p><b>Art. 7</b></p>\n<p><i>Proposition de la commission</i></p>\n<p>Adh\u00e9rer \u00e0 la d\u00e9cision du Conseil des Etats</p>\n<p>[VS]</p>\n<p><i>Proposition Parmelin</i></p>\n<p><i>Al. 2</i></p>\n<p>Biffer</p>\n<p><i>Al. 3</i></p>\n<p>Le d\u00e9lai de la consultation est de trois mois. S'il comprend ....</p>\n<p><i>Al. 4</i></p>\n<p>En cas d'extr\u00eame urgence, la consultation peut \u00eatre men\u00e9e en tout ou en partie sous la forme d'une conf\u00e9rence. En pareil cas, un proc\u00e8s-verbal doit \u00eatre dress\u00e9.</p>\n</pd_text>","MeetingCouncilAbbreviation":"N","MeetingDate":"20040927","MeetingVerbalixOid":1217,"IdSession":"4705","SpeakerFirstName":"Jean-Philippe","SpeakerLastName":"Maitre","SpeakerFullName":"Maitre Jean-Philippe","SpeakerFunction":"1VP-M","CouncilId":1,"CouncilName":"Nationalrat","CantonId":25,"CantonName":"Genf","CantonAbbreviation":"GE","ParlGroupName":"Christlichdemokratische Fraktion","ParlGroupAbbreviation":"M-E","SortOrder":11,"Start":"\/Date(1096303861554)\/","End":"\/Date(1096303894846)\/","Function":"1VP-M","DisplaySpeaker":false,"LanguageOfText":null,"Modified":"\/Date(1774878068476)\/","StartTimeWithTimezone":"\/Date(1096303861553+0120)\/","EndTimeWithTimezone":"\/Date(1096303894847+0120)\/","VoteBusinessNumber":null,"VoteBusinessShortNumber":null,"VoteBusinessTitle":null},{"__metadata":{"id":"https://ws.parlament.ch/OData.svc/Transcript(ID=181912L,Language='DE')","uri":"https://ws.parlament.ch/OData.svc/Transcript(ID=181912L,Language='DE')","type":"itsystems.Pd.DataServices.DataModel.Transcript"},"Subjects":{"__deferred":{"uri":"https://ws.parlament.ch/OData.svc/Transcript(ID=181912L,Language='DE')/Subjects"}},"MembersCouncil":{"__deferred":{"uri":"https://ws.parlament.ch/OData.svc/Transcript(ID=181912L,Language='DE')/MembersCouncil"}},"Businesses":{"__deferred":{"uri":"https://ws.parlament.ch/OData.svc/Transcript(ID=181912L,Language='DE')/Businesses"}},"ID":"181912","Language":"DE","IdSubject":"33352","VoteId":null,"PersonNumber":1108,"Type":1,"Text":"<pd_text><p>Si j'ai d\u00e9pos\u00e9 cette proposition \u00e0 l'article 7, c'est parce que je trouve le texte propos\u00e9 plut\u00f4t laxiste et mal structur\u00e9. Il a une f\u00e2cheuse tendance \u00e0 vouloir privil\u00e9gier le syst\u00e8me de la conf\u00e9rence, avec pour inconv\u00e9nient un manque de r\u00e9flexion quant au fond des probl\u00e8mes. Lorsqu'on sait qu'aujourd'hui les d\u00e9lais ne sont pas respect\u00e9s dans 70 pour cent des cas, il me para\u00eet important de redonner tr\u00e8s clairement la priorit\u00e9 \u00e0 la forme traditionnelle, par rapport \u00e0 ce que doit \u00eatre la proc\u00e9dure de consultation. De mon point de vue, elle doit comporter un d\u00e9lai clairement fix\u00e9 dans la loi et auquel il ne doit \u00eatre d\u00e9rog\u00e9 qu'en cas d'extr\u00eame urgence, le but \u00e9tant que les instances consult\u00e9es puissent se prononcer au terme d'une analyse d\u00e9taill\u00e9e quant au fond, et non pas dans la plus grande pr\u00e9cipitation.</p>\n<p>De plus, la Conf\u00e9d\u00e9ration \u00e9tant cens\u00e9e montrer quelque peu l'exemple, le fait de recadrer tr\u00e8s clairement cet instrument doit avoir \u00e9galement pour cons\u00e9quence que les cantons - qui ont \u00e9galement tendance \u00e0 prendre quelques libert\u00e9s avec les d\u00e9lais en mati\u00e8re de consultation - en reviennent eux aussi \u00e0 respecter les proc\u00e9dures sur le plan cantonal.</p>\n<p>C'est pourquoi, de mon point de vue, il convient de renverser la construction du texte du Conseil f\u00e9d\u00e9ral en abrogeant l'alin\u00e9a 2, en fixant \u00e0 l'alin\u00e9a 3 la r\u00e8gle de base clairement \u00e9nonc\u00e9e, et en indiquant strictement les conditions de d\u00e9rogation dans un alin\u00e9a 4.</p>\n<p>Je vous demande donc de soutenir cette proposition.</p>\n<p>[PAGE 1414] </p>\n</pd_text>","MeetingCouncilAbbreviation":"N","MeetingDate":"20040927","MeetingVerbalixOid":1217,"IdSession":"4705","SpeakerFirstName":"Guy","SpeakerLastName":"Parmelin","SpeakerFullName":"Parmelin Guy","SpeakerFunction":"Mit-M","CouncilId":1,"CouncilName":"Nationalrat","CantonId":22,"CantonName":"Waadt","CantonAbbreviation":"VD","ParlGroupName":"Fraktion der Schweizerischen Volkspartei","ParlGroupAbbreviation":"V","SortOrder":12,"Start":"\/Date(1096303894846)\/","End":"\/Date(1096304007628)\/","Function":"Mit-M","DisplaySpeaker":true,"LanguageOfText":"FR","Modified":"\/Date(1774878068478)\/","StartTimeWithTimezone":"\/Date(1096303894847+0120)\/","EndTimeWithTimezone":"\/Date(1096304007627+0120)\/","VoteBusinessNumber":null,"VoteBusinessShortNumber":null,"VoteBusinessTitle":null}]},"ID":"33352","Language":"DE","IdMeeting":"1954","VerbalixOid":109973,"SortOrder":40,"Modified":"\/Date(1774878068446)\/"}}