{"d":{"__metadata":{"id":"https://ws.parlament.ch/OData.svc/Subject(ID=33500L,Language='DE')","uri":"https://ws.parlament.ch/OData.svc/Subject(ID=33500L,Language='DE')","type":"itsystems.Pd.DataServices.DataModel.Subject"},"Meetings":{"__metadata":{"id":"https://ws.parlament.ch/OData.svc/Meeting(ID=1959L,Language='DE')","uri":"https://ws.parlament.ch/OData.svc/Meeting(ID=1959L,Language='DE')","type":"itsystems.Pd.DataServices.DataModel.Meeting"},"Sessions":{"__deferred":{"uri":"https://ws.parlament.ch/OData.svc/Meeting(ID=1959L,Language='DE')/Sessions"}},"Subjects":{"__deferred":{"uri":"https://ws.parlament.ch/OData.svc/Meeting(ID=1959L,Language='DE')/Subjects"}},"ID":"1959","Language":"DE","MeetingNumber":2,"IdSession":4907,"SessionNumber":7,"SessionName":"Fr\u00fchjahrssession 2013","Council":1,"CouncilName":"Nationalrat","CouncilAbbreviation":"NR","Date":"\/Date(1362441600000)\/","Begin":"0800","Modified":"\/Date(1447070449603)\/","LegislativePeriodNumber":49,"PublicationStatus":"final","MeetingOrderText":"Zweite Sitzung","SortOrder":2,"Location":"N"},"SubjectsBusiness":{"results":[{"__metadata":{"id":"https://ws.parlament.ch/OData.svc/SubjectBusiness(BusinessNumber=20110300,IdSubject=33500L,Language='DE')","uri":"https://ws.parlament.ch/OData.svc/SubjectBusiness(BusinessNumber=20110300,IdSubject=33500L,Language='DE')","type":"itsystems.Pd.DataServices.DataModel.SubjectBusiness"},"Subjects":{"__deferred":{"uri":"https://ws.parlament.ch/OData.svc/SubjectBusiness(BusinessNumber=20110300,IdSubject=33500L,Language='DE')/Subjects"}},"Businesses":{"__deferred":{"uri":"https://ws.parlament.ch/OData.svc/SubjectBusiness(BusinessNumber=20110300,IdSubject=33500L,Language='DE')/Businesses"}},"IdSubject":"33500","BusinessNumber":20110300,"Language":"DE","BusinessShortNumber":"11.300","Title":"Einf\u00fchrung eines Aus- und Weiterbildungsabzuges f\u00fcr Kinder und Jugendliche in der Steuergesetzgebung","SortOrder":1,"PublishedNotes":"Vorpr\u00fcfung - Examen pr\u00e9alable\n","Modified":"\/Date(1447069493243)\/","TitleDE":"Standesinitiative Zug.\nEinf\u00fchrung\neines Aus- und Weiterbildungsabzuges\nf\u00fcr Kinder und Jugendliche\nin der Steuergesetzgebung","TitleFR":"Initiative cantonale Zoug.\nIntroduction d'une d\u00e9duction pour\nla formation et la formation continue\ndes enfants et des jeunes\ndans la l\u00e9gislation fiscale","TitleIT":null}]},"Transcripts":{"results":[{"__metadata":{"id":"https://ws.parlament.ch/OData.svc/Transcript(ID=182496L,Language='DE')","uri":"https://ws.parlament.ch/OData.svc/Transcript(ID=182496L,Language='DE')","type":"itsystems.Pd.DataServices.DataModel.Transcript"},"Subjects":{"__deferred":{"uri":"https://ws.parlament.ch/OData.svc/Transcript(ID=182496L,Language='DE')/Subjects"}},"MembersCouncil":{"__deferred":{"uri":"https://ws.parlament.ch/OData.svc/Transcript(ID=182496L,Language='DE')/MembersCouncil"}},"Businesses":{"__deferred":{"uri":"https://ws.parlament.ch/OData.svc/Transcript(ID=182496L,Language='DE')/Businesses"}},"ID":"182496","Language":"DE","IdSubject":"33500","VoteId":null,"PersonNumber":806,"Type":1,"Text":"<pd_text><p><b>Pr\u00e4sidentin </b>(Graf Maya, Pr\u00e4sidentin): Die Standesinitiative wurde soeben im Rahmen der Beratungen zum Gesch\u00e4ft 11.023 behandelt. Die Kommission beantragt, der Standesinitiative keine Folge zu geben. </p>\n<p>[VS]</p>\n<p><i>Der Initiative wird keine Folge gegeben</i></p>\n<p><i>Il n'est pas donn\u00e9 suite \u00e0 l'initiative</i></p>\n</pd_text>","MeetingCouncilAbbreviation":"N","MeetingDate":"20130305","MeetingVerbalixOid":2283,"IdSession":"4907","SpeakerFirstName":"Maya","SpeakerLastName":"Graf","SpeakerFullName":"Graf Maya","SpeakerFunction":"P-F","CouncilId":1,"CouncilName":"Nationalrat","CantonId":13,"CantonName":"Basel-Landschaft","CantonAbbreviation":"BL","ParlGroupName":"Gr\u00fcne Fraktion","ParlGroupAbbreviation":"G","SortOrder":1,"Start":"\/Date(1362479239187)\/","End":"\/Date(1362479277332)\/","Function":"P-F","DisplaySpeaker":false,"LanguageOfText":null,"Modified":"\/Date(1774877583199)\/","StartTimeWithTimezone":"\/Date(1362479239187+0060)\/","EndTimeWithTimezone":"\/Date(1362479277333+0060)\/","VoteBusinessNumber":null,"VoteBusinessShortNumber":null,"VoteBusinessTitle":null}]},"ID":"33500","Language":"DE","IdMeeting":"1959","VerbalixOid":399197,"SortOrder":3,"Modified":"\/Date(1774877583190)\/"}}