{"d":{"__metadata":{"id":"https://ws.parlament.ch/OData.svc/Subject(ID=33531L,Language='DE')","uri":"https://ws.parlament.ch/OData.svc/Subject(ID=33531L,Language='DE')","type":"itsystems.Pd.DataServices.DataModel.Subject"},"Meetings":{"__metadata":{"id":"https://ws.parlament.ch/OData.svc/Meeting(ID=1960L,Language='DE')","uri":"https://ws.parlament.ch/OData.svc/Meeting(ID=1960L,Language='DE')","type":"itsystems.Pd.DataServices.DataModel.Meeting"},"Sessions":{"__deferred":{"uri":"https://ws.parlament.ch/OData.svc/Meeting(ID=1960L,Language='DE')/Sessions"}},"Subjects":{"__deferred":{"uri":"https://ws.parlament.ch/OData.svc/Meeting(ID=1960L,Language='DE')/Subjects"}},"ID":"1960","Language":"DE","MeetingNumber":10,"IdSession":4917,"SessionNumber":17,"SessionName":"Fr\u00fchjahrssession 2015","Council":2,"CouncilName":"St\u00e4nderat","CouncilAbbreviation":"SR","Date":"\/Date(1426550400000)\/","Begin":"0815","Modified":"\/Date(1447070449970)\/","LegislativePeriodNumber":49,"PublicationStatus":"final","MeetingOrderText":"Zehnte Sitzung","SortOrder":10,"Location":"S"},"SubjectsBusiness":{"results":[{"__metadata":{"id":"https://ws.parlament.ch/OData.svc/SubjectBusiness(BusinessNumber=20144012,IdSubject=33531L,Language='DE')","uri":"https://ws.parlament.ch/OData.svc/SubjectBusiness(BusinessNumber=20144012,IdSubject=33531L,Language='DE')","type":"itsystems.Pd.DataServices.DataModel.SubjectBusiness"},"Subjects":{"__deferred":{"uri":"https://ws.parlament.ch/OData.svc/SubjectBusiness(BusinessNumber=20144012,IdSubject=33531L,Language='DE')/Subjects"}},"Businesses":{"__deferred":{"uri":"https://ws.parlament.ch/OData.svc/SubjectBusiness(BusinessNumber=20144012,IdSubject=33531L,Language='DE')/Businesses"}},"IdSubject":"33531","BusinessNumber":20144012,"Language":"DE","BusinessShortNumber":"14.4012","Title":"Evaluation von (Gross-)Projekten","SortOrder":1,"PublishedNotes":null,"Modified":"\/Date(1447069649143)\/","TitleDE":"Postulat GPK-SR.\nEvaluation von (Gross-)Projekten","TitleFR":"Postulat CdG-CE.\nEvaluation de (grands) projets","TitleIT":null}]},"Transcripts":{"results":[{"__metadata":{"id":"https://ws.parlament.ch/OData.svc/Transcript(ID=182678L,Language='DE')","uri":"https://ws.parlament.ch/OData.svc/Transcript(ID=182678L,Language='DE')","type":"itsystems.Pd.DataServices.DataModel.Transcript"},"Subjects":{"__deferred":{"uri":"https://ws.parlament.ch/OData.svc/Transcript(ID=182678L,Language='DE')/Subjects"}},"MembersCouncil":{"__deferred":{"uri":"https://ws.parlament.ch/OData.svc/Transcript(ID=182678L,Language='DE')/MembersCouncil"}},"Businesses":{"__deferred":{"uri":"https://ws.parlament.ch/OData.svc/Transcript(ID=182678L,Language='DE')/Businesses"}},"ID":"182678","Language":"DE","IdSubject":"33531","VoteId":null,"PersonNumber":3916,"Type":1,"Text":"<pd_text><p><i>Angenommen - Adopt\u00e9</i></p>\n</pd_text>","MeetingCouncilAbbreviation":"S","MeetingDate":"20150317","MeetingVerbalixOid":2584,"IdSession":"4917","SpeakerFirstName":"Claude","SpeakerLastName":"H\u00eache","SpeakerFullName":"H\u00eache Claude","SpeakerFunction":"P-M","CouncilId":2,"CouncilName":"St\u00e4nderat","CantonId":26,"CantonName":"Jura","CantonAbbreviation":"JU","ParlGroupName":"Sozialdemokratische Fraktion","ParlGroupAbbreviation":"S","SortOrder":3,"Start":"\/Date(1426589314697)\/","End":"\/Date(1426589335080)\/","Function":"P-M","DisplaySpeaker":false,"LanguageOfText":null,"Modified":"\/Date(1510850349297)\/","StartTimeWithTimezone":"\/Date(1426589314697+0060)\/","EndTimeWithTimezone":"\/Date(1426589335080+0060)\/","VoteBusinessNumber":null,"VoteBusinessShortNumber":null,"VoteBusinessTitle":null},{"__metadata":{"id":"https://ws.parlament.ch/OData.svc/Transcript(ID=182679L,Language='DE')","uri":"https://ws.parlament.ch/OData.svc/Transcript(ID=182679L,Language='DE')","type":"itsystems.Pd.DataServices.DataModel.Transcript"},"Subjects":{"__deferred":{"uri":"https://ws.parlament.ch/OData.svc/Transcript(ID=182679L,Language='DE')/Subjects"}},"MembersCouncil":{"__deferred":{"uri":"https://ws.parlament.ch/OData.svc/Transcript(ID=182679L,Language='DE')/MembersCouncil"}},"Businesses":{"__deferred":{"uri":"https://ws.parlament.ch/OData.svc/Transcript(ID=182679L,Language='DE')/Businesses"}},"ID":"182679","Language":"DE","IdSubject":"33531","VoteId":null,"PersonNumber":4064,"Type":1,"Text":"<pd_text><p>Hier kann ich es k\u00fcrzer machen und beginne mit einer formalen Vorbemerkung. Es handelt sich bei diesem Vorstoss nicht um eine Motion, wie in der Stellungnahme des Bundesrates zweimal steht, sondern um ein Postulat; dies einfach zuhanden des Amtlichen Bulletins.</p>\n<p>Der Bundesrat \u00e4ussert sich in seiner Stellungnahme zum Postulat selbst nicht zur darin enthaltenen Forderung, eine Vorgabe zu pr\u00fcfen, ob Grossprojekte standardm\u00e4ssig im Rahmen von Projektassessments und Projektevaluationen \u00fcberpr\u00fcft werden sollen. Inwiefern dies im Rahmen der angek\u00fcndigten Weisungsanpassung geschehen soll, ist deshalb v\u00f6llig offen. Projektassessments zeigen den Projektauftraggebern und Projektleitenden die aktuelle Situation ihres Projekts bzw. ihrer Projekte w\u00e4hrend oder am Ende jeder Projektphase auf. Damit bieten sie ihnen die M\u00f6glichkeit, zielgerichtet und priorisiert Verbesserungen oder Optimierungen vorzunehmen. </p>\n<p>Die Finanzkommissionen und die Gesch\u00e4ftspr\u00fcfungskommissionen sind der Meinung, dass sich ein solches Instrument gerade bei Insieme als n\u00fctzlich erwiesen h\u00e4tte. Grossprojekte, insbesondere Reorganisationen, wie sie auch im Rahmen von Insieme vorgenommen wurden, sind oft nach Projektende noch instabil und weisen die Gefahr auf, dass sich das Ergebnis wieder dem urspr\u00fcnglichen Zustand ann\u00e4hert. Es kann deshalb Sinn machen, nach ein bis zwei Jahren eine Projektevaluation vorzunehmen und zu pr\u00fcfen, ob die Ziele definitiv erreicht wurden. </p>\n<p>Ich beantrage Ihnen, wie es der Bundesrat auch tut, die Annahme des Postulates.</p>\n</pd_text>","MeetingCouncilAbbreviation":"S","MeetingDate":"20150317","MeetingVerbalixOid":2584,"IdSession":"4917","SpeakerFirstName":"Joachim","SpeakerLastName":"Eder","SpeakerFullName":"Eder Joachim","SpeakerFunction":"Mit-M","CouncilId":2,"CouncilName":"St\u00e4nderat","CantonId":9,"CantonName":"Zug","CantonAbbreviation":"ZG","ParlGroupName":"FDP-Liberale Fraktion","ParlGroupAbbreviation":"RL","SortOrder":2,"Start":"\/Date(1426589203943)\/","End":"\/Date(1426589314697)\/","Function":"*","DisplaySpeaker":true,"LanguageOfText":"DE","Modified":"\/Date(1510850349297)\/","StartTimeWithTimezone":"\/Date(1426589203943+0060)\/","EndTimeWithTimezone":"\/Date(1426589314697+0060)\/","VoteBusinessNumber":null,"VoteBusinessShortNumber":null,"VoteBusinessTitle":null},{"__metadata":{"id":"https://ws.parlament.ch/OData.svc/Transcript(ID=182680L,Language='DE')","uri":"https://ws.parlament.ch/OData.svc/Transcript(ID=182680L,Language='DE')","type":"itsystems.Pd.DataServices.DataModel.Transcript"},"Subjects":{"__deferred":{"uri":"https://ws.parlament.ch/OData.svc/Transcript(ID=182680L,Language='DE')/Subjects"}},"MembersCouncil":{"__deferred":{"uri":"https://ws.parlament.ch/OData.svc/Transcript(ID=182680L,Language='DE')/MembersCouncil"}},"Businesses":{"__deferred":{"uri":"https://ws.parlament.ch/OData.svc/Transcript(ID=182680L,Language='DE')/Businesses"}},"ID":"182680","Language":"DE","IdSubject":"33531","VoteId":null,"PersonNumber":3916,"Type":1,"Text":"<pd_text><p><b>Le pr\u00e9sident</b> (H\u00eache Claude, pr\u00e9sident): Le Conseil f\u00e9d\u00e9ral propose d'adopter le postulat.</p>\n</pd_text>","MeetingCouncilAbbreviation":"S","MeetingDate":"20150317","MeetingVerbalixOid":2584,"IdSession":"4917","SpeakerFirstName":"Claude","SpeakerLastName":"H\u00eache","SpeakerFullName":"H\u00eache Claude","SpeakerFunction":"P-M","CouncilId":2,"CouncilName":"St\u00e4nderat","CantonId":26,"CantonName":"Jura","CantonAbbreviation":"JU","ParlGroupName":"Sozialdemokratische Fraktion","ParlGroupAbbreviation":"S","SortOrder":1,"Start":"\/Date(1426589190817)\/","End":"\/Date(1426589203943)\/","Function":"P-M","DisplaySpeaker":false,"LanguageOfText":null,"Modified":"\/Date(1510850349280)\/","StartTimeWithTimezone":"\/Date(1426589190817+0060)\/","EndTimeWithTimezone":"\/Date(1426589203943+0060)\/","VoteBusinessNumber":null,"VoteBusinessShortNumber":null,"VoteBusinessTitle":null}]},"ID":"33531","Language":"DE","IdMeeting":"1960","VerbalixOid":461404,"SortOrder":7,"Modified":"\/Date(1510850349280)\/"}}