{"d":{"__metadata":{"id":"https://ws.parlament.ch/OData.svc/Subject(ID=3389L,Language='DE')","uri":"https://ws.parlament.ch/OData.svc/Subject(ID=3389L,Language='DE')","type":"itsystems.Pd.DataServices.DataModel.Subject"},"Meetings":{"__metadata":{"id":"https://ws.parlament.ch/OData.svc/Meeting(ID=240L,Language='DE')","uri":"https://ws.parlament.ch/OData.svc/Meeting(ID=240L,Language='DE')","type":"itsystems.Pd.DataServices.DataModel.Meeting"},"Sessions":{"__deferred":{"uri":"https://ws.parlament.ch/OData.svc/Meeting(ID=240L,Language='DE')/Sessions"}},"Subjects":{"__deferred":{"uri":"https://ws.parlament.ch/OData.svc/Meeting(ID=240L,Language='DE')/Subjects"}},"ID":"240","Language":"DE","MeetingNumber":15,"IdSession":4611,"SessionNumber":11,"SessionName":"Wintersession 2001","Council":1,"CouncilName":"Nationalrat","CouncilAbbreviation":"NR","Date":"\/Date(1008288000000)\/","Begin":"0800","Modified":"\/Date(1447069776973)\/","LegislativePeriodNumber":46,"PublicationStatus":"final","MeetingOrderText":"F\u00fcnfzehnte Sitzung","SortOrder":15,"Location":"N"},"SubjectsBusiness":{"results":[{"__metadata":{"id":"https://ws.parlament.ch/OData.svc/SubjectBusiness(BusinessNumber=20010051,IdSubject=3389L,Language='DE')","uri":"https://ws.parlament.ch/OData.svc/SubjectBusiness(BusinessNumber=20010051,IdSubject=3389L,Language='DE')","type":"itsystems.Pd.DataServices.DataModel.SubjectBusiness"},"Subjects":{"__deferred":{"uri":"https://ws.parlament.ch/OData.svc/SubjectBusiness(BusinessNumber=20010051,IdSubject=3389L,Language='DE')/Subjects"}},"Businesses":{"__deferred":{"uri":"https://ws.parlament.ch/OData.svc/SubjectBusiness(BusinessNumber=20010051,IdSubject=3389L,Language='DE')/Businesses"}},"IdSubject":"3389","BusinessNumber":20010051,"Language":"DE","BusinessShortNumber":"01.051","Title":"F\u00f6rderung der Nutzung von Informations- und Kommunikationstechnologien in den Schulen. Bundesgesetz","SortOrder":1,"PublishedNotes":"Schlussabstimmung - Vote final\n","Modified":"\/Date(1447069143903)\/","TitleDE":"F\u00f6rderung der Nutzung\nvon Informations- und\nKommunikationstechnologien\nin den Schulen. Bundesgesetz","TitleFR":"Encouragement de l'utilisation\ndes technologies de l'information\net de la communication\ndans les \u00e9coles. Loi f\u00e9d\u00e9rale","TitleIT":null}]},"Transcripts":{"results":[{"__metadata":{"id":"https://ws.parlament.ch/OData.svc/Transcript(ID=18023L,Language='DE')","uri":"https://ws.parlament.ch/OData.svc/Transcript(ID=18023L,Language='DE')","type":"itsystems.Pd.DataServices.DataModel.Transcript"},"Subjects":{"__deferred":{"uri":"https://ws.parlament.ch/OData.svc/Transcript(ID=18023L,Language='DE')/Subjects"}},"MembersCouncil":{"__deferred":{"uri":"https://ws.parlament.ch/OData.svc/Transcript(ID=18023L,Language='DE')/MembersCouncil"}},"Businesses":{"__deferred":{"uri":"https://ws.parlament.ch/OData.svc/Transcript(ID=18023L,Language='DE')/Businesses"}},"ID":"18023","Language":"DE","IdSubject":"3389","VoteId":"1905","PersonNumber":null,"Type":2,"Text":"<pd_text><p><b>1. Bundesgesetz \u00fcber die F\u00f6rderung der Nutzung von Informations- und Kommunikationstechnologien in den Schulen </b></p>\n<p><b>1. Loi f\u00e9d\u00e9rale sur l'encouragement de l'utilisation des technologies de l'information et de la communication dans les \u00e9coles </b></p>\n<p>[VS]</p>\n<p><i>Abstimmung - Vote</i></p>\n<p>[NAM]</p>\n<p>F\u00fcr Annahme des Entwurfes .... 126 Stimmen</p>\n<p>Dagegen .... 47 Stimmen</p>\n</pd_text>","MeetingCouncilAbbreviation":"N","MeetingDate":"20011214","MeetingVerbalixOid":877,"IdSession":"4611","SpeakerFirstName":null,"SpeakerLastName":null,"SpeakerFullName":"","SpeakerFunction":null,"CouncilId":null,"CouncilName":null,"CantonId":null,"CantonName":null,"CantonAbbreviation":null,"ParlGroupName":null,"ParlGroupAbbreviation":null,"SortOrder":1,"Start":null,"End":null,"Function":null,"DisplaySpeaker":null,"LanguageOfText":"DE","Modified":"\/Date(1774878211276)\/","StartTimeWithTimezone":null,"EndTimeWithTimezone":null,"VoteBusinessNumber":20010051,"VoteBusinessShortNumber":"01.051","VoteBusinessTitle":"F\u00f6rderung der Nutzung\nvon Informations- und\nKommunikationstechnologien\nin den Schulen. Bundesgesetz"}]},"ID":"3389","Language":"DE","IdMeeting":"240","VerbalixOid":46284,"SortOrder":155,"Modified":"\/Date(1774878211271)\/"}}