{"d":{"__metadata":{"id":"https://ws.parlament.ch/OData.svc/Subject(ID=34210L,Language='DE')","uri":"https://ws.parlament.ch/OData.svc/Subject(ID=34210L,Language='DE')","type":"itsystems.Pd.DataServices.DataModel.Subject"},"Meetings":{"__metadata":{"id":"https://ws.parlament.ch/OData.svc/Meeting(ID=1964L,Language='DE')","uri":"https://ws.parlament.ch/OData.svc/Meeting(ID=1964L,Language='DE')","type":"itsystems.Pd.DataServices.DataModel.Meeting"},"Sessions":{"__deferred":{"uri":"https://ws.parlament.ch/OData.svc/Meeting(ID=1964L,Language='DE')/Sessions"}},"Subjects":{"__deferred":{"uri":"https://ws.parlament.ch/OData.svc/Meeting(ID=1964L,Language='DE')/Subjects"}},"ID":"1964","Language":"DE","MeetingNumber":17,"IdSession":4910,"SessionNumber":10,"SessionName":"Herbstsession 2013","Council":1,"CouncilName":"Nationalrat","CouncilAbbreviation":"NR","Date":"\/Date(1380240000000)\/","Begin":"0800","Modified":"\/Date(1447070454610)\/","LegislativePeriodNumber":49,"PublicationStatus":"final","MeetingOrderText":"Siebzehnte Sitzung","SortOrder":17,"Location":"N"},"SubjectsBusiness":{"results":[{"__metadata":{"id":"https://ws.parlament.ch/OData.svc/SubjectBusiness(BusinessNumber=20132044,IdSubject=34210L,Language='DE')","uri":"https://ws.parlament.ch/OData.svc/SubjectBusiness(BusinessNumber=20132044,IdSubject=34210L,Language='DE')","type":"itsystems.Pd.DataServices.DataModel.SubjectBusiness"},"Subjects":{"__deferred":{"uri":"https://ws.parlament.ch/OData.svc/SubjectBusiness(BusinessNumber=20132044,IdSubject=34210L,Language='DE')/Subjects"}},"Businesses":{"__deferred":{"uri":"https://ws.parlament.ch/OData.svc/SubjectBusiness(BusinessNumber=20132044,IdSubject=34210L,Language='DE')/Businesses"}},"IdSubject":"34210","BusinessNumber":20132044,"Language":"DE","BusinessShortNumber":"13.2044","Title":"Lenkungsabgabe auf nichterneuerbaren Energien","SortOrder":1,"PublishedNotes":null,"Modified":"\/Date(1447069586276)\/","TitleDE":"Petition Jugendsession 2011.\nLenkungsabgabe\nauf nichterneuerbaren Energien","TitleFR":"P\u00e9tition Session des jeunes 2011.\nTaxe d'incitation\nsur les \u00e9nergies non renouvelables","TitleIT":null}]},"Transcripts":{"results":[{"__metadata":{"id":"https://ws.parlament.ch/OData.svc/Transcript(ID=183560L,Language='DE')","uri":"https://ws.parlament.ch/OData.svc/Transcript(ID=183560L,Language='DE')","type":"itsystems.Pd.DataServices.DataModel.Transcript"},"Subjects":{"__deferred":{"uri":"https://ws.parlament.ch/OData.svc/Transcript(ID=183560L,Language='DE')/Subjects"}},"MembersCouncil":{"__deferred":{"uri":"https://ws.parlament.ch/OData.svc/Transcript(ID=183560L,Language='DE')/MembersCouncil"}},"Businesses":{"__deferred":{"uri":"https://ws.parlament.ch/OData.svc/Transcript(ID=183560L,Language='DE')/Businesses"}},"ID":"183560","Language":"DE","IdSubject":"34210","VoteId":null,"PersonNumber":null,"Type":3,"Text":"<pd_text><p>[VS]</p>\n<p>[VS]</p>\n<p>[VS]</p>\n<p>[VS]</p>\n<p><b>Pr\u00e4sidentin </b>(Graf Maya, Pr\u00e4sidentin): Wir stimmen nun \u00fcber die parlamentarischen Vorst\u00f6sse ab, die in der letzten Session bek\u00e4mpft wurden.</p>\n<p>[VS] [PAGE 1743] </p>\n<p>[VS]</p>\n<p>[VS]</p>\n<p>[VS]</p>\n</pd_text>","MeetingCouncilAbbreviation":"N","MeetingDate":"20130927","MeetingVerbalixOid":2382,"IdSession":"4910","SpeakerFirstName":null,"SpeakerLastName":null,"SpeakerFullName":"","SpeakerFunction":null,"CouncilId":null,"CouncilName":null,"CantonId":null,"CantonName":null,"CantonAbbreviation":null,"ParlGroupName":null,"ParlGroupAbbreviation":null,"SortOrder":2,"Start":"\/Date(1380269955763)\/","End":"\/Date(1380269955763)\/","Function":null,"DisplaySpeaker":null,"LanguageOfText":"DE","Modified":"\/Date(1774877561709)\/","StartTimeWithTimezone":"\/Date(1380269955763+0120)\/","EndTimeWithTimezone":"\/Date(1380269955763+0120)\/","VoteBusinessNumber":null,"VoteBusinessShortNumber":null,"VoteBusinessTitle":null},{"__metadata":{"id":"https://ws.parlament.ch/OData.svc/Transcript(ID=183561L,Language='DE')","uri":"https://ws.parlament.ch/OData.svc/Transcript(ID=183561L,Language='DE')","type":"itsystems.Pd.DataServices.DataModel.Transcript"},"Subjects":{"__deferred":{"uri":"https://ws.parlament.ch/OData.svc/Transcript(ID=183561L,Language='DE')/Subjects"}},"MembersCouncil":{"__deferred":{"uri":"https://ws.parlament.ch/OData.svc/Transcript(ID=183561L,Language='DE')/MembersCouncil"}},"Businesses":{"__deferred":{"uri":"https://ws.parlament.ch/OData.svc/Transcript(ID=183561L,Language='DE')/Businesses"}},"ID":"183561","Language":"DE","IdSubject":"34210","VoteId":null,"PersonNumber":806,"Type":1,"Text":"<pd_text><p><i>Der Petition wird keine Folge gegeben</i></p>\n<p><i>Il n'est pas donn\u00e9 suite \u00e0 la p\u00e9tition</i></p>\n</pd_text>","MeetingCouncilAbbreviation":"N","MeetingDate":"20130927","MeetingVerbalixOid":2382,"IdSession":"4910","SpeakerFirstName":"Maya","SpeakerLastName":"Graf","SpeakerFullName":"Graf Maya","SpeakerFunction":"P-F","CouncilId":1,"CouncilName":"Nationalrat","CantonId":13,"CantonName":"Basel-Landschaft","CantonAbbreviation":"BL","ParlGroupName":"Gr\u00fcne Fraktion","ParlGroupAbbreviation":"G","SortOrder":1,"Start":"\/Date(1380269916907)\/","End":"\/Date(1380269955763)\/","Function":"P-F","DisplaySpeaker":false,"LanguageOfText":null,"Modified":"\/Date(1774877561703)\/","StartTimeWithTimezone":"\/Date(1380269916907+0120)\/","EndTimeWithTimezone":"\/Date(1380269955763+0120)\/","VoteBusinessNumber":null,"VoteBusinessShortNumber":null,"VoteBusinessTitle":null}]},"ID":"34210","Language":"DE","IdMeeting":"1964","VerbalixOid":423512,"SortOrder":19,"Modified":"\/Date(1774877561699)\/"}}