{"d":{"__metadata":{"id":"https://ws.parlament.ch/OData.svc/Subject(ID=34547L,Language='DE')","uri":"https://ws.parlament.ch/OData.svc/Subject(ID=34547L,Language='DE')","type":"itsystems.Pd.DataServices.DataModel.Subject"},"Meetings":{"__metadata":{"id":"https://ws.parlament.ch/OData.svc/Meeting(ID=1969L,Language='DE')","uri":"https://ws.parlament.ch/OData.svc/Meeting(ID=1969L,Language='DE')","type":"itsystems.Pd.DataServices.DataModel.Meeting"},"Sessions":{"__deferred":{"uri":"https://ws.parlament.ch/OData.svc/Meeting(ID=1969L,Language='DE')/Sessions"}},"Subjects":{"__deferred":{"uri":"https://ws.parlament.ch/OData.svc/Meeting(ID=1969L,Language='DE')/Subjects"}},"ID":"1969","Language":"DE","MeetingNumber":5,"IdSession":4919,"SessionNumber":19,"SessionName":"Sommersession 2015","Council":1,"CouncilName":"Nationalrat","CouncilAbbreviation":"NR","Date":"\/Date(1433376000000)\/","Begin":"0800","Modified":"\/Date(1447070457863)\/","LegislativePeriodNumber":49,"PublicationStatus":"final","MeetingOrderText":"F\u00fcnfte Sitzung","SortOrder":5,"Location":"N"},"SubjectsBusiness":{"results":[{"__metadata":{"id":"https://ws.parlament.ch/OData.svc/SubjectBusiness(BusinessNumber=20153005,IdSubject=34547L,Language='DE')","uri":"https://ws.parlament.ch/OData.svc/SubjectBusiness(BusinessNumber=20153005,IdSubject=34547L,Language='DE')","type":"itsystems.Pd.DataServices.DataModel.SubjectBusiness"},"Subjects":{"__deferred":{"uri":"https://ws.parlament.ch/OData.svc/SubjectBusiness(BusinessNumber=20153005,IdSubject=34547L,Language='DE')/Subjects"}},"Businesses":{"__deferred":{"uri":"https://ws.parlament.ch/OData.svc/SubjectBusiness(BusinessNumber=20153005,IdSubject=34547L,Language='DE')/Businesses"}},"IdSubject":"34547","BusinessNumber":20153005,"Language":"DE","BusinessShortNumber":"15.3005","Title":"Protokollf\u00fchrung im Bundesrat","SortOrder":1,"PublishedNotes":null,"Modified":"\/Date(1447069671466)\/","TitleDE":"Motion GPK-NR.\nProtokollf\u00fchrung\nim Bundesrat","TitleFR":"Motion CdG-CN.\nTenue des proc\u00e8s-verbaux\nau sein du Conseil f\u00e9d\u00e9ral","TitleIT":null}]},"Transcripts":{"results":[{"__metadata":{"id":"https://ws.parlament.ch/OData.svc/Transcript(ID=184214L,Language='DE')","uri":"https://ws.parlament.ch/OData.svc/Transcript(ID=184214L,Language='DE')","type":"itsystems.Pd.DataServices.DataModel.Transcript"},"Subjects":{"__deferred":{"uri":"https://ws.parlament.ch/OData.svc/Transcript(ID=184214L,Language='DE')/Subjects"}},"MembersCouncil":{"__deferred":{"uri":"https://ws.parlament.ch/OData.svc/Transcript(ID=184214L,Language='DE')/MembersCouncil"}},"Businesses":{"__deferred":{"uri":"https://ws.parlament.ch/OData.svc/Transcript(ID=184214L,Language='DE')/Businesses"}},"ID":"184214","Language":"DE","IdSubject":"34547","VoteId":"11937","PersonNumber":null,"Type":2,"Text":"<pd_text><p><i>Ziff. 1 - Ch. 1</i></p>\n<p><i>Angenommen - Adopt\u00e9</i></p>\n<p>[VS]</p>\n<p><i>Ziff. 2 - Ch. 2</i></p>\n<p>[VS]</p>\n<p><i>Abstimmung - Vote</i></p>\n<p>[NAM]</p>\n<p>F\u00fcr Annahme der Motion ... 128 Stimmen</p>\n<p>Dagegen ... 45 Stimmen</p>\n<p>(1 Enthaltung)</p>\n</pd_text>","MeetingCouncilAbbreviation":"N","MeetingDate":"20150604","MeetingVerbalixOid":2608,"IdSession":"4919","SpeakerFirstName":null,"SpeakerLastName":null,"SpeakerFullName":"","SpeakerFunction":null,"CouncilId":null,"CouncilName":null,"CantonId":null,"CantonName":null,"CantonAbbreviation":null,"ParlGroupName":null,"ParlGroupAbbreviation":null,"SortOrder":9,"Start":"\/Date(1433406617481)\/","End":"\/Date(1433406815417)\/","Function":null,"DisplaySpeaker":null,"LanguageOfText":null,"Modified":"\/Date(1774877434818)\/","StartTimeWithTimezone":"\/Date(1433406617480+0120)\/","EndTimeWithTimezone":"\/Date(1433406815417+0120)\/","VoteBusinessNumber":20153005,"VoteBusinessShortNumber":"15.3005","VoteBusinessTitle":"Motion GPK-NR.\nProtokollf\u00fchrung\nim Bundesrat"},{"__metadata":{"id":"https://ws.parlament.ch/OData.svc/Transcript(ID=184215L,Language='DE')","uri":"https://ws.parlament.ch/OData.svc/Transcript(ID=184215L,Language='DE')","type":"itsystems.Pd.DataServices.DataModel.Transcript"},"Subjects":{"__deferred":{"uri":"https://ws.parlament.ch/OData.svc/Transcript(ID=184215L,Language='DE')/Subjects"}},"MembersCouncil":{"__deferred":{"uri":"https://ws.parlament.ch/OData.svc/Transcript(ID=184215L,Language='DE')/MembersCouncil"}},"Businesses":{"__deferred":{"uri":"https://ws.parlament.ch/OData.svc/Transcript(ID=184215L,Language='DE')/Businesses"}},"ID":"184215","Language":"DE","IdSubject":"34547","VoteId":null,"PersonNumber":1310,"Type":1,"Text":"<pd_text><p>Weil es nat\u00fcrlich schwierig ist, wenn es \u00f6ffentlich wird. Dann gibt es Druck auf die Mitglieder des Bundesrates. Wichtig ist ja, dass die Mitglieder des Bundesrates in der Diskussion frei sind, dass sie einander vielleicht auch einmal entgegenkommen k\u00f6nnen. Im Bundesrat sind durch die sieben Mitglieder jetzt f\u00fcnf verschiedene Parteien vertreten. Da muss eine freie Diskussion m\u00f6glich sein. Sobald wir detaillierte Protokolle haben, wird das schwieriger. </p>\n</pd_text>","MeetingCouncilAbbreviation":"N","MeetingDate":"20150604","MeetingVerbalixOid":2608,"IdSession":"4919","SpeakerFirstName":"Corina","SpeakerLastName":"Casanova","SpeakerFullName":"Casanova Corina","SpeakerFunction":"BK-F","CouncilId":98,"CouncilName":"","CantonId":18,"CantonName":"Graub\u00fcnden","CantonAbbreviation":"GR","ParlGroupName":null,"ParlGroupAbbreviation":null,"SortOrder":8,"Start":"\/Date(1433406584840)\/","End":"\/Date(1433406617481)\/","Function":"BK-F","DisplaySpeaker":true,"LanguageOfText":"DE","Modified":"\/Date(1774877434815)\/","StartTimeWithTimezone":"\/Date(1433406584840+0120)\/","EndTimeWithTimezone":"\/Date(1433406617480+0120)\/","VoteBusinessNumber":null,"VoteBusinessShortNumber":null,"VoteBusinessTitle":null},{"__metadata":{"id":"https://ws.parlament.ch/OData.svc/Transcript(ID=184216L,Language='DE')","uri":"https://ws.parlament.ch/OData.svc/Transcript(ID=184216L,Language='DE')","type":"itsystems.Pd.DataServices.DataModel.Transcript"},"Subjects":{"__deferred":{"uri":"https://ws.parlament.ch/OData.svc/Transcript(ID=184216L,Language='DE')/Subjects"}},"MembersCouncil":{"__deferred":{"uri":"https://ws.parlament.ch/OData.svc/Transcript(ID=184216L,Language='DE')/MembersCouncil"}},"Businesses":{"__deferred":{"uri":"https://ws.parlament.ch/OData.svc/Transcript(ID=184216L,Language='DE')/Businesses"}},"ID":"184216","Language":"DE","IdSubject":"34547","VoteId":null,"PersonNumber":4075,"Type":1,"Text":"<pd_text><p>Gesch\u00e4tzte Frau Bundeskanzlerin, Sie f\u00fchren als Argument gegen diese Reform ins Feld, dass die Vertraulichkeit und die freie Diskussion im Bundesrat gew\u00e4hrleistet sein m\u00fcssen. Aber weshalb soll dann mit einer genaueren Protokollierung die vertrauliche und freie Debatte im Bundesrat weniger oder gar nicht mehr m\u00f6glich sein? Weshalb bef\u00fcrchten Sie, dass bei einem besseren Protokoll keine freie und vertrauliche Debatte im Bundesrat mehr m\u00f6glich sein soll?</p>\n</pd_text>","MeetingCouncilAbbreviation":"N","MeetingDate":"20150604","MeetingVerbalixOid":2608,"IdSession":"4919","SpeakerFirstName":"Andrea","SpeakerLastName":"Caroni","SpeakerFullName":"Caroni Andrea","SpeakerFunction":"Mit-M","CouncilId":1,"CouncilName":"Nationalrat","CantonId":15,"CantonName":"Appenzell A.-Rh.","CantonAbbreviation":"AR","ParlGroupName":"FDP-Liberale Fraktion","ParlGroupAbbreviation":"RL","SortOrder":7,"Start":"\/Date(1433406549841)\/","End":"\/Date(1433406571616)\/","Function":"Mit-M","DisplaySpeaker":true,"LanguageOfText":"DE","Modified":"\/Date(1774877434813)\/","StartTimeWithTimezone":"\/Date(1433406549840+0120)\/","EndTimeWithTimezone":"\/Date(1433406571617+0120)\/","VoteBusinessNumber":null,"VoteBusinessShortNumber":null,"VoteBusinessTitle":null},{"__metadata":{"id":"https://ws.parlament.ch/OData.svc/Transcript(ID=184217L,Language='DE')","uri":"https://ws.parlament.ch/OData.svc/Transcript(ID=184217L,Language='DE')","type":"itsystems.Pd.DataServices.DataModel.Transcript"},"Subjects":{"__deferred":{"uri":"https://ws.parlament.ch/OData.svc/Transcript(ID=184217L,Language='DE')/Subjects"}},"MembersCouncil":{"__deferred":{"uri":"https://ws.parlament.ch/OData.svc/Transcript(ID=184217L,Language='DE')/MembersCouncil"}},"Businesses":{"__deferred":{"uri":"https://ws.parlament.ch/OData.svc/Transcript(ID=184217L,Language='DE')/Businesses"}},"ID":"184217","Language":"DE","IdSubject":"34547","VoteId":null,"PersonNumber":1310,"Type":1,"Text":"<pd_text><p>Das ist er, weil die haupts\u00e4chlichen Argumente im Protokoll ja wiedergegeben werden. Das Protokoll ist eine Synthese der Diskussion, die im Bundesrat stattgefunden hat. Es gibt ja ein Mitberichtsverfahren mit den Gegenantr\u00e4gen der anderen Mitglieder des Bundesrates oder der Bundeskanzlerin, und es gibt Stellungnahmen - Replik und Duplik. Sehr vieles ist also nachvollziehbar, denn das Protokoll enth\u00e4lt die haupts\u00e4chlichen Argumente der Diskussion.</p>\n</pd_text>","MeetingCouncilAbbreviation":"N","MeetingDate":"20150604","MeetingVerbalixOid":2608,"IdSession":"4919","SpeakerFirstName":"Corina","SpeakerLastName":"Casanova","SpeakerFullName":"Casanova Corina","SpeakerFunction":"BK-F","CouncilId":98,"CouncilName":"","CantonId":18,"CantonName":"Graub\u00fcnden","CantonAbbreviation":"GR","ParlGroupName":null,"ParlGroupAbbreviation":null,"SortOrder":6,"Start":"\/Date(1433406514752)\/","End":"\/Date(1433406549841)\/","Function":"BK-F","DisplaySpeaker":true,"LanguageOfText":"DE","Modified":"\/Date(1774877434812)\/","StartTimeWithTimezone":"\/Date(1433406514753+0120)\/","EndTimeWithTimezone":"\/Date(1433406549840+0120)\/","VoteBusinessNumber":null,"VoteBusinessShortNumber":null,"VoteBusinessTitle":null},{"__metadata":{"id":"https://ws.parlament.ch/OData.svc/Transcript(ID=184218L,Language='DE')","uri":"https://ws.parlament.ch/OData.svc/Transcript(ID=184218L,Language='DE')","type":"itsystems.Pd.DataServices.DataModel.Transcript"},"Subjects":{"__deferred":{"uri":"https://ws.parlament.ch/OData.svc/Transcript(ID=184218L,Language='DE')/Subjects"}},"MembersCouncil":{"__deferred":{"uri":"https://ws.parlament.ch/OData.svc/Transcript(ID=184218L,Language='DE')/MembersCouncil"}},"Businesses":{"__deferred":{"uri":"https://ws.parlament.ch/OData.svc/Transcript(ID=184218L,Language='DE')/Businesses"}},"ID":"184218","Language":"DE","IdSubject":"34547","VoteId":null,"PersonNumber":1159,"Type":1,"Text":"<pd_text><p>Frau Bundeskanzlerin, ist es f\u00fcr den Bundesrat nicht wichtig, dass auch ein Kompromiss im Nachhinein klar nachvollziehbar ist?</p>\n</pd_text>","MeetingCouncilAbbreviation":"N","MeetingDate":"20150604","MeetingVerbalixOid":2608,"IdSession":"4919","SpeakerFirstName":"Pirmin","SpeakerLastName":"Schwander","SpeakerFullName":"Schwander Pirmin","SpeakerFunction":"Mit-M","CouncilId":1,"CouncilName":"Nationalrat","CantonId":5,"CantonName":"Schwyz","CantonAbbreviation":"SZ","ParlGroupName":"Fraktion der Schweizerischen Volkspartei","ParlGroupAbbreviation":"V","SortOrder":5,"Start":"\/Date(1433406502928)\/","End":"\/Date(1433406514752)\/","Function":"Mit-M","DisplaySpeaker":true,"LanguageOfText":"DE","Modified":"\/Date(1774877434810)\/","StartTimeWithTimezone":"\/Date(1433406502927+0120)\/","EndTimeWithTimezone":"\/Date(1433406514753+0120)\/","VoteBusinessNumber":null,"VoteBusinessShortNumber":null,"VoteBusinessTitle":null},{"__metadata":{"id":"https://ws.parlament.ch/OData.svc/Transcript(ID=184219L,Language='DE')","uri":"https://ws.parlament.ch/OData.svc/Transcript(ID=184219L,Language='DE')","type":"itsystems.Pd.DataServices.DataModel.Transcript"},"Subjects":{"__deferred":{"uri":"https://ws.parlament.ch/OData.svc/Transcript(ID=184219L,Language='DE')/Subjects"}},"MembersCouncil":{"__deferred":{"uri":"https://ws.parlament.ch/OData.svc/Transcript(ID=184219L,Language='DE')/MembersCouncil"}},"Businesses":{"__deferred":{"uri":"https://ws.parlament.ch/OData.svc/Transcript(ID=184219L,Language='DE')/Businesses"}},"ID":"184219","Language":"DE","IdSubject":"34547","VoteId":null,"PersonNumber":1310,"Type":1,"Text":"<pd_text><p>Das wird jetzt eigentlich schon gemacht. Dargestellt werden vor allem die Argumentationslinien, es wird aufgezeigt, welche haupts\u00e4chlichen Argumente in der Diskussion gefallen sind, ohne die einzelnen Wortmeldungen der Mitglieder des Bundesrates [PAGE 875] festzuhalten. Ich bin nicht sicher, ob hier Stichworte mehr Aufschluss geben w\u00fcrden.</p>\n</pd_text>","MeetingCouncilAbbreviation":"N","MeetingDate":"20150604","MeetingVerbalixOid":2608,"IdSession":"4919","SpeakerFirstName":"Corina","SpeakerLastName":"Casanova","SpeakerFullName":"Casanova Corina","SpeakerFunction":"BK-F","CouncilId":98,"CouncilName":"","CantonId":18,"CantonName":"Graub\u00fcnden","CantonAbbreviation":"GR","ParlGroupName":null,"ParlGroupAbbreviation":null,"SortOrder":4,"Start":"\/Date(1433406473552)\/","End":"\/Date(1433406502928)\/","Function":"BK-F","DisplaySpeaker":true,"LanguageOfText":"DE","Modified":"\/Date(1774877434809)\/","StartTimeWithTimezone":"\/Date(1433406473553+0120)\/","EndTimeWithTimezone":"\/Date(1433406502927+0120)\/","VoteBusinessNumber":null,"VoteBusinessShortNumber":null,"VoteBusinessTitle":null},{"__metadata":{"id":"https://ws.parlament.ch/OData.svc/Transcript(ID=184220L,Language='DE')","uri":"https://ws.parlament.ch/OData.svc/Transcript(ID=184220L,Language='DE')","type":"itsystems.Pd.DataServices.DataModel.Transcript"},"Subjects":{"__deferred":{"uri":"https://ws.parlament.ch/OData.svc/Transcript(ID=184220L,Language='DE')/Subjects"}},"MembersCouncil":{"__deferred":{"uri":"https://ws.parlament.ch/OData.svc/Transcript(ID=184220L,Language='DE')/MembersCouncil"}},"Businesses":{"__deferred":{"uri":"https://ws.parlament.ch/OData.svc/Transcript(ID=184220L,Language='DE')/Businesses"}},"ID":"184220","Language":"DE","IdSubject":"34547","VoteId":null,"PersonNumber":4069,"Type":1,"Text":"<pd_text><p>Liebe Frau Bundeskanzlerin, ich h\u00e4tte eine Frage: Da der Bundesrat eine Kollegialbeh\u00f6rde ist, habe ich volles Verst\u00e4ndnis daf\u00fcr, dass die Beratungen deshalb geheim sind und der Bundesrat geschlossen gegen aussen auftritt. Entsprechend sollen auch die Protokolle verfasst sein, die ja in den Umlauf kommen und unter anderem als Arbeitspapiere gelten. K\u00f6nnten Sie sich aber nicht vorstellen, dass Sie parallel dazu eine Art Stichwortprotokoll machen, damit der Ablauf ersichtlich ist? Das w\u00e4re sehr wichtig in F\u00e4llen wie beispielsweise der Insieme-Projekte: Bei einer allf\u00e4lligen Untersuchung eines solchen Falles w\u00e4re f\u00fcr die Untersuchungsgruppe wirklich nachvollziehbar, wie der Bundesrat zu seinen Entscheidungen gekommen ist. Aufgrund von Erw\u00e4gungen und Zusammenz\u00fcgen ist das leider nicht m\u00f6glich.</p>\n</pd_text>","MeetingCouncilAbbreviation":"N","MeetingDate":"20150604","MeetingVerbalixOid":2608,"IdSession":"4919","SpeakerFirstName":"Yvonne","SpeakerLastName":"Feri","SpeakerFullName":"Feri Yvonne","SpeakerFunction":"Mit-F","CouncilId":1,"CouncilName":"Nationalrat","CantonId":19,"CantonName":"Aargau","CantonAbbreviation":"AG","ParlGroupName":"Sozialdemokratische Fraktion","ParlGroupAbbreviation":"S","SortOrder":3,"Start":"\/Date(1433406409521)\/","End":"\/Date(1433406473552)\/","Function":"Mit-F","DisplaySpeaker":true,"LanguageOfText":"DE","Modified":"\/Date(1774877434808)\/","StartTimeWithTimezone":"\/Date(1433406409520+0120)\/","EndTimeWithTimezone":"\/Date(1433406473553+0120)\/","VoteBusinessNumber":null,"VoteBusinessShortNumber":null,"VoteBusinessTitle":null},{"__metadata":{"id":"https://ws.parlament.ch/OData.svc/Transcript(ID=184221L,Language='DE')","uri":"https://ws.parlament.ch/OData.svc/Transcript(ID=184221L,Language='DE')","type":"itsystems.Pd.DataServices.DataModel.Transcript"},"Subjects":{"__deferred":{"uri":"https://ws.parlament.ch/OData.svc/Transcript(ID=184221L,Language='DE')/Subjects"}},"MembersCouncil":{"__deferred":{"uri":"https://ws.parlament.ch/OData.svc/Transcript(ID=184221L,Language='DE')/MembersCouncil"}},"Businesses":{"__deferred":{"uri":"https://ws.parlament.ch/OData.svc/Transcript(ID=184221L,Language='DE')/Businesses"}},"ID":"184221","Language":"DE","IdSubject":"34547","VoteId":null,"PersonNumber":1310,"Type":1,"Text":"<pd_text><p>Die Sitzungen des Bundesrates werden protokolliert. Aber zu detaillierte Protokolle sind in unserem System nicht angebracht. Die Grundlagen sind bekannt, und auch der Entscheid ist bekannt. Der Bundesrat muss frei diskutieren k\u00f6nnen. Es muss m\u00f6glich sein, in der Sitzung Kompromisse zu schliessen. Der Bundesrat muss ohne Druck von aussen entscheiden k\u00f6nnen. Das ist Ausfluss des Kollegialprinzips.</p>\n<p>Artikel 13 Absatz 3 des Regierungs- und Verwaltungsorganisationsgesetzes ist am 1. Januar 2014 in Kraft getreten: \"Der wesentliche Inhalt der Verhandlungen und die Beschl\u00fcsse des Bundesrates werden durchgehend schriftlich festgehalten.\" In seiner Organisationsverordnung hat der Bundesrat dies auch noch pr\u00e4zisiert. Der Bundesrat entscheidet aufgrund von schriftlichen Antr\u00e4gen oder Aussprachepapieren. Das Mitberichtsverfahren gibt den Mitgliedern des Bundesrates und der Bundeskanzlei die M\u00f6glichkeit, schriftlich Gegenantr\u00e4ge bzw. Stellungnahmen einzureichen. Die Bundesratsbeschl\u00fcsse halten im Einzelnen fest, was der Bundesrat zu jedem Gesch\u00e4ft beschlossen hat. Die Entscheidfindung im Bundesrat ist somit transparent und kann nachvollzogen werden. Die Protokolle werden vom Bundesrat an der darauffolgenden Sitzung genehmigt; allf\u00e4llige Korrekturen k\u00f6nnen vorgenommen werden, womit die Protokolle alles festhalten k\u00f6nnen.</p>\n<p>Keine Regierung macht so detaillierte Protokolle, wie in der Motion verlangt wird, weder im Ausland noch in den Kantonen. Die Diskussionen werden auch nicht aufgezeichnet. Die Bundesratssitzungen sind auch nicht mit Kommissionssitzungen zu vergleichen, denn die Kommissionen sind nicht zur Kollegialit\u00e4t verpflichtet; dort gibt es Mehrheits- und Minderheitsmeinungen. Der Bundesrat ist oberste leitende und vollziehende Beh\u00f6rde des Bundes, das heisst, er muss f\u00fchren und entscheiden k\u00f6nnen, um zu regieren. Daf\u00fcr braucht er gewisse Rahmenbedingungen, die ihm das auch erlauben. Wichtig ist, dass er auch Kompromisse schliessen kann. Wichtig sind mehrheitsf\u00e4hige L\u00f6sungen. Die Entscheide sind ja bekannt. F\u00fcr die Oberaufsicht ist es auch nicht wesentlich, die einzelnen Meinungen der Mitglieder des Bundesrates zu kennen. Wichtig ist, dass aus den Protokollen die Argumente hervorgehen; das ist so auch gew\u00e4hrleistet. Wichtig ist ja auch, dass wir ein schriftliches Verfahren haben, dank welchem die Antr\u00e4ge, die Gegenantr\u00e4ge und dann auch die Bundesratsbeschl\u00fcsse, die den Entscheid festhalten, bekannt sind.</p>\n<p>Der Bundesrat beantragt Ihnen, Ziffer 1 anzunehmen, weil die Protokollierung immer verbessert werden kann, aber Ziffer 2 abzulehnen.</p>\n</pd_text>","MeetingCouncilAbbreviation":"N","MeetingDate":"20150604","MeetingVerbalixOid":2608,"IdSession":"4919","SpeakerFirstName":"Corina","SpeakerLastName":"Casanova","SpeakerFullName":"Casanova Corina","SpeakerFunction":"BK-F","CouncilId":98,"CouncilName":"","CantonId":18,"CantonName":"Graub\u00fcnden","CantonAbbreviation":"GR","ParlGroupName":null,"ParlGroupAbbreviation":null,"SortOrder":2,"Start":"\/Date(1433406217840)\/","End":"\/Date(1433406409521)\/","Function":"BK-F","DisplaySpeaker":true,"LanguageOfText":"DE","Modified":"\/Date(1774877434806)\/","StartTimeWithTimezone":"\/Date(1433406217840+0120)\/","EndTimeWithTimezone":"\/Date(1433406409520+0120)\/","VoteBusinessNumber":null,"VoteBusinessShortNumber":null,"VoteBusinessTitle":null},{"__metadata":{"id":"https://ws.parlament.ch/OData.svc/Transcript(ID=184222L,Language='DE')","uri":"https://ws.parlament.ch/OData.svc/Transcript(ID=184222L,Language='DE')","type":"itsystems.Pd.DataServices.DataModel.Transcript"},"Subjects":{"__deferred":{"uri":"https://ws.parlament.ch/OData.svc/Transcript(ID=184222L,Language='DE')/Subjects"}},"MembersCouncil":{"__deferred":{"uri":"https://ws.parlament.ch/OData.svc/Transcript(ID=184222L,Language='DE')/MembersCouncil"}},"Businesses":{"__deferred":{"uri":"https://ws.parlament.ch/OData.svc/Transcript(ID=184222L,Language='DE')/Businesses"}},"ID":"184222","Language":"DE","IdSubject":"34547","VoteId":null,"PersonNumber":478,"Type":1,"Text":"<pd_text><p>Bereits 2010 kritisierte die GPK im Rahmen der Inspektion betreffend Finanzkrise die Protokollf\u00fchrung des Bundesrates. Damals musste festgestellt werden, dass die Beratungen von wichtigen Gesch\u00e4ften zum Teil bewusst nicht protokolliert worden waren. Als Folge davon beantragten die GPK mit zwei Motionen (10.3392, 10.3631) eine Verbesserung. </p>\n<p>Am 1. Januar 2011 f\u00fchrte der Bundesrat mit dem sogenannten erweiterten Beschlussprotokoll ein neues Protokollierungssystem ein, und in einem Bericht vom Juli 2011 stellte die GPK fest, dass mit der neuen Protokollierung der Informationsgehalt der Aufzeichnungen nicht besser, sondern reduziert worden war. Diese Mangelsituation hat sich zum Beispiel im Fall des vorzeitigen R\u00fccktritts des damaligen Pr\u00e4sidenten der Schweizerischen Nationalbank im Jahr 2012 best\u00e4tigt, als die Bundeskanzlei im Auftrag des Bundesrates, nachtr\u00e4glich und gest\u00fctzt auf Handnotizen, ausserhalb des Protokolls separat eine Chronologie erstellen musste. Auch die GPDel best\u00e4tigte, dass die erweiterten Beschlussprotokolle teilweise fehlerhaft und l\u00fcckenhaft sind und wenig Inhalt vermitteln.</p>\n<p>Erneut auf Antrag der GPK beschlossen die R\u00e4te im September 2012, die Protokollf\u00fchrung zu verbessern. Zu diesem Zweck wurde in Artikel 13 Absatz 3 des Regierungs- und Verwaltungsorganisationsgesetzes (RVOG) ein Zusatz eingef\u00fcgt mit folgendem Wortlaut: \"Der wesentliche Inhalt der Verhandlungen und die Beschl\u00fcsse des Bundesrates werden durchgehend schriftlich festgehalten. Das Bundesratsprotokoll gew\u00e4hrleistet deren Nachvollziehbarkeit; es dient dem Bundesrat als F\u00fchrungsinstrument.\"</p>\n<p>Im Rahmen der umfangreichen Untersuchungen zu Insieme musste festgestellt werden, dass die Bundesratsprotokolle den neuen gesetzlichen Anforderungen noch nicht gen\u00fcgen. Deshalb haben die beiden Aufsichtskommissionen im St\u00e4nderat und im Nationalrat gleichzeitig die vorliegende gleichlautende Motion eingereicht. In Ziffer 1 dieser Motion wird verlangt, dass der Bundesrat den gesetzlichen Vorschriften betreffend Protokollf\u00fchrung jetzt definitiv nachkommt. Der Bundesrat ist bereit, Ziffer 1 der Motion anzunehmen. Damit anerkennt er auch, dass die bisherige Protokollf\u00fchrung zum Teil mangelhaft war und noch Verbesserungsm\u00f6glichkeiten bestehen. Dass der Bundesrat dies in Zukunft ber\u00fccksichtigen will, ist positiv zu w\u00fcrdigen.</p>\n<p>In Ziffer 2 der Motion wird der Bundesrat beauftragt, den eidgen\u00f6ssischen R\u00e4ten eine Anpassung von Artikel 18 RVOG vorzuschlagen, sodass er f\u00fcr die Protokollierung der Bundesratssitzungen ein eigenes Protokollf\u00fchrungsteam beiziehen kann. Leider lehnt der Bundesrat Ziffer 2 ab. Er begr\u00fcndet dies mit dem Schutz der Vertraulichkeit der Verhandlungen. Betreffend Vertraulichkeit besteht bei Bundesratssitzungen eine \u00e4hnliche Situation wie bei vertraulichen Sitzungen eines Gemeinde- oder eines Regierungsrates, bei denen auch Protokollf\u00fchrer beigezogen werden k\u00f6nnen.</p>\n<p>Die Motion fordert eine Kann-Bestimmung. Der Bundesrat h\u00e4tte also die M\u00f6glichkeit, zur Entlastung der Vizekanzler eine oder zwei protokollf\u00fchrende Personen beizuziehen. Dass diese vorg\u00e4ngig einer umfassenden Sicherheitspr\u00fcfung unterzogen w\u00fcrden, ist selbstverst\u00e4ndlich. Mit Ziffer 2 sollen die gesetzlichen Grundlagen und die personellen Ressourcen geschaffen werden, die es braucht, damit Ziffer 1 umgesetzt werden kann.</p>\n<p>Im Namen der Gesch\u00e4ftspr\u00fcfungskommission unseres Rates, die einstimmig entschieden hat, bitte ich Sie, die Ziffern 1 und 2 der Motion anzunehmen, wie es der St\u00e4nderat bereits getan hat.</p>\n</pd_text>","MeetingCouncilAbbreviation":"N","MeetingDate":"20150604","MeetingVerbalixOid":2608,"IdSession":"4919","SpeakerFirstName":"Rudolf","SpeakerLastName":"Joder","SpeakerFullName":"Joder Rudolf","SpeakerFunction":"Mit-M","CouncilId":1,"CouncilName":"Nationalrat","CantonId":2,"CantonName":"Bern","CantonAbbreviation":"BE","ParlGroupName":"Fraktion der Schweizerischen Volkspartei","ParlGroupAbbreviation":"V","SortOrder":1,"Start":"\/Date(1433405901220)\/","End":"\/Date(1433406217840)\/","Function":"*","DisplaySpeaker":true,"LanguageOfText":"DE","Modified":"\/Date(1774877434803)\/","StartTimeWithTimezone":"\/Date(1433405901220+0120)\/","EndTimeWithTimezone":"\/Date(1433406217840+0120)\/","VoteBusinessNumber":null,"VoteBusinessShortNumber":null,"VoteBusinessTitle":null}]},"ID":"34547","Language":"DE","IdMeeting":"1969","VerbalixOid":465900,"SortOrder":2,"Modified":"\/Date(1774877434798)\/"}}